{"id":103746,"date":"2023-03-16T16:27:41","date_gmt":"2023-03-16T22:27:41","guid":{"rendered":"https:\/\/lospoliticosveracruz.com.mx\/?p=103746"},"modified":"2023-03-16T16:27:46","modified_gmt":"2023-03-16T22:27:46","slug":"las-deficiencias-de-la-seguridad-publica","status":"publish","type":"post","link":"https:\/\/lospoliticosveracruz.com\/?p=103746","title":{"rendered":"LAS DEFICIENCIAS DE LA SEGURIDAD P\u00daBLICA&nbsp;"},"content":{"rendered":"\n<p><strong>Miguel \u00c1ngel G\u00f3mez Ruiz<\/strong><\/p>\n\n\n\n<p><em>Contrapunto<\/em><\/p>\n\n\n\n<p>Habitualmente, el gobernador de Veracruz, Cuitl\u00e1huac Garc\u00eda Jim\u00e9nez, se molesta con aquellos reporteros que cuestionan su actuar ante hechos que no puede negar, mucho menos ocultar.<\/p>\n\n\n<div class=\"wp-block-image\">\n<figure class=\"alignleft size-medium\"><a href=\"https:\/\/lospoliticosveracruz.com.mx\/wp-content\/uploads\/2021\/10\/Zacauilt.jpg\"><img decoding=\"async\" src=\"https:\/\/lospoliticosveracruz.com.mx\/wp-content\/uploads\/2021\/10\/Zacauilt-150x300.jpg\" alt=\"\" class=\"wp-image-80558\"\/><\/a><\/figure>\n<\/div>\n\n\n<p>Siempre fue un defensor de Hugo Guti\u00e9rrez Maldonado, quien fue secretario de Seguridad P\u00fablica (SSP) y que anteriormente, como colaborador de Jaime Rodr\u00edguez \u201cEl Bronco\u201d fue despedido porque simple y llanamente no logr\u00f3 salir adelante en las funciones que le encomendaron.<\/p>\n\n\n\n<p>Aqu\u00ed, aglutin\u00f3 a un buen n\u00famero de elementos, muchos le cuidaban a \u00e9l y a algunos funcionarios, incluido el gobernador, pero los veracruzanos jam\u00e1s se sintieron protegidos. Es m\u00e1s, Guti\u00e9rrez Maldonado encabezaba operativos en zonas distintas, mayormente sin prensa y se dedicaba a capturar a supuestos robacarros y ladronzuelos de poca monta.<\/p>\n\n\n\n<p>El detalle es que pese presumir que ten\u00eda \u00e9xito en lo que emprend\u00eda, muchos de sus elementos continuaron haciendo lo que habitualmente hace un mal polic\u00eda. Deten\u00edan a hombres y mujeres, los revisaban, los golpeaban y hasta llevaban a la c\u00e1rcel y posteriormente, tras presumir los logros, los detenidos dejaban la prisi\u00f3n pues no se aportaban pruebas o bien, realmente eran inocentes.<\/p>\n\n\n\n<p>No se puede olvidar cuando una maestra de una escuela primaria fue asesinada en Xalapa y ocurri\u00f3 uno de los operativos m\u00e1s grandes para dar con los asesinos. Inclusive, en una persecuci\u00f3n que encabezaron sus elementos a punto estuvo de ocurrir una tragedia cuando se encontraron de frente con varios elementos que viajaban en una camioneta sin logotipo. Result\u00f3 que esos elementos eran ministeriales. Se identicaron, pero bien pudo ocurrir una tragedia.<\/p>\n\n\n\n<p>Tambi\u00e9n, en esas fechas, sus elementos, coludidos con polic\u00edas municipales en Xalapa intentaron sacar de su hogar a un joven que hab\u00eda guardado su motocicleta. El joven y la familia se resistieron y los polic\u00edas causaron desmanes, golpearon a las personas que viv\u00edan all\u00ed, pero no lograron su objetivo. el joven se qued\u00f3 en su casa. Todo estuvo mal, pues los polic\u00edas, estatales o municipales no pueden ingresar a un hogar a detener a alguien a menos que lo sorprendan en flagrancia. Es m\u00e1s, ni siquiera pueden hacerlo con una orden emitida por un juez pues eso les corresponde a los elementos de la Polic\u00eda Ministerial.<\/p>\n\n\n\n<p>A partir de all\u00ed, vino la ca\u00edda de Guti\u00e9rrez Maldonado y aumentaron los abusos de los elementos de Seguridad P\u00fablica. Golpean a transe\u00fantes si llevan mochilas o no van bien vestidos seg\u00fan el c\u00f3digo de presentaci\u00f3n de la SSP, golpean a maestras, golpean a motociclistas y en fin, la seguridad en Veracruz es un desastre, pues la poblaci\u00f3n ya no sabe de qui\u00e9n cuidarse, si de los malos o los mismos polic\u00edas.<\/p>\n\n\n\n<p>Los asaltos a tiendas de conveniencia, las extorsiones y los feminicidios van en aumento.<\/p>\n\n\n\n<p>Eso le causa al gobernador mucha molestia y acusa a los reporteros veracruzanos de ser malintencionados. Sus palabras son duras y aplica los mismos calificativos de su maestro, el presidente L\u00f3pez, al grado que una que otra asociaci\u00f3n de periodistas ha solicitado respeto al trabajo que realizan los colegas.<\/p>\n\n\n\n<p>Los gobernantes actuales, desde el presidente, gobernadores y hasta a diputados y Senadores, les provoca mucha molestia que se escriba sobre sus errores y barbajanadas, pero eso no se puede ocultar.<\/p>\n\n\n\n<p>Ya est\u00e1 visto que en Morena tienen la piel delicada, pero es inaudito, cr\u00e9alo, inaudito, que se les proporcione autoridad a muchos que como pol\u00edticos y servidores p\u00fablicos no han hecho nada a favor de la sociedad.<\/p>\n\n\n\n<p>Los casos son muchos, las alcaldesas de distintos lugares del pa\u00eds, entre ellas la de Tijuana, Monserrat Caballero y la de Acapulco, Abelina L\u00f3pez, son una muestra de lo que no debe hacer un partido pol\u00edtico cuando selecciona a sus elementos. Tampoco se entiende c\u00f3mo es que un partido que se dice exitoso, ha elegido a muchos de sus representantes mediante una t\u00f3mbola. Por lo menos deber\u00edan incluir a los mejores perfiles y no a cualquiera.<\/p>\n\n\n\n<p>De hecho, M\u00e9xico vive un momento muy grave en materia de seguridad p\u00fablica. No es por molestar, pero los estados con mayor tasa de criminalidad son: Sonora, Tamaulipas, Michoac\u00e1n, Guerrero, Colima, Baja California, Zacatecas y Guanajuato. \u00c9ste \u00faltimo es gobernado por el PAN, el resto por Morena. As\u00ed.<\/p>\n\n\n\n<p>Volviendo al tema de Veracruz, si realmente se quiere una buena polic\u00eda, se tiene que capacitar a los aspirantes. Pero supongo que cuatro meses no es el tiempo ideal. Quiz\u00e1 un a\u00f1o o dos, pero que se haga un curso completo en manejo de armas, manejo de la ira, se les investigue a fondo y que no se tome en cuenta a personas que hayan delinquido en alguna ocasi\u00f3n, por lo menos.<\/p>\n\n\n\n<p>Dotarlos de uniformes, armamento adecuado, que entreguen informes de sus actividades por semana, que acudan al psic\u00f3logo por lo menos una vez al mes y as\u00ed, se lograr\u00e1 depurar a una corporaci\u00f3n que est\u00e1 para servir a los veracruzanos y no para afectarlos.<\/p>\n\n\n\n<p>Por otra parte, el gobernador Cuitl\u00e1huac Garc\u00eda Jim\u00e9nez puede molestarse lo que quiera, pero no puede callar a la prensa. Hacerlo ser\u00eda aplicar el mismo estilo de su jefe y no, la realidad es que ese tipo de reacciones no los llevar\u00e1 a nada bueno. Cooptar a medios, reprimirlos o llamarles la atenci\u00f3n por sus publicaciones no son gestos de un buen gobierno. Que eso lo aprenda.<\/p>\n\n\n\n<p>Adem\u00e1s, la mayor parte de los reporteros estamos solos y no formamos parte de alguna asociaci\u00f3n period\u00edstica. Muchos se al\u00edan con organizaciones porque en los festejos oficiales reciben regalos o dinero, pero cuando se trata de representar a alg\u00fan compa\u00f1ero afectado se hacen a un lado. Se insiste en la CEAPP, pero all\u00ed tampoco hay mucha solidaridad y encima, la mayor parte de sus miembros forman parte o simpatizan con Morena. Es m\u00e1s, los salarios salen de este gobierno.<\/p>\n\n\n\n<p>En una ocasi\u00f3n, una compa\u00f1era reportera me pregunt\u00f3 sobre qu\u00e9 opinaba sobre las asociaciones de periodistas: \u201cNo creo en ellas, le dije. All\u00ed dentro hay uno que otro buen amigo, pero sus fines son muy contrarios a lo que alguien espera. De hecho, organizaciones como Art\u00edculo 19 o Reporteros sin Fronteras se rasgan las vestiduras cuando algo le ocurre a un reportero. Hemos visto que vienen al estado, se encierran con las autoridades, se arreglan con ellos y se van. As\u00ed de f\u00e1cil\u201d.<\/p>\n\n\n\n<p>La recomendaci\u00f3n para el mandatario, antes que decirle que su trabajo no ha sido bueno, que no da el ancho o que s\u00f3lo trabaja para que su partido se perpet\u00fae en el poder, no va m\u00e1s all\u00e1 que un simple deseo de que gobierne bien y gobierne para todos.<\/p>\n\n\n\n<p>PD Coatepec es un Pueblo M\u00e1gico. Lamentablemente no cuenta con una buena administraci\u00f3n municipal. No es porque el alcalde Raymundo Andrade sea una mala persona. Simplemente no tiene capacidad para llevar a buen puerto la encomienda que sus seguidores le otorgaron con su voto. La ciudad requiere de obra p\u00fablica. Debe tener en cuenta que un Pueblo M\u00e1gico no tiene una extensi\u00f3n de tres cuadras a la redonda de donde trabaja. Las calles cercanas a palacio municipal est\u00e1n sucias, deterioradas. Las colonias de la periferia requieren servicios y no hay respuestas. Adem\u00e1s, no debe olvidar que la m\u00e1xima autoridad es \u00e9l y no el secretario de gobierno, Eric Cisneros.<\/p>\n\n\n\n<p><\/p>\n","protected":false},"excerpt":{"rendered":"<p>Miguel \u00c1ngel G\u00f3mez Ruiz Contrapunto Habitualmente, el gobernador de Veracruz, Cuitl\u00e1huac Garc\u00eda Jim\u00e9nez, se molesta con aquellos reporteros que cuestionan su actuar ante hechos que no puede negar, mucho menos ocultar. Siempre fue un defensor de Hugo Guti\u00e9rrez Maldonado, quien fue secretario de Seguridad P\u00fablica (SSP) y que anteriormente, como colaborador de Jaime Rodr\u00edguez \u201cEl [&hellip;]<\/p>\n","protected":false},"author":2,"featured_media":0,"comment_status":"closed","ping_status":"closed","sticky":false,"template":"","format":"standard","meta":{"tdm_status":"","tdm_grid_status":"","footnotes":""},"categories":[70],"tags":[1563,826,13303,1026,195],"class_list":{"0":"post-103746","1":"post","2":"type-post","3":"status-publish","4":"format-standard","6":"category-de-opinion","7":"tag-cuitlahuac-garcia-jimenez","8":"tag-feminicidios","9":"tag-hugo-gutierrez-maldonado","10":"tag-morena","11":"tag-veracruz"},"yoast_head":"<!-- This site is optimized with the Yoast SEO plugin v27.4 - https:\/\/yoast.com\/product\/yoast-seo-wordpress\/ -->\n<title>LAS DEFICIENCIAS DE LA SEGURIDAD P\u00daBLICA&nbsp; - Los pol\u00edticos Veracruz<\/title>\n<meta name=\"robots\" content=\"index, follow, max-snippet:-1, max-image-preview:large, max-video-preview:-1\" \/>\n<link rel=\"canonical\" href=\"https:\/\/lospoliticosveracruz.com\/?p=103746\" \/>\n<meta property=\"og:locale\" content=\"es_ES\" \/>\n<meta property=\"og:type\" content=\"article\" \/>\n<meta property=\"og:title\" content=\"LAS DEFICIENCIAS DE LA SEGURIDAD P\u00daBLICA&nbsp; - Los pol\u00edticos Veracruz\" \/>\n<meta property=\"og:description\" content=\"Miguel \u00c1ngel G\u00f3mez Ruiz Contrapunto Habitualmente, el gobernador de Veracruz, Cuitl\u00e1huac Garc\u00eda Jim\u00e9nez, se molesta con aquellos reporteros que cuestionan su actuar ante hechos que no puede negar, mucho menos ocultar. Siempre fue un defensor de Hugo Guti\u00e9rrez Maldonado, quien fue secretario de Seguridad P\u00fablica (SSP) y que anteriormente, como colaborador de Jaime Rodr\u00edguez \u201cEl [&hellip;]\" \/>\n<meta property=\"og:url\" content=\"https:\/\/lospoliticosveracruz.com\/?p=103746\" \/>\n<meta property=\"og:site_name\" content=\"Los pol\u00edticos Veracruz\" \/>\n<meta property=\"article:publisher\" content=\"https:\/\/www.facebook.com\/people\/Notimemes-de-los-Polticos\/61565672886568\/\" \/>\n<meta property=\"article:published_time\" content=\"2023-03-16T22:27:41+00:00\" \/>\n<meta property=\"article:modified_time\" content=\"2023-03-16T22:27:46+00:00\" \/>\n<meta property=\"og:image\" content=\"https:\/\/lospoliticosveracruz.com.mx\/wp-content\/uploads\/2021\/10\/Zacauilt-150x300.jpg\" \/>\n<meta name=\"author\" content=\"Lo viste en Los Pol\u00edticos\" \/>\n<meta name=\"twitter:card\" content=\"summary_large_image\" \/>\n<meta name=\"twitter:creator\" content=\"@LosPoliticosVer\" \/>\n<meta name=\"twitter:site\" content=\"@LosPoliticosVer\" \/>\n<meta name=\"twitter:label1\" content=\"Escrito por\" \/>\n\t<meta name=\"twitter:data1\" content=\"Lo viste en Los Pol\u00edticos\" \/>\n\t<meta name=\"twitter:label2\" content=\"Tiempo de lectura\" \/>\n\t<meta name=\"twitter:data2\" content=\"6 minutos\" \/>\n<script type=\"application\/ld+json\" class=\"yoast-schema-graph\">{\"@context\":\"https:\\\/\\\/schema.org\",\"@graph\":[{\"@type\":\"Article\",\"@id\":\"https:\\\/\\\/lospoliticosveracruz.com\\\/?p=103746#article\",\"isPartOf\":{\"@id\":\"https:\\\/\\\/lospoliticosveracruz.com\\\/?p=103746\"},\"author\":{\"name\":\"Lo viste en Los Pol\u00edticos\",\"@id\":\"https:\\\/\\\/lospoliticosveracruz.com\\\/#\\\/schema\\\/person\\\/b8702bb0e538456e6efd07080bf2a4a2\"},\"headline\":\"LAS DEFICIENCIAS DE LA SEGURIDAD P\u00daBLICA&nbsp;\",\"datePublished\":\"2023-03-16T22:27:41+00:00\",\"dateModified\":\"2023-03-16T22:27:46+00:00\",\"mainEntityOfPage\":{\"@id\":\"https:\\\/\\\/lospoliticosveracruz.com\\\/?p=103746\"},\"wordCount\":1284,\"publisher\":{\"@id\":\"https:\\\/\\\/lospoliticosveracruz.com\\\/#organization\"},\"image\":{\"@id\":\"https:\\\/\\\/lospoliticosveracruz.com\\\/?p=103746#primaryimage\"},\"thumbnailUrl\":\"https:\\\/\\\/lospoliticosveracruz.com.mx\\\/wp-content\\\/uploads\\\/2021\\\/10\\\/Zacauilt-150x300.jpg\",\"keywords\":[\"Cuitl\u00e1huac Garc\u00eda Jim\u00e9nez\",\"feminicidios\",\"Hugo Guti\u00e9rrez Maldonado\",\"Morena\",\"Veracruz\"],\"articleSection\":[\"De Opini\u00f3n\"],\"inLanguage\":\"es\"},{\"@type\":\"WebPage\",\"@id\":\"https:\\\/\\\/lospoliticosveracruz.com\\\/?p=103746\",\"url\":\"https:\\\/\\\/lospoliticosveracruz.com\\\/?p=103746\",\"name\":\"LAS DEFICIENCIAS DE LA SEGURIDAD P\u00daBLICA&nbsp; - Los pol\u00edticos Veracruz\",\"isPartOf\":{\"@id\":\"https:\\\/\\\/lospoliticosveracruz.com\\\/#website\"},\"primaryImageOfPage\":{\"@id\":\"https:\\\/\\\/lospoliticosveracruz.com\\\/?p=103746#primaryimage\"},\"image\":{\"@id\":\"https:\\\/\\\/lospoliticosveracruz.com\\\/?p=103746#primaryimage\"},\"thumbnailUrl\":\"https:\\\/\\\/lospoliticosveracruz.com.mx\\\/wp-content\\\/uploads\\\/2021\\\/10\\\/Zacauilt-150x300.jpg\",\"datePublished\":\"2023-03-16T22:27:41+00:00\",\"dateModified\":\"2023-03-16T22:27:46+00:00\",\"breadcrumb\":{\"@id\":\"https:\\\/\\\/lospoliticosveracruz.com\\\/?p=103746#breadcrumb\"},\"inLanguage\":\"es\",\"potentialAction\":[{\"@type\":\"ReadAction\",\"target\":[\"https:\\\/\\\/lospoliticosveracruz.com\\\/?p=103746\"]}]},{\"@type\":\"ImageObject\",\"inLanguage\":\"es\",\"@id\":\"https:\\\/\\\/lospoliticosveracruz.com\\\/?p=103746#primaryimage\",\"url\":\"https:\\\/\\\/lospoliticosveracruz.com.mx\\\/wp-content\\\/uploads\\\/2021\\\/10\\\/Zacauilt-150x300.jpg\",\"contentUrl\":\"https:\\\/\\\/lospoliticosveracruz.com.mx\\\/wp-content\\\/uploads\\\/2021\\\/10\\\/Zacauilt-150x300.jpg\"},{\"@type\":\"BreadcrumbList\",\"@id\":\"https:\\\/\\\/lospoliticosveracruz.com\\\/?p=103746#breadcrumb\",\"itemListElement\":[{\"@type\":\"ListItem\",\"position\":1,\"name\":\"Portada\",\"item\":\"https:\\\/\\\/lospoliticosveracruz.com\\\/\"},{\"@type\":\"ListItem\",\"position\":2,\"name\":\"LAS DEFICIENCIAS DE LA SEGURIDAD P\u00daBLICA&nbsp;\"}]},{\"@type\":\"WebSite\",\"@id\":\"https:\\\/\\\/lospoliticosveracruz.com\\\/#website\",\"url\":\"https:\\\/\\\/lospoliticosveracruz.com\\\/\",\"name\":\"Los pol\u00edticos Veracruz\",\"description\":\"\",\"publisher\":{\"@id\":\"https:\\\/\\\/lospoliticosveracruz.com\\\/#organization\"},\"potentialAction\":[{\"@type\":\"SearchAction\",\"target\":{\"@type\":\"EntryPoint\",\"urlTemplate\":\"https:\\\/\\\/lospoliticosveracruz.com\\\/?s={search_term_string}\"},\"query-input\":{\"@type\":\"PropertyValueSpecification\",\"valueRequired\":true,\"valueName\":\"search_term_string\"}}],\"inLanguage\":\"es\"},{\"@type\":\"Organization\",\"@id\":\"https:\\\/\\\/lospoliticosveracruz.com\\\/#organization\",\"name\":\"Los pol\u00edticos Veracruz\",\"url\":\"https:\\\/\\\/lospoliticosveracruz.com\\\/\",\"logo\":{\"@type\":\"ImageObject\",\"inLanguage\":\"es\",\"@id\":\"https:\\\/\\\/lospoliticosveracruz.com\\\/#\\\/schema\\\/logo\\\/image\\\/\",\"url\":\"https:\\\/\\\/lospoliticosveracruz.com\\\/wp-content\\\/uploads\\\/2025\\\/12\\\/Logo-Nuevo-LOS-POLITICOS-1.jpg\",\"contentUrl\":\"https:\\\/\\\/lospoliticosveracruz.com\\\/wp-content\\\/uploads\\\/2025\\\/12\\\/Logo-Nuevo-LOS-POLITICOS-1.jpg\",\"width\":260,\"height\":70,\"caption\":\"Los pol\u00edticos Veracruz\"},\"image\":{\"@id\":\"https:\\\/\\\/lospoliticosveracruz.com\\\/#\\\/schema\\\/logo\\\/image\\\/\"},\"sameAs\":[\"https:\\\/\\\/www.facebook.com\\\/people\\\/Notimemes-de-los-Polticos\\\/61565672886568\\\/\",\"https:\\\/\\\/x.com\\\/LosPoliticosVer\"]},{\"@type\":\"Person\",\"@id\":\"https:\\\/\\\/lospoliticosveracruz.com\\\/#\\\/schema\\\/person\\\/b8702bb0e538456e6efd07080bf2a4a2\",\"name\":\"Lo viste en Los Pol\u00edticos\",\"image\":{\"@type\":\"ImageObject\",\"inLanguage\":\"es\",\"@id\":\"https:\\\/\\\/secure.gravatar.com\\\/avatar\\\/3a8de04a2656d44082be478bd6c086daa447c4651605818287b9532d3d0bd435?s=96&d=mm&r=g\",\"url\":\"https:\\\/\\\/secure.gravatar.com\\\/avatar\\\/3a8de04a2656d44082be478bd6c086daa447c4651605818287b9532d3d0bd435?s=96&d=mm&r=g\",\"contentUrl\":\"https:\\\/\\\/secure.gravatar.com\\\/avatar\\\/3a8de04a2656d44082be478bd6c086daa447c4651605818287b9532d3d0bd435?s=96&d=mm&r=g\",\"caption\":\"Lo viste en Los Pol\u00edticos\"},\"url\":\"https:\\\/\\\/lospoliticosveracruz.com\\\/?author=2\"}]}<\/script>\n<!-- \/ Yoast SEO plugin. -->","yoast_head_json":{"title":"LAS DEFICIENCIAS DE LA SEGURIDAD P\u00daBLICA&nbsp; - Los pol\u00edticos Veracruz","robots":{"index":"index","follow":"follow","max-snippet":"max-snippet:-1","max-image-preview":"max-image-preview:large","max-video-preview":"max-video-preview:-1"},"canonical":"https:\/\/lospoliticosveracruz.com\/?p=103746","og_locale":"es_ES","og_type":"article","og_title":"LAS DEFICIENCIAS DE LA SEGURIDAD P\u00daBLICA&nbsp; - Los pol\u00edticos Veracruz","og_description":"Miguel \u00c1ngel G\u00f3mez Ruiz Contrapunto Habitualmente, el gobernador de Veracruz, Cuitl\u00e1huac Garc\u00eda Jim\u00e9nez, se molesta con aquellos reporteros que cuestionan su actuar ante hechos que no puede negar, mucho menos ocultar. Siempre fue un defensor de Hugo Guti\u00e9rrez Maldonado, quien fue secretario de Seguridad P\u00fablica (SSP) y que anteriormente, como colaborador de Jaime Rodr\u00edguez \u201cEl [&hellip;]","og_url":"https:\/\/lospoliticosveracruz.com\/?p=103746","og_site_name":"Los pol\u00edticos Veracruz","article_publisher":"https:\/\/www.facebook.com\/people\/Notimemes-de-los-Polticos\/61565672886568\/","article_published_time":"2023-03-16T22:27:41+00:00","article_modified_time":"2023-03-16T22:27:46+00:00","og_image":[{"url":"https:\/\/lospoliticosveracruz.com.mx\/wp-content\/uploads\/2021\/10\/Zacauilt-150x300.jpg","type":"","width":"","height":""}],"author":"Lo viste en Los Pol\u00edticos","twitter_card":"summary_large_image","twitter_creator":"@LosPoliticosVer","twitter_site":"@LosPoliticosVer","twitter_misc":{"Escrito por":"Lo viste en Los Pol\u00edticos","Tiempo de lectura":"6 minutos"},"schema":{"@context":"https:\/\/schema.org","@graph":[{"@type":"Article","@id":"https:\/\/lospoliticosveracruz.com\/?p=103746#article","isPartOf":{"@id":"https:\/\/lospoliticosveracruz.com\/?p=103746"},"author":{"name":"Lo viste en Los Pol\u00edticos","@id":"https:\/\/lospoliticosveracruz.com\/#\/schema\/person\/b8702bb0e538456e6efd07080bf2a4a2"},"headline":"LAS DEFICIENCIAS DE LA SEGURIDAD P\u00daBLICA&nbsp;","datePublished":"2023-03-16T22:27:41+00:00","dateModified":"2023-03-16T22:27:46+00:00","mainEntityOfPage":{"@id":"https:\/\/lospoliticosveracruz.com\/?p=103746"},"wordCount":1284,"publisher":{"@id":"https:\/\/lospoliticosveracruz.com\/#organization"},"image":{"@id":"https:\/\/lospoliticosveracruz.com\/?p=103746#primaryimage"},"thumbnailUrl":"https:\/\/lospoliticosveracruz.com.mx\/wp-content\/uploads\/2021\/10\/Zacauilt-150x300.jpg","keywords":["Cuitl\u00e1huac Garc\u00eda Jim\u00e9nez","feminicidios","Hugo Guti\u00e9rrez Maldonado","Morena","Veracruz"],"articleSection":["De Opini\u00f3n"],"inLanguage":"es"},{"@type":"WebPage","@id":"https:\/\/lospoliticosveracruz.com\/?p=103746","url":"https:\/\/lospoliticosveracruz.com\/?p=103746","name":"LAS DEFICIENCIAS DE LA SEGURIDAD P\u00daBLICA&nbsp; - Los pol\u00edticos Veracruz","isPartOf":{"@id":"https:\/\/lospoliticosveracruz.com\/#website"},"primaryImageOfPage":{"@id":"https:\/\/lospoliticosveracruz.com\/?p=103746#primaryimage"},"image":{"@id":"https:\/\/lospoliticosveracruz.com\/?p=103746#primaryimage"},"thumbnailUrl":"https:\/\/lospoliticosveracruz.com.mx\/wp-content\/uploads\/2021\/10\/Zacauilt-150x300.jpg","datePublished":"2023-03-16T22:27:41+00:00","dateModified":"2023-03-16T22:27:46+00:00","breadcrumb":{"@id":"https:\/\/lospoliticosveracruz.com\/?p=103746#breadcrumb"},"inLanguage":"es","potentialAction":[{"@type":"ReadAction","target":["https:\/\/lospoliticosveracruz.com\/?p=103746"]}]},{"@type":"ImageObject","inLanguage":"es","@id":"https:\/\/lospoliticosveracruz.com\/?p=103746#primaryimage","url":"https:\/\/lospoliticosveracruz.com.mx\/wp-content\/uploads\/2021\/10\/Zacauilt-150x300.jpg","contentUrl":"https:\/\/lospoliticosveracruz.com.mx\/wp-content\/uploads\/2021\/10\/Zacauilt-150x300.jpg"},{"@type":"BreadcrumbList","@id":"https:\/\/lospoliticosveracruz.com\/?p=103746#breadcrumb","itemListElement":[{"@type":"ListItem","position":1,"name":"Portada","item":"https:\/\/lospoliticosveracruz.com\/"},{"@type":"ListItem","position":2,"name":"LAS DEFICIENCIAS DE LA SEGURIDAD P\u00daBLICA&nbsp;"}]},{"@type":"WebSite","@id":"https:\/\/lospoliticosveracruz.com\/#website","url":"https:\/\/lospoliticosveracruz.com\/","name":"Los pol\u00edticos Veracruz","description":"","publisher":{"@id":"https:\/\/lospoliticosveracruz.com\/#organization"},"potentialAction":[{"@type":"SearchAction","target":{"@type":"EntryPoint","urlTemplate":"https:\/\/lospoliticosveracruz.com\/?s={search_term_string}"},"query-input":{"@type":"PropertyValueSpecification","valueRequired":true,"valueName":"search_term_string"}}],"inLanguage":"es"},{"@type":"Organization","@id":"https:\/\/lospoliticosveracruz.com\/#organization","name":"Los pol\u00edticos Veracruz","url":"https:\/\/lospoliticosveracruz.com\/","logo":{"@type":"ImageObject","inLanguage":"es","@id":"https:\/\/lospoliticosveracruz.com\/#\/schema\/logo\/image\/","url":"https:\/\/lospoliticosveracruz.com\/wp-content\/uploads\/2025\/12\/Logo-Nuevo-LOS-POLITICOS-1.jpg","contentUrl":"https:\/\/lospoliticosveracruz.com\/wp-content\/uploads\/2025\/12\/Logo-Nuevo-LOS-POLITICOS-1.jpg","width":260,"height":70,"caption":"Los pol\u00edticos Veracruz"},"image":{"@id":"https:\/\/lospoliticosveracruz.com\/#\/schema\/logo\/image\/"},"sameAs":["https:\/\/www.facebook.com\/people\/Notimemes-de-los-Polticos\/61565672886568\/","https:\/\/x.com\/LosPoliticosVer"]},{"@type":"Person","@id":"https:\/\/lospoliticosveracruz.com\/#\/schema\/person\/b8702bb0e538456e6efd07080bf2a4a2","name":"Lo viste en Los Pol\u00edticos","image":{"@type":"ImageObject","inLanguage":"es","@id":"https:\/\/secure.gravatar.com\/avatar\/3a8de04a2656d44082be478bd6c086daa447c4651605818287b9532d3d0bd435?s=96&d=mm&r=g","url":"https:\/\/secure.gravatar.com\/avatar\/3a8de04a2656d44082be478bd6c086daa447c4651605818287b9532d3d0bd435?s=96&d=mm&r=g","contentUrl":"https:\/\/secure.gravatar.com\/avatar\/3a8de04a2656d44082be478bd6c086daa447c4651605818287b9532d3d0bd435?s=96&d=mm&r=g","caption":"Lo viste en Los Pol\u00edticos"},"url":"https:\/\/lospoliticosveracruz.com\/?author=2"}]}},"_links":{"self":[{"href":"https:\/\/lospoliticosveracruz.com\/index.php?rest_route=\/wp\/v2\/posts\/103746","targetHints":{"allow":["GET"]}}],"collection":[{"href":"https:\/\/lospoliticosveracruz.com\/index.php?rest_route=\/wp\/v2\/posts"}],"about":[{"href":"https:\/\/lospoliticosveracruz.com\/index.php?rest_route=\/wp\/v2\/types\/post"}],"author":[{"embeddable":true,"href":"https:\/\/lospoliticosveracruz.com\/index.php?rest_route=\/wp\/v2\/users\/2"}],"replies":[{"embeddable":true,"href":"https:\/\/lospoliticosveracruz.com\/index.php?rest_route=%2Fwp%2Fv2%2Fcomments&post=103746"}],"version-history":[{"count":1,"href":"https:\/\/lospoliticosveracruz.com\/index.php?rest_route=\/wp\/v2\/posts\/103746\/revisions"}],"predecessor-version":[{"id":103747,"href":"https:\/\/lospoliticosveracruz.com\/index.php?rest_route=\/wp\/v2\/posts\/103746\/revisions\/103747"}],"wp:attachment":[{"href":"https:\/\/lospoliticosveracruz.com\/index.php?rest_route=%2Fwp%2Fv2%2Fmedia&parent=103746"}],"wp:term":[{"taxonomy":"category","embeddable":true,"href":"https:\/\/lospoliticosveracruz.com\/index.php?rest_route=%2Fwp%2Fv2%2Fcategories&post=103746"},{"taxonomy":"post_tag","embeddable":true,"href":"https:\/\/lospoliticosveracruz.com\/index.php?rest_route=%2Fwp%2Fv2%2Ftags&post=103746"}],"curies":[{"name":"wp","href":"https:\/\/api.w.org\/{rel}","templated":true}]}}