{"id":103844,"date":"2023-03-20T07:56:37","date_gmt":"2023-03-20T13:56:37","guid":{"rendered":"https:\/\/lospoliticosveracruz.com.mx\/?p=103844"},"modified":"2023-03-20T07:56:43","modified_gmt":"2023-03-20T13:56:43","slug":"18-de-marzo-en-cdmx","status":"publish","type":"post","link":"https:\/\/lospoliticosveracruz.com\/?p=103844","title":{"rendered":"18 DE MARZO EN CDMX"},"content":{"rendered":"\n<ul class=\"wp-block-list\"><li><\/li><\/ul>\n\n\n\n<p><strong>Omar Zu\u00f1iga<br><\/strong><em>De Primera Mano<\/em><\/p>\n\n\n\n<p>El 85 aniversario de la Expropiaci\u00f3n Petrolera fue el pretexto perfecto para que el Presidente L\u00f3pez Obrador hiciera SU concentraci\u00f3n que busc\u00f3 contrarrestar la chinga que le pusieron con la megamarcha nacional en defensa del INE, un par de semanas antes.<br>Si Tata L\u00e1zaro lo ve, se vuelve a morir.<\/p>\n\n\n<div class=\"wp-block-image\">\n<figure class=\"alignleft size-medium\"><a href=\"https:\/\/lospoliticosveracruz.com.mx\/wp-content\/uploads\/2021\/10\/WhatsApp-Image-2021-10-02-at-15.20.25.jpeg\"><img loading=\"lazy\" decoding=\"async\" width=\"212\" height=\"300\" src=\"https:\/\/lospoliticosveracruz.com.mx\/wp-content\/uploads\/2021\/10\/WhatsApp-Image-2021-10-02-at-15.20.25-212x300.jpeg\" alt=\"\" class=\"wp-image-80177\" srcset=\"https:\/\/lospoliticosveracruz.com\/wp-content\/uploads\/2021\/10\/WhatsApp-Image-2021-10-02-at-15.20.25-212x300.jpeg 212w, https:\/\/lospoliticosveracruz.com\/wp-content\/uploads\/2021\/10\/WhatsApp-Image-2021-10-02-at-15.20.25-724x1024.jpeg 724w, https:\/\/lospoliticosveracruz.com\/wp-content\/uploads\/2021\/10\/WhatsApp-Image-2021-10-02-at-15.20.25-768x1086.jpeg 768w, https:\/\/lospoliticosveracruz.com\/wp-content\/uploads\/2021\/10\/WhatsApp-Image-2021-10-02-at-15.20.25.jpeg 905w\" sizes=\"auto, (max-width: 212px) 100vw, 212px\" \/><\/a><\/figure>\n<\/div>\n\n\n<p><br>Este acto, el del s\u00e1bado 18 de marzo, deja varias lecturas (y tambi\u00e9n ense\u00f1anzas), pues de entrada nos da la confirmaci\u00f3n de que la Cuarta Transformaci\u00f3n NO es lo mismo que el rancio priismo de los a\u00f1os setenta, sino que es peor, mucho peor, porque el mes\u00edas lo niega una y otra vez, miente en la cara de la gente e insulta la inteligencia de quienes osa (osamos) cuestionar.<br>El acarreo del que, videos obtenidos De Primera Mano, dan fiel testimonio de esta situaci\u00f3n, de calles cercanas al Z\u00f3calo de la Ciudad de M\u00e9xico, como Topacio, Clavijero y Lorenzo Boturini de la populosa colonia Tr\u00e1nsito, lucieron abarrotadas de veh\u00edculos de transporte p\u00fablico y privado del que descend\u00edan hombres, mujeres, ni\u00f1as y ni\u00f1os, que recib\u00edan el refrigerio prometido, adem\u00e1s de una lana que tomaban sin recato alguno y a la vista de propios y extra\u00f1os, para formarse y emprender la caminata por las 20 o 30 calles que separan esta zona, del Z\u00f3calo capitalino.<br>Otra de las lecturas que deja este evento es que los grupos locales se destaparon, sin el mismo recato con que los acarreados recib\u00edan su torta, por ejemplo en la flamante oficina de la Defensor\u00eda P\u00fablica de Veracruz se les olvid\u00f3 que iban \u201crepresentando\u201d a jarochilandia, para respaldar a L\u00f3pez Obrador, apoyando el \u201cliderazgo\u201d de Cuitl\u00e1huac Garc\u00eda y lo posteado en sus redes sociales dejaron patente que iban apoyando al \u201corgullo veracruzano\u201d, al secretario de Gobierno Eric Cisneros Burgos, quien encabezaba un numeroso contingente que caminaba por las hermosas y c\u00e9ntricas calles de entrada al Z\u00f3calo, con tremenda pancarta que nunca mencionaba a su jefe, el gobernador Cuitl\u00e1huac Garc\u00eda. Cortes\u00eda pol\u00edtica le dec\u00edan, adem\u00e1s de institucionalidad. -Al jefe no se le rebasa ni en carretera-, dec\u00edan los pol\u00edticos de carrera, con oficio\u2026, dec\u00edan.<br>Sin embargo, lo m\u00e1s grave es el exhorto a la violencia pol\u00edtica en raz\u00f3n de g\u00e9nero (a las mujeres, pues) y la tolerancia presidencial a esta situaci\u00f3n, grav\u00edsima per s\u00e9.<br>A alguien se le hizo gracioso llevar un monigote que representaba a Norma Pi\u00f1a, ministra presidenta de la Suprema Corte de Justicia de la Naci\u00f3n, y prenderle fuego, por el simple hecho de no dejarse sobajar por el presidente L\u00f3pez Obrador y tener la valent\u00eda de enfrentarle y decirle \u2018NO\u2019.<br>Ahora, ella, la depositaria del Poder Judicial de la Rep\u00fablica, se puso una diana en la espalda por mantener la autonom\u00eda de la Corte, una diana a la vista de los mismos chistosos y acomedidos quedabien que llevaron su efigie al Z\u00f3calo y la quemaron.<br>Se pidi\u00f3 la opini\u00f3n a los presidentes de los comit\u00e9s estatales de Veracruz de Movimiento Ciudadano, PAN, PRI y PVEM de esta situaci\u00f3n, a todas luces reprobable.<br>Sergio Gil Rull\u00e1n de MC, dijo \u201cpor supuesto que hay un claro mensaje de la polarizaci\u00f3n y de las acciones de gobierno. Para esta marcha no hubo contingencia ambiental. Para esta marcha s\u00ed pusieron la bandera (nacional) en el Z\u00f3calo, pero en la marcha en defensa del INE quitaron la bandera y declararon contingencia. En (el gobierno de la) Ciudad de M\u00e9xico dijeron que ahorita (el s\u00e1bado) hubo 500 mil personas, un mill\u00f3n 200 mil con las calles aleda\u00f1as, pero cuando la marcha del INE, hubo s\u00f3lo 90 mil, a\u00fan cuando las im\u00e1genes muestran m\u00e1s gente\u201d.<br>\u201cEn la marcha del INE, los manifestantes cruzaron y dejaron flores frente a la Suprema Corte de Justicia. Hoy, los manifestantes polarizados, acarreados por todas las instancias de gobierno en una vil competencia por ver qui\u00e9n quien llev\u00f3 m\u00e1s acarreados para la futura candidatura, ya sea el s\u00faper delegado (Manuel Huerta), el presidente de la Jucopo (Juan Javier G\u00f3mez Cazar\u00edn) o cualquier otro funcionario del gobierno de Veracruz, que haciendo uso de recursos p\u00fablicos y de coacci\u00f3n, llevaron a su gente para decir qui\u00e9n val\u00eda m\u00e1s\u201d.<br>\u201cSe demuestra una marcha intolerante, donde se ofende a uno de los poderes de la Rep\u00fablica, y un Presidente que en el mismo acto no lo sanciona y no lo castiga. Entonces es muy claro que la manifestaci\u00f3n que ellos quieren sacar, la polarizaci\u00f3n que quieren llevar y la demostraci\u00f3n de que s\u00f3lo con recursos p\u00fablicos, con amenazas y con acarreados logran llenar una plaza que antes, siendo oposici\u00f3n, con las causas correctas, llenaban, hoy ya no tienen las causas, hoy ya no tienen la gente, hoy est\u00e1n obligando, hoy quedan en el suspiro los a\u00f1os de la fuerza del Z\u00f3calo para la izquierda y se presta ahora para el entorno de un nuevo perfil de hombres y mujeres libres que est\u00e1n hartos del mismo sistema de gobierno que llen\u00f3 el Z\u00f3calo en la marcha en defensa de la democracia y del INE\u201d.<br>\u201cSon los hombres y mujeres libres los que van a determinar el futuro de este pa\u00eds. Y esa debe ser la premisa de nosotros que buscamos la postulaci\u00f3n de las y los mejores\u201d.<br>El panista Federico Salom\u00f3n asegur\u00f3 \u201cqu\u00e9 triste pa\u00eds; esto es el reflejo del<br>M\u00e9xico actual: polarizaci\u00f3n, encono y p\u00e9rdida de valores. Y que desde el p\u00falpito del poder presidencial se impulse y sea una forma y estilo de gobierno. \u00bfQu\u00e9 le ense\u00f1amos a nuestros hijos y j\u00f3venes?\u201d<br>\u201cYa no hay respeto y tolerancia a disentir.. los \u201cshakiros\u201d de hoy: ciegos, sordos y mudos, de otra realidad que vive M\u00e9xico\u201d.<br>Por su parte, el priista Marlon Ram\u00edrez asegura que \u201ccuando los argumentos ya no caben, empiezan los gritos y las descalificaciones. Y cuando a estas la mayor\u00eda ya las nota, empieza la violencia\u201d.<br>\u201cEs una se\u00f1al clara de desesperaci\u00f3n\u201d.<br>Coinciden en la condena.<br>Mi amiga y compa\u00f1era de profesi\u00f3n Eleaney Sesma, flamante presidenta del CDE del VEM Veracruz, dijo que\u2026, nada.<br>No hubo respuesta de su parte, s\u00f3lo un silencio ominoso y c\u00f3mplice ante la solicitud de su postura, ni siquiera por sororidad, ante el exhorto a la violencia con la quema de la efigie de la presidenta de la Corte, Norma Pi\u00f1a, como se hizo con sus iguales de los otros partidos.<br>As\u00ed las cosas, la Cuarta Transformaci\u00f3n nos muestra y demuestra que NO son iguales al priismo rancio y autoritario de los a\u00f1os setenta, de Luis Echeverr\u00eda, son peores.<\/p>\n\n\n\n<p>\u00a1Qu\u00e9 barbaridad!<br>deprimera.mano2020@gmail.com<\/p>\n","protected":false},"excerpt":{"rendered":"<p>Omar Zu\u00f1igaDe Primera Mano El 85 aniversario de la Expropiaci\u00f3n Petrolera fue el pretexto perfecto para que el Presidente L\u00f3pez Obrador hiciera SU concentraci\u00f3n que busc\u00f3 contrarrestar la chinga que le pusieron con la megamarcha nacional en defensa del INE, un par de semanas antes.Si Tata L\u00e1zaro lo ve, se vuelve a morir. Este acto, [&hellip;]<\/p>\n","protected":false},"author":2,"featured_media":0,"comment_status":"closed","ping_status":"closed","sticky":false,"template":"","format":"standard","meta":{"tdm_status":"","tdm_grid_status":"","footnotes":""},"categories":[70],"tags":[1563,2842,12299,12695,1706,1026,2327,37437,34810,266,251,11240,195],"class_list":{"0":"post-103844","1":"post","2":"type-post","3":"status-publish","4":"format-standard","6":"category-de-opinion","7":"tag-cuitlahuac-garcia-jimenez","8":"tag-eleaney-sesma","9":"tag-eric-cisneros-burgos","10":"tag-juan-javier-gomez-cazarin","11":"tag-marlon-ramirez","12":"tag-morena","13":"tag-movimiento-ciudadano","14":"tag-norma-pina","15":"tag-omar-zuniga-2","16":"tag-pan","17":"tag-pri","18":"tag-sergio-gil-rullan","19":"tag-veracruz"},"yoast_head":"<!-- This site is optimized with the Yoast SEO plugin v27.4 - https:\/\/yoast.com\/product\/yoast-seo-wordpress\/ -->\n<title>18 DE MARZO EN CDMX - Los pol\u00edticos Veracruz<\/title>\n<meta name=\"robots\" content=\"index, follow, max-snippet:-1, max-image-preview:large, max-video-preview:-1\" \/>\n<link rel=\"canonical\" href=\"https:\/\/lospoliticosveracruz.com\/?p=103844\" \/>\n<meta property=\"og:locale\" content=\"es_ES\" \/>\n<meta property=\"og:type\" content=\"article\" \/>\n<meta property=\"og:title\" content=\"18 DE MARZO EN CDMX - Los pol\u00edticos Veracruz\" \/>\n<meta property=\"og:description\" content=\"Omar Zu\u00f1igaDe Primera Mano El 85 aniversario de la Expropiaci\u00f3n Petrolera fue el pretexto perfecto para que el Presidente L\u00f3pez Obrador hiciera SU concentraci\u00f3n que busc\u00f3 contrarrestar la chinga que le pusieron con la megamarcha nacional en defensa del INE, un par de semanas antes.Si Tata L\u00e1zaro lo ve, se vuelve a morir. Este acto, [&hellip;]\" \/>\n<meta property=\"og:url\" content=\"https:\/\/lospoliticosveracruz.com\/?p=103844\" \/>\n<meta property=\"og:site_name\" content=\"Los pol\u00edticos Veracruz\" \/>\n<meta property=\"article:publisher\" content=\"https:\/\/www.facebook.com\/people\/Notimemes-de-los-Polticos\/61565672886568\/\" \/>\n<meta property=\"article:published_time\" content=\"2023-03-20T13:56:37+00:00\" \/>\n<meta property=\"article:modified_time\" content=\"2023-03-20T13:56:43+00:00\" \/>\n<meta property=\"og:image\" content=\"https:\/\/lospoliticosveracruz.com.mx\/wp-content\/uploads\/2021\/10\/WhatsApp-Image-2021-10-02-at-15.20.25-212x300.jpeg\" \/>\n<meta name=\"author\" content=\"Lo viste en Los Pol\u00edticos\" \/>\n<meta name=\"twitter:card\" content=\"summary_large_image\" \/>\n<meta name=\"twitter:creator\" content=\"@LosPoliticosVer\" \/>\n<meta name=\"twitter:site\" content=\"@LosPoliticosVer\" \/>\n<meta name=\"twitter:label1\" content=\"Escrito por\" \/>\n\t<meta name=\"twitter:data1\" content=\"Lo viste en Los Pol\u00edticos\" \/>\n\t<meta name=\"twitter:label2\" content=\"Tiempo de lectura\" \/>\n\t<meta name=\"twitter:data2\" content=\"6 minutos\" \/>\n<script type=\"application\/ld+json\" class=\"yoast-schema-graph\">{\"@context\":\"https:\\\/\\\/schema.org\",\"@graph\":[{\"@type\":\"Article\",\"@id\":\"https:\\\/\\\/lospoliticosveracruz.com\\\/?p=103844#article\",\"isPartOf\":{\"@id\":\"https:\\\/\\\/lospoliticosveracruz.com\\\/?p=103844\"},\"author\":{\"name\":\"Lo viste en Los Pol\u00edticos\",\"@id\":\"https:\\\/\\\/lospoliticosveracruz.com\\\/#\\\/schema\\\/person\\\/b8702bb0e538456e6efd07080bf2a4a2\"},\"headline\":\"18 DE MARZO EN CDMX\",\"datePublished\":\"2023-03-20T13:56:37+00:00\",\"dateModified\":\"2023-03-20T13:56:43+00:00\",\"mainEntityOfPage\":{\"@id\":\"https:\\\/\\\/lospoliticosveracruz.com\\\/?p=103844\"},\"wordCount\":1187,\"publisher\":{\"@id\":\"https:\\\/\\\/lospoliticosveracruz.com\\\/#organization\"},\"image\":{\"@id\":\"https:\\\/\\\/lospoliticosveracruz.com\\\/?p=103844#primaryimage\"},\"thumbnailUrl\":\"https:\\\/\\\/lospoliticosveracruz.com.mx\\\/wp-content\\\/uploads\\\/2021\\\/10\\\/WhatsApp-Image-2021-10-02-at-15.20.25-212x300.jpeg\",\"keywords\":[\"Cuitl\u00e1huac Garc\u00eda Jim\u00e9nez\",\"Eleaney Sesma\",\"Eric Cisneros Burgos\",\"Juan Javier G\u00f3mez Cazar\u00edn\",\"Marlon Ram\u00edrez\",\"Morena\",\"Movimiento Ciudadano\",\"Norma Pi\u00f1a\",\"Omar Zu\u00f1iga\",\"PAN\",\"PRI\",\"Sergio Gil Rull\u00e1n\",\"Veracruz\"],\"articleSection\":[\"De Opini\u00f3n\"],\"inLanguage\":\"es\"},{\"@type\":\"WebPage\",\"@id\":\"https:\\\/\\\/lospoliticosveracruz.com\\\/?p=103844\",\"url\":\"https:\\\/\\\/lospoliticosveracruz.com\\\/?p=103844\",\"name\":\"18 DE MARZO EN CDMX - Los pol\u00edticos Veracruz\",\"isPartOf\":{\"@id\":\"https:\\\/\\\/lospoliticosveracruz.com\\\/#website\"},\"primaryImageOfPage\":{\"@id\":\"https:\\\/\\\/lospoliticosveracruz.com\\\/?p=103844#primaryimage\"},\"image\":{\"@id\":\"https:\\\/\\\/lospoliticosveracruz.com\\\/?p=103844#primaryimage\"},\"thumbnailUrl\":\"https:\\\/\\\/lospoliticosveracruz.com.mx\\\/wp-content\\\/uploads\\\/2021\\\/10\\\/WhatsApp-Image-2021-10-02-at-15.20.25-212x300.jpeg\",\"datePublished\":\"2023-03-20T13:56:37+00:00\",\"dateModified\":\"2023-03-20T13:56:43+00:00\",\"breadcrumb\":{\"@id\":\"https:\\\/\\\/lospoliticosveracruz.com\\\/?p=103844#breadcrumb\"},\"inLanguage\":\"es\",\"potentialAction\":[{\"@type\":\"ReadAction\",\"target\":[\"https:\\\/\\\/lospoliticosveracruz.com\\\/?p=103844\"]}]},{\"@type\":\"ImageObject\",\"inLanguage\":\"es\",\"@id\":\"https:\\\/\\\/lospoliticosveracruz.com\\\/?p=103844#primaryimage\",\"url\":\"https:\\\/\\\/lospoliticosveracruz.com.mx\\\/wp-content\\\/uploads\\\/2021\\\/10\\\/WhatsApp-Image-2021-10-02-at-15.20.25-212x300.jpeg\",\"contentUrl\":\"https:\\\/\\\/lospoliticosveracruz.com.mx\\\/wp-content\\\/uploads\\\/2021\\\/10\\\/WhatsApp-Image-2021-10-02-at-15.20.25-212x300.jpeg\"},{\"@type\":\"BreadcrumbList\",\"@id\":\"https:\\\/\\\/lospoliticosveracruz.com\\\/?p=103844#breadcrumb\",\"itemListElement\":[{\"@type\":\"ListItem\",\"position\":1,\"name\":\"Portada\",\"item\":\"https:\\\/\\\/lospoliticosveracruz.com\\\/\"},{\"@type\":\"ListItem\",\"position\":2,\"name\":\"18 DE MARZO EN CDMX\"}]},{\"@type\":\"WebSite\",\"@id\":\"https:\\\/\\\/lospoliticosveracruz.com\\\/#website\",\"url\":\"https:\\\/\\\/lospoliticosveracruz.com\\\/\",\"name\":\"Los pol\u00edticos Veracruz\",\"description\":\"\",\"publisher\":{\"@id\":\"https:\\\/\\\/lospoliticosveracruz.com\\\/#organization\"},\"potentialAction\":[{\"@type\":\"SearchAction\",\"target\":{\"@type\":\"EntryPoint\",\"urlTemplate\":\"https:\\\/\\\/lospoliticosveracruz.com\\\/?s={search_term_string}\"},\"query-input\":{\"@type\":\"PropertyValueSpecification\",\"valueRequired\":true,\"valueName\":\"search_term_string\"}}],\"inLanguage\":\"es\"},{\"@type\":\"Organization\",\"@id\":\"https:\\\/\\\/lospoliticosveracruz.com\\\/#organization\",\"name\":\"Los pol\u00edticos Veracruz\",\"url\":\"https:\\\/\\\/lospoliticosveracruz.com\\\/\",\"logo\":{\"@type\":\"ImageObject\",\"inLanguage\":\"es\",\"@id\":\"https:\\\/\\\/lospoliticosveracruz.com\\\/#\\\/schema\\\/logo\\\/image\\\/\",\"url\":\"https:\\\/\\\/lospoliticosveracruz.com\\\/wp-content\\\/uploads\\\/2025\\\/12\\\/Logo-Nuevo-LOS-POLITICOS-1.jpg\",\"contentUrl\":\"https:\\\/\\\/lospoliticosveracruz.com\\\/wp-content\\\/uploads\\\/2025\\\/12\\\/Logo-Nuevo-LOS-POLITICOS-1.jpg\",\"width\":260,\"height\":70,\"caption\":\"Los pol\u00edticos Veracruz\"},\"image\":{\"@id\":\"https:\\\/\\\/lospoliticosveracruz.com\\\/#\\\/schema\\\/logo\\\/image\\\/\"},\"sameAs\":[\"https:\\\/\\\/www.facebook.com\\\/people\\\/Notimemes-de-los-Polticos\\\/61565672886568\\\/\",\"https:\\\/\\\/x.com\\\/LosPoliticosVer\"]},{\"@type\":\"Person\",\"@id\":\"https:\\\/\\\/lospoliticosveracruz.com\\\/#\\\/schema\\\/person\\\/b8702bb0e538456e6efd07080bf2a4a2\",\"name\":\"Lo viste en Los Pol\u00edticos\",\"image\":{\"@type\":\"ImageObject\",\"inLanguage\":\"es\",\"@id\":\"https:\\\/\\\/secure.gravatar.com\\\/avatar\\\/3a8de04a2656d44082be478bd6c086daa447c4651605818287b9532d3d0bd435?s=96&d=mm&r=g\",\"url\":\"https:\\\/\\\/secure.gravatar.com\\\/avatar\\\/3a8de04a2656d44082be478bd6c086daa447c4651605818287b9532d3d0bd435?s=96&d=mm&r=g\",\"contentUrl\":\"https:\\\/\\\/secure.gravatar.com\\\/avatar\\\/3a8de04a2656d44082be478bd6c086daa447c4651605818287b9532d3d0bd435?s=96&d=mm&r=g\",\"caption\":\"Lo viste en Los Pol\u00edticos\"},\"url\":\"https:\\\/\\\/lospoliticosveracruz.com\\\/?author=2\"}]}<\/script>\n<!-- \/ Yoast SEO plugin. -->","yoast_head_json":{"title":"18 DE MARZO EN CDMX - Los pol\u00edticos Veracruz","robots":{"index":"index","follow":"follow","max-snippet":"max-snippet:-1","max-image-preview":"max-image-preview:large","max-video-preview":"max-video-preview:-1"},"canonical":"https:\/\/lospoliticosveracruz.com\/?p=103844","og_locale":"es_ES","og_type":"article","og_title":"18 DE MARZO EN CDMX - Los pol\u00edticos Veracruz","og_description":"Omar Zu\u00f1igaDe Primera Mano El 85 aniversario de la Expropiaci\u00f3n Petrolera fue el pretexto perfecto para que el Presidente L\u00f3pez Obrador hiciera SU concentraci\u00f3n que busc\u00f3 contrarrestar la chinga que le pusieron con la megamarcha nacional en defensa del INE, un par de semanas antes.Si Tata L\u00e1zaro lo ve, se vuelve a morir. Este acto, [&hellip;]","og_url":"https:\/\/lospoliticosveracruz.com\/?p=103844","og_site_name":"Los pol\u00edticos Veracruz","article_publisher":"https:\/\/www.facebook.com\/people\/Notimemes-de-los-Polticos\/61565672886568\/","article_published_time":"2023-03-20T13:56:37+00:00","article_modified_time":"2023-03-20T13:56:43+00:00","og_image":[{"url":"https:\/\/lospoliticosveracruz.com.mx\/wp-content\/uploads\/2021\/10\/WhatsApp-Image-2021-10-02-at-15.20.25-212x300.jpeg","type":"","width":"","height":""}],"author":"Lo viste en Los Pol\u00edticos","twitter_card":"summary_large_image","twitter_creator":"@LosPoliticosVer","twitter_site":"@LosPoliticosVer","twitter_misc":{"Escrito por":"Lo viste en Los Pol\u00edticos","Tiempo de lectura":"6 minutos"},"schema":{"@context":"https:\/\/schema.org","@graph":[{"@type":"Article","@id":"https:\/\/lospoliticosveracruz.com\/?p=103844#article","isPartOf":{"@id":"https:\/\/lospoliticosveracruz.com\/?p=103844"},"author":{"name":"Lo viste en Los Pol\u00edticos","@id":"https:\/\/lospoliticosveracruz.com\/#\/schema\/person\/b8702bb0e538456e6efd07080bf2a4a2"},"headline":"18 DE MARZO EN CDMX","datePublished":"2023-03-20T13:56:37+00:00","dateModified":"2023-03-20T13:56:43+00:00","mainEntityOfPage":{"@id":"https:\/\/lospoliticosveracruz.com\/?p=103844"},"wordCount":1187,"publisher":{"@id":"https:\/\/lospoliticosveracruz.com\/#organization"},"image":{"@id":"https:\/\/lospoliticosveracruz.com\/?p=103844#primaryimage"},"thumbnailUrl":"https:\/\/lospoliticosveracruz.com.mx\/wp-content\/uploads\/2021\/10\/WhatsApp-Image-2021-10-02-at-15.20.25-212x300.jpeg","keywords":["Cuitl\u00e1huac Garc\u00eda Jim\u00e9nez","Eleaney Sesma","Eric Cisneros Burgos","Juan Javier G\u00f3mez Cazar\u00edn","Marlon Ram\u00edrez","Morena","Movimiento Ciudadano","Norma Pi\u00f1a","Omar Zu\u00f1iga","PAN","PRI","Sergio Gil Rull\u00e1n","Veracruz"],"articleSection":["De Opini\u00f3n"],"inLanguage":"es"},{"@type":"WebPage","@id":"https:\/\/lospoliticosveracruz.com\/?p=103844","url":"https:\/\/lospoliticosveracruz.com\/?p=103844","name":"18 DE MARZO EN CDMX - Los pol\u00edticos Veracruz","isPartOf":{"@id":"https:\/\/lospoliticosveracruz.com\/#website"},"primaryImageOfPage":{"@id":"https:\/\/lospoliticosveracruz.com\/?p=103844#primaryimage"},"image":{"@id":"https:\/\/lospoliticosveracruz.com\/?p=103844#primaryimage"},"thumbnailUrl":"https:\/\/lospoliticosveracruz.com.mx\/wp-content\/uploads\/2021\/10\/WhatsApp-Image-2021-10-02-at-15.20.25-212x300.jpeg","datePublished":"2023-03-20T13:56:37+00:00","dateModified":"2023-03-20T13:56:43+00:00","breadcrumb":{"@id":"https:\/\/lospoliticosveracruz.com\/?p=103844#breadcrumb"},"inLanguage":"es","potentialAction":[{"@type":"ReadAction","target":["https:\/\/lospoliticosveracruz.com\/?p=103844"]}]},{"@type":"ImageObject","inLanguage":"es","@id":"https:\/\/lospoliticosveracruz.com\/?p=103844#primaryimage","url":"https:\/\/lospoliticosveracruz.com.mx\/wp-content\/uploads\/2021\/10\/WhatsApp-Image-2021-10-02-at-15.20.25-212x300.jpeg","contentUrl":"https:\/\/lospoliticosveracruz.com.mx\/wp-content\/uploads\/2021\/10\/WhatsApp-Image-2021-10-02-at-15.20.25-212x300.jpeg"},{"@type":"BreadcrumbList","@id":"https:\/\/lospoliticosveracruz.com\/?p=103844#breadcrumb","itemListElement":[{"@type":"ListItem","position":1,"name":"Portada","item":"https:\/\/lospoliticosveracruz.com\/"},{"@type":"ListItem","position":2,"name":"18 DE MARZO EN CDMX"}]},{"@type":"WebSite","@id":"https:\/\/lospoliticosveracruz.com\/#website","url":"https:\/\/lospoliticosveracruz.com\/","name":"Los pol\u00edticos Veracruz","description":"","publisher":{"@id":"https:\/\/lospoliticosveracruz.com\/#organization"},"potentialAction":[{"@type":"SearchAction","target":{"@type":"EntryPoint","urlTemplate":"https:\/\/lospoliticosveracruz.com\/?s={search_term_string}"},"query-input":{"@type":"PropertyValueSpecification","valueRequired":true,"valueName":"search_term_string"}}],"inLanguage":"es"},{"@type":"Organization","@id":"https:\/\/lospoliticosveracruz.com\/#organization","name":"Los pol\u00edticos Veracruz","url":"https:\/\/lospoliticosveracruz.com\/","logo":{"@type":"ImageObject","inLanguage":"es","@id":"https:\/\/lospoliticosveracruz.com\/#\/schema\/logo\/image\/","url":"https:\/\/lospoliticosveracruz.com\/wp-content\/uploads\/2025\/12\/Logo-Nuevo-LOS-POLITICOS-1.jpg","contentUrl":"https:\/\/lospoliticosveracruz.com\/wp-content\/uploads\/2025\/12\/Logo-Nuevo-LOS-POLITICOS-1.jpg","width":260,"height":70,"caption":"Los pol\u00edticos Veracruz"},"image":{"@id":"https:\/\/lospoliticosveracruz.com\/#\/schema\/logo\/image\/"},"sameAs":["https:\/\/www.facebook.com\/people\/Notimemes-de-los-Polticos\/61565672886568\/","https:\/\/x.com\/LosPoliticosVer"]},{"@type":"Person","@id":"https:\/\/lospoliticosveracruz.com\/#\/schema\/person\/b8702bb0e538456e6efd07080bf2a4a2","name":"Lo viste en Los Pol\u00edticos","image":{"@type":"ImageObject","inLanguage":"es","@id":"https:\/\/secure.gravatar.com\/avatar\/3a8de04a2656d44082be478bd6c086daa447c4651605818287b9532d3d0bd435?s=96&d=mm&r=g","url":"https:\/\/secure.gravatar.com\/avatar\/3a8de04a2656d44082be478bd6c086daa447c4651605818287b9532d3d0bd435?s=96&d=mm&r=g","contentUrl":"https:\/\/secure.gravatar.com\/avatar\/3a8de04a2656d44082be478bd6c086daa447c4651605818287b9532d3d0bd435?s=96&d=mm&r=g","caption":"Lo viste en Los Pol\u00edticos"},"url":"https:\/\/lospoliticosveracruz.com\/?author=2"}]}},"_links":{"self":[{"href":"https:\/\/lospoliticosveracruz.com\/index.php?rest_route=\/wp\/v2\/posts\/103844","targetHints":{"allow":["GET"]}}],"collection":[{"href":"https:\/\/lospoliticosveracruz.com\/index.php?rest_route=\/wp\/v2\/posts"}],"about":[{"href":"https:\/\/lospoliticosveracruz.com\/index.php?rest_route=\/wp\/v2\/types\/post"}],"author":[{"embeddable":true,"href":"https:\/\/lospoliticosveracruz.com\/index.php?rest_route=\/wp\/v2\/users\/2"}],"replies":[{"embeddable":true,"href":"https:\/\/lospoliticosveracruz.com\/index.php?rest_route=%2Fwp%2Fv2%2Fcomments&post=103844"}],"version-history":[{"count":1,"href":"https:\/\/lospoliticosveracruz.com\/index.php?rest_route=\/wp\/v2\/posts\/103844\/revisions"}],"predecessor-version":[{"id":103845,"href":"https:\/\/lospoliticosveracruz.com\/index.php?rest_route=\/wp\/v2\/posts\/103844\/revisions\/103845"}],"wp:attachment":[{"href":"https:\/\/lospoliticosveracruz.com\/index.php?rest_route=%2Fwp%2Fv2%2Fmedia&parent=103844"}],"wp:term":[{"taxonomy":"category","embeddable":true,"href":"https:\/\/lospoliticosveracruz.com\/index.php?rest_route=%2Fwp%2Fv2%2Fcategories&post=103844"},{"taxonomy":"post_tag","embeddable":true,"href":"https:\/\/lospoliticosveracruz.com\/index.php?rest_route=%2Fwp%2Fv2%2Ftags&post=103844"}],"curies":[{"name":"wp","href":"https:\/\/api.w.org\/{rel}","templated":true}]}}