{"id":103876,"date":"2023-03-20T23:56:44","date_gmt":"2023-03-21T05:56:44","guid":{"rendered":"https:\/\/lospoliticosveracruz.com.mx\/?p=103876"},"modified":"2023-03-20T23:56:50","modified_gmt":"2023-03-21T05:56:50","slug":"morena-en-3-actos","status":"publish","type":"post","link":"https:\/\/lospoliticosveracruz.com\/?p=103876","title":{"rendered":"MORENA EN 3 ACTOS"},"content":{"rendered":"\n<p><strong>Salvador Mu\u00f1oz<\/strong><\/p>\n\n\n\n<p><em>Los Pol\u00edticos<\/em><\/p>\n\n\n\n<p><\/p>\n\n\n\n<p><strong>Primer Acto<\/strong><\/p>\n\n\n\n<p>Sin \u00e1nimo de ser ni ofensivo ni adulador, Juan Javier G\u00f3mez Cazar\u00edn se volvi\u00f3 un fen\u00f3meno pol\u00edtico que ha llamado la atenci\u00f3n, no s\u00f3lo de medios ni del inquilino de Palacio Nacional, sino tambi\u00e9n de las corcholatas.<\/p>\n\n\n<div class=\"wp-block-image\">\n<figure class=\"alignleft size-full is-resized\"><a href=\"https:\/\/lospoliticosveracruz.com.mx\/wp-content\/uploads\/2023\/02\/Vinissimo.jpg\"><img loading=\"lazy\" decoding=\"async\" src=\"https:\/\/lospoliticosveracruz.com.mx\/wp-content\/uploads\/2023\/02\/Vinissimo.jpg\" alt=\"\" class=\"wp-image-102752\" width=\"175\" height=\"178\"\/><\/a><\/figure>\n<\/div>\n\n\n<p>Pudo parecer una jalada lo de su Marcha de la Justicia que parti\u00f3 desde Hueyapan de Ocampo hasta la Ciudad de M\u00e9xico, con intervalos caminando, y otros, en veh\u00edculo, pero sin&nbsp;&nbsp;duda, hizo algo diferente al resto de contingentes que se congregaron el s\u00e1bado pasado al llamado del Presidente quesque para celebrar un aniversario m\u00e1s de la Expropiaci\u00f3n Petrolera\u2026<\/p>\n\n\n\n<p>Igual pudo parecer un show que desde Hueyapan de Ocampo hasta la Ciudad de M\u00e9xico, una camioneta llevara en una jaula a las figuras de los tres antagonistas del Presidente Andr\u00e9s Manuel L\u00f3pez Obrador: Genaro Garc\u00eda Luna, Lorenzo C\u00f3rdova y Felipe Calder\u00f3n Hinojosa\u2026<\/p>\n\n\n\n<p>Al final, lo que le vale al Car\u00f3n, es el mensaje que envi\u00f3 y cuyo receptor lo acogi\u00f3 con gusto\u2026 est\u00e1 en la sinton\u00eda del Presidente y a la vez, en el clamor de los morenos que han hecho de los antagonistas de AMLO, los enemigos de la Cuarta Transformaci\u00f3n o s\u00edmbolos de la corrupci\u00f3n\u2026<\/p>\n\n\n\n<p>En Palacio Nacional y las corcholatas tienen en claro que el pandero en Veracruz lo lleva Cazar\u00edn\u2026 lo constat\u00f3 Claudia Sheinbaum\u2026 lo constat\u00f3 Ad\u00e1n Augusto L\u00f3pez\u2026 lo sabe el Presidente\u2026<\/p>\n\n\n\n<p>El s\u00e1bado pues, fue redondo para el presidente de la Jucopo en el Congreso del Estado\u2026 el Presidente acogi\u00f3 con gusto su manifestaci\u00f3n; llam\u00f3 poderosamente la atenci\u00f3n de las corcholatas; y gan\u00f3 el Am\u00e9rica a las Chivas 4-2\u2026 \u00bfQu\u00e9 m\u00e1s puede pedir el Car\u00f3n?<\/p>\n\n\n\n<p><strong>Segundo Acto<\/strong><\/p>\n\n\n\n<p>Todo lo contrario a la Jaula de la Justicia fue la pira en que convirtieron una mu\u00f1eca que representaba a la presidenta de la Suprema Corte de Justicia de la Naci\u00f3n, Norma Pi\u00f1a Hern\u00e1ndez, por un grupo de morenos en pleno z\u00f3calo.<\/p>\n\n\n\n<p>Es curioso, el malestar que se tiene contra la titular de la SCJN es porque ha decidido la Ministra Presidenta mantener la Autonom\u00eda de este poder antes que doblegarse a otro Poder. La defensa de esa Independencia ha generado groser\u00edas por parte del Presidente as\u00ed como amenazas en redes sociales para que la cereza fuera ese aquelarre por la tarde-noche del s\u00e1bado pasado, donde una turba disfrutaba la pira ardiendo con la figura de Pi\u00f1a Hern\u00e1ndez\u2026 pero si esto es \u201ccurioso\u201d, lo es m\u00e1s el hecho de que mientras Norma Pi\u00f1a pugna por la autonom\u00eda, la titular del Poder Judicial del Estado de Veracruz, Lisbeth Aurelia Jim\u00e9nez Aguirre, presum\u00eda en redes sociales \u201cel honor de estar con L\u00f3pez Obrador\u201d&#8230; de la Autonom\u00eda a la Sumisi\u00f3n\u2026<\/p>\n\n\n\n<p><strong>Tercer Acto<\/strong><\/p>\n\n\n\n<p>Muy independiente del audio que expone lo que el Gobierno del Estado pretende, v\u00eda Seguridad P\u00fablica, en las pr\u00f3ximas elecciones, coordinado por el titular de la Unidad Administrativa de esta dependencia, Ulises Rodr\u00edguez Landa, quien hizo la travesura, mata a dos p\u00e1jaros de un tiro\u2026 o m\u00e1s bien dicho, \u00a1a dos primos!<\/p>\n\n\n\n<p>Primero, a Eleazar Guerrero P\u00e9rez, subsecretario de Sefiplan, a quien le atribuyen el control de los titulares de las Unidades Administrativas en varias dependencias, incluyendo Seguridad P\u00fablica y si se agrega que su hijo, el Junior, labora en dicha secretar\u00eda, el c\u00edrculo se va cerrando, para completar la figura con esta agrupaci\u00f3n llamada Unidos Todos que vaya que mueve algo m\u00e1s que gente en sus eventos\u2026<\/p>\n\n\n\n<p>El segundo es Cuitl\u00e1huac Garc\u00eda Jim\u00e9nez, quien se ostenta de que los titulares de las Unidades Administrativas acuerdan con \u00e9l por encima del secretario a cargo. Luego entonces, si hay certeza en el audio filtrado, podr\u00edamos estar hablando que Cuitl\u00e1huac ya entra en la categor\u00eda de Mapache Mayor.<\/p>\n\n\n\n<p>Ahora, queda claro que el audio filtrado tiene su origen al interior de Seguridad P\u00fablica, es decir hay topos, lo que obliga a hacerse la pregunta: \u201cQui\u00e9n se beneficia con la muerte de la Se\u00f1ora Hood?\u201d&#8230; es decir, qui\u00e9n se beneficia exhibiendo a Ulises Rodr\u00edguez Landa y suponiendo que ello lo pueda llevar a perder su cargo? A partir de la respuesta, se entiende entonces \u00abel motivo del crimen\u00bb.<\/p>\n","protected":false},"excerpt":{"rendered":"<p>Salvador Mu\u00f1oz Los Pol\u00edticos Primer Acto Sin \u00e1nimo de ser ni ofensivo ni adulador, Juan Javier G\u00f3mez Cazar\u00edn se volvi\u00f3 un fen\u00f3meno pol\u00edtico que ha llamado la atenci\u00f3n, no s\u00f3lo de medios ni del inquilino de Palacio Nacional, sino tambi\u00e9n de las corcholatas. Pudo parecer una jalada lo de su Marcha de la Justicia que [&hellip;]<\/p>\n","protected":false},"author":2,"featured_media":0,"comment_status":"closed","ping_status":"closed","sticky":false,"template":"","format":"standard","meta":{"tdm_status":"","tdm_grid_status":"","footnotes":""},"categories":[70],"tags":[618,1563,13912,3946,5494,37612,12695,36463,5613,37613,19497,6361,37610,33403,195],"class_list":{"0":"post-103876","1":"post","2":"type-post","3":"status-publish","4":"format-standard","6":"category-de-opinion","7":"tag-andres-manuel-lopez-obrador","8":"tag-cuitlahuac-garcia-jimenez","9":"tag-eleazar-guerrero-perez","10":"tag-felipe-calderon","11":"tag-genaro-garcia-luna","12":"tag-jaula-de-la-justicia","13":"tag-juan-javier-gomez-cazarin","14":"tag-lisbeth-aurelia-jimenez-aguirre","15":"tag-lorenzo-cordova","16":"tag-norma-pina-hernandez","17":"tag-poder-judicial-del-estado-de-veracruz","18":"tag-suprema-corte-de-justicia-de-la-nacion","19":"tag-ulises-rodriguez-landa","20":"tag-unidos-todos","21":"tag-veracruz"},"yoast_head":"<!-- This site is optimized with the Yoast SEO plugin v27.4 - https:\/\/yoast.com\/product\/yoast-seo-wordpress\/ -->\n<title>MORENA EN 3 ACTOS - Los pol\u00edticos Veracruz<\/title>\n<meta name=\"robots\" content=\"index, follow, max-snippet:-1, max-image-preview:large, max-video-preview:-1\" \/>\n<link rel=\"canonical\" href=\"https:\/\/lospoliticosveracruz.com\/?p=103876\" \/>\n<meta property=\"og:locale\" content=\"es_ES\" \/>\n<meta property=\"og:type\" content=\"article\" \/>\n<meta property=\"og:title\" content=\"MORENA EN 3 ACTOS - Los pol\u00edticos Veracruz\" \/>\n<meta property=\"og:description\" content=\"Salvador Mu\u00f1oz Los Pol\u00edticos Primer Acto Sin \u00e1nimo de ser ni ofensivo ni adulador, Juan Javier G\u00f3mez Cazar\u00edn se volvi\u00f3 un fen\u00f3meno pol\u00edtico que ha llamado la atenci\u00f3n, no s\u00f3lo de medios ni del inquilino de Palacio Nacional, sino tambi\u00e9n de las corcholatas. Pudo parecer una jalada lo de su Marcha de la Justicia que [&hellip;]\" \/>\n<meta property=\"og:url\" content=\"https:\/\/lospoliticosveracruz.com\/?p=103876\" \/>\n<meta property=\"og:site_name\" content=\"Los pol\u00edticos Veracruz\" \/>\n<meta property=\"article:publisher\" content=\"https:\/\/www.facebook.com\/people\/Notimemes-de-los-Polticos\/61565672886568\/\" \/>\n<meta property=\"article:published_time\" content=\"2023-03-21T05:56:44+00:00\" \/>\n<meta property=\"article:modified_time\" content=\"2023-03-21T05:56:50+00:00\" \/>\n<meta property=\"og:image\" content=\"https:\/\/lospoliticosveracruz.com.mx\/wp-content\/uploads\/2023\/02\/Vinissimo.jpg\" \/>\n<meta name=\"author\" content=\"Lo viste en Los Pol\u00edticos\" \/>\n<meta name=\"twitter:card\" content=\"summary_large_image\" \/>\n<meta name=\"twitter:creator\" content=\"@LosPoliticosVer\" \/>\n<meta name=\"twitter:site\" content=\"@LosPoliticosVer\" \/>\n<meta name=\"twitter:label1\" content=\"Escrito por\" \/>\n\t<meta name=\"twitter:data1\" content=\"Lo viste en Los Pol\u00edticos\" \/>\n\t<meta name=\"twitter:label2\" content=\"Tiempo de lectura\" \/>\n\t<meta name=\"twitter:data2\" content=\"4 minutos\" \/>\n<script type=\"application\/ld+json\" class=\"yoast-schema-graph\">{\"@context\":\"https:\\\/\\\/schema.org\",\"@graph\":[{\"@type\":\"Article\",\"@id\":\"https:\\\/\\\/lospoliticosveracruz.com\\\/?p=103876#article\",\"isPartOf\":{\"@id\":\"https:\\\/\\\/lospoliticosveracruz.com\\\/?p=103876\"},\"author\":{\"name\":\"Lo viste en Los Pol\u00edticos\",\"@id\":\"https:\\\/\\\/lospoliticosveracruz.com\\\/#\\\/schema\\\/person\\\/b8702bb0e538456e6efd07080bf2a4a2\"},\"headline\":\"MORENA EN 3 ACTOS\",\"datePublished\":\"2023-03-21T05:56:44+00:00\",\"dateModified\":\"2023-03-21T05:56:50+00:00\",\"mainEntityOfPage\":{\"@id\":\"https:\\\/\\\/lospoliticosveracruz.com\\\/?p=103876\"},\"wordCount\":760,\"publisher\":{\"@id\":\"https:\\\/\\\/lospoliticosveracruz.com\\\/#organization\"},\"image\":{\"@id\":\"https:\\\/\\\/lospoliticosveracruz.com\\\/?p=103876#primaryimage\"},\"thumbnailUrl\":\"https:\\\/\\\/lospoliticosveracruz.com.mx\\\/wp-content\\\/uploads\\\/2023\\\/02\\\/Vinissimo.jpg\",\"keywords\":[\"Andr\u00e9s Manuel L\u00f3pez Obrador\",\"Cuitl\u00e1huac Garc\u00eda Jim\u00e9nez\",\"Eleazar Guerrero P\u00e9rez\",\"Felipe Calder\u00f3n\",\"Genaro Garc\u00eda Luna\",\"Jaula de la Justicia\",\"Juan Javier G\u00f3mez Cazar\u00edn\",\"Lisbeth Aurelia Jim\u00e9nez Aguirre\",\"Lorenzo C\u00f3rdova\",\"Norma Pi\u00f1a Hern\u00e1ndez\",\"Poder Judicial del Estado de Veracruz\",\"Suprema Corte de Justicia de la Naci\u00f3n\",\"Ulises Rodr\u00edguez Landa\",\"Unidos Todos\",\"Veracruz\"],\"articleSection\":[\"De Opini\u00f3n\"],\"inLanguage\":\"es\"},{\"@type\":\"WebPage\",\"@id\":\"https:\\\/\\\/lospoliticosveracruz.com\\\/?p=103876\",\"url\":\"https:\\\/\\\/lospoliticosveracruz.com\\\/?p=103876\",\"name\":\"MORENA EN 3 ACTOS - Los pol\u00edticos Veracruz\",\"isPartOf\":{\"@id\":\"https:\\\/\\\/lospoliticosveracruz.com\\\/#website\"},\"primaryImageOfPage\":{\"@id\":\"https:\\\/\\\/lospoliticosveracruz.com\\\/?p=103876#primaryimage\"},\"image\":{\"@id\":\"https:\\\/\\\/lospoliticosveracruz.com\\\/?p=103876#primaryimage\"},\"thumbnailUrl\":\"https:\\\/\\\/lospoliticosveracruz.com.mx\\\/wp-content\\\/uploads\\\/2023\\\/02\\\/Vinissimo.jpg\",\"datePublished\":\"2023-03-21T05:56:44+00:00\",\"dateModified\":\"2023-03-21T05:56:50+00:00\",\"breadcrumb\":{\"@id\":\"https:\\\/\\\/lospoliticosveracruz.com\\\/?p=103876#breadcrumb\"},\"inLanguage\":\"es\",\"potentialAction\":[{\"@type\":\"ReadAction\",\"target\":[\"https:\\\/\\\/lospoliticosveracruz.com\\\/?p=103876\"]}]},{\"@type\":\"ImageObject\",\"inLanguage\":\"es\",\"@id\":\"https:\\\/\\\/lospoliticosveracruz.com\\\/?p=103876#primaryimage\",\"url\":\"https:\\\/\\\/lospoliticosveracruz.com.mx\\\/wp-content\\\/uploads\\\/2023\\\/02\\\/Vinissimo.jpg\",\"contentUrl\":\"https:\\\/\\\/lospoliticosveracruz.com.mx\\\/wp-content\\\/uploads\\\/2023\\\/02\\\/Vinissimo.jpg\"},{\"@type\":\"BreadcrumbList\",\"@id\":\"https:\\\/\\\/lospoliticosveracruz.com\\\/?p=103876#breadcrumb\",\"itemListElement\":[{\"@type\":\"ListItem\",\"position\":1,\"name\":\"Portada\",\"item\":\"https:\\\/\\\/lospoliticosveracruz.com\\\/\"},{\"@type\":\"ListItem\",\"position\":2,\"name\":\"MORENA EN 3 ACTOS\"}]},{\"@type\":\"WebSite\",\"@id\":\"https:\\\/\\\/lospoliticosveracruz.com\\\/#website\",\"url\":\"https:\\\/\\\/lospoliticosveracruz.com\\\/\",\"name\":\"Los pol\u00edticos Veracruz\",\"description\":\"\",\"publisher\":{\"@id\":\"https:\\\/\\\/lospoliticosveracruz.com\\\/#organization\"},\"potentialAction\":[{\"@type\":\"SearchAction\",\"target\":{\"@type\":\"EntryPoint\",\"urlTemplate\":\"https:\\\/\\\/lospoliticosveracruz.com\\\/?s={search_term_string}\"},\"query-input\":{\"@type\":\"PropertyValueSpecification\",\"valueRequired\":true,\"valueName\":\"search_term_string\"}}],\"inLanguage\":\"es\"},{\"@type\":\"Organization\",\"@id\":\"https:\\\/\\\/lospoliticosveracruz.com\\\/#organization\",\"name\":\"Los pol\u00edticos Veracruz\",\"url\":\"https:\\\/\\\/lospoliticosveracruz.com\\\/\",\"logo\":{\"@type\":\"ImageObject\",\"inLanguage\":\"es\",\"@id\":\"https:\\\/\\\/lospoliticosveracruz.com\\\/#\\\/schema\\\/logo\\\/image\\\/\",\"url\":\"https:\\\/\\\/lospoliticosveracruz.com\\\/wp-content\\\/uploads\\\/2025\\\/12\\\/Logo-Nuevo-LOS-POLITICOS-1.jpg\",\"contentUrl\":\"https:\\\/\\\/lospoliticosveracruz.com\\\/wp-content\\\/uploads\\\/2025\\\/12\\\/Logo-Nuevo-LOS-POLITICOS-1.jpg\",\"width\":260,\"height\":70,\"caption\":\"Los pol\u00edticos Veracruz\"},\"image\":{\"@id\":\"https:\\\/\\\/lospoliticosveracruz.com\\\/#\\\/schema\\\/logo\\\/image\\\/\"},\"sameAs\":[\"https:\\\/\\\/www.facebook.com\\\/people\\\/Notimemes-de-los-Polticos\\\/61565672886568\\\/\",\"https:\\\/\\\/x.com\\\/LosPoliticosVer\"]},{\"@type\":\"Person\",\"@id\":\"https:\\\/\\\/lospoliticosveracruz.com\\\/#\\\/schema\\\/person\\\/b8702bb0e538456e6efd07080bf2a4a2\",\"name\":\"Lo viste en Los Pol\u00edticos\",\"image\":{\"@type\":\"ImageObject\",\"inLanguage\":\"es\",\"@id\":\"https:\\\/\\\/secure.gravatar.com\\\/avatar\\\/3a8de04a2656d44082be478bd6c086daa447c4651605818287b9532d3d0bd435?s=96&d=mm&r=g\",\"url\":\"https:\\\/\\\/secure.gravatar.com\\\/avatar\\\/3a8de04a2656d44082be478bd6c086daa447c4651605818287b9532d3d0bd435?s=96&d=mm&r=g\",\"contentUrl\":\"https:\\\/\\\/secure.gravatar.com\\\/avatar\\\/3a8de04a2656d44082be478bd6c086daa447c4651605818287b9532d3d0bd435?s=96&d=mm&r=g\",\"caption\":\"Lo viste en Los Pol\u00edticos\"},\"url\":\"https:\\\/\\\/lospoliticosveracruz.com\\\/?author=2\"}]}<\/script>\n<!-- \/ Yoast SEO plugin. -->","yoast_head_json":{"title":"MORENA EN 3 ACTOS - Los pol\u00edticos Veracruz","robots":{"index":"index","follow":"follow","max-snippet":"max-snippet:-1","max-image-preview":"max-image-preview:large","max-video-preview":"max-video-preview:-1"},"canonical":"https:\/\/lospoliticosveracruz.com\/?p=103876","og_locale":"es_ES","og_type":"article","og_title":"MORENA EN 3 ACTOS - Los pol\u00edticos Veracruz","og_description":"Salvador Mu\u00f1oz Los Pol\u00edticos Primer Acto Sin \u00e1nimo de ser ni ofensivo ni adulador, Juan Javier G\u00f3mez Cazar\u00edn se volvi\u00f3 un fen\u00f3meno pol\u00edtico que ha llamado la atenci\u00f3n, no s\u00f3lo de medios ni del inquilino de Palacio Nacional, sino tambi\u00e9n de las corcholatas. Pudo parecer una jalada lo de su Marcha de la Justicia que [&hellip;]","og_url":"https:\/\/lospoliticosveracruz.com\/?p=103876","og_site_name":"Los pol\u00edticos Veracruz","article_publisher":"https:\/\/www.facebook.com\/people\/Notimemes-de-los-Polticos\/61565672886568\/","article_published_time":"2023-03-21T05:56:44+00:00","article_modified_time":"2023-03-21T05:56:50+00:00","og_image":[{"url":"https:\/\/lospoliticosveracruz.com.mx\/wp-content\/uploads\/2023\/02\/Vinissimo.jpg","type":"","width":"","height":""}],"author":"Lo viste en Los Pol\u00edticos","twitter_card":"summary_large_image","twitter_creator":"@LosPoliticosVer","twitter_site":"@LosPoliticosVer","twitter_misc":{"Escrito por":"Lo viste en Los Pol\u00edticos","Tiempo de lectura":"4 minutos"},"schema":{"@context":"https:\/\/schema.org","@graph":[{"@type":"Article","@id":"https:\/\/lospoliticosveracruz.com\/?p=103876#article","isPartOf":{"@id":"https:\/\/lospoliticosveracruz.com\/?p=103876"},"author":{"name":"Lo viste en Los Pol\u00edticos","@id":"https:\/\/lospoliticosveracruz.com\/#\/schema\/person\/b8702bb0e538456e6efd07080bf2a4a2"},"headline":"MORENA EN 3 ACTOS","datePublished":"2023-03-21T05:56:44+00:00","dateModified":"2023-03-21T05:56:50+00:00","mainEntityOfPage":{"@id":"https:\/\/lospoliticosveracruz.com\/?p=103876"},"wordCount":760,"publisher":{"@id":"https:\/\/lospoliticosveracruz.com\/#organization"},"image":{"@id":"https:\/\/lospoliticosveracruz.com\/?p=103876#primaryimage"},"thumbnailUrl":"https:\/\/lospoliticosveracruz.com.mx\/wp-content\/uploads\/2023\/02\/Vinissimo.jpg","keywords":["Andr\u00e9s Manuel L\u00f3pez Obrador","Cuitl\u00e1huac Garc\u00eda Jim\u00e9nez","Eleazar Guerrero P\u00e9rez","Felipe Calder\u00f3n","Genaro Garc\u00eda Luna","Jaula de la Justicia","Juan Javier G\u00f3mez Cazar\u00edn","Lisbeth Aurelia Jim\u00e9nez Aguirre","Lorenzo C\u00f3rdova","Norma Pi\u00f1a Hern\u00e1ndez","Poder Judicial del Estado de Veracruz","Suprema Corte de Justicia de la Naci\u00f3n","Ulises Rodr\u00edguez Landa","Unidos Todos","Veracruz"],"articleSection":["De Opini\u00f3n"],"inLanguage":"es"},{"@type":"WebPage","@id":"https:\/\/lospoliticosveracruz.com\/?p=103876","url":"https:\/\/lospoliticosveracruz.com\/?p=103876","name":"MORENA EN 3 ACTOS - Los pol\u00edticos Veracruz","isPartOf":{"@id":"https:\/\/lospoliticosveracruz.com\/#website"},"primaryImageOfPage":{"@id":"https:\/\/lospoliticosveracruz.com\/?p=103876#primaryimage"},"image":{"@id":"https:\/\/lospoliticosveracruz.com\/?p=103876#primaryimage"},"thumbnailUrl":"https:\/\/lospoliticosveracruz.com.mx\/wp-content\/uploads\/2023\/02\/Vinissimo.jpg","datePublished":"2023-03-21T05:56:44+00:00","dateModified":"2023-03-21T05:56:50+00:00","breadcrumb":{"@id":"https:\/\/lospoliticosveracruz.com\/?p=103876#breadcrumb"},"inLanguage":"es","potentialAction":[{"@type":"ReadAction","target":["https:\/\/lospoliticosveracruz.com\/?p=103876"]}]},{"@type":"ImageObject","inLanguage":"es","@id":"https:\/\/lospoliticosveracruz.com\/?p=103876#primaryimage","url":"https:\/\/lospoliticosveracruz.com.mx\/wp-content\/uploads\/2023\/02\/Vinissimo.jpg","contentUrl":"https:\/\/lospoliticosveracruz.com.mx\/wp-content\/uploads\/2023\/02\/Vinissimo.jpg"},{"@type":"BreadcrumbList","@id":"https:\/\/lospoliticosveracruz.com\/?p=103876#breadcrumb","itemListElement":[{"@type":"ListItem","position":1,"name":"Portada","item":"https:\/\/lospoliticosveracruz.com\/"},{"@type":"ListItem","position":2,"name":"MORENA EN 3 ACTOS"}]},{"@type":"WebSite","@id":"https:\/\/lospoliticosveracruz.com\/#website","url":"https:\/\/lospoliticosveracruz.com\/","name":"Los pol\u00edticos Veracruz","description":"","publisher":{"@id":"https:\/\/lospoliticosveracruz.com\/#organization"},"potentialAction":[{"@type":"SearchAction","target":{"@type":"EntryPoint","urlTemplate":"https:\/\/lospoliticosveracruz.com\/?s={search_term_string}"},"query-input":{"@type":"PropertyValueSpecification","valueRequired":true,"valueName":"search_term_string"}}],"inLanguage":"es"},{"@type":"Organization","@id":"https:\/\/lospoliticosveracruz.com\/#organization","name":"Los pol\u00edticos Veracruz","url":"https:\/\/lospoliticosveracruz.com\/","logo":{"@type":"ImageObject","inLanguage":"es","@id":"https:\/\/lospoliticosveracruz.com\/#\/schema\/logo\/image\/","url":"https:\/\/lospoliticosveracruz.com\/wp-content\/uploads\/2025\/12\/Logo-Nuevo-LOS-POLITICOS-1.jpg","contentUrl":"https:\/\/lospoliticosveracruz.com\/wp-content\/uploads\/2025\/12\/Logo-Nuevo-LOS-POLITICOS-1.jpg","width":260,"height":70,"caption":"Los pol\u00edticos Veracruz"},"image":{"@id":"https:\/\/lospoliticosveracruz.com\/#\/schema\/logo\/image\/"},"sameAs":["https:\/\/www.facebook.com\/people\/Notimemes-de-los-Polticos\/61565672886568\/","https:\/\/x.com\/LosPoliticosVer"]},{"@type":"Person","@id":"https:\/\/lospoliticosveracruz.com\/#\/schema\/person\/b8702bb0e538456e6efd07080bf2a4a2","name":"Lo viste en Los Pol\u00edticos","image":{"@type":"ImageObject","inLanguage":"es","@id":"https:\/\/secure.gravatar.com\/avatar\/3a8de04a2656d44082be478bd6c086daa447c4651605818287b9532d3d0bd435?s=96&d=mm&r=g","url":"https:\/\/secure.gravatar.com\/avatar\/3a8de04a2656d44082be478bd6c086daa447c4651605818287b9532d3d0bd435?s=96&d=mm&r=g","contentUrl":"https:\/\/secure.gravatar.com\/avatar\/3a8de04a2656d44082be478bd6c086daa447c4651605818287b9532d3d0bd435?s=96&d=mm&r=g","caption":"Lo viste en Los Pol\u00edticos"},"url":"https:\/\/lospoliticosveracruz.com\/?author=2"}]}},"_links":{"self":[{"href":"https:\/\/lospoliticosveracruz.com\/index.php?rest_route=\/wp\/v2\/posts\/103876","targetHints":{"allow":["GET"]}}],"collection":[{"href":"https:\/\/lospoliticosveracruz.com\/index.php?rest_route=\/wp\/v2\/posts"}],"about":[{"href":"https:\/\/lospoliticosveracruz.com\/index.php?rest_route=\/wp\/v2\/types\/post"}],"author":[{"embeddable":true,"href":"https:\/\/lospoliticosveracruz.com\/index.php?rest_route=\/wp\/v2\/users\/2"}],"replies":[{"embeddable":true,"href":"https:\/\/lospoliticosveracruz.com\/index.php?rest_route=%2Fwp%2Fv2%2Fcomments&post=103876"}],"version-history":[{"count":1,"href":"https:\/\/lospoliticosveracruz.com\/index.php?rest_route=\/wp\/v2\/posts\/103876\/revisions"}],"predecessor-version":[{"id":103878,"href":"https:\/\/lospoliticosveracruz.com\/index.php?rest_route=\/wp\/v2\/posts\/103876\/revisions\/103878"}],"wp:attachment":[{"href":"https:\/\/lospoliticosveracruz.com\/index.php?rest_route=%2Fwp%2Fv2%2Fmedia&parent=103876"}],"wp:term":[{"taxonomy":"category","embeddable":true,"href":"https:\/\/lospoliticosveracruz.com\/index.php?rest_route=%2Fwp%2Fv2%2Fcategories&post=103876"},{"taxonomy":"post_tag","embeddable":true,"href":"https:\/\/lospoliticosveracruz.com\/index.php?rest_route=%2Fwp%2Fv2%2Ftags&post=103876"}],"curies":[{"name":"wp","href":"https:\/\/api.w.org\/{rel}","templated":true}]}}