{"id":104107,"date":"2023-03-27T07:31:10","date_gmt":"2023-03-27T13:31:10","guid":{"rendered":"https:\/\/lospoliticosveracruz.com.mx\/?p=104107"},"modified":"2023-03-27T07:31:14","modified_gmt":"2023-03-27T13:31:14","slug":"educacion-los-datos-duros","status":"publish","type":"post","link":"https:\/\/lospoliticosveracruz.com\/?p=104107","title":{"rendered":"EDUCACI\u00d3N, LOS DATOS DUROS"},"content":{"rendered":"\n<p><\/p>\n\n\n\n<p><strong>Enrique Yasser Pompeyo<br><\/strong><em>Mesa de Redacci\u00f3n<\/em><\/p>\n\n\n\n<p>M\u00e1s all\u00e1 de los discursos est\u00e1n los hechos, los datos duros. En el estado, la Secretar\u00eda de Educaci\u00f3n de Veracruz (SEV) que encabeza Zenyazen Escobar Garc\u00eda, atiende las necesidades de los planteles educativos para generar un cambio social.<\/p>\n\n\n<div class=\"wp-block-image\">\n<figure class=\"alignleft size-medium\"><a href=\"https:\/\/lospoliticosveracruz.com.mx\/wp-content\/uploads\/2021\/10\/WhatsApp-Image-2021-10-02-at-15.20.25.jpeg\"><img loading=\"lazy\" decoding=\"async\" width=\"212\" height=\"300\" src=\"https:\/\/lospoliticosveracruz.com.mx\/wp-content\/uploads\/2021\/10\/WhatsApp-Image-2021-10-02-at-15.20.25-212x300.jpeg\" alt=\"\" class=\"wp-image-80177\" srcset=\"https:\/\/lospoliticosveracruz.com\/wp-content\/uploads\/2021\/10\/WhatsApp-Image-2021-10-02-at-15.20.25-212x300.jpeg 212w, https:\/\/lospoliticosveracruz.com\/wp-content\/uploads\/2021\/10\/WhatsApp-Image-2021-10-02-at-15.20.25-724x1024.jpeg 724w, https:\/\/lospoliticosveracruz.com\/wp-content\/uploads\/2021\/10\/WhatsApp-Image-2021-10-02-at-15.20.25-768x1086.jpeg 768w, https:\/\/lospoliticosveracruz.com\/wp-content\/uploads\/2021\/10\/WhatsApp-Image-2021-10-02-at-15.20.25.jpeg 905w\" sizes=\"auto, (max-width: 212px) 100vw, 212px\" \/><\/a><\/figure>\n<\/div>\n\n\n<p>En lo que va de la actual administraci\u00f3n estatal han sido reconstruidas un total de cinco mil escuelas.<\/p>\n\n\n\n<p>Si antes, hablar de la entidad era sin\u00f3nimo de saqueo y corrupci\u00f3n, hoy la inversi\u00f3n en obra p\u00fablica educativa es una prioridad.<\/p>\n\n\n\n<p>Unos ejemplos. En el caso de la Escuela Secundaria T\u00e9cnica Industrial no. 76 de Tuxpan, se invertir\u00e1n 6 millones de pesos para la rehabilitaci\u00f3n del inmueble que presenta da\u00f1o estructural.<\/p>\n\n\n\n<p>Pero no s\u00f3lo eso, tambi\u00e9n, mediante el programa de Tiendas Escolares, se habilitar\u00e1 un aula de c\u00f3mputo para eliminar el uso de las m\u00e1quinas de escribir que manten\u00edan a pesar de que con el paso de los a\u00f1os se convirtieron en obsoletas.<\/p>\n\n\n\n<p><strong>POLIT\u00c9CNICA DE HUATUSCO<\/strong><\/p>\n\n\n\n<p>En el municipio de Chocam\u00e1n, con una inversi\u00f3n inicial de 6 millones 300 mil pesos, se iniciar\u00e1 la construcci\u00f3n de la extensi\u00f3n de la Universidad Polit\u00e9cnica de Huatusco (UPH). Esto es gracias a que ya existe una donaci\u00f3n del predio por parte del Ayuntamiento que preside el alcalde Ernesto Ruiz.<\/p>\n\n\n\n<p>Con esta nueva universidad se ampliar\u00e1 la oferta educativa para las y los j\u00f3venes de la regi\u00f3n. Aunado a la iniciativa del gobierno local para facilitar el espacio, se tom\u00f3 en consideraci\u00f3n al sector empresarial y sus necesidades de formaci\u00f3n de egresados.<\/p>\n\n\n\n<p>Una de las prioridades es rescatar al mayor n\u00famero de estudiantes y evitar la desafiliaci\u00f3n escolar, de manera que la SEV mantiene un esfuerzo extraordinario por ofertar espacios en nivel superior para que los estudiantes cuenten con un lugar en las aulas.<\/p>\n\n\n\n<p>Hay un aspecto relevante. Aun con un presupuesto 12 veces menor al de la Universidad Veracruzana (UV) se mantiene a las y los alumnos en las escuelas como parte de la utop\u00eda planteada de rechazo cero.<\/p>\n\n\n\n<p>Por cierto, el gobierno estatal se mantiene en la ruta de la transformaci\u00f3n educativa, por lo que tambi\u00e9n se encuentra en desarrollo la construcci\u00f3n de la Escuela Normal Veracruzana al sur del estado.<\/p>\n\n\n\n<p><strong>LA ESBAO<\/strong><\/p>\n\n\n\n<p>Ante el reclamo por la recuperaci\u00f3n del uso y manejo del auditorio \u201cDr. Manuel Suarez\u201d, el secretario de Educaci\u00f3n, Zenyazen Escobar Garc\u00eda, destaca que existe un pleno respaldo a los estudiantes de la Escuela Secundaria y de Bachilleres de Artes y Oficios (ESBAO) de C\u00f3rdoba.<\/p>\n\n\n\n<p>Cabe mencionar que este auditorio fue construido en 1968; durante el gobierno de Fidel Herrera Beltr\u00e1n se cedi\u00f3 en comodato verbal presuntamente por 100 a\u00f1os a la Fundaci\u00f3n ESBAO, actualmente presidida por el abogado Pablo Mart\u00ednez.<\/p>\n\n\n\n<p>Dicha organizaci\u00f3n se cre\u00f3 en el a\u00f1o 2006, previo a los trabajos de remodelaci\u00f3n del inmueble, desde entonces la administraci\u00f3n de este qued\u00f3 en manos de las y los integrantes de la Fundaci\u00f3n, quienes de acuerdo con directivos de los planteles que alberga la ESBAO se desconoce el monto de ingresos por la renta a terceros.<\/p>\n\n\n\n<p>En un principio tambi\u00e9n se aseguraba que parte de estos recursos generados por la renta del lugar servir\u00edan para becar a estudiantes destacados de los planteles de la escuela, as\u00ed como el mantenimiento y la cobertura de gastos adicionales de esta, sin embargo, estudiantes han reprochado el incumplimiento de lo anterior.<\/p>\n\n\n\n<p><strong>FERIAS EDUCATIVAS<\/strong><\/p>\n\n\n\n<p>El impulso a la educaci\u00f3n no se detiene, por lo que contin\u00faan las Expo Ferias Educativas.<\/p>\n\n\n\n<p>El subsecretario de Educaci\u00f3n Media Superior y Superior, Jorge Miguel Uscanga Villalba, se\u00f1ala que las Expos tienen la intenci\u00f3n de llegar a todos los rincones del estado, para que la Educaci\u00f3n Media Superior y Superior est\u00e9 siempre como una opci\u00f3n de transformaci\u00f3n de la sociedad, dando oportunidad a todas y todos los j\u00f3venes de continuar sus estudios.<\/p>\n\n\n\n<p>En esta segunda edici\u00f3n, se llevar\u00e1n a cabo 27 Expo Ferias Educativas, siendo C\u00f3rdoba la tercera fecha programada. En las sedes de Huatusco y Zongolica se han sumado diez mil 704 asistentes; se presentaron 39 proyectos productivos; 1568 j\u00f3venes participaron en actividades deportivas; 230, en actividades art\u00edsticas y culturales; 966, en Magtanaya (responsabilidad social de la educaci\u00f3n), y m\u00e1s de 480, en l\u00edderes 4.0; tambi\u00e9n se cont\u00f3 con la intervenci\u00f3n de 48 empresarios y ocho asociaciones civiles.<\/p>\n\n\n\n<p>enriquepompeyo@hotmail.com<\/p>\n","protected":false},"excerpt":{"rendered":"<p>Enrique Yasser PompeyoMesa de Redacci\u00f3n M\u00e1s all\u00e1 de los discursos est\u00e1n los hechos, los datos duros. En el estado, la Secretar\u00eda de Educaci\u00f3n de Veracruz (SEV) que encabeza Zenyazen Escobar Garc\u00eda, atiende las necesidades de los planteles educativos para generar un cambio social. En lo que va de la actual administraci\u00f3n estatal han sido reconstruidas [&hellip;]<\/p>\n","protected":false},"author":2,"featured_media":0,"comment_status":"closed","ping_status":"closed","sticky":false,"template":"","format":"standard","meta":{"tdm_status":"","tdm_grid_status":"","footnotes":""},"categories":[70],"tags":[15477,33943,2432,12372],"class_list":{"0":"post-104107","1":"post","2":"type-post","3":"status-publish","4":"format-standard","6":"category-de-opinion","7":"tag-enrique-yasser-pompeyo","8":"tag-expo-ferias-educativas","9":"tag-secretaria-de-educacion-de-veracruz","10":"tag-zenyazen-escobar-garcia"},"yoast_head":"<!-- This site is optimized with the Yoast SEO plugin v27.4 - https:\/\/yoast.com\/product\/yoast-seo-wordpress\/ -->\n<title>EDUCACI\u00d3N, LOS DATOS DUROS - Los pol\u00edticos Veracruz<\/title>\n<meta name=\"robots\" content=\"index, follow, max-snippet:-1, max-image-preview:large, max-video-preview:-1\" \/>\n<link rel=\"canonical\" href=\"https:\/\/lospoliticosveracruz.com\/?p=104107\" \/>\n<meta property=\"og:locale\" content=\"es_ES\" \/>\n<meta property=\"og:type\" content=\"article\" \/>\n<meta property=\"og:title\" content=\"EDUCACI\u00d3N, LOS DATOS DUROS - Los pol\u00edticos Veracruz\" \/>\n<meta property=\"og:description\" content=\"Enrique Yasser PompeyoMesa de Redacci\u00f3n M\u00e1s all\u00e1 de los discursos est\u00e1n los hechos, los datos duros. En el estado, la Secretar\u00eda de Educaci\u00f3n de Veracruz (SEV) que encabeza Zenyazen Escobar Garc\u00eda, atiende las necesidades de los planteles educativos para generar un cambio social. En lo que va de la actual administraci\u00f3n estatal han sido reconstruidas [&hellip;]\" \/>\n<meta property=\"og:url\" content=\"https:\/\/lospoliticosveracruz.com\/?p=104107\" \/>\n<meta property=\"og:site_name\" content=\"Los pol\u00edticos Veracruz\" \/>\n<meta property=\"article:publisher\" content=\"https:\/\/www.facebook.com\/people\/Notimemes-de-los-Polticos\/61565672886568\/\" \/>\n<meta property=\"article:published_time\" content=\"2023-03-27T13:31:10+00:00\" \/>\n<meta property=\"article:modified_time\" content=\"2023-03-27T13:31:14+00:00\" \/>\n<meta property=\"og:image\" content=\"https:\/\/lospoliticosveracruz.com.mx\/wp-content\/uploads\/2021\/10\/WhatsApp-Image-2021-10-02-at-15.20.25-212x300.jpeg\" \/>\n<meta name=\"author\" content=\"Lo viste en Los Pol\u00edticos\" \/>\n<meta name=\"twitter:card\" content=\"summary_large_image\" \/>\n<meta name=\"twitter:creator\" content=\"@LosPoliticosVer\" \/>\n<meta name=\"twitter:site\" content=\"@LosPoliticosVer\" \/>\n<meta name=\"twitter:label1\" content=\"Escrito por\" \/>\n\t<meta name=\"twitter:data1\" content=\"Lo viste en Los Pol\u00edticos\" \/>\n\t<meta name=\"twitter:label2\" content=\"Tiempo de lectura\" \/>\n\t<meta name=\"twitter:data2\" content=\"4 minutos\" \/>\n<script type=\"application\/ld+json\" class=\"yoast-schema-graph\">{\"@context\":\"https:\\\/\\\/schema.org\",\"@graph\":[{\"@type\":\"Article\",\"@id\":\"https:\\\/\\\/lospoliticosveracruz.com\\\/?p=104107#article\",\"isPartOf\":{\"@id\":\"https:\\\/\\\/lospoliticosveracruz.com\\\/?p=104107\"},\"author\":{\"name\":\"Lo viste en Los Pol\u00edticos\",\"@id\":\"https:\\\/\\\/lospoliticosveracruz.com\\\/#\\\/schema\\\/person\\\/b8702bb0e538456e6efd07080bf2a4a2\"},\"headline\":\"EDUCACI\u00d3N, LOS DATOS DUROS\",\"datePublished\":\"2023-03-27T13:31:10+00:00\",\"dateModified\":\"2023-03-27T13:31:14+00:00\",\"mainEntityOfPage\":{\"@id\":\"https:\\\/\\\/lospoliticosveracruz.com\\\/?p=104107\"},\"wordCount\":767,\"publisher\":{\"@id\":\"https:\\\/\\\/lospoliticosveracruz.com\\\/#organization\"},\"image\":{\"@id\":\"https:\\\/\\\/lospoliticosveracruz.com\\\/?p=104107#primaryimage\"},\"thumbnailUrl\":\"https:\\\/\\\/lospoliticosveracruz.com.mx\\\/wp-content\\\/uploads\\\/2021\\\/10\\\/WhatsApp-Image-2021-10-02-at-15.20.25-212x300.jpeg\",\"keywords\":[\"Enrique Yasser Pompeyo\",\"Expo Ferias Educativas\",\"Secretar\u00eda de Educaci\u00f3n de Veracruz\",\"Zenyazen Escobar Garc\u00eda\"],\"articleSection\":[\"De Opini\u00f3n\"],\"inLanguage\":\"es\"},{\"@type\":\"WebPage\",\"@id\":\"https:\\\/\\\/lospoliticosveracruz.com\\\/?p=104107\",\"url\":\"https:\\\/\\\/lospoliticosveracruz.com\\\/?p=104107\",\"name\":\"EDUCACI\u00d3N, LOS DATOS DUROS - Los pol\u00edticos Veracruz\",\"isPartOf\":{\"@id\":\"https:\\\/\\\/lospoliticosveracruz.com\\\/#website\"},\"primaryImageOfPage\":{\"@id\":\"https:\\\/\\\/lospoliticosveracruz.com\\\/?p=104107#primaryimage\"},\"image\":{\"@id\":\"https:\\\/\\\/lospoliticosveracruz.com\\\/?p=104107#primaryimage\"},\"thumbnailUrl\":\"https:\\\/\\\/lospoliticosveracruz.com.mx\\\/wp-content\\\/uploads\\\/2021\\\/10\\\/WhatsApp-Image-2021-10-02-at-15.20.25-212x300.jpeg\",\"datePublished\":\"2023-03-27T13:31:10+00:00\",\"dateModified\":\"2023-03-27T13:31:14+00:00\",\"breadcrumb\":{\"@id\":\"https:\\\/\\\/lospoliticosveracruz.com\\\/?p=104107#breadcrumb\"},\"inLanguage\":\"es\",\"potentialAction\":[{\"@type\":\"ReadAction\",\"target\":[\"https:\\\/\\\/lospoliticosveracruz.com\\\/?p=104107\"]}]},{\"@type\":\"ImageObject\",\"inLanguage\":\"es\",\"@id\":\"https:\\\/\\\/lospoliticosveracruz.com\\\/?p=104107#primaryimage\",\"url\":\"https:\\\/\\\/lospoliticosveracruz.com.mx\\\/wp-content\\\/uploads\\\/2021\\\/10\\\/WhatsApp-Image-2021-10-02-at-15.20.25-212x300.jpeg\",\"contentUrl\":\"https:\\\/\\\/lospoliticosveracruz.com.mx\\\/wp-content\\\/uploads\\\/2021\\\/10\\\/WhatsApp-Image-2021-10-02-at-15.20.25-212x300.jpeg\"},{\"@type\":\"BreadcrumbList\",\"@id\":\"https:\\\/\\\/lospoliticosveracruz.com\\\/?p=104107#breadcrumb\",\"itemListElement\":[{\"@type\":\"ListItem\",\"position\":1,\"name\":\"Portada\",\"item\":\"https:\\\/\\\/lospoliticosveracruz.com\\\/\"},{\"@type\":\"ListItem\",\"position\":2,\"name\":\"EDUCACI\u00d3N, LOS DATOS DUROS\"}]},{\"@type\":\"WebSite\",\"@id\":\"https:\\\/\\\/lospoliticosveracruz.com\\\/#website\",\"url\":\"https:\\\/\\\/lospoliticosveracruz.com\\\/\",\"name\":\"Los pol\u00edticos Veracruz\",\"description\":\"\",\"publisher\":{\"@id\":\"https:\\\/\\\/lospoliticosveracruz.com\\\/#organization\"},\"potentialAction\":[{\"@type\":\"SearchAction\",\"target\":{\"@type\":\"EntryPoint\",\"urlTemplate\":\"https:\\\/\\\/lospoliticosveracruz.com\\\/?s={search_term_string}\"},\"query-input\":{\"@type\":\"PropertyValueSpecification\",\"valueRequired\":true,\"valueName\":\"search_term_string\"}}],\"inLanguage\":\"es\"},{\"@type\":\"Organization\",\"@id\":\"https:\\\/\\\/lospoliticosveracruz.com\\\/#organization\",\"name\":\"Los pol\u00edticos Veracruz\",\"url\":\"https:\\\/\\\/lospoliticosveracruz.com\\\/\",\"logo\":{\"@type\":\"ImageObject\",\"inLanguage\":\"es\",\"@id\":\"https:\\\/\\\/lospoliticosveracruz.com\\\/#\\\/schema\\\/logo\\\/image\\\/\",\"url\":\"https:\\\/\\\/lospoliticosveracruz.com\\\/wp-content\\\/uploads\\\/2025\\\/12\\\/Logo-Nuevo-LOS-POLITICOS-1.jpg\",\"contentUrl\":\"https:\\\/\\\/lospoliticosveracruz.com\\\/wp-content\\\/uploads\\\/2025\\\/12\\\/Logo-Nuevo-LOS-POLITICOS-1.jpg\",\"width\":260,\"height\":70,\"caption\":\"Los pol\u00edticos Veracruz\"},\"image\":{\"@id\":\"https:\\\/\\\/lospoliticosveracruz.com\\\/#\\\/schema\\\/logo\\\/image\\\/\"},\"sameAs\":[\"https:\\\/\\\/www.facebook.com\\\/people\\\/Notimemes-de-los-Polticos\\\/61565672886568\\\/\",\"https:\\\/\\\/x.com\\\/LosPoliticosVer\"]},{\"@type\":\"Person\",\"@id\":\"https:\\\/\\\/lospoliticosveracruz.com\\\/#\\\/schema\\\/person\\\/b8702bb0e538456e6efd07080bf2a4a2\",\"name\":\"Lo viste en Los Pol\u00edticos\",\"image\":{\"@type\":\"ImageObject\",\"inLanguage\":\"es\",\"@id\":\"https:\\\/\\\/secure.gravatar.com\\\/avatar\\\/3a8de04a2656d44082be478bd6c086daa447c4651605818287b9532d3d0bd435?s=96&d=mm&r=g\",\"url\":\"https:\\\/\\\/secure.gravatar.com\\\/avatar\\\/3a8de04a2656d44082be478bd6c086daa447c4651605818287b9532d3d0bd435?s=96&d=mm&r=g\",\"contentUrl\":\"https:\\\/\\\/secure.gravatar.com\\\/avatar\\\/3a8de04a2656d44082be478bd6c086daa447c4651605818287b9532d3d0bd435?s=96&d=mm&r=g\",\"caption\":\"Lo viste en Los Pol\u00edticos\"},\"url\":\"https:\\\/\\\/lospoliticosveracruz.com\\\/?author=2\"}]}<\/script>\n<!-- \/ Yoast SEO plugin. -->","yoast_head_json":{"title":"EDUCACI\u00d3N, LOS DATOS DUROS - Los pol\u00edticos Veracruz","robots":{"index":"index","follow":"follow","max-snippet":"max-snippet:-1","max-image-preview":"max-image-preview:large","max-video-preview":"max-video-preview:-1"},"canonical":"https:\/\/lospoliticosveracruz.com\/?p=104107","og_locale":"es_ES","og_type":"article","og_title":"EDUCACI\u00d3N, LOS DATOS DUROS - Los pol\u00edticos Veracruz","og_description":"Enrique Yasser PompeyoMesa de Redacci\u00f3n M\u00e1s all\u00e1 de los discursos est\u00e1n los hechos, los datos duros. En el estado, la Secretar\u00eda de Educaci\u00f3n de Veracruz (SEV) que encabeza Zenyazen Escobar Garc\u00eda, atiende las necesidades de los planteles educativos para generar un cambio social. En lo que va de la actual administraci\u00f3n estatal han sido reconstruidas [&hellip;]","og_url":"https:\/\/lospoliticosveracruz.com\/?p=104107","og_site_name":"Los pol\u00edticos Veracruz","article_publisher":"https:\/\/www.facebook.com\/people\/Notimemes-de-los-Polticos\/61565672886568\/","article_published_time":"2023-03-27T13:31:10+00:00","article_modified_time":"2023-03-27T13:31:14+00:00","og_image":[{"url":"https:\/\/lospoliticosveracruz.com.mx\/wp-content\/uploads\/2021\/10\/WhatsApp-Image-2021-10-02-at-15.20.25-212x300.jpeg","type":"","width":"","height":""}],"author":"Lo viste en Los Pol\u00edticos","twitter_card":"summary_large_image","twitter_creator":"@LosPoliticosVer","twitter_site":"@LosPoliticosVer","twitter_misc":{"Escrito por":"Lo viste en Los Pol\u00edticos","Tiempo de lectura":"4 minutos"},"schema":{"@context":"https:\/\/schema.org","@graph":[{"@type":"Article","@id":"https:\/\/lospoliticosveracruz.com\/?p=104107#article","isPartOf":{"@id":"https:\/\/lospoliticosveracruz.com\/?p=104107"},"author":{"name":"Lo viste en Los Pol\u00edticos","@id":"https:\/\/lospoliticosveracruz.com\/#\/schema\/person\/b8702bb0e538456e6efd07080bf2a4a2"},"headline":"EDUCACI\u00d3N, LOS DATOS DUROS","datePublished":"2023-03-27T13:31:10+00:00","dateModified":"2023-03-27T13:31:14+00:00","mainEntityOfPage":{"@id":"https:\/\/lospoliticosveracruz.com\/?p=104107"},"wordCount":767,"publisher":{"@id":"https:\/\/lospoliticosveracruz.com\/#organization"},"image":{"@id":"https:\/\/lospoliticosveracruz.com\/?p=104107#primaryimage"},"thumbnailUrl":"https:\/\/lospoliticosveracruz.com.mx\/wp-content\/uploads\/2021\/10\/WhatsApp-Image-2021-10-02-at-15.20.25-212x300.jpeg","keywords":["Enrique Yasser Pompeyo","Expo Ferias Educativas","Secretar\u00eda de Educaci\u00f3n de Veracruz","Zenyazen Escobar Garc\u00eda"],"articleSection":["De Opini\u00f3n"],"inLanguage":"es"},{"@type":"WebPage","@id":"https:\/\/lospoliticosveracruz.com\/?p=104107","url":"https:\/\/lospoliticosveracruz.com\/?p=104107","name":"EDUCACI\u00d3N, LOS DATOS DUROS - Los pol\u00edticos Veracruz","isPartOf":{"@id":"https:\/\/lospoliticosveracruz.com\/#website"},"primaryImageOfPage":{"@id":"https:\/\/lospoliticosveracruz.com\/?p=104107#primaryimage"},"image":{"@id":"https:\/\/lospoliticosveracruz.com\/?p=104107#primaryimage"},"thumbnailUrl":"https:\/\/lospoliticosveracruz.com.mx\/wp-content\/uploads\/2021\/10\/WhatsApp-Image-2021-10-02-at-15.20.25-212x300.jpeg","datePublished":"2023-03-27T13:31:10+00:00","dateModified":"2023-03-27T13:31:14+00:00","breadcrumb":{"@id":"https:\/\/lospoliticosveracruz.com\/?p=104107#breadcrumb"},"inLanguage":"es","potentialAction":[{"@type":"ReadAction","target":["https:\/\/lospoliticosveracruz.com\/?p=104107"]}]},{"@type":"ImageObject","inLanguage":"es","@id":"https:\/\/lospoliticosveracruz.com\/?p=104107#primaryimage","url":"https:\/\/lospoliticosveracruz.com.mx\/wp-content\/uploads\/2021\/10\/WhatsApp-Image-2021-10-02-at-15.20.25-212x300.jpeg","contentUrl":"https:\/\/lospoliticosveracruz.com.mx\/wp-content\/uploads\/2021\/10\/WhatsApp-Image-2021-10-02-at-15.20.25-212x300.jpeg"},{"@type":"BreadcrumbList","@id":"https:\/\/lospoliticosveracruz.com\/?p=104107#breadcrumb","itemListElement":[{"@type":"ListItem","position":1,"name":"Portada","item":"https:\/\/lospoliticosveracruz.com\/"},{"@type":"ListItem","position":2,"name":"EDUCACI\u00d3N, LOS DATOS DUROS"}]},{"@type":"WebSite","@id":"https:\/\/lospoliticosveracruz.com\/#website","url":"https:\/\/lospoliticosveracruz.com\/","name":"Los pol\u00edticos Veracruz","description":"","publisher":{"@id":"https:\/\/lospoliticosveracruz.com\/#organization"},"potentialAction":[{"@type":"SearchAction","target":{"@type":"EntryPoint","urlTemplate":"https:\/\/lospoliticosveracruz.com\/?s={search_term_string}"},"query-input":{"@type":"PropertyValueSpecification","valueRequired":true,"valueName":"search_term_string"}}],"inLanguage":"es"},{"@type":"Organization","@id":"https:\/\/lospoliticosveracruz.com\/#organization","name":"Los pol\u00edticos Veracruz","url":"https:\/\/lospoliticosveracruz.com\/","logo":{"@type":"ImageObject","inLanguage":"es","@id":"https:\/\/lospoliticosveracruz.com\/#\/schema\/logo\/image\/","url":"https:\/\/lospoliticosveracruz.com\/wp-content\/uploads\/2025\/12\/Logo-Nuevo-LOS-POLITICOS-1.jpg","contentUrl":"https:\/\/lospoliticosveracruz.com\/wp-content\/uploads\/2025\/12\/Logo-Nuevo-LOS-POLITICOS-1.jpg","width":260,"height":70,"caption":"Los pol\u00edticos Veracruz"},"image":{"@id":"https:\/\/lospoliticosveracruz.com\/#\/schema\/logo\/image\/"},"sameAs":["https:\/\/www.facebook.com\/people\/Notimemes-de-los-Polticos\/61565672886568\/","https:\/\/x.com\/LosPoliticosVer"]},{"@type":"Person","@id":"https:\/\/lospoliticosveracruz.com\/#\/schema\/person\/b8702bb0e538456e6efd07080bf2a4a2","name":"Lo viste en Los Pol\u00edticos","image":{"@type":"ImageObject","inLanguage":"es","@id":"https:\/\/secure.gravatar.com\/avatar\/3a8de04a2656d44082be478bd6c086daa447c4651605818287b9532d3d0bd435?s=96&d=mm&r=g","url":"https:\/\/secure.gravatar.com\/avatar\/3a8de04a2656d44082be478bd6c086daa447c4651605818287b9532d3d0bd435?s=96&d=mm&r=g","contentUrl":"https:\/\/secure.gravatar.com\/avatar\/3a8de04a2656d44082be478bd6c086daa447c4651605818287b9532d3d0bd435?s=96&d=mm&r=g","caption":"Lo viste en Los Pol\u00edticos"},"url":"https:\/\/lospoliticosveracruz.com\/?author=2"}]}},"_links":{"self":[{"href":"https:\/\/lospoliticosveracruz.com\/index.php?rest_route=\/wp\/v2\/posts\/104107","targetHints":{"allow":["GET"]}}],"collection":[{"href":"https:\/\/lospoliticosveracruz.com\/index.php?rest_route=\/wp\/v2\/posts"}],"about":[{"href":"https:\/\/lospoliticosveracruz.com\/index.php?rest_route=\/wp\/v2\/types\/post"}],"author":[{"embeddable":true,"href":"https:\/\/lospoliticosveracruz.com\/index.php?rest_route=\/wp\/v2\/users\/2"}],"replies":[{"embeddable":true,"href":"https:\/\/lospoliticosveracruz.com\/index.php?rest_route=%2Fwp%2Fv2%2Fcomments&post=104107"}],"version-history":[{"count":1,"href":"https:\/\/lospoliticosveracruz.com\/index.php?rest_route=\/wp\/v2\/posts\/104107\/revisions"}],"predecessor-version":[{"id":104108,"href":"https:\/\/lospoliticosveracruz.com\/index.php?rest_route=\/wp\/v2\/posts\/104107\/revisions\/104108"}],"wp:attachment":[{"href":"https:\/\/lospoliticosveracruz.com\/index.php?rest_route=%2Fwp%2Fv2%2Fmedia&parent=104107"}],"wp:term":[{"taxonomy":"category","embeddable":true,"href":"https:\/\/lospoliticosveracruz.com\/index.php?rest_route=%2Fwp%2Fv2%2Fcategories&post=104107"},{"taxonomy":"post_tag","embeddable":true,"href":"https:\/\/lospoliticosveracruz.com\/index.php?rest_route=%2Fwp%2Fv2%2Ftags&post=104107"}],"curies":[{"name":"wp","href":"https:\/\/api.w.org\/{rel}","templated":true}]}}