{"id":104119,"date":"2023-03-27T07:53:59","date_gmt":"2023-03-27T13:53:59","guid":{"rendered":"https:\/\/lospoliticosveracruz.com.mx\/?p=104119"},"modified":"2023-03-27T07:54:21","modified_gmt":"2023-03-27T13:54:21","slug":"corte-creo-en-ti","status":"publish","type":"post","link":"https:\/\/lospoliticosveracruz.com\/?p=104119","title":{"rendered":"CORTE\u2026 \u00a1CREO EN TI!"},"content":{"rendered":"\n<p><strong>Vicente Luna Hern\u00e1ndez<\/strong><\/p>\n\n\n\n<p>La SCJN admiti\u00f3 la demanda de Controversia Constitucional 261\/ 2023 interpuesta por el INE en contra del llamado \u201cPlan B\u201d de la reforma electoral, con lo que quedan suspendidos por tiempo indefinido todos sus efectos, el Ministro Javier Laynez Potisek suspendi\u00f3 la aplicaci\u00f3n de la totalidad del decreto controvertido por lo que este organismo aut\u00f3nomo, podr\u00e1 seguir operando como lo hac\u00eda antes de la reforma impulsada por el Presidente Andr\u00e9s Manuel L\u00f3pez Obrador, lo que provoc\u00f3 que los demonios se soltaran desde Palacio Nacional y se ampli\u00f3 el cat\u00e1logo de quienes integran la \u201cmafia del poder\u201d, por cierto, algunos de los que as\u00ed eran etiquetados en el pasado\u2026hoy comen en la misma mesa al lado del Presidente y siguen degustando exquisitos platillos.<\/p>\n\n\n<div class=\"wp-block-image\">\n<figure class=\"alignleft size-medium\"><a href=\"https:\/\/lospoliticosveracruz.com.mx\/wp-content\/uploads\/2021\/10\/Zacauilt.jpg\"><img decoding=\"async\" src=\"https:\/\/lospoliticosveracruz.com.mx\/wp-content\/uploads\/2021\/10\/Zacauilt-150x300.jpg\" alt=\"\" class=\"wp-image-80558\"\/><\/a><\/figure>\n<\/div>\n\n\n<p><br>M\u00e1s all\u00e1 de la batalla jur\u00eddica entre los actores involucrados, la realidad es que en la narrativa para azuzar los \u00e1nimos del pueblo \u201cbueno\u201d lleva mano el Presidente, quien sin pudor alguno y con un discurso autoritario se\u00f1ala que el Ministro Laynez est\u00e1 en el mismo costal al lado de Ciro Murayama, Lorenzo C\u00f3rdova, Claudio X. Gonz\u00e1lez, entre otros, ahora nos enteramos que el Ministro con la decisi\u00f3n tomada no quiere la democracia\u2026 \u00a1viva la libertad de expresi\u00f3n!<br>Los causes jur\u00eddicos est\u00e1n bien establecidos, para que tanto brinco estando el piso parejo, el Ejecutivo Federal, a trav\u00e9s de la Consejer\u00eda Jur\u00eddica de la presidencia, as\u00ed como el Congreso de la Uni\u00f3n, pueden impugnar la decisi\u00f3n del Ministro Laynez, sin embargo, la resoluci\u00f3n final debe darse antes del pr\u00f3ximo 2 de junio fecha l\u00edmite para poder implementar alg\u00fan cambio a las reglas electorales de cara a la elecci\u00f3n federal de 2024, como lo se\u00f1ala el art\u00edculo 105 de la Carta Magna.<br>El presidente vuelve a la misma cantaleta: Democracia hay si las cosas son a su favor y si no es as\u00ed, en M\u00e9xico no hay democracia, la misma historia de ayer que era opositor \u00bfacaso no hay democracia electoral cuando su partido Morena gana la mayor\u00eda de las elecciones? \u00bfEst\u00e1 consciente el presidente que su discurso sin fundamento exacerba los \u00e1nimos de sus seguidores y puede provocar alg\u00fan acontecimiento grave? \u00bfSe va C\u00f3rdova y necesita otros \u201cenemigos\u201d para insistir en su papel de v\u00edctima de las oligarqu\u00edas? \u00bfEl tigre que no solt\u00f3 en el 2018 piensa soltarlo en el 2024 si pierde Morena? \u00bfC\u00f3mo quiere pasar a la historia? \u00bfConstructor de la democracia o destructor del pa\u00eds?<\/p>\n\n\n\n<p>Es tiempo que la oposici\u00f3n \u2013 m\u00e1s all\u00e1 de una posible alianza total &#8211; tome muy en serio el discurso del Presidente y visualice el escenario pol\u00edtico y social antes, durante y despu\u00e9s del d\u00eda de las elecciones, estar\u00e1 en juego algo m\u00e1s que la Presidencia de la Republica, Gobiernos Estatales, Congreso de la Uni\u00f3n, Congresos Locales, entre otros cargos, sin temor a exagerar\u2026estar\u00e1 en juego la Rep\u00fablica, si la mayor\u00eda de los ciudadanos deciden otorgar la victoria a Morena y aliados, que sea por el bien de M\u00e9xico pero sino fuera as\u00ed, si una mayor\u00eda ciudadana decide apoyar otra propuesta de gobierno, hay que hacer valer la frase tantas veces repetida por el presidente durante su trayectoria pol\u00edtica: \u201c el pueblo pone y el pueblo quita\u201d\u2026 hist\u00f3ricamente \u00bf quien comete el fraude electoral?<br>El linchamiento pol\u00edtico contra el ministro Javier Laynez Potisek es una prueba m\u00e1s de la intolerancia del gobierno de la llamada 4 Transformaci\u00f3n \u00bfde qu\u00e9 transformaci\u00f3n se habla? \u00bfEl nulo respeto a la divisi\u00f3n de poderes? \u00bfPor qu\u00e9 no esperar a que la Corte resuelva el fondo del asunto? \u00bfEs solo para presionar a las y los ministros de la Corte? \u00bfAcaso la Corte tomar\u00e1 sus decisiones en base a cuanta gente est\u00e1 en el z\u00f3calo capitalino a favor o en contra del \u201cPlan B\u201d? \u00bfAcaso ignoran que el art\u00edculo 49 de la Constituci\u00f3n del pa\u00eds se\u00f1ala: \u201cEl Supremo Poder de la Federaci\u00f3n se divide para su ejercicio en Legislativo, Ejecutivo y Judicial? \u00bfQu\u00e9 pasar\u00eda si la Presidenta de la SCJN de manera p\u00fablica cuestionara, acusara o se\u00f1alara al Titular del Poder Ejecutivo por sus acciones de gobierno? Es probable que exista corrupci\u00f3n en el poder judicial \u00bfacaso en el Poder Ejecutivo no? que cada quien se haga responsable de poner orden en su casa y todos contribuyan a serenar al pa\u00eds.<br>P.D.- Con el \u00e1nimo que se serenen los \u00e1nimos o de aqu\u00ed a la fecha l\u00edmite las descalificaciones oficiales a la Corte se queden en la tribuna y no bajen al terreno de juego\u2026Escribir\u00e9 otro d\u00eda.<\/p>\n","protected":false},"excerpt":{"rendered":"<p>Vicente Luna Hern\u00e1ndez La SCJN admiti\u00f3 la demanda de Controversia Constitucional 261\/ 2023 interpuesta por el INE en contra del llamado \u201cPlan B\u201d de la reforma electoral, con lo que quedan suspendidos por tiempo indefinido todos sus efectos, el Ministro Javier Laynez Potisek suspendi\u00f3 la aplicaci\u00f3n de la totalidad del decreto controvertido por lo que [&hellip;]<\/p>\n","protected":false},"author":2,"featured_media":0,"comment_status":"closed","ping_status":"closed","sticky":false,"template":"","format":"standard","meta":{"tdm_status":"","tdm_grid_status":"","footnotes":""},"categories":[70],"tags":[618,37671,1026,3965],"class_list":{"0":"post-104119","1":"post","2":"type-post","3":"status-publish","4":"format-standard","6":"category-de-opinion","7":"tag-andres-manuel-lopez-obrador","8":"tag-javier-laynez-potisek","9":"tag-morena","10":"tag-scjn"},"yoast_head":"<!-- This site is optimized with the Yoast SEO plugin v27.4 - https:\/\/yoast.com\/product\/yoast-seo-wordpress\/ -->\n<title>CORTE\u2026 \u00a1CREO EN TI! - Los pol\u00edticos Veracruz<\/title>\n<meta name=\"robots\" content=\"index, follow, max-snippet:-1, max-image-preview:large, max-video-preview:-1\" \/>\n<link rel=\"canonical\" href=\"https:\/\/lospoliticosveracruz.com\/?p=104119\" \/>\n<meta property=\"og:locale\" content=\"es_ES\" \/>\n<meta property=\"og:type\" content=\"article\" \/>\n<meta property=\"og:title\" content=\"CORTE\u2026 \u00a1CREO EN TI! - Los pol\u00edticos Veracruz\" \/>\n<meta property=\"og:description\" content=\"Vicente Luna Hern\u00e1ndez La SCJN admiti\u00f3 la demanda de Controversia Constitucional 261\/ 2023 interpuesta por el INE en contra del llamado \u201cPlan B\u201d de la reforma electoral, con lo que quedan suspendidos por tiempo indefinido todos sus efectos, el Ministro Javier Laynez Potisek suspendi\u00f3 la aplicaci\u00f3n de la totalidad del decreto controvertido por lo que [&hellip;]\" \/>\n<meta property=\"og:url\" content=\"https:\/\/lospoliticosveracruz.com\/?p=104119\" \/>\n<meta property=\"og:site_name\" content=\"Los pol\u00edticos Veracruz\" \/>\n<meta property=\"article:publisher\" content=\"https:\/\/www.facebook.com\/people\/Notimemes-de-los-Polticos\/61565672886568\/\" \/>\n<meta property=\"article:published_time\" content=\"2023-03-27T13:53:59+00:00\" \/>\n<meta property=\"article:modified_time\" content=\"2023-03-27T13:54:21+00:00\" \/>\n<meta property=\"og:image\" content=\"https:\/\/lospoliticosveracruz.com.mx\/wp-content\/uploads\/2021\/10\/Zacauilt-150x300.jpg\" \/>\n<meta name=\"author\" content=\"Lo viste en Los Pol\u00edticos\" \/>\n<meta name=\"twitter:card\" content=\"summary_large_image\" \/>\n<meta name=\"twitter:creator\" content=\"@LosPoliticosVer\" \/>\n<meta name=\"twitter:site\" content=\"@LosPoliticosVer\" \/>\n<meta name=\"twitter:label1\" content=\"Escrito por\" \/>\n\t<meta name=\"twitter:data1\" content=\"Lo viste en Los Pol\u00edticos\" \/>\n\t<meta name=\"twitter:label2\" content=\"Tiempo de lectura\" \/>\n\t<meta name=\"twitter:data2\" content=\"4 minutos\" \/>\n<script type=\"application\/ld+json\" class=\"yoast-schema-graph\">{\"@context\":\"https:\\\/\\\/schema.org\",\"@graph\":[{\"@type\":\"Article\",\"@id\":\"https:\\\/\\\/lospoliticosveracruz.com\\\/?p=104119#article\",\"isPartOf\":{\"@id\":\"https:\\\/\\\/lospoliticosveracruz.com\\\/?p=104119\"},\"author\":{\"name\":\"Lo viste en Los Pol\u00edticos\",\"@id\":\"https:\\\/\\\/lospoliticosveracruz.com\\\/#\\\/schema\\\/person\\\/b8702bb0e538456e6efd07080bf2a4a2\"},\"headline\":\"CORTE\u2026 \u00a1CREO EN TI!\",\"datePublished\":\"2023-03-27T13:53:59+00:00\",\"dateModified\":\"2023-03-27T13:54:21+00:00\",\"mainEntityOfPage\":{\"@id\":\"https:\\\/\\\/lospoliticosveracruz.com\\\/?p=104119\"},\"wordCount\":808,\"publisher\":{\"@id\":\"https:\\\/\\\/lospoliticosveracruz.com\\\/#organization\"},\"image\":{\"@id\":\"https:\\\/\\\/lospoliticosveracruz.com\\\/?p=104119#primaryimage\"},\"thumbnailUrl\":\"https:\\\/\\\/lospoliticosveracruz.com.mx\\\/wp-content\\\/uploads\\\/2021\\\/10\\\/Zacauilt-150x300.jpg\",\"keywords\":[\"Andr\u00e9s Manuel L\u00f3pez Obrador\",\"Javier Laynez Potisek\",\"Morena\",\"SCJN\"],\"articleSection\":[\"De Opini\u00f3n\"],\"inLanguage\":\"es\"},{\"@type\":\"WebPage\",\"@id\":\"https:\\\/\\\/lospoliticosveracruz.com\\\/?p=104119\",\"url\":\"https:\\\/\\\/lospoliticosveracruz.com\\\/?p=104119\",\"name\":\"CORTE\u2026 \u00a1CREO EN TI! - Los pol\u00edticos Veracruz\",\"isPartOf\":{\"@id\":\"https:\\\/\\\/lospoliticosveracruz.com\\\/#website\"},\"primaryImageOfPage\":{\"@id\":\"https:\\\/\\\/lospoliticosveracruz.com\\\/?p=104119#primaryimage\"},\"image\":{\"@id\":\"https:\\\/\\\/lospoliticosveracruz.com\\\/?p=104119#primaryimage\"},\"thumbnailUrl\":\"https:\\\/\\\/lospoliticosveracruz.com.mx\\\/wp-content\\\/uploads\\\/2021\\\/10\\\/Zacauilt-150x300.jpg\",\"datePublished\":\"2023-03-27T13:53:59+00:00\",\"dateModified\":\"2023-03-27T13:54:21+00:00\",\"breadcrumb\":{\"@id\":\"https:\\\/\\\/lospoliticosveracruz.com\\\/?p=104119#breadcrumb\"},\"inLanguage\":\"es\",\"potentialAction\":[{\"@type\":\"ReadAction\",\"target\":[\"https:\\\/\\\/lospoliticosveracruz.com\\\/?p=104119\"]}]},{\"@type\":\"ImageObject\",\"inLanguage\":\"es\",\"@id\":\"https:\\\/\\\/lospoliticosveracruz.com\\\/?p=104119#primaryimage\",\"url\":\"https:\\\/\\\/lospoliticosveracruz.com.mx\\\/wp-content\\\/uploads\\\/2021\\\/10\\\/Zacauilt-150x300.jpg\",\"contentUrl\":\"https:\\\/\\\/lospoliticosveracruz.com.mx\\\/wp-content\\\/uploads\\\/2021\\\/10\\\/Zacauilt-150x300.jpg\"},{\"@type\":\"BreadcrumbList\",\"@id\":\"https:\\\/\\\/lospoliticosveracruz.com\\\/?p=104119#breadcrumb\",\"itemListElement\":[{\"@type\":\"ListItem\",\"position\":1,\"name\":\"Portada\",\"item\":\"https:\\\/\\\/lospoliticosveracruz.com\\\/\"},{\"@type\":\"ListItem\",\"position\":2,\"name\":\"CORTE\u2026 \u00a1CREO EN TI!\"}]},{\"@type\":\"WebSite\",\"@id\":\"https:\\\/\\\/lospoliticosveracruz.com\\\/#website\",\"url\":\"https:\\\/\\\/lospoliticosveracruz.com\\\/\",\"name\":\"Los pol\u00edticos Veracruz\",\"description\":\"\",\"publisher\":{\"@id\":\"https:\\\/\\\/lospoliticosveracruz.com\\\/#organization\"},\"potentialAction\":[{\"@type\":\"SearchAction\",\"target\":{\"@type\":\"EntryPoint\",\"urlTemplate\":\"https:\\\/\\\/lospoliticosveracruz.com\\\/?s={search_term_string}\"},\"query-input\":{\"@type\":\"PropertyValueSpecification\",\"valueRequired\":true,\"valueName\":\"search_term_string\"}}],\"inLanguage\":\"es\"},{\"@type\":\"Organization\",\"@id\":\"https:\\\/\\\/lospoliticosveracruz.com\\\/#organization\",\"name\":\"Los pol\u00edticos Veracruz\",\"url\":\"https:\\\/\\\/lospoliticosveracruz.com\\\/\",\"logo\":{\"@type\":\"ImageObject\",\"inLanguage\":\"es\",\"@id\":\"https:\\\/\\\/lospoliticosveracruz.com\\\/#\\\/schema\\\/logo\\\/image\\\/\",\"url\":\"https:\\\/\\\/lospoliticosveracruz.com\\\/wp-content\\\/uploads\\\/2025\\\/12\\\/Logo-Nuevo-LOS-POLITICOS-1.jpg\",\"contentUrl\":\"https:\\\/\\\/lospoliticosveracruz.com\\\/wp-content\\\/uploads\\\/2025\\\/12\\\/Logo-Nuevo-LOS-POLITICOS-1.jpg\",\"width\":260,\"height\":70,\"caption\":\"Los pol\u00edticos Veracruz\"},\"image\":{\"@id\":\"https:\\\/\\\/lospoliticosveracruz.com\\\/#\\\/schema\\\/logo\\\/image\\\/\"},\"sameAs\":[\"https:\\\/\\\/www.facebook.com\\\/people\\\/Notimemes-de-los-Polticos\\\/61565672886568\\\/\",\"https:\\\/\\\/x.com\\\/LosPoliticosVer\"]},{\"@type\":\"Person\",\"@id\":\"https:\\\/\\\/lospoliticosveracruz.com\\\/#\\\/schema\\\/person\\\/b8702bb0e538456e6efd07080bf2a4a2\",\"name\":\"Lo viste en Los Pol\u00edticos\",\"image\":{\"@type\":\"ImageObject\",\"inLanguage\":\"es\",\"@id\":\"https:\\\/\\\/secure.gravatar.com\\\/avatar\\\/3a8de04a2656d44082be478bd6c086daa447c4651605818287b9532d3d0bd435?s=96&d=mm&r=g\",\"url\":\"https:\\\/\\\/secure.gravatar.com\\\/avatar\\\/3a8de04a2656d44082be478bd6c086daa447c4651605818287b9532d3d0bd435?s=96&d=mm&r=g\",\"contentUrl\":\"https:\\\/\\\/secure.gravatar.com\\\/avatar\\\/3a8de04a2656d44082be478bd6c086daa447c4651605818287b9532d3d0bd435?s=96&d=mm&r=g\",\"caption\":\"Lo viste en Los Pol\u00edticos\"},\"url\":\"https:\\\/\\\/lospoliticosveracruz.com\\\/?author=2\"}]}<\/script>\n<!-- \/ Yoast SEO plugin. -->","yoast_head_json":{"title":"CORTE\u2026 \u00a1CREO EN TI! - Los pol\u00edticos Veracruz","robots":{"index":"index","follow":"follow","max-snippet":"max-snippet:-1","max-image-preview":"max-image-preview:large","max-video-preview":"max-video-preview:-1"},"canonical":"https:\/\/lospoliticosveracruz.com\/?p=104119","og_locale":"es_ES","og_type":"article","og_title":"CORTE\u2026 \u00a1CREO EN TI! - Los pol\u00edticos Veracruz","og_description":"Vicente Luna Hern\u00e1ndez La SCJN admiti\u00f3 la demanda de Controversia Constitucional 261\/ 2023 interpuesta por el INE en contra del llamado \u201cPlan B\u201d de la reforma electoral, con lo que quedan suspendidos por tiempo indefinido todos sus efectos, el Ministro Javier Laynez Potisek suspendi\u00f3 la aplicaci\u00f3n de la totalidad del decreto controvertido por lo que [&hellip;]","og_url":"https:\/\/lospoliticosveracruz.com\/?p=104119","og_site_name":"Los pol\u00edticos Veracruz","article_publisher":"https:\/\/www.facebook.com\/people\/Notimemes-de-los-Polticos\/61565672886568\/","article_published_time":"2023-03-27T13:53:59+00:00","article_modified_time":"2023-03-27T13:54:21+00:00","og_image":[{"url":"https:\/\/lospoliticosveracruz.com.mx\/wp-content\/uploads\/2021\/10\/Zacauilt-150x300.jpg","type":"","width":"","height":""}],"author":"Lo viste en Los Pol\u00edticos","twitter_card":"summary_large_image","twitter_creator":"@LosPoliticosVer","twitter_site":"@LosPoliticosVer","twitter_misc":{"Escrito por":"Lo viste en Los Pol\u00edticos","Tiempo de lectura":"4 minutos"},"schema":{"@context":"https:\/\/schema.org","@graph":[{"@type":"Article","@id":"https:\/\/lospoliticosveracruz.com\/?p=104119#article","isPartOf":{"@id":"https:\/\/lospoliticosveracruz.com\/?p=104119"},"author":{"name":"Lo viste en Los Pol\u00edticos","@id":"https:\/\/lospoliticosveracruz.com\/#\/schema\/person\/b8702bb0e538456e6efd07080bf2a4a2"},"headline":"CORTE\u2026 \u00a1CREO EN TI!","datePublished":"2023-03-27T13:53:59+00:00","dateModified":"2023-03-27T13:54:21+00:00","mainEntityOfPage":{"@id":"https:\/\/lospoliticosveracruz.com\/?p=104119"},"wordCount":808,"publisher":{"@id":"https:\/\/lospoliticosveracruz.com\/#organization"},"image":{"@id":"https:\/\/lospoliticosveracruz.com\/?p=104119#primaryimage"},"thumbnailUrl":"https:\/\/lospoliticosveracruz.com.mx\/wp-content\/uploads\/2021\/10\/Zacauilt-150x300.jpg","keywords":["Andr\u00e9s Manuel L\u00f3pez Obrador","Javier Laynez Potisek","Morena","SCJN"],"articleSection":["De Opini\u00f3n"],"inLanguage":"es"},{"@type":"WebPage","@id":"https:\/\/lospoliticosveracruz.com\/?p=104119","url":"https:\/\/lospoliticosveracruz.com\/?p=104119","name":"CORTE\u2026 \u00a1CREO EN TI! - Los pol\u00edticos Veracruz","isPartOf":{"@id":"https:\/\/lospoliticosveracruz.com\/#website"},"primaryImageOfPage":{"@id":"https:\/\/lospoliticosveracruz.com\/?p=104119#primaryimage"},"image":{"@id":"https:\/\/lospoliticosveracruz.com\/?p=104119#primaryimage"},"thumbnailUrl":"https:\/\/lospoliticosveracruz.com.mx\/wp-content\/uploads\/2021\/10\/Zacauilt-150x300.jpg","datePublished":"2023-03-27T13:53:59+00:00","dateModified":"2023-03-27T13:54:21+00:00","breadcrumb":{"@id":"https:\/\/lospoliticosveracruz.com\/?p=104119#breadcrumb"},"inLanguage":"es","potentialAction":[{"@type":"ReadAction","target":["https:\/\/lospoliticosveracruz.com\/?p=104119"]}]},{"@type":"ImageObject","inLanguage":"es","@id":"https:\/\/lospoliticosveracruz.com\/?p=104119#primaryimage","url":"https:\/\/lospoliticosveracruz.com.mx\/wp-content\/uploads\/2021\/10\/Zacauilt-150x300.jpg","contentUrl":"https:\/\/lospoliticosveracruz.com.mx\/wp-content\/uploads\/2021\/10\/Zacauilt-150x300.jpg"},{"@type":"BreadcrumbList","@id":"https:\/\/lospoliticosveracruz.com\/?p=104119#breadcrumb","itemListElement":[{"@type":"ListItem","position":1,"name":"Portada","item":"https:\/\/lospoliticosveracruz.com\/"},{"@type":"ListItem","position":2,"name":"CORTE\u2026 \u00a1CREO EN TI!"}]},{"@type":"WebSite","@id":"https:\/\/lospoliticosveracruz.com\/#website","url":"https:\/\/lospoliticosveracruz.com\/","name":"Los pol\u00edticos Veracruz","description":"","publisher":{"@id":"https:\/\/lospoliticosveracruz.com\/#organization"},"potentialAction":[{"@type":"SearchAction","target":{"@type":"EntryPoint","urlTemplate":"https:\/\/lospoliticosveracruz.com\/?s={search_term_string}"},"query-input":{"@type":"PropertyValueSpecification","valueRequired":true,"valueName":"search_term_string"}}],"inLanguage":"es"},{"@type":"Organization","@id":"https:\/\/lospoliticosveracruz.com\/#organization","name":"Los pol\u00edticos Veracruz","url":"https:\/\/lospoliticosveracruz.com\/","logo":{"@type":"ImageObject","inLanguage":"es","@id":"https:\/\/lospoliticosveracruz.com\/#\/schema\/logo\/image\/","url":"https:\/\/lospoliticosveracruz.com\/wp-content\/uploads\/2025\/12\/Logo-Nuevo-LOS-POLITICOS-1.jpg","contentUrl":"https:\/\/lospoliticosveracruz.com\/wp-content\/uploads\/2025\/12\/Logo-Nuevo-LOS-POLITICOS-1.jpg","width":260,"height":70,"caption":"Los pol\u00edticos Veracruz"},"image":{"@id":"https:\/\/lospoliticosveracruz.com\/#\/schema\/logo\/image\/"},"sameAs":["https:\/\/www.facebook.com\/people\/Notimemes-de-los-Polticos\/61565672886568\/","https:\/\/x.com\/LosPoliticosVer"]},{"@type":"Person","@id":"https:\/\/lospoliticosveracruz.com\/#\/schema\/person\/b8702bb0e538456e6efd07080bf2a4a2","name":"Lo viste en Los Pol\u00edticos","image":{"@type":"ImageObject","inLanguage":"es","@id":"https:\/\/secure.gravatar.com\/avatar\/3a8de04a2656d44082be478bd6c086daa447c4651605818287b9532d3d0bd435?s=96&d=mm&r=g","url":"https:\/\/secure.gravatar.com\/avatar\/3a8de04a2656d44082be478bd6c086daa447c4651605818287b9532d3d0bd435?s=96&d=mm&r=g","contentUrl":"https:\/\/secure.gravatar.com\/avatar\/3a8de04a2656d44082be478bd6c086daa447c4651605818287b9532d3d0bd435?s=96&d=mm&r=g","caption":"Lo viste en Los Pol\u00edticos"},"url":"https:\/\/lospoliticosveracruz.com\/?author=2"}]}},"_links":{"self":[{"href":"https:\/\/lospoliticosveracruz.com\/index.php?rest_route=\/wp\/v2\/posts\/104119","targetHints":{"allow":["GET"]}}],"collection":[{"href":"https:\/\/lospoliticosveracruz.com\/index.php?rest_route=\/wp\/v2\/posts"}],"about":[{"href":"https:\/\/lospoliticosveracruz.com\/index.php?rest_route=\/wp\/v2\/types\/post"}],"author":[{"embeddable":true,"href":"https:\/\/lospoliticosveracruz.com\/index.php?rest_route=\/wp\/v2\/users\/2"}],"replies":[{"embeddable":true,"href":"https:\/\/lospoliticosveracruz.com\/index.php?rest_route=%2Fwp%2Fv2%2Fcomments&post=104119"}],"version-history":[{"count":1,"href":"https:\/\/lospoliticosveracruz.com\/index.php?rest_route=\/wp\/v2\/posts\/104119\/revisions"}],"predecessor-version":[{"id":104120,"href":"https:\/\/lospoliticosveracruz.com\/index.php?rest_route=\/wp\/v2\/posts\/104119\/revisions\/104120"}],"wp:attachment":[{"href":"https:\/\/lospoliticosveracruz.com\/index.php?rest_route=%2Fwp%2Fv2%2Fmedia&parent=104119"}],"wp:term":[{"taxonomy":"category","embeddable":true,"href":"https:\/\/lospoliticosveracruz.com\/index.php?rest_route=%2Fwp%2Fv2%2Fcategories&post=104119"},{"taxonomy":"post_tag","embeddable":true,"href":"https:\/\/lospoliticosveracruz.com\/index.php?rest_route=%2Fwp%2Fv2%2Ftags&post=104119"}],"curies":[{"name":"wp","href":"https:\/\/api.w.org\/{rel}","templated":true}]}}