{"id":104121,"date":"2023-03-27T07:57:17","date_gmt":"2023-03-27T13:57:17","guid":{"rendered":"https:\/\/lospoliticosveracruz.com.mx\/?p=104121"},"modified":"2023-03-27T07:58:49","modified_gmt":"2023-03-27T13:58:49","slug":"gil-y-cuitlahuac","status":"publish","type":"post","link":"https:\/\/lospoliticosveracruz.com\/?p=104121","title":{"rendered":"GIL Y CUITL\u00c1HUAC"},"content":{"rendered":"\n<p><\/p>\n\n\n\n<p><strong>Omar Z\u00fa\u00f1iga<br><\/strong><em>De Primera Mano<\/em><\/p>\n\n\n\n<p>Sin menospreciar a nadien (as\u00ed con \u2018n\u2019 al final), pero casi nadie est\u00e1 haciendo la chamba que se necesita hacer de cara al 2024.<br>Me refiero a los partidos pol\u00edticos y sus dirigencias estatales, incluso nacionales, pues salvo Movimiento Ciudadano con Sergio Gil Rull\u00e1n, que de plano se puso los guantes en abierto, se subi\u00f3 al ring y agarr\u00f3 de sparring a un tal Cuitl\u00e1huac Garc\u00eda Jim\u00e9nez, otros no lo han hecho, salvo algunos rasgu\u00f1os de Marlon Ram\u00edrez en el PRI de vez en vez.<\/p>\n\n\n<div class=\"wp-block-image\">\n<figure class=\"alignleft size-medium\"><a href=\"https:\/\/lospoliticosveracruz.com.mx\/wp-content\/uploads\/2021\/10\/WhatsApp-Image-2021-10-02-at-15.20.25.jpeg\"><img loading=\"lazy\" decoding=\"async\" width=\"212\" height=\"300\" src=\"https:\/\/lospoliticosveracruz.com.mx\/wp-content\/uploads\/2021\/10\/WhatsApp-Image-2021-10-02-at-15.20.25-212x300.jpeg\" alt=\"\" class=\"wp-image-80177\" srcset=\"https:\/\/lospoliticosveracruz.com\/wp-content\/uploads\/2021\/10\/WhatsApp-Image-2021-10-02-at-15.20.25-212x300.jpeg 212w, https:\/\/lospoliticosveracruz.com\/wp-content\/uploads\/2021\/10\/WhatsApp-Image-2021-10-02-at-15.20.25-724x1024.jpeg 724w, https:\/\/lospoliticosveracruz.com\/wp-content\/uploads\/2021\/10\/WhatsApp-Image-2021-10-02-at-15.20.25-768x1086.jpeg 768w, https:\/\/lospoliticosveracruz.com\/wp-content\/uploads\/2021\/10\/WhatsApp-Image-2021-10-02-at-15.20.25.jpeg 905w\" sizes=\"auto, (max-width: 212px) 100vw, 212px\" \/><\/a><\/figure>\n<\/div>\n\n\n<p><br>El caso es que el partido naranja pidi\u00f3 los tiempos oficiales que le tocan a su partido en radio y televisi\u00f3n, para producir y transmitir en beneficio del partido en Veracruz y meti\u00f3 m\u00e1s de 3 mil 600 spots s\u00f3lo en radio, adem\u00e1s de TV, de la madriza contra el gobernador, firmado de viva voz por Gil Rull\u00e1n, por el asunto de la bravuconada de Cuit para retar al coordinador estatal del \u00e1guila a un debate p\u00fablico, del que le tomaron la palabra y ahora no sabe c\u00f3mo salir del entuerto.<br>Dicen en los corrillos que Cuitl\u00e1huac parece oaxaque\u00f1o \u2013dicho sea con mucho respeto para mis paisanos- pues hasta el queso enredan y \u00e9l acab\u00f3 de enredarse en su lengua y no sabe c\u00f3mo librarse, as\u00ed como no ha sabido de salir de todas las burradas que dice o hace, de no ser por alg\u00fan un golpe de suerte de vez en cuando.<br>El caso es que pareciera que actores pol\u00edticos como Sergio Guti\u00e9rrez, quien no para de recorrer el estado con una extraordinaria recepci\u00f3n; el mismo Sergio Gil, y hasta la talentosa Janneth Saucedo, le agriaron la fiesta a Cuit de Cumbre Taj\u00edn, pues no se vio repercusi\u00f3n medi\u00e1tica alguna, a\u00fan y que intentaron salvar el cartel con bandas como Molotov o el DJ Steve Aoki y se llevaron a buena banda de reporteros locales, como se hac\u00eda en los tiempos de los gobiernos conservadores, neoliberales del PRI que catapultaron a Cumbre como un evento de talla internacional.<br>Total que no da una el pobre hombre y le siguen creciendo los enanos\u2026 tic, tac.<\/p>\n\n\n\n<hr class=\"wp-block-separator has-alpha-channel-opacity\"\/>\n\n\n\n<p>El jueves pasado fue detenido por la FGE Florencio Hern\u00e1ndez Espinosa, acusado de corrupci\u00f3n y cohecho.<br>Lo relevante de esta detenci\u00f3n es que Florencio se desempe\u00f1aba como juez penal, en el distrito judicial de Coatzacoalcos.<br>Elementos ministeriales de la FGE ejecutaron la orden de aprehensi\u00f3n cuando sal\u00eda de las oficinas del Tribunal Superior de Justicia en Xalapa.<br>Una de las sentencias m\u00e1s cuestionadas de este sujeto, que por cierto hab\u00eda sido separado de su cargo hace un mes, destaca el de un caso que aqu\u00ed mismo le comentamos: el de Andrea Aguilar Jara, joven ingeniera de profesi\u00f3n, oriunda de Minatitl\u00e1n, quien el 18 de septiembre de 2022, fue sentenciada, con pruebas y testimonios falsos, a la pena m\u00e1xima en el estado de 70 a\u00f1os de prisi\u00f3n, por el delito de feminicidio en agravio de su amiga Silvia Armend\u00e1riz Alpuche.<br>La defensa de Andrea acus\u00f3 a Florencio Hern\u00e1ndez Espinoza ante el Consejo de la Judicatura por emitir una sentencia con base en testigos protegidos que incurrieron en falsedades, y por desestimar los testimonios de dos personas que declararon haber estado con Andrea el d\u00eda y hora en que ocurri\u00f3 el asesinato, as\u00ed como aceptar el testimonio de quien dijo haberla visto de espaldas, alrededor de las once de la noche, a una distancia de ocho metros, metiendo el cad\u00e1ver en la cajuela del coche de la v\u00edctima.<br>Tras la detenci\u00f3n del sujeto de marras, la magistrada presidenta del TSJ, Lisbeth Aurelia Jim\u00e9nez Aguirre dijo que se investigar\u00e1n las acusaciones en su contra de recibir pagos a cambio de liberar a presuntos delincuentes.<br>Ojal\u00e1 realmente se haga justicia, pues sin meter las manos al fuego por nadie, la historia de Florencio en el Poder Judicial no es nueva para nada ni mucho menos desconocida por sus pares y ya se hab\u00eda escapado de varias.<br>Lo peor de todo es que el mism\u00edsimo gobernador Cuitl\u00e1huac Garc\u00eda, ha puesto el caso de Andera como un ejemplo de que en Veracruz se hace justicia (aj\u00e1), revictimizando a una persona que ha recurrido a la justicia federal para probar su inocencia.<br>Me pican las manos por escribir lo que har\u00e1 el titular del Ejecutivo cuando salga la sentencia de amparo en favor de Andrea, para ver si es capaz de disculparse en la misma manera en que la puso de ejemplo.<\/p>\n\n\n\n<hr class=\"wp-block-separator has-alpha-channel-opacity\"\/>\n\n\n\n<p>Janneth Saucedo, coordinadora estatal de Morena Progresista, la corriente que impulsa a Marcelo Ebrard, dio una campanada este fin de semana, al poder articular a todas las expresiones en el estado que apoyan al carnal.<br>Incluso, se llev\u00f3 las palmas del senador Primo Doth\u00e9 Mata, quien la felicit\u00f3 por la organizaci\u00f3n, la convocatoria y la copiosa participaci\u00f3n que tuvo lugar en Xalapa, cerquitita de Palacio de Gobierno.<br>Qu\u00e9 dir\u00e1 la flamante jefa de la Oficina de Programa de Gobierno Waltraud Mart\u00ednez Olvera, que una valios\u00edsima colaboradora a la que nunca le dio le lugar que merec\u00eda, hoy brilla con luz propia, en un futuro por dem\u00e1s prometedor. Es pregunta.<\/p>\n\n\n\n<p>\u00a1Qu\u00e9 barbaridad!<br>deprimera.mano2020@gmail.com<\/p>\n","protected":false},"excerpt":{"rendered":"<p>Omar Z\u00fa\u00f1igaDe Primera Mano Sin menospreciar a nadien (as\u00ed con \u2018n\u2019 al final), pero casi nadie est\u00e1 haciendo la chamba que se necesita hacer de cara al 2024.Me refiero a los partidos pol\u00edticos y sus dirigencias estatales, incluso nacionales, pues salvo Movimiento Ciudadano con Sergio Gil Rull\u00e1n, que de plano se puso los guantes en [&hellip;]<\/p>\n","protected":false},"author":2,"featured_media":0,"comment_status":"closed","ping_status":"closed","sticky":false,"template":"","format":"standard","meta":{"tdm_status":"","tdm_grid_status":"","footnotes":""},"categories":[70],"tags":[1563,37297,1026,28705,11382,28349,37673,37672,195],"class_list":{"0":"post-104121","1":"post","2":"type-post","3":"status-publish","4":"format-standard","6":"category-de-opinion","7":"tag-cuitlahuac-garcia-jimenez","8":"tag-janneth-saucedo","9":"tag-morena","10":"tag-omar-zuniga","11":"tag-sergio-gil","12":"tag-sergio-gutierrez","13":"tag-silvia-armendariz-alpuche","14":"tag-tribunal-superior-de-justicia-en-xalapa","15":"tag-veracruz"},"yoast_head":"<!-- This site is optimized with the Yoast SEO plugin v27.4 - https:\/\/yoast.com\/product\/yoast-seo-wordpress\/ -->\n<title>GIL Y CUITL\u00c1HUAC - Los pol\u00edticos Veracruz<\/title>\n<meta name=\"robots\" content=\"index, follow, max-snippet:-1, max-image-preview:large, max-video-preview:-1\" \/>\n<link rel=\"canonical\" href=\"https:\/\/lospoliticosveracruz.com\/?p=104121\" \/>\n<meta property=\"og:locale\" content=\"es_ES\" \/>\n<meta property=\"og:type\" content=\"article\" \/>\n<meta property=\"og:title\" content=\"GIL Y CUITL\u00c1HUAC - Los pol\u00edticos Veracruz\" \/>\n<meta property=\"og:description\" content=\"Omar Z\u00fa\u00f1igaDe Primera Mano Sin menospreciar a nadien (as\u00ed con \u2018n\u2019 al final), pero casi nadie est\u00e1 haciendo la chamba que se necesita hacer de cara al 2024.Me refiero a los partidos pol\u00edticos y sus dirigencias estatales, incluso nacionales, pues salvo Movimiento Ciudadano con Sergio Gil Rull\u00e1n, que de plano se puso los guantes en [&hellip;]\" \/>\n<meta property=\"og:url\" content=\"https:\/\/lospoliticosveracruz.com\/?p=104121\" \/>\n<meta property=\"og:site_name\" content=\"Los pol\u00edticos Veracruz\" \/>\n<meta property=\"article:publisher\" content=\"https:\/\/www.facebook.com\/people\/Notimemes-de-los-Polticos\/61565672886568\/\" \/>\n<meta property=\"article:published_time\" content=\"2023-03-27T13:57:17+00:00\" \/>\n<meta property=\"article:modified_time\" content=\"2023-03-27T13:58:49+00:00\" \/>\n<meta property=\"og:image\" content=\"https:\/\/lospoliticosveracruz.com.mx\/wp-content\/uploads\/2021\/10\/WhatsApp-Image-2021-10-02-at-15.20.25-212x300.jpeg\" \/>\n<meta name=\"author\" content=\"Lo viste en Los Pol\u00edticos\" \/>\n<meta name=\"twitter:card\" content=\"summary_large_image\" \/>\n<meta name=\"twitter:creator\" content=\"@LosPoliticosVer\" \/>\n<meta name=\"twitter:site\" content=\"@LosPoliticosVer\" \/>\n<meta name=\"twitter:label1\" content=\"Escrito por\" \/>\n\t<meta name=\"twitter:data1\" content=\"Lo viste en Los Pol\u00edticos\" \/>\n\t<meta name=\"twitter:label2\" content=\"Tiempo de lectura\" \/>\n\t<meta name=\"twitter:data2\" content=\"5 minutos\" \/>\n<script type=\"application\/ld+json\" class=\"yoast-schema-graph\">{\"@context\":\"https:\\\/\\\/schema.org\",\"@graph\":[{\"@type\":\"Article\",\"@id\":\"https:\\\/\\\/lospoliticosveracruz.com\\\/?p=104121#article\",\"isPartOf\":{\"@id\":\"https:\\\/\\\/lospoliticosveracruz.com\\\/?p=104121\"},\"author\":{\"name\":\"Lo viste en Los Pol\u00edticos\",\"@id\":\"https:\\\/\\\/lospoliticosveracruz.com\\\/#\\\/schema\\\/person\\\/b8702bb0e538456e6efd07080bf2a4a2\"},\"headline\":\"GIL Y CUITL\u00c1HUAC\",\"datePublished\":\"2023-03-27T13:57:17+00:00\",\"dateModified\":\"2023-03-27T13:58:49+00:00\",\"mainEntityOfPage\":{\"@id\":\"https:\\\/\\\/lospoliticosveracruz.com\\\/?p=104121\"},\"wordCount\":911,\"publisher\":{\"@id\":\"https:\\\/\\\/lospoliticosveracruz.com\\\/#organization\"},\"image\":{\"@id\":\"https:\\\/\\\/lospoliticosveracruz.com\\\/?p=104121#primaryimage\"},\"thumbnailUrl\":\"https:\\\/\\\/lospoliticosveracruz.com.mx\\\/wp-content\\\/uploads\\\/2021\\\/10\\\/WhatsApp-Image-2021-10-02-at-15.20.25-212x300.jpeg\",\"keywords\":[\"Cuitl\u00e1huac Garc\u00eda Jim\u00e9nez\",\"Janneth Saucedo\",\"Morena\",\"Omar Z\u00fa\u00f1iga\",\"Sergio Gil\",\"Sergio Guti\u00e9rrez\",\"Silvia Armend\u00e1riz Alpuche\",\"Tribunal Superior de Justicia en Xalapa\",\"Veracruz\"],\"articleSection\":[\"De Opini\u00f3n\"],\"inLanguage\":\"es\"},{\"@type\":\"WebPage\",\"@id\":\"https:\\\/\\\/lospoliticosveracruz.com\\\/?p=104121\",\"url\":\"https:\\\/\\\/lospoliticosveracruz.com\\\/?p=104121\",\"name\":\"GIL Y CUITL\u00c1HUAC - Los pol\u00edticos Veracruz\",\"isPartOf\":{\"@id\":\"https:\\\/\\\/lospoliticosveracruz.com\\\/#website\"},\"primaryImageOfPage\":{\"@id\":\"https:\\\/\\\/lospoliticosveracruz.com\\\/?p=104121#primaryimage\"},\"image\":{\"@id\":\"https:\\\/\\\/lospoliticosveracruz.com\\\/?p=104121#primaryimage\"},\"thumbnailUrl\":\"https:\\\/\\\/lospoliticosveracruz.com.mx\\\/wp-content\\\/uploads\\\/2021\\\/10\\\/WhatsApp-Image-2021-10-02-at-15.20.25-212x300.jpeg\",\"datePublished\":\"2023-03-27T13:57:17+00:00\",\"dateModified\":\"2023-03-27T13:58:49+00:00\",\"breadcrumb\":{\"@id\":\"https:\\\/\\\/lospoliticosveracruz.com\\\/?p=104121#breadcrumb\"},\"inLanguage\":\"es\",\"potentialAction\":[{\"@type\":\"ReadAction\",\"target\":[\"https:\\\/\\\/lospoliticosveracruz.com\\\/?p=104121\"]}]},{\"@type\":\"ImageObject\",\"inLanguage\":\"es\",\"@id\":\"https:\\\/\\\/lospoliticosveracruz.com\\\/?p=104121#primaryimage\",\"url\":\"https:\\\/\\\/lospoliticosveracruz.com.mx\\\/wp-content\\\/uploads\\\/2021\\\/10\\\/WhatsApp-Image-2021-10-02-at-15.20.25-212x300.jpeg\",\"contentUrl\":\"https:\\\/\\\/lospoliticosveracruz.com.mx\\\/wp-content\\\/uploads\\\/2021\\\/10\\\/WhatsApp-Image-2021-10-02-at-15.20.25-212x300.jpeg\"},{\"@type\":\"BreadcrumbList\",\"@id\":\"https:\\\/\\\/lospoliticosveracruz.com\\\/?p=104121#breadcrumb\",\"itemListElement\":[{\"@type\":\"ListItem\",\"position\":1,\"name\":\"Portada\",\"item\":\"https:\\\/\\\/lospoliticosveracruz.com\\\/\"},{\"@type\":\"ListItem\",\"position\":2,\"name\":\"GIL Y CUITL\u00c1HUAC\"}]},{\"@type\":\"WebSite\",\"@id\":\"https:\\\/\\\/lospoliticosveracruz.com\\\/#website\",\"url\":\"https:\\\/\\\/lospoliticosveracruz.com\\\/\",\"name\":\"Los pol\u00edticos Veracruz\",\"description\":\"\",\"publisher\":{\"@id\":\"https:\\\/\\\/lospoliticosveracruz.com\\\/#organization\"},\"potentialAction\":[{\"@type\":\"SearchAction\",\"target\":{\"@type\":\"EntryPoint\",\"urlTemplate\":\"https:\\\/\\\/lospoliticosveracruz.com\\\/?s={search_term_string}\"},\"query-input\":{\"@type\":\"PropertyValueSpecification\",\"valueRequired\":true,\"valueName\":\"search_term_string\"}}],\"inLanguage\":\"es\"},{\"@type\":\"Organization\",\"@id\":\"https:\\\/\\\/lospoliticosveracruz.com\\\/#organization\",\"name\":\"Los pol\u00edticos Veracruz\",\"url\":\"https:\\\/\\\/lospoliticosveracruz.com\\\/\",\"logo\":{\"@type\":\"ImageObject\",\"inLanguage\":\"es\",\"@id\":\"https:\\\/\\\/lospoliticosveracruz.com\\\/#\\\/schema\\\/logo\\\/image\\\/\",\"url\":\"https:\\\/\\\/lospoliticosveracruz.com\\\/wp-content\\\/uploads\\\/2025\\\/12\\\/Logo-Nuevo-LOS-POLITICOS-1.jpg\",\"contentUrl\":\"https:\\\/\\\/lospoliticosveracruz.com\\\/wp-content\\\/uploads\\\/2025\\\/12\\\/Logo-Nuevo-LOS-POLITICOS-1.jpg\",\"width\":260,\"height\":70,\"caption\":\"Los pol\u00edticos Veracruz\"},\"image\":{\"@id\":\"https:\\\/\\\/lospoliticosveracruz.com\\\/#\\\/schema\\\/logo\\\/image\\\/\"},\"sameAs\":[\"https:\\\/\\\/www.facebook.com\\\/people\\\/Notimemes-de-los-Polticos\\\/61565672886568\\\/\",\"https:\\\/\\\/x.com\\\/LosPoliticosVer\"]},{\"@type\":\"Person\",\"@id\":\"https:\\\/\\\/lospoliticosveracruz.com\\\/#\\\/schema\\\/person\\\/b8702bb0e538456e6efd07080bf2a4a2\",\"name\":\"Lo viste en Los Pol\u00edticos\",\"image\":{\"@type\":\"ImageObject\",\"inLanguage\":\"es\",\"@id\":\"https:\\\/\\\/secure.gravatar.com\\\/avatar\\\/3a8de04a2656d44082be478bd6c086daa447c4651605818287b9532d3d0bd435?s=96&d=mm&r=g\",\"url\":\"https:\\\/\\\/secure.gravatar.com\\\/avatar\\\/3a8de04a2656d44082be478bd6c086daa447c4651605818287b9532d3d0bd435?s=96&d=mm&r=g\",\"contentUrl\":\"https:\\\/\\\/secure.gravatar.com\\\/avatar\\\/3a8de04a2656d44082be478bd6c086daa447c4651605818287b9532d3d0bd435?s=96&d=mm&r=g\",\"caption\":\"Lo viste en Los Pol\u00edticos\"},\"url\":\"https:\\\/\\\/lospoliticosveracruz.com\\\/?author=2\"}]}<\/script>\n<!-- \/ Yoast SEO plugin. -->","yoast_head_json":{"title":"GIL Y CUITL\u00c1HUAC - Los pol\u00edticos Veracruz","robots":{"index":"index","follow":"follow","max-snippet":"max-snippet:-1","max-image-preview":"max-image-preview:large","max-video-preview":"max-video-preview:-1"},"canonical":"https:\/\/lospoliticosveracruz.com\/?p=104121","og_locale":"es_ES","og_type":"article","og_title":"GIL Y CUITL\u00c1HUAC - Los pol\u00edticos Veracruz","og_description":"Omar Z\u00fa\u00f1igaDe Primera Mano Sin menospreciar a nadien (as\u00ed con \u2018n\u2019 al final), pero casi nadie est\u00e1 haciendo la chamba que se necesita hacer de cara al 2024.Me refiero a los partidos pol\u00edticos y sus dirigencias estatales, incluso nacionales, pues salvo Movimiento Ciudadano con Sergio Gil Rull\u00e1n, que de plano se puso los guantes en [&hellip;]","og_url":"https:\/\/lospoliticosveracruz.com\/?p=104121","og_site_name":"Los pol\u00edticos Veracruz","article_publisher":"https:\/\/www.facebook.com\/people\/Notimemes-de-los-Polticos\/61565672886568\/","article_published_time":"2023-03-27T13:57:17+00:00","article_modified_time":"2023-03-27T13:58:49+00:00","og_image":[{"url":"https:\/\/lospoliticosveracruz.com.mx\/wp-content\/uploads\/2021\/10\/WhatsApp-Image-2021-10-02-at-15.20.25-212x300.jpeg","type":"","width":"","height":""}],"author":"Lo viste en Los Pol\u00edticos","twitter_card":"summary_large_image","twitter_creator":"@LosPoliticosVer","twitter_site":"@LosPoliticosVer","twitter_misc":{"Escrito por":"Lo viste en Los Pol\u00edticos","Tiempo de lectura":"5 minutos"},"schema":{"@context":"https:\/\/schema.org","@graph":[{"@type":"Article","@id":"https:\/\/lospoliticosveracruz.com\/?p=104121#article","isPartOf":{"@id":"https:\/\/lospoliticosveracruz.com\/?p=104121"},"author":{"name":"Lo viste en Los Pol\u00edticos","@id":"https:\/\/lospoliticosveracruz.com\/#\/schema\/person\/b8702bb0e538456e6efd07080bf2a4a2"},"headline":"GIL Y CUITL\u00c1HUAC","datePublished":"2023-03-27T13:57:17+00:00","dateModified":"2023-03-27T13:58:49+00:00","mainEntityOfPage":{"@id":"https:\/\/lospoliticosveracruz.com\/?p=104121"},"wordCount":911,"publisher":{"@id":"https:\/\/lospoliticosveracruz.com\/#organization"},"image":{"@id":"https:\/\/lospoliticosveracruz.com\/?p=104121#primaryimage"},"thumbnailUrl":"https:\/\/lospoliticosveracruz.com.mx\/wp-content\/uploads\/2021\/10\/WhatsApp-Image-2021-10-02-at-15.20.25-212x300.jpeg","keywords":["Cuitl\u00e1huac Garc\u00eda Jim\u00e9nez","Janneth Saucedo","Morena","Omar Z\u00fa\u00f1iga","Sergio Gil","Sergio Guti\u00e9rrez","Silvia Armend\u00e1riz Alpuche","Tribunal Superior de Justicia en Xalapa","Veracruz"],"articleSection":["De Opini\u00f3n"],"inLanguage":"es"},{"@type":"WebPage","@id":"https:\/\/lospoliticosveracruz.com\/?p=104121","url":"https:\/\/lospoliticosveracruz.com\/?p=104121","name":"GIL Y CUITL\u00c1HUAC - Los pol\u00edticos Veracruz","isPartOf":{"@id":"https:\/\/lospoliticosveracruz.com\/#website"},"primaryImageOfPage":{"@id":"https:\/\/lospoliticosveracruz.com\/?p=104121#primaryimage"},"image":{"@id":"https:\/\/lospoliticosveracruz.com\/?p=104121#primaryimage"},"thumbnailUrl":"https:\/\/lospoliticosveracruz.com.mx\/wp-content\/uploads\/2021\/10\/WhatsApp-Image-2021-10-02-at-15.20.25-212x300.jpeg","datePublished":"2023-03-27T13:57:17+00:00","dateModified":"2023-03-27T13:58:49+00:00","breadcrumb":{"@id":"https:\/\/lospoliticosveracruz.com\/?p=104121#breadcrumb"},"inLanguage":"es","potentialAction":[{"@type":"ReadAction","target":["https:\/\/lospoliticosveracruz.com\/?p=104121"]}]},{"@type":"ImageObject","inLanguage":"es","@id":"https:\/\/lospoliticosveracruz.com\/?p=104121#primaryimage","url":"https:\/\/lospoliticosveracruz.com.mx\/wp-content\/uploads\/2021\/10\/WhatsApp-Image-2021-10-02-at-15.20.25-212x300.jpeg","contentUrl":"https:\/\/lospoliticosveracruz.com.mx\/wp-content\/uploads\/2021\/10\/WhatsApp-Image-2021-10-02-at-15.20.25-212x300.jpeg"},{"@type":"BreadcrumbList","@id":"https:\/\/lospoliticosveracruz.com\/?p=104121#breadcrumb","itemListElement":[{"@type":"ListItem","position":1,"name":"Portada","item":"https:\/\/lospoliticosveracruz.com\/"},{"@type":"ListItem","position":2,"name":"GIL Y CUITL\u00c1HUAC"}]},{"@type":"WebSite","@id":"https:\/\/lospoliticosveracruz.com\/#website","url":"https:\/\/lospoliticosveracruz.com\/","name":"Los pol\u00edticos Veracruz","description":"","publisher":{"@id":"https:\/\/lospoliticosveracruz.com\/#organization"},"potentialAction":[{"@type":"SearchAction","target":{"@type":"EntryPoint","urlTemplate":"https:\/\/lospoliticosveracruz.com\/?s={search_term_string}"},"query-input":{"@type":"PropertyValueSpecification","valueRequired":true,"valueName":"search_term_string"}}],"inLanguage":"es"},{"@type":"Organization","@id":"https:\/\/lospoliticosveracruz.com\/#organization","name":"Los pol\u00edticos Veracruz","url":"https:\/\/lospoliticosveracruz.com\/","logo":{"@type":"ImageObject","inLanguage":"es","@id":"https:\/\/lospoliticosveracruz.com\/#\/schema\/logo\/image\/","url":"https:\/\/lospoliticosveracruz.com\/wp-content\/uploads\/2025\/12\/Logo-Nuevo-LOS-POLITICOS-1.jpg","contentUrl":"https:\/\/lospoliticosveracruz.com\/wp-content\/uploads\/2025\/12\/Logo-Nuevo-LOS-POLITICOS-1.jpg","width":260,"height":70,"caption":"Los pol\u00edticos Veracruz"},"image":{"@id":"https:\/\/lospoliticosveracruz.com\/#\/schema\/logo\/image\/"},"sameAs":["https:\/\/www.facebook.com\/people\/Notimemes-de-los-Polticos\/61565672886568\/","https:\/\/x.com\/LosPoliticosVer"]},{"@type":"Person","@id":"https:\/\/lospoliticosveracruz.com\/#\/schema\/person\/b8702bb0e538456e6efd07080bf2a4a2","name":"Lo viste en Los Pol\u00edticos","image":{"@type":"ImageObject","inLanguage":"es","@id":"https:\/\/secure.gravatar.com\/avatar\/3a8de04a2656d44082be478bd6c086daa447c4651605818287b9532d3d0bd435?s=96&d=mm&r=g","url":"https:\/\/secure.gravatar.com\/avatar\/3a8de04a2656d44082be478bd6c086daa447c4651605818287b9532d3d0bd435?s=96&d=mm&r=g","contentUrl":"https:\/\/secure.gravatar.com\/avatar\/3a8de04a2656d44082be478bd6c086daa447c4651605818287b9532d3d0bd435?s=96&d=mm&r=g","caption":"Lo viste en Los Pol\u00edticos"},"url":"https:\/\/lospoliticosveracruz.com\/?author=2"}]}},"_links":{"self":[{"href":"https:\/\/lospoliticosveracruz.com\/index.php?rest_route=\/wp\/v2\/posts\/104121","targetHints":{"allow":["GET"]}}],"collection":[{"href":"https:\/\/lospoliticosveracruz.com\/index.php?rest_route=\/wp\/v2\/posts"}],"about":[{"href":"https:\/\/lospoliticosveracruz.com\/index.php?rest_route=\/wp\/v2\/types\/post"}],"author":[{"embeddable":true,"href":"https:\/\/lospoliticosveracruz.com\/index.php?rest_route=\/wp\/v2\/users\/2"}],"replies":[{"embeddable":true,"href":"https:\/\/lospoliticosveracruz.com\/index.php?rest_route=%2Fwp%2Fv2%2Fcomments&post=104121"}],"version-history":[{"count":1,"href":"https:\/\/lospoliticosveracruz.com\/index.php?rest_route=\/wp\/v2\/posts\/104121\/revisions"}],"predecessor-version":[{"id":104122,"href":"https:\/\/lospoliticosveracruz.com\/index.php?rest_route=\/wp\/v2\/posts\/104121\/revisions\/104122"}],"wp:attachment":[{"href":"https:\/\/lospoliticosveracruz.com\/index.php?rest_route=%2Fwp%2Fv2%2Fmedia&parent=104121"}],"wp:term":[{"taxonomy":"category","embeddable":true,"href":"https:\/\/lospoliticosveracruz.com\/index.php?rest_route=%2Fwp%2Fv2%2Fcategories&post=104121"},{"taxonomy":"post_tag","embeddable":true,"href":"https:\/\/lospoliticosveracruz.com\/index.php?rest_route=%2Fwp%2Fv2%2Ftags&post=104121"}],"curies":[{"name":"wp","href":"https:\/\/api.w.org\/{rel}","templated":true}]}}