{"id":104239,"date":"2023-03-28T23:38:32","date_gmt":"2023-03-29T05:38:32","guid":{"rendered":"https:\/\/lospoliticosveracruz.com.mx\/?p=104239"},"modified":"2023-03-28T23:38:38","modified_gmt":"2023-03-29T05:38:38","slug":"festival","status":"publish","type":"post","link":"https:\/\/lospoliticosveracruz.com\/?p=104239","title":{"rendered":"FESTIVAL"},"content":{"rendered":"\n<p><strong>Guadalupe H. Mar<\/strong><\/p>\n\n\n\n<p><em>Mira Pol\u00edtica\u00a0<\/em><\/p>\n\n\n\n<p>QUE NO CARNAVAL \u2026. Pues resulta amables lectoras y lectores, que en el \u201cFestival de Verano Veracruz 2023\u201d, mal llamado \u201cCarnaval de Veracruz\u201d, que se celebrar\u00e1 del 29 de junio al cinco de julio de este a\u00f1o, ya no habr\u00e1 desfile del domingo por la ma\u00f1ana, pues el Comit\u00e9 Organizador cancel\u00f3 ese paseo al que tradicionalmente vienen miles de personas no solo de municipios de la entidad veracruzana, sino del pa\u00eds, argumentando que as\u00ed evitar\u00e1n la insolaci\u00f3n de los comparseros y asistentes.<\/p>\n\n\n\n<p><a href=\"https:\/\/youtu.be\/Nxe-vxf8GuY\"><\/a><\/p>\n\n\n\n<figure class=\"wp-block-embed is-type-video is-provider-youtube wp-block-embed-youtube wp-embed-aspect-16-9 wp-has-aspect-ratio\"><div class=\"wp-block-embed__wrapper\">\n<iframe loading=\"lazy\" title=\"Cluster Coworking\" width=\"696\" height=\"392\" src=\"https:\/\/www.youtube.com\/embed\/Nxe-vxf8GuY?feature=oembed\" frameborder=\"0\" allow=\"accelerometer; autoplay; clipboard-write; encrypted-media; gyroscope; picture-in-picture; web-share\" referrerpolicy=\"strict-origin-when-cross-origin\" allowfullscreen><\/iframe>\n<\/div><\/figure>\n\n\n\n<p>Recordar\u00e1n que el tradicional \u201cCarnaval de Veracruz\u201d que se celebraba desde 1925 entre febrero y marzo de cada a\u00f1o, en ocasiones suspend\u00eda desfiles porque los fuertes vientos del norte y el fr\u00edo lo obligaban, por eso y con argumentos meramente econ\u00f3micos, se decidi\u00f3 diferirlo para el verano, cuando ya no hay \u201cnortes\u201d, esto es, a finales de junio e inicios de julio.<\/p>\n\n\n\n<p>Ahora resulta que los organizadores de la fiesta del \u201cRey Momo\u201d decidieron cancelar los paseos de la ma\u00f1ana y realizar solo los de la tarde para evitar insolados.<\/p>\n\n\n\n<p>Al paso que vamos, en breve el mal llamado \u201cCarnaval de Veracruz\u201d tendr\u00e1 que celebrarse en el World Trade Center o el auditorio \u201cBenito Ju\u00e1rez\u201d, a la sombra y con aire acondicionado.<\/p>\n\n\n\n<p>Con estas determinaciones el \u201cFestival de Verano Veracruz 2023\u201d, mal llamado \u201cCarnaval de Veracruz\u201d, que se celebrar\u00e1 del 29 de junio al cinco de julio de este a\u00f1o, ha dejado de ser \u2013 ahora si- una fiesta del pueblo para el pueblo jarocho, para convertirse en un evento tur\u00edstico exclusivo y nada m\u00e1s.<\/p>\n\n\n\n<p>LO NUESTRO \u2026 Este viernes 31 de marzo, a eso de las seis de la tarde, la afamada artista veracruzana Natalia Lafourcade inaugurar\u00e1 en J\u00e1ltipan de Morelos, al sur de la entidad veracruzana, el \u201cCentro de Documentaci\u00f3n del Son Jarocho\u201d, que se ubica en la calle de Francisco I Madero n\u00famero 116 de esa localidad.<\/p>\n\n\n\n<p>Ricardo Perry Guill\u00e9n, director del nuevo Centro de Documentaci\u00f3n del Son Jarocho, es quien se encarga de los preparativos de tan importante evento para la cultura veracruzana.<\/p>\n\n\n\n<p>Este centro de hecho ya exist\u00eda, fue remodelado y en \u00e9l se imparten diversos cursos relacionados con las tradiciones de nuestra entidad, los cuales, por cierto, promueven que sean avalados por la Universidad Veracruzana.<\/p>\n\n\n\n<p>DE VERACRUZ AL MUNDO \u2026 Un sinn\u00famero de buenos comentarios ha generado lo sucedido en la madrugada del pasado lunes en la ciudad de Xalapa, cuando un grupo de personas disfrazados de osos y a bordo de motocicletas, recorrieron la ciudad pegando carteles alusivos a la lucha contra el prejuicio y el estigma que rodea a la depresi\u00f3n.<\/p>\n\n\n\n<p>As\u00ed como lo est\u00e1n leyendo amables lectoras y lectores, j\u00f3venes xalape\u00f1os disfrazados de osos realizan esta campa\u00f1a de pega de carteles en los cuales se lee por ejemplo que \u201c15 de cada 100 mexicanos sufre de depresi\u00f3n\u201d y \u201cEntiende que la depresi\u00f3n es una enfermedad no una elecci\u00f3n\u201d, \u00abNo est\u00e1 en mi imaginaci\u00f3n, es un tema serio y se llama depresi\u00f3n\u00bb, \u00abCerca de 35 millones de mexicanos han experimentado depresi\u00f3n\u00bb, \u00abNormalicemos hablar de depresi\u00f3n\u00bb y \u00abEscucha sin juzgar y valida las emociones de los dem\u00e1s\u00bb.<\/p>\n\n\n\n<p>Con esta acci\u00f3n de los osos xalape\u00f1os motorizados al colocar carteles alusivos a la depresi\u00f3n, se sensibiliza a la poblaci\u00f3n en general, lo cual es digno de reconocerse.<\/p>\n\n\n\n<p>LA LEY ES LA LEY \u2026 Ha generado muchos comentarios a favor y en contra, la detenci\u00f3n o arresto de Florencio Hern\u00e1ndez Espinoza, juez de proceso adscrito al Distrito Judicial de Coatzacoalcos, a quien se le acusa de presunta corrupci\u00f3n al liberar muy, pero muy f\u00e1cilmente a supuestos delincuentes que incurrieron en delitos graves como la violaci\u00f3n de menores.<\/p>\n\n\n\n<p>A este impartidor de justicia ya se le hab\u00eda se\u00f1alado anteriormente y fue hasta ahora que la Fiscal\u00eda General del Estado de Veracruz (Fgever) integr\u00f3 el expediente para el arresto del juez, a quien se le detuvo, por cierto, la salir del edificio del Poder Judicial all\u00e1 en la ciudad de Xalapa.<\/p>\n\n\n\n<p>D\u00cdGALO SIN MIEDO \u2026 Al correo electr\u00f3nico guadalupehmar@yahoo.com<\/p>\n","protected":false},"excerpt":{"rendered":"<p>Guadalupe H. Mar Mira Pol\u00edtica\u00a0 QUE NO CARNAVAL \u2026. Pues resulta amables lectoras y lectores, que en el \u201cFestival de Verano Veracruz 2023\u201d, mal llamado \u201cCarnaval de Veracruz\u201d, que se celebrar\u00e1 del 29 de junio al cinco de julio de este a\u00f1o, ya no habr\u00e1 desfile del domingo por la ma\u00f1ana, pues el Comit\u00e9 Organizador [&hellip;]<\/p>\n","protected":false},"author":2,"featured_media":0,"comment_status":"closed","ping_status":"closed","sticky":false,"template":"","format":"standard","meta":{"tdm_status":"","tdm_grid_status":"","footnotes":""},"categories":[70],"tags":[1730,10511,1606,37754,8920,37755],"class_list":{"0":"post-104239","1":"post","2":"type-post","3":"status-publish","4":"format-standard","6":"category-de-opinion","7":"tag-carnaval-de-veracruz","8":"tag-centro-de-documentacion-del-son-jarocho","9":"tag-guadalupe-h-mar","10":"tag-jaltipan-de-morelos","11":"tag-natalia-lafourcade","12":"tag-ricardo-perry-guillen"},"yoast_head":"<!-- This site is optimized with the Yoast SEO plugin v27.4 - https:\/\/yoast.com\/product\/yoast-seo-wordpress\/ -->\n<title>FESTIVAL - Los pol\u00edticos Veracruz<\/title>\n<meta name=\"robots\" content=\"index, follow, max-snippet:-1, max-image-preview:large, max-video-preview:-1\" \/>\n<link rel=\"canonical\" href=\"https:\/\/lospoliticosveracruz.com\/?p=104239\" \/>\n<meta property=\"og:locale\" content=\"es_ES\" \/>\n<meta property=\"og:type\" content=\"article\" \/>\n<meta property=\"og:title\" content=\"FESTIVAL - Los pol\u00edticos Veracruz\" \/>\n<meta property=\"og:description\" content=\"Guadalupe H. Mar Mira Pol\u00edtica\u00a0 QUE NO CARNAVAL \u2026. Pues resulta amables lectoras y lectores, que en el \u201cFestival de Verano Veracruz 2023\u201d, mal llamado \u201cCarnaval de Veracruz\u201d, que se celebrar\u00e1 del 29 de junio al cinco de julio de este a\u00f1o, ya no habr\u00e1 desfile del domingo por la ma\u00f1ana, pues el Comit\u00e9 Organizador [&hellip;]\" \/>\n<meta property=\"og:url\" content=\"https:\/\/lospoliticosveracruz.com\/?p=104239\" \/>\n<meta property=\"og:site_name\" content=\"Los pol\u00edticos Veracruz\" \/>\n<meta property=\"article:publisher\" content=\"https:\/\/www.facebook.com\/people\/Notimemes-de-los-Polticos\/61565672886568\/\" \/>\n<meta property=\"article:published_time\" content=\"2023-03-29T05:38:32+00:00\" \/>\n<meta property=\"article:modified_time\" content=\"2023-03-29T05:38:38+00:00\" \/>\n<meta property=\"og:image\" content=\"https:\/\/lospoliticosveracruz.com\/wp-content\/uploads\/2016\/07\/Logo-Dor.jpg\" \/>\n\t<meta property=\"og:image:width\" content=\"200\" \/>\n\t<meta property=\"og:image:height\" content=\"200\" \/>\n\t<meta property=\"og:image:type\" content=\"image\/jpeg\" \/>\n<meta name=\"author\" content=\"Lo viste en Los Pol\u00edticos\" \/>\n<meta name=\"twitter:card\" content=\"summary_large_image\" \/>\n<meta name=\"twitter:creator\" content=\"@LosPoliticosVer\" \/>\n<meta name=\"twitter:site\" content=\"@LosPoliticosVer\" \/>\n<meta name=\"twitter:label1\" content=\"Escrito por\" \/>\n\t<meta name=\"twitter:data1\" content=\"Lo viste en Los Pol\u00edticos\" \/>\n\t<meta name=\"twitter:label2\" content=\"Tiempo de lectura\" \/>\n\t<meta name=\"twitter:data2\" content=\"4 minutos\" \/>\n<script type=\"application\/ld+json\" class=\"yoast-schema-graph\">{\"@context\":\"https:\\\/\\\/schema.org\",\"@graph\":[{\"@type\":\"Article\",\"@id\":\"https:\\\/\\\/lospoliticosveracruz.com\\\/?p=104239#article\",\"isPartOf\":{\"@id\":\"https:\\\/\\\/lospoliticosveracruz.com\\\/?p=104239\"},\"author\":{\"name\":\"Lo viste en Los Pol\u00edticos\",\"@id\":\"https:\\\/\\\/lospoliticosveracruz.com\\\/#\\\/schema\\\/person\\\/b8702bb0e538456e6efd07080bf2a4a2\"},\"headline\":\"FESTIVAL\",\"datePublished\":\"2023-03-29T05:38:32+00:00\",\"dateModified\":\"2023-03-29T05:38:38+00:00\",\"mainEntityOfPage\":{\"@id\":\"https:\\\/\\\/lospoliticosveracruz.com\\\/?p=104239\"},\"wordCount\":710,\"publisher\":{\"@id\":\"https:\\\/\\\/lospoliticosveracruz.com\\\/#organization\"},\"keywords\":[\"Carnaval de Veracruz\",\"Centro de Documentaci\u00f3n del Son Jarocho\",\"Guadalupe H. Mar\",\"J\u00e1ltipan de Morelos\",\"Natalia Lafourcade\",\"Ricardo Perry Guill\u00e9n\"],\"articleSection\":[\"De Opini\u00f3n\"],\"inLanguage\":\"es\"},{\"@type\":\"WebPage\",\"@id\":\"https:\\\/\\\/lospoliticosveracruz.com\\\/?p=104239\",\"url\":\"https:\\\/\\\/lospoliticosveracruz.com\\\/?p=104239\",\"name\":\"FESTIVAL - Los pol\u00edticos Veracruz\",\"isPartOf\":{\"@id\":\"https:\\\/\\\/lospoliticosveracruz.com\\\/#website\"},\"datePublished\":\"2023-03-29T05:38:32+00:00\",\"dateModified\":\"2023-03-29T05:38:38+00:00\",\"breadcrumb\":{\"@id\":\"https:\\\/\\\/lospoliticosveracruz.com\\\/?p=104239#breadcrumb\"},\"inLanguage\":\"es\",\"potentialAction\":[{\"@type\":\"ReadAction\",\"target\":[\"https:\\\/\\\/lospoliticosveracruz.com\\\/?p=104239\"]}]},{\"@type\":\"BreadcrumbList\",\"@id\":\"https:\\\/\\\/lospoliticosveracruz.com\\\/?p=104239#breadcrumb\",\"itemListElement\":[{\"@type\":\"ListItem\",\"position\":1,\"name\":\"Portada\",\"item\":\"https:\\\/\\\/lospoliticosveracruz.com\\\/\"},{\"@type\":\"ListItem\",\"position\":2,\"name\":\"FESTIVAL\"}]},{\"@type\":\"WebSite\",\"@id\":\"https:\\\/\\\/lospoliticosveracruz.com\\\/#website\",\"url\":\"https:\\\/\\\/lospoliticosveracruz.com\\\/\",\"name\":\"Los pol\u00edticos Veracruz\",\"description\":\"\",\"publisher\":{\"@id\":\"https:\\\/\\\/lospoliticosveracruz.com\\\/#organization\"},\"potentialAction\":[{\"@type\":\"SearchAction\",\"target\":{\"@type\":\"EntryPoint\",\"urlTemplate\":\"https:\\\/\\\/lospoliticosveracruz.com\\\/?s={search_term_string}\"},\"query-input\":{\"@type\":\"PropertyValueSpecification\",\"valueRequired\":true,\"valueName\":\"search_term_string\"}}],\"inLanguage\":\"es\"},{\"@type\":\"Organization\",\"@id\":\"https:\\\/\\\/lospoliticosveracruz.com\\\/#organization\",\"name\":\"Los pol\u00edticos Veracruz\",\"url\":\"https:\\\/\\\/lospoliticosveracruz.com\\\/\",\"logo\":{\"@type\":\"ImageObject\",\"inLanguage\":\"es\",\"@id\":\"https:\\\/\\\/lospoliticosveracruz.com\\\/#\\\/schema\\\/logo\\\/image\\\/\",\"url\":\"https:\\\/\\\/lospoliticosveracruz.com\\\/wp-content\\\/uploads\\\/2025\\\/12\\\/Logo-Nuevo-LOS-POLITICOS-1.jpg\",\"contentUrl\":\"https:\\\/\\\/lospoliticosveracruz.com\\\/wp-content\\\/uploads\\\/2025\\\/12\\\/Logo-Nuevo-LOS-POLITICOS-1.jpg\",\"width\":260,\"height\":70,\"caption\":\"Los pol\u00edticos Veracruz\"},\"image\":{\"@id\":\"https:\\\/\\\/lospoliticosveracruz.com\\\/#\\\/schema\\\/logo\\\/image\\\/\"},\"sameAs\":[\"https:\\\/\\\/www.facebook.com\\\/people\\\/Notimemes-de-los-Polticos\\\/61565672886568\\\/\",\"https:\\\/\\\/x.com\\\/LosPoliticosVer\"]},{\"@type\":\"Person\",\"@id\":\"https:\\\/\\\/lospoliticosveracruz.com\\\/#\\\/schema\\\/person\\\/b8702bb0e538456e6efd07080bf2a4a2\",\"name\":\"Lo viste en Los Pol\u00edticos\",\"image\":{\"@type\":\"ImageObject\",\"inLanguage\":\"es\",\"@id\":\"https:\\\/\\\/secure.gravatar.com\\\/avatar\\\/3a8de04a2656d44082be478bd6c086daa447c4651605818287b9532d3d0bd435?s=96&d=mm&r=g\",\"url\":\"https:\\\/\\\/secure.gravatar.com\\\/avatar\\\/3a8de04a2656d44082be478bd6c086daa447c4651605818287b9532d3d0bd435?s=96&d=mm&r=g\",\"contentUrl\":\"https:\\\/\\\/secure.gravatar.com\\\/avatar\\\/3a8de04a2656d44082be478bd6c086daa447c4651605818287b9532d3d0bd435?s=96&d=mm&r=g\",\"caption\":\"Lo viste en Los Pol\u00edticos\"},\"url\":\"https:\\\/\\\/lospoliticosveracruz.com\\\/?author=2\"}]}<\/script>\n<!-- \/ Yoast SEO plugin. -->","yoast_head_json":{"title":"FESTIVAL - Los pol\u00edticos Veracruz","robots":{"index":"index","follow":"follow","max-snippet":"max-snippet:-1","max-image-preview":"max-image-preview:large","max-video-preview":"max-video-preview:-1"},"canonical":"https:\/\/lospoliticosveracruz.com\/?p=104239","og_locale":"es_ES","og_type":"article","og_title":"FESTIVAL - Los pol\u00edticos Veracruz","og_description":"Guadalupe H. Mar Mira Pol\u00edtica\u00a0 QUE NO CARNAVAL \u2026. Pues resulta amables lectoras y lectores, que en el \u201cFestival de Verano Veracruz 2023\u201d, mal llamado \u201cCarnaval de Veracruz\u201d, que se celebrar\u00e1 del 29 de junio al cinco de julio de este a\u00f1o, ya no habr\u00e1 desfile del domingo por la ma\u00f1ana, pues el Comit\u00e9 Organizador [&hellip;]","og_url":"https:\/\/lospoliticosveracruz.com\/?p=104239","og_site_name":"Los pol\u00edticos Veracruz","article_publisher":"https:\/\/www.facebook.com\/people\/Notimemes-de-los-Polticos\/61565672886568\/","article_published_time":"2023-03-29T05:38:32+00:00","article_modified_time":"2023-03-29T05:38:38+00:00","og_image":[{"width":200,"height":200,"url":"https:\/\/lospoliticosveracruz.com\/wp-content\/uploads\/2016\/07\/Logo-Dor.jpg","type":"image\/jpeg"}],"author":"Lo viste en Los Pol\u00edticos","twitter_card":"summary_large_image","twitter_creator":"@LosPoliticosVer","twitter_site":"@LosPoliticosVer","twitter_misc":{"Escrito por":"Lo viste en Los Pol\u00edticos","Tiempo de lectura":"4 minutos"},"schema":{"@context":"https:\/\/schema.org","@graph":[{"@type":"Article","@id":"https:\/\/lospoliticosveracruz.com\/?p=104239#article","isPartOf":{"@id":"https:\/\/lospoliticosveracruz.com\/?p=104239"},"author":{"name":"Lo viste en Los Pol\u00edticos","@id":"https:\/\/lospoliticosveracruz.com\/#\/schema\/person\/b8702bb0e538456e6efd07080bf2a4a2"},"headline":"FESTIVAL","datePublished":"2023-03-29T05:38:32+00:00","dateModified":"2023-03-29T05:38:38+00:00","mainEntityOfPage":{"@id":"https:\/\/lospoliticosveracruz.com\/?p=104239"},"wordCount":710,"publisher":{"@id":"https:\/\/lospoliticosveracruz.com\/#organization"},"keywords":["Carnaval de Veracruz","Centro de Documentaci\u00f3n del Son Jarocho","Guadalupe H. Mar","J\u00e1ltipan de Morelos","Natalia Lafourcade","Ricardo Perry Guill\u00e9n"],"articleSection":["De Opini\u00f3n"],"inLanguage":"es"},{"@type":"WebPage","@id":"https:\/\/lospoliticosveracruz.com\/?p=104239","url":"https:\/\/lospoliticosveracruz.com\/?p=104239","name":"FESTIVAL - Los pol\u00edticos Veracruz","isPartOf":{"@id":"https:\/\/lospoliticosveracruz.com\/#website"},"datePublished":"2023-03-29T05:38:32+00:00","dateModified":"2023-03-29T05:38:38+00:00","breadcrumb":{"@id":"https:\/\/lospoliticosveracruz.com\/?p=104239#breadcrumb"},"inLanguage":"es","potentialAction":[{"@type":"ReadAction","target":["https:\/\/lospoliticosveracruz.com\/?p=104239"]}]},{"@type":"BreadcrumbList","@id":"https:\/\/lospoliticosveracruz.com\/?p=104239#breadcrumb","itemListElement":[{"@type":"ListItem","position":1,"name":"Portada","item":"https:\/\/lospoliticosveracruz.com\/"},{"@type":"ListItem","position":2,"name":"FESTIVAL"}]},{"@type":"WebSite","@id":"https:\/\/lospoliticosveracruz.com\/#website","url":"https:\/\/lospoliticosveracruz.com\/","name":"Los pol\u00edticos Veracruz","description":"","publisher":{"@id":"https:\/\/lospoliticosveracruz.com\/#organization"},"potentialAction":[{"@type":"SearchAction","target":{"@type":"EntryPoint","urlTemplate":"https:\/\/lospoliticosveracruz.com\/?s={search_term_string}"},"query-input":{"@type":"PropertyValueSpecification","valueRequired":true,"valueName":"search_term_string"}}],"inLanguage":"es"},{"@type":"Organization","@id":"https:\/\/lospoliticosveracruz.com\/#organization","name":"Los pol\u00edticos Veracruz","url":"https:\/\/lospoliticosveracruz.com\/","logo":{"@type":"ImageObject","inLanguage":"es","@id":"https:\/\/lospoliticosveracruz.com\/#\/schema\/logo\/image\/","url":"https:\/\/lospoliticosveracruz.com\/wp-content\/uploads\/2025\/12\/Logo-Nuevo-LOS-POLITICOS-1.jpg","contentUrl":"https:\/\/lospoliticosveracruz.com\/wp-content\/uploads\/2025\/12\/Logo-Nuevo-LOS-POLITICOS-1.jpg","width":260,"height":70,"caption":"Los pol\u00edticos Veracruz"},"image":{"@id":"https:\/\/lospoliticosveracruz.com\/#\/schema\/logo\/image\/"},"sameAs":["https:\/\/www.facebook.com\/people\/Notimemes-de-los-Polticos\/61565672886568\/","https:\/\/x.com\/LosPoliticosVer"]},{"@type":"Person","@id":"https:\/\/lospoliticosveracruz.com\/#\/schema\/person\/b8702bb0e538456e6efd07080bf2a4a2","name":"Lo viste en Los Pol\u00edticos","image":{"@type":"ImageObject","inLanguage":"es","@id":"https:\/\/secure.gravatar.com\/avatar\/3a8de04a2656d44082be478bd6c086daa447c4651605818287b9532d3d0bd435?s=96&d=mm&r=g","url":"https:\/\/secure.gravatar.com\/avatar\/3a8de04a2656d44082be478bd6c086daa447c4651605818287b9532d3d0bd435?s=96&d=mm&r=g","contentUrl":"https:\/\/secure.gravatar.com\/avatar\/3a8de04a2656d44082be478bd6c086daa447c4651605818287b9532d3d0bd435?s=96&d=mm&r=g","caption":"Lo viste en Los Pol\u00edticos"},"url":"https:\/\/lospoliticosveracruz.com\/?author=2"}]}},"_links":{"self":[{"href":"https:\/\/lospoliticosveracruz.com\/index.php?rest_route=\/wp\/v2\/posts\/104239","targetHints":{"allow":["GET"]}}],"collection":[{"href":"https:\/\/lospoliticosveracruz.com\/index.php?rest_route=\/wp\/v2\/posts"}],"about":[{"href":"https:\/\/lospoliticosveracruz.com\/index.php?rest_route=\/wp\/v2\/types\/post"}],"author":[{"embeddable":true,"href":"https:\/\/lospoliticosveracruz.com\/index.php?rest_route=\/wp\/v2\/users\/2"}],"replies":[{"embeddable":true,"href":"https:\/\/lospoliticosveracruz.com\/index.php?rest_route=%2Fwp%2Fv2%2Fcomments&post=104239"}],"version-history":[{"count":1,"href":"https:\/\/lospoliticosveracruz.com\/index.php?rest_route=\/wp\/v2\/posts\/104239\/revisions"}],"predecessor-version":[{"id":104240,"href":"https:\/\/lospoliticosveracruz.com\/index.php?rest_route=\/wp\/v2\/posts\/104239\/revisions\/104240"}],"wp:attachment":[{"href":"https:\/\/lospoliticosveracruz.com\/index.php?rest_route=%2Fwp%2Fv2%2Fmedia&parent=104239"}],"wp:term":[{"taxonomy":"category","embeddable":true,"href":"https:\/\/lospoliticosveracruz.com\/index.php?rest_route=%2Fwp%2Fv2%2Fcategories&post=104239"},{"taxonomy":"post_tag","embeddable":true,"href":"https:\/\/lospoliticosveracruz.com\/index.php?rest_route=%2Fwp%2Fv2%2Ftags&post=104239"}],"curies":[{"name":"wp","href":"https:\/\/api.w.org\/{rel}","templated":true}]}}