{"id":104376,"date":"2023-03-31T01:29:00","date_gmt":"2023-03-31T07:29:00","guid":{"rendered":"https:\/\/lospoliticosveracruz.com.mx\/?p=104376"},"modified":"2023-03-30T22:32:42","modified_gmt":"2023-03-31T04:32:42","slug":"redes","status":"publish","type":"post","link":"https:\/\/lospoliticosveracruz.com\/?p=104376","title":{"rendered":"REDES"},"content":{"rendered":"\n<p><strong>Guadalupe H. Mar<br><\/strong><em>Mira Pol\u00edtica<\/em><\/p>\n\n\n\n<p>CONTRA ABUSADORES \u2026Digno de un an\u00e1lisis cient\u00edfico acad\u00e9mico, pero sobre todo de atenci\u00f3n de las entidades gubernamentales encargadas de la procuraci\u00f3n de justicia, es el hecho de que la ciudadan\u00eda est\u00e1 optando por utilizar las redes sociales y la denuncia ante medios de comunicaci\u00f3n, pero no la v\u00eda jur\u00eddica a trav\u00e9s de una demanda formal ante la Fiscal\u00eda General del estado de Veracruz (Fgever), para hacer p\u00fablicos los casos de acoso y abuso sexual.<\/p>\n\n\n<div class=\"wp-block-image\">\n<figure class=\"alignleft size-medium\"><a href=\"https:\/\/lospoliticosveracruz.com.mx\/wp-content\/uploads\/2021\/10\/WhatsApp-Image-2021-10-02-at-15.20.25.jpeg\"><img loading=\"lazy\" decoding=\"async\" width=\"212\" height=\"300\" src=\"https:\/\/lospoliticosveracruz.com.mx\/wp-content\/uploads\/2021\/10\/WhatsApp-Image-2021-10-02-at-15.20.25-212x300.jpeg\" alt=\"\" class=\"wp-image-80177\" srcset=\"https:\/\/lospoliticosveracruz.com\/wp-content\/uploads\/2021\/10\/WhatsApp-Image-2021-10-02-at-15.20.25-212x300.jpeg 212w, https:\/\/lospoliticosveracruz.com\/wp-content\/uploads\/2021\/10\/WhatsApp-Image-2021-10-02-at-15.20.25-724x1024.jpeg 724w, https:\/\/lospoliticosveracruz.com\/wp-content\/uploads\/2021\/10\/WhatsApp-Image-2021-10-02-at-15.20.25-768x1086.jpeg 768w, https:\/\/lospoliticosveracruz.com\/wp-content\/uploads\/2021\/10\/WhatsApp-Image-2021-10-02-at-15.20.25.jpeg 905w\" sizes=\"auto, (max-width: 212px) 100vw, 212px\" \/><\/a><\/figure>\n<\/div>\n\n\n<p><br>En las \u00faltimas semanas, por ejemplo, conocimos a trav\u00e9s de la red social Facebook, de la denuncia que la jovencita Mar\u00eda Fernanda hizo en contra del regidor sexto del ayuntamiento de Veracruz, Sebasti\u00e1n Cano Rodr\u00edguez, a quien acus\u00f3 de haber abusado de ella sexualmente, cuando ambos eran estudiantes universitarios.<br>Hace unos d\u00edas, tambi\u00e9n en la ciudad y puerto de Veracruz, la jovencita de nombre Ashley, ex alumna del maestro de nombre Azahel, de la escuela primaria federal \u201cAntonio Caso\u201d, expuso en su red social Facebook que hab\u00eda sido abusada sexualmente por este profesor.<br>Ello desencaden\u00f3 una serie de denuncias p\u00fablicas m\u00e1s de parte de padres y madres de familia de al menos cuatro ni\u00f1as, aunque se habla de un total de seis, que fueron v\u00edctimas de este maestro evidenciado en redes sociales.<br>All\u00e1 en la capital del estado, en un \u201ctendedero\u201d, esto es, cartulinas colgadas de una pita o mecate, denunciaron por acosadores al menos a un par de maestros de los cuales uno ya fue suspendido o separado, en tanto se investiga.<br>\u201cLos tendederos\u201d se han convertido al igual que las redes sociales, en tribunas de quienes denuncian p\u00fablicamente abusos de sus mentores.<br>Tambi\u00e9n all\u00e1 en la ciudad de Xalapa, el colectivo \u201cResistencia Ciudadana Xalape\u00f1a\u201d, denunci\u00f3 p\u00fablicamente en las mesas ubicadas en la banqueta del caf\u00e9 La Parroquia, la existencia de una \u201cRed de Favores\u201d en la Secretar\u00eda de Seguridad P\u00fablica, donde a cambio de mejores posiciones y asignaciones, \u201clos jefes\u201d piden favores sexuales a mujeres de la corporaci\u00f3n.<br>En enero cuando denunciaron esta \u201cred de favores\u201d se hablaba de al menos 17 casos de mujeres en esa situaci\u00f3n.<br>Aquella vez, cuando los reflectores se enfocaron en el caso, el se\u00f1alamiento era directamente en contra de Carlos Enrique \u201cN\u201d, jefe de la ayudant\u00eda del gobernador del estado de Veracruz, Cuitl\u00e1huac Garc\u00eda Jim\u00e9nez, rquien, cuestionado al respecto, solo alcanz\u00f3 a decir que su \u201cguarura\u201d ya hab\u00eda sido separado del cargo, pero no si era investigado o puesto a disposici\u00f3n de la autoridad correspondiente.<br>Hoy se sabe por denuncias de las mujeres polic\u00edas, que incluso los incrementos salariales en la Secretar\u00eda de Seguridad P\u00fablica est\u00e1n supeditados a favores sexuales, denuncias que por cierto no han prosperado cuando debiera ser esa corporaci\u00f3n intachable e incuestionable.<br>Por todo ello, insistimos, es digno de un an\u00e1lisis cient\u00edfico acad\u00e9mico, pero sobre todo de las entidades gubernamentales encargadas de la procuraci\u00f3n de justicia, el hecho de que la ciudadan\u00eda est\u00e1 optando por utilizar las redes sociales y la denuncia ante medios de comunicaci\u00f3n, pero no la v\u00eda jur\u00eddica, para hacer p\u00fablicos los casos de acoso y abuso sexual.<br>CASA DEL HERRERO \u2026 Xalapa, la ciudad capital del estado, donde se encuentran las sedes del gobierno estatal, de la Secretar\u00eda de Seguridad P\u00fabica y de otras dependencias relacionadas con la seguridad de la ciudadan\u00eda, se localizan varias zonas identificadas como \u201cFoco Rojo\u201d e incluso \u201cFoco Amarillo\u201d, porque en ellas son frecuentes los il\u00edcitos cometidos.<br>Uno de ellos, que recientemente fue denunciado por estudiantes de la Universidad Pedag\u00f3gica Nacional (UPN), es el denominado \u201cArco Sur\u201d una amplia avenida donde se cometen asaltos a j\u00f3venes universitarios e incluso a varios maestros.<br>D\u00cdGALO SIN MIEDO \u2026 Al correo electr\u00f3nico guadalupehmar@yahoo.com<\/p>\n","protected":false},"excerpt":{"rendered":"<p>Guadalupe H. MarMira Pol\u00edtica CONTRA ABUSADORES \u2026Digno de un an\u00e1lisis cient\u00edfico acad\u00e9mico, pero sobre todo de atenci\u00f3n de las entidades gubernamentales encargadas de la procuraci\u00f3n de justicia, es el hecho de que la ciudadan\u00eda est\u00e1 optando por utilizar las redes sociales y la denuncia ante medios de comunicaci\u00f3n, pero no la v\u00eda jur\u00eddica a trav\u00e9s [&hellip;]<\/p>\n","protected":false},"author":2,"featured_media":0,"comment_status":"closed","ping_status":"closed","sticky":false,"template":"","format":"standard","meta":{"tdm_status":"","tdm_grid_status":"","footnotes":""},"categories":[70],"tags":[37801,37798,1563,37800,24159,1606,1026,4555,195],"class_list":{"0":"post-104376","1":"post","2":"type-post","3":"status-publish","4":"format-standard","6":"category-de-opinion","7":"tag-carlos-enrique-n","8":"tag-colectivo-resistencia-ciudadana-xalapena","9":"tag-cuitlahuac-garcia-jimenez","10":"tag-favores-sexuales","11":"tag-fiscalia-general-del-estado-de-veracruz","12":"tag-guadalupe-h-mar","13":"tag-morena","14":"tag-secretaria-de-seguridad-publica","15":"tag-veracruz"},"yoast_head":"<!-- This site is optimized with the Yoast SEO plugin v27.4 - https:\/\/yoast.com\/product\/yoast-seo-wordpress\/ -->\n<title>REDES - Los pol\u00edticos Veracruz<\/title>\n<meta name=\"robots\" content=\"index, follow, max-snippet:-1, max-image-preview:large, max-video-preview:-1\" \/>\n<link rel=\"canonical\" href=\"https:\/\/lospoliticosveracruz.com\/?p=104376\" \/>\n<meta property=\"og:locale\" content=\"es_ES\" \/>\n<meta property=\"og:type\" content=\"article\" \/>\n<meta property=\"og:title\" content=\"REDES - Los pol\u00edticos Veracruz\" \/>\n<meta property=\"og:description\" content=\"Guadalupe H. MarMira Pol\u00edtica CONTRA ABUSADORES \u2026Digno de un an\u00e1lisis cient\u00edfico acad\u00e9mico, pero sobre todo de atenci\u00f3n de las entidades gubernamentales encargadas de la procuraci\u00f3n de justicia, es el hecho de que la ciudadan\u00eda est\u00e1 optando por utilizar las redes sociales y la denuncia ante medios de comunicaci\u00f3n, pero no la v\u00eda jur\u00eddica a trav\u00e9s [&hellip;]\" \/>\n<meta property=\"og:url\" content=\"https:\/\/lospoliticosveracruz.com\/?p=104376\" \/>\n<meta property=\"og:site_name\" content=\"Los pol\u00edticos Veracruz\" \/>\n<meta property=\"article:publisher\" content=\"https:\/\/www.facebook.com\/people\/Notimemes-de-los-Polticos\/61565672886568\/\" \/>\n<meta property=\"article:published_time\" content=\"2023-03-31T07:29:00+00:00\" \/>\n<meta property=\"og:image\" content=\"https:\/\/lospoliticosveracruz.com.mx\/wp-content\/uploads\/2021\/10\/WhatsApp-Image-2021-10-02-at-15.20.25-212x300.jpeg\" \/>\n<meta name=\"author\" content=\"Lo viste en Los Pol\u00edticos\" \/>\n<meta name=\"twitter:card\" content=\"summary_large_image\" \/>\n<meta name=\"twitter:creator\" content=\"@LosPoliticosVer\" \/>\n<meta name=\"twitter:site\" content=\"@LosPoliticosVer\" \/>\n<meta name=\"twitter:label1\" content=\"Escrito por\" \/>\n\t<meta name=\"twitter:data1\" content=\"Lo viste en Los Pol\u00edticos\" \/>\n\t<meta name=\"twitter:label2\" content=\"Tiempo de lectura\" \/>\n\t<meta name=\"twitter:data2\" content=\"3 minutos\" \/>\n<script type=\"application\/ld+json\" class=\"yoast-schema-graph\">{\"@context\":\"https:\\\/\\\/schema.org\",\"@graph\":[{\"@type\":\"Article\",\"@id\":\"https:\\\/\\\/lospoliticosveracruz.com\\\/?p=104376#article\",\"isPartOf\":{\"@id\":\"https:\\\/\\\/lospoliticosveracruz.com\\\/?p=104376\"},\"author\":{\"name\":\"Lo viste en Los Pol\u00edticos\",\"@id\":\"https:\\\/\\\/lospoliticosveracruz.com\\\/#\\\/schema\\\/person\\\/b8702bb0e538456e6efd07080bf2a4a2\"},\"headline\":\"REDES\",\"datePublished\":\"2023-03-31T07:29:00+00:00\",\"mainEntityOfPage\":{\"@id\":\"https:\\\/\\\/lospoliticosveracruz.com\\\/?p=104376\"},\"wordCount\":670,\"publisher\":{\"@id\":\"https:\\\/\\\/lospoliticosveracruz.com\\\/#organization\"},\"image\":{\"@id\":\"https:\\\/\\\/lospoliticosveracruz.com\\\/?p=104376#primaryimage\"},\"thumbnailUrl\":\"https:\\\/\\\/lospoliticosveracruz.com.mx\\\/wp-content\\\/uploads\\\/2021\\\/10\\\/WhatsApp-Image-2021-10-02-at-15.20.25-212x300.jpeg\",\"keywords\":[\"Carlos Enrique \u201cN\u201d\",\"colectivo \u201cResistencia Ciudadana Xalape\u00f1a\u201d\",\"Cuitl\u00e1huac Garc\u00eda Jim\u00e9nez\",\"favores sexuales\",\"Fiscal\u00eda General del Estado de Veracruz\",\"Guadalupe H. Mar\",\"Morena\",\"Secretar\u00eda de Seguridad P\u00fablica\",\"Veracruz\"],\"articleSection\":[\"De Opini\u00f3n\"],\"inLanguage\":\"es\"},{\"@type\":\"WebPage\",\"@id\":\"https:\\\/\\\/lospoliticosveracruz.com\\\/?p=104376\",\"url\":\"https:\\\/\\\/lospoliticosveracruz.com\\\/?p=104376\",\"name\":\"REDES - Los pol\u00edticos Veracruz\",\"isPartOf\":{\"@id\":\"https:\\\/\\\/lospoliticosveracruz.com\\\/#website\"},\"primaryImageOfPage\":{\"@id\":\"https:\\\/\\\/lospoliticosveracruz.com\\\/?p=104376#primaryimage\"},\"image\":{\"@id\":\"https:\\\/\\\/lospoliticosveracruz.com\\\/?p=104376#primaryimage\"},\"thumbnailUrl\":\"https:\\\/\\\/lospoliticosveracruz.com.mx\\\/wp-content\\\/uploads\\\/2021\\\/10\\\/WhatsApp-Image-2021-10-02-at-15.20.25-212x300.jpeg\",\"datePublished\":\"2023-03-31T07:29:00+00:00\",\"breadcrumb\":{\"@id\":\"https:\\\/\\\/lospoliticosveracruz.com\\\/?p=104376#breadcrumb\"},\"inLanguage\":\"es\",\"potentialAction\":[{\"@type\":\"ReadAction\",\"target\":[\"https:\\\/\\\/lospoliticosveracruz.com\\\/?p=104376\"]}]},{\"@type\":\"ImageObject\",\"inLanguage\":\"es\",\"@id\":\"https:\\\/\\\/lospoliticosveracruz.com\\\/?p=104376#primaryimage\",\"url\":\"https:\\\/\\\/lospoliticosveracruz.com.mx\\\/wp-content\\\/uploads\\\/2021\\\/10\\\/WhatsApp-Image-2021-10-02-at-15.20.25-212x300.jpeg\",\"contentUrl\":\"https:\\\/\\\/lospoliticosveracruz.com.mx\\\/wp-content\\\/uploads\\\/2021\\\/10\\\/WhatsApp-Image-2021-10-02-at-15.20.25-212x300.jpeg\"},{\"@type\":\"BreadcrumbList\",\"@id\":\"https:\\\/\\\/lospoliticosveracruz.com\\\/?p=104376#breadcrumb\",\"itemListElement\":[{\"@type\":\"ListItem\",\"position\":1,\"name\":\"Portada\",\"item\":\"https:\\\/\\\/lospoliticosveracruz.com\\\/\"},{\"@type\":\"ListItem\",\"position\":2,\"name\":\"REDES\"}]},{\"@type\":\"WebSite\",\"@id\":\"https:\\\/\\\/lospoliticosveracruz.com\\\/#website\",\"url\":\"https:\\\/\\\/lospoliticosveracruz.com\\\/\",\"name\":\"Los pol\u00edticos Veracruz\",\"description\":\"\",\"publisher\":{\"@id\":\"https:\\\/\\\/lospoliticosveracruz.com\\\/#organization\"},\"potentialAction\":[{\"@type\":\"SearchAction\",\"target\":{\"@type\":\"EntryPoint\",\"urlTemplate\":\"https:\\\/\\\/lospoliticosveracruz.com\\\/?s={search_term_string}\"},\"query-input\":{\"@type\":\"PropertyValueSpecification\",\"valueRequired\":true,\"valueName\":\"search_term_string\"}}],\"inLanguage\":\"es\"},{\"@type\":\"Organization\",\"@id\":\"https:\\\/\\\/lospoliticosveracruz.com\\\/#organization\",\"name\":\"Los pol\u00edticos Veracruz\",\"url\":\"https:\\\/\\\/lospoliticosveracruz.com\\\/\",\"logo\":{\"@type\":\"ImageObject\",\"inLanguage\":\"es\",\"@id\":\"https:\\\/\\\/lospoliticosveracruz.com\\\/#\\\/schema\\\/logo\\\/image\\\/\",\"url\":\"https:\\\/\\\/lospoliticosveracruz.com\\\/wp-content\\\/uploads\\\/2025\\\/12\\\/Logo-Nuevo-LOS-POLITICOS-1.jpg\",\"contentUrl\":\"https:\\\/\\\/lospoliticosveracruz.com\\\/wp-content\\\/uploads\\\/2025\\\/12\\\/Logo-Nuevo-LOS-POLITICOS-1.jpg\",\"width\":260,\"height\":70,\"caption\":\"Los pol\u00edticos Veracruz\"},\"image\":{\"@id\":\"https:\\\/\\\/lospoliticosveracruz.com\\\/#\\\/schema\\\/logo\\\/image\\\/\"},\"sameAs\":[\"https:\\\/\\\/www.facebook.com\\\/people\\\/Notimemes-de-los-Polticos\\\/61565672886568\\\/\",\"https:\\\/\\\/x.com\\\/LosPoliticosVer\"]},{\"@type\":\"Person\",\"@id\":\"https:\\\/\\\/lospoliticosveracruz.com\\\/#\\\/schema\\\/person\\\/b8702bb0e538456e6efd07080bf2a4a2\",\"name\":\"Lo viste en Los Pol\u00edticos\",\"image\":{\"@type\":\"ImageObject\",\"inLanguage\":\"es\",\"@id\":\"https:\\\/\\\/secure.gravatar.com\\\/avatar\\\/3a8de04a2656d44082be478bd6c086daa447c4651605818287b9532d3d0bd435?s=96&d=mm&r=g\",\"url\":\"https:\\\/\\\/secure.gravatar.com\\\/avatar\\\/3a8de04a2656d44082be478bd6c086daa447c4651605818287b9532d3d0bd435?s=96&d=mm&r=g\",\"contentUrl\":\"https:\\\/\\\/secure.gravatar.com\\\/avatar\\\/3a8de04a2656d44082be478bd6c086daa447c4651605818287b9532d3d0bd435?s=96&d=mm&r=g\",\"caption\":\"Lo viste en Los Pol\u00edticos\"},\"url\":\"https:\\\/\\\/lospoliticosveracruz.com\\\/?author=2\"}]}<\/script>\n<!-- \/ Yoast SEO plugin. -->","yoast_head_json":{"title":"REDES - Los pol\u00edticos Veracruz","robots":{"index":"index","follow":"follow","max-snippet":"max-snippet:-1","max-image-preview":"max-image-preview:large","max-video-preview":"max-video-preview:-1"},"canonical":"https:\/\/lospoliticosveracruz.com\/?p=104376","og_locale":"es_ES","og_type":"article","og_title":"REDES - Los pol\u00edticos Veracruz","og_description":"Guadalupe H. MarMira Pol\u00edtica CONTRA ABUSADORES \u2026Digno de un an\u00e1lisis cient\u00edfico acad\u00e9mico, pero sobre todo de atenci\u00f3n de las entidades gubernamentales encargadas de la procuraci\u00f3n de justicia, es el hecho de que la ciudadan\u00eda est\u00e1 optando por utilizar las redes sociales y la denuncia ante medios de comunicaci\u00f3n, pero no la v\u00eda jur\u00eddica a trav\u00e9s [&hellip;]","og_url":"https:\/\/lospoliticosveracruz.com\/?p=104376","og_site_name":"Los pol\u00edticos Veracruz","article_publisher":"https:\/\/www.facebook.com\/people\/Notimemes-de-los-Polticos\/61565672886568\/","article_published_time":"2023-03-31T07:29:00+00:00","og_image":[{"url":"https:\/\/lospoliticosveracruz.com.mx\/wp-content\/uploads\/2021\/10\/WhatsApp-Image-2021-10-02-at-15.20.25-212x300.jpeg","type":"","width":"","height":""}],"author":"Lo viste en Los Pol\u00edticos","twitter_card":"summary_large_image","twitter_creator":"@LosPoliticosVer","twitter_site":"@LosPoliticosVer","twitter_misc":{"Escrito por":"Lo viste en Los Pol\u00edticos","Tiempo de lectura":"3 minutos"},"schema":{"@context":"https:\/\/schema.org","@graph":[{"@type":"Article","@id":"https:\/\/lospoliticosveracruz.com\/?p=104376#article","isPartOf":{"@id":"https:\/\/lospoliticosveracruz.com\/?p=104376"},"author":{"name":"Lo viste en Los Pol\u00edticos","@id":"https:\/\/lospoliticosveracruz.com\/#\/schema\/person\/b8702bb0e538456e6efd07080bf2a4a2"},"headline":"REDES","datePublished":"2023-03-31T07:29:00+00:00","mainEntityOfPage":{"@id":"https:\/\/lospoliticosveracruz.com\/?p=104376"},"wordCount":670,"publisher":{"@id":"https:\/\/lospoliticosveracruz.com\/#organization"},"image":{"@id":"https:\/\/lospoliticosveracruz.com\/?p=104376#primaryimage"},"thumbnailUrl":"https:\/\/lospoliticosveracruz.com.mx\/wp-content\/uploads\/2021\/10\/WhatsApp-Image-2021-10-02-at-15.20.25-212x300.jpeg","keywords":["Carlos Enrique \u201cN\u201d","colectivo \u201cResistencia Ciudadana Xalape\u00f1a\u201d","Cuitl\u00e1huac Garc\u00eda Jim\u00e9nez","favores sexuales","Fiscal\u00eda General del Estado de Veracruz","Guadalupe H. Mar","Morena","Secretar\u00eda de Seguridad P\u00fablica","Veracruz"],"articleSection":["De Opini\u00f3n"],"inLanguage":"es"},{"@type":"WebPage","@id":"https:\/\/lospoliticosveracruz.com\/?p=104376","url":"https:\/\/lospoliticosveracruz.com\/?p=104376","name":"REDES - Los pol\u00edticos Veracruz","isPartOf":{"@id":"https:\/\/lospoliticosveracruz.com\/#website"},"primaryImageOfPage":{"@id":"https:\/\/lospoliticosveracruz.com\/?p=104376#primaryimage"},"image":{"@id":"https:\/\/lospoliticosveracruz.com\/?p=104376#primaryimage"},"thumbnailUrl":"https:\/\/lospoliticosveracruz.com.mx\/wp-content\/uploads\/2021\/10\/WhatsApp-Image-2021-10-02-at-15.20.25-212x300.jpeg","datePublished":"2023-03-31T07:29:00+00:00","breadcrumb":{"@id":"https:\/\/lospoliticosveracruz.com\/?p=104376#breadcrumb"},"inLanguage":"es","potentialAction":[{"@type":"ReadAction","target":["https:\/\/lospoliticosveracruz.com\/?p=104376"]}]},{"@type":"ImageObject","inLanguage":"es","@id":"https:\/\/lospoliticosveracruz.com\/?p=104376#primaryimage","url":"https:\/\/lospoliticosveracruz.com.mx\/wp-content\/uploads\/2021\/10\/WhatsApp-Image-2021-10-02-at-15.20.25-212x300.jpeg","contentUrl":"https:\/\/lospoliticosveracruz.com.mx\/wp-content\/uploads\/2021\/10\/WhatsApp-Image-2021-10-02-at-15.20.25-212x300.jpeg"},{"@type":"BreadcrumbList","@id":"https:\/\/lospoliticosveracruz.com\/?p=104376#breadcrumb","itemListElement":[{"@type":"ListItem","position":1,"name":"Portada","item":"https:\/\/lospoliticosveracruz.com\/"},{"@type":"ListItem","position":2,"name":"REDES"}]},{"@type":"WebSite","@id":"https:\/\/lospoliticosveracruz.com\/#website","url":"https:\/\/lospoliticosveracruz.com\/","name":"Los pol\u00edticos Veracruz","description":"","publisher":{"@id":"https:\/\/lospoliticosveracruz.com\/#organization"},"potentialAction":[{"@type":"SearchAction","target":{"@type":"EntryPoint","urlTemplate":"https:\/\/lospoliticosveracruz.com\/?s={search_term_string}"},"query-input":{"@type":"PropertyValueSpecification","valueRequired":true,"valueName":"search_term_string"}}],"inLanguage":"es"},{"@type":"Organization","@id":"https:\/\/lospoliticosveracruz.com\/#organization","name":"Los pol\u00edticos Veracruz","url":"https:\/\/lospoliticosveracruz.com\/","logo":{"@type":"ImageObject","inLanguage":"es","@id":"https:\/\/lospoliticosveracruz.com\/#\/schema\/logo\/image\/","url":"https:\/\/lospoliticosveracruz.com\/wp-content\/uploads\/2025\/12\/Logo-Nuevo-LOS-POLITICOS-1.jpg","contentUrl":"https:\/\/lospoliticosveracruz.com\/wp-content\/uploads\/2025\/12\/Logo-Nuevo-LOS-POLITICOS-1.jpg","width":260,"height":70,"caption":"Los pol\u00edticos Veracruz"},"image":{"@id":"https:\/\/lospoliticosveracruz.com\/#\/schema\/logo\/image\/"},"sameAs":["https:\/\/www.facebook.com\/people\/Notimemes-de-los-Polticos\/61565672886568\/","https:\/\/x.com\/LosPoliticosVer"]},{"@type":"Person","@id":"https:\/\/lospoliticosveracruz.com\/#\/schema\/person\/b8702bb0e538456e6efd07080bf2a4a2","name":"Lo viste en Los Pol\u00edticos","image":{"@type":"ImageObject","inLanguage":"es","@id":"https:\/\/secure.gravatar.com\/avatar\/3a8de04a2656d44082be478bd6c086daa447c4651605818287b9532d3d0bd435?s=96&d=mm&r=g","url":"https:\/\/secure.gravatar.com\/avatar\/3a8de04a2656d44082be478bd6c086daa447c4651605818287b9532d3d0bd435?s=96&d=mm&r=g","contentUrl":"https:\/\/secure.gravatar.com\/avatar\/3a8de04a2656d44082be478bd6c086daa447c4651605818287b9532d3d0bd435?s=96&d=mm&r=g","caption":"Lo viste en Los Pol\u00edticos"},"url":"https:\/\/lospoliticosveracruz.com\/?author=2"}]}},"_links":{"self":[{"href":"https:\/\/lospoliticosveracruz.com\/index.php?rest_route=\/wp\/v2\/posts\/104376","targetHints":{"allow":["GET"]}}],"collection":[{"href":"https:\/\/lospoliticosveracruz.com\/index.php?rest_route=\/wp\/v2\/posts"}],"about":[{"href":"https:\/\/lospoliticosveracruz.com\/index.php?rest_route=\/wp\/v2\/types\/post"}],"author":[{"embeddable":true,"href":"https:\/\/lospoliticosveracruz.com\/index.php?rest_route=\/wp\/v2\/users\/2"}],"replies":[{"embeddable":true,"href":"https:\/\/lospoliticosveracruz.com\/index.php?rest_route=%2Fwp%2Fv2%2Fcomments&post=104376"}],"version-history":[{"count":1,"href":"https:\/\/lospoliticosveracruz.com\/index.php?rest_route=\/wp\/v2\/posts\/104376\/revisions"}],"predecessor-version":[{"id":104377,"href":"https:\/\/lospoliticosveracruz.com\/index.php?rest_route=\/wp\/v2\/posts\/104376\/revisions\/104377"}],"wp:attachment":[{"href":"https:\/\/lospoliticosveracruz.com\/index.php?rest_route=%2Fwp%2Fv2%2Fmedia&parent=104376"}],"wp:term":[{"taxonomy":"category","embeddable":true,"href":"https:\/\/lospoliticosveracruz.com\/index.php?rest_route=%2Fwp%2Fv2%2Fcategories&post=104376"},{"taxonomy":"post_tag","embeddable":true,"href":"https:\/\/lospoliticosveracruz.com\/index.php?rest_route=%2Fwp%2Fv2%2Ftags&post=104376"}],"curies":[{"name":"wp","href":"https:\/\/api.w.org\/{rel}","templated":true}]}}