{"id":104515,"date":"2023-04-04T08:34:07","date_gmt":"2023-04-04T13:34:07","guid":{"rendered":"https:\/\/lospoliticosveracruz.com.mx\/?p=104515"},"modified":"2023-04-04T08:34:16","modified_gmt":"2023-04-04T13:34:16","slug":"la-4t-y-su-capacidad-para-fabricar-culpables","status":"publish","type":"post","link":"https:\/\/lospoliticosveracruz.com\/?p=104515","title":{"rendered":"LA 4T y su capacidad para fabricar culpables\u00a0"},"content":{"rendered":"\n<p><\/p>\n\n\n\n<p><strong>Bernardo Guti\u00e9rrez Parra<\/strong><\/p>\n\n\n\n<p><em>Desde el Caf\u00e9\u00a0<\/em><\/p>\n\n\n\n<p>El jueves anterior por la noche, a escasas horas de haberse puesto en marcha el operativo de seguridad por las vacaciones de Semana Santa, sujetos armados acribillaron a dos hombres y cien metros adelante, asesinaron a una mujer e hirieron a su hijo menor de edad en la comunidad de Hueytepec, municipio de Tecolutla.\u00a0<a href=\"https:\/\/youtu.be\/Nxe-vxf8GuY\"><\/a><\/p>\n\n\n\n<figure class=\"wp-block-embed is-type-video is-provider-youtube wp-block-embed-youtube wp-embed-aspect-16-9 wp-has-aspect-ratio\"><div class=\"wp-block-embed__wrapper\">\n<iframe loading=\"lazy\" title=\"Cluster Coworking\" width=\"696\" height=\"392\" src=\"https:\/\/www.youtube.com\/embed\/Nxe-vxf8GuY?feature=oembed\" frameborder=\"0\" allow=\"accelerometer; autoplay; clipboard-write; encrypted-media; gyroscope; picture-in-picture; web-share\" referrerpolicy=\"strict-origin-when-cross-origin\" allowfullscreen><\/iframe>\n<\/div><\/figure>\n\n\n\n<p>Horas despu\u00e9s, la ma\u00f1ana del viernes pero en Tuxpan, fueron dejados los cuerpos de tres hombres en el interior de un veh\u00edculo en la esquina de las calles Miguel Hidalgo y Jaime Nun\u00f3 de la colonia Rodr\u00edguez Cano. Los tres fueron asesinados por asfixia y ten\u00edan un mensaje amenazante de un supuesto grupo criminal.&nbsp;<\/p>\n\n\n\n<p>El s\u00e1bado fue ejecutado un individuo en la comunidad de Tuzantla, municipio de La Perla. El cad\u00e1ver presentaba huellas de tortura, estaba maniatado y ten\u00eda un cartel amenazante.<\/p>\n\n\n\n<p>Tambi\u00e9n el s\u00e1bado fue ultimado en San Andr\u00e9s Tuxtla el comandante de la Polic\u00eda Ministerial Federal, Mario Vidal Gonz\u00e1lez.&nbsp;<\/p>\n\n\n\n<p>El domingo fueron presuntamente asesinados el maestro Antonio Gonz\u00e1lez Rodr\u00edguez de 32 a\u00f1os y la estudiante de pedagog\u00eda Lucero Porras Hern\u00e1ndez de 22, mientras circulaban en una motocicleta sobre la carretera Naranjal-Coetzala.<\/p>\n\n\n\n<p>Ayer lunes por la ma\u00f1ana fue hallado el cad\u00e1ver embolsado de una persona en el barrio de El Zapote en Papantla.&nbsp;<\/p>\n\n\n\n<p>Once asesinatos en menos de 90 horas entre la v\u00edspera y el principio de Semana Santa.&nbsp;<\/p>\n\n\n\n<p>El gobernador Cuitl\u00e1huac Garc\u00eda ignor\u00f3 nueve de esos asesinatos (para qu\u00e9 hacerles el caldo gordo cuando no tienen nada de extraordinario los cr\u00edmenes en Veracruz), pero las muertes del maestro y la estudiante s\u00ed merecieron su atenci\u00f3n y su veredicto; los declar\u00f3 culpables.&nbsp;<\/p>\n\n\n\n<p>Familiares de las v\u00edctimas dicen que tras una persecuci\u00f3n, agentes ministeriales interceptaron a Antonio y Lucero y los mataron.&nbsp;<\/p>\n\n\n\n<p>Pero el gobernador afirm\u00f3 que tanto el maestro como la joven dispararon contra los ministeriales y murieron al derrapar la motocicleta mientras hu\u00edan. Y sin m\u00e1s peritaje que sus palabras declar\u00f3 inocentes a los ministeriales.&nbsp;<\/p>\n\n\n\n<p>No es la primera vez y no ser\u00e1 la \u00faltima, que a Cuitl\u00e1huac le da por hacerla de perito investigador, fiscal, juez, jurado y vocero de la Fiscal\u00eda con lamentables resultados.&nbsp;<\/p>\n\n\n\n<p>En el hipot\u00e9tico caso de que as\u00ed hubiera ocurrido la muerte de estas personas, \u00e9l no tiene ninguna autoridad jur\u00eddica para dar a conocer una noticia de esa naturaleza, sobre todo sin pruebas.<\/p>\n\n\n\n<p>\u00bfQu\u00e9 motivos tendr\u00eda un maestro que acababa de ser nombrado director de una escuela para disparar contra unos agentes bien armados, que lo superaban en n\u00famero y se desplazaban en un veh\u00edculo m\u00e1s veloz que su motocicleta?&nbsp;<\/p>\n\n\n\n<p><strong>\u00bfQu\u00e9 motivos tendr\u00eda la joven para secundarlo?<\/strong><\/p>\n\n\n\n<p>Y ya entrados en gastos, \u00bfde qu\u00e9 calibre eran las pistolas que supuestamente utilizaron? \u00bfD\u00f3nde est\u00e1n? \u00bfLas tiene la Fiscal\u00eda o se evaporaron con la derrapada? \u00bfRealizaron a los cad\u00e1veres la prueba de radiozonato de sodio? \u00bfCu\u00e1l fue el resultado?&nbsp;<\/p>\n\n\n\n<p>Qui\u00e9n sabe.&nbsp;<\/p>\n\n\n\n<p>Lo \u00fanico en firme hasta ahora son las declaraciones del gobernador que ignora, seg\u00fan dijo en conferencia, si una de las v\u00edctimas era maestro y la otra estudiante. Pero reiter\u00f3 su seguridad de que ambos dispararon contra los agentes y en su huida se accidentaron fatalmente. Ah, \u201cy no tienen marcas de disparos\u201d.&nbsp;<\/p>\n\n\n\n<p>Si algo hay que reconocerle a los militantes de la 4T es la celeridad con la que aclaran sucesos tr\u00e1gicos que pueden embarrarlos.&nbsp;<\/p>\n\n\n\n<p>En Tijuana murieron 39 migrantes calcinados y la culpa fue de ellos. Ac\u00e1, un maestro y una estudiante son declarados culpables de agredir a unos polic\u00edas y de haberse matado casi porque quisieron.&nbsp;<\/p>\n\n\n\n<p>bernardogup@hotmail.com<\/p>\n","protected":false},"excerpt":{"rendered":"<p>Bernardo Guti\u00e9rrez Parra Desde el Caf\u00e9\u00a0 El jueves anterior por la noche, a escasas horas de haberse puesto en marcha el operativo de seguridad por las vacaciones de Semana Santa, sujetos armados acribillaron a dos hombres y cien metros adelante, asesinaron a una mujer e hirieron a su hijo menor de edad en la comunidad [&hellip;]<\/p>\n","protected":false},"author":2,"featured_media":0,"comment_status":"closed","ping_status":"closed","sticky":false,"template":"","format":"standard","meta":{"tdm_status":"","tdm_grid_status":"","footnotes":""},"categories":[70],"tags":[34206,1563,37837,37838,1026,2244,195],"class_list":{"0":"post-104515","1":"post","2":"type-post","3":"status-publish","4":"format-standard","6":"category-de-opinion","7":"tag-bernardo-gutierrez-parra","8":"tag-cuitlahuac-garcia-jimenez","9":"tag-hueytepec","10":"tag-mario-vidal-gonzalez","11":"tag-morena","12":"tag-semana-santa","13":"tag-veracruz"},"yoast_head":"<!-- This site is optimized with the Yoast SEO plugin v27.4 - https:\/\/yoast.com\/product\/yoast-seo-wordpress\/ -->\n<title>LA 4T y su capacidad para fabricar culpables\u00a0 - Los pol\u00edticos Veracruz<\/title>\n<meta name=\"robots\" content=\"index, follow, max-snippet:-1, max-image-preview:large, max-video-preview:-1\" \/>\n<link rel=\"canonical\" href=\"https:\/\/lospoliticosveracruz.com\/?p=104515\" \/>\n<meta property=\"og:locale\" content=\"es_ES\" \/>\n<meta property=\"og:type\" content=\"article\" \/>\n<meta property=\"og:title\" content=\"LA 4T y su capacidad para fabricar culpables\u00a0 - Los pol\u00edticos Veracruz\" \/>\n<meta property=\"og:description\" content=\"Bernardo Guti\u00e9rrez Parra Desde el Caf\u00e9\u00a0 El jueves anterior por la noche, a escasas horas de haberse puesto en marcha el operativo de seguridad por las vacaciones de Semana Santa, sujetos armados acribillaron a dos hombres y cien metros adelante, asesinaron a una mujer e hirieron a su hijo menor de edad en la comunidad [&hellip;]\" \/>\n<meta property=\"og:url\" content=\"https:\/\/lospoliticosveracruz.com\/?p=104515\" \/>\n<meta property=\"og:site_name\" content=\"Los pol\u00edticos Veracruz\" \/>\n<meta property=\"article:publisher\" content=\"https:\/\/www.facebook.com\/people\/Notimemes-de-los-Polticos\/61565672886568\/\" \/>\n<meta property=\"article:published_time\" content=\"2023-04-04T13:34:07+00:00\" \/>\n<meta property=\"article:modified_time\" content=\"2023-04-04T13:34:16+00:00\" \/>\n<meta property=\"og:image\" content=\"https:\/\/lospoliticosveracruz.com\/wp-content\/uploads\/2016\/07\/Logo-Dor.jpg\" \/>\n\t<meta property=\"og:image:width\" content=\"200\" \/>\n\t<meta property=\"og:image:height\" content=\"200\" \/>\n\t<meta property=\"og:image:type\" content=\"image\/jpeg\" \/>\n<meta name=\"author\" content=\"Lo viste en Los Pol\u00edticos\" \/>\n<meta name=\"twitter:card\" content=\"summary_large_image\" \/>\n<meta name=\"twitter:creator\" content=\"@LosPoliticosVer\" \/>\n<meta name=\"twitter:site\" content=\"@LosPoliticosVer\" \/>\n<meta name=\"twitter:label1\" content=\"Escrito por\" \/>\n\t<meta name=\"twitter:data1\" content=\"Lo viste en Los Pol\u00edticos\" \/>\n\t<meta name=\"twitter:label2\" content=\"Tiempo de lectura\" \/>\n\t<meta name=\"twitter:data2\" content=\"3 minutos\" \/>\n<script type=\"application\/ld+json\" class=\"yoast-schema-graph\">{\"@context\":\"https:\\\/\\\/schema.org\",\"@graph\":[{\"@type\":\"Article\",\"@id\":\"https:\\\/\\\/lospoliticosveracruz.com\\\/?p=104515#article\",\"isPartOf\":{\"@id\":\"https:\\\/\\\/lospoliticosveracruz.com\\\/?p=104515\"},\"author\":{\"name\":\"Lo viste en Los Pol\u00edticos\",\"@id\":\"https:\\\/\\\/lospoliticosveracruz.com\\\/#\\\/schema\\\/person\\\/b8702bb0e538456e6efd07080bf2a4a2\"},\"headline\":\"LA 4T y su capacidad para fabricar culpables\u00a0\",\"datePublished\":\"2023-04-04T13:34:07+00:00\",\"dateModified\":\"2023-04-04T13:34:16+00:00\",\"mainEntityOfPage\":{\"@id\":\"https:\\\/\\\/lospoliticosveracruz.com\\\/?p=104515\"},\"wordCount\":661,\"publisher\":{\"@id\":\"https:\\\/\\\/lospoliticosveracruz.com\\\/#organization\"},\"keywords\":[\"Bernardo Guti\u00e9rrez Parra\",\"Cuitl\u00e1huac Garc\u00eda Jim\u00e9nez\",\"Hueytepec\",\"Mario Vidal Gonz\u00e1lez\",\"Morena\",\"Semana Santa\",\"Veracruz\"],\"articleSection\":[\"De Opini\u00f3n\"],\"inLanguage\":\"es\"},{\"@type\":\"WebPage\",\"@id\":\"https:\\\/\\\/lospoliticosveracruz.com\\\/?p=104515\",\"url\":\"https:\\\/\\\/lospoliticosveracruz.com\\\/?p=104515\",\"name\":\"LA 4T y su capacidad para fabricar culpables\u00a0 - Los pol\u00edticos Veracruz\",\"isPartOf\":{\"@id\":\"https:\\\/\\\/lospoliticosveracruz.com\\\/#website\"},\"datePublished\":\"2023-04-04T13:34:07+00:00\",\"dateModified\":\"2023-04-04T13:34:16+00:00\",\"breadcrumb\":{\"@id\":\"https:\\\/\\\/lospoliticosveracruz.com\\\/?p=104515#breadcrumb\"},\"inLanguage\":\"es\",\"potentialAction\":[{\"@type\":\"ReadAction\",\"target\":[\"https:\\\/\\\/lospoliticosveracruz.com\\\/?p=104515\"]}]},{\"@type\":\"BreadcrumbList\",\"@id\":\"https:\\\/\\\/lospoliticosveracruz.com\\\/?p=104515#breadcrumb\",\"itemListElement\":[{\"@type\":\"ListItem\",\"position\":1,\"name\":\"Portada\",\"item\":\"https:\\\/\\\/lospoliticosveracruz.com\\\/\"},{\"@type\":\"ListItem\",\"position\":2,\"name\":\"LA 4T y su capacidad para fabricar culpables\u00a0\"}]},{\"@type\":\"WebSite\",\"@id\":\"https:\\\/\\\/lospoliticosveracruz.com\\\/#website\",\"url\":\"https:\\\/\\\/lospoliticosveracruz.com\\\/\",\"name\":\"Los pol\u00edticos Veracruz\",\"description\":\"\",\"publisher\":{\"@id\":\"https:\\\/\\\/lospoliticosveracruz.com\\\/#organization\"},\"potentialAction\":[{\"@type\":\"SearchAction\",\"target\":{\"@type\":\"EntryPoint\",\"urlTemplate\":\"https:\\\/\\\/lospoliticosveracruz.com\\\/?s={search_term_string}\"},\"query-input\":{\"@type\":\"PropertyValueSpecification\",\"valueRequired\":true,\"valueName\":\"search_term_string\"}}],\"inLanguage\":\"es\"},{\"@type\":\"Organization\",\"@id\":\"https:\\\/\\\/lospoliticosveracruz.com\\\/#organization\",\"name\":\"Los pol\u00edticos Veracruz\",\"url\":\"https:\\\/\\\/lospoliticosveracruz.com\\\/\",\"logo\":{\"@type\":\"ImageObject\",\"inLanguage\":\"es\",\"@id\":\"https:\\\/\\\/lospoliticosveracruz.com\\\/#\\\/schema\\\/logo\\\/image\\\/\",\"url\":\"https:\\\/\\\/lospoliticosveracruz.com\\\/wp-content\\\/uploads\\\/2025\\\/12\\\/Logo-Nuevo-LOS-POLITICOS-1.jpg\",\"contentUrl\":\"https:\\\/\\\/lospoliticosveracruz.com\\\/wp-content\\\/uploads\\\/2025\\\/12\\\/Logo-Nuevo-LOS-POLITICOS-1.jpg\",\"width\":260,\"height\":70,\"caption\":\"Los pol\u00edticos Veracruz\"},\"image\":{\"@id\":\"https:\\\/\\\/lospoliticosveracruz.com\\\/#\\\/schema\\\/logo\\\/image\\\/\"},\"sameAs\":[\"https:\\\/\\\/www.facebook.com\\\/people\\\/Notimemes-de-los-Polticos\\\/61565672886568\\\/\",\"https:\\\/\\\/x.com\\\/LosPoliticosVer\"]},{\"@type\":\"Person\",\"@id\":\"https:\\\/\\\/lospoliticosveracruz.com\\\/#\\\/schema\\\/person\\\/b8702bb0e538456e6efd07080bf2a4a2\",\"name\":\"Lo viste en Los Pol\u00edticos\",\"image\":{\"@type\":\"ImageObject\",\"inLanguage\":\"es\",\"@id\":\"https:\\\/\\\/secure.gravatar.com\\\/avatar\\\/3a8de04a2656d44082be478bd6c086daa447c4651605818287b9532d3d0bd435?s=96&d=mm&r=g\",\"url\":\"https:\\\/\\\/secure.gravatar.com\\\/avatar\\\/3a8de04a2656d44082be478bd6c086daa447c4651605818287b9532d3d0bd435?s=96&d=mm&r=g\",\"contentUrl\":\"https:\\\/\\\/secure.gravatar.com\\\/avatar\\\/3a8de04a2656d44082be478bd6c086daa447c4651605818287b9532d3d0bd435?s=96&d=mm&r=g\",\"caption\":\"Lo viste en Los Pol\u00edticos\"},\"url\":\"https:\\\/\\\/lospoliticosveracruz.com\\\/?author=2\"}]}<\/script>\n<!-- \/ Yoast SEO plugin. -->","yoast_head_json":{"title":"LA 4T y su capacidad para fabricar culpables\u00a0 - Los pol\u00edticos Veracruz","robots":{"index":"index","follow":"follow","max-snippet":"max-snippet:-1","max-image-preview":"max-image-preview:large","max-video-preview":"max-video-preview:-1"},"canonical":"https:\/\/lospoliticosveracruz.com\/?p=104515","og_locale":"es_ES","og_type":"article","og_title":"LA 4T y su capacidad para fabricar culpables\u00a0 - Los pol\u00edticos Veracruz","og_description":"Bernardo Guti\u00e9rrez Parra Desde el Caf\u00e9\u00a0 El jueves anterior por la noche, a escasas horas de haberse puesto en marcha el operativo de seguridad por las vacaciones de Semana Santa, sujetos armados acribillaron a dos hombres y cien metros adelante, asesinaron a una mujer e hirieron a su hijo menor de edad en la comunidad [&hellip;]","og_url":"https:\/\/lospoliticosveracruz.com\/?p=104515","og_site_name":"Los pol\u00edticos Veracruz","article_publisher":"https:\/\/www.facebook.com\/people\/Notimemes-de-los-Polticos\/61565672886568\/","article_published_time":"2023-04-04T13:34:07+00:00","article_modified_time":"2023-04-04T13:34:16+00:00","og_image":[{"width":200,"height":200,"url":"https:\/\/lospoliticosveracruz.com\/wp-content\/uploads\/2016\/07\/Logo-Dor.jpg","type":"image\/jpeg"}],"author":"Lo viste en Los Pol\u00edticos","twitter_card":"summary_large_image","twitter_creator":"@LosPoliticosVer","twitter_site":"@LosPoliticosVer","twitter_misc":{"Escrito por":"Lo viste en Los Pol\u00edticos","Tiempo de lectura":"3 minutos"},"schema":{"@context":"https:\/\/schema.org","@graph":[{"@type":"Article","@id":"https:\/\/lospoliticosveracruz.com\/?p=104515#article","isPartOf":{"@id":"https:\/\/lospoliticosveracruz.com\/?p=104515"},"author":{"name":"Lo viste en Los Pol\u00edticos","@id":"https:\/\/lospoliticosveracruz.com\/#\/schema\/person\/b8702bb0e538456e6efd07080bf2a4a2"},"headline":"LA 4T y su capacidad para fabricar culpables\u00a0","datePublished":"2023-04-04T13:34:07+00:00","dateModified":"2023-04-04T13:34:16+00:00","mainEntityOfPage":{"@id":"https:\/\/lospoliticosveracruz.com\/?p=104515"},"wordCount":661,"publisher":{"@id":"https:\/\/lospoliticosveracruz.com\/#organization"},"keywords":["Bernardo Guti\u00e9rrez Parra","Cuitl\u00e1huac Garc\u00eda Jim\u00e9nez","Hueytepec","Mario Vidal Gonz\u00e1lez","Morena","Semana Santa","Veracruz"],"articleSection":["De Opini\u00f3n"],"inLanguage":"es"},{"@type":"WebPage","@id":"https:\/\/lospoliticosveracruz.com\/?p=104515","url":"https:\/\/lospoliticosveracruz.com\/?p=104515","name":"LA 4T y su capacidad para fabricar culpables\u00a0 - Los pol\u00edticos Veracruz","isPartOf":{"@id":"https:\/\/lospoliticosveracruz.com\/#website"},"datePublished":"2023-04-04T13:34:07+00:00","dateModified":"2023-04-04T13:34:16+00:00","breadcrumb":{"@id":"https:\/\/lospoliticosveracruz.com\/?p=104515#breadcrumb"},"inLanguage":"es","potentialAction":[{"@type":"ReadAction","target":["https:\/\/lospoliticosveracruz.com\/?p=104515"]}]},{"@type":"BreadcrumbList","@id":"https:\/\/lospoliticosveracruz.com\/?p=104515#breadcrumb","itemListElement":[{"@type":"ListItem","position":1,"name":"Portada","item":"https:\/\/lospoliticosveracruz.com\/"},{"@type":"ListItem","position":2,"name":"LA 4T y su capacidad para fabricar culpables\u00a0"}]},{"@type":"WebSite","@id":"https:\/\/lospoliticosveracruz.com\/#website","url":"https:\/\/lospoliticosveracruz.com\/","name":"Los pol\u00edticos Veracruz","description":"","publisher":{"@id":"https:\/\/lospoliticosveracruz.com\/#organization"},"potentialAction":[{"@type":"SearchAction","target":{"@type":"EntryPoint","urlTemplate":"https:\/\/lospoliticosveracruz.com\/?s={search_term_string}"},"query-input":{"@type":"PropertyValueSpecification","valueRequired":true,"valueName":"search_term_string"}}],"inLanguage":"es"},{"@type":"Organization","@id":"https:\/\/lospoliticosveracruz.com\/#organization","name":"Los pol\u00edticos Veracruz","url":"https:\/\/lospoliticosveracruz.com\/","logo":{"@type":"ImageObject","inLanguage":"es","@id":"https:\/\/lospoliticosveracruz.com\/#\/schema\/logo\/image\/","url":"https:\/\/lospoliticosveracruz.com\/wp-content\/uploads\/2025\/12\/Logo-Nuevo-LOS-POLITICOS-1.jpg","contentUrl":"https:\/\/lospoliticosveracruz.com\/wp-content\/uploads\/2025\/12\/Logo-Nuevo-LOS-POLITICOS-1.jpg","width":260,"height":70,"caption":"Los pol\u00edticos Veracruz"},"image":{"@id":"https:\/\/lospoliticosveracruz.com\/#\/schema\/logo\/image\/"},"sameAs":["https:\/\/www.facebook.com\/people\/Notimemes-de-los-Polticos\/61565672886568\/","https:\/\/x.com\/LosPoliticosVer"]},{"@type":"Person","@id":"https:\/\/lospoliticosveracruz.com\/#\/schema\/person\/b8702bb0e538456e6efd07080bf2a4a2","name":"Lo viste en Los Pol\u00edticos","image":{"@type":"ImageObject","inLanguage":"es","@id":"https:\/\/secure.gravatar.com\/avatar\/3a8de04a2656d44082be478bd6c086daa447c4651605818287b9532d3d0bd435?s=96&d=mm&r=g","url":"https:\/\/secure.gravatar.com\/avatar\/3a8de04a2656d44082be478bd6c086daa447c4651605818287b9532d3d0bd435?s=96&d=mm&r=g","contentUrl":"https:\/\/secure.gravatar.com\/avatar\/3a8de04a2656d44082be478bd6c086daa447c4651605818287b9532d3d0bd435?s=96&d=mm&r=g","caption":"Lo viste en Los Pol\u00edticos"},"url":"https:\/\/lospoliticosveracruz.com\/?author=2"}]}},"_links":{"self":[{"href":"https:\/\/lospoliticosveracruz.com\/index.php?rest_route=\/wp\/v2\/posts\/104515","targetHints":{"allow":["GET"]}}],"collection":[{"href":"https:\/\/lospoliticosveracruz.com\/index.php?rest_route=\/wp\/v2\/posts"}],"about":[{"href":"https:\/\/lospoliticosveracruz.com\/index.php?rest_route=\/wp\/v2\/types\/post"}],"author":[{"embeddable":true,"href":"https:\/\/lospoliticosveracruz.com\/index.php?rest_route=\/wp\/v2\/users\/2"}],"replies":[{"embeddable":true,"href":"https:\/\/lospoliticosveracruz.com\/index.php?rest_route=%2Fwp%2Fv2%2Fcomments&post=104515"}],"version-history":[{"count":1,"href":"https:\/\/lospoliticosveracruz.com\/index.php?rest_route=\/wp\/v2\/posts\/104515\/revisions"}],"predecessor-version":[{"id":104516,"href":"https:\/\/lospoliticosveracruz.com\/index.php?rest_route=\/wp\/v2\/posts\/104515\/revisions\/104516"}],"wp:attachment":[{"href":"https:\/\/lospoliticosveracruz.com\/index.php?rest_route=%2Fwp%2Fv2%2Fmedia&parent=104515"}],"wp:term":[{"taxonomy":"category","embeddable":true,"href":"https:\/\/lospoliticosveracruz.com\/index.php?rest_route=%2Fwp%2Fv2%2Fcategories&post=104515"},{"taxonomy":"post_tag","embeddable":true,"href":"https:\/\/lospoliticosveracruz.com\/index.php?rest_route=%2Fwp%2Fv2%2Ftags&post=104515"}],"curies":[{"name":"wp","href":"https:\/\/api.w.org\/{rel}","templated":true}]}}