{"id":104563,"date":"2023-04-05T09:33:51","date_gmt":"2023-04-05T14:33:51","guid":{"rendered":"https:\/\/lospoliticosveracruz.com.mx\/?p=104563"},"modified":"2023-04-05T09:33:58","modified_gmt":"2023-04-05T14:33:58","slug":"veracruz-inseguridad-y-violencia-sin-freno","status":"publish","type":"post","link":"https:\/\/lospoliticosveracruz.com\/?p=104563","title":{"rendered":"VERACRUZ, INSEGURIDAD Y VIOLENCIA SIN FRENO"},"content":{"rendered":"\n<p><\/p>\n\n\n\n<p><strong>Luis Alberto Romero<br><\/strong><em>Hora cero<\/em><\/p>\n\n\n\n<p>Desde diciembre de 2018 hasta febrero del presente a\u00f1o se han integrado en Veracruz 4 mil 912 carpetas de investigaci\u00f3n por el delito de homicidio doloso.<\/p>\n\n\n\n<p>En m\u00e1s del 60 por ciento de los casos, el asesinato se perpetr\u00f3 con armas de fuego.<\/p>\n\n\n\n<figure class=\"wp-block-embed is-type-video is-provider-youtube wp-block-embed-youtube wp-embed-aspect-16-9 wp-has-aspect-ratio\"><div class=\"wp-block-embed__wrapper\">\n<iframe loading=\"lazy\" title=\"Cluster Coworking\" width=\"696\" height=\"392\" src=\"https:\/\/www.youtube.com\/embed\/Nxe-vxf8GuY?feature=oembed\" frameborder=\"0\" allow=\"accelerometer; autoplay; clipboard-write; encrypted-media; gyroscope; picture-in-picture; web-share\" referrerpolicy=\"strict-origin-when-cross-origin\" allowfullscreen><\/iframe>\n<\/div><\/figure>\n\n\n\n<p>Datos oficiales, que publica el Secretariado Ejecutivo del Sistema Nacional de Seguridad P\u00fablica con base en el reporte de la fiscal\u00eda estatal, indican que cada mes, en promedio, han ocurrido en la entidad veracruzana 98.2 homicidios.<\/p>\n\n\n\n<p>Ese es, hasta ahora, el saldo de la violencia en tierras veracruzanas, donde tambi\u00e9n se contabilizan m\u00e1s de 28 mil 879 lesiones dolosas; la gran mayor\u00eda de ellas, con arma de fuego.<\/p>\n\n\n\n<p>En total, entre diciembre de 2018 y febrero de 2023 se reportaron 33 mil 791 hechos violentos, que dejaron un saldo de casi 5 mil muertos y cerca de 29 mil lesionados.<\/p>\n\n\n\n<p>Y eso que de acuerdo con el discurso oficial, que se esfuerza en mostrar optimismo, la entidad es un lugar seguro, uno de los m\u00e1s seguros del pa\u00eds.<\/p>\n\n\n\n<p>Lo cierto es que en casi 5 mil 500 hechos violentos registrados en Veracruz en 4 a\u00f1os y 3 meses se han utilizado armas de fuego. Esos eventos arrojaron un saldo de m\u00e1s de 3 mil muertos y cerca de 2 mil 500 lesionados.<\/p>\n\n\n\n<p>Eso sin contar con los 335 feminicidios y los 545 secuestros que han contribuido a disparar en la entidad la percepci\u00f3n de inseguridad.<\/p>\n\n\n\n<p>Por si fuera poco, en territorio estatal se han registrado, en los 51 meses de referencia, m\u00e1s de 100 mil robos.<\/p>\n\n\n\n<p>De tal manera que no puede extra\u00f1ar que la entidad aparezca con tanta frecuencia en la nota roja nacional; y que los medios se ocupen con tanta frecuencia de temas relacionados con la inseguridad y la violencia.<\/p>\n\n\n\n<p>La fuente indica que desde el inicio del actual gobierno estatal se han integrado en la fiscal\u00eda veracruzana 360 mil 877 carpetas de investigaci\u00f3n por diferentes delitos, de tal forma que si la tendencia contin\u00faa, durante la administraci\u00f3n de Cuitl\u00e1huac Garc\u00eda podr\u00edan acumularse medio mill\u00f3n de delitos en la entidad.<\/p>\n\n\n\n<p>Hace poco m\u00e1s de un a\u00f1o, por en\u00e9sima ocasi\u00f3n el gobernador habl\u00f3 de los logros registrados durante su administraci\u00f3n; dijo que la entidad pas\u00f3 de los primeros lugares en \u00edndice delictivo a la posici\u00f3n 17; y que la reducci\u00f3n de los delitos era del 23.3 por ciento.<\/p>\n\n\n\n<p>Sin embargo, la percepci\u00f3n de inseguridad entre la poblaci\u00f3n se ha mantenido pr\u00e1cticamente igual que antes del inicio de este periodo gubernamental.<\/p>\n\n\n\n<p>No es para menos: al terminar su gesti\u00f3n, en 2024, Garc\u00eda Jim\u00e9nez podr\u00eda dejar cifras realmente escalofriantes; falta poco m\u00e1s de un a\u00f1o y medio para que concluya el encargo y si la tendencia sigue como hasta ahora, Veracruz acumular\u00e1 cerca de 500 mil delitos totales; 7 mil homicidios dolosos; y 400 feminicidios; entonces, la oposici\u00f3n tendr\u00e1 argumentos de sobra para hablar de un fracaso en materia de seguridad p\u00fablica.<\/p>\n\n\n\n<p>En descargo del ejecutivo veracruzano, habr\u00eda que decir que en los meses recientes se ha observado una reducci\u00f3n en la incidencia delictiva. En febrero pasado, por ejemplo, \u201cs\u00f3lo\u201d hubo 47 v\u00edctimas de homicidio doloso; si esa fue una buena noticia, \u00bfc\u00f3mo estar\u00e1n las cosas en materia de inseguridad? @luisromero85<\/p>\n","protected":false},"excerpt":{"rendered":"<p>Luis Alberto RomeroHora cero Desde diciembre de 2018 hasta febrero del presente a\u00f1o se han integrado en Veracruz 4 mil 912 carpetas de investigaci\u00f3n por el delito de homicidio doloso. En m\u00e1s del 60 por ciento de los casos, el asesinato se perpetr\u00f3 con armas de fuego. Datos oficiales, que publica el Secretariado Ejecutivo del [&hellip;]<\/p>\n","protected":false},"author":2,"featured_media":0,"comment_status":"closed","ping_status":"closed","sticky":false,"template":"","format":"standard","meta":{"tdm_status":"","tdm_grid_status":"","footnotes":""},"categories":[70],"tags":[1563,826,503,2669,1026,504,1056,195],"class_list":{"0":"post-104563","1":"post","2":"type-post","3":"status-publish","4":"format-standard","6":"category-de-opinion","7":"tag-cuitlahuac-garcia-jimenez","8":"tag-feminicidios","9":"tag-homicidios","10":"tag-luis-alberto-romero","11":"tag-morena","12":"tag-secuestros","13":"tag-sistema-nacional-de-seguridad-publica","14":"tag-veracruz"},"yoast_head":"<!-- This site is optimized with the Yoast SEO plugin v27.4 - https:\/\/yoast.com\/product\/yoast-seo-wordpress\/ -->\n<title>VERACRUZ, INSEGURIDAD Y VIOLENCIA SIN FRENO - Los pol\u00edticos Veracruz<\/title>\n<meta name=\"robots\" content=\"index, follow, max-snippet:-1, max-image-preview:large, max-video-preview:-1\" \/>\n<link rel=\"canonical\" href=\"https:\/\/lospoliticosveracruz.com\/?p=104563\" \/>\n<meta property=\"og:locale\" content=\"es_ES\" \/>\n<meta property=\"og:type\" content=\"article\" \/>\n<meta property=\"og:title\" content=\"VERACRUZ, INSEGURIDAD Y VIOLENCIA SIN FRENO - Los pol\u00edticos Veracruz\" \/>\n<meta property=\"og:description\" content=\"Luis Alberto RomeroHora cero Desde diciembre de 2018 hasta febrero del presente a\u00f1o se han integrado en Veracruz 4 mil 912 carpetas de investigaci\u00f3n por el delito de homicidio doloso. En m\u00e1s del 60 por ciento de los casos, el asesinato se perpetr\u00f3 con armas de fuego. Datos oficiales, que publica el Secretariado Ejecutivo del [&hellip;]\" \/>\n<meta property=\"og:url\" content=\"https:\/\/lospoliticosveracruz.com\/?p=104563\" \/>\n<meta property=\"og:site_name\" content=\"Los pol\u00edticos Veracruz\" \/>\n<meta property=\"article:publisher\" content=\"https:\/\/www.facebook.com\/people\/Notimemes-de-los-Polticos\/61565672886568\/\" \/>\n<meta property=\"article:published_time\" content=\"2023-04-05T14:33:51+00:00\" \/>\n<meta property=\"article:modified_time\" content=\"2023-04-05T14:33:58+00:00\" \/>\n<meta property=\"og:image\" content=\"https:\/\/lospoliticosveracruz.com\/wp-content\/uploads\/2016\/07\/Logo-Dor.jpg\" \/>\n\t<meta property=\"og:image:width\" content=\"200\" \/>\n\t<meta property=\"og:image:height\" content=\"200\" \/>\n\t<meta property=\"og:image:type\" content=\"image\/jpeg\" \/>\n<meta name=\"author\" content=\"Lo viste en Los Pol\u00edticos\" \/>\n<meta name=\"twitter:card\" content=\"summary_large_image\" \/>\n<meta name=\"twitter:creator\" content=\"@LosPoliticosVer\" \/>\n<meta name=\"twitter:site\" content=\"@LosPoliticosVer\" \/>\n<meta name=\"twitter:label1\" content=\"Escrito por\" \/>\n\t<meta name=\"twitter:data1\" content=\"Lo viste en Los Pol\u00edticos\" \/>\n\t<meta name=\"twitter:label2\" content=\"Tiempo de lectura\" \/>\n\t<meta name=\"twitter:data2\" content=\"3 minutos\" \/>\n<script type=\"application\/ld+json\" class=\"yoast-schema-graph\">{\"@context\":\"https:\\\/\\\/schema.org\",\"@graph\":[{\"@type\":\"Article\",\"@id\":\"https:\\\/\\\/lospoliticosveracruz.com\\\/?p=104563#article\",\"isPartOf\":{\"@id\":\"https:\\\/\\\/lospoliticosveracruz.com\\\/?p=104563\"},\"author\":{\"name\":\"Lo viste en Los Pol\u00edticos\",\"@id\":\"https:\\\/\\\/lospoliticosveracruz.com\\\/#\\\/schema\\\/person\\\/b8702bb0e538456e6efd07080bf2a4a2\"},\"headline\":\"VERACRUZ, INSEGURIDAD Y VIOLENCIA SIN FRENO\",\"datePublished\":\"2023-04-05T14:33:51+00:00\",\"dateModified\":\"2023-04-05T14:33:58+00:00\",\"mainEntityOfPage\":{\"@id\":\"https:\\\/\\\/lospoliticosveracruz.com\\\/?p=104563\"},\"wordCount\":564,\"publisher\":{\"@id\":\"https:\\\/\\\/lospoliticosveracruz.com\\\/#organization\"},\"keywords\":[\"Cuitl\u00e1huac Garc\u00eda Jim\u00e9nez\",\"feminicidios\",\"homicidios\",\"Luis Alberto Romero\",\"Morena\",\"secuestros\",\"Sistema Nacional de Seguridad P\u00fablica\",\"Veracruz\"],\"articleSection\":[\"De Opini\u00f3n\"],\"inLanguage\":\"es\"},{\"@type\":\"WebPage\",\"@id\":\"https:\\\/\\\/lospoliticosveracruz.com\\\/?p=104563\",\"url\":\"https:\\\/\\\/lospoliticosveracruz.com\\\/?p=104563\",\"name\":\"VERACRUZ, INSEGURIDAD Y VIOLENCIA SIN FRENO - Los pol\u00edticos Veracruz\",\"isPartOf\":{\"@id\":\"https:\\\/\\\/lospoliticosveracruz.com\\\/#website\"},\"datePublished\":\"2023-04-05T14:33:51+00:00\",\"dateModified\":\"2023-04-05T14:33:58+00:00\",\"breadcrumb\":{\"@id\":\"https:\\\/\\\/lospoliticosveracruz.com\\\/?p=104563#breadcrumb\"},\"inLanguage\":\"es\",\"potentialAction\":[{\"@type\":\"ReadAction\",\"target\":[\"https:\\\/\\\/lospoliticosveracruz.com\\\/?p=104563\"]}]},{\"@type\":\"BreadcrumbList\",\"@id\":\"https:\\\/\\\/lospoliticosveracruz.com\\\/?p=104563#breadcrumb\",\"itemListElement\":[{\"@type\":\"ListItem\",\"position\":1,\"name\":\"Portada\",\"item\":\"https:\\\/\\\/lospoliticosveracruz.com\\\/\"},{\"@type\":\"ListItem\",\"position\":2,\"name\":\"VERACRUZ, INSEGURIDAD Y VIOLENCIA SIN FRENO\"}]},{\"@type\":\"WebSite\",\"@id\":\"https:\\\/\\\/lospoliticosveracruz.com\\\/#website\",\"url\":\"https:\\\/\\\/lospoliticosveracruz.com\\\/\",\"name\":\"Los pol\u00edticos Veracruz\",\"description\":\"\",\"publisher\":{\"@id\":\"https:\\\/\\\/lospoliticosveracruz.com\\\/#organization\"},\"potentialAction\":[{\"@type\":\"SearchAction\",\"target\":{\"@type\":\"EntryPoint\",\"urlTemplate\":\"https:\\\/\\\/lospoliticosveracruz.com\\\/?s={search_term_string}\"},\"query-input\":{\"@type\":\"PropertyValueSpecification\",\"valueRequired\":true,\"valueName\":\"search_term_string\"}}],\"inLanguage\":\"es\"},{\"@type\":\"Organization\",\"@id\":\"https:\\\/\\\/lospoliticosveracruz.com\\\/#organization\",\"name\":\"Los pol\u00edticos Veracruz\",\"url\":\"https:\\\/\\\/lospoliticosveracruz.com\\\/\",\"logo\":{\"@type\":\"ImageObject\",\"inLanguage\":\"es\",\"@id\":\"https:\\\/\\\/lospoliticosveracruz.com\\\/#\\\/schema\\\/logo\\\/image\\\/\",\"url\":\"https:\\\/\\\/lospoliticosveracruz.com\\\/wp-content\\\/uploads\\\/2025\\\/12\\\/Logo-Nuevo-LOS-POLITICOS-1.jpg\",\"contentUrl\":\"https:\\\/\\\/lospoliticosveracruz.com\\\/wp-content\\\/uploads\\\/2025\\\/12\\\/Logo-Nuevo-LOS-POLITICOS-1.jpg\",\"width\":260,\"height\":70,\"caption\":\"Los pol\u00edticos Veracruz\"},\"image\":{\"@id\":\"https:\\\/\\\/lospoliticosveracruz.com\\\/#\\\/schema\\\/logo\\\/image\\\/\"},\"sameAs\":[\"https:\\\/\\\/www.facebook.com\\\/people\\\/Notimemes-de-los-Polticos\\\/61565672886568\\\/\",\"https:\\\/\\\/x.com\\\/LosPoliticosVer\"]},{\"@type\":\"Person\",\"@id\":\"https:\\\/\\\/lospoliticosveracruz.com\\\/#\\\/schema\\\/person\\\/b8702bb0e538456e6efd07080bf2a4a2\",\"name\":\"Lo viste en Los Pol\u00edticos\",\"image\":{\"@type\":\"ImageObject\",\"inLanguage\":\"es\",\"@id\":\"https:\\\/\\\/secure.gravatar.com\\\/avatar\\\/3a8de04a2656d44082be478bd6c086daa447c4651605818287b9532d3d0bd435?s=96&d=mm&r=g\",\"url\":\"https:\\\/\\\/secure.gravatar.com\\\/avatar\\\/3a8de04a2656d44082be478bd6c086daa447c4651605818287b9532d3d0bd435?s=96&d=mm&r=g\",\"contentUrl\":\"https:\\\/\\\/secure.gravatar.com\\\/avatar\\\/3a8de04a2656d44082be478bd6c086daa447c4651605818287b9532d3d0bd435?s=96&d=mm&r=g\",\"caption\":\"Lo viste en Los Pol\u00edticos\"},\"url\":\"https:\\\/\\\/lospoliticosveracruz.com\\\/?author=2\"}]}<\/script>\n<!-- \/ Yoast SEO plugin. -->","yoast_head_json":{"title":"VERACRUZ, INSEGURIDAD Y VIOLENCIA SIN FRENO - Los pol\u00edticos Veracruz","robots":{"index":"index","follow":"follow","max-snippet":"max-snippet:-1","max-image-preview":"max-image-preview:large","max-video-preview":"max-video-preview:-1"},"canonical":"https:\/\/lospoliticosveracruz.com\/?p=104563","og_locale":"es_ES","og_type":"article","og_title":"VERACRUZ, INSEGURIDAD Y VIOLENCIA SIN FRENO - Los pol\u00edticos Veracruz","og_description":"Luis Alberto RomeroHora cero Desde diciembre de 2018 hasta febrero del presente a\u00f1o se han integrado en Veracruz 4 mil 912 carpetas de investigaci\u00f3n por el delito de homicidio doloso. En m\u00e1s del 60 por ciento de los casos, el asesinato se perpetr\u00f3 con armas de fuego. Datos oficiales, que publica el Secretariado Ejecutivo del [&hellip;]","og_url":"https:\/\/lospoliticosveracruz.com\/?p=104563","og_site_name":"Los pol\u00edticos Veracruz","article_publisher":"https:\/\/www.facebook.com\/people\/Notimemes-de-los-Polticos\/61565672886568\/","article_published_time":"2023-04-05T14:33:51+00:00","article_modified_time":"2023-04-05T14:33:58+00:00","og_image":[{"width":200,"height":200,"url":"https:\/\/lospoliticosveracruz.com\/wp-content\/uploads\/2016\/07\/Logo-Dor.jpg","type":"image\/jpeg"}],"author":"Lo viste en Los Pol\u00edticos","twitter_card":"summary_large_image","twitter_creator":"@LosPoliticosVer","twitter_site":"@LosPoliticosVer","twitter_misc":{"Escrito por":"Lo viste en Los Pol\u00edticos","Tiempo de lectura":"3 minutos"},"schema":{"@context":"https:\/\/schema.org","@graph":[{"@type":"Article","@id":"https:\/\/lospoliticosveracruz.com\/?p=104563#article","isPartOf":{"@id":"https:\/\/lospoliticosveracruz.com\/?p=104563"},"author":{"name":"Lo viste en Los Pol\u00edticos","@id":"https:\/\/lospoliticosveracruz.com\/#\/schema\/person\/b8702bb0e538456e6efd07080bf2a4a2"},"headline":"VERACRUZ, INSEGURIDAD Y VIOLENCIA SIN FRENO","datePublished":"2023-04-05T14:33:51+00:00","dateModified":"2023-04-05T14:33:58+00:00","mainEntityOfPage":{"@id":"https:\/\/lospoliticosveracruz.com\/?p=104563"},"wordCount":564,"publisher":{"@id":"https:\/\/lospoliticosveracruz.com\/#organization"},"keywords":["Cuitl\u00e1huac Garc\u00eda Jim\u00e9nez","feminicidios","homicidios","Luis Alberto Romero","Morena","secuestros","Sistema Nacional de Seguridad P\u00fablica","Veracruz"],"articleSection":["De Opini\u00f3n"],"inLanguage":"es"},{"@type":"WebPage","@id":"https:\/\/lospoliticosveracruz.com\/?p=104563","url":"https:\/\/lospoliticosveracruz.com\/?p=104563","name":"VERACRUZ, INSEGURIDAD Y VIOLENCIA SIN FRENO - Los pol\u00edticos Veracruz","isPartOf":{"@id":"https:\/\/lospoliticosveracruz.com\/#website"},"datePublished":"2023-04-05T14:33:51+00:00","dateModified":"2023-04-05T14:33:58+00:00","breadcrumb":{"@id":"https:\/\/lospoliticosveracruz.com\/?p=104563#breadcrumb"},"inLanguage":"es","potentialAction":[{"@type":"ReadAction","target":["https:\/\/lospoliticosveracruz.com\/?p=104563"]}]},{"@type":"BreadcrumbList","@id":"https:\/\/lospoliticosveracruz.com\/?p=104563#breadcrumb","itemListElement":[{"@type":"ListItem","position":1,"name":"Portada","item":"https:\/\/lospoliticosveracruz.com\/"},{"@type":"ListItem","position":2,"name":"VERACRUZ, INSEGURIDAD Y VIOLENCIA SIN FRENO"}]},{"@type":"WebSite","@id":"https:\/\/lospoliticosveracruz.com\/#website","url":"https:\/\/lospoliticosveracruz.com\/","name":"Los pol\u00edticos Veracruz","description":"","publisher":{"@id":"https:\/\/lospoliticosveracruz.com\/#organization"},"potentialAction":[{"@type":"SearchAction","target":{"@type":"EntryPoint","urlTemplate":"https:\/\/lospoliticosveracruz.com\/?s={search_term_string}"},"query-input":{"@type":"PropertyValueSpecification","valueRequired":true,"valueName":"search_term_string"}}],"inLanguage":"es"},{"@type":"Organization","@id":"https:\/\/lospoliticosveracruz.com\/#organization","name":"Los pol\u00edticos Veracruz","url":"https:\/\/lospoliticosveracruz.com\/","logo":{"@type":"ImageObject","inLanguage":"es","@id":"https:\/\/lospoliticosveracruz.com\/#\/schema\/logo\/image\/","url":"https:\/\/lospoliticosveracruz.com\/wp-content\/uploads\/2025\/12\/Logo-Nuevo-LOS-POLITICOS-1.jpg","contentUrl":"https:\/\/lospoliticosveracruz.com\/wp-content\/uploads\/2025\/12\/Logo-Nuevo-LOS-POLITICOS-1.jpg","width":260,"height":70,"caption":"Los pol\u00edticos Veracruz"},"image":{"@id":"https:\/\/lospoliticosveracruz.com\/#\/schema\/logo\/image\/"},"sameAs":["https:\/\/www.facebook.com\/people\/Notimemes-de-los-Polticos\/61565672886568\/","https:\/\/x.com\/LosPoliticosVer"]},{"@type":"Person","@id":"https:\/\/lospoliticosveracruz.com\/#\/schema\/person\/b8702bb0e538456e6efd07080bf2a4a2","name":"Lo viste en Los Pol\u00edticos","image":{"@type":"ImageObject","inLanguage":"es","@id":"https:\/\/secure.gravatar.com\/avatar\/3a8de04a2656d44082be478bd6c086daa447c4651605818287b9532d3d0bd435?s=96&d=mm&r=g","url":"https:\/\/secure.gravatar.com\/avatar\/3a8de04a2656d44082be478bd6c086daa447c4651605818287b9532d3d0bd435?s=96&d=mm&r=g","contentUrl":"https:\/\/secure.gravatar.com\/avatar\/3a8de04a2656d44082be478bd6c086daa447c4651605818287b9532d3d0bd435?s=96&d=mm&r=g","caption":"Lo viste en Los Pol\u00edticos"},"url":"https:\/\/lospoliticosveracruz.com\/?author=2"}]}},"_links":{"self":[{"href":"https:\/\/lospoliticosveracruz.com\/index.php?rest_route=\/wp\/v2\/posts\/104563","targetHints":{"allow":["GET"]}}],"collection":[{"href":"https:\/\/lospoliticosveracruz.com\/index.php?rest_route=\/wp\/v2\/posts"}],"about":[{"href":"https:\/\/lospoliticosveracruz.com\/index.php?rest_route=\/wp\/v2\/types\/post"}],"author":[{"embeddable":true,"href":"https:\/\/lospoliticosveracruz.com\/index.php?rest_route=\/wp\/v2\/users\/2"}],"replies":[{"embeddable":true,"href":"https:\/\/lospoliticosveracruz.com\/index.php?rest_route=%2Fwp%2Fv2%2Fcomments&post=104563"}],"version-history":[{"count":1,"href":"https:\/\/lospoliticosveracruz.com\/index.php?rest_route=\/wp\/v2\/posts\/104563\/revisions"}],"predecessor-version":[{"id":104564,"href":"https:\/\/lospoliticosveracruz.com\/index.php?rest_route=\/wp\/v2\/posts\/104563\/revisions\/104564"}],"wp:attachment":[{"href":"https:\/\/lospoliticosveracruz.com\/index.php?rest_route=%2Fwp%2Fv2%2Fmedia&parent=104563"}],"wp:term":[{"taxonomy":"category","embeddable":true,"href":"https:\/\/lospoliticosveracruz.com\/index.php?rest_route=%2Fwp%2Fv2%2Fcategories&post=104563"},{"taxonomy":"post_tag","embeddable":true,"href":"https:\/\/lospoliticosveracruz.com\/index.php?rest_route=%2Fwp%2Fv2%2Ftags&post=104563"}],"curies":[{"name":"wp","href":"https:\/\/api.w.org\/{rel}","templated":true}]}}