{"id":104575,"date":"2023-04-05T13:49:39","date_gmt":"2023-04-05T18:49:39","guid":{"rendered":"https:\/\/lospoliticosveracruz.com.mx\/?p=104575"},"modified":"2023-04-05T13:49:42","modified_gmt":"2023-04-05T18:49:42","slug":"que-ofrece-la-oposicion-para-veracruz","status":"publish","type":"post","link":"https:\/\/lospoliticosveracruz.com\/?p=104575","title":{"rendered":"\u00bfQU\u00c9 OFRECE LA OPOSICI\u00d3N PARA VERACRUZ?"},"content":{"rendered":"\n<p><strong>Vicente Luna Hern\u00e1ndez<\/strong><\/p>\n\n\n\n<p>En Veracruz las aguas est\u00e1n un poco m\u00e1s tranquilas, los partidos pol\u00edticos de oposici\u00f3n est\u00e1n en trabajos de integrar sus estructuras operativas, renovaci\u00f3n de sus comit\u00e9s municipales y en sus procesos de afiliaci\u00f3n, sin embargo, lo cierto es que hay un ambiente de incertidumbre electoral, esto es, los que ayer apoyaban a un aspirante &#8211; de cualquier partido pol\u00edtico.- hoy andan promocionando a otro y ma\u00f1ana no ser\u00eda raro que le levantaran la mano a otro m\u00e1s, la democracia en su m\u00e1ximo esplendor.<\/p>\n\n\n\n<p>Ser\u00e1 el destino pero el apellido Yunes vuelve a estar en el imaginario colectivo como est\u00e1 desde la elecci\u00f3n de 2004 cuando Miguel \u00c1ngel Yunes Linares apoy\u00f3 con todo a Gerardo Buganza y despu\u00e9s como candidato por el PAN en el 2010, otra vez como candidato en el 2016 donde particip\u00f3 tambi\u00e9n H\u00e9ctor Yunes, en el 2018 vuelve un Miguel \u00c1ngel Yunes pero ahora M\u00e1rquez y Jos\u00e9 Yunes y hoy una vez m\u00e1s son aspirantes los 3: Pepe. H\u00e9ctor y Miguel \u00c1ngel a los que se les suma Patricia Lobeira, pero ahora hay otros aspirantes con fuerza electoral y trayectoria pol\u00edtica a diferencia de a\u00f1os anteriores: Julen Rementer\u00eda, Jos\u00e9 Manuel Diez Franco, Anil\u00fa Ingram, Cirilo V\u00e1zquez Parissi, entre otros actores que cuentan con argumentos pol\u00edticos para encabezar la futura alianza opositora con reales posibilidades de triunfo, \u00bfacaso los anteriormente mencionados no han demostrado en las urnas y en el ejercicio del poder tener los atributos para ser Gobernador o Gobernadora? lo cierto es que la clave para estar en condiciones de tener posibilidades de ganar, ser\u00e1 actuar con humildad y sumar voluntades para un Veracruz m\u00e1s respirable en todos los aspectos.<\/p>\n\n\n\n<p>Ante un escenario electoral demasiado complicado por todo que significa la fuerza del presidente y los programas sociales, hubo candidatos de la oposici\u00f3n que lograron sortear esas circunstancias dif\u00edciles y ganaron su respectiva elecci\u00f3n: por el PRI: Pepe Yunes, Nacho Morales, Delfino Ortega, Juan Manuel Diez, Ponciano V\u00e1zquez Parissi. Por el PAN: Patricia Lobeira, Juan Manuel De Unanue, Mary Josefina Gamboa. PRD: Rosalba Rodr\u00edguez con el apoyo del grupo de los Condado Escamilla en Acayucan, Brianda Kristell con el impulso del grupo de los V\u00e1zquez Copete en Santiago Tuxtla. MC en el Distrito de Santiago Tuxtla gano 5 municipios de 10, eso significa que si hay cuadros pol\u00edticos atractivos y eficaces para contribuir de manera importante al bloque opositor, \u00bfcu\u00e1ntos de ellos realmente est\u00e1n comprometidos con sus respectivos partidos? o mejor dicho \u00bfcu\u00e1ntos de ellos realmente quieren impulsar&nbsp;&nbsp;el triunfo del bloque opositor en Veracruz? \u00bfCu\u00e1ntos de ellos podr\u00e1n aguantar las presiones que habr\u00e1 de parte del partido en el poder?<\/p>\n\n\n\n<p>Hoy los aspirantes a la candidatura presidencial han integrado grupos de apoyo para ganar la supuesta encuesta que se llevar\u00e1 a cabo, sin embargo, tengo amigos que ayer apoyaban a una \u201ccorcholata\u201d y hoy andan promocionando a otra, \u00bfque significa esto? Que nadie tiene compromiso con nadie y todos andan con todos, ni los que est\u00e1n en n\u00f3mina esta comprometidos con una \u201ccorcholata\u201d en particular, esperan l\u00ednea para manifestarse p\u00fablicamente, sin embargo, tambi\u00e9n hay una simpat\u00eda oculta y un enojo social pasivo que en cualquier momento har\u00e1 erupci\u00f3n, es ah\u00ed donde la oposici\u00f3n tendr\u00e1 la oportunidad de elevar su preferencia si presenta una propuesta de gobierno atractiva, eficaz y la sepa transmitir de manera sencilla y concreta, abanderada por un hombre o mujer con credibilidad y experiencia en ganar elecciones en circunstancias dif\u00edciles \u2013 es diferente cuando se tiene todo \u2013 y en las plazas p\u00fablicas toque cualquier tema por \u00e1lgido y dif\u00edcil que sea, rodeado de hombres y mujeres con trayectorias limpias que impulsen su candidatura y no sean piedras en sus zapatos.<\/p>\n\n\n\n<p>La verdadera batalla se lleva a cabo a ras de tierra, los operadores pol\u00edticos de cualquier partido tienen el pulso social de lo que realmente pasa en campo y sobre todo, conoce los l\u00edderes y grupos sociales que est\u00e1n a la espera de se\u00f1ales que permitan pensar que hay una verdadera oposici\u00f3n pol\u00edtica en Veracruz, las dirigencias estatales de la oposici\u00f3n y los aspirantes deben sacudirse a aquellos que ayer da\u00f1aron con su actuar en el servicio p\u00fablico las siglas de su partido, \u00bf acaso creen que la sociedad ya olvido su actuar como servidores p\u00fablicos de \u00e9lite? Los aspirantes conocen a quienes operan para el partido Morena y presumen ser opositores y tienen operadores de su confianza en diferentes partidos, por el propio bien de sus proyectos personales, es hora que los aspirantes les pongan un oficina y los encierren a operar como muchos de ellos saben: en la oscuridad y en los s\u00f3tanos de la operaci\u00f3n pol\u00edtica, salir con ellos a la opini\u00f3n p\u00fablica lo \u00fanico que hace es alejar a grupos sociales que en su momento fueron menospreciados y minimizados por aquellos que hoy muestran una humildad y respeto a los dem\u00e1s que ayer no tuvieron y hoy, esos grupos sociales quieren impulsar un verdadero cambio en Veracruz pero sin los impresentables de ayer.<\/p>\n\n\n\n<p>P.D.- Con el \u00e1nimo de recordar que algunos dicen que primero el programa y despu\u00e9s el hombre o mujer\u2026yo digo que primero el hombre y mujer caminando el Estado construyendo el Programa\u2026Escribir\u00e9 otro d\u00eda<\/p>\n","protected":false},"excerpt":{"rendered":"<p>Vicente Luna Hern\u00e1ndez En Veracruz las aguas est\u00e1n un poco m\u00e1s tranquilas, los partidos pol\u00edticos de oposici\u00f3n est\u00e1n en trabajos de integrar sus estructuras operativas, renovaci\u00f3n de sus comit\u00e9s municipales y en sus procesos de afiliaci\u00f3n, sin embargo, lo cierto es que hay un ambiente de incertidumbre electoral, esto es, los que ayer apoyaban a [&hellip;]<\/p>\n","protected":false},"author":2,"featured_media":0,"comment_status":"closed","ping_status":"closed","sticky":false,"template":"","format":"standard","meta":{"tdm_status":"","tdm_grid_status":"","footnotes":""},"categories":[70],"tags":[1517,37856,1130,15667],"class_list":{"0":"post-104575","1":"post","2":"type-post","3":"status-publish","4":"format-standard","6":"category-de-opinion","7":"tag-cirilo-vazquez-parissi","8":"tag-jose-manuel-diez-franco","9":"tag-julen-rementeria","10":"tag-vicente-luna-hernandez"},"yoast_head":"<!-- This site is optimized with the Yoast SEO plugin v27.4 - https:\/\/yoast.com\/product\/yoast-seo-wordpress\/ -->\n<title>\u00bfQU\u00c9 OFRECE LA OPOSICI\u00d3N PARA VERACRUZ? - Los pol\u00edticos Veracruz<\/title>\n<meta name=\"robots\" content=\"index, follow, max-snippet:-1, max-image-preview:large, max-video-preview:-1\" \/>\n<link rel=\"canonical\" href=\"https:\/\/lospoliticosveracruz.com\/?p=104575\" \/>\n<meta property=\"og:locale\" content=\"es_ES\" \/>\n<meta property=\"og:type\" content=\"article\" \/>\n<meta property=\"og:title\" content=\"\u00bfQU\u00c9 OFRECE LA OPOSICI\u00d3N PARA VERACRUZ? - Los pol\u00edticos Veracruz\" \/>\n<meta property=\"og:description\" content=\"Vicente Luna Hern\u00e1ndez En Veracruz las aguas est\u00e1n un poco m\u00e1s tranquilas, los partidos pol\u00edticos de oposici\u00f3n est\u00e1n en trabajos de integrar sus estructuras operativas, renovaci\u00f3n de sus comit\u00e9s municipales y en sus procesos de afiliaci\u00f3n, sin embargo, lo cierto es que hay un ambiente de incertidumbre electoral, esto es, los que ayer apoyaban a [&hellip;]\" \/>\n<meta property=\"og:url\" content=\"https:\/\/lospoliticosveracruz.com\/?p=104575\" \/>\n<meta property=\"og:site_name\" content=\"Los pol\u00edticos Veracruz\" \/>\n<meta property=\"article:publisher\" content=\"https:\/\/www.facebook.com\/people\/Notimemes-de-los-Polticos\/61565672886568\/\" \/>\n<meta property=\"article:published_time\" content=\"2023-04-05T18:49:39+00:00\" \/>\n<meta property=\"article:modified_time\" content=\"2023-04-05T18:49:42+00:00\" \/>\n<meta property=\"og:image\" content=\"https:\/\/lospoliticosveracruz.com\/wp-content\/uploads\/2016\/07\/Logo-Dor.jpg\" \/>\n\t<meta property=\"og:image:width\" content=\"200\" \/>\n\t<meta property=\"og:image:height\" content=\"200\" \/>\n\t<meta property=\"og:image:type\" content=\"image\/jpeg\" \/>\n<meta name=\"author\" content=\"Lo viste en Los Pol\u00edticos\" \/>\n<meta name=\"twitter:card\" content=\"summary_large_image\" \/>\n<meta name=\"twitter:creator\" content=\"@LosPoliticosVer\" \/>\n<meta name=\"twitter:site\" content=\"@LosPoliticosVer\" \/>\n<meta name=\"twitter:label1\" content=\"Escrito por\" \/>\n\t<meta name=\"twitter:data1\" content=\"Lo viste en Los Pol\u00edticos\" \/>\n\t<meta name=\"twitter:label2\" content=\"Tiempo de lectura\" \/>\n\t<meta name=\"twitter:data2\" content=\"5 minutos\" \/>\n<script type=\"application\/ld+json\" class=\"yoast-schema-graph\">{\"@context\":\"https:\\\/\\\/schema.org\",\"@graph\":[{\"@type\":\"Article\",\"@id\":\"https:\\\/\\\/lospoliticosveracruz.com\\\/?p=104575#article\",\"isPartOf\":{\"@id\":\"https:\\\/\\\/lospoliticosveracruz.com\\\/?p=104575\"},\"author\":{\"name\":\"Lo viste en Los Pol\u00edticos\",\"@id\":\"https:\\\/\\\/lospoliticosveracruz.com\\\/#\\\/schema\\\/person\\\/b8702bb0e538456e6efd07080bf2a4a2\"},\"headline\":\"\u00bfQU\u00c9 OFRECE LA OPOSICI\u00d3N PARA VERACRUZ?\",\"datePublished\":\"2023-04-05T18:49:39+00:00\",\"dateModified\":\"2023-04-05T18:49:42+00:00\",\"mainEntityOfPage\":{\"@id\":\"https:\\\/\\\/lospoliticosveracruz.com\\\/?p=104575\"},\"wordCount\":935,\"publisher\":{\"@id\":\"https:\\\/\\\/lospoliticosveracruz.com\\\/#organization\"},\"keywords\":[\"Cirilo V\u00e1zquez Parissi\",\"Jos\u00e9 Manuel Diez Franco\",\"Julen Rementer\u00eda\",\"Vicente Luna Hern\u00e1ndez\"],\"articleSection\":[\"De Opini\u00f3n\"],\"inLanguage\":\"es\"},{\"@type\":\"WebPage\",\"@id\":\"https:\\\/\\\/lospoliticosveracruz.com\\\/?p=104575\",\"url\":\"https:\\\/\\\/lospoliticosveracruz.com\\\/?p=104575\",\"name\":\"\u00bfQU\u00c9 OFRECE LA OPOSICI\u00d3N PARA VERACRUZ? - Los pol\u00edticos Veracruz\",\"isPartOf\":{\"@id\":\"https:\\\/\\\/lospoliticosveracruz.com\\\/#website\"},\"datePublished\":\"2023-04-05T18:49:39+00:00\",\"dateModified\":\"2023-04-05T18:49:42+00:00\",\"breadcrumb\":{\"@id\":\"https:\\\/\\\/lospoliticosveracruz.com\\\/?p=104575#breadcrumb\"},\"inLanguage\":\"es\",\"potentialAction\":[{\"@type\":\"ReadAction\",\"target\":[\"https:\\\/\\\/lospoliticosveracruz.com\\\/?p=104575\"]}]},{\"@type\":\"BreadcrumbList\",\"@id\":\"https:\\\/\\\/lospoliticosveracruz.com\\\/?p=104575#breadcrumb\",\"itemListElement\":[{\"@type\":\"ListItem\",\"position\":1,\"name\":\"Portada\",\"item\":\"https:\\\/\\\/lospoliticosveracruz.com\\\/\"},{\"@type\":\"ListItem\",\"position\":2,\"name\":\"\u00bfQU\u00c9 OFRECE LA OPOSICI\u00d3N PARA VERACRUZ?\"}]},{\"@type\":\"WebSite\",\"@id\":\"https:\\\/\\\/lospoliticosveracruz.com\\\/#website\",\"url\":\"https:\\\/\\\/lospoliticosveracruz.com\\\/\",\"name\":\"Los pol\u00edticos Veracruz\",\"description\":\"\",\"publisher\":{\"@id\":\"https:\\\/\\\/lospoliticosveracruz.com\\\/#organization\"},\"potentialAction\":[{\"@type\":\"SearchAction\",\"target\":{\"@type\":\"EntryPoint\",\"urlTemplate\":\"https:\\\/\\\/lospoliticosveracruz.com\\\/?s={search_term_string}\"},\"query-input\":{\"@type\":\"PropertyValueSpecification\",\"valueRequired\":true,\"valueName\":\"search_term_string\"}}],\"inLanguage\":\"es\"},{\"@type\":\"Organization\",\"@id\":\"https:\\\/\\\/lospoliticosveracruz.com\\\/#organization\",\"name\":\"Los pol\u00edticos Veracruz\",\"url\":\"https:\\\/\\\/lospoliticosveracruz.com\\\/\",\"logo\":{\"@type\":\"ImageObject\",\"inLanguage\":\"es\",\"@id\":\"https:\\\/\\\/lospoliticosveracruz.com\\\/#\\\/schema\\\/logo\\\/image\\\/\",\"url\":\"https:\\\/\\\/lospoliticosveracruz.com\\\/wp-content\\\/uploads\\\/2025\\\/12\\\/Logo-Nuevo-LOS-POLITICOS-1.jpg\",\"contentUrl\":\"https:\\\/\\\/lospoliticosveracruz.com\\\/wp-content\\\/uploads\\\/2025\\\/12\\\/Logo-Nuevo-LOS-POLITICOS-1.jpg\",\"width\":260,\"height\":70,\"caption\":\"Los pol\u00edticos Veracruz\"},\"image\":{\"@id\":\"https:\\\/\\\/lospoliticosveracruz.com\\\/#\\\/schema\\\/logo\\\/image\\\/\"},\"sameAs\":[\"https:\\\/\\\/www.facebook.com\\\/people\\\/Notimemes-de-los-Polticos\\\/61565672886568\\\/\",\"https:\\\/\\\/x.com\\\/LosPoliticosVer\"]},{\"@type\":\"Person\",\"@id\":\"https:\\\/\\\/lospoliticosveracruz.com\\\/#\\\/schema\\\/person\\\/b8702bb0e538456e6efd07080bf2a4a2\",\"name\":\"Lo viste en Los Pol\u00edticos\",\"image\":{\"@type\":\"ImageObject\",\"inLanguage\":\"es\",\"@id\":\"https:\\\/\\\/secure.gravatar.com\\\/avatar\\\/3a8de04a2656d44082be478bd6c086daa447c4651605818287b9532d3d0bd435?s=96&d=mm&r=g\",\"url\":\"https:\\\/\\\/secure.gravatar.com\\\/avatar\\\/3a8de04a2656d44082be478bd6c086daa447c4651605818287b9532d3d0bd435?s=96&d=mm&r=g\",\"contentUrl\":\"https:\\\/\\\/secure.gravatar.com\\\/avatar\\\/3a8de04a2656d44082be478bd6c086daa447c4651605818287b9532d3d0bd435?s=96&d=mm&r=g\",\"caption\":\"Lo viste en Los Pol\u00edticos\"},\"url\":\"https:\\\/\\\/lospoliticosveracruz.com\\\/?author=2\"}]}<\/script>\n<!-- \/ Yoast SEO plugin. -->","yoast_head_json":{"title":"\u00bfQU\u00c9 OFRECE LA OPOSICI\u00d3N PARA VERACRUZ? - Los pol\u00edticos Veracruz","robots":{"index":"index","follow":"follow","max-snippet":"max-snippet:-1","max-image-preview":"max-image-preview:large","max-video-preview":"max-video-preview:-1"},"canonical":"https:\/\/lospoliticosveracruz.com\/?p=104575","og_locale":"es_ES","og_type":"article","og_title":"\u00bfQU\u00c9 OFRECE LA OPOSICI\u00d3N PARA VERACRUZ? - Los pol\u00edticos Veracruz","og_description":"Vicente Luna Hern\u00e1ndez En Veracruz las aguas est\u00e1n un poco m\u00e1s tranquilas, los partidos pol\u00edticos de oposici\u00f3n est\u00e1n en trabajos de integrar sus estructuras operativas, renovaci\u00f3n de sus comit\u00e9s municipales y en sus procesos de afiliaci\u00f3n, sin embargo, lo cierto es que hay un ambiente de incertidumbre electoral, esto es, los que ayer apoyaban a [&hellip;]","og_url":"https:\/\/lospoliticosveracruz.com\/?p=104575","og_site_name":"Los pol\u00edticos Veracruz","article_publisher":"https:\/\/www.facebook.com\/people\/Notimemes-de-los-Polticos\/61565672886568\/","article_published_time":"2023-04-05T18:49:39+00:00","article_modified_time":"2023-04-05T18:49:42+00:00","og_image":[{"width":200,"height":200,"url":"https:\/\/lospoliticosveracruz.com\/wp-content\/uploads\/2016\/07\/Logo-Dor.jpg","type":"image\/jpeg"}],"author":"Lo viste en Los Pol\u00edticos","twitter_card":"summary_large_image","twitter_creator":"@LosPoliticosVer","twitter_site":"@LosPoliticosVer","twitter_misc":{"Escrito por":"Lo viste en Los Pol\u00edticos","Tiempo de lectura":"5 minutos"},"schema":{"@context":"https:\/\/schema.org","@graph":[{"@type":"Article","@id":"https:\/\/lospoliticosveracruz.com\/?p=104575#article","isPartOf":{"@id":"https:\/\/lospoliticosveracruz.com\/?p=104575"},"author":{"name":"Lo viste en Los Pol\u00edticos","@id":"https:\/\/lospoliticosveracruz.com\/#\/schema\/person\/b8702bb0e538456e6efd07080bf2a4a2"},"headline":"\u00bfQU\u00c9 OFRECE LA OPOSICI\u00d3N PARA VERACRUZ?","datePublished":"2023-04-05T18:49:39+00:00","dateModified":"2023-04-05T18:49:42+00:00","mainEntityOfPage":{"@id":"https:\/\/lospoliticosveracruz.com\/?p=104575"},"wordCount":935,"publisher":{"@id":"https:\/\/lospoliticosveracruz.com\/#organization"},"keywords":["Cirilo V\u00e1zquez Parissi","Jos\u00e9 Manuel Diez Franco","Julen Rementer\u00eda","Vicente Luna Hern\u00e1ndez"],"articleSection":["De Opini\u00f3n"],"inLanguage":"es"},{"@type":"WebPage","@id":"https:\/\/lospoliticosveracruz.com\/?p=104575","url":"https:\/\/lospoliticosveracruz.com\/?p=104575","name":"\u00bfQU\u00c9 OFRECE LA OPOSICI\u00d3N PARA VERACRUZ? - Los pol\u00edticos Veracruz","isPartOf":{"@id":"https:\/\/lospoliticosveracruz.com\/#website"},"datePublished":"2023-04-05T18:49:39+00:00","dateModified":"2023-04-05T18:49:42+00:00","breadcrumb":{"@id":"https:\/\/lospoliticosveracruz.com\/?p=104575#breadcrumb"},"inLanguage":"es","potentialAction":[{"@type":"ReadAction","target":["https:\/\/lospoliticosveracruz.com\/?p=104575"]}]},{"@type":"BreadcrumbList","@id":"https:\/\/lospoliticosveracruz.com\/?p=104575#breadcrumb","itemListElement":[{"@type":"ListItem","position":1,"name":"Portada","item":"https:\/\/lospoliticosveracruz.com\/"},{"@type":"ListItem","position":2,"name":"\u00bfQU\u00c9 OFRECE LA OPOSICI\u00d3N PARA VERACRUZ?"}]},{"@type":"WebSite","@id":"https:\/\/lospoliticosveracruz.com\/#website","url":"https:\/\/lospoliticosveracruz.com\/","name":"Los pol\u00edticos Veracruz","description":"","publisher":{"@id":"https:\/\/lospoliticosveracruz.com\/#organization"},"potentialAction":[{"@type":"SearchAction","target":{"@type":"EntryPoint","urlTemplate":"https:\/\/lospoliticosveracruz.com\/?s={search_term_string}"},"query-input":{"@type":"PropertyValueSpecification","valueRequired":true,"valueName":"search_term_string"}}],"inLanguage":"es"},{"@type":"Organization","@id":"https:\/\/lospoliticosveracruz.com\/#organization","name":"Los pol\u00edticos Veracruz","url":"https:\/\/lospoliticosveracruz.com\/","logo":{"@type":"ImageObject","inLanguage":"es","@id":"https:\/\/lospoliticosveracruz.com\/#\/schema\/logo\/image\/","url":"https:\/\/lospoliticosveracruz.com\/wp-content\/uploads\/2025\/12\/Logo-Nuevo-LOS-POLITICOS-1.jpg","contentUrl":"https:\/\/lospoliticosveracruz.com\/wp-content\/uploads\/2025\/12\/Logo-Nuevo-LOS-POLITICOS-1.jpg","width":260,"height":70,"caption":"Los pol\u00edticos Veracruz"},"image":{"@id":"https:\/\/lospoliticosveracruz.com\/#\/schema\/logo\/image\/"},"sameAs":["https:\/\/www.facebook.com\/people\/Notimemes-de-los-Polticos\/61565672886568\/","https:\/\/x.com\/LosPoliticosVer"]},{"@type":"Person","@id":"https:\/\/lospoliticosveracruz.com\/#\/schema\/person\/b8702bb0e538456e6efd07080bf2a4a2","name":"Lo viste en Los Pol\u00edticos","image":{"@type":"ImageObject","inLanguage":"es","@id":"https:\/\/secure.gravatar.com\/avatar\/3a8de04a2656d44082be478bd6c086daa447c4651605818287b9532d3d0bd435?s=96&d=mm&r=g","url":"https:\/\/secure.gravatar.com\/avatar\/3a8de04a2656d44082be478bd6c086daa447c4651605818287b9532d3d0bd435?s=96&d=mm&r=g","contentUrl":"https:\/\/secure.gravatar.com\/avatar\/3a8de04a2656d44082be478bd6c086daa447c4651605818287b9532d3d0bd435?s=96&d=mm&r=g","caption":"Lo viste en Los Pol\u00edticos"},"url":"https:\/\/lospoliticosveracruz.com\/?author=2"}]}},"_links":{"self":[{"href":"https:\/\/lospoliticosveracruz.com\/index.php?rest_route=\/wp\/v2\/posts\/104575","targetHints":{"allow":["GET"]}}],"collection":[{"href":"https:\/\/lospoliticosveracruz.com\/index.php?rest_route=\/wp\/v2\/posts"}],"about":[{"href":"https:\/\/lospoliticosveracruz.com\/index.php?rest_route=\/wp\/v2\/types\/post"}],"author":[{"embeddable":true,"href":"https:\/\/lospoliticosveracruz.com\/index.php?rest_route=\/wp\/v2\/users\/2"}],"replies":[{"embeddable":true,"href":"https:\/\/lospoliticosveracruz.com\/index.php?rest_route=%2Fwp%2Fv2%2Fcomments&post=104575"}],"version-history":[{"count":1,"href":"https:\/\/lospoliticosveracruz.com\/index.php?rest_route=\/wp\/v2\/posts\/104575\/revisions"}],"predecessor-version":[{"id":104576,"href":"https:\/\/lospoliticosveracruz.com\/index.php?rest_route=\/wp\/v2\/posts\/104575\/revisions\/104576"}],"wp:attachment":[{"href":"https:\/\/lospoliticosveracruz.com\/index.php?rest_route=%2Fwp%2Fv2%2Fmedia&parent=104575"}],"wp:term":[{"taxonomy":"category","embeddable":true,"href":"https:\/\/lospoliticosveracruz.com\/index.php?rest_route=%2Fwp%2Fv2%2Fcategories&post=104575"},{"taxonomy":"post_tag","embeddable":true,"href":"https:\/\/lospoliticosveracruz.com\/index.php?rest_route=%2Fwp%2Fv2%2Ftags&post=104575"}],"curies":[{"name":"wp","href":"https:\/\/api.w.org\/{rel}","templated":true}]}}