{"id":104593,"date":"2023-04-06T08:58:51","date_gmt":"2023-04-06T13:58:51","guid":{"rendered":"https:\/\/lospoliticosveracruz.com.mx\/?p=104593"},"modified":"2023-04-06T08:58:56","modified_gmt":"2023-04-06T13:58:56","slug":"la-rebelion-de-los-partidos-chicos","status":"publish","type":"post","link":"https:\/\/lospoliticosveracruz.com\/?p=104593","title":{"rendered":"LA REBELI\u00d3N DE LOS PARTIDOS CHICOS"},"content":{"rendered":"\n<p><strong>Ricardo Chua<\/strong><\/p>\n\n\n\n<p><em>Sale y Vale<\/em><\/p>\n\n\n\n<p>VERACRUZ Y EL 2024, LA REBELI\u00d3N DE LOS PARTIDOS CHICOS.. Vaya estrategia de los organismos pol\u00edticos en Veracruz, que apenas alcanzaron el 3 por ciento de la votaci\u00f3n total en 2021 para lograr el registro como partido local y algunos que no lo lograron alcanzar, pero que tiene diversos grupos de simpatizantes que los apoyan en varias partes de la entidad.. Y la intenci\u00f3n que tienen, al unirse todos bajo un s\u00f3lo proyecto pol\u00edtico, es alcanzar los 350 mil votos para el 2024&#8230; Que representar\u00eda el 10 por ciento de la votaci\u00f3n total en Veracruz&#8230;.<\/p>\n\n\n\n<p>Qu\u00e9 significa esto, sencillo, que sean el \u00abFiel de la Balanza\u00bb en Veracruz para la elecci\u00f3n a gobernador en 2024&#8230; Para donde \u00abjale\u00bb esta coalici\u00f3n de partidos chicos y los organismos sin registros&#8230; Ya sea con la alianza opositora PRI-PAN-PRD o la de MORENA-PVEM-PT, es la que ganar\u00eda sin problema la elecci\u00f3n estatal el pr\u00f3ximo a\u00f1o&#8230; Y con los votos sumados por estos partidos \u00abchicos\u00bb o sin registro, el resultado no podr\u00eda ser impugnado por la diferencia de ese 10 por ciento&#8230; Y esta elecci\u00f3n se resolver\u00eda en las urnas, no en tribunales&#8230;<\/p>\n\n\n\n<p>Seg\u00fan nos cuenta \u00abGarganta Profunda\u00bb&#8230; Que este es un bloque que se configur\u00f3 desde los grupos nacionales que est\u00e1n detr\u00e1s de este movimiento&#8230; Y as\u00ed se ha ido en \u00abcascada\u00bb en los estados del pa\u00eds, donde habr\u00e1 elecciones para gobernador en 2024&#8230; Aqu\u00ed en Veracruz, esta \u00abasociaci\u00f3n\u00bb la encabeza y trabaja el l\u00edder del Fuerza Por M\u00e9xico, Eduardo Vega Yunes y est\u00e1n \u00abjalando\u00bb organismos como del Partido Encuentro Social, con Gonzalo Guisa Valladares y Redes Sociales Progresistas, con Antonio Lagunes&#8230;&nbsp;&nbsp;<\/p>\n\n\n\n<p>Ya se sabe que esos organismos perdieron el registro nacional&#8230; Pero ahora juntos (PES, RSP y FxM) tienen registros estatales en 25 entidades del pa\u00eds&#8230; Es decir, lograron cobertura con esos mismos.. Por eso, al menos, en lo que toca en Veracruz&#8230; El registro lo tiene Fuerza Por M\u00e9xico y juntos esos partidos alcanzan 250 mil votos.. Y su idea es obtener 100 mil m\u00e1s para 2024&#8230; Lo que podr\u00eda definir el triunfo o derrota de la gubernatura de una alianza u otra&#8230; Esos 250 mil votos es la diferencia hist\u00f3rica que ha habido entre el primero y segundo lugar..<\/p>\n\n\n\n<p>Nos cuentan, que esto se debe a que seg\u00fan sus c\u00e1lculos el proceso electoral del 2024 en Veracruz tendr\u00e1 un resultado que ser\u00e1 muy cerrado&#8230; Por eso, ahora con esos 250 mil votos en su poder de estos 3 organismos pol\u00edticos&#8230; El que sean parte de una de las dos alianzas visibles en la entidad&#8230; Les resulta muy atractiva.. Y el m\u00e1s claro ejemplo es lo que sucede en el Estado de M\u00e9xico, donde la diferencia entre una y otra candidata es del 7 por ciento&#8230; Aqu\u00ed en Veracruz estos \u00abpartidos chicos\u00bb tendr\u00e1n en su manos el 10 por ciento&#8230; ABUSAOS&#8230;<\/p>\n\n\n\n<p>Es m\u00e1s, con esos n\u00fameros, les podr\u00eda dar incluso para acuerdos nacionales con la o el candidato Presidencial de cualquiera de las dos alianzas&#8230; Ya que esas negociaciones est\u00e1n m\u00e1s que abiertas&#8230; El poder es el poder&#8230; Y si en Veracruz andan hoy con el 10 por ciento.. Esta situaci\u00f3n resulta atractiva electoralmente para cualquiera&#8230; Se han logrado, al menos, 25 mil afiliados de pura estructura en 45 d\u00edas, que iniciaron este proceso.. Lo cual es un gran par\u00e1metro&#8230; Y si el 1 por ciento es entre 30 a 35 mil votos&#8230; Ah\u00ed est\u00e1 lo atractivo..&nbsp;&nbsp;<\/p>\n\n\n\n<p>Cuentan que al menos Fuerza por M\u00e9xico, PES y RSP en Veracruz tienen al menos 140 comit\u00e9s municipales y 400 comit\u00e9s seccionales&#8230; Eso les dio en 45 d\u00edas 25 mil afiliados.. Pero la base de esta situaci\u00f3n, que les hace creer que pueden ser \u00abfieles de la balanza\u00bb, se basa principalmente en la estructura de los comit\u00e9s municipales y seccionales que se tienen.. As\u00ed como el tiempo tan corto de la Afiliaci\u00f3n&#8230; El tema ser\u00e1 saber si les alcanza el n\u00famero de votos que desean tener en 2024: 350 mil votantes..&nbsp;<\/p>\n\n\n\n<p>Nos advierte \u00abGarganta Profunda\u00bb que en estos 3 organismos pol\u00edticos est\u00e1n seguros&#8230; Que con la estrategia que traen del bloque&#8230; M\u00e1s las sumas que se vienen dando de las estructuras de los partidos locales como \u00abPodemos\u00bb, \u00abUnidad Ciudadana\u00bb y \u00abTodos por Veracruz\u00bb&#8230; Pueden superar los 400 mil votos.. Ya que su argumento es que los partidos de nueva creaci\u00f3n, todos nacionales y locales (7 partidos nuevos), obtuvieron m\u00e1s de 500 mil votos en el 2021..&nbsp;<\/p>\n\n\n\n<p>Si bien es cierto a esto en pol\u00edtica se le conoce como \u00abmatem\u00e1ticas de papel\u00bb&#8230;. Son n\u00fameros y an\u00e1lisis estad\u00edsticos en base a resultados.. Pero que est\u00e1 suma se puede alcanzar por c\u00f3mo se iniciaron esos resultados&#8230; Ya que conocen a los actores pol\u00edticos que est\u00e1n en todo el Estado, que con su operaci\u00f3n o resultado lograron sumar los votos para lograr esa cantidad, antes comentada&#8230; Y eso ser\u00e1 factor de decisi\u00f3n en Veracruz&#8230;&nbsp;<\/p>\n\n\n\n<p>Tambi\u00e9n nos comentan que esta alianza de organismos pol\u00edticos \u00abchicos\u00bb.. Les ha llevado todo el a\u00f1o hacerla y la siguen construy\u00e9ndose&#8230; Parec\u00eda m\u00e1s sencillo, pero ha sido mucho trabajo de convencimiento y m\u00e1s en un a\u00f1o no electoral&#8230; Donde el fervor no est\u00e1 desbordado, al contrario, existe apat\u00eda de participaci\u00f3n pol\u00edtica.. Se puede decir que se quiere formar una corriente pol\u00edtica nueva, que tenga fuerza, estructura y crecimiento.. Con la que se identifiquen j\u00f3venes y mujeres para que participen.. \u00bfSUE\u00d1O \u00abGUAJIRO\u00bb O REALIDAD?&#8230; AMEN<\/p>\n","protected":false},"excerpt":{"rendered":"<p>Ricardo Chua Sale y Vale VERACRUZ Y EL 2024, LA REBELI\u00d3N DE LOS PARTIDOS CHICOS.. Vaya estrategia de los organismos pol\u00edticos en Veracruz, que apenas alcanzaron el 3 por ciento de la votaci\u00f3n total en 2021 para lograr el registro como partido local y algunos que no lo lograron alcanzar, pero que tiene diversos grupos [&hellip;]<\/p>\n","protected":false},"author":2,"featured_media":0,"comment_status":"closed","ping_status":"closed","sticky":false,"template":"","format":"standard","meta":{"tdm_status":"","tdm_grid_status":"","footnotes":""},"categories":[70],"tags":[13604,25667],"class_list":{"0":"post-104593","1":"post","2":"type-post","3":"status-publish","4":"format-standard","6":"category-de-opinion","7":"tag-ricardo-chua","8":"tag-tato-vega"},"yoast_head":"<!-- This site is optimized with the Yoast SEO plugin v27.4 - https:\/\/yoast.com\/product\/yoast-seo-wordpress\/ -->\n<title>LA REBELI\u00d3N DE LOS PARTIDOS CHICOS - Los pol\u00edticos Veracruz<\/title>\n<meta name=\"robots\" content=\"index, follow, max-snippet:-1, max-image-preview:large, max-video-preview:-1\" \/>\n<link rel=\"canonical\" href=\"https:\/\/lospoliticosveracruz.com\/?p=104593\" \/>\n<meta property=\"og:locale\" content=\"es_ES\" \/>\n<meta property=\"og:type\" content=\"article\" \/>\n<meta property=\"og:title\" content=\"LA REBELI\u00d3N DE LOS PARTIDOS CHICOS - Los pol\u00edticos Veracruz\" \/>\n<meta property=\"og:description\" content=\"Ricardo Chua Sale y Vale VERACRUZ Y EL 2024, LA REBELI\u00d3N DE LOS PARTIDOS CHICOS.. Vaya estrategia de los organismos pol\u00edticos en Veracruz, que apenas alcanzaron el 3 por ciento de la votaci\u00f3n total en 2021 para lograr el registro como partido local y algunos que no lo lograron alcanzar, pero que tiene diversos grupos [&hellip;]\" \/>\n<meta property=\"og:url\" content=\"https:\/\/lospoliticosveracruz.com\/?p=104593\" \/>\n<meta property=\"og:site_name\" content=\"Los pol\u00edticos Veracruz\" \/>\n<meta property=\"article:publisher\" content=\"https:\/\/www.facebook.com\/people\/Notimemes-de-los-Polticos\/61565672886568\/\" \/>\n<meta property=\"article:published_time\" content=\"2023-04-06T13:58:51+00:00\" \/>\n<meta property=\"article:modified_time\" content=\"2023-04-06T13:58:56+00:00\" \/>\n<meta property=\"og:image\" content=\"https:\/\/lospoliticosveracruz.com\/wp-content\/uploads\/2016\/07\/Logo-Dor.jpg\" \/>\n\t<meta property=\"og:image:width\" content=\"200\" \/>\n\t<meta property=\"og:image:height\" content=\"200\" \/>\n\t<meta property=\"og:image:type\" content=\"image\/jpeg\" \/>\n<meta name=\"author\" content=\"Lo viste en Los Pol\u00edticos\" \/>\n<meta name=\"twitter:card\" content=\"summary_large_image\" \/>\n<meta name=\"twitter:creator\" content=\"@LosPoliticosVer\" \/>\n<meta name=\"twitter:site\" content=\"@LosPoliticosVer\" \/>\n<meta name=\"twitter:label1\" content=\"Escrito por\" \/>\n\t<meta name=\"twitter:data1\" content=\"Lo viste en Los Pol\u00edticos\" \/>\n\t<meta name=\"twitter:label2\" content=\"Tiempo de lectura\" \/>\n\t<meta name=\"twitter:data2\" content=\"5 minutos\" \/>\n<script type=\"application\/ld+json\" class=\"yoast-schema-graph\">{\"@context\":\"https:\\\/\\\/schema.org\",\"@graph\":[{\"@type\":\"Article\",\"@id\":\"https:\\\/\\\/lospoliticosveracruz.com\\\/?p=104593#article\",\"isPartOf\":{\"@id\":\"https:\\\/\\\/lospoliticosveracruz.com\\\/?p=104593\"},\"author\":{\"name\":\"Lo viste en Los Pol\u00edticos\",\"@id\":\"https:\\\/\\\/lospoliticosveracruz.com\\\/#\\\/schema\\\/person\\\/b8702bb0e538456e6efd07080bf2a4a2\"},\"headline\":\"LA REBELI\u00d3N DE LOS PARTIDOS CHICOS\",\"datePublished\":\"2023-04-06T13:58:51+00:00\",\"dateModified\":\"2023-04-06T13:58:56+00:00\",\"mainEntityOfPage\":{\"@id\":\"https:\\\/\\\/lospoliticosveracruz.com\\\/?p=104593\"},\"wordCount\":953,\"publisher\":{\"@id\":\"https:\\\/\\\/lospoliticosveracruz.com\\\/#organization\"},\"keywords\":[\"Ricardo Ch\u00faa\",\"Tato Vega\"],\"articleSection\":[\"De Opini\u00f3n\"],\"inLanguage\":\"es\"},{\"@type\":\"WebPage\",\"@id\":\"https:\\\/\\\/lospoliticosveracruz.com\\\/?p=104593\",\"url\":\"https:\\\/\\\/lospoliticosveracruz.com\\\/?p=104593\",\"name\":\"LA REBELI\u00d3N DE LOS PARTIDOS CHICOS - Los pol\u00edticos Veracruz\",\"isPartOf\":{\"@id\":\"https:\\\/\\\/lospoliticosveracruz.com\\\/#website\"},\"datePublished\":\"2023-04-06T13:58:51+00:00\",\"dateModified\":\"2023-04-06T13:58:56+00:00\",\"breadcrumb\":{\"@id\":\"https:\\\/\\\/lospoliticosveracruz.com\\\/?p=104593#breadcrumb\"},\"inLanguage\":\"es\",\"potentialAction\":[{\"@type\":\"ReadAction\",\"target\":[\"https:\\\/\\\/lospoliticosveracruz.com\\\/?p=104593\"]}]},{\"@type\":\"BreadcrumbList\",\"@id\":\"https:\\\/\\\/lospoliticosveracruz.com\\\/?p=104593#breadcrumb\",\"itemListElement\":[{\"@type\":\"ListItem\",\"position\":1,\"name\":\"Portada\",\"item\":\"https:\\\/\\\/lospoliticosveracruz.com\\\/\"},{\"@type\":\"ListItem\",\"position\":2,\"name\":\"LA REBELI\u00d3N DE LOS PARTIDOS CHICOS\"}]},{\"@type\":\"WebSite\",\"@id\":\"https:\\\/\\\/lospoliticosveracruz.com\\\/#website\",\"url\":\"https:\\\/\\\/lospoliticosveracruz.com\\\/\",\"name\":\"Los pol\u00edticos Veracruz\",\"description\":\"\",\"publisher\":{\"@id\":\"https:\\\/\\\/lospoliticosveracruz.com\\\/#organization\"},\"potentialAction\":[{\"@type\":\"SearchAction\",\"target\":{\"@type\":\"EntryPoint\",\"urlTemplate\":\"https:\\\/\\\/lospoliticosveracruz.com\\\/?s={search_term_string}\"},\"query-input\":{\"@type\":\"PropertyValueSpecification\",\"valueRequired\":true,\"valueName\":\"search_term_string\"}}],\"inLanguage\":\"es\"},{\"@type\":\"Organization\",\"@id\":\"https:\\\/\\\/lospoliticosveracruz.com\\\/#organization\",\"name\":\"Los pol\u00edticos Veracruz\",\"url\":\"https:\\\/\\\/lospoliticosveracruz.com\\\/\",\"logo\":{\"@type\":\"ImageObject\",\"inLanguage\":\"es\",\"@id\":\"https:\\\/\\\/lospoliticosveracruz.com\\\/#\\\/schema\\\/logo\\\/image\\\/\",\"url\":\"https:\\\/\\\/lospoliticosveracruz.com\\\/wp-content\\\/uploads\\\/2025\\\/12\\\/Logo-Nuevo-LOS-POLITICOS-1.jpg\",\"contentUrl\":\"https:\\\/\\\/lospoliticosveracruz.com\\\/wp-content\\\/uploads\\\/2025\\\/12\\\/Logo-Nuevo-LOS-POLITICOS-1.jpg\",\"width\":260,\"height\":70,\"caption\":\"Los pol\u00edticos Veracruz\"},\"image\":{\"@id\":\"https:\\\/\\\/lospoliticosveracruz.com\\\/#\\\/schema\\\/logo\\\/image\\\/\"},\"sameAs\":[\"https:\\\/\\\/www.facebook.com\\\/people\\\/Notimemes-de-los-Polticos\\\/61565672886568\\\/\",\"https:\\\/\\\/x.com\\\/LosPoliticosVer\"]},{\"@type\":\"Person\",\"@id\":\"https:\\\/\\\/lospoliticosveracruz.com\\\/#\\\/schema\\\/person\\\/b8702bb0e538456e6efd07080bf2a4a2\",\"name\":\"Lo viste en Los Pol\u00edticos\",\"image\":{\"@type\":\"ImageObject\",\"inLanguage\":\"es\",\"@id\":\"https:\\\/\\\/secure.gravatar.com\\\/avatar\\\/3a8de04a2656d44082be478bd6c086daa447c4651605818287b9532d3d0bd435?s=96&d=mm&r=g\",\"url\":\"https:\\\/\\\/secure.gravatar.com\\\/avatar\\\/3a8de04a2656d44082be478bd6c086daa447c4651605818287b9532d3d0bd435?s=96&d=mm&r=g\",\"contentUrl\":\"https:\\\/\\\/secure.gravatar.com\\\/avatar\\\/3a8de04a2656d44082be478bd6c086daa447c4651605818287b9532d3d0bd435?s=96&d=mm&r=g\",\"caption\":\"Lo viste en Los Pol\u00edticos\"},\"url\":\"https:\\\/\\\/lospoliticosveracruz.com\\\/?author=2\"}]}<\/script>\n<!-- \/ Yoast SEO plugin. -->","yoast_head_json":{"title":"LA REBELI\u00d3N DE LOS PARTIDOS CHICOS - Los pol\u00edticos Veracruz","robots":{"index":"index","follow":"follow","max-snippet":"max-snippet:-1","max-image-preview":"max-image-preview:large","max-video-preview":"max-video-preview:-1"},"canonical":"https:\/\/lospoliticosveracruz.com\/?p=104593","og_locale":"es_ES","og_type":"article","og_title":"LA REBELI\u00d3N DE LOS PARTIDOS CHICOS - Los pol\u00edticos Veracruz","og_description":"Ricardo Chua Sale y Vale VERACRUZ Y EL 2024, LA REBELI\u00d3N DE LOS PARTIDOS CHICOS.. Vaya estrategia de los organismos pol\u00edticos en Veracruz, que apenas alcanzaron el 3 por ciento de la votaci\u00f3n total en 2021 para lograr el registro como partido local y algunos que no lo lograron alcanzar, pero que tiene diversos grupos [&hellip;]","og_url":"https:\/\/lospoliticosveracruz.com\/?p=104593","og_site_name":"Los pol\u00edticos Veracruz","article_publisher":"https:\/\/www.facebook.com\/people\/Notimemes-de-los-Polticos\/61565672886568\/","article_published_time":"2023-04-06T13:58:51+00:00","article_modified_time":"2023-04-06T13:58:56+00:00","og_image":[{"width":200,"height":200,"url":"https:\/\/lospoliticosveracruz.com\/wp-content\/uploads\/2016\/07\/Logo-Dor.jpg","type":"image\/jpeg"}],"author":"Lo viste en Los Pol\u00edticos","twitter_card":"summary_large_image","twitter_creator":"@LosPoliticosVer","twitter_site":"@LosPoliticosVer","twitter_misc":{"Escrito por":"Lo viste en Los Pol\u00edticos","Tiempo de lectura":"5 minutos"},"schema":{"@context":"https:\/\/schema.org","@graph":[{"@type":"Article","@id":"https:\/\/lospoliticosveracruz.com\/?p=104593#article","isPartOf":{"@id":"https:\/\/lospoliticosveracruz.com\/?p=104593"},"author":{"name":"Lo viste en Los Pol\u00edticos","@id":"https:\/\/lospoliticosveracruz.com\/#\/schema\/person\/b8702bb0e538456e6efd07080bf2a4a2"},"headline":"LA REBELI\u00d3N DE LOS PARTIDOS CHICOS","datePublished":"2023-04-06T13:58:51+00:00","dateModified":"2023-04-06T13:58:56+00:00","mainEntityOfPage":{"@id":"https:\/\/lospoliticosveracruz.com\/?p=104593"},"wordCount":953,"publisher":{"@id":"https:\/\/lospoliticosveracruz.com\/#organization"},"keywords":["Ricardo Ch\u00faa","Tato Vega"],"articleSection":["De Opini\u00f3n"],"inLanguage":"es"},{"@type":"WebPage","@id":"https:\/\/lospoliticosveracruz.com\/?p=104593","url":"https:\/\/lospoliticosveracruz.com\/?p=104593","name":"LA REBELI\u00d3N DE LOS PARTIDOS CHICOS - Los pol\u00edticos Veracruz","isPartOf":{"@id":"https:\/\/lospoliticosveracruz.com\/#website"},"datePublished":"2023-04-06T13:58:51+00:00","dateModified":"2023-04-06T13:58:56+00:00","breadcrumb":{"@id":"https:\/\/lospoliticosveracruz.com\/?p=104593#breadcrumb"},"inLanguage":"es","potentialAction":[{"@type":"ReadAction","target":["https:\/\/lospoliticosveracruz.com\/?p=104593"]}]},{"@type":"BreadcrumbList","@id":"https:\/\/lospoliticosveracruz.com\/?p=104593#breadcrumb","itemListElement":[{"@type":"ListItem","position":1,"name":"Portada","item":"https:\/\/lospoliticosveracruz.com\/"},{"@type":"ListItem","position":2,"name":"LA REBELI\u00d3N DE LOS PARTIDOS CHICOS"}]},{"@type":"WebSite","@id":"https:\/\/lospoliticosveracruz.com\/#website","url":"https:\/\/lospoliticosveracruz.com\/","name":"Los pol\u00edticos Veracruz","description":"","publisher":{"@id":"https:\/\/lospoliticosveracruz.com\/#organization"},"potentialAction":[{"@type":"SearchAction","target":{"@type":"EntryPoint","urlTemplate":"https:\/\/lospoliticosveracruz.com\/?s={search_term_string}"},"query-input":{"@type":"PropertyValueSpecification","valueRequired":true,"valueName":"search_term_string"}}],"inLanguage":"es"},{"@type":"Organization","@id":"https:\/\/lospoliticosveracruz.com\/#organization","name":"Los pol\u00edticos Veracruz","url":"https:\/\/lospoliticosveracruz.com\/","logo":{"@type":"ImageObject","inLanguage":"es","@id":"https:\/\/lospoliticosveracruz.com\/#\/schema\/logo\/image\/","url":"https:\/\/lospoliticosveracruz.com\/wp-content\/uploads\/2025\/12\/Logo-Nuevo-LOS-POLITICOS-1.jpg","contentUrl":"https:\/\/lospoliticosveracruz.com\/wp-content\/uploads\/2025\/12\/Logo-Nuevo-LOS-POLITICOS-1.jpg","width":260,"height":70,"caption":"Los pol\u00edticos Veracruz"},"image":{"@id":"https:\/\/lospoliticosveracruz.com\/#\/schema\/logo\/image\/"},"sameAs":["https:\/\/www.facebook.com\/people\/Notimemes-de-los-Polticos\/61565672886568\/","https:\/\/x.com\/LosPoliticosVer"]},{"@type":"Person","@id":"https:\/\/lospoliticosveracruz.com\/#\/schema\/person\/b8702bb0e538456e6efd07080bf2a4a2","name":"Lo viste en Los Pol\u00edticos","image":{"@type":"ImageObject","inLanguage":"es","@id":"https:\/\/secure.gravatar.com\/avatar\/3a8de04a2656d44082be478bd6c086daa447c4651605818287b9532d3d0bd435?s=96&d=mm&r=g","url":"https:\/\/secure.gravatar.com\/avatar\/3a8de04a2656d44082be478bd6c086daa447c4651605818287b9532d3d0bd435?s=96&d=mm&r=g","contentUrl":"https:\/\/secure.gravatar.com\/avatar\/3a8de04a2656d44082be478bd6c086daa447c4651605818287b9532d3d0bd435?s=96&d=mm&r=g","caption":"Lo viste en Los Pol\u00edticos"},"url":"https:\/\/lospoliticosveracruz.com\/?author=2"}]}},"_links":{"self":[{"href":"https:\/\/lospoliticosveracruz.com\/index.php?rest_route=\/wp\/v2\/posts\/104593","targetHints":{"allow":["GET"]}}],"collection":[{"href":"https:\/\/lospoliticosveracruz.com\/index.php?rest_route=\/wp\/v2\/posts"}],"about":[{"href":"https:\/\/lospoliticosveracruz.com\/index.php?rest_route=\/wp\/v2\/types\/post"}],"author":[{"embeddable":true,"href":"https:\/\/lospoliticosveracruz.com\/index.php?rest_route=\/wp\/v2\/users\/2"}],"replies":[{"embeddable":true,"href":"https:\/\/lospoliticosveracruz.com\/index.php?rest_route=%2Fwp%2Fv2%2Fcomments&post=104593"}],"version-history":[{"count":1,"href":"https:\/\/lospoliticosveracruz.com\/index.php?rest_route=\/wp\/v2\/posts\/104593\/revisions"}],"predecessor-version":[{"id":104595,"href":"https:\/\/lospoliticosveracruz.com\/index.php?rest_route=\/wp\/v2\/posts\/104593\/revisions\/104595"}],"wp:attachment":[{"href":"https:\/\/lospoliticosveracruz.com\/index.php?rest_route=%2Fwp%2Fv2%2Fmedia&parent=104593"}],"wp:term":[{"taxonomy":"category","embeddable":true,"href":"https:\/\/lospoliticosveracruz.com\/index.php?rest_route=%2Fwp%2Fv2%2Fcategories&post=104593"},{"taxonomy":"post_tag","embeddable":true,"href":"https:\/\/lospoliticosveracruz.com\/index.php?rest_route=%2Fwp%2Fv2%2Ftags&post=104593"}],"curies":[{"name":"wp","href":"https:\/\/api.w.org\/{rel}","templated":true}]}}