{"id":104704,"date":"2023-04-11T08:51:11","date_gmt":"2023-04-11T13:51:11","guid":{"rendered":"https:\/\/lospoliticosveracruz.com.mx\/?p=104704"},"modified":"2023-04-11T08:51:15","modified_gmt":"2023-04-11T13:51:15","slug":"cuitlahuac-la-caida-sigue","status":"publish","type":"post","link":"https:\/\/lospoliticosveracruz.com\/?p=104704","title":{"rendered":"CUITL\u00c1HUAC, LA CA\u00cdDA SIGUE"},"content":{"rendered":"\n<p><\/p>\n\n\n\n<p><strong>Ricardo Chua<br><\/strong><em>Sale y Vale<\/em><\/p>\n\n\n\n<p><em><br><\/em>\u00abLAS CORCHOLATAS\u00bb EN VERACRUZ\u2026 \u00abNo hay que hacerse bolas\u00bb con la visita de los 4 Presidenciales de MORENA o \u00abcorcholatas\u00bb como las llama Andr\u00e9s Manuel L\u00f3pez Obrador\u2026 Los cuatro: Ad\u00e1n Augusto L\u00f3pez Hern\u00e1ndez, Claudia Sheinbaum, Marcelo Ebrard y Ricardo Monreal, vendr\u00e1n a Veracruz a \u00abmostrar m\u00fasculo\u00bb.. Hacer el \u00abshow\u00bb pol\u00edtico y medi\u00e1tico para ver a qui\u00e9n le gritan o en donde se oye m\u00e1s vivas o \u00abPresidente, Presidente, Presidente\u00bb\u2026 Pero eso no significa que mientras m\u00e1s griten, sea m\u00e1s la posibilidad de ser nominado candidato\u2026<\/p>\n\n\n\n<figure class=\"wp-block-embed is-type-video is-provider-youtube wp-block-embed-youtube wp-embed-aspect-16-9 wp-has-aspect-ratio\"><div class=\"wp-block-embed__wrapper\">\n<iframe loading=\"lazy\" title=\"Cluster Coworking\" width=\"696\" height=\"392\" src=\"https:\/\/www.youtube.com\/embed\/Nxe-vxf8GuY?feature=oembed\" frameborder=\"0\" allow=\"accelerometer; autoplay; clipboard-write; encrypted-media; gyroscope; picture-in-picture; web-share\" referrerpolicy=\"strict-origin-when-cross-origin\" allowfullscreen><\/iframe>\n<\/div><\/figure>\n\n\n\n<p>Pero en pocas palabras.. En ese \u00abgriter\u00edo\u00bb Claudia Sheinbaum puede llevar \u00abventaja\u00bb a todos porque le operar\u00e1 todo el equipo de Cuitl\u00e1huac Garc\u00eda y Eric Cisneros para que la \u00abborregada\u00bb de MORENA que vaya al acto de la Jefa de Gobierno de CDMX sea un mayor a la de los otros tres\u2026 Ser\u00e1 una operaci\u00f3n de estado, al estilo del \u00abviejo\u00bb r\u00e9gimen\u2026 Pero el que se puede llevar la \u00abmejor tajada de pastel\u00bb ser\u00eda Ad\u00e1n Augusto L\u00f3pez\u2026 Es el \u00fanico con el poder para voltear las \u00abhuestes\u00bb de MORENA a su favor\u2026 Por encima de Cuitl\u00e1huac y Patrocinio..<\/p>\n\n\n\n<p>Los dos inquilinos del Palacio de Gobierno de Xalapa\u2026 Estar\u00e1n m\u00e1s que atentos del MENSAJE de Ad\u00e1n en Minatitl\u00e1n, Acayucan y Carlos A Carrillo\u2026 Ya que este mismo puede ser muy diferente que dio en Veracruz puerto y Boca del R\u00edo, la vez pasada cuando se reuni\u00f3 con los del PVEM\u2026 Ese MENSAJE de Ad\u00e1n puede definir el futuro de Cuitl\u00e1huac Garc\u00eda, Patrocinio y de otros personajes de su administraci\u00f3n\u2026 El gobernador no podr\u00e1 voltear la cabeza para otro lado, si alguien cercano a \u00e9l de su gabinete hace algo\u2026 TRAEN CHECADOS A TODOS\u2026<\/p>\n\n\n\n<p>Mientras que el \u00abshow\u00bb medi\u00e1tico y pol\u00edtico\u2026 Se la pueden llevar Monreal y Ebrad.. Los dos saben que vienen a \u00abtierra de nadie\u00bb.. Donde el ala de MORENA dominada por Palacio de Gobierno, los ven mal con \u00abmalos ojos\u00bb\u2026 Marcelo recuerda cuando fue \u00abrechazado\u00bb por miembros del gabinete estatal para operar su precampa\u00f1a\u2026 Pero se acuerda cuando \u00abayud\u00f3\u00bb a varios de los mismos a destrabar temas en Palacio Nacional\u2026 Dicen los que lo conocen, que Marchello no es NADA rencoroso, pero si VENGATIVO\u2026 EL QUE AVISA NO TRAICIONA\u2026<\/p>\n\n\n\n<p>Monreal viene a darle un peque\u00f1o \u00abrecuerdo\u00bb a Cuitl\u00e1huac Garc\u00eda, que el tema de su comparecencia con la Comisi\u00f3n Nacional de Derechos Humanos NO CAMIN\u00d3 porque no quiso\u2026 No porque el gobernador tenga influencias\u2026 Finalmente el xalape\u00f1o est\u00e1 en manos del zacatecano\u2026 Y simplemente viene a \u00abcobrar\u00bb lo pactado.. Se van a sorprender si le hacen siquiera \u00abuna mueca\u00bb\u2026 No habr\u00e1 \u00abni perd\u00f3n, ni olvido\u00bb.. As\u00ed que Cuitl\u00e1huac tendr\u00e1 su \u00abprueba de fuego\u00bb, Claudia ser\u00e1 su \u00abfavorita\u00bb pero NO ES LA NOMINADA\u2026 EL QUE ENTENDI\u00d3, ENTENDI\u00d3..<\/p>\n\n\n\n<p>CUITL\u00c1HUAC GARC\u00cdA, LA CA\u00cdDA SIGUE\u2026 Los n\u00fameros no mienten y los datos son contundentes\u2026 A casi 4 a\u00f1os y 6 meses de gobernar Veracruz, Cuitl\u00e1huac Garc\u00eda, no logra levantar su imagen y la de su gobierno ante la percepci\u00f3n p\u00fablica de la sociedad veracruzana\u2026 De nuevo en las encuestas lo colocan como uno de los mandatarios con menor aprobaci\u00f3n ciudadana.. Lo ponen en el lugar 29 de los 32 mandatarios en el pa\u00eds\u2026 Con s\u00f3lo 36 por ciento de aceptaci\u00f3n entre los veracruzanos\u2026 Es decir, s\u00f3lo 3 de cada 10 habitantes lo aprueban\u2026 DE MALAS<\/p>\n\n\n\n<p>Pero eso no es todo el dato.. Cuitl\u00e1huac Garc\u00eda tiene el \u00abhonor\u00bb de ocupar el lugar 30 entre los gobernadores con MENOR PERCEPCI\u00d3N DE CONFIANZA ciudadana en el pa\u00eds\u2026 S\u00f3lo 2 de cada 10 ciudadanos, le tienen confianza a su administraci\u00f3n\u2026 Los otros 8 no conf\u00edan en su gobierno.. Donde \u00abmejor\u00bb sali\u00f3 calificado, es que Veracruz ocupa el lugar 23 de los estados con mayor percepci\u00f3n de inseguridad\u2026 Es decir, 4 de cada 10 veracruzanos tienen confianza de que hay seguridad en la entidad\u2026 Por lo menos, en \u00abeso sali\u00f3\u00bb no sali\u00f3 tan mal calificado\u2026<\/p>\n\n\n\n<p>Todos estas cifras y datos\u2026 Dan como percepci\u00f3n a los que saben de \u00abgrillas\u00bb de caf\u00e9\u2026 De que el gobernador veracruzano va en \u00abCA\u00cdDA LIBRE\u00bb.. Pareciera que le est\u00e1 \u00abrezando\u00bb el dicho: \u00abMuerto el Rey, viva el Rey\u00bb.. Ya que su gobierno va cayendo y ya todos no le responden de la misma manera que hace 4 a\u00f1os\u2026 Cuando los \u00abrespaldos\u00bb de L\u00f3pez Obrador a Cuitl\u00e1huac lo eran todo\u2026 Se burlaba de todos.. Se sent\u00eda protegido del Presidente.. Y ahora la ciudadan\u00eda califica que pese a todo ese \u00abrespaldo\u00bb, pues, no aprueban su gesti\u00f3n\u2026<\/p>\n\n\n\n<p>Cada d\u00eda su administraci\u00f3n estatal de MORENA\u2026 Se parece m\u00e1s a las de Javier Duarte o Miguel \u00c4ngel Yunes\u2026 Quienes en su momento, ten\u00edan o presum\u00edan de tener el \u00abaparato\u00bb de gobierno federal de su lado\u2026 Duarte con Enrique Pe\u00f1a Nieto y Yunes por su cercan\u00eda con Miguel \u00c1ngel Osorio Chong.. Los dos ex gobernadores estaban empoderados en los municipios, aliados de diputados y senadores\u2026 Pero la CIUDADAN\u00cdA les dio la \u00abespalda\u00bb a la hora buena en 2016 y 2018, as\u00ed fue que perdieron.. Pasar\u00e1 lo mismo en 2024 en Veracruz\u2026<\/p>\n\n\n\n<p>As\u00ed que a partir de este momento\u2026 Cuitl\u00e1huac Garc\u00eda Jim\u00e9nez debe tener y ser muy cuidadoso en sus acciones de su \u00faltimo a\u00f1o como gobernador\u2026 Cada momento que pasa, cada decisi\u00f3n que tome.. Lo va acercar a tener un destino similar al de Duarte o Yunes, s\u00ed quiz\u00e1s se aplica, puede tener uno diferente o por lo menos uno menos peor a sus antecesores.. Si \u00e9l contin\u00faa con una misma actitud.. El viento puede \u00abno soplar\u00bb a su favor\u2026 Eso con el tiempo se ver\u00e1\u2026<\/p>\n\n\n\n<p>Un ejemplo de ello ser\u00eda el de continuar el \u00abbloqueo\u00bb en Veracruz a Sergio Guti\u00e9rrez Luna o Manuel Huerta Ladr\u00f3n de Guevara\u2026 Ya que si contin\u00faa con su \u00abfe ciega\u00bb en que Sheinbaum lo va a rescatar\u2026 No le va a quedar m\u00e1s que ir entregando la \u00abplaza\u00bb antes de tiempo\u2026 Ya que si Claudia no es la nominada\u2026 Habr\u00e1 \u00abvientos de cambio\u00bb\u2026 Eso ni dudarlo\u2026 As\u00ed que le queda un a\u00f1o al xalape\u00f1o para enmendar las cosas y dejar atr\u00e1s su falta de oficio pol\u00edtico, que lo est\u00e1 llevando a la cat\u00e1strofe y \u00abcavar\u00bb su propia \u00abtumba\u00bb pol\u00edtica\u2026 CONSUMATUM EST\u2026<\/p>\n","protected":false},"excerpt":{"rendered":"<p>Ricardo ChuaSale y Vale \u00abLAS CORCHOLATAS\u00bb EN VERACRUZ\u2026 \u00abNo hay que hacerse bolas\u00bb con la visita de los 4 Presidenciales de MORENA o \u00abcorcholatas\u00bb como las llama Andr\u00e9s Manuel L\u00f3pez Obrador\u2026 Los cuatro: Ad\u00e1n Augusto L\u00f3pez Hern\u00e1ndez, Claudia Sheinbaum, Marcelo Ebrard y Ricardo Monreal, vendr\u00e1n a Veracruz a \u00abmostrar m\u00fasculo\u00bb.. Hacer el \u00abshow\u00bb pol\u00edtico y [&hellip;]<\/p>\n","protected":false},"author":2,"featured_media":0,"comment_status":"closed","ping_status":"closed","sticky":false,"template":"","format":"standard","meta":{"tdm_status":"","tdm_grid_status":"","footnotes":""},"categories":[1],"tags":[618,9627,1563,12686,1850,15105,1026,28660,16147],"class_list":{"0":"post-104704","1":"post","2":"type-post","3":"status-publish","4":"format-standard","6":"category-sin-categoria","7":"tag-andres-manuel-lopez-obrador","8":"tag-claudia-sheinbaum","9":"tag-cuitlahuac-garcia-jimenez","10":"tag-eric-cisneros","11":"tag-manuel-huerta-ladron-de-guevara","12":"tag-marcelo-ebrard-casaubon","13":"tag-morena","14":"tag-ricardo-chua-2","15":"tag-sergio-gutierrez-luna"},"yoast_head":"<!-- This site is optimized with the Yoast SEO plugin v27.4 - https:\/\/yoast.com\/product\/yoast-seo-wordpress\/ -->\n<title>CUITL\u00c1HUAC, LA CA\u00cdDA SIGUE - Los pol\u00edticos Veracruz<\/title>\n<meta name=\"robots\" content=\"index, follow, max-snippet:-1, max-image-preview:large, max-video-preview:-1\" \/>\n<link rel=\"canonical\" href=\"https:\/\/lospoliticosveracruz.com\/?p=104704\" \/>\n<meta property=\"og:locale\" content=\"es_ES\" \/>\n<meta property=\"og:type\" content=\"article\" \/>\n<meta property=\"og:title\" content=\"CUITL\u00c1HUAC, LA CA\u00cdDA SIGUE - Los pol\u00edticos Veracruz\" \/>\n<meta property=\"og:description\" content=\"Ricardo ChuaSale y Vale \u00abLAS CORCHOLATAS\u00bb EN VERACRUZ\u2026 \u00abNo hay que hacerse bolas\u00bb con la visita de los 4 Presidenciales de MORENA o \u00abcorcholatas\u00bb como las llama Andr\u00e9s Manuel L\u00f3pez Obrador\u2026 Los cuatro: Ad\u00e1n Augusto L\u00f3pez Hern\u00e1ndez, Claudia Sheinbaum, Marcelo Ebrard y Ricardo Monreal, vendr\u00e1n a Veracruz a \u00abmostrar m\u00fasculo\u00bb.. Hacer el \u00abshow\u00bb pol\u00edtico y [&hellip;]\" \/>\n<meta property=\"og:url\" content=\"https:\/\/lospoliticosveracruz.com\/?p=104704\" \/>\n<meta property=\"og:site_name\" content=\"Los pol\u00edticos Veracruz\" \/>\n<meta property=\"article:publisher\" content=\"https:\/\/www.facebook.com\/people\/Notimemes-de-los-Polticos\/61565672886568\/\" \/>\n<meta property=\"article:published_time\" content=\"2023-04-11T13:51:11+00:00\" \/>\n<meta property=\"article:modified_time\" content=\"2023-04-11T13:51:15+00:00\" \/>\n<meta property=\"og:image\" content=\"https:\/\/lospoliticosveracruz.com\/wp-content\/uploads\/2016\/07\/Logo-Dor.jpg\" \/>\n\t<meta property=\"og:image:width\" content=\"200\" \/>\n\t<meta property=\"og:image:height\" content=\"200\" \/>\n\t<meta property=\"og:image:type\" content=\"image\/jpeg\" \/>\n<meta name=\"author\" content=\"Lo viste en Los Pol\u00edticos\" \/>\n<meta name=\"twitter:card\" content=\"summary_large_image\" \/>\n<meta name=\"twitter:creator\" content=\"@LosPoliticosVer\" \/>\n<meta name=\"twitter:site\" content=\"@LosPoliticosVer\" \/>\n<meta name=\"twitter:label1\" content=\"Escrito por\" \/>\n\t<meta name=\"twitter:data1\" content=\"Lo viste en Los Pol\u00edticos\" \/>\n\t<meta name=\"twitter:label2\" content=\"Tiempo de lectura\" \/>\n\t<meta name=\"twitter:data2\" content=\"5 minutos\" \/>\n<script type=\"application\/ld+json\" class=\"yoast-schema-graph\">{\"@context\":\"https:\\\/\\\/schema.org\",\"@graph\":[{\"@type\":\"Article\",\"@id\":\"https:\\\/\\\/lospoliticosveracruz.com\\\/?p=104704#article\",\"isPartOf\":{\"@id\":\"https:\\\/\\\/lospoliticosveracruz.com\\\/?p=104704\"},\"author\":{\"name\":\"Lo viste en Los Pol\u00edticos\",\"@id\":\"https:\\\/\\\/lospoliticosveracruz.com\\\/#\\\/schema\\\/person\\\/b8702bb0e538456e6efd07080bf2a4a2\"},\"headline\":\"CUITL\u00c1HUAC, LA CA\u00cdDA SIGUE\",\"datePublished\":\"2023-04-11T13:51:11+00:00\",\"dateModified\":\"2023-04-11T13:51:15+00:00\",\"mainEntityOfPage\":{\"@id\":\"https:\\\/\\\/lospoliticosveracruz.com\\\/?p=104704\"},\"wordCount\":1106,\"publisher\":{\"@id\":\"https:\\\/\\\/lospoliticosveracruz.com\\\/#organization\"},\"keywords\":[\"Andr\u00e9s Manuel L\u00f3pez Obrador\",\"Claudia Sheinbaum\",\"Cuitl\u00e1huac Garc\u00eda Jim\u00e9nez\",\"Eric Cisneros\",\"Manuel Huerta Ladr\u00f3n de Guevara\",\"Marcelo Ebrard Casaub\u00f3n\",\"Morena\",\"Ricardo Chua\",\"Sergio Guti\u00e9rrez Luna\"],\"inLanguage\":\"es\"},{\"@type\":\"WebPage\",\"@id\":\"https:\\\/\\\/lospoliticosveracruz.com\\\/?p=104704\",\"url\":\"https:\\\/\\\/lospoliticosveracruz.com\\\/?p=104704\",\"name\":\"CUITL\u00c1HUAC, LA CA\u00cdDA SIGUE - Los pol\u00edticos Veracruz\",\"isPartOf\":{\"@id\":\"https:\\\/\\\/lospoliticosveracruz.com\\\/#website\"},\"datePublished\":\"2023-04-11T13:51:11+00:00\",\"dateModified\":\"2023-04-11T13:51:15+00:00\",\"breadcrumb\":{\"@id\":\"https:\\\/\\\/lospoliticosveracruz.com\\\/?p=104704#breadcrumb\"},\"inLanguage\":\"es\",\"potentialAction\":[{\"@type\":\"ReadAction\",\"target\":[\"https:\\\/\\\/lospoliticosveracruz.com\\\/?p=104704\"]}]},{\"@type\":\"BreadcrumbList\",\"@id\":\"https:\\\/\\\/lospoliticosveracruz.com\\\/?p=104704#breadcrumb\",\"itemListElement\":[{\"@type\":\"ListItem\",\"position\":1,\"name\":\"Portada\",\"item\":\"https:\\\/\\\/lospoliticosveracruz.com\\\/\"},{\"@type\":\"ListItem\",\"position\":2,\"name\":\"CUITL\u00c1HUAC, LA CA\u00cdDA SIGUE\"}]},{\"@type\":\"WebSite\",\"@id\":\"https:\\\/\\\/lospoliticosveracruz.com\\\/#website\",\"url\":\"https:\\\/\\\/lospoliticosveracruz.com\\\/\",\"name\":\"Los pol\u00edticos Veracruz\",\"description\":\"\",\"publisher\":{\"@id\":\"https:\\\/\\\/lospoliticosveracruz.com\\\/#organization\"},\"potentialAction\":[{\"@type\":\"SearchAction\",\"target\":{\"@type\":\"EntryPoint\",\"urlTemplate\":\"https:\\\/\\\/lospoliticosveracruz.com\\\/?s={search_term_string}\"},\"query-input\":{\"@type\":\"PropertyValueSpecification\",\"valueRequired\":true,\"valueName\":\"search_term_string\"}}],\"inLanguage\":\"es\"},{\"@type\":\"Organization\",\"@id\":\"https:\\\/\\\/lospoliticosveracruz.com\\\/#organization\",\"name\":\"Los pol\u00edticos Veracruz\",\"url\":\"https:\\\/\\\/lospoliticosveracruz.com\\\/\",\"logo\":{\"@type\":\"ImageObject\",\"inLanguage\":\"es\",\"@id\":\"https:\\\/\\\/lospoliticosveracruz.com\\\/#\\\/schema\\\/logo\\\/image\\\/\",\"url\":\"https:\\\/\\\/lospoliticosveracruz.com\\\/wp-content\\\/uploads\\\/2025\\\/12\\\/Logo-Nuevo-LOS-POLITICOS-1.jpg\",\"contentUrl\":\"https:\\\/\\\/lospoliticosveracruz.com\\\/wp-content\\\/uploads\\\/2025\\\/12\\\/Logo-Nuevo-LOS-POLITICOS-1.jpg\",\"width\":260,\"height\":70,\"caption\":\"Los pol\u00edticos Veracruz\"},\"image\":{\"@id\":\"https:\\\/\\\/lospoliticosveracruz.com\\\/#\\\/schema\\\/logo\\\/image\\\/\"},\"sameAs\":[\"https:\\\/\\\/www.facebook.com\\\/people\\\/Notimemes-de-los-Polticos\\\/61565672886568\\\/\",\"https:\\\/\\\/x.com\\\/LosPoliticosVer\"]},{\"@type\":\"Person\",\"@id\":\"https:\\\/\\\/lospoliticosveracruz.com\\\/#\\\/schema\\\/person\\\/b8702bb0e538456e6efd07080bf2a4a2\",\"name\":\"Lo viste en Los Pol\u00edticos\",\"image\":{\"@type\":\"ImageObject\",\"inLanguage\":\"es\",\"@id\":\"https:\\\/\\\/secure.gravatar.com\\\/avatar\\\/3a8de04a2656d44082be478bd6c086daa447c4651605818287b9532d3d0bd435?s=96&d=mm&r=g\",\"url\":\"https:\\\/\\\/secure.gravatar.com\\\/avatar\\\/3a8de04a2656d44082be478bd6c086daa447c4651605818287b9532d3d0bd435?s=96&d=mm&r=g\",\"contentUrl\":\"https:\\\/\\\/secure.gravatar.com\\\/avatar\\\/3a8de04a2656d44082be478bd6c086daa447c4651605818287b9532d3d0bd435?s=96&d=mm&r=g\",\"caption\":\"Lo viste en Los Pol\u00edticos\"},\"url\":\"https:\\\/\\\/lospoliticosveracruz.com\\\/?author=2\"}]}<\/script>\n<!-- \/ Yoast SEO plugin. -->","yoast_head_json":{"title":"CUITL\u00c1HUAC, LA CA\u00cdDA SIGUE - Los pol\u00edticos Veracruz","robots":{"index":"index","follow":"follow","max-snippet":"max-snippet:-1","max-image-preview":"max-image-preview:large","max-video-preview":"max-video-preview:-1"},"canonical":"https:\/\/lospoliticosveracruz.com\/?p=104704","og_locale":"es_ES","og_type":"article","og_title":"CUITL\u00c1HUAC, LA CA\u00cdDA SIGUE - Los pol\u00edticos Veracruz","og_description":"Ricardo ChuaSale y Vale \u00abLAS CORCHOLATAS\u00bb EN VERACRUZ\u2026 \u00abNo hay que hacerse bolas\u00bb con la visita de los 4 Presidenciales de MORENA o \u00abcorcholatas\u00bb como las llama Andr\u00e9s Manuel L\u00f3pez Obrador\u2026 Los cuatro: Ad\u00e1n Augusto L\u00f3pez Hern\u00e1ndez, Claudia Sheinbaum, Marcelo Ebrard y Ricardo Monreal, vendr\u00e1n a Veracruz a \u00abmostrar m\u00fasculo\u00bb.. Hacer el \u00abshow\u00bb pol\u00edtico y [&hellip;]","og_url":"https:\/\/lospoliticosveracruz.com\/?p=104704","og_site_name":"Los pol\u00edticos Veracruz","article_publisher":"https:\/\/www.facebook.com\/people\/Notimemes-de-los-Polticos\/61565672886568\/","article_published_time":"2023-04-11T13:51:11+00:00","article_modified_time":"2023-04-11T13:51:15+00:00","og_image":[{"width":200,"height":200,"url":"https:\/\/lospoliticosveracruz.com\/wp-content\/uploads\/2016\/07\/Logo-Dor.jpg","type":"image\/jpeg"}],"author":"Lo viste en Los Pol\u00edticos","twitter_card":"summary_large_image","twitter_creator":"@LosPoliticosVer","twitter_site":"@LosPoliticosVer","twitter_misc":{"Escrito por":"Lo viste en Los Pol\u00edticos","Tiempo de lectura":"5 minutos"},"schema":{"@context":"https:\/\/schema.org","@graph":[{"@type":"Article","@id":"https:\/\/lospoliticosveracruz.com\/?p=104704#article","isPartOf":{"@id":"https:\/\/lospoliticosveracruz.com\/?p=104704"},"author":{"name":"Lo viste en Los Pol\u00edticos","@id":"https:\/\/lospoliticosveracruz.com\/#\/schema\/person\/b8702bb0e538456e6efd07080bf2a4a2"},"headline":"CUITL\u00c1HUAC, LA CA\u00cdDA SIGUE","datePublished":"2023-04-11T13:51:11+00:00","dateModified":"2023-04-11T13:51:15+00:00","mainEntityOfPage":{"@id":"https:\/\/lospoliticosveracruz.com\/?p=104704"},"wordCount":1106,"publisher":{"@id":"https:\/\/lospoliticosveracruz.com\/#organization"},"keywords":["Andr\u00e9s Manuel L\u00f3pez Obrador","Claudia Sheinbaum","Cuitl\u00e1huac Garc\u00eda Jim\u00e9nez","Eric Cisneros","Manuel Huerta Ladr\u00f3n de Guevara","Marcelo Ebrard Casaub\u00f3n","Morena","Ricardo Chua","Sergio Guti\u00e9rrez Luna"],"inLanguage":"es"},{"@type":"WebPage","@id":"https:\/\/lospoliticosveracruz.com\/?p=104704","url":"https:\/\/lospoliticosveracruz.com\/?p=104704","name":"CUITL\u00c1HUAC, LA CA\u00cdDA SIGUE - Los pol\u00edticos Veracruz","isPartOf":{"@id":"https:\/\/lospoliticosveracruz.com\/#website"},"datePublished":"2023-04-11T13:51:11+00:00","dateModified":"2023-04-11T13:51:15+00:00","breadcrumb":{"@id":"https:\/\/lospoliticosveracruz.com\/?p=104704#breadcrumb"},"inLanguage":"es","potentialAction":[{"@type":"ReadAction","target":["https:\/\/lospoliticosveracruz.com\/?p=104704"]}]},{"@type":"BreadcrumbList","@id":"https:\/\/lospoliticosveracruz.com\/?p=104704#breadcrumb","itemListElement":[{"@type":"ListItem","position":1,"name":"Portada","item":"https:\/\/lospoliticosveracruz.com\/"},{"@type":"ListItem","position":2,"name":"CUITL\u00c1HUAC, LA CA\u00cdDA SIGUE"}]},{"@type":"WebSite","@id":"https:\/\/lospoliticosveracruz.com\/#website","url":"https:\/\/lospoliticosveracruz.com\/","name":"Los pol\u00edticos Veracruz","description":"","publisher":{"@id":"https:\/\/lospoliticosveracruz.com\/#organization"},"potentialAction":[{"@type":"SearchAction","target":{"@type":"EntryPoint","urlTemplate":"https:\/\/lospoliticosveracruz.com\/?s={search_term_string}"},"query-input":{"@type":"PropertyValueSpecification","valueRequired":true,"valueName":"search_term_string"}}],"inLanguage":"es"},{"@type":"Organization","@id":"https:\/\/lospoliticosveracruz.com\/#organization","name":"Los pol\u00edticos Veracruz","url":"https:\/\/lospoliticosveracruz.com\/","logo":{"@type":"ImageObject","inLanguage":"es","@id":"https:\/\/lospoliticosveracruz.com\/#\/schema\/logo\/image\/","url":"https:\/\/lospoliticosveracruz.com\/wp-content\/uploads\/2025\/12\/Logo-Nuevo-LOS-POLITICOS-1.jpg","contentUrl":"https:\/\/lospoliticosveracruz.com\/wp-content\/uploads\/2025\/12\/Logo-Nuevo-LOS-POLITICOS-1.jpg","width":260,"height":70,"caption":"Los pol\u00edticos Veracruz"},"image":{"@id":"https:\/\/lospoliticosveracruz.com\/#\/schema\/logo\/image\/"},"sameAs":["https:\/\/www.facebook.com\/people\/Notimemes-de-los-Polticos\/61565672886568\/","https:\/\/x.com\/LosPoliticosVer"]},{"@type":"Person","@id":"https:\/\/lospoliticosveracruz.com\/#\/schema\/person\/b8702bb0e538456e6efd07080bf2a4a2","name":"Lo viste en Los Pol\u00edticos","image":{"@type":"ImageObject","inLanguage":"es","@id":"https:\/\/secure.gravatar.com\/avatar\/3a8de04a2656d44082be478bd6c086daa447c4651605818287b9532d3d0bd435?s=96&d=mm&r=g","url":"https:\/\/secure.gravatar.com\/avatar\/3a8de04a2656d44082be478bd6c086daa447c4651605818287b9532d3d0bd435?s=96&d=mm&r=g","contentUrl":"https:\/\/secure.gravatar.com\/avatar\/3a8de04a2656d44082be478bd6c086daa447c4651605818287b9532d3d0bd435?s=96&d=mm&r=g","caption":"Lo viste en Los Pol\u00edticos"},"url":"https:\/\/lospoliticosveracruz.com\/?author=2"}]}},"_links":{"self":[{"href":"https:\/\/lospoliticosveracruz.com\/index.php?rest_route=\/wp\/v2\/posts\/104704","targetHints":{"allow":["GET"]}}],"collection":[{"href":"https:\/\/lospoliticosveracruz.com\/index.php?rest_route=\/wp\/v2\/posts"}],"about":[{"href":"https:\/\/lospoliticosveracruz.com\/index.php?rest_route=\/wp\/v2\/types\/post"}],"author":[{"embeddable":true,"href":"https:\/\/lospoliticosveracruz.com\/index.php?rest_route=\/wp\/v2\/users\/2"}],"replies":[{"embeddable":true,"href":"https:\/\/lospoliticosveracruz.com\/index.php?rest_route=%2Fwp%2Fv2%2Fcomments&post=104704"}],"version-history":[{"count":1,"href":"https:\/\/lospoliticosveracruz.com\/index.php?rest_route=\/wp\/v2\/posts\/104704\/revisions"}],"predecessor-version":[{"id":104706,"href":"https:\/\/lospoliticosveracruz.com\/index.php?rest_route=\/wp\/v2\/posts\/104704\/revisions\/104706"}],"wp:attachment":[{"href":"https:\/\/lospoliticosveracruz.com\/index.php?rest_route=%2Fwp%2Fv2%2Fmedia&parent=104704"}],"wp:term":[{"taxonomy":"category","embeddable":true,"href":"https:\/\/lospoliticosveracruz.com\/index.php?rest_route=%2Fwp%2Fv2%2Fcategories&post=104704"},{"taxonomy":"post_tag","embeddable":true,"href":"https:\/\/lospoliticosveracruz.com\/index.php?rest_route=%2Fwp%2Fv2%2Ftags&post=104704"}],"curies":[{"name":"wp","href":"https:\/\/api.w.org\/{rel}","templated":true}]}}