{"id":104707,"date":"2023-04-11T08:55:46","date_gmt":"2023-04-11T13:55:46","guid":{"rendered":"https:\/\/lospoliticosveracruz.com.mx\/?p=104707"},"modified":"2023-04-11T08:55:57","modified_gmt":"2023-04-11T13:55:57","slug":"interjet-despego-se-elevo-volo-alto-y-se-estrello","status":"publish","type":"post","link":"https:\/\/lospoliticosveracruz.com\/?p=104707","title":{"rendered":"INTERJET DESPEG\u00d3, se elev\u00f3, vol\u00f3 alto\u2026 y se estrell\u00f3"},"content":{"rendered":"\n<p><strong>Bernardo Guti\u00e9rrez Parra<br><\/strong><em>Desde el Caf\u00e9<\/em><\/p>\n\n\n\n<p>Una coperacha involuntaria de los veracruzanos a quienes en 2004 les bajaron 3 mil 500 millones de pesos, permiti\u00f3 que en 2005 naciera la l\u00ednea a\u00e9rea Interjet propiedad del exgobernador Miguel Alem\u00e1n Velasco y su hijo Miguel Alem\u00e1n Magnani. La l\u00ednea inici\u00f3 con tres aviones sus vuelos en rutas locales, pero en relativamente poco tiempo vol\u00f3 muy alto.<\/p>\n\n\n<div class=\"wp-block-image\">\n<figure class=\"alignleft size-medium\"><a href=\"https:\/\/lospoliticosveracruz.com.mx\/wp-content\/uploads\/2021\/10\/WhatsApp-Image-2021-10-02-at-15.20.25.jpeg\"><img loading=\"lazy\" decoding=\"async\" width=\"212\" height=\"300\" src=\"https:\/\/lospoliticosveracruz.com.mx\/wp-content\/uploads\/2021\/10\/WhatsApp-Image-2021-10-02-at-15.20.25-212x300.jpeg\" alt=\"\" class=\"wp-image-80177\" srcset=\"https:\/\/lospoliticosveracruz.com\/wp-content\/uploads\/2021\/10\/WhatsApp-Image-2021-10-02-at-15.20.25-212x300.jpeg 212w, https:\/\/lospoliticosveracruz.com\/wp-content\/uploads\/2021\/10\/WhatsApp-Image-2021-10-02-at-15.20.25-724x1024.jpeg 724w, https:\/\/lospoliticosveracruz.com\/wp-content\/uploads\/2021\/10\/WhatsApp-Image-2021-10-02-at-15.20.25-768x1086.jpeg 768w, https:\/\/lospoliticosveracruz.com\/wp-content\/uploads\/2021\/10\/WhatsApp-Image-2021-10-02-at-15.20.25.jpeg 905w\" sizes=\"auto, (max-width: 212px) 100vw, 212px\" \/><\/a><\/figure>\n<\/div>\n\n\n<p>Para el 2011 comenz\u00f3 su expansi\u00f3n internacional en grande y en 2018 contaba con m\u00e1s de 300 vuelos diarios a 53 destinos en nueve pa\u00edses.<\/p>\n\n\n\n<p>Como paradoja, su debacle y ca\u00edda comenzaron ese a\u00f1o, aunque sus due\u00f1os no la vieron venir.<\/p>\n\n\n\n<p>En 2018 Interjet compr\u00f3 22 aviones Sukhoi Superjet 100 de fabricaci\u00f3n rusa que ten\u00edan un peque\u00f1o problemita; no hab\u00eda refacciones para ellos. Cuatro de esos aviones se quedaron ese a\u00f1o en los hangares por falta de mantenimiento y comenzaron a ser \u201ccanibalizados\u201d, es decir, fueron desmantelados paulatinamente para que sus partes sirvieran a otros aviones.<\/p>\n\n\n\n<p>En los siguientes dos a\u00f1os, m\u00e1s de la mitad de la flota estaba en tierra a la espera de refacciones que nunca llegaron. Para colmo, se agudiz\u00f3 la deuda de la aerol\u00ednea con el SAT por 30 mil millones de pesos y la pandemia del Covid le ocasion\u00f3 efectos nocivos e irreversibles.<\/p>\n\n\n\n<p>En menos de cinco a\u00f1os Interjet comenz\u00f3 a cascabelear y se vino a pique en 2021 cuando aterriz\u00f3 el \u00faltimo de sus aviones. Solo era cuesti\u00f3n de tiempo para que se estrellara contra la realidad de la quiebra.<\/p>\n\n\n\n<p>Ayer lunes el Juez Segundo de Distrito en Materia de Concursos Mercantiles de la Ciudad de M\u00e9xico, declar\u00f3 abierta la etapa de quiebra de Interjet.<\/p>\n\n\n\n<p>\u201cSe ordena al s\u00edndico (Gerardo Sierra Arrazola) que proceda a la enajenaci\u00f3n de los bienes y derechos que integran la Masa, en t\u00e9rminos de los art\u00edculos 197 y siguientes de la Ley de Concursos Mercantiles, procurando obtener el mayor producto posible por su enajenaci\u00f3n, a fin de hacer pago a los acreedores\u201d, dice la sentencia.<\/p>\n\n\n\n<p>Lo anterior implica la venta de sus bienes para pagar a los acreedores. Y en esto tendr\u00e1n prioridad los m\u00e1s de 5 mil trabajadores que conformaban la empresa.<\/p>\n\n\n\n<p>\u00bfQu\u00e9 fue lo que pas\u00f3 con una l\u00ednea a\u00e9rea que naci\u00f3 casi en pa\u00f1ales de seda?<\/p>\n\n\n\n<p>De acuerdo a los expertos dos cosas. Desde que naci\u00f3 Interjet casi no pag\u00f3 grav\u00e1menes al fisco. Amigos de Vicente Fox, de Felipe Calder\u00f3n y de Enrique Pe\u00f1a Nieto, los se\u00f1ores Alem\u00e1n se vieron beneficiados con la condonaci\u00f3n de impuestos.<\/p>\n\n\n\n<p>Cuando lleg\u00f3 Andr\u00e9s Manuel L\u00f3pez Obrador a la presidencia, nombr\u00f3 al exgobernador como uno de sus asesores financieros, pero no le perdon\u00f3 los impuestos. Lo que s\u00ed hizo fue sugerirle que hablara con el SAT.<\/p>\n\n\n\n<p>A nombre de su padre y el suyo propio, Miguel Alem\u00e1n Magnani trat\u00f3 de negociar con la entonces directora del SAT, Raquel Buenrostro, pero la mujer casi no lo dej\u00f3 hablar: \u201cO pagas o vas a la c\u00e1rcel\u201d. Y Alem\u00e1n Magnani vol\u00f3 a Par\u00eds, donde a\u00fan sigue, amparado en su doble nacionalidad.<\/p>\n\n\n\n<p>El otro error y \u00e9ste s\u00ed garrafal, fue la adquisici\u00f3n de los 22 Sukhoi Superjet 100 que nadie quer\u00eda comprar porque carec\u00edan de refacciones. Y los \u00edndices apuntan a Miguel Alem\u00e1n Magnani como el responsable de esta p\u00e9sima negociaci\u00f3n.<\/p>\n\n\n\n<p>\u201cLos aviones fueron vendidos a un precio un poco m\u00e1s bajo que el precio de mercado y Alem\u00e1n Magnani mordi\u00f3 el anzuelo creyendo que hab\u00eda hecho el negocio de su vida. Si no le correspond\u00eda a \u00e9l, debi\u00f3 llevar a un asesor que preguntara lo b\u00e1sico: \u00bfhay refacciones para estos aviones?, pero es evidente que no lo hizo. Cuando el primer avi\u00f3n entr\u00f3 al hangar y ya no volvi\u00f3 a volar por falta de mantenimiento, era cuesti\u00f3n de tiempo para que sucediera lo mismo con los restantes\u201d dijo un experto en aeron\u00e1utica civil.<\/p>\n\n\n\n<p>Moraleja. Si vas a realizar una compra multimillonaria en d\u00f3lares, lo primero que debes hacer es asesorarte bien.<\/p>\n\n\n\n<p>Lo que agreg\u00f3 gravedad al estado comatoso de Interjet fue la devastadora pandemia y una huelga de sus trabajadores en exigencia del pago de sus salarios.<\/p>\n\n\n\n<p>La puntilla la recibi\u00f3 ayer con la quiebra.<\/p>\n\n\n\n<p>Hace un a\u00f1o cuando escrib\u00ed del tema, dije que Miguel Alem\u00e1n Vald\u00e9s expresidente de M\u00e9xico, lleg\u00f3 a ser en su tiempo uno de los hombres m\u00e1s ricos del planeta y por consiguiente lo fueron los miembros de su familia.<\/p>\n\n\n\n<p>Y palabras m\u00e1s, palabras menos remat\u00e9: Lo bueno de todo lo malo (vox p\u00f3puli dixit), es que no vive para ver el desgarriate que hicieron su hijo y su nieto con la parte de la cuantiosa fortuna que les hered\u00f3.<\/p>\n\n\n\n<p>No es que me guste ser repetitivo lector, pero en este caso la repetici\u00f3n se justifica porque no hay m\u00e1s que decir.<\/p>\n\n\n\n<p>\u00bfOcho m\u00e1s cuatro son trece?<\/p>\n\n\n\n<p>Ayer escrib\u00ed que de las trece plantas que ten\u00eda Iberdrola antes de que las comprara el gobierno de L\u00f3pez Obrador: \u201cOcho ya cumplieron su ciclo y s\u00f3lo cuatro siguen con su vida \u00fatil\u2026\u201d pero me falt\u00f3 una para completar las trece.<\/p>\n\n\n\n<p>Esta planta est\u00e1 en construcci\u00f3n y la omit\u00ed involuntariamente.<\/p>\n\n\n\n<p>Gracias a los lectores que me hicieron ver mi error y que saben contar mejor que yo.<\/p>\n\n\n\n<p>bernardogup@hotmail.com<\/p>\n","protected":false},"excerpt":{"rendered":"<p>Bernardo Guti\u00e9rrez ParraDesde el Caf\u00e9 Una coperacha involuntaria de los veracruzanos a quienes en 2004 les bajaron 3 mil 500 millones de pesos, permiti\u00f3 que en 2005 naciera la l\u00ednea a\u00e9rea Interjet propiedad del exgobernador Miguel Alem\u00e1n Velasco y su hijo Miguel Alem\u00e1n Magnani. La l\u00ednea inici\u00f3 con tres aviones sus vuelos en rutas locales, [&hellip;]<\/p>\n","protected":false},"author":2,"featured_media":0,"comment_status":"closed","ping_status":"closed","sticky":false,"template":"","format":"standard","meta":{"tdm_status":"","tdm_grid_status":"","footnotes":""},"categories":[70],"tags":[34206,37879,16277,17573,115],"class_list":{"0":"post-104707","1":"post","2":"type-post","3":"status-publish","4":"format-standard","6":"category-de-opinion","7":"tag-bernardo-gutierrez-parra","8":"tag-linea-aerea-interjet","9":"tag-miguel-aleman-magnani","10":"tag-raquel-buenrostro","11":"tag-sat"},"yoast_head":"<!-- This site is optimized with the Yoast SEO plugin v27.4 - https:\/\/yoast.com\/product\/yoast-seo-wordpress\/ -->\n<title>INTERJET DESPEG\u00d3, se elev\u00f3, vol\u00f3 alto\u2026 y se estrell\u00f3 - Los pol\u00edticos Veracruz<\/title>\n<meta name=\"robots\" content=\"index, follow, max-snippet:-1, max-image-preview:large, max-video-preview:-1\" \/>\n<link rel=\"canonical\" href=\"https:\/\/lospoliticosveracruz.com\/?p=104707\" \/>\n<meta property=\"og:locale\" content=\"es_ES\" \/>\n<meta property=\"og:type\" content=\"article\" \/>\n<meta property=\"og:title\" content=\"INTERJET DESPEG\u00d3, se elev\u00f3, vol\u00f3 alto\u2026 y se estrell\u00f3 - Los pol\u00edticos Veracruz\" \/>\n<meta property=\"og:description\" content=\"Bernardo Guti\u00e9rrez ParraDesde el Caf\u00e9 Una coperacha involuntaria de los veracruzanos a quienes en 2004 les bajaron 3 mil 500 millones de pesos, permiti\u00f3 que en 2005 naciera la l\u00ednea a\u00e9rea Interjet propiedad del exgobernador Miguel Alem\u00e1n Velasco y su hijo Miguel Alem\u00e1n Magnani. La l\u00ednea inici\u00f3 con tres aviones sus vuelos en rutas locales, [&hellip;]\" \/>\n<meta property=\"og:url\" content=\"https:\/\/lospoliticosveracruz.com\/?p=104707\" \/>\n<meta property=\"og:site_name\" content=\"Los pol\u00edticos Veracruz\" \/>\n<meta property=\"article:publisher\" content=\"https:\/\/www.facebook.com\/people\/Notimemes-de-los-Polticos\/61565672886568\/\" \/>\n<meta property=\"article:published_time\" content=\"2023-04-11T13:55:46+00:00\" \/>\n<meta property=\"article:modified_time\" content=\"2023-04-11T13:55:57+00:00\" \/>\n<meta property=\"og:image\" content=\"https:\/\/lospoliticosveracruz.com.mx\/wp-content\/uploads\/2021\/10\/WhatsApp-Image-2021-10-02-at-15.20.25-212x300.jpeg\" \/>\n<meta name=\"author\" content=\"Lo viste en Los Pol\u00edticos\" \/>\n<meta name=\"twitter:card\" content=\"summary_large_image\" \/>\n<meta name=\"twitter:creator\" content=\"@LosPoliticosVer\" \/>\n<meta name=\"twitter:site\" content=\"@LosPoliticosVer\" \/>\n<meta name=\"twitter:label1\" content=\"Escrito por\" \/>\n\t<meta name=\"twitter:data1\" content=\"Lo viste en Los Pol\u00edticos\" \/>\n\t<meta name=\"twitter:label2\" content=\"Tiempo de lectura\" \/>\n\t<meta name=\"twitter:data2\" content=\"5 minutos\" \/>\n<script type=\"application\/ld+json\" class=\"yoast-schema-graph\">{\"@context\":\"https:\\\/\\\/schema.org\",\"@graph\":[{\"@type\":\"Article\",\"@id\":\"https:\\\/\\\/lospoliticosveracruz.com\\\/?p=104707#article\",\"isPartOf\":{\"@id\":\"https:\\\/\\\/lospoliticosveracruz.com\\\/?p=104707\"},\"author\":{\"name\":\"Lo viste en Los Pol\u00edticos\",\"@id\":\"https:\\\/\\\/lospoliticosveracruz.com\\\/#\\\/schema\\\/person\\\/b8702bb0e538456e6efd07080bf2a4a2\"},\"headline\":\"INTERJET DESPEG\u00d3, se elev\u00f3, vol\u00f3 alto\u2026 y se estrell\u00f3\",\"datePublished\":\"2023-04-11T13:55:46+00:00\",\"dateModified\":\"2023-04-11T13:55:57+00:00\",\"mainEntityOfPage\":{\"@id\":\"https:\\\/\\\/lospoliticosveracruz.com\\\/?p=104707\"},\"wordCount\":928,\"publisher\":{\"@id\":\"https:\\\/\\\/lospoliticosveracruz.com\\\/#organization\"},\"image\":{\"@id\":\"https:\\\/\\\/lospoliticosveracruz.com\\\/?p=104707#primaryimage\"},\"thumbnailUrl\":\"https:\\\/\\\/lospoliticosveracruz.com.mx\\\/wp-content\\\/uploads\\\/2021\\\/10\\\/WhatsApp-Image-2021-10-02-at-15.20.25-212x300.jpeg\",\"keywords\":[\"Bernardo Guti\u00e9rrez Parra\",\"l\u00ednea a\u00e9rea Interjet\",\"Miguel Alem\u00e1n Magnani\",\"Raquel Buenrostro\",\"SAT\"],\"articleSection\":[\"De Opini\u00f3n\"],\"inLanguage\":\"es\"},{\"@type\":\"WebPage\",\"@id\":\"https:\\\/\\\/lospoliticosveracruz.com\\\/?p=104707\",\"url\":\"https:\\\/\\\/lospoliticosveracruz.com\\\/?p=104707\",\"name\":\"INTERJET DESPEG\u00d3, se elev\u00f3, vol\u00f3 alto\u2026 y se estrell\u00f3 - Los pol\u00edticos Veracruz\",\"isPartOf\":{\"@id\":\"https:\\\/\\\/lospoliticosveracruz.com\\\/#website\"},\"primaryImageOfPage\":{\"@id\":\"https:\\\/\\\/lospoliticosveracruz.com\\\/?p=104707#primaryimage\"},\"image\":{\"@id\":\"https:\\\/\\\/lospoliticosveracruz.com\\\/?p=104707#primaryimage\"},\"thumbnailUrl\":\"https:\\\/\\\/lospoliticosveracruz.com.mx\\\/wp-content\\\/uploads\\\/2021\\\/10\\\/WhatsApp-Image-2021-10-02-at-15.20.25-212x300.jpeg\",\"datePublished\":\"2023-04-11T13:55:46+00:00\",\"dateModified\":\"2023-04-11T13:55:57+00:00\",\"breadcrumb\":{\"@id\":\"https:\\\/\\\/lospoliticosveracruz.com\\\/?p=104707#breadcrumb\"},\"inLanguage\":\"es\",\"potentialAction\":[{\"@type\":\"ReadAction\",\"target\":[\"https:\\\/\\\/lospoliticosveracruz.com\\\/?p=104707\"]}]},{\"@type\":\"ImageObject\",\"inLanguage\":\"es\",\"@id\":\"https:\\\/\\\/lospoliticosveracruz.com\\\/?p=104707#primaryimage\",\"url\":\"https:\\\/\\\/lospoliticosveracruz.com.mx\\\/wp-content\\\/uploads\\\/2021\\\/10\\\/WhatsApp-Image-2021-10-02-at-15.20.25-212x300.jpeg\",\"contentUrl\":\"https:\\\/\\\/lospoliticosveracruz.com.mx\\\/wp-content\\\/uploads\\\/2021\\\/10\\\/WhatsApp-Image-2021-10-02-at-15.20.25-212x300.jpeg\"},{\"@type\":\"BreadcrumbList\",\"@id\":\"https:\\\/\\\/lospoliticosveracruz.com\\\/?p=104707#breadcrumb\",\"itemListElement\":[{\"@type\":\"ListItem\",\"position\":1,\"name\":\"Portada\",\"item\":\"https:\\\/\\\/lospoliticosveracruz.com\\\/\"},{\"@type\":\"ListItem\",\"position\":2,\"name\":\"INTERJET DESPEG\u00d3, se elev\u00f3, vol\u00f3 alto\u2026 y se estrell\u00f3\"}]},{\"@type\":\"WebSite\",\"@id\":\"https:\\\/\\\/lospoliticosveracruz.com\\\/#website\",\"url\":\"https:\\\/\\\/lospoliticosveracruz.com\\\/\",\"name\":\"Los pol\u00edticos Veracruz\",\"description\":\"\",\"publisher\":{\"@id\":\"https:\\\/\\\/lospoliticosveracruz.com\\\/#organization\"},\"potentialAction\":[{\"@type\":\"SearchAction\",\"target\":{\"@type\":\"EntryPoint\",\"urlTemplate\":\"https:\\\/\\\/lospoliticosveracruz.com\\\/?s={search_term_string}\"},\"query-input\":{\"@type\":\"PropertyValueSpecification\",\"valueRequired\":true,\"valueName\":\"search_term_string\"}}],\"inLanguage\":\"es\"},{\"@type\":\"Organization\",\"@id\":\"https:\\\/\\\/lospoliticosveracruz.com\\\/#organization\",\"name\":\"Los pol\u00edticos Veracruz\",\"url\":\"https:\\\/\\\/lospoliticosveracruz.com\\\/\",\"logo\":{\"@type\":\"ImageObject\",\"inLanguage\":\"es\",\"@id\":\"https:\\\/\\\/lospoliticosveracruz.com\\\/#\\\/schema\\\/logo\\\/image\\\/\",\"url\":\"https:\\\/\\\/lospoliticosveracruz.com\\\/wp-content\\\/uploads\\\/2025\\\/12\\\/Logo-Nuevo-LOS-POLITICOS-1.jpg\",\"contentUrl\":\"https:\\\/\\\/lospoliticosveracruz.com\\\/wp-content\\\/uploads\\\/2025\\\/12\\\/Logo-Nuevo-LOS-POLITICOS-1.jpg\",\"width\":260,\"height\":70,\"caption\":\"Los pol\u00edticos Veracruz\"},\"image\":{\"@id\":\"https:\\\/\\\/lospoliticosveracruz.com\\\/#\\\/schema\\\/logo\\\/image\\\/\"},\"sameAs\":[\"https:\\\/\\\/www.facebook.com\\\/people\\\/Notimemes-de-los-Polticos\\\/61565672886568\\\/\",\"https:\\\/\\\/x.com\\\/LosPoliticosVer\"]},{\"@type\":\"Person\",\"@id\":\"https:\\\/\\\/lospoliticosveracruz.com\\\/#\\\/schema\\\/person\\\/b8702bb0e538456e6efd07080bf2a4a2\",\"name\":\"Lo viste en Los Pol\u00edticos\",\"image\":{\"@type\":\"ImageObject\",\"inLanguage\":\"es\",\"@id\":\"https:\\\/\\\/secure.gravatar.com\\\/avatar\\\/3a8de04a2656d44082be478bd6c086daa447c4651605818287b9532d3d0bd435?s=96&d=mm&r=g\",\"url\":\"https:\\\/\\\/secure.gravatar.com\\\/avatar\\\/3a8de04a2656d44082be478bd6c086daa447c4651605818287b9532d3d0bd435?s=96&d=mm&r=g\",\"contentUrl\":\"https:\\\/\\\/secure.gravatar.com\\\/avatar\\\/3a8de04a2656d44082be478bd6c086daa447c4651605818287b9532d3d0bd435?s=96&d=mm&r=g\",\"caption\":\"Lo viste en Los Pol\u00edticos\"},\"url\":\"https:\\\/\\\/lospoliticosveracruz.com\\\/?author=2\"}]}<\/script>\n<!-- \/ Yoast SEO plugin. -->","yoast_head_json":{"title":"INTERJET DESPEG\u00d3, se elev\u00f3, vol\u00f3 alto\u2026 y se estrell\u00f3 - Los pol\u00edticos Veracruz","robots":{"index":"index","follow":"follow","max-snippet":"max-snippet:-1","max-image-preview":"max-image-preview:large","max-video-preview":"max-video-preview:-1"},"canonical":"https:\/\/lospoliticosveracruz.com\/?p=104707","og_locale":"es_ES","og_type":"article","og_title":"INTERJET DESPEG\u00d3, se elev\u00f3, vol\u00f3 alto\u2026 y se estrell\u00f3 - Los pol\u00edticos Veracruz","og_description":"Bernardo Guti\u00e9rrez ParraDesde el Caf\u00e9 Una coperacha involuntaria de los veracruzanos a quienes en 2004 les bajaron 3 mil 500 millones de pesos, permiti\u00f3 que en 2005 naciera la l\u00ednea a\u00e9rea Interjet propiedad del exgobernador Miguel Alem\u00e1n Velasco y su hijo Miguel Alem\u00e1n Magnani. La l\u00ednea inici\u00f3 con tres aviones sus vuelos en rutas locales, [&hellip;]","og_url":"https:\/\/lospoliticosveracruz.com\/?p=104707","og_site_name":"Los pol\u00edticos Veracruz","article_publisher":"https:\/\/www.facebook.com\/people\/Notimemes-de-los-Polticos\/61565672886568\/","article_published_time":"2023-04-11T13:55:46+00:00","article_modified_time":"2023-04-11T13:55:57+00:00","og_image":[{"url":"https:\/\/lospoliticosveracruz.com.mx\/wp-content\/uploads\/2021\/10\/WhatsApp-Image-2021-10-02-at-15.20.25-212x300.jpeg","type":"","width":"","height":""}],"author":"Lo viste en Los Pol\u00edticos","twitter_card":"summary_large_image","twitter_creator":"@LosPoliticosVer","twitter_site":"@LosPoliticosVer","twitter_misc":{"Escrito por":"Lo viste en Los Pol\u00edticos","Tiempo de lectura":"5 minutos"},"schema":{"@context":"https:\/\/schema.org","@graph":[{"@type":"Article","@id":"https:\/\/lospoliticosveracruz.com\/?p=104707#article","isPartOf":{"@id":"https:\/\/lospoliticosveracruz.com\/?p=104707"},"author":{"name":"Lo viste en Los Pol\u00edticos","@id":"https:\/\/lospoliticosveracruz.com\/#\/schema\/person\/b8702bb0e538456e6efd07080bf2a4a2"},"headline":"INTERJET DESPEG\u00d3, se elev\u00f3, vol\u00f3 alto\u2026 y se estrell\u00f3","datePublished":"2023-04-11T13:55:46+00:00","dateModified":"2023-04-11T13:55:57+00:00","mainEntityOfPage":{"@id":"https:\/\/lospoliticosveracruz.com\/?p=104707"},"wordCount":928,"publisher":{"@id":"https:\/\/lospoliticosveracruz.com\/#organization"},"image":{"@id":"https:\/\/lospoliticosveracruz.com\/?p=104707#primaryimage"},"thumbnailUrl":"https:\/\/lospoliticosveracruz.com.mx\/wp-content\/uploads\/2021\/10\/WhatsApp-Image-2021-10-02-at-15.20.25-212x300.jpeg","keywords":["Bernardo Guti\u00e9rrez Parra","l\u00ednea a\u00e9rea Interjet","Miguel Alem\u00e1n Magnani","Raquel Buenrostro","SAT"],"articleSection":["De Opini\u00f3n"],"inLanguage":"es"},{"@type":"WebPage","@id":"https:\/\/lospoliticosveracruz.com\/?p=104707","url":"https:\/\/lospoliticosveracruz.com\/?p=104707","name":"INTERJET DESPEG\u00d3, se elev\u00f3, vol\u00f3 alto\u2026 y se estrell\u00f3 - Los pol\u00edticos Veracruz","isPartOf":{"@id":"https:\/\/lospoliticosveracruz.com\/#website"},"primaryImageOfPage":{"@id":"https:\/\/lospoliticosveracruz.com\/?p=104707#primaryimage"},"image":{"@id":"https:\/\/lospoliticosveracruz.com\/?p=104707#primaryimage"},"thumbnailUrl":"https:\/\/lospoliticosveracruz.com.mx\/wp-content\/uploads\/2021\/10\/WhatsApp-Image-2021-10-02-at-15.20.25-212x300.jpeg","datePublished":"2023-04-11T13:55:46+00:00","dateModified":"2023-04-11T13:55:57+00:00","breadcrumb":{"@id":"https:\/\/lospoliticosveracruz.com\/?p=104707#breadcrumb"},"inLanguage":"es","potentialAction":[{"@type":"ReadAction","target":["https:\/\/lospoliticosveracruz.com\/?p=104707"]}]},{"@type":"ImageObject","inLanguage":"es","@id":"https:\/\/lospoliticosveracruz.com\/?p=104707#primaryimage","url":"https:\/\/lospoliticosveracruz.com.mx\/wp-content\/uploads\/2021\/10\/WhatsApp-Image-2021-10-02-at-15.20.25-212x300.jpeg","contentUrl":"https:\/\/lospoliticosveracruz.com.mx\/wp-content\/uploads\/2021\/10\/WhatsApp-Image-2021-10-02-at-15.20.25-212x300.jpeg"},{"@type":"BreadcrumbList","@id":"https:\/\/lospoliticosveracruz.com\/?p=104707#breadcrumb","itemListElement":[{"@type":"ListItem","position":1,"name":"Portada","item":"https:\/\/lospoliticosveracruz.com\/"},{"@type":"ListItem","position":2,"name":"INTERJET DESPEG\u00d3, se elev\u00f3, vol\u00f3 alto\u2026 y se estrell\u00f3"}]},{"@type":"WebSite","@id":"https:\/\/lospoliticosveracruz.com\/#website","url":"https:\/\/lospoliticosveracruz.com\/","name":"Los pol\u00edticos Veracruz","description":"","publisher":{"@id":"https:\/\/lospoliticosveracruz.com\/#organization"},"potentialAction":[{"@type":"SearchAction","target":{"@type":"EntryPoint","urlTemplate":"https:\/\/lospoliticosveracruz.com\/?s={search_term_string}"},"query-input":{"@type":"PropertyValueSpecification","valueRequired":true,"valueName":"search_term_string"}}],"inLanguage":"es"},{"@type":"Organization","@id":"https:\/\/lospoliticosveracruz.com\/#organization","name":"Los pol\u00edticos Veracruz","url":"https:\/\/lospoliticosveracruz.com\/","logo":{"@type":"ImageObject","inLanguage":"es","@id":"https:\/\/lospoliticosveracruz.com\/#\/schema\/logo\/image\/","url":"https:\/\/lospoliticosveracruz.com\/wp-content\/uploads\/2025\/12\/Logo-Nuevo-LOS-POLITICOS-1.jpg","contentUrl":"https:\/\/lospoliticosveracruz.com\/wp-content\/uploads\/2025\/12\/Logo-Nuevo-LOS-POLITICOS-1.jpg","width":260,"height":70,"caption":"Los pol\u00edticos Veracruz"},"image":{"@id":"https:\/\/lospoliticosveracruz.com\/#\/schema\/logo\/image\/"},"sameAs":["https:\/\/www.facebook.com\/people\/Notimemes-de-los-Polticos\/61565672886568\/","https:\/\/x.com\/LosPoliticosVer"]},{"@type":"Person","@id":"https:\/\/lospoliticosveracruz.com\/#\/schema\/person\/b8702bb0e538456e6efd07080bf2a4a2","name":"Lo viste en Los Pol\u00edticos","image":{"@type":"ImageObject","inLanguage":"es","@id":"https:\/\/secure.gravatar.com\/avatar\/3a8de04a2656d44082be478bd6c086daa447c4651605818287b9532d3d0bd435?s=96&d=mm&r=g","url":"https:\/\/secure.gravatar.com\/avatar\/3a8de04a2656d44082be478bd6c086daa447c4651605818287b9532d3d0bd435?s=96&d=mm&r=g","contentUrl":"https:\/\/secure.gravatar.com\/avatar\/3a8de04a2656d44082be478bd6c086daa447c4651605818287b9532d3d0bd435?s=96&d=mm&r=g","caption":"Lo viste en Los Pol\u00edticos"},"url":"https:\/\/lospoliticosveracruz.com\/?author=2"}]}},"_links":{"self":[{"href":"https:\/\/lospoliticosveracruz.com\/index.php?rest_route=\/wp\/v2\/posts\/104707","targetHints":{"allow":["GET"]}}],"collection":[{"href":"https:\/\/lospoliticosveracruz.com\/index.php?rest_route=\/wp\/v2\/posts"}],"about":[{"href":"https:\/\/lospoliticosveracruz.com\/index.php?rest_route=\/wp\/v2\/types\/post"}],"author":[{"embeddable":true,"href":"https:\/\/lospoliticosveracruz.com\/index.php?rest_route=\/wp\/v2\/users\/2"}],"replies":[{"embeddable":true,"href":"https:\/\/lospoliticosveracruz.com\/index.php?rest_route=%2Fwp%2Fv2%2Fcomments&post=104707"}],"version-history":[{"count":1,"href":"https:\/\/lospoliticosveracruz.com\/index.php?rest_route=\/wp\/v2\/posts\/104707\/revisions"}],"predecessor-version":[{"id":104708,"href":"https:\/\/lospoliticosveracruz.com\/index.php?rest_route=\/wp\/v2\/posts\/104707\/revisions\/104708"}],"wp:attachment":[{"href":"https:\/\/lospoliticosveracruz.com\/index.php?rest_route=%2Fwp%2Fv2%2Fmedia&parent=104707"}],"wp:term":[{"taxonomy":"category","embeddable":true,"href":"https:\/\/lospoliticosveracruz.com\/index.php?rest_route=%2Fwp%2Fv2%2Fcategories&post=104707"},{"taxonomy":"post_tag","embeddable":true,"href":"https:\/\/lospoliticosveracruz.com\/index.php?rest_route=%2Fwp%2Fv2%2Ftags&post=104707"}],"curies":[{"name":"wp","href":"https:\/\/api.w.org\/{rel}","templated":true}]}}