{"id":104709,"date":"2023-04-11T09:24:43","date_gmt":"2023-04-11T14:24:43","guid":{"rendered":"https:\/\/lospoliticosveracruz.com.mx\/?p=104709"},"modified":"2023-04-11T09:24:57","modified_gmt":"2023-04-11T14:24:57","slug":"metanoia-social-en-el-mundo","status":"publish","type":"post","link":"https:\/\/lospoliticosveracruz.com\/?p=104709","title":{"rendered":"METANOIA SOCIAL EN EL MUNDO"},"content":{"rendered":"\n<p><\/p>\n\n\n\n<p><strong>Yair Ademar Dom\u00ednguez<br><\/strong><em>Punto y Coma<\/em><\/p>\n\n\n\n<p>Hace algunos a\u00f1os en mi natal Coatzacoalcos escuch\u00e9 a un sacerdote hablar de la \u201cmetanoia\u201d, una palabra griega que significa \u201cvolverse del camino en que se andaba y tomar otra direcci\u00f3n\u201d. \u00c9l la utiliz\u00f3 en el sentido religioso o teol\u00f3gico para referirse a la \u201ctransformaci\u00f3n\u201d o \u201cconversi\u00f3n\u201d de una persona al cristianismo. Sin embargo, en su sentido original la palabra es muy iluminadora para los tiempos que se viven en nuestro pa\u00eds.<\/p>\n\n\n<div class=\"wp-block-image\">\n<figure class=\"alignleft size-medium\"><a href=\"https:\/\/lospoliticosveracruz.com.mx\/wp-content\/uploads\/2023\/02\/Estancia.jpg\"><img decoding=\"async\" src=\"https:\/\/lospoliticosveracruz.com.mx\/wp-content\/uploads\/2023\/02\/Estancia-190x300.jpg\" alt=\"\" class=\"wp-image-102751\"\/><\/a><\/figure>\n<\/div>\n\n\n<p>Acostumbrados a un status quo, a una forma de hacer las cosas, a la corrupci\u00f3n imperante en todos los \u00e1mbitos de la vida p\u00fablica, en M\u00e9xico ha sido dif\u00edcil aplicar la \u201cmetanoia\u201d, este cambio de rumbo que ha propuesto el presidente Andr\u00e9s Manuel L\u00f3pez Obrador, porque por aqu\u00ed y por all\u00e1 quiere salir en este proyecto, el hombre viejo, el acostumbrado al robo, al lucro, al pasar por encima de los otros.<\/p>\n\n\n\n<p>Pero esto no sucede solamente en M\u00e9xico, en donde lleg\u00f3 a gobernar un hombre con un proyecto con profundas ra\u00edces sociales, que mir\u00f3 de frente, a los ojos, a los m\u00e1s desprotegidos, para empoderarlos con un programa social in\u00e9dito, \u00fanico en la historia de nuestra naci\u00f3n. En todo el mundo se ha venido dando un despertar, la necesidad de un cambio de rumbo, de una \u201cmetanoia social\u201d que permita empoderar a los ciudadanos, a los hombres y mujeres de a pie, como suele decirse.<\/p>\n\n\n\n<p>Desde Washington, la capital de Estados Unidos, nos enteramos que funcionarios del Fondo Monetario Internacional (FMI) y del Banco Mundial (BM) iniciaron un encuentro rodeados de fuertes cr\u00edticas por la lentitud que han mostrado para aplicarse ante los grandes desaf\u00edos del mundo en materia de cambio clim\u00e1tico y sobre todo de desarrollo social.<\/p>\n\n\n\n<p>Hay que recordar que, al iniciar este a\u00f1o, el Secretario general de la Organizaci\u00f3n de Naciones Unidas, Ant\u00f3nio Guterres, conden\u00f3 el \u201csistema financiero global moralmente en bancarrota\u2026 Dise\u00f1ado para beneficiar a los ricos y los poderosos\u201d. Sus palabras nos remitieron a la propuesta que desde siempre ha venido haciendo Andr\u00e9s Manuel L\u00f3pez Obrador en M\u00e9xico y que aqu\u00ed hemos reiterado: invertir la pir\u00e1mide, empoderar a los m\u00e1s necesitados, atender a los olvidados de siempre.<\/p>\n\n\n\n<p>Voces cr\u00edticas est\u00e1n pidiendo \u201cun giro dram\u00e1tico\u201d para estas instituciones internacionales. Es decir, que empiecen a considerar lo verdaderamente importante para el mundo, frente a los intereses de oligarqu\u00edas o de grupos que quieren seguir manteniendo sus propios intereses.<\/p>\n\n\n\n<p>La prensa internacional consigna que Alemania ya se ha sumado a los llamados por \u201creformas fundamentales\u201d en el Banco Mundial. En febrero, la secretaria del Tesoro de Estados Unidos, Janet Yellen, afirm\u00f3 que el modelo multilateral actual es \u201cinsuficiente para abordar el momento\u201d.<\/p>\n\n\n\n<p>Adem\u00e1s, la revista The Economist describi\u00f3 al FMI como una instituci\u00f3n que padece una \u201ccrisis de identidad\u201d, y declar\u00f3 que el Fondo \u201cest\u00e1 paralizado porque es una instituci\u00f3n multilateral que aspira a representar a todo el mundo, y al mismo tiempo es un club controlado por Estados Unidos y sus aliados occidentales\u201d.<\/p>\n\n\n\n<p>El modelo mexicano de transformaci\u00f3n que ha impulsado el presidente Andr\u00e9s Manuel L\u00f3pez Obrador puede servir de modelo y de gu\u00eda para estas instituciones internacionales en crisis. Lo que el mandatario mexicano ha hecho es recoger las voces de \u201clos de abajo\u201d, de quienes menos tienen, de quienes han servido siempre de escal\u00f3n para que los poderosos se impulsen en sus proyectos de enriquecimiento. Es el momento del pueblo y el pueblo lo sabe. No hay duda.<\/p>\n\n\n\n<p>Comentarios: Facebook Yair Ademar Dominguez Twitter @YairAdemar<\/p>\n","protected":false},"excerpt":{"rendered":"<p>Yair Ademar Dom\u00ednguezPunto y Coma Hace algunos a\u00f1os en mi natal Coatzacoalcos escuch\u00e9 a un sacerdote hablar de la \u201cmetanoia\u201d, una palabra griega que significa \u201cvolverse del camino en que se andaba y tomar otra direcci\u00f3n\u201d. \u00c9l la utiliz\u00f3 en el sentido religioso o teol\u00f3gico para referirse a la \u201ctransformaci\u00f3n\u201d o \u201cconversi\u00f3n\u201d de una persona [&hellip;]<\/p>\n","protected":false},"author":2,"featured_media":0,"comment_status":"closed","ping_status":"closed","sticky":false,"template":"","format":"standard","meta":{"tdm_status":"","tdm_grid_status":"","footnotes":""},"categories":[70],"tags":[618,371,1026,20652],"class_list":{"0":"post-104709","1":"post","2":"type-post","3":"status-publish","4":"format-standard","6":"category-de-opinion","7":"tag-andres-manuel-lopez-obrador","8":"tag-coatzacoalcos","9":"tag-morena","10":"tag-yair-ademar-dominguez"},"yoast_head":"<!-- This site is optimized with the Yoast SEO plugin v27.4 - https:\/\/yoast.com\/product\/yoast-seo-wordpress\/ -->\n<title>METANOIA SOCIAL EN EL MUNDO - Los pol\u00edticos Veracruz<\/title>\n<meta name=\"robots\" content=\"index, follow, max-snippet:-1, max-image-preview:large, max-video-preview:-1\" \/>\n<link rel=\"canonical\" href=\"https:\/\/lospoliticosveracruz.com\/?p=104709\" \/>\n<meta property=\"og:locale\" content=\"es_ES\" \/>\n<meta property=\"og:type\" content=\"article\" \/>\n<meta property=\"og:title\" content=\"METANOIA SOCIAL EN EL MUNDO - Los pol\u00edticos Veracruz\" \/>\n<meta property=\"og:description\" content=\"Yair Ademar Dom\u00ednguezPunto y Coma Hace algunos a\u00f1os en mi natal Coatzacoalcos escuch\u00e9 a un sacerdote hablar de la \u201cmetanoia\u201d, una palabra griega que significa \u201cvolverse del camino en que se andaba y tomar otra direcci\u00f3n\u201d. \u00c9l la utiliz\u00f3 en el sentido religioso o teol\u00f3gico para referirse a la \u201ctransformaci\u00f3n\u201d o \u201cconversi\u00f3n\u201d de una persona [&hellip;]\" \/>\n<meta property=\"og:url\" content=\"https:\/\/lospoliticosveracruz.com\/?p=104709\" \/>\n<meta property=\"og:site_name\" content=\"Los pol\u00edticos Veracruz\" \/>\n<meta property=\"article:publisher\" content=\"https:\/\/www.facebook.com\/people\/Notimemes-de-los-Polticos\/61565672886568\/\" \/>\n<meta property=\"article:published_time\" content=\"2023-04-11T14:24:43+00:00\" \/>\n<meta property=\"article:modified_time\" content=\"2023-04-11T14:24:57+00:00\" \/>\n<meta property=\"og:image\" content=\"https:\/\/lospoliticosveracruz.com.mx\/wp-content\/uploads\/2023\/02\/Estancia-190x300.jpg\" \/>\n<meta name=\"author\" content=\"Lo viste en Los Pol\u00edticos\" \/>\n<meta name=\"twitter:card\" content=\"summary_large_image\" \/>\n<meta name=\"twitter:creator\" content=\"@LosPoliticosVer\" \/>\n<meta name=\"twitter:site\" content=\"@LosPoliticosVer\" \/>\n<meta name=\"twitter:label1\" content=\"Escrito por\" \/>\n\t<meta name=\"twitter:data1\" content=\"Lo viste en Los Pol\u00edticos\" \/>\n\t<meta name=\"twitter:label2\" content=\"Tiempo de lectura\" \/>\n\t<meta name=\"twitter:data2\" content=\"3 minutos\" \/>\n<script type=\"application\/ld+json\" class=\"yoast-schema-graph\">{\"@context\":\"https:\\\/\\\/schema.org\",\"@graph\":[{\"@type\":\"Article\",\"@id\":\"https:\\\/\\\/lospoliticosveracruz.com\\\/?p=104709#article\",\"isPartOf\":{\"@id\":\"https:\\\/\\\/lospoliticosveracruz.com\\\/?p=104709\"},\"author\":{\"name\":\"Lo viste en Los Pol\u00edticos\",\"@id\":\"https:\\\/\\\/lospoliticosveracruz.com\\\/#\\\/schema\\\/person\\\/b8702bb0e538456e6efd07080bf2a4a2\"},\"headline\":\"METANOIA SOCIAL EN EL MUNDO\",\"datePublished\":\"2023-04-11T14:24:43+00:00\",\"dateModified\":\"2023-04-11T14:24:57+00:00\",\"mainEntityOfPage\":{\"@id\":\"https:\\\/\\\/lospoliticosveracruz.com\\\/?p=104709\"},\"wordCount\":626,\"publisher\":{\"@id\":\"https:\\\/\\\/lospoliticosveracruz.com\\\/#organization\"},\"image\":{\"@id\":\"https:\\\/\\\/lospoliticosveracruz.com\\\/?p=104709#primaryimage\"},\"thumbnailUrl\":\"https:\\\/\\\/lospoliticosveracruz.com.mx\\\/wp-content\\\/uploads\\\/2023\\\/02\\\/Estancia-190x300.jpg\",\"keywords\":[\"Andr\u00e9s Manuel L\u00f3pez Obrador\",\"Coatzacoalcos\",\"Morena\",\"Yair Ademar Dom\u00ednguez\"],\"articleSection\":[\"De Opini\u00f3n\"],\"inLanguage\":\"es\"},{\"@type\":\"WebPage\",\"@id\":\"https:\\\/\\\/lospoliticosveracruz.com\\\/?p=104709\",\"url\":\"https:\\\/\\\/lospoliticosveracruz.com\\\/?p=104709\",\"name\":\"METANOIA SOCIAL EN EL MUNDO - Los pol\u00edticos Veracruz\",\"isPartOf\":{\"@id\":\"https:\\\/\\\/lospoliticosveracruz.com\\\/#website\"},\"primaryImageOfPage\":{\"@id\":\"https:\\\/\\\/lospoliticosveracruz.com\\\/?p=104709#primaryimage\"},\"image\":{\"@id\":\"https:\\\/\\\/lospoliticosveracruz.com\\\/?p=104709#primaryimage\"},\"thumbnailUrl\":\"https:\\\/\\\/lospoliticosveracruz.com.mx\\\/wp-content\\\/uploads\\\/2023\\\/02\\\/Estancia-190x300.jpg\",\"datePublished\":\"2023-04-11T14:24:43+00:00\",\"dateModified\":\"2023-04-11T14:24:57+00:00\",\"breadcrumb\":{\"@id\":\"https:\\\/\\\/lospoliticosveracruz.com\\\/?p=104709#breadcrumb\"},\"inLanguage\":\"es\",\"potentialAction\":[{\"@type\":\"ReadAction\",\"target\":[\"https:\\\/\\\/lospoliticosveracruz.com\\\/?p=104709\"]}]},{\"@type\":\"ImageObject\",\"inLanguage\":\"es\",\"@id\":\"https:\\\/\\\/lospoliticosveracruz.com\\\/?p=104709#primaryimage\",\"url\":\"https:\\\/\\\/lospoliticosveracruz.com.mx\\\/wp-content\\\/uploads\\\/2023\\\/02\\\/Estancia-190x300.jpg\",\"contentUrl\":\"https:\\\/\\\/lospoliticosveracruz.com.mx\\\/wp-content\\\/uploads\\\/2023\\\/02\\\/Estancia-190x300.jpg\"},{\"@type\":\"BreadcrumbList\",\"@id\":\"https:\\\/\\\/lospoliticosveracruz.com\\\/?p=104709#breadcrumb\",\"itemListElement\":[{\"@type\":\"ListItem\",\"position\":1,\"name\":\"Portada\",\"item\":\"https:\\\/\\\/lospoliticosveracruz.com\\\/\"},{\"@type\":\"ListItem\",\"position\":2,\"name\":\"METANOIA SOCIAL EN EL MUNDO\"}]},{\"@type\":\"WebSite\",\"@id\":\"https:\\\/\\\/lospoliticosveracruz.com\\\/#website\",\"url\":\"https:\\\/\\\/lospoliticosveracruz.com\\\/\",\"name\":\"Los pol\u00edticos Veracruz\",\"description\":\"\",\"publisher\":{\"@id\":\"https:\\\/\\\/lospoliticosveracruz.com\\\/#organization\"},\"potentialAction\":[{\"@type\":\"SearchAction\",\"target\":{\"@type\":\"EntryPoint\",\"urlTemplate\":\"https:\\\/\\\/lospoliticosveracruz.com\\\/?s={search_term_string}\"},\"query-input\":{\"@type\":\"PropertyValueSpecification\",\"valueRequired\":true,\"valueName\":\"search_term_string\"}}],\"inLanguage\":\"es\"},{\"@type\":\"Organization\",\"@id\":\"https:\\\/\\\/lospoliticosveracruz.com\\\/#organization\",\"name\":\"Los pol\u00edticos Veracruz\",\"url\":\"https:\\\/\\\/lospoliticosveracruz.com\\\/\",\"logo\":{\"@type\":\"ImageObject\",\"inLanguage\":\"es\",\"@id\":\"https:\\\/\\\/lospoliticosveracruz.com\\\/#\\\/schema\\\/logo\\\/image\\\/\",\"url\":\"https:\\\/\\\/lospoliticosveracruz.com\\\/wp-content\\\/uploads\\\/2025\\\/12\\\/Logo-Nuevo-LOS-POLITICOS-1.jpg\",\"contentUrl\":\"https:\\\/\\\/lospoliticosveracruz.com\\\/wp-content\\\/uploads\\\/2025\\\/12\\\/Logo-Nuevo-LOS-POLITICOS-1.jpg\",\"width\":260,\"height\":70,\"caption\":\"Los pol\u00edticos Veracruz\"},\"image\":{\"@id\":\"https:\\\/\\\/lospoliticosveracruz.com\\\/#\\\/schema\\\/logo\\\/image\\\/\"},\"sameAs\":[\"https:\\\/\\\/www.facebook.com\\\/people\\\/Notimemes-de-los-Polticos\\\/61565672886568\\\/\",\"https:\\\/\\\/x.com\\\/LosPoliticosVer\"]},{\"@type\":\"Person\",\"@id\":\"https:\\\/\\\/lospoliticosveracruz.com\\\/#\\\/schema\\\/person\\\/b8702bb0e538456e6efd07080bf2a4a2\",\"name\":\"Lo viste en Los Pol\u00edticos\",\"image\":{\"@type\":\"ImageObject\",\"inLanguage\":\"es\",\"@id\":\"https:\\\/\\\/secure.gravatar.com\\\/avatar\\\/3a8de04a2656d44082be478bd6c086daa447c4651605818287b9532d3d0bd435?s=96&d=mm&r=g\",\"url\":\"https:\\\/\\\/secure.gravatar.com\\\/avatar\\\/3a8de04a2656d44082be478bd6c086daa447c4651605818287b9532d3d0bd435?s=96&d=mm&r=g\",\"contentUrl\":\"https:\\\/\\\/secure.gravatar.com\\\/avatar\\\/3a8de04a2656d44082be478bd6c086daa447c4651605818287b9532d3d0bd435?s=96&d=mm&r=g\",\"caption\":\"Lo viste en Los Pol\u00edticos\"},\"url\":\"https:\\\/\\\/lospoliticosveracruz.com\\\/?author=2\"}]}<\/script>\n<!-- \/ Yoast SEO plugin. -->","yoast_head_json":{"title":"METANOIA SOCIAL EN EL MUNDO - Los pol\u00edticos Veracruz","robots":{"index":"index","follow":"follow","max-snippet":"max-snippet:-1","max-image-preview":"max-image-preview:large","max-video-preview":"max-video-preview:-1"},"canonical":"https:\/\/lospoliticosveracruz.com\/?p=104709","og_locale":"es_ES","og_type":"article","og_title":"METANOIA SOCIAL EN EL MUNDO - Los pol\u00edticos Veracruz","og_description":"Yair Ademar Dom\u00ednguezPunto y Coma Hace algunos a\u00f1os en mi natal Coatzacoalcos escuch\u00e9 a un sacerdote hablar de la \u201cmetanoia\u201d, una palabra griega que significa \u201cvolverse del camino en que se andaba y tomar otra direcci\u00f3n\u201d. \u00c9l la utiliz\u00f3 en el sentido religioso o teol\u00f3gico para referirse a la \u201ctransformaci\u00f3n\u201d o \u201cconversi\u00f3n\u201d de una persona [&hellip;]","og_url":"https:\/\/lospoliticosveracruz.com\/?p=104709","og_site_name":"Los pol\u00edticos Veracruz","article_publisher":"https:\/\/www.facebook.com\/people\/Notimemes-de-los-Polticos\/61565672886568\/","article_published_time":"2023-04-11T14:24:43+00:00","article_modified_time":"2023-04-11T14:24:57+00:00","og_image":[{"url":"https:\/\/lospoliticosveracruz.com.mx\/wp-content\/uploads\/2023\/02\/Estancia-190x300.jpg","type":"","width":"","height":""}],"author":"Lo viste en Los Pol\u00edticos","twitter_card":"summary_large_image","twitter_creator":"@LosPoliticosVer","twitter_site":"@LosPoliticosVer","twitter_misc":{"Escrito por":"Lo viste en Los Pol\u00edticos","Tiempo de lectura":"3 minutos"},"schema":{"@context":"https:\/\/schema.org","@graph":[{"@type":"Article","@id":"https:\/\/lospoliticosveracruz.com\/?p=104709#article","isPartOf":{"@id":"https:\/\/lospoliticosveracruz.com\/?p=104709"},"author":{"name":"Lo viste en Los Pol\u00edticos","@id":"https:\/\/lospoliticosveracruz.com\/#\/schema\/person\/b8702bb0e538456e6efd07080bf2a4a2"},"headline":"METANOIA SOCIAL EN EL MUNDO","datePublished":"2023-04-11T14:24:43+00:00","dateModified":"2023-04-11T14:24:57+00:00","mainEntityOfPage":{"@id":"https:\/\/lospoliticosveracruz.com\/?p=104709"},"wordCount":626,"publisher":{"@id":"https:\/\/lospoliticosveracruz.com\/#organization"},"image":{"@id":"https:\/\/lospoliticosveracruz.com\/?p=104709#primaryimage"},"thumbnailUrl":"https:\/\/lospoliticosveracruz.com.mx\/wp-content\/uploads\/2023\/02\/Estancia-190x300.jpg","keywords":["Andr\u00e9s Manuel L\u00f3pez Obrador","Coatzacoalcos","Morena","Yair Ademar Dom\u00ednguez"],"articleSection":["De Opini\u00f3n"],"inLanguage":"es"},{"@type":"WebPage","@id":"https:\/\/lospoliticosveracruz.com\/?p=104709","url":"https:\/\/lospoliticosveracruz.com\/?p=104709","name":"METANOIA SOCIAL EN EL MUNDO - Los pol\u00edticos Veracruz","isPartOf":{"@id":"https:\/\/lospoliticosveracruz.com\/#website"},"primaryImageOfPage":{"@id":"https:\/\/lospoliticosveracruz.com\/?p=104709#primaryimage"},"image":{"@id":"https:\/\/lospoliticosveracruz.com\/?p=104709#primaryimage"},"thumbnailUrl":"https:\/\/lospoliticosveracruz.com.mx\/wp-content\/uploads\/2023\/02\/Estancia-190x300.jpg","datePublished":"2023-04-11T14:24:43+00:00","dateModified":"2023-04-11T14:24:57+00:00","breadcrumb":{"@id":"https:\/\/lospoliticosveracruz.com\/?p=104709#breadcrumb"},"inLanguage":"es","potentialAction":[{"@type":"ReadAction","target":["https:\/\/lospoliticosveracruz.com\/?p=104709"]}]},{"@type":"ImageObject","inLanguage":"es","@id":"https:\/\/lospoliticosveracruz.com\/?p=104709#primaryimage","url":"https:\/\/lospoliticosveracruz.com.mx\/wp-content\/uploads\/2023\/02\/Estancia-190x300.jpg","contentUrl":"https:\/\/lospoliticosveracruz.com.mx\/wp-content\/uploads\/2023\/02\/Estancia-190x300.jpg"},{"@type":"BreadcrumbList","@id":"https:\/\/lospoliticosveracruz.com\/?p=104709#breadcrumb","itemListElement":[{"@type":"ListItem","position":1,"name":"Portada","item":"https:\/\/lospoliticosveracruz.com\/"},{"@type":"ListItem","position":2,"name":"METANOIA SOCIAL EN EL MUNDO"}]},{"@type":"WebSite","@id":"https:\/\/lospoliticosveracruz.com\/#website","url":"https:\/\/lospoliticosveracruz.com\/","name":"Los pol\u00edticos Veracruz","description":"","publisher":{"@id":"https:\/\/lospoliticosveracruz.com\/#organization"},"potentialAction":[{"@type":"SearchAction","target":{"@type":"EntryPoint","urlTemplate":"https:\/\/lospoliticosveracruz.com\/?s={search_term_string}"},"query-input":{"@type":"PropertyValueSpecification","valueRequired":true,"valueName":"search_term_string"}}],"inLanguage":"es"},{"@type":"Organization","@id":"https:\/\/lospoliticosveracruz.com\/#organization","name":"Los pol\u00edticos Veracruz","url":"https:\/\/lospoliticosveracruz.com\/","logo":{"@type":"ImageObject","inLanguage":"es","@id":"https:\/\/lospoliticosveracruz.com\/#\/schema\/logo\/image\/","url":"https:\/\/lospoliticosveracruz.com\/wp-content\/uploads\/2025\/12\/Logo-Nuevo-LOS-POLITICOS-1.jpg","contentUrl":"https:\/\/lospoliticosveracruz.com\/wp-content\/uploads\/2025\/12\/Logo-Nuevo-LOS-POLITICOS-1.jpg","width":260,"height":70,"caption":"Los pol\u00edticos Veracruz"},"image":{"@id":"https:\/\/lospoliticosveracruz.com\/#\/schema\/logo\/image\/"},"sameAs":["https:\/\/www.facebook.com\/people\/Notimemes-de-los-Polticos\/61565672886568\/","https:\/\/x.com\/LosPoliticosVer"]},{"@type":"Person","@id":"https:\/\/lospoliticosveracruz.com\/#\/schema\/person\/b8702bb0e538456e6efd07080bf2a4a2","name":"Lo viste en Los Pol\u00edticos","image":{"@type":"ImageObject","inLanguage":"es","@id":"https:\/\/secure.gravatar.com\/avatar\/3a8de04a2656d44082be478bd6c086daa447c4651605818287b9532d3d0bd435?s=96&d=mm&r=g","url":"https:\/\/secure.gravatar.com\/avatar\/3a8de04a2656d44082be478bd6c086daa447c4651605818287b9532d3d0bd435?s=96&d=mm&r=g","contentUrl":"https:\/\/secure.gravatar.com\/avatar\/3a8de04a2656d44082be478bd6c086daa447c4651605818287b9532d3d0bd435?s=96&d=mm&r=g","caption":"Lo viste en Los Pol\u00edticos"},"url":"https:\/\/lospoliticosveracruz.com\/?author=2"}]}},"_links":{"self":[{"href":"https:\/\/lospoliticosveracruz.com\/index.php?rest_route=\/wp\/v2\/posts\/104709","targetHints":{"allow":["GET"]}}],"collection":[{"href":"https:\/\/lospoliticosveracruz.com\/index.php?rest_route=\/wp\/v2\/posts"}],"about":[{"href":"https:\/\/lospoliticosveracruz.com\/index.php?rest_route=\/wp\/v2\/types\/post"}],"author":[{"embeddable":true,"href":"https:\/\/lospoliticosveracruz.com\/index.php?rest_route=\/wp\/v2\/users\/2"}],"replies":[{"embeddable":true,"href":"https:\/\/lospoliticosveracruz.com\/index.php?rest_route=%2Fwp%2Fv2%2Fcomments&post=104709"}],"version-history":[{"count":1,"href":"https:\/\/lospoliticosveracruz.com\/index.php?rest_route=\/wp\/v2\/posts\/104709\/revisions"}],"predecessor-version":[{"id":104710,"href":"https:\/\/lospoliticosveracruz.com\/index.php?rest_route=\/wp\/v2\/posts\/104709\/revisions\/104710"}],"wp:attachment":[{"href":"https:\/\/lospoliticosveracruz.com\/index.php?rest_route=%2Fwp%2Fv2%2Fmedia&parent=104709"}],"wp:term":[{"taxonomy":"category","embeddable":true,"href":"https:\/\/lospoliticosveracruz.com\/index.php?rest_route=%2Fwp%2Fv2%2Fcategories&post=104709"},{"taxonomy":"post_tag","embeddable":true,"href":"https:\/\/lospoliticosveracruz.com\/index.php?rest_route=%2Fwp%2Fv2%2Ftags&post=104709"}],"curies":[{"name":"wp","href":"https:\/\/api.w.org\/{rel}","templated":true}]}}