{"id":104734,"date":"2023-04-11T21:17:18","date_gmt":"2023-04-12T02:17:18","guid":{"rendered":"https:\/\/lospoliticosveracruz.com.mx\/?p=104734"},"modified":"2023-04-11T21:17:22","modified_gmt":"2023-04-12T02:17:22","slug":"la-oposicion-y-sus-corcholatas","status":"publish","type":"post","link":"https:\/\/lospoliticosveracruz.com\/?p=104734","title":{"rendered":"LA OPOSICI\u00d3N Y SUS \u201cCORCHOLATAS\u201d"},"content":{"rendered":"\n<p><\/p>\n\n\n\n<p><strong>Enrique Yasser Pompeyo<br><\/strong><em>Mesa de Redacci\u00f3n<\/em><\/p>\n\n\n\n<p>Mientras los aspirantes de Morena a la candidatura para la Presidencia de la Rep\u00fablica est\u00e1n en una constante exposici\u00f3n medi\u00e1tica nacional, \u00bfqui\u00e9nes son las corcholatas de la oposici\u00f3n?<\/p>\n\n\n\n<figure class=\"wp-block-embed is-type-video is-provider-youtube wp-block-embed-youtube wp-embed-aspect-16-9 wp-has-aspect-ratio\"><div class=\"wp-block-embed__wrapper\">\n<iframe loading=\"lazy\" title=\"Cluster Coworking\" width=\"696\" height=\"392\" src=\"https:\/\/www.youtube.com\/embed\/Nxe-vxf8GuY?feature=oembed\" frameborder=\"0\" allow=\"accelerometer; autoplay; clipboard-write; encrypted-media; gyroscope; picture-in-picture; web-share\" referrerpolicy=\"strict-origin-when-cross-origin\" allowfullscreen><\/iframe>\n<\/div><\/figure>\n\n\n\n<p>De acuerdo con la reciente encuesta elaborada por El Financiero, las senadoras Lilly T\u00e9llez y Claudia Ruiz Massieu destacan de una lista de seis nombres como las favoritas para encabezar la candidatura presidencial por la coalici\u00f3n PRI-PAN-PRD.<\/p>\n\n\n\n<p>En ese sentido, T\u00e9llez obtiene 18 por ciento de las menciones, mientras que Ruiz Massieu capta 13 por ciento.<\/p>\n\n\n\n<p>En tercer lugar se ubican Miguel \u00c1ngel Mancera (senador) y Santiago Creel (diputado federal), con 6 por ciento cada uno, mientras que Enrique de la Madrid (ex secretario de Turismo) y Beatriz Paredes (senadora) obtienen 4 por ciento cada uno.<\/p>\n\n\n\n<p>La encuesta de El Financiero revela que, entre las figuras de oposici\u00f3n, Lilly T\u00e9llez obtuvo la popularidad m\u00e1s alta en marzo, con 26 por ciento de opini\u00f3n favorable, con todo y que tuvo una ligera disminuci\u00f3n respecto al mes de febrero, cuando registr\u00f3 29 por ciento.<\/p>\n\n\n\n<p>Ruiz Massieu obtuvo 24 por ciento de opini\u00f3n favorable, rebasando ligeramente, y por primera vez, al emecista Luis Donaldo Colosio, que obtuvo 23 por ciento de opini\u00f3n positiva, 10 puntos menos de lo que ten\u00eda en octubre.<\/p>\n\n\n\n<p>Al respecto, se plantea que Colosio parece haber entrado en una espiral descendente.<\/p>\n\n\n\n<p>Adem\u00e1s, recuerdan que en marzo, el empresario Gustavo de Hoyos manifest\u00f3 su deseo de contender por la Presidencia; el sondeo indica que una mayor\u00eda de 57 por ciento a\u00fan no lo conoce, mientras que 11 por ciento tiene una opini\u00f3n favorable de \u00e9l.<\/p>\n\n\n\n<p><strong>CORCHOLATAS MORENISTAS<\/strong><\/p>\n\n\n\n<p>Por el lado de Morena, en la encuesta elaborada por El Financiero, se indica que Marcelo Ebrard va perdiendo cada vez m\u00e1s puntos como uno de los candidatos favoritos a la presidencia del pa\u00eds en las elecciones de 2024.<\/p>\n\n\n\n<p>El actual secretario de Relaciones Exteriores se coloc\u00f3 11 puntos por debajo de la jefa de Gobierno, Claudia Sheinbaum, descendiendo cinco puntos m\u00e1s de lo registrado en febrero.<\/p>\n\n\n\n<p>Mientras Sheinbaum obtuvo 32 por ciento de las preferencias para ser la candidata presidencial de Morena, Ebrard solo capto\u0301 21 por ciento, seguido por el secretario de Gobernaci\u00f3n, Ad\u00e1n Augusto L\u00f3pez con el 15 por ciento y el senador Ricardo Monreal con el 7 por ciento. La ventaja de Sheinbaum se ampli\u00f3 de seis a 11 puntos entre febrero y marzo, de acuerdo con el sondeo.<\/p>\n\n\n\n<p>Si en el listado de corcholatas se incluye como quinta opci\u00f3n al petista Gerardo Fern\u00e1ndez Noron\u0303a, el apoyo a Sheinbaum registra 31 por ciento; el de Ebrard, 19 por ciento; el de Ad\u00e1n Augusto L\u00f3pez, 13 por ciento; el de Monreal, 6 por ciento, y el de Fern\u00e1ndez Noron\u0303a, tambie\u0301n 6 por ciento. El petista arrebata de uno a dos puntos de cada corcholata.<\/p>\n\n\n\n<p>La encuesta tambi\u00e9n indica que Sheinbaum cuenta con 44 por ciento de opini\u00f3n favorable; Ebrard, 35 por ciento; L\u00f3pez, 29 por ciento; Monreal, 24 por ciento, y Fern\u00e1ndez Noron\u0303a, 23 por ciento.<\/p>\n\n\n\n<p>enriquepompeyo@hotmail.com<\/p>\n","protected":false},"excerpt":{"rendered":"<p>Enrique Yasser PompeyoMesa de Redacci\u00f3n Mientras los aspirantes de Morena a la candidatura para la Presidencia de la Rep\u00fablica est\u00e1n en una constante exposici\u00f3n medi\u00e1tica nacional, \u00bfqui\u00e9nes son las corcholatas de la oposici\u00f3n? De acuerdo con la reciente encuesta elaborada por El Financiero, las senadoras Lilly T\u00e9llez y Claudia Ruiz Massieu destacan de una lista [&hellip;]<\/p>\n","protected":false},"author":2,"featured_media":0,"comment_status":"closed","ping_status":"closed","sticky":false,"template":"","format":"standard","meta":{"tdm_status":"","tdm_grid_status":"","footnotes":""},"categories":[70],"tags":[2199,15477,17470,2200,14703,1034,1026,5590],"class_list":{"0":"post-104734","1":"post","2":"type-post","3":"status-publish","4":"format-standard","6":"category-de-opinion","7":"tag-beatriz-paredes","8":"tag-enrique-yasser-pompeyo","9":"tag-lilly-tellez","10":"tag-luis-donaldo-colosio","11":"tag-marcelo-ebrard","12":"tag-miguel-angel-mancera","13":"tag-morena","14":"tag-santiago-creel"},"yoast_head":"<!-- This site is optimized with the Yoast SEO plugin v27.4 - https:\/\/yoast.com\/product\/yoast-seo-wordpress\/ -->\n<title>LA OPOSICI\u00d3N Y SUS \u201cCORCHOLATAS\u201d - Los pol\u00edticos Veracruz<\/title>\n<meta name=\"robots\" content=\"index, follow, max-snippet:-1, max-image-preview:large, max-video-preview:-1\" \/>\n<link rel=\"canonical\" href=\"https:\/\/lospoliticosveracruz.com\/?p=104734\" \/>\n<meta property=\"og:locale\" content=\"es_ES\" \/>\n<meta property=\"og:type\" content=\"article\" \/>\n<meta property=\"og:title\" content=\"LA OPOSICI\u00d3N Y SUS \u201cCORCHOLATAS\u201d - Los pol\u00edticos Veracruz\" \/>\n<meta property=\"og:description\" content=\"Enrique Yasser PompeyoMesa de Redacci\u00f3n Mientras los aspirantes de Morena a la candidatura para la Presidencia de la Rep\u00fablica est\u00e1n en una constante exposici\u00f3n medi\u00e1tica nacional, \u00bfqui\u00e9nes son las corcholatas de la oposici\u00f3n? De acuerdo con la reciente encuesta elaborada por El Financiero, las senadoras Lilly T\u00e9llez y Claudia Ruiz Massieu destacan de una lista [&hellip;]\" \/>\n<meta property=\"og:url\" content=\"https:\/\/lospoliticosveracruz.com\/?p=104734\" \/>\n<meta property=\"og:site_name\" content=\"Los pol\u00edticos Veracruz\" \/>\n<meta property=\"article:publisher\" content=\"https:\/\/www.facebook.com\/people\/Notimemes-de-los-Polticos\/61565672886568\/\" \/>\n<meta property=\"article:published_time\" content=\"2023-04-12T02:17:18+00:00\" \/>\n<meta property=\"article:modified_time\" content=\"2023-04-12T02:17:22+00:00\" \/>\n<meta property=\"og:image\" content=\"https:\/\/lospoliticosveracruz.com\/wp-content\/uploads\/2016\/07\/Logo-Dor.jpg\" \/>\n\t<meta property=\"og:image:width\" content=\"200\" \/>\n\t<meta property=\"og:image:height\" content=\"200\" \/>\n\t<meta property=\"og:image:type\" content=\"image\/jpeg\" \/>\n<meta name=\"author\" content=\"Lo viste en Los Pol\u00edticos\" \/>\n<meta name=\"twitter:card\" content=\"summary_large_image\" \/>\n<meta name=\"twitter:creator\" content=\"@LosPoliticosVer\" \/>\n<meta name=\"twitter:site\" content=\"@LosPoliticosVer\" \/>\n<meta name=\"twitter:label1\" content=\"Escrito por\" \/>\n\t<meta name=\"twitter:data1\" content=\"Lo viste en Los Pol\u00edticos\" \/>\n\t<meta name=\"twitter:label2\" content=\"Tiempo de lectura\" \/>\n\t<meta name=\"twitter:data2\" content=\"3 minutos\" \/>\n<script type=\"application\/ld+json\" class=\"yoast-schema-graph\">{\"@context\":\"https:\\\/\\\/schema.org\",\"@graph\":[{\"@type\":\"Article\",\"@id\":\"https:\\\/\\\/lospoliticosveracruz.com\\\/?p=104734#article\",\"isPartOf\":{\"@id\":\"https:\\\/\\\/lospoliticosveracruz.com\\\/?p=104734\"},\"author\":{\"name\":\"Lo viste en Los Pol\u00edticos\",\"@id\":\"https:\\\/\\\/lospoliticosveracruz.com\\\/#\\\/schema\\\/person\\\/b8702bb0e538456e6efd07080bf2a4a2\"},\"headline\":\"LA OPOSICI\u00d3N Y SUS \u201cCORCHOLATAS\u201d\",\"datePublished\":\"2023-04-12T02:17:18+00:00\",\"dateModified\":\"2023-04-12T02:17:22+00:00\",\"mainEntityOfPage\":{\"@id\":\"https:\\\/\\\/lospoliticosveracruz.com\\\/?p=104734\"},\"wordCount\":527,\"publisher\":{\"@id\":\"https:\\\/\\\/lospoliticosveracruz.com\\\/#organization\"},\"keywords\":[\"Beatriz Paredes\",\"Enrique Yasser Pompeyo\",\"Lilly T\u00e9llez\",\"Luis Donaldo Colosio\",\"Marcelo Ebrard\",\"Miguel \u00c1ngel Mancera\",\"Morena\",\"Santiago Creel\"],\"articleSection\":[\"De Opini\u00f3n\"],\"inLanguage\":\"es\"},{\"@type\":\"WebPage\",\"@id\":\"https:\\\/\\\/lospoliticosveracruz.com\\\/?p=104734\",\"url\":\"https:\\\/\\\/lospoliticosveracruz.com\\\/?p=104734\",\"name\":\"LA OPOSICI\u00d3N Y SUS \u201cCORCHOLATAS\u201d - Los pol\u00edticos Veracruz\",\"isPartOf\":{\"@id\":\"https:\\\/\\\/lospoliticosveracruz.com\\\/#website\"},\"datePublished\":\"2023-04-12T02:17:18+00:00\",\"dateModified\":\"2023-04-12T02:17:22+00:00\",\"breadcrumb\":{\"@id\":\"https:\\\/\\\/lospoliticosveracruz.com\\\/?p=104734#breadcrumb\"},\"inLanguage\":\"es\",\"potentialAction\":[{\"@type\":\"ReadAction\",\"target\":[\"https:\\\/\\\/lospoliticosveracruz.com\\\/?p=104734\"]}]},{\"@type\":\"BreadcrumbList\",\"@id\":\"https:\\\/\\\/lospoliticosveracruz.com\\\/?p=104734#breadcrumb\",\"itemListElement\":[{\"@type\":\"ListItem\",\"position\":1,\"name\":\"Portada\",\"item\":\"https:\\\/\\\/lospoliticosveracruz.com\\\/\"},{\"@type\":\"ListItem\",\"position\":2,\"name\":\"LA OPOSICI\u00d3N Y SUS \u201cCORCHOLATAS\u201d\"}]},{\"@type\":\"WebSite\",\"@id\":\"https:\\\/\\\/lospoliticosveracruz.com\\\/#website\",\"url\":\"https:\\\/\\\/lospoliticosveracruz.com\\\/\",\"name\":\"Los pol\u00edticos Veracruz\",\"description\":\"\",\"publisher\":{\"@id\":\"https:\\\/\\\/lospoliticosveracruz.com\\\/#organization\"},\"potentialAction\":[{\"@type\":\"SearchAction\",\"target\":{\"@type\":\"EntryPoint\",\"urlTemplate\":\"https:\\\/\\\/lospoliticosveracruz.com\\\/?s={search_term_string}\"},\"query-input\":{\"@type\":\"PropertyValueSpecification\",\"valueRequired\":true,\"valueName\":\"search_term_string\"}}],\"inLanguage\":\"es\"},{\"@type\":\"Organization\",\"@id\":\"https:\\\/\\\/lospoliticosveracruz.com\\\/#organization\",\"name\":\"Los pol\u00edticos Veracruz\",\"url\":\"https:\\\/\\\/lospoliticosveracruz.com\\\/\",\"logo\":{\"@type\":\"ImageObject\",\"inLanguage\":\"es\",\"@id\":\"https:\\\/\\\/lospoliticosveracruz.com\\\/#\\\/schema\\\/logo\\\/image\\\/\",\"url\":\"https:\\\/\\\/lospoliticosveracruz.com\\\/wp-content\\\/uploads\\\/2025\\\/12\\\/Logo-Nuevo-LOS-POLITICOS-1.jpg\",\"contentUrl\":\"https:\\\/\\\/lospoliticosveracruz.com\\\/wp-content\\\/uploads\\\/2025\\\/12\\\/Logo-Nuevo-LOS-POLITICOS-1.jpg\",\"width\":260,\"height\":70,\"caption\":\"Los pol\u00edticos Veracruz\"},\"image\":{\"@id\":\"https:\\\/\\\/lospoliticosveracruz.com\\\/#\\\/schema\\\/logo\\\/image\\\/\"},\"sameAs\":[\"https:\\\/\\\/www.facebook.com\\\/people\\\/Notimemes-de-los-Polticos\\\/61565672886568\\\/\",\"https:\\\/\\\/x.com\\\/LosPoliticosVer\"]},{\"@type\":\"Person\",\"@id\":\"https:\\\/\\\/lospoliticosveracruz.com\\\/#\\\/schema\\\/person\\\/b8702bb0e538456e6efd07080bf2a4a2\",\"name\":\"Lo viste en Los Pol\u00edticos\",\"image\":{\"@type\":\"ImageObject\",\"inLanguage\":\"es\",\"@id\":\"https:\\\/\\\/secure.gravatar.com\\\/avatar\\\/3a8de04a2656d44082be478bd6c086daa447c4651605818287b9532d3d0bd435?s=96&d=mm&r=g\",\"url\":\"https:\\\/\\\/secure.gravatar.com\\\/avatar\\\/3a8de04a2656d44082be478bd6c086daa447c4651605818287b9532d3d0bd435?s=96&d=mm&r=g\",\"contentUrl\":\"https:\\\/\\\/secure.gravatar.com\\\/avatar\\\/3a8de04a2656d44082be478bd6c086daa447c4651605818287b9532d3d0bd435?s=96&d=mm&r=g\",\"caption\":\"Lo viste en Los Pol\u00edticos\"},\"url\":\"https:\\\/\\\/lospoliticosveracruz.com\\\/?author=2\"}]}<\/script>\n<!-- \/ Yoast SEO plugin. -->","yoast_head_json":{"title":"LA OPOSICI\u00d3N Y SUS \u201cCORCHOLATAS\u201d - Los pol\u00edticos Veracruz","robots":{"index":"index","follow":"follow","max-snippet":"max-snippet:-1","max-image-preview":"max-image-preview:large","max-video-preview":"max-video-preview:-1"},"canonical":"https:\/\/lospoliticosveracruz.com\/?p=104734","og_locale":"es_ES","og_type":"article","og_title":"LA OPOSICI\u00d3N Y SUS \u201cCORCHOLATAS\u201d - Los pol\u00edticos Veracruz","og_description":"Enrique Yasser PompeyoMesa de Redacci\u00f3n Mientras los aspirantes de Morena a la candidatura para la Presidencia de la Rep\u00fablica est\u00e1n en una constante exposici\u00f3n medi\u00e1tica nacional, \u00bfqui\u00e9nes son las corcholatas de la oposici\u00f3n? De acuerdo con la reciente encuesta elaborada por El Financiero, las senadoras Lilly T\u00e9llez y Claudia Ruiz Massieu destacan de una lista [&hellip;]","og_url":"https:\/\/lospoliticosveracruz.com\/?p=104734","og_site_name":"Los pol\u00edticos Veracruz","article_publisher":"https:\/\/www.facebook.com\/people\/Notimemes-de-los-Polticos\/61565672886568\/","article_published_time":"2023-04-12T02:17:18+00:00","article_modified_time":"2023-04-12T02:17:22+00:00","og_image":[{"width":200,"height":200,"url":"https:\/\/lospoliticosveracruz.com\/wp-content\/uploads\/2016\/07\/Logo-Dor.jpg","type":"image\/jpeg"}],"author":"Lo viste en Los Pol\u00edticos","twitter_card":"summary_large_image","twitter_creator":"@LosPoliticosVer","twitter_site":"@LosPoliticosVer","twitter_misc":{"Escrito por":"Lo viste en Los Pol\u00edticos","Tiempo de lectura":"3 minutos"},"schema":{"@context":"https:\/\/schema.org","@graph":[{"@type":"Article","@id":"https:\/\/lospoliticosveracruz.com\/?p=104734#article","isPartOf":{"@id":"https:\/\/lospoliticosveracruz.com\/?p=104734"},"author":{"name":"Lo viste en Los Pol\u00edticos","@id":"https:\/\/lospoliticosveracruz.com\/#\/schema\/person\/b8702bb0e538456e6efd07080bf2a4a2"},"headline":"LA OPOSICI\u00d3N Y SUS \u201cCORCHOLATAS\u201d","datePublished":"2023-04-12T02:17:18+00:00","dateModified":"2023-04-12T02:17:22+00:00","mainEntityOfPage":{"@id":"https:\/\/lospoliticosveracruz.com\/?p=104734"},"wordCount":527,"publisher":{"@id":"https:\/\/lospoliticosveracruz.com\/#organization"},"keywords":["Beatriz Paredes","Enrique Yasser Pompeyo","Lilly T\u00e9llez","Luis Donaldo Colosio","Marcelo Ebrard","Miguel \u00c1ngel Mancera","Morena","Santiago Creel"],"articleSection":["De Opini\u00f3n"],"inLanguage":"es"},{"@type":"WebPage","@id":"https:\/\/lospoliticosveracruz.com\/?p=104734","url":"https:\/\/lospoliticosveracruz.com\/?p=104734","name":"LA OPOSICI\u00d3N Y SUS \u201cCORCHOLATAS\u201d - Los pol\u00edticos Veracruz","isPartOf":{"@id":"https:\/\/lospoliticosveracruz.com\/#website"},"datePublished":"2023-04-12T02:17:18+00:00","dateModified":"2023-04-12T02:17:22+00:00","breadcrumb":{"@id":"https:\/\/lospoliticosveracruz.com\/?p=104734#breadcrumb"},"inLanguage":"es","potentialAction":[{"@type":"ReadAction","target":["https:\/\/lospoliticosveracruz.com\/?p=104734"]}]},{"@type":"BreadcrumbList","@id":"https:\/\/lospoliticosveracruz.com\/?p=104734#breadcrumb","itemListElement":[{"@type":"ListItem","position":1,"name":"Portada","item":"https:\/\/lospoliticosveracruz.com\/"},{"@type":"ListItem","position":2,"name":"LA OPOSICI\u00d3N Y SUS \u201cCORCHOLATAS\u201d"}]},{"@type":"WebSite","@id":"https:\/\/lospoliticosveracruz.com\/#website","url":"https:\/\/lospoliticosveracruz.com\/","name":"Los pol\u00edticos Veracruz","description":"","publisher":{"@id":"https:\/\/lospoliticosveracruz.com\/#organization"},"potentialAction":[{"@type":"SearchAction","target":{"@type":"EntryPoint","urlTemplate":"https:\/\/lospoliticosveracruz.com\/?s={search_term_string}"},"query-input":{"@type":"PropertyValueSpecification","valueRequired":true,"valueName":"search_term_string"}}],"inLanguage":"es"},{"@type":"Organization","@id":"https:\/\/lospoliticosveracruz.com\/#organization","name":"Los pol\u00edticos Veracruz","url":"https:\/\/lospoliticosveracruz.com\/","logo":{"@type":"ImageObject","inLanguage":"es","@id":"https:\/\/lospoliticosveracruz.com\/#\/schema\/logo\/image\/","url":"https:\/\/lospoliticosveracruz.com\/wp-content\/uploads\/2025\/12\/Logo-Nuevo-LOS-POLITICOS-1.jpg","contentUrl":"https:\/\/lospoliticosveracruz.com\/wp-content\/uploads\/2025\/12\/Logo-Nuevo-LOS-POLITICOS-1.jpg","width":260,"height":70,"caption":"Los pol\u00edticos Veracruz"},"image":{"@id":"https:\/\/lospoliticosveracruz.com\/#\/schema\/logo\/image\/"},"sameAs":["https:\/\/www.facebook.com\/people\/Notimemes-de-los-Polticos\/61565672886568\/","https:\/\/x.com\/LosPoliticosVer"]},{"@type":"Person","@id":"https:\/\/lospoliticosveracruz.com\/#\/schema\/person\/b8702bb0e538456e6efd07080bf2a4a2","name":"Lo viste en Los Pol\u00edticos","image":{"@type":"ImageObject","inLanguage":"es","@id":"https:\/\/secure.gravatar.com\/avatar\/3a8de04a2656d44082be478bd6c086daa447c4651605818287b9532d3d0bd435?s=96&d=mm&r=g","url":"https:\/\/secure.gravatar.com\/avatar\/3a8de04a2656d44082be478bd6c086daa447c4651605818287b9532d3d0bd435?s=96&d=mm&r=g","contentUrl":"https:\/\/secure.gravatar.com\/avatar\/3a8de04a2656d44082be478bd6c086daa447c4651605818287b9532d3d0bd435?s=96&d=mm&r=g","caption":"Lo viste en Los Pol\u00edticos"},"url":"https:\/\/lospoliticosveracruz.com\/?author=2"}]}},"_links":{"self":[{"href":"https:\/\/lospoliticosveracruz.com\/index.php?rest_route=\/wp\/v2\/posts\/104734","targetHints":{"allow":["GET"]}}],"collection":[{"href":"https:\/\/lospoliticosveracruz.com\/index.php?rest_route=\/wp\/v2\/posts"}],"about":[{"href":"https:\/\/lospoliticosveracruz.com\/index.php?rest_route=\/wp\/v2\/types\/post"}],"author":[{"embeddable":true,"href":"https:\/\/lospoliticosveracruz.com\/index.php?rest_route=\/wp\/v2\/users\/2"}],"replies":[{"embeddable":true,"href":"https:\/\/lospoliticosveracruz.com\/index.php?rest_route=%2Fwp%2Fv2%2Fcomments&post=104734"}],"version-history":[{"count":1,"href":"https:\/\/lospoliticosveracruz.com\/index.php?rest_route=\/wp\/v2\/posts\/104734\/revisions"}],"predecessor-version":[{"id":104736,"href":"https:\/\/lospoliticosveracruz.com\/index.php?rest_route=\/wp\/v2\/posts\/104734\/revisions\/104736"}],"wp:attachment":[{"href":"https:\/\/lospoliticosveracruz.com\/index.php?rest_route=%2Fwp%2Fv2%2Fmedia&parent=104734"}],"wp:term":[{"taxonomy":"category","embeddable":true,"href":"https:\/\/lospoliticosveracruz.com\/index.php?rest_route=%2Fwp%2Fv2%2Fcategories&post=104734"},{"taxonomy":"post_tag","embeddable":true,"href":"https:\/\/lospoliticosveracruz.com\/index.php?rest_route=%2Fwp%2Fv2%2Ftags&post=104734"}],"curies":[{"name":"wp","href":"https:\/\/api.w.org\/{rel}","templated":true}]}}