{"id":104744,"date":"2023-04-12T09:19:54","date_gmt":"2023-04-12T14:19:54","guid":{"rendered":"https:\/\/lospoliticosveracruz.com.mx\/?p=104744"},"modified":"2023-04-12T09:20:05","modified_gmt":"2023-04-12T14:20:05","slug":"aislados","status":"publish","type":"post","link":"https:\/\/lospoliticosveracruz.com\/?p=104744","title":{"rendered":"AISLADOS"},"content":{"rendered":"\n<p><strong>Guadalupe H. Mar<br><\/strong><em>Mira Pol\u00edtica<\/em><\/p>\n\n\n\n<p>E IMPUNES \u2026 Lo que ve\u00edamos que era tan com\u00fan en la Ciudad de M\u00e9xico, ya se est\u00e1 replicando en la entidad veracruzana; el asalto a pasajeros de autobuses for\u00e1neos y urbanos, solo que aqu\u00ed han sido asesinados pasajeros y conductores, en tanto nos acostumbramos a estas acciones delincuenciales.<\/p>\n\n\n<div class=\"wp-block-image\">\n<figure class=\"alignleft size-medium\"><a href=\"https:\/\/lospoliticosveracruz.com.mx\/wp-content\/uploads\/2021\/10\/Zacauilt.jpg\"><img decoding=\"async\" src=\"https:\/\/lospoliticosveracruz.com.mx\/wp-content\/uploads\/2021\/10\/Zacauilt-150x300.jpg\" alt=\"\" class=\"wp-image-80558\"\/><\/a><\/figure>\n<\/div>\n\n\n<p><br>Como bot\u00f3n que sirva de muestra, tenemos el reciente caso sucedido apenas el domingo pasado, cuando un par de delincuentes armados con pistolas, abordaron a eso de las 11 de la noche el autob\u00fas urbano \u201cLas Vegas \u2013 D\u00edaz Mir\u00f3n\u201d que circula en los municipios conurbados de Veracruz y Boca del R\u00edo, unidad en la que viajaban una decena de pasajeros, entre ellos una joven pareja de novios que se dirig\u00edan a sus domicilios.<br>Desafortunadamente el jovencito pretendi\u00f3 evitar el asalto al arremeter en contra del asaltante que se hab\u00eda ubicado en la parte posterior del autob\u00fas, sin percatarse que el compinche del ladr\u00f3n se acerc\u00f3 para dispararle segando su vida. El resto de los pasajeros sufri\u00f3 crisis nerviosa y ya ni se diga la novia del muchacho cuyo cuerpo qued\u00f3 tirado en el piso de la unidad \u201cLas Vegas \u2013 D\u00edaz Mir\u00f3n\u201d.<br>De los asaltantes asesinos no se sabe nada, lo cual hace suponer que el caso ser\u00e1 tipificado como aislado e impune.<br>Hace casi un a\u00f1o, el s\u00e1bado 30 abril del 2022, en la carretera Poza Rica- Veracruz a la altura de Emilio Carranza, varios sujetos portando armas de fuego, intentaron asaltar el autob\u00fas de pasajeros de la empresa \u201cEje del Golfo\u201d.<br>Desafortunadamente, en este caso tambi\u00e9n el chofer de la unidad y un pasajero intentaron evitar el asalto, recibiendo a cambio varios balazos de los ladrones que huyeron del lugar.<br>De los asaltantes asesinos no se sabe nada. El caso fue, tipificado como aislado e impune.<br>Como estos se han sucedido varios casos \u201caislados\u201d en carreteras y zona urbana de ciudades del estado de Veracruz, que tienen como com\u00fan denominador que alguien intenta defender lo suyo y por ello los impunes asaltantes les quitan la vida como lecci\u00f3n para futuros casos.<br>Vaya costumbrita que se est\u00e1 generando en Veracruz.<br>FOCO ROJO \u2026 Algo grave est\u00e1 sucediendo en la zona centro del estado de Veracruz, en la zona C\u00f3rdoba- Orizaba, donde en los \u00faltimos d\u00edas se report\u00f3 la desaparici\u00f3n de varias personas, al menos cinco, sobre todo jovencitos.<br>En este caso la Comisi\u00f3n Estatal de B\u00fasqueda de Veracruz (CEBV) ya hizo p\u00fablica la desaparici\u00f3n de estas personas, lo cual merece una profunda investigaci\u00f3n de los detectives de la Fiscal\u00eda General del estado (FGE).<br>De los cinco desaparecidos, cuatro son mujeres y un var\u00f3n, en su mayor\u00eda j\u00f3venes, lo cual de suyo es preocupante.<br>GRITOS DEL SILENCIO \u2026 De nueva cuenta la se\u00f1ora Sandra Ortiz Carrera sali\u00f3 al \u201cParque Ju\u00e1rez\u201d, la plaza principal de Acayucan, para demandar la b\u00fasqueda de su hija Roxana de la Cruz Ortiz, de 22 a\u00f1os, quien desde el mi\u00e9rcoles ocho de febrero desapareci\u00f3 en la comunidad de \u201cEl Barrio\u201d, del municipio de Tierra Blanca, a donde la jovencita asisti\u00f3 a un convivio.<br>La se\u00f1ora ha recorrido diversas oficinas de la FGE en distintas ciudades de la zona de la Cuenca del Papaloapan, sin que le den respuesta alguna de su hija.<br>De hecho, la madre de la jovencita desaparecida desde hace m\u00e1s de dos meses ha tenido que realizar sus propias investigaciones con recursos propios.<br>Por cierto, como dato escalofriante, el Registro Nacional de Personas Desaparecidas y no Localizadas de la Secretar\u00eda de Gobernaci\u00f3n (Segob), indica que en el estado de Veracruz se tienen contabilizadas siete mil 437 casos de estos, que por supuesto, no son aislados ni deben tratarse como tal, cual es la costumbrita de los circunstancialmente encargados de la procuraci\u00f3n de justicia en nuestro estado.<br>D\u00cdGALO SIN MIEDO \u2026 Al correo electr\u00f3nico guadalupehmar@yahoo.com<\/p>\n","protected":false},"excerpt":{"rendered":"<p>Guadalupe H. MarMira Pol\u00edtica E IMPUNES \u2026 Lo que ve\u00edamos que era tan com\u00fan en la Ciudad de M\u00e9xico, ya se est\u00e1 replicando en la entidad veracruzana; el asalto a pasajeros de autobuses for\u00e1neos y urbanos, solo que aqu\u00ed han sido asesinados pasajeros y conductores, en tanto nos acostumbramos a estas acciones delincuenciales. Como bot\u00f3n [&hellip;]<\/p>\n","protected":false},"author":2,"featured_media":0,"comment_status":"closed","ping_status":"closed","sticky":false,"template":"","format":"standard","meta":{"tdm_status":"","tdm_grid_status":"","footnotes":""},"categories":[70],"tags":[37892,1563,4116,1606,1026,195],"class_list":{"0":"post-104744","1":"post","2":"type-post","3":"status-publish","4":"format-standard","6":"category-de-opinion","7":"tag-comision-estatal-de-busqueda-de-veracruz","8":"tag-cuitlahuac-garcia-jimenez","9":"tag-fiscalia-general-del-estado","10":"tag-guadalupe-h-mar","11":"tag-morena","12":"tag-veracruz"},"yoast_head":"<!-- This site is optimized with the Yoast SEO plugin v27.4 - https:\/\/yoast.com\/product\/yoast-seo-wordpress\/ -->\n<title>AISLADOS - Los pol\u00edticos Veracruz<\/title>\n<meta name=\"robots\" content=\"index, follow, max-snippet:-1, max-image-preview:large, max-video-preview:-1\" \/>\n<link rel=\"canonical\" href=\"https:\/\/lospoliticosveracruz.com\/?p=104744\" \/>\n<meta property=\"og:locale\" content=\"es_ES\" \/>\n<meta property=\"og:type\" content=\"article\" \/>\n<meta property=\"og:title\" content=\"AISLADOS - Los pol\u00edticos Veracruz\" \/>\n<meta property=\"og:description\" content=\"Guadalupe H. MarMira Pol\u00edtica E IMPUNES \u2026 Lo que ve\u00edamos que era tan com\u00fan en la Ciudad de M\u00e9xico, ya se est\u00e1 replicando en la entidad veracruzana; el asalto a pasajeros de autobuses for\u00e1neos y urbanos, solo que aqu\u00ed han sido asesinados pasajeros y conductores, en tanto nos acostumbramos a estas acciones delincuenciales. Como bot\u00f3n [&hellip;]\" \/>\n<meta property=\"og:url\" content=\"https:\/\/lospoliticosveracruz.com\/?p=104744\" \/>\n<meta property=\"og:site_name\" content=\"Los pol\u00edticos Veracruz\" \/>\n<meta property=\"article:publisher\" content=\"https:\/\/www.facebook.com\/people\/Notimemes-de-los-Polticos\/61565672886568\/\" \/>\n<meta property=\"article:published_time\" content=\"2023-04-12T14:19:54+00:00\" \/>\n<meta property=\"article:modified_time\" content=\"2023-04-12T14:20:05+00:00\" \/>\n<meta property=\"og:image\" content=\"https:\/\/lospoliticosveracruz.com.mx\/wp-content\/uploads\/2021\/10\/Zacauilt-150x300.jpg\" \/>\n<meta name=\"author\" content=\"Lo viste en Los Pol\u00edticos\" \/>\n<meta name=\"twitter:card\" content=\"summary_large_image\" \/>\n<meta name=\"twitter:creator\" content=\"@LosPoliticosVer\" \/>\n<meta name=\"twitter:site\" content=\"@LosPoliticosVer\" \/>\n<meta name=\"twitter:label1\" content=\"Escrito por\" \/>\n\t<meta name=\"twitter:data1\" content=\"Lo viste en Los Pol\u00edticos\" \/>\n\t<meta name=\"twitter:label2\" content=\"Tiempo de lectura\" \/>\n\t<meta name=\"twitter:data2\" content=\"3 minutos\" \/>\n<script type=\"application\/ld+json\" class=\"yoast-schema-graph\">{\"@context\":\"https:\\\/\\\/schema.org\",\"@graph\":[{\"@type\":\"Article\",\"@id\":\"https:\\\/\\\/lospoliticosveracruz.com\\\/?p=104744#article\",\"isPartOf\":{\"@id\":\"https:\\\/\\\/lospoliticosveracruz.com\\\/?p=104744\"},\"author\":{\"name\":\"Lo viste en Los Pol\u00edticos\",\"@id\":\"https:\\\/\\\/lospoliticosveracruz.com\\\/#\\\/schema\\\/person\\\/b8702bb0e538456e6efd07080bf2a4a2\"},\"headline\":\"AISLADOS\",\"datePublished\":\"2023-04-12T14:19:54+00:00\",\"dateModified\":\"2023-04-12T14:20:05+00:00\",\"mainEntityOfPage\":{\"@id\":\"https:\\\/\\\/lospoliticosveracruz.com\\\/?p=104744\"},\"wordCount\":674,\"publisher\":{\"@id\":\"https:\\\/\\\/lospoliticosveracruz.com\\\/#organization\"},\"image\":{\"@id\":\"https:\\\/\\\/lospoliticosveracruz.com\\\/?p=104744#primaryimage\"},\"thumbnailUrl\":\"https:\\\/\\\/lospoliticosveracruz.com.mx\\\/wp-content\\\/uploads\\\/2021\\\/10\\\/Zacauilt-150x300.jpg\",\"keywords\":[\"Comisi\u00f3n Estatal de B\u00fasqueda de Veracruz\",\"Cuitl\u00e1huac Garc\u00eda Jim\u00e9nez\",\"Fiscal\u00eda General del Estado\",\"Guadalupe H. Mar\",\"Morena\",\"Veracruz\"],\"articleSection\":[\"De Opini\u00f3n\"],\"inLanguage\":\"es\"},{\"@type\":\"WebPage\",\"@id\":\"https:\\\/\\\/lospoliticosveracruz.com\\\/?p=104744\",\"url\":\"https:\\\/\\\/lospoliticosveracruz.com\\\/?p=104744\",\"name\":\"AISLADOS - Los pol\u00edticos Veracruz\",\"isPartOf\":{\"@id\":\"https:\\\/\\\/lospoliticosveracruz.com\\\/#website\"},\"primaryImageOfPage\":{\"@id\":\"https:\\\/\\\/lospoliticosveracruz.com\\\/?p=104744#primaryimage\"},\"image\":{\"@id\":\"https:\\\/\\\/lospoliticosveracruz.com\\\/?p=104744#primaryimage\"},\"thumbnailUrl\":\"https:\\\/\\\/lospoliticosveracruz.com.mx\\\/wp-content\\\/uploads\\\/2021\\\/10\\\/Zacauilt-150x300.jpg\",\"datePublished\":\"2023-04-12T14:19:54+00:00\",\"dateModified\":\"2023-04-12T14:20:05+00:00\",\"breadcrumb\":{\"@id\":\"https:\\\/\\\/lospoliticosveracruz.com\\\/?p=104744#breadcrumb\"},\"inLanguage\":\"es\",\"potentialAction\":[{\"@type\":\"ReadAction\",\"target\":[\"https:\\\/\\\/lospoliticosveracruz.com\\\/?p=104744\"]}]},{\"@type\":\"ImageObject\",\"inLanguage\":\"es\",\"@id\":\"https:\\\/\\\/lospoliticosveracruz.com\\\/?p=104744#primaryimage\",\"url\":\"https:\\\/\\\/lospoliticosveracruz.com.mx\\\/wp-content\\\/uploads\\\/2021\\\/10\\\/Zacauilt-150x300.jpg\",\"contentUrl\":\"https:\\\/\\\/lospoliticosveracruz.com.mx\\\/wp-content\\\/uploads\\\/2021\\\/10\\\/Zacauilt-150x300.jpg\"},{\"@type\":\"BreadcrumbList\",\"@id\":\"https:\\\/\\\/lospoliticosveracruz.com\\\/?p=104744#breadcrumb\",\"itemListElement\":[{\"@type\":\"ListItem\",\"position\":1,\"name\":\"Portada\",\"item\":\"https:\\\/\\\/lospoliticosveracruz.com\\\/\"},{\"@type\":\"ListItem\",\"position\":2,\"name\":\"AISLADOS\"}]},{\"@type\":\"WebSite\",\"@id\":\"https:\\\/\\\/lospoliticosveracruz.com\\\/#website\",\"url\":\"https:\\\/\\\/lospoliticosveracruz.com\\\/\",\"name\":\"Los pol\u00edticos Veracruz\",\"description\":\"\",\"publisher\":{\"@id\":\"https:\\\/\\\/lospoliticosveracruz.com\\\/#organization\"},\"potentialAction\":[{\"@type\":\"SearchAction\",\"target\":{\"@type\":\"EntryPoint\",\"urlTemplate\":\"https:\\\/\\\/lospoliticosveracruz.com\\\/?s={search_term_string}\"},\"query-input\":{\"@type\":\"PropertyValueSpecification\",\"valueRequired\":true,\"valueName\":\"search_term_string\"}}],\"inLanguage\":\"es\"},{\"@type\":\"Organization\",\"@id\":\"https:\\\/\\\/lospoliticosveracruz.com\\\/#organization\",\"name\":\"Los pol\u00edticos Veracruz\",\"url\":\"https:\\\/\\\/lospoliticosveracruz.com\\\/\",\"logo\":{\"@type\":\"ImageObject\",\"inLanguage\":\"es\",\"@id\":\"https:\\\/\\\/lospoliticosveracruz.com\\\/#\\\/schema\\\/logo\\\/image\\\/\",\"url\":\"https:\\\/\\\/lospoliticosveracruz.com\\\/wp-content\\\/uploads\\\/2025\\\/12\\\/Logo-Nuevo-LOS-POLITICOS-1.jpg\",\"contentUrl\":\"https:\\\/\\\/lospoliticosveracruz.com\\\/wp-content\\\/uploads\\\/2025\\\/12\\\/Logo-Nuevo-LOS-POLITICOS-1.jpg\",\"width\":260,\"height\":70,\"caption\":\"Los pol\u00edticos Veracruz\"},\"image\":{\"@id\":\"https:\\\/\\\/lospoliticosveracruz.com\\\/#\\\/schema\\\/logo\\\/image\\\/\"},\"sameAs\":[\"https:\\\/\\\/www.facebook.com\\\/people\\\/Notimemes-de-los-Polticos\\\/61565672886568\\\/\",\"https:\\\/\\\/x.com\\\/LosPoliticosVer\"]},{\"@type\":\"Person\",\"@id\":\"https:\\\/\\\/lospoliticosveracruz.com\\\/#\\\/schema\\\/person\\\/b8702bb0e538456e6efd07080bf2a4a2\",\"name\":\"Lo viste en Los Pol\u00edticos\",\"image\":{\"@type\":\"ImageObject\",\"inLanguage\":\"es\",\"@id\":\"https:\\\/\\\/secure.gravatar.com\\\/avatar\\\/3a8de04a2656d44082be478bd6c086daa447c4651605818287b9532d3d0bd435?s=96&d=mm&r=g\",\"url\":\"https:\\\/\\\/secure.gravatar.com\\\/avatar\\\/3a8de04a2656d44082be478bd6c086daa447c4651605818287b9532d3d0bd435?s=96&d=mm&r=g\",\"contentUrl\":\"https:\\\/\\\/secure.gravatar.com\\\/avatar\\\/3a8de04a2656d44082be478bd6c086daa447c4651605818287b9532d3d0bd435?s=96&d=mm&r=g\",\"caption\":\"Lo viste en Los Pol\u00edticos\"},\"url\":\"https:\\\/\\\/lospoliticosveracruz.com\\\/?author=2\"}]}<\/script>\n<!-- \/ Yoast SEO plugin. -->","yoast_head_json":{"title":"AISLADOS - Los pol\u00edticos Veracruz","robots":{"index":"index","follow":"follow","max-snippet":"max-snippet:-1","max-image-preview":"max-image-preview:large","max-video-preview":"max-video-preview:-1"},"canonical":"https:\/\/lospoliticosveracruz.com\/?p=104744","og_locale":"es_ES","og_type":"article","og_title":"AISLADOS - Los pol\u00edticos Veracruz","og_description":"Guadalupe H. MarMira Pol\u00edtica E IMPUNES \u2026 Lo que ve\u00edamos que era tan com\u00fan en la Ciudad de M\u00e9xico, ya se est\u00e1 replicando en la entidad veracruzana; el asalto a pasajeros de autobuses for\u00e1neos y urbanos, solo que aqu\u00ed han sido asesinados pasajeros y conductores, en tanto nos acostumbramos a estas acciones delincuenciales. Como bot\u00f3n [&hellip;]","og_url":"https:\/\/lospoliticosveracruz.com\/?p=104744","og_site_name":"Los pol\u00edticos Veracruz","article_publisher":"https:\/\/www.facebook.com\/people\/Notimemes-de-los-Polticos\/61565672886568\/","article_published_time":"2023-04-12T14:19:54+00:00","article_modified_time":"2023-04-12T14:20:05+00:00","og_image":[{"url":"https:\/\/lospoliticosveracruz.com.mx\/wp-content\/uploads\/2021\/10\/Zacauilt-150x300.jpg","type":"","width":"","height":""}],"author":"Lo viste en Los Pol\u00edticos","twitter_card":"summary_large_image","twitter_creator":"@LosPoliticosVer","twitter_site":"@LosPoliticosVer","twitter_misc":{"Escrito por":"Lo viste en Los Pol\u00edticos","Tiempo de lectura":"3 minutos"},"schema":{"@context":"https:\/\/schema.org","@graph":[{"@type":"Article","@id":"https:\/\/lospoliticosveracruz.com\/?p=104744#article","isPartOf":{"@id":"https:\/\/lospoliticosveracruz.com\/?p=104744"},"author":{"name":"Lo viste en Los Pol\u00edticos","@id":"https:\/\/lospoliticosveracruz.com\/#\/schema\/person\/b8702bb0e538456e6efd07080bf2a4a2"},"headline":"AISLADOS","datePublished":"2023-04-12T14:19:54+00:00","dateModified":"2023-04-12T14:20:05+00:00","mainEntityOfPage":{"@id":"https:\/\/lospoliticosveracruz.com\/?p=104744"},"wordCount":674,"publisher":{"@id":"https:\/\/lospoliticosveracruz.com\/#organization"},"image":{"@id":"https:\/\/lospoliticosveracruz.com\/?p=104744#primaryimage"},"thumbnailUrl":"https:\/\/lospoliticosveracruz.com.mx\/wp-content\/uploads\/2021\/10\/Zacauilt-150x300.jpg","keywords":["Comisi\u00f3n Estatal de B\u00fasqueda de Veracruz","Cuitl\u00e1huac Garc\u00eda Jim\u00e9nez","Fiscal\u00eda General del Estado","Guadalupe H. Mar","Morena","Veracruz"],"articleSection":["De Opini\u00f3n"],"inLanguage":"es"},{"@type":"WebPage","@id":"https:\/\/lospoliticosveracruz.com\/?p=104744","url":"https:\/\/lospoliticosveracruz.com\/?p=104744","name":"AISLADOS - Los pol\u00edticos Veracruz","isPartOf":{"@id":"https:\/\/lospoliticosveracruz.com\/#website"},"primaryImageOfPage":{"@id":"https:\/\/lospoliticosveracruz.com\/?p=104744#primaryimage"},"image":{"@id":"https:\/\/lospoliticosveracruz.com\/?p=104744#primaryimage"},"thumbnailUrl":"https:\/\/lospoliticosveracruz.com.mx\/wp-content\/uploads\/2021\/10\/Zacauilt-150x300.jpg","datePublished":"2023-04-12T14:19:54+00:00","dateModified":"2023-04-12T14:20:05+00:00","breadcrumb":{"@id":"https:\/\/lospoliticosveracruz.com\/?p=104744#breadcrumb"},"inLanguage":"es","potentialAction":[{"@type":"ReadAction","target":["https:\/\/lospoliticosveracruz.com\/?p=104744"]}]},{"@type":"ImageObject","inLanguage":"es","@id":"https:\/\/lospoliticosveracruz.com\/?p=104744#primaryimage","url":"https:\/\/lospoliticosveracruz.com.mx\/wp-content\/uploads\/2021\/10\/Zacauilt-150x300.jpg","contentUrl":"https:\/\/lospoliticosveracruz.com.mx\/wp-content\/uploads\/2021\/10\/Zacauilt-150x300.jpg"},{"@type":"BreadcrumbList","@id":"https:\/\/lospoliticosveracruz.com\/?p=104744#breadcrumb","itemListElement":[{"@type":"ListItem","position":1,"name":"Portada","item":"https:\/\/lospoliticosveracruz.com\/"},{"@type":"ListItem","position":2,"name":"AISLADOS"}]},{"@type":"WebSite","@id":"https:\/\/lospoliticosveracruz.com\/#website","url":"https:\/\/lospoliticosveracruz.com\/","name":"Los pol\u00edticos Veracruz","description":"","publisher":{"@id":"https:\/\/lospoliticosveracruz.com\/#organization"},"potentialAction":[{"@type":"SearchAction","target":{"@type":"EntryPoint","urlTemplate":"https:\/\/lospoliticosveracruz.com\/?s={search_term_string}"},"query-input":{"@type":"PropertyValueSpecification","valueRequired":true,"valueName":"search_term_string"}}],"inLanguage":"es"},{"@type":"Organization","@id":"https:\/\/lospoliticosveracruz.com\/#organization","name":"Los pol\u00edticos Veracruz","url":"https:\/\/lospoliticosveracruz.com\/","logo":{"@type":"ImageObject","inLanguage":"es","@id":"https:\/\/lospoliticosveracruz.com\/#\/schema\/logo\/image\/","url":"https:\/\/lospoliticosveracruz.com\/wp-content\/uploads\/2025\/12\/Logo-Nuevo-LOS-POLITICOS-1.jpg","contentUrl":"https:\/\/lospoliticosveracruz.com\/wp-content\/uploads\/2025\/12\/Logo-Nuevo-LOS-POLITICOS-1.jpg","width":260,"height":70,"caption":"Los pol\u00edticos Veracruz"},"image":{"@id":"https:\/\/lospoliticosveracruz.com\/#\/schema\/logo\/image\/"},"sameAs":["https:\/\/www.facebook.com\/people\/Notimemes-de-los-Polticos\/61565672886568\/","https:\/\/x.com\/LosPoliticosVer"]},{"@type":"Person","@id":"https:\/\/lospoliticosveracruz.com\/#\/schema\/person\/b8702bb0e538456e6efd07080bf2a4a2","name":"Lo viste en Los Pol\u00edticos","image":{"@type":"ImageObject","inLanguage":"es","@id":"https:\/\/secure.gravatar.com\/avatar\/3a8de04a2656d44082be478bd6c086daa447c4651605818287b9532d3d0bd435?s=96&d=mm&r=g","url":"https:\/\/secure.gravatar.com\/avatar\/3a8de04a2656d44082be478bd6c086daa447c4651605818287b9532d3d0bd435?s=96&d=mm&r=g","contentUrl":"https:\/\/secure.gravatar.com\/avatar\/3a8de04a2656d44082be478bd6c086daa447c4651605818287b9532d3d0bd435?s=96&d=mm&r=g","caption":"Lo viste en Los Pol\u00edticos"},"url":"https:\/\/lospoliticosveracruz.com\/?author=2"}]}},"_links":{"self":[{"href":"https:\/\/lospoliticosveracruz.com\/index.php?rest_route=\/wp\/v2\/posts\/104744","targetHints":{"allow":["GET"]}}],"collection":[{"href":"https:\/\/lospoliticosveracruz.com\/index.php?rest_route=\/wp\/v2\/posts"}],"about":[{"href":"https:\/\/lospoliticosveracruz.com\/index.php?rest_route=\/wp\/v2\/types\/post"}],"author":[{"embeddable":true,"href":"https:\/\/lospoliticosveracruz.com\/index.php?rest_route=\/wp\/v2\/users\/2"}],"replies":[{"embeddable":true,"href":"https:\/\/lospoliticosveracruz.com\/index.php?rest_route=%2Fwp%2Fv2%2Fcomments&post=104744"}],"version-history":[{"count":1,"href":"https:\/\/lospoliticosveracruz.com\/index.php?rest_route=\/wp\/v2\/posts\/104744\/revisions"}],"predecessor-version":[{"id":104745,"href":"https:\/\/lospoliticosveracruz.com\/index.php?rest_route=\/wp\/v2\/posts\/104744\/revisions\/104745"}],"wp:attachment":[{"href":"https:\/\/lospoliticosveracruz.com\/index.php?rest_route=%2Fwp%2Fv2%2Fmedia&parent=104744"}],"wp:term":[{"taxonomy":"category","embeddable":true,"href":"https:\/\/lospoliticosveracruz.com\/index.php?rest_route=%2Fwp%2Fv2%2Fcategories&post=104744"},{"taxonomy":"post_tag","embeddable":true,"href":"https:\/\/lospoliticosveracruz.com\/index.php?rest_route=%2Fwp%2Fv2%2Ftags&post=104744"}],"curies":[{"name":"wp","href":"https:\/\/api.w.org\/{rel}","templated":true}]}}