{"id":104751,"date":"2023-04-12T09:34:23","date_gmt":"2023-04-12T14:34:23","guid":{"rendered":"https:\/\/lospoliticosveracruz.com.mx\/?p=104751"},"modified":"2023-04-12T09:34:29","modified_gmt":"2023-04-12T14:34:29","slug":"el-presidente-contra-fox-y-la-oposicion","status":"publish","type":"post","link":"https:\/\/lospoliticosveracruz.com\/?p=104751","title":{"rendered":"EL PRESIDENTE CONTRA FOX Y LA OPOSICI\u00d3N"},"content":{"rendered":"\n<p><strong>Jos\u00e9 Luis Enr\u00edquez Ambell<br><\/strong><em>Caf\u00e9 de Ma\u00f1ana<\/em><\/p>\n\n\n\n<p>El Presidente de M\u00e9xico, Don Andr\u00e9s Manuel L\u00f3pez Obrador, comenz\u00f3 pasado el proceso electoral 2021 la transexenal carrera electoral del 2024.<\/p>\n\n\n\n<figure class=\"wp-block-embed is-type-video is-provider-youtube wp-block-embed-youtube wp-embed-aspect-16-9 wp-has-aspect-ratio\"><div class=\"wp-block-embed__wrapper\">\n<iframe loading=\"lazy\" title=\"Cluster Coworking\" width=\"696\" height=\"392\" src=\"https:\/\/www.youtube.com\/embed\/Nxe-vxf8GuY?feature=oembed\" frameborder=\"0\" allow=\"accelerometer; autoplay; clipboard-write; encrypted-media; gyroscope; picture-in-picture; web-share\" referrerpolicy=\"strict-origin-when-cross-origin\" allowfullscreen><\/iframe>\n<\/div><\/figure>\n\n\n\n<p>Y arranc\u00f3 atacando con todo y por todos los frentes posibles a sus adversarios y me parece que muy en particular al PAN, partido que en n\u00fameros es la m\u00e1s fuerte oposici\u00f3n que tiene e incluso sin dejar de torpedear al INE -\u00e1rbitro de la contienda- y a quien logr\u00f3 no s\u00f3lo disminuirlo sino, ir abati\u00e9ndolo poco a poco, escenario del que no se salvar\u00e1 el TRIFE tambi\u00e9n, entre otros organismos.<\/p>\n\n\n\n<p>En ese sentido parece caminar el tema de las aparentes licencias a empresas vinculadas al Presidente Fox para vender derivados de Cannabis, como lo asegura el Se\u00f1or Presidente Don Andr\u00e9s Manuel L\u00f3pez Obrador.<\/p>\n\n\n\n<p>El jefe del Poder Ejecutivo sabe que una oposici\u00f3n unida es veneno puro para la venidera contienda y no dejar\u00e1 de seguir su lucha por entregar el labaro patrio en San L\u00e1zaro a quien designe sucesor desde Morena para que aparezca en la boleta y gane en las urnas.<\/p>\n\n\n\n<p>Las bater\u00edas del r\u00e9gimen continuar\u00e1n en el camino contrario al PAN y quienes se muevan cerca del blanquiazul pues, la oposici\u00f3n identificada en un grupo de partidos y hasta ciudadanos abiertos en contra del r\u00e9gimen,- intelectuales entre otros activistas,- son el objetivo de los misiles que ir\u00e1n aumentando en p\u00f3lvora explosiva para limpiar el camino que destruya las rocas y los obst\u00e1culos.<\/p>\n\n\n\n<p>El Presidente har\u00e1 todo -se entiende su misi\u00f3n responsable como Jefe pol\u00edtico de Morena y el r\u00e9gimen- para evitar que el PAN oferte opciones mejores a toda la poblaci\u00f3n frente a la inseguridad, el desempleo, falta de ingresos en las familias, y atajar a la oposici\u00f3n cercana, aunque \u00e9l est\u00e1 por encima de Morena y en los cuernos de la luna, sabe que no estar\u00e1 en la boleta.<\/p>\n\n\n\n<p>En el PAN su rival es el contexto interior, el PRI a la baja, MC quiere pintar aunque sea con figuras externas y el PRD anda en un estado restringido de conducta.<\/p>\n\n\n\n<p>Las fuerzas regionales ser\u00e1n factor de suma o resta para los llamados partidos opositores a Morena, salvo que Morena los sume para multiplicar, no ser\u00eda raro eso suceda.<\/p>\n\n\n\n<p>Don Andr\u00e9s Manuel est\u00e1 decidido a no dejar el cuadril\u00e1tero electoral para incidir en la sucesi\u00f3n y en todas las boletas del devenir y el Estado de M\u00e9xico es ariete en la carrera del 2024.<\/p>\n\n\n\n<p><strong>UN CAF\u00c9 CON DOBLE CARGA<\/strong><\/p>\n\n\n\n<p>La infraestructura carretera en caminos de los Tuxtlas, est\u00e1 cerca de mezclar lo necesario para ser una realidad.<\/p>\n\n\n\n<p>La industria del turismo regional en San Andr\u00e9s Tuxtla transita por renglones de descanso, placer, el medio ambiente, la ecolog\u00eda, y de la mano a la protecci\u00f3n y conservaci\u00f3n de la riqueza de toda \u00abla suiza veracruzana\u201d, extraordinaria zona del sotavento.<\/p>\n\n\n\n<p>La carretera n\u00famero 180 en la costera del golfo y que se interna y cruza los tuxtlas, en donde sobresalen el volc\u00e1n de San Mart\u00edn y la Sierra de Pajapan y Soteapan (Santa Marta), monta\u00f1as que est\u00e1n frente al golfo de M\u00e9xico, y con un clima de precipitaci\u00f3n pluvial que es toda una leyenda pues se dice que es la mayor entre la florida (EEUU) y Yucat\u00e1n.<\/p>\n\n\n\n<p>Actualmente la carretera 180 en manos de la SICT (Secretar\u00eda de Infraestructura, Comunicaciones y Transportes) est\u00e1 en buenas condiciones.<\/p>\n\n\n\n<p>Todos deseamos que lo anunciado por nuestro Diputado Juan Javier G\u00f3mez Cazar\u00edn, respecto a la construcci\u00f3n del libramiento de San Andr\u00e9s Tuxtla y la pavimentaci\u00f3n con concreto hidr\u00e1ulico del tramo Juan D\u00edaz Covarrubias a Cuatotolapan en el municipio de Hueyapan de Ocampo se concreten en los pr\u00f3ximos meses.<\/p>\n\n\n\n<p><strong>DE SOBREMESA<\/strong><\/p>\n\n\n\n<p>La semana de Pascua, pol\u00edticamente ser\u00e1 c\u00e1lida y dar\u00e1 de qu\u00e9 hablar en todo el solar Veracruzano.<\/p>\n\n\n\n<p><strong>UN CAF\u00c9 PARA LLEVAR<\/strong><\/p>\n\n\n\n<p>El Partido Verde parece aprovechar la primavera para dar color en Veracruz.<\/p>\n\n\n\n<p>\u00a1 ES CUANTO !<\/p>\n\n\n\n<p>enriquezambell@gmail.com<\/p>\n","protected":false},"excerpt":{"rendered":"<p>Jos\u00e9 Luis Enr\u00edquez AmbellCaf\u00e9 de Ma\u00f1ana El Presidente de M\u00e9xico, Don Andr\u00e9s Manuel L\u00f3pez Obrador, comenz\u00f3 pasado el proceso electoral 2021 la transexenal carrera electoral del 2024. Y arranc\u00f3 atacando con todo y por todos los frentes posibles a sus adversarios y me parece que muy en particular al PAN, partido que en n\u00fameros es [&hellip;]<\/p>\n","protected":false},"author":2,"featured_media":0,"comment_status":"closed","ping_status":"closed","sticky":false,"template":"","format":"standard","meta":{"tdm_status":"","tdm_grid_status":"","footnotes":""},"categories":[70],"tags":[618,8383,1026],"class_list":{"0":"post-104751","1":"post","2":"type-post","3":"status-publish","4":"format-standard","6":"category-de-opinion","7":"tag-andres-manuel-lopez-obrador","8":"tag-jose-luis-enriquez-ambell","9":"tag-morena"},"yoast_head":"<!-- This site is optimized with the Yoast SEO plugin v27.4 - https:\/\/yoast.com\/product\/yoast-seo-wordpress\/ -->\n<title>EL PRESIDENTE CONTRA FOX Y LA OPOSICI\u00d3N - Los pol\u00edticos Veracruz<\/title>\n<meta name=\"robots\" content=\"index, follow, max-snippet:-1, max-image-preview:large, max-video-preview:-1\" \/>\n<link rel=\"canonical\" href=\"https:\/\/lospoliticosveracruz.com\/?p=104751\" \/>\n<meta property=\"og:locale\" content=\"es_ES\" \/>\n<meta property=\"og:type\" content=\"article\" \/>\n<meta property=\"og:title\" content=\"EL PRESIDENTE CONTRA FOX Y LA OPOSICI\u00d3N - Los pol\u00edticos Veracruz\" \/>\n<meta property=\"og:description\" content=\"Jos\u00e9 Luis Enr\u00edquez AmbellCaf\u00e9 de Ma\u00f1ana El Presidente de M\u00e9xico, Don Andr\u00e9s Manuel L\u00f3pez Obrador, comenz\u00f3 pasado el proceso electoral 2021 la transexenal carrera electoral del 2024. Y arranc\u00f3 atacando con todo y por todos los frentes posibles a sus adversarios y me parece que muy en particular al PAN, partido que en n\u00fameros es [&hellip;]\" \/>\n<meta property=\"og:url\" content=\"https:\/\/lospoliticosveracruz.com\/?p=104751\" \/>\n<meta property=\"og:site_name\" content=\"Los pol\u00edticos Veracruz\" \/>\n<meta property=\"article:publisher\" content=\"https:\/\/www.facebook.com\/people\/Notimemes-de-los-Polticos\/61565672886568\/\" \/>\n<meta property=\"article:published_time\" content=\"2023-04-12T14:34:23+00:00\" \/>\n<meta property=\"article:modified_time\" content=\"2023-04-12T14:34:29+00:00\" \/>\n<meta property=\"og:image\" content=\"https:\/\/lospoliticosveracruz.com\/wp-content\/uploads\/2016\/07\/Logo-Dor.jpg\" \/>\n\t<meta property=\"og:image:width\" content=\"200\" \/>\n\t<meta property=\"og:image:height\" content=\"200\" \/>\n\t<meta property=\"og:image:type\" content=\"image\/jpeg\" \/>\n<meta name=\"author\" content=\"Lo viste en Los Pol\u00edticos\" \/>\n<meta name=\"twitter:card\" content=\"summary_large_image\" \/>\n<meta name=\"twitter:creator\" content=\"@LosPoliticosVer\" \/>\n<meta name=\"twitter:site\" content=\"@LosPoliticosVer\" \/>\n<meta name=\"twitter:label1\" content=\"Escrito por\" \/>\n\t<meta name=\"twitter:data1\" content=\"Lo viste en Los Pol\u00edticos\" \/>\n\t<meta name=\"twitter:label2\" content=\"Tiempo de lectura\" \/>\n\t<meta name=\"twitter:data2\" content=\"4 minutos\" \/>\n<script type=\"application\/ld+json\" class=\"yoast-schema-graph\">{\"@context\":\"https:\\\/\\\/schema.org\",\"@graph\":[{\"@type\":\"Article\",\"@id\":\"https:\\\/\\\/lospoliticosveracruz.com\\\/?p=104751#article\",\"isPartOf\":{\"@id\":\"https:\\\/\\\/lospoliticosveracruz.com\\\/?p=104751\"},\"author\":{\"name\":\"Lo viste en Los Pol\u00edticos\",\"@id\":\"https:\\\/\\\/lospoliticosveracruz.com\\\/#\\\/schema\\\/person\\\/b8702bb0e538456e6efd07080bf2a4a2\"},\"headline\":\"EL PRESIDENTE CONTRA FOX Y LA OPOSICI\u00d3N\",\"datePublished\":\"2023-04-12T14:34:23+00:00\",\"dateModified\":\"2023-04-12T14:34:29+00:00\",\"mainEntityOfPage\":{\"@id\":\"https:\\\/\\\/lospoliticosveracruz.com\\\/?p=104751\"},\"wordCount\":713,\"publisher\":{\"@id\":\"https:\\\/\\\/lospoliticosveracruz.com\\\/#organization\"},\"keywords\":[\"Andr\u00e9s Manuel L\u00f3pez Obrador\",\"Jos\u00e9 Luis Enr\u00edquez Ambell\",\"Morena\"],\"articleSection\":[\"De Opini\u00f3n\"],\"inLanguage\":\"es\"},{\"@type\":\"WebPage\",\"@id\":\"https:\\\/\\\/lospoliticosveracruz.com\\\/?p=104751\",\"url\":\"https:\\\/\\\/lospoliticosveracruz.com\\\/?p=104751\",\"name\":\"EL PRESIDENTE CONTRA FOX Y LA OPOSICI\u00d3N - Los pol\u00edticos Veracruz\",\"isPartOf\":{\"@id\":\"https:\\\/\\\/lospoliticosveracruz.com\\\/#website\"},\"datePublished\":\"2023-04-12T14:34:23+00:00\",\"dateModified\":\"2023-04-12T14:34:29+00:00\",\"breadcrumb\":{\"@id\":\"https:\\\/\\\/lospoliticosveracruz.com\\\/?p=104751#breadcrumb\"},\"inLanguage\":\"es\",\"potentialAction\":[{\"@type\":\"ReadAction\",\"target\":[\"https:\\\/\\\/lospoliticosveracruz.com\\\/?p=104751\"]}]},{\"@type\":\"BreadcrumbList\",\"@id\":\"https:\\\/\\\/lospoliticosveracruz.com\\\/?p=104751#breadcrumb\",\"itemListElement\":[{\"@type\":\"ListItem\",\"position\":1,\"name\":\"Portada\",\"item\":\"https:\\\/\\\/lospoliticosveracruz.com\\\/\"},{\"@type\":\"ListItem\",\"position\":2,\"name\":\"EL PRESIDENTE CONTRA FOX Y LA OPOSICI\u00d3N\"}]},{\"@type\":\"WebSite\",\"@id\":\"https:\\\/\\\/lospoliticosveracruz.com\\\/#website\",\"url\":\"https:\\\/\\\/lospoliticosveracruz.com\\\/\",\"name\":\"Los pol\u00edticos Veracruz\",\"description\":\"\",\"publisher\":{\"@id\":\"https:\\\/\\\/lospoliticosveracruz.com\\\/#organization\"},\"potentialAction\":[{\"@type\":\"SearchAction\",\"target\":{\"@type\":\"EntryPoint\",\"urlTemplate\":\"https:\\\/\\\/lospoliticosveracruz.com\\\/?s={search_term_string}\"},\"query-input\":{\"@type\":\"PropertyValueSpecification\",\"valueRequired\":true,\"valueName\":\"search_term_string\"}}],\"inLanguage\":\"es\"},{\"@type\":\"Organization\",\"@id\":\"https:\\\/\\\/lospoliticosveracruz.com\\\/#organization\",\"name\":\"Los pol\u00edticos Veracruz\",\"url\":\"https:\\\/\\\/lospoliticosveracruz.com\\\/\",\"logo\":{\"@type\":\"ImageObject\",\"inLanguage\":\"es\",\"@id\":\"https:\\\/\\\/lospoliticosveracruz.com\\\/#\\\/schema\\\/logo\\\/image\\\/\",\"url\":\"https:\\\/\\\/lospoliticosveracruz.com\\\/wp-content\\\/uploads\\\/2025\\\/12\\\/Logo-Nuevo-LOS-POLITICOS-1.jpg\",\"contentUrl\":\"https:\\\/\\\/lospoliticosveracruz.com\\\/wp-content\\\/uploads\\\/2025\\\/12\\\/Logo-Nuevo-LOS-POLITICOS-1.jpg\",\"width\":260,\"height\":70,\"caption\":\"Los pol\u00edticos Veracruz\"},\"image\":{\"@id\":\"https:\\\/\\\/lospoliticosveracruz.com\\\/#\\\/schema\\\/logo\\\/image\\\/\"},\"sameAs\":[\"https:\\\/\\\/www.facebook.com\\\/people\\\/Notimemes-de-los-Polticos\\\/61565672886568\\\/\",\"https:\\\/\\\/x.com\\\/LosPoliticosVer\"]},{\"@type\":\"Person\",\"@id\":\"https:\\\/\\\/lospoliticosveracruz.com\\\/#\\\/schema\\\/person\\\/b8702bb0e538456e6efd07080bf2a4a2\",\"name\":\"Lo viste en Los Pol\u00edticos\",\"image\":{\"@type\":\"ImageObject\",\"inLanguage\":\"es\",\"@id\":\"https:\\\/\\\/secure.gravatar.com\\\/avatar\\\/3a8de04a2656d44082be478bd6c086daa447c4651605818287b9532d3d0bd435?s=96&d=mm&r=g\",\"url\":\"https:\\\/\\\/secure.gravatar.com\\\/avatar\\\/3a8de04a2656d44082be478bd6c086daa447c4651605818287b9532d3d0bd435?s=96&d=mm&r=g\",\"contentUrl\":\"https:\\\/\\\/secure.gravatar.com\\\/avatar\\\/3a8de04a2656d44082be478bd6c086daa447c4651605818287b9532d3d0bd435?s=96&d=mm&r=g\",\"caption\":\"Lo viste en Los Pol\u00edticos\"},\"url\":\"https:\\\/\\\/lospoliticosveracruz.com\\\/?author=2\"}]}<\/script>\n<!-- \/ Yoast SEO plugin. -->","yoast_head_json":{"title":"EL PRESIDENTE CONTRA FOX Y LA OPOSICI\u00d3N - Los pol\u00edticos Veracruz","robots":{"index":"index","follow":"follow","max-snippet":"max-snippet:-1","max-image-preview":"max-image-preview:large","max-video-preview":"max-video-preview:-1"},"canonical":"https:\/\/lospoliticosveracruz.com\/?p=104751","og_locale":"es_ES","og_type":"article","og_title":"EL PRESIDENTE CONTRA FOX Y LA OPOSICI\u00d3N - Los pol\u00edticos Veracruz","og_description":"Jos\u00e9 Luis Enr\u00edquez AmbellCaf\u00e9 de Ma\u00f1ana El Presidente de M\u00e9xico, Don Andr\u00e9s Manuel L\u00f3pez Obrador, comenz\u00f3 pasado el proceso electoral 2021 la transexenal carrera electoral del 2024. Y arranc\u00f3 atacando con todo y por todos los frentes posibles a sus adversarios y me parece que muy en particular al PAN, partido que en n\u00fameros es [&hellip;]","og_url":"https:\/\/lospoliticosveracruz.com\/?p=104751","og_site_name":"Los pol\u00edticos Veracruz","article_publisher":"https:\/\/www.facebook.com\/people\/Notimemes-de-los-Polticos\/61565672886568\/","article_published_time":"2023-04-12T14:34:23+00:00","article_modified_time":"2023-04-12T14:34:29+00:00","og_image":[{"width":200,"height":200,"url":"https:\/\/lospoliticosveracruz.com\/wp-content\/uploads\/2016\/07\/Logo-Dor.jpg","type":"image\/jpeg"}],"author":"Lo viste en Los Pol\u00edticos","twitter_card":"summary_large_image","twitter_creator":"@LosPoliticosVer","twitter_site":"@LosPoliticosVer","twitter_misc":{"Escrito por":"Lo viste en Los Pol\u00edticos","Tiempo de lectura":"4 minutos"},"schema":{"@context":"https:\/\/schema.org","@graph":[{"@type":"Article","@id":"https:\/\/lospoliticosveracruz.com\/?p=104751#article","isPartOf":{"@id":"https:\/\/lospoliticosveracruz.com\/?p=104751"},"author":{"name":"Lo viste en Los Pol\u00edticos","@id":"https:\/\/lospoliticosveracruz.com\/#\/schema\/person\/b8702bb0e538456e6efd07080bf2a4a2"},"headline":"EL PRESIDENTE CONTRA FOX Y LA OPOSICI\u00d3N","datePublished":"2023-04-12T14:34:23+00:00","dateModified":"2023-04-12T14:34:29+00:00","mainEntityOfPage":{"@id":"https:\/\/lospoliticosveracruz.com\/?p=104751"},"wordCount":713,"publisher":{"@id":"https:\/\/lospoliticosveracruz.com\/#organization"},"keywords":["Andr\u00e9s Manuel L\u00f3pez Obrador","Jos\u00e9 Luis Enr\u00edquez Ambell","Morena"],"articleSection":["De Opini\u00f3n"],"inLanguage":"es"},{"@type":"WebPage","@id":"https:\/\/lospoliticosveracruz.com\/?p=104751","url":"https:\/\/lospoliticosveracruz.com\/?p=104751","name":"EL PRESIDENTE CONTRA FOX Y LA OPOSICI\u00d3N - Los pol\u00edticos Veracruz","isPartOf":{"@id":"https:\/\/lospoliticosveracruz.com\/#website"},"datePublished":"2023-04-12T14:34:23+00:00","dateModified":"2023-04-12T14:34:29+00:00","breadcrumb":{"@id":"https:\/\/lospoliticosveracruz.com\/?p=104751#breadcrumb"},"inLanguage":"es","potentialAction":[{"@type":"ReadAction","target":["https:\/\/lospoliticosveracruz.com\/?p=104751"]}]},{"@type":"BreadcrumbList","@id":"https:\/\/lospoliticosveracruz.com\/?p=104751#breadcrumb","itemListElement":[{"@type":"ListItem","position":1,"name":"Portada","item":"https:\/\/lospoliticosveracruz.com\/"},{"@type":"ListItem","position":2,"name":"EL PRESIDENTE CONTRA FOX Y LA OPOSICI\u00d3N"}]},{"@type":"WebSite","@id":"https:\/\/lospoliticosveracruz.com\/#website","url":"https:\/\/lospoliticosveracruz.com\/","name":"Los pol\u00edticos Veracruz","description":"","publisher":{"@id":"https:\/\/lospoliticosveracruz.com\/#organization"},"potentialAction":[{"@type":"SearchAction","target":{"@type":"EntryPoint","urlTemplate":"https:\/\/lospoliticosveracruz.com\/?s={search_term_string}"},"query-input":{"@type":"PropertyValueSpecification","valueRequired":true,"valueName":"search_term_string"}}],"inLanguage":"es"},{"@type":"Organization","@id":"https:\/\/lospoliticosveracruz.com\/#organization","name":"Los pol\u00edticos Veracruz","url":"https:\/\/lospoliticosveracruz.com\/","logo":{"@type":"ImageObject","inLanguage":"es","@id":"https:\/\/lospoliticosveracruz.com\/#\/schema\/logo\/image\/","url":"https:\/\/lospoliticosveracruz.com\/wp-content\/uploads\/2025\/12\/Logo-Nuevo-LOS-POLITICOS-1.jpg","contentUrl":"https:\/\/lospoliticosveracruz.com\/wp-content\/uploads\/2025\/12\/Logo-Nuevo-LOS-POLITICOS-1.jpg","width":260,"height":70,"caption":"Los pol\u00edticos Veracruz"},"image":{"@id":"https:\/\/lospoliticosveracruz.com\/#\/schema\/logo\/image\/"},"sameAs":["https:\/\/www.facebook.com\/people\/Notimemes-de-los-Polticos\/61565672886568\/","https:\/\/x.com\/LosPoliticosVer"]},{"@type":"Person","@id":"https:\/\/lospoliticosveracruz.com\/#\/schema\/person\/b8702bb0e538456e6efd07080bf2a4a2","name":"Lo viste en Los Pol\u00edticos","image":{"@type":"ImageObject","inLanguage":"es","@id":"https:\/\/secure.gravatar.com\/avatar\/3a8de04a2656d44082be478bd6c086daa447c4651605818287b9532d3d0bd435?s=96&d=mm&r=g","url":"https:\/\/secure.gravatar.com\/avatar\/3a8de04a2656d44082be478bd6c086daa447c4651605818287b9532d3d0bd435?s=96&d=mm&r=g","contentUrl":"https:\/\/secure.gravatar.com\/avatar\/3a8de04a2656d44082be478bd6c086daa447c4651605818287b9532d3d0bd435?s=96&d=mm&r=g","caption":"Lo viste en Los Pol\u00edticos"},"url":"https:\/\/lospoliticosveracruz.com\/?author=2"}]}},"_links":{"self":[{"href":"https:\/\/lospoliticosveracruz.com\/index.php?rest_route=\/wp\/v2\/posts\/104751","targetHints":{"allow":["GET"]}}],"collection":[{"href":"https:\/\/lospoliticosveracruz.com\/index.php?rest_route=\/wp\/v2\/posts"}],"about":[{"href":"https:\/\/lospoliticosveracruz.com\/index.php?rest_route=\/wp\/v2\/types\/post"}],"author":[{"embeddable":true,"href":"https:\/\/lospoliticosveracruz.com\/index.php?rest_route=\/wp\/v2\/users\/2"}],"replies":[{"embeddable":true,"href":"https:\/\/lospoliticosveracruz.com\/index.php?rest_route=%2Fwp%2Fv2%2Fcomments&post=104751"}],"version-history":[{"count":1,"href":"https:\/\/lospoliticosveracruz.com\/index.php?rest_route=\/wp\/v2\/posts\/104751\/revisions"}],"predecessor-version":[{"id":104752,"href":"https:\/\/lospoliticosveracruz.com\/index.php?rest_route=\/wp\/v2\/posts\/104751\/revisions\/104752"}],"wp:attachment":[{"href":"https:\/\/lospoliticosveracruz.com\/index.php?rest_route=%2Fwp%2Fv2%2Fmedia&parent=104751"}],"wp:term":[{"taxonomy":"category","embeddable":true,"href":"https:\/\/lospoliticosveracruz.com\/index.php?rest_route=%2Fwp%2Fv2%2Fcategories&post=104751"},{"taxonomy":"post_tag","embeddable":true,"href":"https:\/\/lospoliticosveracruz.com\/index.php?rest_route=%2Fwp%2Fv2%2Ftags&post=104751"}],"curies":[{"name":"wp","href":"https:\/\/api.w.org\/{rel}","templated":true}]}}