{"id":104821,"date":"2023-04-13T18:55:46","date_gmt":"2023-04-13T23:55:46","guid":{"rendered":"https:\/\/lospoliticosveracruz.com.mx\/?p=104821"},"modified":"2023-04-13T18:55:50","modified_gmt":"2023-04-13T23:55:50","slug":"si-no-leo-me-aburro","status":"publish","type":"post","link":"https:\/\/lospoliticosveracruz.com\/?p=104821","title":{"rendered":"SI NO LEO, ME ABURRO"},"content":{"rendered":"\n<p><strong>Jorge Arturo Rodr\u00edguez<\/strong><\/p>\n\n\n\n<p><em>Tierra de Babel<\/em><\/p>\n\n\n\n<p>Aperitivo: \u201cSi Rusia gana la guerra, es catastr\u00f3fico; si gana Ucrania, se habr\u00e1 desatado la III Guerra Mundial\u201d. (Marine Le Pen). \u00bfM\u00e1s clarito?<\/p>\n\n\n\n<p>El \u00fanico y maravilloso homenaje a un libro, es leerlo. Y releer un libro\u2026 \u00bfse imaginan ustedes? Hay que vivirlo, sufrirlo, disfrutarlo, gozarlo, \u00e9xtasis, catarsis, desfallecimiento, orgasmo divino y diab\u00f3lico, m\u00edstico momento de sumisi\u00f3n y, al mismo tiempo, de sublimaci\u00f3n, ca\u00edda y resurrecci\u00f3n, maldici\u00f3n, salvaci\u00f3n, detenci\u00f3n del tiempo que transcurre arr\u00edtmicamente, al comp\u00e1s de la m\u00fasica angelicalmente acorde, cruce de caminos, historia sin fin\u2026 Porque un buen libro es aquel que te suelta s\u00f3lo despu\u00e9s de haber acabado contigo, escribiera Ari Volovich.<\/p>\n\n\n\n<p>Locura y cordura, ah\u00ed entre las p\u00e1ginas, las palabras vueltas aves f\u00e9nix, sonidos, ruidos, silencios. Letras convertidas en filigranas para crear mundos, evocar, invocar, conjurar\u2026 En el Principio Era el Verbo\u2026 Hab\u00eda una Vez\u2026 Sepan Cuantos\u2026 Poes\u00eda eres t\u00fa\u2026<\/p>\n\n\n\n<p>Para la literatura, como para el Arte en general, siempre hay algo nuevo bajo el sol. La oscuridad se ensancha, cierto; pero ah\u00ed, justo ah\u00ed, palpita, cual coraz\u00f3n viviente, la luz que abraza y nos deja exhaustos, para volver a empezar. Si hay principio, hay fin, y por lo tanto, hay senderos que si bifurcan. Lev\u00e1ntate, L\u00e1zaro\u2026&nbsp;<\/p>\n\n\n\n<p>\u201cEs triste -si se busca el argumento<\/p>\n\n\n\n<p>de nuestro error- haberse sometido<\/p>\n\n\n\n<p>a la verdad y muerto en el intento;<\/p>\n\n\n\n<p>pero es peor haberse antes rendido.\u201d&nbsp;<\/p>\n\n\n\n<p>(Agustina D\u2019andrea)<\/p>\n\n\n\n<p>Si no leo, me aburro\u2026 En el D\u00eda Internacional del Libro y del Derecho de Autor, este 23 de abril, \u00bfacaso hay que repetirlo? De los Derechos de Autor, pos qu\u00e9 podemos decir si los plagios est\u00e1n al orden del d\u00eda. Alfonso Reyes escribi\u00f3:<\/p>\n\n\n\n<p>\u201cDijo el paradojista:&nbsp;<\/p>\n\n\n\n<p>-Si copio un libro, soy un plagiario; si copio una docena, soy un investigador.\u201d<\/p>\n\n\n\n<p>No se diga m\u00e1s. Me preocupa la propagaci\u00f3n contagiosa de la ignorancia. Juan Carlos Bautista anot\u00f3: \u201cSi apag\u00e1ramos la tele, \u00bfrenacer\u00edan las pasiones? \u00bfSe ampliar\u00eda el mundo? \u00bfLos libros, el arte se abrir\u00edan para nosotros? Est\u00e1 bien, est\u00e1 bien: prende la tele.\u201d<\/p>\n\n\n\n<p>Giovanni Sartori, en el libro La democracia en 30 lecciones, escribi\u00f3: \u201c\u2026 me ha vuelto a la mente un epigrama de Giusti: \u201cHacer un libro es menos que nada \/ si el libro hecho no rehace a la gente\u201d. \u201cRehacer a la gente\u201d es muy dif\u00edcil. Pero quien se dedica a dar clases s\u00ed debe mantener una m\u00ednima esperanza.<\/p>\n\n\n\n<p>Me quedo con la esperanza y la lectura de un libro, bueno o malo, porque de los libros valen los escritos con sangre, los escritos con bilis y los escritos con luz, \u00bfverdad, Carlos D\u00edaz Dufoo, hijo?<\/p>\n\n\n\n<p><strong>Los d\u00edas y los temas<\/strong><\/p>\n\n\n\n<p>Veo a la ni\u00f1ez con un celular, \u00bfd\u00f3nde y cu\u00e1ndo con un libro? Me dio n\u00e1useas ver la foto que difundi\u00f3 la corcholata Marcelo Ebrard en sus redes sociales, donde se aprecia a una menor de edad que parece estar leyendo su libro El camino de M\u00e9xico. \u00a1Por Dios! A esa edad \u2013y cualquier edad-, leer ese libro es como perder el tiempo y nunca haber le\u00eddo El Principito o En busca del tiempo perdido. Vaya, dijeran los j\u00f3venes, es una mentada de madre, y luego utilizar a los menores\u2026 etc. Sin m\u00e1s palabras.<\/p>\n\n\n\n<p>Mejor les comparto lo siguiente: \u201cPoner un libro en las manos de un ni\u00f1o es una gran responsabilidad; no se trata de llegar un d\u00eda, vender un libro y nunca m\u00e1s volver. Leer es un acontecimiento que s\u00f3lo es posible con el acompa\u00f1amiento de los otros. Leer, contrariamente a lo que se piensa, es ante todo, un acto colectivo como lo es tambi\u00e9n el quehacer de los profesores que nos hemos empe\u00f1ado en hacer posible la imagen del libro sostenido por las manos de las ni\u00f1as y los ni\u00f1os.\u201d (Rigoberto Gonz\u00e1lez Nicol\u00e1s. LELE C\u00edrculoLiterario de Maestr@s Oaxaque\u00f1os).<\/p>\n\n\n\n<p>\u00bfEst\u00e1 claro?<\/p>\n\n\n\n<p>De cinismo y anexas<\/p>\n\n\n\n<p>\u201cPido un aplauso para el amor\u2026\u201d, perd\u00f3n, para los libros. Les dejo una palmadita en el lomo\u2026 del libro:<\/p>\n\n\n\n<p>*Dicen que un proverbio chino dice: \u201cSi quieres saber algo de algo, escribe un libro\u201d. Ya lo escrib\u00ed. Ya s\u00e9 menos de todo. (Luis Herrera de la Fuente).<\/p>\n\n\n\n<p>*Poeta, no regales tu libro: destr\u00fayelo t\u00fa mismo. (Augusto Monterroso).<\/p>\n\n\n\n<p>Hasta la pr\u00f3xima.<\/p>\n","protected":false},"excerpt":{"rendered":"<p>Jorge Arturo Rodr\u00edguez Tierra de Babel Aperitivo: \u201cSi Rusia gana la guerra, es catastr\u00f3fico; si gana Ucrania, se habr\u00e1 desatado la III Guerra Mundial\u201d. (Marine Le Pen). \u00bfM\u00e1s clarito? El \u00fanico y maravilloso homenaje a un libro, es leerlo. Y releer un libro\u2026 \u00bfse imaginan ustedes? Hay que vivirlo, sufrirlo, disfrutarlo, gozarlo, \u00e9xtasis, catarsis, desfallecimiento, [&hellip;]<\/p>\n","protected":false},"author":2,"featured_media":0,"comment_status":"closed","ping_status":"closed","sticky":false,"template":"","format":"standard","meta":{"tdm_status":"","tdm_grid_status":"","footnotes":""},"categories":[70],"tags":[37920,2677,14703],"class_list":{"0":"post-104821","1":"post","2":"type-post","3":"status-publish","4":"format-standard","6":"category-de-opinion","7":"tag-iii-guerra-mundial","8":"tag-jorge-arturo-rodriguez","9":"tag-marcelo-ebrard"},"yoast_head":"<!-- This site is optimized with the Yoast SEO plugin v27.4 - https:\/\/yoast.com\/product\/yoast-seo-wordpress\/ -->\n<title>SI NO LEO, ME ABURRO - Los pol\u00edticos Veracruz<\/title>\n<meta name=\"robots\" content=\"index, follow, max-snippet:-1, max-image-preview:large, max-video-preview:-1\" \/>\n<link rel=\"canonical\" href=\"https:\/\/lospoliticosveracruz.com\/?p=104821\" \/>\n<meta property=\"og:locale\" content=\"es_ES\" \/>\n<meta property=\"og:type\" content=\"article\" \/>\n<meta property=\"og:title\" content=\"SI NO LEO, ME ABURRO - Los pol\u00edticos Veracruz\" \/>\n<meta property=\"og:description\" content=\"Jorge Arturo Rodr\u00edguez Tierra de Babel Aperitivo: \u201cSi Rusia gana la guerra, es catastr\u00f3fico; si gana Ucrania, se habr\u00e1 desatado la III Guerra Mundial\u201d. (Marine Le Pen). \u00bfM\u00e1s clarito? El \u00fanico y maravilloso homenaje a un libro, es leerlo. Y releer un libro\u2026 \u00bfse imaginan ustedes? Hay que vivirlo, sufrirlo, disfrutarlo, gozarlo, \u00e9xtasis, catarsis, desfallecimiento, [&hellip;]\" \/>\n<meta property=\"og:url\" content=\"https:\/\/lospoliticosveracruz.com\/?p=104821\" \/>\n<meta property=\"og:site_name\" content=\"Los pol\u00edticos Veracruz\" \/>\n<meta property=\"article:publisher\" content=\"https:\/\/www.facebook.com\/people\/Notimemes-de-los-Polticos\/61565672886568\/\" \/>\n<meta property=\"article:published_time\" content=\"2023-04-13T23:55:46+00:00\" \/>\n<meta property=\"article:modified_time\" content=\"2023-04-13T23:55:50+00:00\" \/>\n<meta property=\"og:image\" content=\"https:\/\/lospoliticosveracruz.com\/wp-content\/uploads\/2016\/07\/Logo-Dor.jpg\" \/>\n\t<meta property=\"og:image:width\" content=\"200\" \/>\n\t<meta property=\"og:image:height\" content=\"200\" \/>\n\t<meta property=\"og:image:type\" content=\"image\/jpeg\" \/>\n<meta name=\"author\" content=\"Lo viste en Los Pol\u00edticos\" \/>\n<meta name=\"twitter:card\" content=\"summary_large_image\" \/>\n<meta name=\"twitter:creator\" content=\"@LosPoliticosVer\" \/>\n<meta name=\"twitter:site\" content=\"@LosPoliticosVer\" \/>\n<meta name=\"twitter:label1\" content=\"Escrito por\" \/>\n\t<meta name=\"twitter:data1\" content=\"Lo viste en Los Pol\u00edticos\" \/>\n\t<meta name=\"twitter:label2\" content=\"Tiempo de lectura\" \/>\n\t<meta name=\"twitter:data2\" content=\"4 minutos\" \/>\n<script type=\"application\/ld+json\" class=\"yoast-schema-graph\">{\"@context\":\"https:\\\/\\\/schema.org\",\"@graph\":[{\"@type\":\"Article\",\"@id\":\"https:\\\/\\\/lospoliticosveracruz.com\\\/?p=104821#article\",\"isPartOf\":{\"@id\":\"https:\\\/\\\/lospoliticosveracruz.com\\\/?p=104821\"},\"author\":{\"name\":\"Lo viste en Los Pol\u00edticos\",\"@id\":\"https:\\\/\\\/lospoliticosveracruz.com\\\/#\\\/schema\\\/person\\\/b8702bb0e538456e6efd07080bf2a4a2\"},\"headline\":\"SI NO LEO, ME ABURRO\",\"datePublished\":\"2023-04-13T23:55:46+00:00\",\"dateModified\":\"2023-04-13T23:55:50+00:00\",\"mainEntityOfPage\":{\"@id\":\"https:\\\/\\\/lospoliticosveracruz.com\\\/?p=104821\"},\"wordCount\":763,\"publisher\":{\"@id\":\"https:\\\/\\\/lospoliticosveracruz.com\\\/#organization\"},\"keywords\":[\"III Guerra Mundial\",\"Jorge Arturo Rodr\u00edguez\",\"Marcelo Ebrard\"],\"articleSection\":[\"De Opini\u00f3n\"],\"inLanguage\":\"es\"},{\"@type\":\"WebPage\",\"@id\":\"https:\\\/\\\/lospoliticosveracruz.com\\\/?p=104821\",\"url\":\"https:\\\/\\\/lospoliticosveracruz.com\\\/?p=104821\",\"name\":\"SI NO LEO, ME ABURRO - Los pol\u00edticos Veracruz\",\"isPartOf\":{\"@id\":\"https:\\\/\\\/lospoliticosveracruz.com\\\/#website\"},\"datePublished\":\"2023-04-13T23:55:46+00:00\",\"dateModified\":\"2023-04-13T23:55:50+00:00\",\"breadcrumb\":{\"@id\":\"https:\\\/\\\/lospoliticosveracruz.com\\\/?p=104821#breadcrumb\"},\"inLanguage\":\"es\",\"potentialAction\":[{\"@type\":\"ReadAction\",\"target\":[\"https:\\\/\\\/lospoliticosveracruz.com\\\/?p=104821\"]}]},{\"@type\":\"BreadcrumbList\",\"@id\":\"https:\\\/\\\/lospoliticosveracruz.com\\\/?p=104821#breadcrumb\",\"itemListElement\":[{\"@type\":\"ListItem\",\"position\":1,\"name\":\"Portada\",\"item\":\"https:\\\/\\\/lospoliticosveracruz.com\\\/\"},{\"@type\":\"ListItem\",\"position\":2,\"name\":\"SI NO LEO, ME ABURRO\"}]},{\"@type\":\"WebSite\",\"@id\":\"https:\\\/\\\/lospoliticosveracruz.com\\\/#website\",\"url\":\"https:\\\/\\\/lospoliticosveracruz.com\\\/\",\"name\":\"Los pol\u00edticos Veracruz\",\"description\":\"\",\"publisher\":{\"@id\":\"https:\\\/\\\/lospoliticosveracruz.com\\\/#organization\"},\"potentialAction\":[{\"@type\":\"SearchAction\",\"target\":{\"@type\":\"EntryPoint\",\"urlTemplate\":\"https:\\\/\\\/lospoliticosveracruz.com\\\/?s={search_term_string}\"},\"query-input\":{\"@type\":\"PropertyValueSpecification\",\"valueRequired\":true,\"valueName\":\"search_term_string\"}}],\"inLanguage\":\"es\"},{\"@type\":\"Organization\",\"@id\":\"https:\\\/\\\/lospoliticosveracruz.com\\\/#organization\",\"name\":\"Los pol\u00edticos Veracruz\",\"url\":\"https:\\\/\\\/lospoliticosveracruz.com\\\/\",\"logo\":{\"@type\":\"ImageObject\",\"inLanguage\":\"es\",\"@id\":\"https:\\\/\\\/lospoliticosveracruz.com\\\/#\\\/schema\\\/logo\\\/image\\\/\",\"url\":\"https:\\\/\\\/lospoliticosveracruz.com\\\/wp-content\\\/uploads\\\/2025\\\/12\\\/Logo-Nuevo-LOS-POLITICOS-1.jpg\",\"contentUrl\":\"https:\\\/\\\/lospoliticosveracruz.com\\\/wp-content\\\/uploads\\\/2025\\\/12\\\/Logo-Nuevo-LOS-POLITICOS-1.jpg\",\"width\":260,\"height\":70,\"caption\":\"Los pol\u00edticos Veracruz\"},\"image\":{\"@id\":\"https:\\\/\\\/lospoliticosveracruz.com\\\/#\\\/schema\\\/logo\\\/image\\\/\"},\"sameAs\":[\"https:\\\/\\\/www.facebook.com\\\/people\\\/Notimemes-de-los-Polticos\\\/61565672886568\\\/\",\"https:\\\/\\\/x.com\\\/LosPoliticosVer\"]},{\"@type\":\"Person\",\"@id\":\"https:\\\/\\\/lospoliticosveracruz.com\\\/#\\\/schema\\\/person\\\/b8702bb0e538456e6efd07080bf2a4a2\",\"name\":\"Lo viste en Los Pol\u00edticos\",\"image\":{\"@type\":\"ImageObject\",\"inLanguage\":\"es\",\"@id\":\"https:\\\/\\\/secure.gravatar.com\\\/avatar\\\/3a8de04a2656d44082be478bd6c086daa447c4651605818287b9532d3d0bd435?s=96&d=mm&r=g\",\"url\":\"https:\\\/\\\/secure.gravatar.com\\\/avatar\\\/3a8de04a2656d44082be478bd6c086daa447c4651605818287b9532d3d0bd435?s=96&d=mm&r=g\",\"contentUrl\":\"https:\\\/\\\/secure.gravatar.com\\\/avatar\\\/3a8de04a2656d44082be478bd6c086daa447c4651605818287b9532d3d0bd435?s=96&d=mm&r=g\",\"caption\":\"Lo viste en Los Pol\u00edticos\"},\"url\":\"https:\\\/\\\/lospoliticosveracruz.com\\\/?author=2\"}]}<\/script>\n<!-- \/ Yoast SEO plugin. -->","yoast_head_json":{"title":"SI NO LEO, ME ABURRO - Los pol\u00edticos Veracruz","robots":{"index":"index","follow":"follow","max-snippet":"max-snippet:-1","max-image-preview":"max-image-preview:large","max-video-preview":"max-video-preview:-1"},"canonical":"https:\/\/lospoliticosveracruz.com\/?p=104821","og_locale":"es_ES","og_type":"article","og_title":"SI NO LEO, ME ABURRO - Los pol\u00edticos Veracruz","og_description":"Jorge Arturo Rodr\u00edguez Tierra de Babel Aperitivo: \u201cSi Rusia gana la guerra, es catastr\u00f3fico; si gana Ucrania, se habr\u00e1 desatado la III Guerra Mundial\u201d. (Marine Le Pen). \u00bfM\u00e1s clarito? El \u00fanico y maravilloso homenaje a un libro, es leerlo. Y releer un libro\u2026 \u00bfse imaginan ustedes? Hay que vivirlo, sufrirlo, disfrutarlo, gozarlo, \u00e9xtasis, catarsis, desfallecimiento, [&hellip;]","og_url":"https:\/\/lospoliticosveracruz.com\/?p=104821","og_site_name":"Los pol\u00edticos Veracruz","article_publisher":"https:\/\/www.facebook.com\/people\/Notimemes-de-los-Polticos\/61565672886568\/","article_published_time":"2023-04-13T23:55:46+00:00","article_modified_time":"2023-04-13T23:55:50+00:00","og_image":[{"width":200,"height":200,"url":"https:\/\/lospoliticosveracruz.com\/wp-content\/uploads\/2016\/07\/Logo-Dor.jpg","type":"image\/jpeg"}],"author":"Lo viste en Los Pol\u00edticos","twitter_card":"summary_large_image","twitter_creator":"@LosPoliticosVer","twitter_site":"@LosPoliticosVer","twitter_misc":{"Escrito por":"Lo viste en Los Pol\u00edticos","Tiempo de lectura":"4 minutos"},"schema":{"@context":"https:\/\/schema.org","@graph":[{"@type":"Article","@id":"https:\/\/lospoliticosveracruz.com\/?p=104821#article","isPartOf":{"@id":"https:\/\/lospoliticosveracruz.com\/?p=104821"},"author":{"name":"Lo viste en Los Pol\u00edticos","@id":"https:\/\/lospoliticosveracruz.com\/#\/schema\/person\/b8702bb0e538456e6efd07080bf2a4a2"},"headline":"SI NO LEO, ME ABURRO","datePublished":"2023-04-13T23:55:46+00:00","dateModified":"2023-04-13T23:55:50+00:00","mainEntityOfPage":{"@id":"https:\/\/lospoliticosveracruz.com\/?p=104821"},"wordCount":763,"publisher":{"@id":"https:\/\/lospoliticosveracruz.com\/#organization"},"keywords":["III Guerra Mundial","Jorge Arturo Rodr\u00edguez","Marcelo Ebrard"],"articleSection":["De Opini\u00f3n"],"inLanguage":"es"},{"@type":"WebPage","@id":"https:\/\/lospoliticosveracruz.com\/?p=104821","url":"https:\/\/lospoliticosveracruz.com\/?p=104821","name":"SI NO LEO, ME ABURRO - Los pol\u00edticos Veracruz","isPartOf":{"@id":"https:\/\/lospoliticosveracruz.com\/#website"},"datePublished":"2023-04-13T23:55:46+00:00","dateModified":"2023-04-13T23:55:50+00:00","breadcrumb":{"@id":"https:\/\/lospoliticosveracruz.com\/?p=104821#breadcrumb"},"inLanguage":"es","potentialAction":[{"@type":"ReadAction","target":["https:\/\/lospoliticosveracruz.com\/?p=104821"]}]},{"@type":"BreadcrumbList","@id":"https:\/\/lospoliticosveracruz.com\/?p=104821#breadcrumb","itemListElement":[{"@type":"ListItem","position":1,"name":"Portada","item":"https:\/\/lospoliticosveracruz.com\/"},{"@type":"ListItem","position":2,"name":"SI NO LEO, ME ABURRO"}]},{"@type":"WebSite","@id":"https:\/\/lospoliticosveracruz.com\/#website","url":"https:\/\/lospoliticosveracruz.com\/","name":"Los pol\u00edticos Veracruz","description":"","publisher":{"@id":"https:\/\/lospoliticosveracruz.com\/#organization"},"potentialAction":[{"@type":"SearchAction","target":{"@type":"EntryPoint","urlTemplate":"https:\/\/lospoliticosveracruz.com\/?s={search_term_string}"},"query-input":{"@type":"PropertyValueSpecification","valueRequired":true,"valueName":"search_term_string"}}],"inLanguage":"es"},{"@type":"Organization","@id":"https:\/\/lospoliticosveracruz.com\/#organization","name":"Los pol\u00edticos Veracruz","url":"https:\/\/lospoliticosveracruz.com\/","logo":{"@type":"ImageObject","inLanguage":"es","@id":"https:\/\/lospoliticosveracruz.com\/#\/schema\/logo\/image\/","url":"https:\/\/lospoliticosveracruz.com\/wp-content\/uploads\/2025\/12\/Logo-Nuevo-LOS-POLITICOS-1.jpg","contentUrl":"https:\/\/lospoliticosveracruz.com\/wp-content\/uploads\/2025\/12\/Logo-Nuevo-LOS-POLITICOS-1.jpg","width":260,"height":70,"caption":"Los pol\u00edticos Veracruz"},"image":{"@id":"https:\/\/lospoliticosveracruz.com\/#\/schema\/logo\/image\/"},"sameAs":["https:\/\/www.facebook.com\/people\/Notimemes-de-los-Polticos\/61565672886568\/","https:\/\/x.com\/LosPoliticosVer"]},{"@type":"Person","@id":"https:\/\/lospoliticosveracruz.com\/#\/schema\/person\/b8702bb0e538456e6efd07080bf2a4a2","name":"Lo viste en Los Pol\u00edticos","image":{"@type":"ImageObject","inLanguage":"es","@id":"https:\/\/secure.gravatar.com\/avatar\/3a8de04a2656d44082be478bd6c086daa447c4651605818287b9532d3d0bd435?s=96&d=mm&r=g","url":"https:\/\/secure.gravatar.com\/avatar\/3a8de04a2656d44082be478bd6c086daa447c4651605818287b9532d3d0bd435?s=96&d=mm&r=g","contentUrl":"https:\/\/secure.gravatar.com\/avatar\/3a8de04a2656d44082be478bd6c086daa447c4651605818287b9532d3d0bd435?s=96&d=mm&r=g","caption":"Lo viste en Los Pol\u00edticos"},"url":"https:\/\/lospoliticosveracruz.com\/?author=2"}]}},"_links":{"self":[{"href":"https:\/\/lospoliticosveracruz.com\/index.php?rest_route=\/wp\/v2\/posts\/104821","targetHints":{"allow":["GET"]}}],"collection":[{"href":"https:\/\/lospoliticosveracruz.com\/index.php?rest_route=\/wp\/v2\/posts"}],"about":[{"href":"https:\/\/lospoliticosveracruz.com\/index.php?rest_route=\/wp\/v2\/types\/post"}],"author":[{"embeddable":true,"href":"https:\/\/lospoliticosveracruz.com\/index.php?rest_route=\/wp\/v2\/users\/2"}],"replies":[{"embeddable":true,"href":"https:\/\/lospoliticosveracruz.com\/index.php?rest_route=%2Fwp%2Fv2%2Fcomments&post=104821"}],"version-history":[{"count":1,"href":"https:\/\/lospoliticosveracruz.com\/index.php?rest_route=\/wp\/v2\/posts\/104821\/revisions"}],"predecessor-version":[{"id":104823,"href":"https:\/\/lospoliticosveracruz.com\/index.php?rest_route=\/wp\/v2\/posts\/104821\/revisions\/104823"}],"wp:attachment":[{"href":"https:\/\/lospoliticosveracruz.com\/index.php?rest_route=%2Fwp%2Fv2%2Fmedia&parent=104821"}],"wp:term":[{"taxonomy":"category","embeddable":true,"href":"https:\/\/lospoliticosveracruz.com\/index.php?rest_route=%2Fwp%2Fv2%2Fcategories&post=104821"},{"taxonomy":"post_tag","embeddable":true,"href":"https:\/\/lospoliticosveracruz.com\/index.php?rest_route=%2Fwp%2Fv2%2Ftags&post=104821"}],"curies":[{"name":"wp","href":"https:\/\/api.w.org\/{rel}","templated":true}]}}