{"id":104828,"date":"2023-04-13T21:59:38","date_gmt":"2023-04-14T02:59:38","guid":{"rendered":"https:\/\/lospoliticosveracruz.com.mx\/?p=104828"},"modified":"2023-04-13T22:00:19","modified_gmt":"2023-04-14T03:00:19","slug":"reconstruccion-educativa","status":"publish","type":"post","link":"https:\/\/lospoliticosveracruz.com\/?p=104828","title":{"rendered":"RECONSTRUCCI\u00d3N EDUCATIVA"},"content":{"rendered":"\n<p><strong>Enrique Yasser Pompeyo<br><\/strong><em>Mesa de Redacci\u00f3n<\/em><\/p>\n\n\n\n<p>El titular de la Secretar\u00eda de Educaci\u00f3n de Veracruz (SEV), Zenyazen Escobar Garc\u00eda atiende, resuelve y cumple con la encomienda asignada sin hacer ruido, sin hacer olas.<\/p>\n\n\n\n<p>En materia de infraestructura educativa es fundamental la seguridad, por ello, se han destinado 13 millones de pesos para rehabilitar y reconstruir, al menos, 15 escuelas de todo el estado que contaban con un dictamen de riesgo por parte de la Secretar\u00eda de Protecci\u00f3n Civil.<\/p>\n\n\n\n<p>Entre los planteles beneficiados se encuentra la escuela primaria \u201cAdalberto Tejeda\u201d de la colonia La Lagunilla de Xalapa, la cual fue una de las m\u00e1s afectadas con el paso del hurac\u00e1n Grace en agosto de 2021.<\/p>\n\n\n\n<p>En el caso espec\u00edfico de esta primaria, actualmente la comunidad escolar desarrolla sus actividades en las instalaciones de la Escuela Secundaria T\u00e9cnica Industrial No. 72, sin embargo, una vez que sus nuevas instalaciones se encuentren listas, las y los estudiantes no volver\u00e1n a preocuparse por sufrir alg\u00fan problema de inundaci\u00f3n.<\/p>\n\n\n\n<p><strong>RECURSOS FEDERALES<\/strong><\/p>\n\n\n\n<p>Por cierto, el secretario de Educaci\u00f3n de Veracruz tambi\u00e9n mantiene la gesti\u00f3n ante la Secretar\u00eda de Educaci\u00f3n P\u00fablica (SEP), para la liberaci\u00f3n de 250 millones de pesos que por parte de la Secretar\u00eda de Hacienda a nivel federal est\u00e1n pendientes por entregar al Estado.<\/p>\n\n\n\n<p>Como se recordar\u00e1, dicho presupuesto corresponde en su mayor\u00eda al \u201cnuevo Fonden\u201d y servir\u00e1n a la reconstrucci\u00f3n de las escuelas que sufrieron da\u00f1os por Grace.<\/p>\n\n\n\n<p>A nivel estatal se destinaron m\u00e1s de 40 millones de pesos para la atenci\u00f3n inmediata de las escuelas, no obstante, con los fondos a\u00fan pendientes se pretende atender al resto de los planteles da\u00f1ados.<\/p>\n\n\n\n<p><strong>AVANCES EN OBRAS<\/strong><\/p>\n\n\n\n<p>Cabe mencionar que en Boca del R\u00edo tambi\u00e9n se avanza en la construcci\u00f3n del Bachillerato Tecnol\u00f3gico de Educaci\u00f3n y Promoci\u00f3n Deportiva (BTED), donde se destinan 150 millones de pesos.<\/p>\n\n\n\n<p>Un dato relevante. En las instalaciones de esta escuela se tendr\u00e1 especialidad en Beisbol y sus estudiantes tendr\u00e1n oportunidad de formarse acad\u00e9micamente e iniciar una carrera como profesionistas, por lo que abrir\u00e1 sus puertas a los 140 estudiantes de la primera y segunda generaci\u00f3n, as\u00ed como a aquellos que se vayan incorporando.<\/p>\n\n\n\n<p><strong>JUSTICIA A EMPLEADOS<\/strong><\/p>\n\n\n\n<p>La construcci\u00f3n de la Torre Orgullo Veracruzano en Xalapa beneficiar\u00e1 a cerca de 300 trabajadores de base de la Direcci\u00f3n General de Educaci\u00f3n Primaria Estatal que ser\u00e1n reubicados a ese nuevo inmueble.<\/p>\n\n\n\n<p>Actualmente el espacio rentado que ocupan las oficinas de dicha Direcci\u00f3n est\u00e1 en condiciones indignas para el personal y los propios trabajadores del magisterio que acuden a ese espacio a realizar alg\u00fan tr\u00e1mite administrativo.<\/p>\n\n\n\n<p>De manera que ahora contar\u00e1n con un espacio digno para cumplir con su jornada laboral. Como se sabe, el inmueble est\u00e1 ubicado en la avenida M\u00e9xico de la colonia La Lagunilla.<\/p>\n\n\n\n<p>Contar\u00e1 con nueve plantas, entre las cuales se albergar\u00e1 tambi\u00e9n al personal de la Secretar\u00eda de Protecci\u00f3n Civil; adem\u00e1s, contar\u00e1 con espacio de estacionamiento propio para evitar afectaciones a las viviendas aleda\u00f1as.<\/p>\n\n\n\n<p>Como se ha mencionado, es un logro contar con un espacio que servir\u00e1 para dar esa reivindicaci\u00f3n que desde la Federaci\u00f3n se busca otorgar al magisterio, tanto en los servicios que se brindan en las aulas como en los que se otorgan en las oficinas centrales.<\/p>\n\n\n\n<p>As\u00ed, las nuevas instalaciones forman parte de los logros que se han generado en la lucha por la transformaci\u00f3n del estado.<\/p>\n\n\n\n<p>enriquepompeyo@hotmail.com<\/p>\n","protected":false},"excerpt":{"rendered":"<p>Enrique Yasser PompeyoMesa de Redacci\u00f3n El titular de la Secretar\u00eda de Educaci\u00f3n de Veracruz (SEV), Zenyazen Escobar Garc\u00eda atiende, resuelve y cumple con la encomienda asignada sin hacer ruido, sin hacer olas. En materia de infraestructura educativa es fundamental la seguridad, por ello, se han destinado 13 millones de pesos para rehabilitar y reconstruir, al [&hellip;]<\/p>\n","protected":false},"author":2,"featured_media":0,"comment_status":"closed","ping_status":"closed","sticky":false,"template":"","format":"standard","meta":{"tdm_status":"","tdm_grid_status":"","footnotes":""},"categories":[70],"tags":[15477,2432,12372],"class_list":{"0":"post-104828","1":"post","2":"type-post","3":"status-publish","4":"format-standard","6":"category-de-opinion","7":"tag-enrique-yasser-pompeyo","8":"tag-secretaria-de-educacion-de-veracruz","9":"tag-zenyazen-escobar-garcia"},"yoast_head":"<!-- This site is optimized with the Yoast SEO plugin v27.4 - https:\/\/yoast.com\/product\/yoast-seo-wordpress\/ -->\n<title>RECONSTRUCCI\u00d3N EDUCATIVA - Los pol\u00edticos Veracruz<\/title>\n<meta name=\"robots\" content=\"index, follow, max-snippet:-1, max-image-preview:large, max-video-preview:-1\" \/>\n<link rel=\"canonical\" href=\"https:\/\/lospoliticosveracruz.com\/?p=104828\" \/>\n<meta property=\"og:locale\" content=\"es_ES\" \/>\n<meta property=\"og:type\" content=\"article\" \/>\n<meta property=\"og:title\" content=\"RECONSTRUCCI\u00d3N EDUCATIVA - Los pol\u00edticos Veracruz\" \/>\n<meta property=\"og:description\" content=\"Enrique Yasser PompeyoMesa de Redacci\u00f3n El titular de la Secretar\u00eda de Educaci\u00f3n de Veracruz (SEV), Zenyazen Escobar Garc\u00eda atiende, resuelve y cumple con la encomienda asignada sin hacer ruido, sin hacer olas. En materia de infraestructura educativa es fundamental la seguridad, por ello, se han destinado 13 millones de pesos para rehabilitar y reconstruir, al [&hellip;]\" \/>\n<meta property=\"og:url\" content=\"https:\/\/lospoliticosveracruz.com\/?p=104828\" \/>\n<meta property=\"og:site_name\" content=\"Los pol\u00edticos Veracruz\" \/>\n<meta property=\"article:publisher\" content=\"https:\/\/www.facebook.com\/people\/Notimemes-de-los-Polticos\/61565672886568\/\" \/>\n<meta property=\"article:published_time\" content=\"2023-04-14T02:59:38+00:00\" \/>\n<meta property=\"article:modified_time\" content=\"2023-04-14T03:00:19+00:00\" \/>\n<meta property=\"og:image\" content=\"https:\/\/lospoliticosveracruz.com\/wp-content\/uploads\/2016\/07\/Logo-Dor.jpg\" \/>\n\t<meta property=\"og:image:width\" content=\"200\" \/>\n\t<meta property=\"og:image:height\" content=\"200\" \/>\n\t<meta property=\"og:image:type\" content=\"image\/jpeg\" \/>\n<meta name=\"author\" content=\"Lo viste en Los Pol\u00edticos\" \/>\n<meta name=\"twitter:card\" content=\"summary_large_image\" \/>\n<meta name=\"twitter:creator\" content=\"@LosPoliticosVer\" \/>\n<meta name=\"twitter:site\" content=\"@LosPoliticosVer\" \/>\n<meta name=\"twitter:label1\" content=\"Escrito por\" \/>\n\t<meta name=\"twitter:data1\" content=\"Lo viste en Los Pol\u00edticos\" \/>\n\t<meta name=\"twitter:label2\" content=\"Tiempo de lectura\" \/>\n\t<meta name=\"twitter:data2\" content=\"3 minutos\" \/>\n<script type=\"application\/ld+json\" class=\"yoast-schema-graph\">{\"@context\":\"https:\\\/\\\/schema.org\",\"@graph\":[{\"@type\":\"Article\",\"@id\":\"https:\\\/\\\/lospoliticosveracruz.com\\\/?p=104828#article\",\"isPartOf\":{\"@id\":\"https:\\\/\\\/lospoliticosveracruz.com\\\/?p=104828\"},\"author\":{\"name\":\"Lo viste en Los Pol\u00edticos\",\"@id\":\"https:\\\/\\\/lospoliticosveracruz.com\\\/#\\\/schema\\\/person\\\/b8702bb0e538456e6efd07080bf2a4a2\"},\"headline\":\"RECONSTRUCCI\u00d3N EDUCATIVA\",\"datePublished\":\"2023-04-14T02:59:38+00:00\",\"dateModified\":\"2023-04-14T03:00:19+00:00\",\"mainEntityOfPage\":{\"@id\":\"https:\\\/\\\/lospoliticosveracruz.com\\\/?p=104828\"},\"wordCount\":605,\"publisher\":{\"@id\":\"https:\\\/\\\/lospoliticosveracruz.com\\\/#organization\"},\"keywords\":[\"Enrique Yasser Pompeyo\",\"Secretar\u00eda de Educaci\u00f3n de Veracruz\",\"Zenyazen Escobar Garc\u00eda\"],\"articleSection\":[\"De Opini\u00f3n\"],\"inLanguage\":\"es\"},{\"@type\":\"WebPage\",\"@id\":\"https:\\\/\\\/lospoliticosveracruz.com\\\/?p=104828\",\"url\":\"https:\\\/\\\/lospoliticosveracruz.com\\\/?p=104828\",\"name\":\"RECONSTRUCCI\u00d3N EDUCATIVA - Los pol\u00edticos Veracruz\",\"isPartOf\":{\"@id\":\"https:\\\/\\\/lospoliticosveracruz.com\\\/#website\"},\"datePublished\":\"2023-04-14T02:59:38+00:00\",\"dateModified\":\"2023-04-14T03:00:19+00:00\",\"breadcrumb\":{\"@id\":\"https:\\\/\\\/lospoliticosveracruz.com\\\/?p=104828#breadcrumb\"},\"inLanguage\":\"es\",\"potentialAction\":[{\"@type\":\"ReadAction\",\"target\":[\"https:\\\/\\\/lospoliticosveracruz.com\\\/?p=104828\"]}]},{\"@type\":\"BreadcrumbList\",\"@id\":\"https:\\\/\\\/lospoliticosveracruz.com\\\/?p=104828#breadcrumb\",\"itemListElement\":[{\"@type\":\"ListItem\",\"position\":1,\"name\":\"Portada\",\"item\":\"https:\\\/\\\/lospoliticosveracruz.com\\\/\"},{\"@type\":\"ListItem\",\"position\":2,\"name\":\"RECONSTRUCCI\u00d3N EDUCATIVA\"}]},{\"@type\":\"WebSite\",\"@id\":\"https:\\\/\\\/lospoliticosveracruz.com\\\/#website\",\"url\":\"https:\\\/\\\/lospoliticosveracruz.com\\\/\",\"name\":\"Los pol\u00edticos Veracruz\",\"description\":\"\",\"publisher\":{\"@id\":\"https:\\\/\\\/lospoliticosveracruz.com\\\/#organization\"},\"potentialAction\":[{\"@type\":\"SearchAction\",\"target\":{\"@type\":\"EntryPoint\",\"urlTemplate\":\"https:\\\/\\\/lospoliticosveracruz.com\\\/?s={search_term_string}\"},\"query-input\":{\"@type\":\"PropertyValueSpecification\",\"valueRequired\":true,\"valueName\":\"search_term_string\"}}],\"inLanguage\":\"es\"},{\"@type\":\"Organization\",\"@id\":\"https:\\\/\\\/lospoliticosveracruz.com\\\/#organization\",\"name\":\"Los pol\u00edticos Veracruz\",\"url\":\"https:\\\/\\\/lospoliticosveracruz.com\\\/\",\"logo\":{\"@type\":\"ImageObject\",\"inLanguage\":\"es\",\"@id\":\"https:\\\/\\\/lospoliticosveracruz.com\\\/#\\\/schema\\\/logo\\\/image\\\/\",\"url\":\"https:\\\/\\\/lospoliticosveracruz.com\\\/wp-content\\\/uploads\\\/2025\\\/12\\\/Logo-Nuevo-LOS-POLITICOS-1.jpg\",\"contentUrl\":\"https:\\\/\\\/lospoliticosveracruz.com\\\/wp-content\\\/uploads\\\/2025\\\/12\\\/Logo-Nuevo-LOS-POLITICOS-1.jpg\",\"width\":260,\"height\":70,\"caption\":\"Los pol\u00edticos Veracruz\"},\"image\":{\"@id\":\"https:\\\/\\\/lospoliticosveracruz.com\\\/#\\\/schema\\\/logo\\\/image\\\/\"},\"sameAs\":[\"https:\\\/\\\/www.facebook.com\\\/people\\\/Notimemes-de-los-Polticos\\\/61565672886568\\\/\",\"https:\\\/\\\/x.com\\\/LosPoliticosVer\"]},{\"@type\":\"Person\",\"@id\":\"https:\\\/\\\/lospoliticosveracruz.com\\\/#\\\/schema\\\/person\\\/b8702bb0e538456e6efd07080bf2a4a2\",\"name\":\"Lo viste en Los Pol\u00edticos\",\"image\":{\"@type\":\"ImageObject\",\"inLanguage\":\"es\",\"@id\":\"https:\\\/\\\/secure.gravatar.com\\\/avatar\\\/3a8de04a2656d44082be478bd6c086daa447c4651605818287b9532d3d0bd435?s=96&d=mm&r=g\",\"url\":\"https:\\\/\\\/secure.gravatar.com\\\/avatar\\\/3a8de04a2656d44082be478bd6c086daa447c4651605818287b9532d3d0bd435?s=96&d=mm&r=g\",\"contentUrl\":\"https:\\\/\\\/secure.gravatar.com\\\/avatar\\\/3a8de04a2656d44082be478bd6c086daa447c4651605818287b9532d3d0bd435?s=96&d=mm&r=g\",\"caption\":\"Lo viste en Los Pol\u00edticos\"},\"url\":\"https:\\\/\\\/lospoliticosveracruz.com\\\/?author=2\"}]}<\/script>\n<!-- \/ Yoast SEO plugin. -->","yoast_head_json":{"title":"RECONSTRUCCI\u00d3N EDUCATIVA - Los pol\u00edticos Veracruz","robots":{"index":"index","follow":"follow","max-snippet":"max-snippet:-1","max-image-preview":"max-image-preview:large","max-video-preview":"max-video-preview:-1"},"canonical":"https:\/\/lospoliticosveracruz.com\/?p=104828","og_locale":"es_ES","og_type":"article","og_title":"RECONSTRUCCI\u00d3N EDUCATIVA - Los pol\u00edticos Veracruz","og_description":"Enrique Yasser PompeyoMesa de Redacci\u00f3n El titular de la Secretar\u00eda de Educaci\u00f3n de Veracruz (SEV), Zenyazen Escobar Garc\u00eda atiende, resuelve y cumple con la encomienda asignada sin hacer ruido, sin hacer olas. En materia de infraestructura educativa es fundamental la seguridad, por ello, se han destinado 13 millones de pesos para rehabilitar y reconstruir, al [&hellip;]","og_url":"https:\/\/lospoliticosveracruz.com\/?p=104828","og_site_name":"Los pol\u00edticos Veracruz","article_publisher":"https:\/\/www.facebook.com\/people\/Notimemes-de-los-Polticos\/61565672886568\/","article_published_time":"2023-04-14T02:59:38+00:00","article_modified_time":"2023-04-14T03:00:19+00:00","og_image":[{"width":200,"height":200,"url":"https:\/\/lospoliticosveracruz.com\/wp-content\/uploads\/2016\/07\/Logo-Dor.jpg","type":"image\/jpeg"}],"author":"Lo viste en Los Pol\u00edticos","twitter_card":"summary_large_image","twitter_creator":"@LosPoliticosVer","twitter_site":"@LosPoliticosVer","twitter_misc":{"Escrito por":"Lo viste en Los Pol\u00edticos","Tiempo de lectura":"3 minutos"},"schema":{"@context":"https:\/\/schema.org","@graph":[{"@type":"Article","@id":"https:\/\/lospoliticosveracruz.com\/?p=104828#article","isPartOf":{"@id":"https:\/\/lospoliticosveracruz.com\/?p=104828"},"author":{"name":"Lo viste en Los Pol\u00edticos","@id":"https:\/\/lospoliticosveracruz.com\/#\/schema\/person\/b8702bb0e538456e6efd07080bf2a4a2"},"headline":"RECONSTRUCCI\u00d3N EDUCATIVA","datePublished":"2023-04-14T02:59:38+00:00","dateModified":"2023-04-14T03:00:19+00:00","mainEntityOfPage":{"@id":"https:\/\/lospoliticosveracruz.com\/?p=104828"},"wordCount":605,"publisher":{"@id":"https:\/\/lospoliticosveracruz.com\/#organization"},"keywords":["Enrique Yasser Pompeyo","Secretar\u00eda de Educaci\u00f3n de Veracruz","Zenyazen Escobar Garc\u00eda"],"articleSection":["De Opini\u00f3n"],"inLanguage":"es"},{"@type":"WebPage","@id":"https:\/\/lospoliticosveracruz.com\/?p=104828","url":"https:\/\/lospoliticosveracruz.com\/?p=104828","name":"RECONSTRUCCI\u00d3N EDUCATIVA - Los pol\u00edticos Veracruz","isPartOf":{"@id":"https:\/\/lospoliticosveracruz.com\/#website"},"datePublished":"2023-04-14T02:59:38+00:00","dateModified":"2023-04-14T03:00:19+00:00","breadcrumb":{"@id":"https:\/\/lospoliticosveracruz.com\/?p=104828#breadcrumb"},"inLanguage":"es","potentialAction":[{"@type":"ReadAction","target":["https:\/\/lospoliticosveracruz.com\/?p=104828"]}]},{"@type":"BreadcrumbList","@id":"https:\/\/lospoliticosveracruz.com\/?p=104828#breadcrumb","itemListElement":[{"@type":"ListItem","position":1,"name":"Portada","item":"https:\/\/lospoliticosveracruz.com\/"},{"@type":"ListItem","position":2,"name":"RECONSTRUCCI\u00d3N EDUCATIVA"}]},{"@type":"WebSite","@id":"https:\/\/lospoliticosveracruz.com\/#website","url":"https:\/\/lospoliticosveracruz.com\/","name":"Los pol\u00edticos Veracruz","description":"","publisher":{"@id":"https:\/\/lospoliticosveracruz.com\/#organization"},"potentialAction":[{"@type":"SearchAction","target":{"@type":"EntryPoint","urlTemplate":"https:\/\/lospoliticosveracruz.com\/?s={search_term_string}"},"query-input":{"@type":"PropertyValueSpecification","valueRequired":true,"valueName":"search_term_string"}}],"inLanguage":"es"},{"@type":"Organization","@id":"https:\/\/lospoliticosveracruz.com\/#organization","name":"Los pol\u00edticos Veracruz","url":"https:\/\/lospoliticosveracruz.com\/","logo":{"@type":"ImageObject","inLanguage":"es","@id":"https:\/\/lospoliticosveracruz.com\/#\/schema\/logo\/image\/","url":"https:\/\/lospoliticosveracruz.com\/wp-content\/uploads\/2025\/12\/Logo-Nuevo-LOS-POLITICOS-1.jpg","contentUrl":"https:\/\/lospoliticosveracruz.com\/wp-content\/uploads\/2025\/12\/Logo-Nuevo-LOS-POLITICOS-1.jpg","width":260,"height":70,"caption":"Los pol\u00edticos Veracruz"},"image":{"@id":"https:\/\/lospoliticosveracruz.com\/#\/schema\/logo\/image\/"},"sameAs":["https:\/\/www.facebook.com\/people\/Notimemes-de-los-Polticos\/61565672886568\/","https:\/\/x.com\/LosPoliticosVer"]},{"@type":"Person","@id":"https:\/\/lospoliticosveracruz.com\/#\/schema\/person\/b8702bb0e538456e6efd07080bf2a4a2","name":"Lo viste en Los Pol\u00edticos","image":{"@type":"ImageObject","inLanguage":"es","@id":"https:\/\/secure.gravatar.com\/avatar\/3a8de04a2656d44082be478bd6c086daa447c4651605818287b9532d3d0bd435?s=96&d=mm&r=g","url":"https:\/\/secure.gravatar.com\/avatar\/3a8de04a2656d44082be478bd6c086daa447c4651605818287b9532d3d0bd435?s=96&d=mm&r=g","contentUrl":"https:\/\/secure.gravatar.com\/avatar\/3a8de04a2656d44082be478bd6c086daa447c4651605818287b9532d3d0bd435?s=96&d=mm&r=g","caption":"Lo viste en Los Pol\u00edticos"},"url":"https:\/\/lospoliticosveracruz.com\/?author=2"}]}},"_links":{"self":[{"href":"https:\/\/lospoliticosveracruz.com\/index.php?rest_route=\/wp\/v2\/posts\/104828","targetHints":{"allow":["GET"]}}],"collection":[{"href":"https:\/\/lospoliticosveracruz.com\/index.php?rest_route=\/wp\/v2\/posts"}],"about":[{"href":"https:\/\/lospoliticosveracruz.com\/index.php?rest_route=\/wp\/v2\/types\/post"}],"author":[{"embeddable":true,"href":"https:\/\/lospoliticosveracruz.com\/index.php?rest_route=\/wp\/v2\/users\/2"}],"replies":[{"embeddable":true,"href":"https:\/\/lospoliticosveracruz.com\/index.php?rest_route=%2Fwp%2Fv2%2Fcomments&post=104828"}],"version-history":[{"count":1,"href":"https:\/\/lospoliticosveracruz.com\/index.php?rest_route=\/wp\/v2\/posts\/104828\/revisions"}],"predecessor-version":[{"id":104830,"href":"https:\/\/lospoliticosveracruz.com\/index.php?rest_route=\/wp\/v2\/posts\/104828\/revisions\/104830"}],"wp:attachment":[{"href":"https:\/\/lospoliticosveracruz.com\/index.php?rest_route=%2Fwp%2Fv2%2Fmedia&parent=104828"}],"wp:term":[{"taxonomy":"category","embeddable":true,"href":"https:\/\/lospoliticosveracruz.com\/index.php?rest_route=%2Fwp%2Fv2%2Fcategories&post=104828"},{"taxonomy":"post_tag","embeddable":true,"href":"https:\/\/lospoliticosveracruz.com\/index.php?rest_route=%2Fwp%2Fv2%2Ftags&post=104828"}],"curies":[{"name":"wp","href":"https:\/\/api.w.org\/{rel}","templated":true}]}}