{"id":104835,"date":"2023-04-14T08:32:18","date_gmt":"2023-04-14T13:32:18","guid":{"rendered":"https:\/\/lospoliticosveracruz.com.mx\/?p=104835"},"modified":"2023-04-14T08:32:23","modified_gmt":"2023-04-14T13:32:23","slug":"dos-bocas-refinara-en-julio-solo-mas-promesas","status":"publish","type":"post","link":"https:\/\/lospoliticosveracruz.com\/?p=104835","title":{"rendered":"DOS BOCAS refinar\u00e1 en julio s\u00f3lo m\u00e1s promesas\u00a0"},"content":{"rendered":"\n<p><strong>Bernardo Guti\u00e9rrez Parra<\/strong>\u00a0<\/p>\n\n\n\n<p><em>Desde el Caf\u00e9\u00a0<\/em><\/p>\n\n\n\n<p>Hasta por sabido se calla; cada vez que llueve en Dos Bocas se inunda la refiner\u00eda. Y se inunda por dos razones: porque los vasos reguladores naturales fueron eliminados con su construcci\u00f3n y porque su drenaje es deficiente. \u201cDos Bocas requiere de un sistema de drenado como el que tienen en Holanda y le pusieron uno como el que tienen en Papantla\u201d, dijo un ingeniero hidr\u00e1ulico que agreg\u00f3 (quiz\u00e1 para evitar suspicacias), que el de Papantla cumple con su cometido.\u00a0\u00a0<br><\/p>\n\n\n<div class=\"wp-block-image\">\n<figure class=\"alignleft size-full is-resized\"><a href=\"https:\/\/lospoliticosveracruz.com.mx\/wp-content\/uploads\/2023\/02\/Vinissimo.jpg\"><img loading=\"lazy\" decoding=\"async\" src=\"https:\/\/lospoliticosveracruz.com.mx\/wp-content\/uploads\/2023\/02\/Vinissimo.jpg\" alt=\"\" class=\"wp-image-102752\" width=\"175\" height=\"178\"\/><\/a><\/figure>\n<\/div>\n\n\n<p>Por ese lado el agua es una calamidad para la refiner\u00eda y para Roc\u00edo Nahle responsable de la obra. Pero por otro\u2026<\/p>\n\n\n\n<p>Toda refiner\u00eda que se precie de serlo, debe contar con ductos de agua cruda para sus procesos de refinamiento. La excepci\u00f3n es Dos Bocas donde olvidaron construirlos; asunto grave si se toma en cuenta que sin esa agua es punto menos que imposible refinar un solo barril de petr\u00f3leo.&nbsp;<\/p>\n\n\n\n<p>Y la oposici\u00f3n no la dej\u00f3 pasar.&nbsp;<\/p>\n\n\n\n<p>El senador panista Julen Rementer\u00eda del Puerto dijo que pese al sobrecosto que ha generado el armatoste, ahora se deber\u00e1 desembolsar un dineral que no estaba presupuestado.&nbsp;<\/p>\n\n\n\n<p>\u201cEs inaceptable que a m\u00e1s de tres a\u00f1os que inici\u00f3 la construcci\u00f3n de la refiner\u00eda Olmeca (su nombre real, aunque nadie la llama as\u00ed), apenas se den cuenta que no tienen agua para el proceso de refinaci\u00f3n y ahora tienen que construir un acueducto que nos costar\u00e1 mil 600 millones de pesos m\u00e1s\u201d, denunci\u00f3 en conferencia de prensa.&nbsp;&nbsp;<\/p>\n\n\n\n<p>El problema es que la construcci\u00f3n del acueducto no ser\u00e1n coser y cantar. No se\u00f1or, el chistecito tiene su ciencia\u2026 y su tiempo. Y una cosa ser\u00e1 hacerlo y otra probarlo.&nbsp;<\/p>\n\n\n\n<p>Se estima que su construcci\u00f3n llevar\u00e1 de nueve meses a un a\u00f1o y probar su funcionamiento, de dos a cuatro meses.&nbsp;<\/p>\n\n\n\n<p>Estamos hablando lector que si comienzan ma\u00f1ana, el ducto estar\u00e1 en funciones por ah\u00ed de septiembre del 2024, cuando hayan pasado las elecciones y ya sepamos quien gobernar\u00e1 al pa\u00eds y quien lo har\u00e1 en Veracruz.&nbsp;<\/p>\n\n\n\n<p>A la bronca del agua de por si may\u00fascula, hay que agregar la orden presidencial del 23 de diciembre anterior cuando L\u00f3pez Obrador escribi\u00f3 en sus redes: \u201cVisit\u00e9 la refiner\u00eda Olmeca en Dos Bocas construida en tiempo r\u00e9cord mundial. Est\u00e1 en fase de integraci\u00f3n y prueba; el 1\u00b0 de julio comenzar\u00e1 a procesar 170 mil barriles diarios de petr\u00f3leo crudo y el 15 de septiembre el doble\u201d.<\/p>\n\n\n\n<p>Aunque el 17 de marzo le baj\u00f3 170 mil rayitas a su radio porque ya no habl\u00f3 del n\u00famero de barriles por refinar, el presidente sigue en la creencia de que la refinar\u00eda comenzar\u00e1 sus trabajos en julio.&nbsp;<\/p>\n\n\n\n<p>Y Roc\u00edo Nahle le sigue dando cuerda.&nbsp;<\/p>\n\n\n\n<p>Ese mismo d\u00eda dijo en la ma\u00f1anera que la refiner\u00eda iniciar\u00e1 su primer tren de refinaci\u00f3n en julio y el segundo entrar\u00e1 en septiembre, para estabilizarse en tres meses m\u00e1s.&nbsp;<\/p>\n\n\n\n<p>Ambos mienten; uno quiz\u00e1 por inocencia y la otra por indecencia.&nbsp;<\/p>\n\n\n\n<p>Dos Bocas refinar\u00e1 en julio s\u00f3lo m\u00e1s promesas. La falta de agua cruda y en contrapunto, la copiosidad de las lluvias que seguir\u00e1n inund\u00e1ndola, pueden combinarse para hundir en un fango cenagoso los sue\u00f1os de gobernar Veracruz de la secretaria de Energ\u00eda.<\/p>\n\n\n\n<p>Pero a pesar de los pesares yo seguir\u00e9 insistiendo; la quiero como candidata de Morena.&nbsp; &nbsp;<\/p>\n\n\n\n<p>Urgen recursos para restaurar escuelas da\u00f1adas por Grace&nbsp;<\/p>\n\n\n\n<p>El pr\u00f3ximo agosto se cumplir\u00e1n dos a\u00f1os de que la fuerza del hurac\u00e1n Grace hizo estragos principalmente en la zona norte de Veracruz. Fueron decenas las escuelas que resultaron da\u00f1adas por el paso del meteoro y el apoyo del gobierno estatal no se hizo esperar. El apoyo que se sigue esperando es el del gobierno federal.&nbsp;<\/p>\n\n\n\n<p>El secretario de Educaci\u00f3n de Veracruz, Zenyazen Escobar, inform\u00f3 este jueves que solicit\u00f3 a la titular de la Secretar\u00eda de Educaci\u00f3n P\u00fablica (SEP), Leticia Ram\u00edrez, la liberaci\u00f3n de recursos por 250 millones de pesos para atender la infraestructura educativa que contin\u00faa esperando su rehabilitaci\u00f3n por las afectaciones causadas por el meteoro.&nbsp;<\/p>\n\n\n\n<p>\u201cLa semana pasada estuve con ella y le entregu\u00e9 un escrito en el cual estamos haciendo la petici\u00f3n de liberaci\u00f3n de recursos por 250 millones de pesos. Si bien ustedes saben que he gestionado, en diciembre del a\u00f1o pasado logr\u00e9 m\u00e1s de 300 millones de pesos. La maestra Ram\u00edrez dijo que es un tema que est\u00e1 en la Secretar\u00eda de Hacienda, que nos va a ayudar, que hay toda la disposici\u00f3n del Gobierno Federal\u201d, indic\u00f3.&nbsp;<\/p>\n\n\n\n<p>Varias de las escuelas afectadas y que esperan su rehabilitaci\u00f3n est\u00e1n en Poza Rica y otros municipios de la zona norte, por lo que el maestro Zenyazen agreg\u00f3: \u201cDecirle a la zona norte que s\u00ed estoy gestionando los recursos, que no he incumplido. Nosotros liberamos m\u00e1s de 40 millones de pesos a trav\u00e9s del Plan Anual de Trabajo de la Supervisi\u00f3n Escolar (PATSE), por eso entregamos 200 mil pesos por instituci\u00f3n. Pero hay escuelas donde los montos son de m\u00e1s de 10 millones de pesos y esperamos poder liberar estos fondos\u201d, finaliz\u00f3 el funcionario.&nbsp;<\/p>\n\n\n\n<p>bernardogup@hotmail.com<\/p>\n","protected":false},"excerpt":{"rendered":"<p>Bernardo Guti\u00e9rrez Parra\u00a0 Desde el Caf\u00e9\u00a0 Hasta por sabido se calla; cada vez que llueve en Dos Bocas se inunda la refiner\u00eda. Y se inunda por dos razones: porque los vasos reguladores naturales fueron eliminados con su construcci\u00f3n y porque su drenaje es deficiente. \u201cDos Bocas requiere de un sistema de drenado como el que [&hellip;]<\/p>\n","protected":false},"author":2,"featured_media":0,"comment_status":"closed","ping_status":"closed","sticky":false,"template":"","format":"standard","meta":{"tdm_status":"","tdm_grid_status":"","footnotes":""},"categories":[70],"tags":[34206,14643,3578,12372],"class_list":{"0":"post-104835","1":"post","2":"type-post","3":"status-publish","4":"format-standard","6":"category-de-opinion","7":"tag-bernardo-gutierrez-parra","8":"tag-dos-bocas","9":"tag-rocio-nahle","10":"tag-zenyazen-escobar-garcia"},"yoast_head":"<!-- This site is optimized with the Yoast SEO plugin v27.4 - https:\/\/yoast.com\/product\/yoast-seo-wordpress\/ -->\n<title>DOS BOCAS refinar\u00e1 en julio s\u00f3lo m\u00e1s promesas\u00a0 - Los pol\u00edticos Veracruz<\/title>\n<meta name=\"robots\" content=\"index, follow, max-snippet:-1, max-image-preview:large, max-video-preview:-1\" \/>\n<link rel=\"canonical\" href=\"https:\/\/lospoliticosveracruz.com\/?p=104835\" \/>\n<meta property=\"og:locale\" content=\"es_ES\" \/>\n<meta property=\"og:type\" content=\"article\" \/>\n<meta property=\"og:title\" content=\"DOS BOCAS refinar\u00e1 en julio s\u00f3lo m\u00e1s promesas\u00a0 - Los pol\u00edticos Veracruz\" \/>\n<meta property=\"og:description\" content=\"Bernardo Guti\u00e9rrez Parra\u00a0 Desde el Caf\u00e9\u00a0 Hasta por sabido se calla; cada vez que llueve en Dos Bocas se inunda la refiner\u00eda. Y se inunda por dos razones: porque los vasos reguladores naturales fueron eliminados con su construcci\u00f3n y porque su drenaje es deficiente. \u201cDos Bocas requiere de un sistema de drenado como el que [&hellip;]\" \/>\n<meta property=\"og:url\" content=\"https:\/\/lospoliticosveracruz.com\/?p=104835\" \/>\n<meta property=\"og:site_name\" content=\"Los pol\u00edticos Veracruz\" \/>\n<meta property=\"article:publisher\" content=\"https:\/\/www.facebook.com\/people\/Notimemes-de-los-Polticos\/61565672886568\/\" \/>\n<meta property=\"article:published_time\" content=\"2023-04-14T13:32:18+00:00\" \/>\n<meta property=\"article:modified_time\" content=\"2023-04-14T13:32:23+00:00\" \/>\n<meta property=\"og:image\" content=\"https:\/\/lospoliticosveracruz.com.mx\/wp-content\/uploads\/2023\/02\/Vinissimo.jpg\" \/>\n<meta name=\"author\" content=\"Lo viste en Los Pol\u00edticos\" \/>\n<meta name=\"twitter:card\" content=\"summary_large_image\" \/>\n<meta name=\"twitter:creator\" content=\"@LosPoliticosVer\" \/>\n<meta name=\"twitter:site\" content=\"@LosPoliticosVer\" \/>\n<meta name=\"twitter:label1\" content=\"Escrito por\" \/>\n\t<meta name=\"twitter:data1\" content=\"Lo viste en Los Pol\u00edticos\" \/>\n\t<meta name=\"twitter:label2\" content=\"Tiempo de lectura\" \/>\n\t<meta name=\"twitter:data2\" content=\"5 minutos\" \/>\n<script type=\"application\/ld+json\" class=\"yoast-schema-graph\">{\"@context\":\"https:\\\/\\\/schema.org\",\"@graph\":[{\"@type\":\"Article\",\"@id\":\"https:\\\/\\\/lospoliticosveracruz.com\\\/?p=104835#article\",\"isPartOf\":{\"@id\":\"https:\\\/\\\/lospoliticosveracruz.com\\\/?p=104835\"},\"author\":{\"name\":\"Lo viste en Los Pol\u00edticos\",\"@id\":\"https:\\\/\\\/lospoliticosveracruz.com\\\/#\\\/schema\\\/person\\\/b8702bb0e538456e6efd07080bf2a4a2\"},\"headline\":\"DOS BOCAS refinar\u00e1 en julio s\u00f3lo m\u00e1s promesas\u00a0\",\"datePublished\":\"2023-04-14T13:32:18+00:00\",\"dateModified\":\"2023-04-14T13:32:23+00:00\",\"mainEntityOfPage\":{\"@id\":\"https:\\\/\\\/lospoliticosveracruz.com\\\/?p=104835\"},\"wordCount\":921,\"publisher\":{\"@id\":\"https:\\\/\\\/lospoliticosveracruz.com\\\/#organization\"},\"image\":{\"@id\":\"https:\\\/\\\/lospoliticosveracruz.com\\\/?p=104835#primaryimage\"},\"thumbnailUrl\":\"https:\\\/\\\/lospoliticosveracruz.com.mx\\\/wp-content\\\/uploads\\\/2023\\\/02\\\/Vinissimo.jpg\",\"keywords\":[\"Bernardo Guti\u00e9rrez Parra\",\"Dos Bocas\",\"Roc\u00edo Nahle\",\"Zenyazen Escobar Garc\u00eda\"],\"articleSection\":[\"De Opini\u00f3n\"],\"inLanguage\":\"es\"},{\"@type\":\"WebPage\",\"@id\":\"https:\\\/\\\/lospoliticosveracruz.com\\\/?p=104835\",\"url\":\"https:\\\/\\\/lospoliticosveracruz.com\\\/?p=104835\",\"name\":\"DOS BOCAS refinar\u00e1 en julio s\u00f3lo m\u00e1s promesas\u00a0 - Los pol\u00edticos Veracruz\",\"isPartOf\":{\"@id\":\"https:\\\/\\\/lospoliticosveracruz.com\\\/#website\"},\"primaryImageOfPage\":{\"@id\":\"https:\\\/\\\/lospoliticosveracruz.com\\\/?p=104835#primaryimage\"},\"image\":{\"@id\":\"https:\\\/\\\/lospoliticosveracruz.com\\\/?p=104835#primaryimage\"},\"thumbnailUrl\":\"https:\\\/\\\/lospoliticosveracruz.com.mx\\\/wp-content\\\/uploads\\\/2023\\\/02\\\/Vinissimo.jpg\",\"datePublished\":\"2023-04-14T13:32:18+00:00\",\"dateModified\":\"2023-04-14T13:32:23+00:00\",\"breadcrumb\":{\"@id\":\"https:\\\/\\\/lospoliticosveracruz.com\\\/?p=104835#breadcrumb\"},\"inLanguage\":\"es\",\"potentialAction\":[{\"@type\":\"ReadAction\",\"target\":[\"https:\\\/\\\/lospoliticosveracruz.com\\\/?p=104835\"]}]},{\"@type\":\"ImageObject\",\"inLanguage\":\"es\",\"@id\":\"https:\\\/\\\/lospoliticosveracruz.com\\\/?p=104835#primaryimage\",\"url\":\"https:\\\/\\\/lospoliticosveracruz.com.mx\\\/wp-content\\\/uploads\\\/2023\\\/02\\\/Vinissimo.jpg\",\"contentUrl\":\"https:\\\/\\\/lospoliticosveracruz.com.mx\\\/wp-content\\\/uploads\\\/2023\\\/02\\\/Vinissimo.jpg\"},{\"@type\":\"BreadcrumbList\",\"@id\":\"https:\\\/\\\/lospoliticosveracruz.com\\\/?p=104835#breadcrumb\",\"itemListElement\":[{\"@type\":\"ListItem\",\"position\":1,\"name\":\"Portada\",\"item\":\"https:\\\/\\\/lospoliticosveracruz.com\\\/\"},{\"@type\":\"ListItem\",\"position\":2,\"name\":\"DOS BOCAS refinar\u00e1 en julio s\u00f3lo m\u00e1s promesas\u00a0\"}]},{\"@type\":\"WebSite\",\"@id\":\"https:\\\/\\\/lospoliticosveracruz.com\\\/#website\",\"url\":\"https:\\\/\\\/lospoliticosveracruz.com\\\/\",\"name\":\"Los pol\u00edticos Veracruz\",\"description\":\"\",\"publisher\":{\"@id\":\"https:\\\/\\\/lospoliticosveracruz.com\\\/#organization\"},\"potentialAction\":[{\"@type\":\"SearchAction\",\"target\":{\"@type\":\"EntryPoint\",\"urlTemplate\":\"https:\\\/\\\/lospoliticosveracruz.com\\\/?s={search_term_string}\"},\"query-input\":{\"@type\":\"PropertyValueSpecification\",\"valueRequired\":true,\"valueName\":\"search_term_string\"}}],\"inLanguage\":\"es\"},{\"@type\":\"Organization\",\"@id\":\"https:\\\/\\\/lospoliticosveracruz.com\\\/#organization\",\"name\":\"Los pol\u00edticos Veracruz\",\"url\":\"https:\\\/\\\/lospoliticosveracruz.com\\\/\",\"logo\":{\"@type\":\"ImageObject\",\"inLanguage\":\"es\",\"@id\":\"https:\\\/\\\/lospoliticosveracruz.com\\\/#\\\/schema\\\/logo\\\/image\\\/\",\"url\":\"https:\\\/\\\/lospoliticosveracruz.com\\\/wp-content\\\/uploads\\\/2025\\\/12\\\/Logo-Nuevo-LOS-POLITICOS-1.jpg\",\"contentUrl\":\"https:\\\/\\\/lospoliticosveracruz.com\\\/wp-content\\\/uploads\\\/2025\\\/12\\\/Logo-Nuevo-LOS-POLITICOS-1.jpg\",\"width\":260,\"height\":70,\"caption\":\"Los pol\u00edticos Veracruz\"},\"image\":{\"@id\":\"https:\\\/\\\/lospoliticosveracruz.com\\\/#\\\/schema\\\/logo\\\/image\\\/\"},\"sameAs\":[\"https:\\\/\\\/www.facebook.com\\\/people\\\/Notimemes-de-los-Polticos\\\/61565672886568\\\/\",\"https:\\\/\\\/x.com\\\/LosPoliticosVer\"]},{\"@type\":\"Person\",\"@id\":\"https:\\\/\\\/lospoliticosveracruz.com\\\/#\\\/schema\\\/person\\\/b8702bb0e538456e6efd07080bf2a4a2\",\"name\":\"Lo viste en Los Pol\u00edticos\",\"image\":{\"@type\":\"ImageObject\",\"inLanguage\":\"es\",\"@id\":\"https:\\\/\\\/secure.gravatar.com\\\/avatar\\\/3a8de04a2656d44082be478bd6c086daa447c4651605818287b9532d3d0bd435?s=96&d=mm&r=g\",\"url\":\"https:\\\/\\\/secure.gravatar.com\\\/avatar\\\/3a8de04a2656d44082be478bd6c086daa447c4651605818287b9532d3d0bd435?s=96&d=mm&r=g\",\"contentUrl\":\"https:\\\/\\\/secure.gravatar.com\\\/avatar\\\/3a8de04a2656d44082be478bd6c086daa447c4651605818287b9532d3d0bd435?s=96&d=mm&r=g\",\"caption\":\"Lo viste en Los Pol\u00edticos\"},\"url\":\"https:\\\/\\\/lospoliticosveracruz.com\\\/?author=2\"}]}<\/script>\n<!-- \/ Yoast SEO plugin. -->","yoast_head_json":{"title":"DOS BOCAS refinar\u00e1 en julio s\u00f3lo m\u00e1s promesas\u00a0 - Los pol\u00edticos Veracruz","robots":{"index":"index","follow":"follow","max-snippet":"max-snippet:-1","max-image-preview":"max-image-preview:large","max-video-preview":"max-video-preview:-1"},"canonical":"https:\/\/lospoliticosveracruz.com\/?p=104835","og_locale":"es_ES","og_type":"article","og_title":"DOS BOCAS refinar\u00e1 en julio s\u00f3lo m\u00e1s promesas\u00a0 - Los pol\u00edticos Veracruz","og_description":"Bernardo Guti\u00e9rrez Parra\u00a0 Desde el Caf\u00e9\u00a0 Hasta por sabido se calla; cada vez que llueve en Dos Bocas se inunda la refiner\u00eda. Y se inunda por dos razones: porque los vasos reguladores naturales fueron eliminados con su construcci\u00f3n y porque su drenaje es deficiente. \u201cDos Bocas requiere de un sistema de drenado como el que [&hellip;]","og_url":"https:\/\/lospoliticosveracruz.com\/?p=104835","og_site_name":"Los pol\u00edticos Veracruz","article_publisher":"https:\/\/www.facebook.com\/people\/Notimemes-de-los-Polticos\/61565672886568\/","article_published_time":"2023-04-14T13:32:18+00:00","article_modified_time":"2023-04-14T13:32:23+00:00","og_image":[{"url":"https:\/\/lospoliticosveracruz.com.mx\/wp-content\/uploads\/2023\/02\/Vinissimo.jpg","type":"","width":"","height":""}],"author":"Lo viste en Los Pol\u00edticos","twitter_card":"summary_large_image","twitter_creator":"@LosPoliticosVer","twitter_site":"@LosPoliticosVer","twitter_misc":{"Escrito por":"Lo viste en Los Pol\u00edticos","Tiempo de lectura":"5 minutos"},"schema":{"@context":"https:\/\/schema.org","@graph":[{"@type":"Article","@id":"https:\/\/lospoliticosveracruz.com\/?p=104835#article","isPartOf":{"@id":"https:\/\/lospoliticosveracruz.com\/?p=104835"},"author":{"name":"Lo viste en Los Pol\u00edticos","@id":"https:\/\/lospoliticosveracruz.com\/#\/schema\/person\/b8702bb0e538456e6efd07080bf2a4a2"},"headline":"DOS BOCAS refinar\u00e1 en julio s\u00f3lo m\u00e1s promesas\u00a0","datePublished":"2023-04-14T13:32:18+00:00","dateModified":"2023-04-14T13:32:23+00:00","mainEntityOfPage":{"@id":"https:\/\/lospoliticosveracruz.com\/?p=104835"},"wordCount":921,"publisher":{"@id":"https:\/\/lospoliticosveracruz.com\/#organization"},"image":{"@id":"https:\/\/lospoliticosveracruz.com\/?p=104835#primaryimage"},"thumbnailUrl":"https:\/\/lospoliticosveracruz.com.mx\/wp-content\/uploads\/2023\/02\/Vinissimo.jpg","keywords":["Bernardo Guti\u00e9rrez Parra","Dos Bocas","Roc\u00edo Nahle","Zenyazen Escobar Garc\u00eda"],"articleSection":["De Opini\u00f3n"],"inLanguage":"es"},{"@type":"WebPage","@id":"https:\/\/lospoliticosveracruz.com\/?p=104835","url":"https:\/\/lospoliticosveracruz.com\/?p=104835","name":"DOS BOCAS refinar\u00e1 en julio s\u00f3lo m\u00e1s promesas\u00a0 - Los pol\u00edticos Veracruz","isPartOf":{"@id":"https:\/\/lospoliticosveracruz.com\/#website"},"primaryImageOfPage":{"@id":"https:\/\/lospoliticosveracruz.com\/?p=104835#primaryimage"},"image":{"@id":"https:\/\/lospoliticosveracruz.com\/?p=104835#primaryimage"},"thumbnailUrl":"https:\/\/lospoliticosveracruz.com.mx\/wp-content\/uploads\/2023\/02\/Vinissimo.jpg","datePublished":"2023-04-14T13:32:18+00:00","dateModified":"2023-04-14T13:32:23+00:00","breadcrumb":{"@id":"https:\/\/lospoliticosveracruz.com\/?p=104835#breadcrumb"},"inLanguage":"es","potentialAction":[{"@type":"ReadAction","target":["https:\/\/lospoliticosveracruz.com\/?p=104835"]}]},{"@type":"ImageObject","inLanguage":"es","@id":"https:\/\/lospoliticosveracruz.com\/?p=104835#primaryimage","url":"https:\/\/lospoliticosveracruz.com.mx\/wp-content\/uploads\/2023\/02\/Vinissimo.jpg","contentUrl":"https:\/\/lospoliticosveracruz.com.mx\/wp-content\/uploads\/2023\/02\/Vinissimo.jpg"},{"@type":"BreadcrumbList","@id":"https:\/\/lospoliticosveracruz.com\/?p=104835#breadcrumb","itemListElement":[{"@type":"ListItem","position":1,"name":"Portada","item":"https:\/\/lospoliticosveracruz.com\/"},{"@type":"ListItem","position":2,"name":"DOS BOCAS refinar\u00e1 en julio s\u00f3lo m\u00e1s promesas\u00a0"}]},{"@type":"WebSite","@id":"https:\/\/lospoliticosveracruz.com\/#website","url":"https:\/\/lospoliticosveracruz.com\/","name":"Los pol\u00edticos Veracruz","description":"","publisher":{"@id":"https:\/\/lospoliticosveracruz.com\/#organization"},"potentialAction":[{"@type":"SearchAction","target":{"@type":"EntryPoint","urlTemplate":"https:\/\/lospoliticosveracruz.com\/?s={search_term_string}"},"query-input":{"@type":"PropertyValueSpecification","valueRequired":true,"valueName":"search_term_string"}}],"inLanguage":"es"},{"@type":"Organization","@id":"https:\/\/lospoliticosveracruz.com\/#organization","name":"Los pol\u00edticos Veracruz","url":"https:\/\/lospoliticosveracruz.com\/","logo":{"@type":"ImageObject","inLanguage":"es","@id":"https:\/\/lospoliticosveracruz.com\/#\/schema\/logo\/image\/","url":"https:\/\/lospoliticosveracruz.com\/wp-content\/uploads\/2025\/12\/Logo-Nuevo-LOS-POLITICOS-1.jpg","contentUrl":"https:\/\/lospoliticosveracruz.com\/wp-content\/uploads\/2025\/12\/Logo-Nuevo-LOS-POLITICOS-1.jpg","width":260,"height":70,"caption":"Los pol\u00edticos Veracruz"},"image":{"@id":"https:\/\/lospoliticosveracruz.com\/#\/schema\/logo\/image\/"},"sameAs":["https:\/\/www.facebook.com\/people\/Notimemes-de-los-Polticos\/61565672886568\/","https:\/\/x.com\/LosPoliticosVer"]},{"@type":"Person","@id":"https:\/\/lospoliticosveracruz.com\/#\/schema\/person\/b8702bb0e538456e6efd07080bf2a4a2","name":"Lo viste en Los Pol\u00edticos","image":{"@type":"ImageObject","inLanguage":"es","@id":"https:\/\/secure.gravatar.com\/avatar\/3a8de04a2656d44082be478bd6c086daa447c4651605818287b9532d3d0bd435?s=96&d=mm&r=g","url":"https:\/\/secure.gravatar.com\/avatar\/3a8de04a2656d44082be478bd6c086daa447c4651605818287b9532d3d0bd435?s=96&d=mm&r=g","contentUrl":"https:\/\/secure.gravatar.com\/avatar\/3a8de04a2656d44082be478bd6c086daa447c4651605818287b9532d3d0bd435?s=96&d=mm&r=g","caption":"Lo viste en Los Pol\u00edticos"},"url":"https:\/\/lospoliticosveracruz.com\/?author=2"}]}},"_links":{"self":[{"href":"https:\/\/lospoliticosveracruz.com\/index.php?rest_route=\/wp\/v2\/posts\/104835","targetHints":{"allow":["GET"]}}],"collection":[{"href":"https:\/\/lospoliticosveracruz.com\/index.php?rest_route=\/wp\/v2\/posts"}],"about":[{"href":"https:\/\/lospoliticosveracruz.com\/index.php?rest_route=\/wp\/v2\/types\/post"}],"author":[{"embeddable":true,"href":"https:\/\/lospoliticosveracruz.com\/index.php?rest_route=\/wp\/v2\/users\/2"}],"replies":[{"embeddable":true,"href":"https:\/\/lospoliticosveracruz.com\/index.php?rest_route=%2Fwp%2Fv2%2Fcomments&post=104835"}],"version-history":[{"count":1,"href":"https:\/\/lospoliticosveracruz.com\/index.php?rest_route=\/wp\/v2\/posts\/104835\/revisions"}],"predecessor-version":[{"id":104836,"href":"https:\/\/lospoliticosveracruz.com\/index.php?rest_route=\/wp\/v2\/posts\/104835\/revisions\/104836"}],"wp:attachment":[{"href":"https:\/\/lospoliticosveracruz.com\/index.php?rest_route=%2Fwp%2Fv2%2Fmedia&parent=104835"}],"wp:term":[{"taxonomy":"category","embeddable":true,"href":"https:\/\/lospoliticosveracruz.com\/index.php?rest_route=%2Fwp%2Fv2%2Fcategories&post=104835"},{"taxonomy":"post_tag","embeddable":true,"href":"https:\/\/lospoliticosveracruz.com\/index.php?rest_route=%2Fwp%2Fv2%2Ftags&post=104835"}],"curies":[{"name":"wp","href":"https:\/\/api.w.org\/{rel}","templated":true}]}}