{"id":104837,"date":"2023-04-14T08:36:33","date_gmt":"2023-04-14T13:36:33","guid":{"rendered":"https:\/\/lospoliticosveracruz.com.mx\/?p=104837"},"modified":"2023-04-14T08:36:41","modified_gmt":"2023-04-14T13:36:41","slug":"a-que-le-teme-presidente","status":"publish","type":"post","link":"https:\/\/lospoliticosveracruz.com\/?p=104837","title":{"rendered":"\u00bfA QU\u00c9 LE TEME, PRESIDENTE?"},"content":{"rendered":"\n<p><\/p>\n\n\n\n<p><strong>Felipe de Jes\u00fas Fern\u00e1ndez Basilio<\/strong><br><em>Desde A Janela<\/em><\/p>\n\n\n\n<p>\u201cYa solo restan un a\u00f1o, cinco meses y diecis\u00e9is d\u00edas para que se vaya a \u2026 su rancho\u201d<\/p>\n\n\n\n<p>Despu\u00e9s de guardar los d\u00edas santos, de disfrutar de unos merecidos d\u00edas de descanso o de, mejor a\u00fan, ambas cosas, es tiempo de volver a reflexionar sobre las cosas mundanas que ata\u00f1en esta ahora muy atribulada naci\u00f3n.<\/p>\n\n\n<div class=\"wp-block-image\">\n<figure class=\"alignleft size-medium\"><a href=\"https:\/\/lospoliticosveracruz.com.mx\/wp-content\/uploads\/2021\/10\/Zacauilt.jpg\"><img decoding=\"async\" src=\"https:\/\/lospoliticosveracruz.com.mx\/wp-content\/uploads\/2021\/10\/Zacauilt-150x300.jpg\" alt=\"\" class=\"wp-image-80558\"\/><\/a><\/figure>\n<\/div>\n\n\n<p><br>Esta vez no vamos a hablar de grillas o de los temas que en estos tiempos dividen tanto a los mexicanos y, aunque el t\u00edtulo de este texto pareciera que nos lleva por esos caminos, la realidad es que vamos a tratar un tema que es totalmente ajeno a lo que se trata en el show diario de palacio, tan es as\u00ed que lo tratan de ocultar, pero que es muy importante para la vida de una naci\u00f3n moderna y democr\u00e1tica como lo es M\u00e9xico.<br>As\u00ed que hablaremos de transparencia, s\u00ed esa palabra que todo gobernante y m\u00e1s si tiene tendencias autocr\u00e1ticas, como es el caso de L\u00f3pez O., repugna y tiende a minimizar.<br>M\u00e1s esa repulsi\u00f3n, lo que en realidad esconde es un temor por parte del aut\u00f3crata tanto al significado como a las consecuencias de lo que es la transparencia, y por esa raz\u00f3n, es que una constante en la administraci\u00f3n de L\u00f3pez O. ha sido ocultar casi toda la informaci\u00f3n p\u00fablica y, al mismo tiempo, reducirla a lo que \u00e9l expone en sus programas diarios, exposiciones que realiza en forma de diatribas con la finalidad de desviar la atenci\u00f3n sobre los datos duros que genera el ejercicio de la administraci\u00f3n p\u00fablica.<br>Lo hasta aqu\u00ed se\u00f1alado es en lo que consiste la parte activa de L\u00f3pez O. con la cual pretende impedir el desarrollo de la transparencia en su administraci\u00f3n, misma que hasta cierto punto puede ser admisible como una t\u00e1ctica para evitar ser cuestionado sobre temas complejos sobre su presidencia.<br>La que ya no tiene manera de ser perdonada, es la obstrucci\u00f3n deliberada y sistem\u00e1tica que, tanto el presidente como sus levantadedos en el Senado, llevan a cabo para impedir el adecuado funcionamiento del Instituto Nacional de Transparencia, Acceso a la Informaci\u00f3n y Protecci\u00f3n de Datos Personales (INAI) al evitar a toda costa nombrar a tres comisionados que remplacen a los que en lo que va de la actual administraci\u00f3n han concluido su encargo.<br>Cosa que han hecho incluso desobedeciendo \u00f3rdenes dictadas por jueces de distrito, con lo cual la actitud de los dizque senadores de MRN es a\u00fan m\u00e1s abiertamente rebelde al r\u00e9gimen constitucional mexicano.<br>Si el desacato a una orden judicial y el negarse a cumplir con un mandato constitucional que es el nombrar a los comisionados del INAI cada vez que se hace necesaria su renovaci\u00f3n peri\u00f3dica es ya de por s\u00ed grave, todav\u00eda mayor gravedad tiene el efecto de ese incumplimiento de los deberes senatoriales al convertir a ese instituto en un \u00f3rgano inoperante.<br>Y es que al no contar con tres de los siete comisionados que debe de tener, carece del qu\u00f3rum legal para sesionar y al no poder sesionar, se imposibilita el que resuelva las demandas ciudadanas de acceso a la informaci\u00f3n p\u00fablica, con lo que se priva a los ciudadanos mexicanos de uno de sus derechos constitucionales; mismo que consiste en conocer a detalle la actividad tanto del gobierno, como de los dem\u00e1s poderes, organismos aut\u00f3nomos, partidos pol\u00edticos, sindicatos, estados, municipios y cualquier persona f\u00edsica o moral que utilice fondos p\u00fablicos.<br>Nada m\u00e1s y nada menos que en eso consiste la omisi\u00f3n de los senadores de MRN en nombrar a los comisionados del INAI, omisi\u00f3n que se debe a una orden expresa enviada desde Palacio Nacional con la finalidad de evitar la transparencia de la informaci\u00f3n p\u00fablica y con ello ocultar a los mexicanos el actuar del gobierno, el cual seguramente es muy diferente a lo que se dice en los programas de televisi\u00f3n del presidente.<br>Debemos recordar que el INAI fue creado durante la transici\u00f3n democr\u00e1tica del a\u00f1o 2000, debido a que fue propuesto como una promesa de campa\u00f1a de Fox, la cual fue llevada a cabo junto con la colaboraci\u00f3n de destacados comunicadores pertenecientes al llamado \u201cGrupo Oaxaca\u201d, primero bajo el nombre de IFAI, para luego ser reformado con una ampliaci\u00f3n de sus facultades en 2015 y as\u00ed adquirir el nombre y las facultades que tiene hoy en d\u00eda.<br>Y as\u00ed mismo, debemos de tener presente que el trabajo de este \u00f3rgano aut\u00f3nomo ha sido clave para conocer de malos manejos gubernamentales como han sido los casos de la Casa Blanca, la Estafa Maestra o las empresas fantasmas de Javier Duarte.<br>Y si tenemos en cuenta esos antecedentes, f\u00e1cilmente podremos darnos cuenta del temor, o mejor dicho pavor, que L\u00f3pez Obrador le tiene a dicho instituto y as\u00ed, explicarnos tambi\u00e9n, el por qu\u00e9 busca evitar a toda costa su funcionamiento; ya que Segalmex, Dos Bocas, la Casa Gris de Houston, la muerte de los migrantes y muchos otros esc\u00e1ndalos que han sonado en esta administraci\u00f3n, tienen mucha informaci\u00f3n que busca ser develada y su salida a la luz, solo puede ser demorada haciendo inoperante al \u00fanico \u00f3rgano que puede forzar su descubrimiento.<br>felfebas@gmail.com<br>Twitter: @FelipeFBasilio<\/p>\n","protected":false},"excerpt":{"rendered":"<p>Felipe de Jes\u00fas Fern\u00e1ndez BasilioDesde A Janela \u201cYa solo restan un a\u00f1o, cinco meses y diecis\u00e9is d\u00edas para que se vaya a \u2026 su rancho\u201d Despu\u00e9s de guardar los d\u00edas santos, de disfrutar de unos merecidos d\u00edas de descanso o de, mejor a\u00fan, ambas cosas, es tiempo de volver a reflexionar sobre las cosas mundanas [&hellip;]<\/p>\n","protected":false},"author":2,"featured_media":0,"comment_status":"closed","ping_status":"closed","sticky":false,"template":"","format":"standard","meta":{"tdm_status":"","tdm_grid_status":"","footnotes":""},"categories":[70],"tags":[618,10310,1026],"class_list":{"0":"post-104837","1":"post","2":"type-post","3":"status-publish","4":"format-standard","6":"category-de-opinion","7":"tag-andres-manuel-lopez-obrador","8":"tag-inai","9":"tag-morena"},"yoast_head":"<!-- This site is optimized with the Yoast SEO plugin v27.4 - https:\/\/yoast.com\/product\/yoast-seo-wordpress\/ -->\n<title>\u00bfA QU\u00c9 LE TEME, PRESIDENTE? - Los pol\u00edticos Veracruz<\/title>\n<meta name=\"robots\" content=\"index, follow, max-snippet:-1, max-image-preview:large, max-video-preview:-1\" \/>\n<link rel=\"canonical\" href=\"https:\/\/lospoliticosveracruz.com\/?p=104837\" \/>\n<meta property=\"og:locale\" content=\"es_ES\" \/>\n<meta property=\"og:type\" content=\"article\" \/>\n<meta property=\"og:title\" content=\"\u00bfA QU\u00c9 LE TEME, PRESIDENTE? - Los pol\u00edticos Veracruz\" \/>\n<meta property=\"og:description\" content=\"Felipe de Jes\u00fas Fern\u00e1ndez BasilioDesde A Janela \u201cYa solo restan un a\u00f1o, cinco meses y diecis\u00e9is d\u00edas para que se vaya a \u2026 su rancho\u201d Despu\u00e9s de guardar los d\u00edas santos, de disfrutar de unos merecidos d\u00edas de descanso o de, mejor a\u00fan, ambas cosas, es tiempo de volver a reflexionar sobre las cosas mundanas [&hellip;]\" \/>\n<meta property=\"og:url\" content=\"https:\/\/lospoliticosveracruz.com\/?p=104837\" \/>\n<meta property=\"og:site_name\" content=\"Los pol\u00edticos Veracruz\" \/>\n<meta property=\"article:publisher\" content=\"https:\/\/www.facebook.com\/people\/Notimemes-de-los-Polticos\/61565672886568\/\" \/>\n<meta property=\"article:published_time\" content=\"2023-04-14T13:36:33+00:00\" \/>\n<meta property=\"article:modified_time\" content=\"2023-04-14T13:36:41+00:00\" \/>\n<meta property=\"og:image\" content=\"https:\/\/lospoliticosveracruz.com.mx\/wp-content\/uploads\/2021\/10\/Zacauilt-150x300.jpg\" \/>\n<meta name=\"author\" content=\"Lo viste en Los Pol\u00edticos\" \/>\n<meta name=\"twitter:card\" content=\"summary_large_image\" \/>\n<meta name=\"twitter:creator\" content=\"@LosPoliticosVer\" \/>\n<meta name=\"twitter:site\" content=\"@LosPoliticosVer\" \/>\n<meta name=\"twitter:label1\" content=\"Escrito por\" \/>\n\t<meta name=\"twitter:data1\" content=\"Lo viste en Los Pol\u00edticos\" \/>\n\t<meta name=\"twitter:label2\" content=\"Tiempo de lectura\" \/>\n\t<meta name=\"twitter:data2\" content=\"5 minutos\" \/>\n<script type=\"application\/ld+json\" class=\"yoast-schema-graph\">{\"@context\":\"https:\\\/\\\/schema.org\",\"@graph\":[{\"@type\":\"Article\",\"@id\":\"https:\\\/\\\/lospoliticosveracruz.com\\\/?p=104837#article\",\"isPartOf\":{\"@id\":\"https:\\\/\\\/lospoliticosveracruz.com\\\/?p=104837\"},\"author\":{\"name\":\"Lo viste en Los Pol\u00edticos\",\"@id\":\"https:\\\/\\\/lospoliticosveracruz.com\\\/#\\\/schema\\\/person\\\/b8702bb0e538456e6efd07080bf2a4a2\"},\"headline\":\"\u00bfA QU\u00c9 LE TEME, PRESIDENTE?\",\"datePublished\":\"2023-04-14T13:36:33+00:00\",\"dateModified\":\"2023-04-14T13:36:41+00:00\",\"mainEntityOfPage\":{\"@id\":\"https:\\\/\\\/lospoliticosveracruz.com\\\/?p=104837\"},\"wordCount\":935,\"publisher\":{\"@id\":\"https:\\\/\\\/lospoliticosveracruz.com\\\/#organization\"},\"image\":{\"@id\":\"https:\\\/\\\/lospoliticosveracruz.com\\\/?p=104837#primaryimage\"},\"thumbnailUrl\":\"https:\\\/\\\/lospoliticosveracruz.com.mx\\\/wp-content\\\/uploads\\\/2021\\\/10\\\/Zacauilt-150x300.jpg\",\"keywords\":[\"Andr\u00e9s Manuel L\u00f3pez Obrador\",\"INAI\",\"Morena\"],\"articleSection\":[\"De Opini\u00f3n\"],\"inLanguage\":\"es\"},{\"@type\":\"WebPage\",\"@id\":\"https:\\\/\\\/lospoliticosveracruz.com\\\/?p=104837\",\"url\":\"https:\\\/\\\/lospoliticosveracruz.com\\\/?p=104837\",\"name\":\"\u00bfA QU\u00c9 LE TEME, PRESIDENTE? - Los pol\u00edticos Veracruz\",\"isPartOf\":{\"@id\":\"https:\\\/\\\/lospoliticosveracruz.com\\\/#website\"},\"primaryImageOfPage\":{\"@id\":\"https:\\\/\\\/lospoliticosveracruz.com\\\/?p=104837#primaryimage\"},\"image\":{\"@id\":\"https:\\\/\\\/lospoliticosveracruz.com\\\/?p=104837#primaryimage\"},\"thumbnailUrl\":\"https:\\\/\\\/lospoliticosveracruz.com.mx\\\/wp-content\\\/uploads\\\/2021\\\/10\\\/Zacauilt-150x300.jpg\",\"datePublished\":\"2023-04-14T13:36:33+00:00\",\"dateModified\":\"2023-04-14T13:36:41+00:00\",\"breadcrumb\":{\"@id\":\"https:\\\/\\\/lospoliticosveracruz.com\\\/?p=104837#breadcrumb\"},\"inLanguage\":\"es\",\"potentialAction\":[{\"@type\":\"ReadAction\",\"target\":[\"https:\\\/\\\/lospoliticosveracruz.com\\\/?p=104837\"]}]},{\"@type\":\"ImageObject\",\"inLanguage\":\"es\",\"@id\":\"https:\\\/\\\/lospoliticosveracruz.com\\\/?p=104837#primaryimage\",\"url\":\"https:\\\/\\\/lospoliticosveracruz.com.mx\\\/wp-content\\\/uploads\\\/2021\\\/10\\\/Zacauilt-150x300.jpg\",\"contentUrl\":\"https:\\\/\\\/lospoliticosveracruz.com.mx\\\/wp-content\\\/uploads\\\/2021\\\/10\\\/Zacauilt-150x300.jpg\"},{\"@type\":\"BreadcrumbList\",\"@id\":\"https:\\\/\\\/lospoliticosveracruz.com\\\/?p=104837#breadcrumb\",\"itemListElement\":[{\"@type\":\"ListItem\",\"position\":1,\"name\":\"Portada\",\"item\":\"https:\\\/\\\/lospoliticosveracruz.com\\\/\"},{\"@type\":\"ListItem\",\"position\":2,\"name\":\"\u00bfA QU\u00c9 LE TEME, PRESIDENTE?\"}]},{\"@type\":\"WebSite\",\"@id\":\"https:\\\/\\\/lospoliticosveracruz.com\\\/#website\",\"url\":\"https:\\\/\\\/lospoliticosveracruz.com\\\/\",\"name\":\"Los pol\u00edticos Veracruz\",\"description\":\"\",\"publisher\":{\"@id\":\"https:\\\/\\\/lospoliticosveracruz.com\\\/#organization\"},\"potentialAction\":[{\"@type\":\"SearchAction\",\"target\":{\"@type\":\"EntryPoint\",\"urlTemplate\":\"https:\\\/\\\/lospoliticosveracruz.com\\\/?s={search_term_string}\"},\"query-input\":{\"@type\":\"PropertyValueSpecification\",\"valueRequired\":true,\"valueName\":\"search_term_string\"}}],\"inLanguage\":\"es\"},{\"@type\":\"Organization\",\"@id\":\"https:\\\/\\\/lospoliticosveracruz.com\\\/#organization\",\"name\":\"Los pol\u00edticos Veracruz\",\"url\":\"https:\\\/\\\/lospoliticosveracruz.com\\\/\",\"logo\":{\"@type\":\"ImageObject\",\"inLanguage\":\"es\",\"@id\":\"https:\\\/\\\/lospoliticosveracruz.com\\\/#\\\/schema\\\/logo\\\/image\\\/\",\"url\":\"https:\\\/\\\/lospoliticosveracruz.com\\\/wp-content\\\/uploads\\\/2025\\\/12\\\/Logo-Nuevo-LOS-POLITICOS-1.jpg\",\"contentUrl\":\"https:\\\/\\\/lospoliticosveracruz.com\\\/wp-content\\\/uploads\\\/2025\\\/12\\\/Logo-Nuevo-LOS-POLITICOS-1.jpg\",\"width\":260,\"height\":70,\"caption\":\"Los pol\u00edticos Veracruz\"},\"image\":{\"@id\":\"https:\\\/\\\/lospoliticosveracruz.com\\\/#\\\/schema\\\/logo\\\/image\\\/\"},\"sameAs\":[\"https:\\\/\\\/www.facebook.com\\\/people\\\/Notimemes-de-los-Polticos\\\/61565672886568\\\/\",\"https:\\\/\\\/x.com\\\/LosPoliticosVer\"]},{\"@type\":\"Person\",\"@id\":\"https:\\\/\\\/lospoliticosveracruz.com\\\/#\\\/schema\\\/person\\\/b8702bb0e538456e6efd07080bf2a4a2\",\"name\":\"Lo viste en Los Pol\u00edticos\",\"image\":{\"@type\":\"ImageObject\",\"inLanguage\":\"es\",\"@id\":\"https:\\\/\\\/secure.gravatar.com\\\/avatar\\\/3a8de04a2656d44082be478bd6c086daa447c4651605818287b9532d3d0bd435?s=96&d=mm&r=g\",\"url\":\"https:\\\/\\\/secure.gravatar.com\\\/avatar\\\/3a8de04a2656d44082be478bd6c086daa447c4651605818287b9532d3d0bd435?s=96&d=mm&r=g\",\"contentUrl\":\"https:\\\/\\\/secure.gravatar.com\\\/avatar\\\/3a8de04a2656d44082be478bd6c086daa447c4651605818287b9532d3d0bd435?s=96&d=mm&r=g\",\"caption\":\"Lo viste en Los Pol\u00edticos\"},\"url\":\"https:\\\/\\\/lospoliticosveracruz.com\\\/?author=2\"}]}<\/script>\n<!-- \/ Yoast SEO plugin. -->","yoast_head_json":{"title":"\u00bfA QU\u00c9 LE TEME, PRESIDENTE? - Los pol\u00edticos Veracruz","robots":{"index":"index","follow":"follow","max-snippet":"max-snippet:-1","max-image-preview":"max-image-preview:large","max-video-preview":"max-video-preview:-1"},"canonical":"https:\/\/lospoliticosveracruz.com\/?p=104837","og_locale":"es_ES","og_type":"article","og_title":"\u00bfA QU\u00c9 LE TEME, PRESIDENTE? - Los pol\u00edticos Veracruz","og_description":"Felipe de Jes\u00fas Fern\u00e1ndez BasilioDesde A Janela \u201cYa solo restan un a\u00f1o, cinco meses y diecis\u00e9is d\u00edas para que se vaya a \u2026 su rancho\u201d Despu\u00e9s de guardar los d\u00edas santos, de disfrutar de unos merecidos d\u00edas de descanso o de, mejor a\u00fan, ambas cosas, es tiempo de volver a reflexionar sobre las cosas mundanas [&hellip;]","og_url":"https:\/\/lospoliticosveracruz.com\/?p=104837","og_site_name":"Los pol\u00edticos Veracruz","article_publisher":"https:\/\/www.facebook.com\/people\/Notimemes-de-los-Polticos\/61565672886568\/","article_published_time":"2023-04-14T13:36:33+00:00","article_modified_time":"2023-04-14T13:36:41+00:00","og_image":[{"url":"https:\/\/lospoliticosveracruz.com.mx\/wp-content\/uploads\/2021\/10\/Zacauilt-150x300.jpg","type":"","width":"","height":""}],"author":"Lo viste en Los Pol\u00edticos","twitter_card":"summary_large_image","twitter_creator":"@LosPoliticosVer","twitter_site":"@LosPoliticosVer","twitter_misc":{"Escrito por":"Lo viste en Los Pol\u00edticos","Tiempo de lectura":"5 minutos"},"schema":{"@context":"https:\/\/schema.org","@graph":[{"@type":"Article","@id":"https:\/\/lospoliticosveracruz.com\/?p=104837#article","isPartOf":{"@id":"https:\/\/lospoliticosveracruz.com\/?p=104837"},"author":{"name":"Lo viste en Los Pol\u00edticos","@id":"https:\/\/lospoliticosveracruz.com\/#\/schema\/person\/b8702bb0e538456e6efd07080bf2a4a2"},"headline":"\u00bfA QU\u00c9 LE TEME, PRESIDENTE?","datePublished":"2023-04-14T13:36:33+00:00","dateModified":"2023-04-14T13:36:41+00:00","mainEntityOfPage":{"@id":"https:\/\/lospoliticosveracruz.com\/?p=104837"},"wordCount":935,"publisher":{"@id":"https:\/\/lospoliticosveracruz.com\/#organization"},"image":{"@id":"https:\/\/lospoliticosveracruz.com\/?p=104837#primaryimage"},"thumbnailUrl":"https:\/\/lospoliticosveracruz.com.mx\/wp-content\/uploads\/2021\/10\/Zacauilt-150x300.jpg","keywords":["Andr\u00e9s Manuel L\u00f3pez Obrador","INAI","Morena"],"articleSection":["De Opini\u00f3n"],"inLanguage":"es"},{"@type":"WebPage","@id":"https:\/\/lospoliticosveracruz.com\/?p=104837","url":"https:\/\/lospoliticosveracruz.com\/?p=104837","name":"\u00bfA QU\u00c9 LE TEME, PRESIDENTE? - Los pol\u00edticos Veracruz","isPartOf":{"@id":"https:\/\/lospoliticosveracruz.com\/#website"},"primaryImageOfPage":{"@id":"https:\/\/lospoliticosveracruz.com\/?p=104837#primaryimage"},"image":{"@id":"https:\/\/lospoliticosveracruz.com\/?p=104837#primaryimage"},"thumbnailUrl":"https:\/\/lospoliticosveracruz.com.mx\/wp-content\/uploads\/2021\/10\/Zacauilt-150x300.jpg","datePublished":"2023-04-14T13:36:33+00:00","dateModified":"2023-04-14T13:36:41+00:00","breadcrumb":{"@id":"https:\/\/lospoliticosveracruz.com\/?p=104837#breadcrumb"},"inLanguage":"es","potentialAction":[{"@type":"ReadAction","target":["https:\/\/lospoliticosveracruz.com\/?p=104837"]}]},{"@type":"ImageObject","inLanguage":"es","@id":"https:\/\/lospoliticosveracruz.com\/?p=104837#primaryimage","url":"https:\/\/lospoliticosveracruz.com.mx\/wp-content\/uploads\/2021\/10\/Zacauilt-150x300.jpg","contentUrl":"https:\/\/lospoliticosveracruz.com.mx\/wp-content\/uploads\/2021\/10\/Zacauilt-150x300.jpg"},{"@type":"BreadcrumbList","@id":"https:\/\/lospoliticosveracruz.com\/?p=104837#breadcrumb","itemListElement":[{"@type":"ListItem","position":1,"name":"Portada","item":"https:\/\/lospoliticosveracruz.com\/"},{"@type":"ListItem","position":2,"name":"\u00bfA QU\u00c9 LE TEME, PRESIDENTE?"}]},{"@type":"WebSite","@id":"https:\/\/lospoliticosveracruz.com\/#website","url":"https:\/\/lospoliticosveracruz.com\/","name":"Los pol\u00edticos Veracruz","description":"","publisher":{"@id":"https:\/\/lospoliticosveracruz.com\/#organization"},"potentialAction":[{"@type":"SearchAction","target":{"@type":"EntryPoint","urlTemplate":"https:\/\/lospoliticosveracruz.com\/?s={search_term_string}"},"query-input":{"@type":"PropertyValueSpecification","valueRequired":true,"valueName":"search_term_string"}}],"inLanguage":"es"},{"@type":"Organization","@id":"https:\/\/lospoliticosveracruz.com\/#organization","name":"Los pol\u00edticos Veracruz","url":"https:\/\/lospoliticosveracruz.com\/","logo":{"@type":"ImageObject","inLanguage":"es","@id":"https:\/\/lospoliticosveracruz.com\/#\/schema\/logo\/image\/","url":"https:\/\/lospoliticosveracruz.com\/wp-content\/uploads\/2025\/12\/Logo-Nuevo-LOS-POLITICOS-1.jpg","contentUrl":"https:\/\/lospoliticosveracruz.com\/wp-content\/uploads\/2025\/12\/Logo-Nuevo-LOS-POLITICOS-1.jpg","width":260,"height":70,"caption":"Los pol\u00edticos Veracruz"},"image":{"@id":"https:\/\/lospoliticosveracruz.com\/#\/schema\/logo\/image\/"},"sameAs":["https:\/\/www.facebook.com\/people\/Notimemes-de-los-Polticos\/61565672886568\/","https:\/\/x.com\/LosPoliticosVer"]},{"@type":"Person","@id":"https:\/\/lospoliticosveracruz.com\/#\/schema\/person\/b8702bb0e538456e6efd07080bf2a4a2","name":"Lo viste en Los Pol\u00edticos","image":{"@type":"ImageObject","inLanguage":"es","@id":"https:\/\/secure.gravatar.com\/avatar\/3a8de04a2656d44082be478bd6c086daa447c4651605818287b9532d3d0bd435?s=96&d=mm&r=g","url":"https:\/\/secure.gravatar.com\/avatar\/3a8de04a2656d44082be478bd6c086daa447c4651605818287b9532d3d0bd435?s=96&d=mm&r=g","contentUrl":"https:\/\/secure.gravatar.com\/avatar\/3a8de04a2656d44082be478bd6c086daa447c4651605818287b9532d3d0bd435?s=96&d=mm&r=g","caption":"Lo viste en Los Pol\u00edticos"},"url":"https:\/\/lospoliticosveracruz.com\/?author=2"}]}},"_links":{"self":[{"href":"https:\/\/lospoliticosveracruz.com\/index.php?rest_route=\/wp\/v2\/posts\/104837","targetHints":{"allow":["GET"]}}],"collection":[{"href":"https:\/\/lospoliticosveracruz.com\/index.php?rest_route=\/wp\/v2\/posts"}],"about":[{"href":"https:\/\/lospoliticosveracruz.com\/index.php?rest_route=\/wp\/v2\/types\/post"}],"author":[{"embeddable":true,"href":"https:\/\/lospoliticosveracruz.com\/index.php?rest_route=\/wp\/v2\/users\/2"}],"replies":[{"embeddable":true,"href":"https:\/\/lospoliticosveracruz.com\/index.php?rest_route=%2Fwp%2Fv2%2Fcomments&post=104837"}],"version-history":[{"count":1,"href":"https:\/\/lospoliticosveracruz.com\/index.php?rest_route=\/wp\/v2\/posts\/104837\/revisions"}],"predecessor-version":[{"id":104838,"href":"https:\/\/lospoliticosveracruz.com\/index.php?rest_route=\/wp\/v2\/posts\/104837\/revisions\/104838"}],"wp:attachment":[{"href":"https:\/\/lospoliticosveracruz.com\/index.php?rest_route=%2Fwp%2Fv2%2Fmedia&parent=104837"}],"wp:term":[{"taxonomy":"category","embeddable":true,"href":"https:\/\/lospoliticosveracruz.com\/index.php?rest_route=%2Fwp%2Fv2%2Fcategories&post=104837"},{"taxonomy":"post_tag","embeddable":true,"href":"https:\/\/lospoliticosveracruz.com\/index.php?rest_route=%2Fwp%2Fv2%2Ftags&post=104837"}],"curies":[{"name":"wp","href":"https:\/\/api.w.org\/{rel}","templated":true}]}}