{"id":104864,"date":"2023-04-15T09:44:02","date_gmt":"2023-04-15T14:44:02","guid":{"rendered":"https:\/\/lospoliticosveracruz.com.mx\/?p=104864"},"modified":"2023-04-15T09:44:12","modified_gmt":"2023-04-15T14:44:12","slug":"ahoraesadan-en-veracruz","status":"publish","type":"post","link":"https:\/\/lospoliticosveracruz.com\/?p=104864","title":{"rendered":"#AHORAESADAN EN VERACRUZ"},"content":{"rendered":"\n<p><strong>Ricardo Chua<\/strong><\/p>\n\n\n\n<p><em>Sale y Vale<\/em><\/p>\n\n\n\n<p>Sin duda, lo revelado por encuestas que la CDMX la podr\u00eda perder MORENA en 2024 bajo el gobierno de Claudia Sheinbaum&#8230; Ha tenido repercusi\u00f3n en Veracruz, que hoy con la visita del secretario de Gobernaci\u00f3n, Ad\u00e1n Augusto L\u00f3pez, han empezado aparecer por todos lados, la frase: #AhoraesAd\u00e1n&#8230; A pesar de que los \u00abjilgueros\u00bb de la 4T en Palacio de Gobierno est\u00e9n diciendo lo contrario&#8230; \u00abQue hoy es Ad\u00e1n pero ma\u00f1ana ser\u00e1 Claudia\u00bb&#8230; Los sondeos de la ca\u00edda de la Jefa de Gobierno pegaron y en serio&#8230;&nbsp;<\/p>\n\n\n\n<p><a href=\"https:\/\/youtu.be\/Nxe-vxf8GuY\"><\/a><\/p>\n\n\n\n<figure class=\"wp-block-embed is-type-video is-provider-youtube wp-block-embed-youtube wp-embed-aspect-16-9 wp-has-aspect-ratio\"><div class=\"wp-block-embed__wrapper\">\n<iframe loading=\"lazy\" title=\"Cluster Coworking\" width=\"696\" height=\"392\" src=\"https:\/\/www.youtube.com\/embed\/Nxe-vxf8GuY?feature=oembed\" frameborder=\"0\" allow=\"accelerometer; autoplay; clipboard-write; encrypted-media; gyroscope; picture-in-picture; web-share\" referrerpolicy=\"strict-origin-when-cross-origin\" allowfullscreen><\/iframe>\n<\/div><\/figure>\n\n\n\n<p>Ya este jueves fue la primera muestra de m\u00fasculo real en Chiapas&#8230; Donde Ad\u00e1n Augusto ya lo toman como el \u00bb Nuevo Ungido\u00bb de la 4T de Andr\u00e9s Manuel L\u00f3pez Obrador para ser su sucesor en Palacio Nacional.. Ya nadie teme de manifestarse a su favor.. Los gobernadores ya no dicen nada.. Dejan que sus \u00abhuestes\u00bb llamen \u00abPresidente, Presidente\u00bb al tabasque\u00f1o&#8230; Rutilio Escand\u00f3n de Chiapas, ya dej\u00f3 a un lado el \u00abs\u00f3lo es Claudia\u00bb&#8230; Y se\u00f1alan: \u00abAhora est\u00e1 con Ad\u00e1n\u00bb&#8230; Ya lo \u00abarropan\u00bb y los gobernadores le hacen actos multitudinarios&#8230;<\/p>\n\n\n\n<p>Seguramente hoy no ser\u00e1 la excepci\u00f3n.. Al otro L\u00f3pez le preparan una bienvenida en Minatitlan, la tierra de Sergio Guti\u00e9rrez&#8230; Despu\u00e9s ir\u00e1 a Acayucan y terminar\u00e1 de \u00abcoronar\u00bb en Carlos A Carrillo, con una multitud similar a la de Chiapas de productores rurales y ganaderos&#8230; Ser\u00e1 su momento de mostrar \u00abm\u00fasculo\u00bb, el real, en la tierra de Cuitl\u00e1huac, el principal impulsor de Claudia en Veracruz.. Si no esa declaraci\u00f3n que Ad\u00e1n le hizo a Joaqu\u00edn L\u00f3pez-D\u00f3riga de que: \u00abYo voy a ser Presidente\u00bb.. Ser\u00e1 una falacia&#8230; HOY LO SABREMOS&#8230; DIOS LOS BENDIGA<\/p>\n\n\n\n<p>LOS DOS \u00abMAMEYAZOS\u00bb DE MONREAL&#8230; Seg\u00fan el senador, Ricardo Monreal, uno de los principales detractores del gobernador, Cuitl\u00e1hauc Garc\u00eda Jim\u00e9nez, los dos del mismo partido: MORENA&#8230; Que estuvo ayer en Veracruz en un evento de abogados.. Que supuestamente vino en \u00abSon de Paz\u00bb.. Pero le dej\u00f3 el \u00abrasp\u00f3n\u00bb al xalape\u00f1o y la advertencia: Cuitl\u00e1huac Garc\u00eda tendr\u00e1 que comparecer en el Senado por el tema del desacato a las recomendaciones de la Comisi\u00f3n Nacional de Derechos Humanos&#8230; Tiene que ir SI O SI..&nbsp;<\/p>\n\n\n\n<p>Ya que despu\u00e9s de que se \u00ablevant\u00f3 sospechosismo\u00bb que \u00e9l no intervino ante sus compa\u00f1eros senadores para que el gobernador de Veracruz pudiera comparecer&#8230; En Veracruz vino a decir que no hay ninguna \u00abprotecci\u00f3n\u00bb, acuerdo o que lo hayan \u00abapretado\u00bb de Palacio Nacional para proteger al mandatario&#8230; Por eso dijo que sin ser un tema personal, tendr\u00e1 que comparecer&#8230; Seguramente ah\u00ed estar\u00e1n esperando a Cuitl\u00e1huac&#8230; Monreal ni se \u00abmanchar\u00e1 las manos\u00bb.. El zacatecano es un \u00abanimal\u00bb pol\u00edtico por excelencia&#8230; Lo va a exhibir&#8230; YA LO VER\u00c1N&#8230;&nbsp;&nbsp;<\/p>\n\n\n\n<p>Pero ya de paso, tambi\u00e9n le dej\u00f3 su \u00abcari\u00f1o\u00bb a su paisana, Roc\u00edo Nahle, a ella le dijo \u00abQue Dios la bendiga\u00bb, pero no le mand\u00f3 a decir, \u00e9l mismo le expres\u00f3 que: \u00abPara Zacatecas, Nahle es jarocha para que busque la gubernatura de Veracruz, y que tenga suerte \u00ab.. En pocas palabras, le se\u00f1al\u00f3 que ni \u00e9l, ni su hermano, David Monreal, tendr\u00edan que lidiar con ella&#8230; Que eso lo haga Cuitl\u00e1huac&#8230; La lectura es: \u00abEse muerto no lo cargo yo&#8230; Que lo cargue el que lo mat\u00f3\u00bb o \u00abYo como zacatecano, no he votado por ella\u00bb&#8230; AMEN Y QUE DIOS LOS BENDIGA&#8230;&nbsp;<\/p>\n\n\n\n<p>PATROCINIO VS AMADO.. Los pleitos al interior de MORENA por tener la \u00abcercan\u00eda\u00bb de Claudia Sheinbaum y Roc\u00edo Nahle est\u00e1n con todo en Veracruz.. Sobre todo hoy que la jefa de Gobierno de CDMX, Claudia Sheinbaum, la \u00abcorcholata\u00bb favorita de todos los funcionarios de Cuitl\u00e1huac Garc\u00eda y de los alcaldes bajo el dominio de la titular de SENER.. Ya que para evitar que se \u00abrobe\u00bb todas las c\u00e1maras del evento de Sheinbaum&#8230; El secretario de Gobierno, Eric Cisneros le dej\u00f3 ir su \u00abmameyazo\u00bb al alcalde de Coatzacoalcos, Amado Cruz Malp\u00edca&#8230;<\/p>\n\n\n\n<p>Patrocinio acus\u00f3 medi\u00e1ticamente a Amado de ser un DESORDENADO como alcalde&#8230; Ya que tiene a bares de Coatzacoalcos en desorden.. Sin querer queriendo se lo dijo para que Claudia entienda, que el tema Veracruz es con ellos, no con Amado&#8230; Esto pese a que ambos est\u00e1n con Roc\u00edo Nahle, al menos, eso se supone&#8230; S\u00f3lo que Eric quiera lo suyo y ya&#8230; Pero para nadie es un secreto que el secretario de Gobierno y el alcalde de Coatzacoalcos.. NI SE TRAGAN, MENOS SE MASTICAN&#8230; Tampoco se \u00abescupen flores\u00bb&#8230;<\/p>\n\n\n\n<p>Desde el 2018 cuando Cuitl\u00e1huac lleg\u00f3 al poder en Veracruz.. Patrocinio siempre se\u00f1al\u00f3 que Amado era un \u00abinfiltrado\u00bb de Miguel \u00c1ngel Yunes Linares en MORENA.. Que como diputado local del 2016-2018, Amado se \u00abentendi\u00f3\u00bb con PapaYunes y era un \u00abapestado\u00bb para el nuevo gobierno.. Cruz Malpica fue \u00abcongelado\u00bb hasta el \u00abinfinito y m\u00e1s all\u00e1\u00bb mientras fue diputado de 2018 al 2021.. S\u00f3lo Nahle lo salv\u00f3 y lo impuls\u00f3 en la alcald\u00eda que finalmente gan\u00f3.. Pero quienes lo conocen dicen que Amado no es RENCOROSO, pero VENGATIVO si..&nbsp;<\/p>\n\n\n\n<p>Cuentan las \u00ablenguas de doble filo\u00bb que desde que Amado fue encargado de la operaci\u00f3n de la precampa\u00f1a Presidencial de Claudia Sheinbaum a principios del 2022 en todo el sureste veracruzano&#8230; El alcalde no pierde la oportunidad de dar a conocer a Claudia, las \u00abbuenas nuevas\u00bb que hacen los funcionarios estatales en Veracruz dentro del gobierno&#8230; Y que est\u00e1n llevando a que su principal adversario: Ad\u00e1n Augusto L\u00f3pez crezca en las encuestas y las simpat\u00edas de los \u00abMorenos\u00bb en Veracruz&#8230; Y que esa culpa tiene nombre y apellido&#8230;<\/p>\n\n\n\n<p>Situaci\u00f3n que ha provocado molestia en la Jefa de Gobierno porque \u00abno la ayudan\u00bb&#8230; Hecho que hace 15 d\u00edas le fue dado a conocer a uno de los principales operadores pol\u00edticos de la Sheinbaum en el pa\u00eds: Alfonso Ram\u00edrez Cuellar, cuando visit\u00f3 Veracruz y se reuni\u00f3 con m\u00e1s de 15 organizaciones pol\u00edticas de MORENA&#8230; Y todos le echaban la culpa de esos \u00abmales\u00bb a Cuitl\u00e1huac y Patrocinio&#8230; Motivo por el cual, tampoco Amado ha perdido la oportunidad de \u00abecharle le\u00f1a al fuego\u00bb&#8230; Ahora por eso los \u00abmameyazos\u00bb est\u00e1n al por mayor&#8230;&nbsp;<\/p>\n\n\n\n<p>EN RESUMEN&#8230; Si Patrocinio y Amado se siguen dando de \u00abmameyazos\u00bb.. No van a unificar nada.. Los dos saben que el gobernador no le entiende a esto de la operaci\u00f3n pol\u00edtica.. Amado si y Eric tambi\u00e9n.. Pero si siguen as\u00ed, lo que va a pasar es que van a \u00abdespedazar\u00bb la ala de MORENA en Veracruz que opera a Claudia y Roc\u00edo.. Provocando que el otro L\u00f3pez crezca y le quite Veracruz a la Sheinbaum y en una de esas tambi\u00e9n se lleven entre los \u00abjaloneos\u00bb a Nahle.. Le pas\u00f3 al PRI.. Le pas\u00f3 al PAN por qu\u00e9 con MORENA tendr\u00eda que ser diferente&#8230; AMEN<\/p>\n","protected":false},"excerpt":{"rendered":"<p>Ricardo Chua Sale y Vale Sin duda, lo revelado por encuestas que la CDMX la podr\u00eda perder MORENA en 2024 bajo el gobierno de Claudia Sheinbaum&#8230; Ha tenido repercusi\u00f3n en Veracruz, que hoy con la visita del secretario de Gobernaci\u00f3n, Ad\u00e1n Augusto L\u00f3pez, han empezado aparecer por todos lados, la frase: #AhoraesAd\u00e1n&#8230; A pesar de [&hellip;]<\/p>\n","protected":false},"author":2,"featured_media":0,"comment_status":"closed","ping_status":"closed","sticky":false,"template":"","format":"standard","meta":{"tdm_status":"","tdm_grid_status":"","footnotes":""},"categories":[70],"tags":[618,9627,1563,1026,13604,10353,3578,195],"class_list":{"0":"post-104864","1":"post","2":"type-post","3":"status-publish","4":"format-standard","6":"category-de-opinion","7":"tag-andres-manuel-lopez-obrador","8":"tag-claudia-sheinbaum","9":"tag-cuitlahuac-garcia-jimenez","10":"tag-morena","11":"tag-ricardo-chua","12":"tag-ricardo-monreal","13":"tag-rocio-nahle","14":"tag-veracruz"},"yoast_head":"<!-- This site is optimized with the Yoast SEO plugin v27.4 - https:\/\/yoast.com\/product\/yoast-seo-wordpress\/ -->\n<title>#AHORAESADAN EN VERACRUZ - Los pol\u00edticos Veracruz<\/title>\n<meta name=\"robots\" content=\"index, follow, max-snippet:-1, max-image-preview:large, max-video-preview:-1\" \/>\n<link rel=\"canonical\" href=\"https:\/\/lospoliticosveracruz.com\/?p=104864\" \/>\n<meta property=\"og:locale\" content=\"es_ES\" \/>\n<meta property=\"og:type\" content=\"article\" \/>\n<meta property=\"og:title\" content=\"#AHORAESADAN EN VERACRUZ - Los pol\u00edticos Veracruz\" \/>\n<meta property=\"og:description\" content=\"Ricardo Chua Sale y Vale Sin duda, lo revelado por encuestas que la CDMX la podr\u00eda perder MORENA en 2024 bajo el gobierno de Claudia Sheinbaum&#8230; Ha tenido repercusi\u00f3n en Veracruz, que hoy con la visita del secretario de Gobernaci\u00f3n, Ad\u00e1n Augusto L\u00f3pez, han empezado aparecer por todos lados, la frase: #AhoraesAd\u00e1n&#8230; A pesar de [&hellip;]\" \/>\n<meta property=\"og:url\" content=\"https:\/\/lospoliticosveracruz.com\/?p=104864\" \/>\n<meta property=\"og:site_name\" content=\"Los pol\u00edticos Veracruz\" \/>\n<meta property=\"article:publisher\" content=\"https:\/\/www.facebook.com\/people\/Notimemes-de-los-Polticos\/61565672886568\/\" \/>\n<meta property=\"article:published_time\" content=\"2023-04-15T14:44:02+00:00\" \/>\n<meta property=\"article:modified_time\" content=\"2023-04-15T14:44:12+00:00\" \/>\n<meta property=\"og:image\" content=\"https:\/\/lospoliticosveracruz.com\/wp-content\/uploads\/2016\/07\/Logo-Dor.jpg\" \/>\n\t<meta property=\"og:image:width\" content=\"200\" \/>\n\t<meta property=\"og:image:height\" content=\"200\" \/>\n\t<meta property=\"og:image:type\" content=\"image\/jpeg\" \/>\n<meta name=\"author\" content=\"Lo viste en Los Pol\u00edticos\" \/>\n<meta name=\"twitter:card\" content=\"summary_large_image\" \/>\n<meta name=\"twitter:creator\" content=\"@LosPoliticosVer\" \/>\n<meta name=\"twitter:site\" content=\"@LosPoliticosVer\" \/>\n<meta name=\"twitter:label1\" content=\"Escrito por\" \/>\n\t<meta name=\"twitter:data1\" content=\"Lo viste en Los Pol\u00edticos\" \/>\n\t<meta name=\"twitter:label2\" content=\"Tiempo de lectura\" \/>\n\t<meta name=\"twitter:data2\" content=\"6 minutos\" \/>\n<script type=\"application\/ld+json\" class=\"yoast-schema-graph\">{\"@context\":\"https:\\\/\\\/schema.org\",\"@graph\":[{\"@type\":\"Article\",\"@id\":\"https:\\\/\\\/lospoliticosveracruz.com\\\/?p=104864#article\",\"isPartOf\":{\"@id\":\"https:\\\/\\\/lospoliticosveracruz.com\\\/?p=104864\"},\"author\":{\"name\":\"Lo viste en Los Pol\u00edticos\",\"@id\":\"https:\\\/\\\/lospoliticosveracruz.com\\\/#\\\/schema\\\/person\\\/b8702bb0e538456e6efd07080bf2a4a2\"},\"headline\":\"#AHORAESADAN EN VERACRUZ\",\"datePublished\":\"2023-04-15T14:44:02+00:00\",\"dateModified\":\"2023-04-15T14:44:12+00:00\",\"mainEntityOfPage\":{\"@id\":\"https:\\\/\\\/lospoliticosveracruz.com\\\/?p=104864\"},\"wordCount\":1191,\"publisher\":{\"@id\":\"https:\\\/\\\/lospoliticosveracruz.com\\\/#organization\"},\"keywords\":[\"Andr\u00e9s Manuel L\u00f3pez Obrador\",\"Claudia Sheinbaum\",\"Cuitl\u00e1huac Garc\u00eda Jim\u00e9nez\",\"Morena\",\"Ricardo Ch\u00faa\",\"Ricardo Monreal\",\"Roc\u00edo Nahle\",\"Veracruz\"],\"articleSection\":[\"De Opini\u00f3n\"],\"inLanguage\":\"es\"},{\"@type\":\"WebPage\",\"@id\":\"https:\\\/\\\/lospoliticosveracruz.com\\\/?p=104864\",\"url\":\"https:\\\/\\\/lospoliticosveracruz.com\\\/?p=104864\",\"name\":\"#AHORAESADAN EN VERACRUZ - Los pol\u00edticos Veracruz\",\"isPartOf\":{\"@id\":\"https:\\\/\\\/lospoliticosveracruz.com\\\/#website\"},\"datePublished\":\"2023-04-15T14:44:02+00:00\",\"dateModified\":\"2023-04-15T14:44:12+00:00\",\"breadcrumb\":{\"@id\":\"https:\\\/\\\/lospoliticosveracruz.com\\\/?p=104864#breadcrumb\"},\"inLanguage\":\"es\",\"potentialAction\":[{\"@type\":\"ReadAction\",\"target\":[\"https:\\\/\\\/lospoliticosveracruz.com\\\/?p=104864\"]}]},{\"@type\":\"BreadcrumbList\",\"@id\":\"https:\\\/\\\/lospoliticosveracruz.com\\\/?p=104864#breadcrumb\",\"itemListElement\":[{\"@type\":\"ListItem\",\"position\":1,\"name\":\"Portada\",\"item\":\"https:\\\/\\\/lospoliticosveracruz.com\\\/\"},{\"@type\":\"ListItem\",\"position\":2,\"name\":\"#AHORAESADAN EN VERACRUZ\"}]},{\"@type\":\"WebSite\",\"@id\":\"https:\\\/\\\/lospoliticosveracruz.com\\\/#website\",\"url\":\"https:\\\/\\\/lospoliticosveracruz.com\\\/\",\"name\":\"Los pol\u00edticos Veracruz\",\"description\":\"\",\"publisher\":{\"@id\":\"https:\\\/\\\/lospoliticosveracruz.com\\\/#organization\"},\"potentialAction\":[{\"@type\":\"SearchAction\",\"target\":{\"@type\":\"EntryPoint\",\"urlTemplate\":\"https:\\\/\\\/lospoliticosveracruz.com\\\/?s={search_term_string}\"},\"query-input\":{\"@type\":\"PropertyValueSpecification\",\"valueRequired\":true,\"valueName\":\"search_term_string\"}}],\"inLanguage\":\"es\"},{\"@type\":\"Organization\",\"@id\":\"https:\\\/\\\/lospoliticosveracruz.com\\\/#organization\",\"name\":\"Los pol\u00edticos Veracruz\",\"url\":\"https:\\\/\\\/lospoliticosveracruz.com\\\/\",\"logo\":{\"@type\":\"ImageObject\",\"inLanguage\":\"es\",\"@id\":\"https:\\\/\\\/lospoliticosveracruz.com\\\/#\\\/schema\\\/logo\\\/image\\\/\",\"url\":\"https:\\\/\\\/lospoliticosveracruz.com\\\/wp-content\\\/uploads\\\/2025\\\/12\\\/Logo-Nuevo-LOS-POLITICOS-1.jpg\",\"contentUrl\":\"https:\\\/\\\/lospoliticosveracruz.com\\\/wp-content\\\/uploads\\\/2025\\\/12\\\/Logo-Nuevo-LOS-POLITICOS-1.jpg\",\"width\":260,\"height\":70,\"caption\":\"Los pol\u00edticos Veracruz\"},\"image\":{\"@id\":\"https:\\\/\\\/lospoliticosveracruz.com\\\/#\\\/schema\\\/logo\\\/image\\\/\"},\"sameAs\":[\"https:\\\/\\\/www.facebook.com\\\/people\\\/Notimemes-de-los-Polticos\\\/61565672886568\\\/\",\"https:\\\/\\\/x.com\\\/LosPoliticosVer\"]},{\"@type\":\"Person\",\"@id\":\"https:\\\/\\\/lospoliticosveracruz.com\\\/#\\\/schema\\\/person\\\/b8702bb0e538456e6efd07080bf2a4a2\",\"name\":\"Lo viste en Los Pol\u00edticos\",\"image\":{\"@type\":\"ImageObject\",\"inLanguage\":\"es\",\"@id\":\"https:\\\/\\\/secure.gravatar.com\\\/avatar\\\/3a8de04a2656d44082be478bd6c086daa447c4651605818287b9532d3d0bd435?s=96&d=mm&r=g\",\"url\":\"https:\\\/\\\/secure.gravatar.com\\\/avatar\\\/3a8de04a2656d44082be478bd6c086daa447c4651605818287b9532d3d0bd435?s=96&d=mm&r=g\",\"contentUrl\":\"https:\\\/\\\/secure.gravatar.com\\\/avatar\\\/3a8de04a2656d44082be478bd6c086daa447c4651605818287b9532d3d0bd435?s=96&d=mm&r=g\",\"caption\":\"Lo viste en Los Pol\u00edticos\"},\"url\":\"https:\\\/\\\/lospoliticosveracruz.com\\\/?author=2\"}]}<\/script>\n<!-- \/ Yoast SEO plugin. -->","yoast_head_json":{"title":"#AHORAESADAN EN VERACRUZ - Los pol\u00edticos Veracruz","robots":{"index":"index","follow":"follow","max-snippet":"max-snippet:-1","max-image-preview":"max-image-preview:large","max-video-preview":"max-video-preview:-1"},"canonical":"https:\/\/lospoliticosveracruz.com\/?p=104864","og_locale":"es_ES","og_type":"article","og_title":"#AHORAESADAN EN VERACRUZ - Los pol\u00edticos Veracruz","og_description":"Ricardo Chua Sale y Vale Sin duda, lo revelado por encuestas que la CDMX la podr\u00eda perder MORENA en 2024 bajo el gobierno de Claudia Sheinbaum&#8230; Ha tenido repercusi\u00f3n en Veracruz, que hoy con la visita del secretario de Gobernaci\u00f3n, Ad\u00e1n Augusto L\u00f3pez, han empezado aparecer por todos lados, la frase: #AhoraesAd\u00e1n&#8230; A pesar de [&hellip;]","og_url":"https:\/\/lospoliticosveracruz.com\/?p=104864","og_site_name":"Los pol\u00edticos Veracruz","article_publisher":"https:\/\/www.facebook.com\/people\/Notimemes-de-los-Polticos\/61565672886568\/","article_published_time":"2023-04-15T14:44:02+00:00","article_modified_time":"2023-04-15T14:44:12+00:00","og_image":[{"width":200,"height":200,"url":"https:\/\/lospoliticosveracruz.com\/wp-content\/uploads\/2016\/07\/Logo-Dor.jpg","type":"image\/jpeg"}],"author":"Lo viste en Los Pol\u00edticos","twitter_card":"summary_large_image","twitter_creator":"@LosPoliticosVer","twitter_site":"@LosPoliticosVer","twitter_misc":{"Escrito por":"Lo viste en Los Pol\u00edticos","Tiempo de lectura":"6 minutos"},"schema":{"@context":"https:\/\/schema.org","@graph":[{"@type":"Article","@id":"https:\/\/lospoliticosveracruz.com\/?p=104864#article","isPartOf":{"@id":"https:\/\/lospoliticosveracruz.com\/?p=104864"},"author":{"name":"Lo viste en Los Pol\u00edticos","@id":"https:\/\/lospoliticosveracruz.com\/#\/schema\/person\/b8702bb0e538456e6efd07080bf2a4a2"},"headline":"#AHORAESADAN EN VERACRUZ","datePublished":"2023-04-15T14:44:02+00:00","dateModified":"2023-04-15T14:44:12+00:00","mainEntityOfPage":{"@id":"https:\/\/lospoliticosveracruz.com\/?p=104864"},"wordCount":1191,"publisher":{"@id":"https:\/\/lospoliticosveracruz.com\/#organization"},"keywords":["Andr\u00e9s Manuel L\u00f3pez Obrador","Claudia Sheinbaum","Cuitl\u00e1huac Garc\u00eda Jim\u00e9nez","Morena","Ricardo Ch\u00faa","Ricardo Monreal","Roc\u00edo Nahle","Veracruz"],"articleSection":["De Opini\u00f3n"],"inLanguage":"es"},{"@type":"WebPage","@id":"https:\/\/lospoliticosveracruz.com\/?p=104864","url":"https:\/\/lospoliticosveracruz.com\/?p=104864","name":"#AHORAESADAN EN VERACRUZ - Los pol\u00edticos Veracruz","isPartOf":{"@id":"https:\/\/lospoliticosveracruz.com\/#website"},"datePublished":"2023-04-15T14:44:02+00:00","dateModified":"2023-04-15T14:44:12+00:00","breadcrumb":{"@id":"https:\/\/lospoliticosveracruz.com\/?p=104864#breadcrumb"},"inLanguage":"es","potentialAction":[{"@type":"ReadAction","target":["https:\/\/lospoliticosveracruz.com\/?p=104864"]}]},{"@type":"BreadcrumbList","@id":"https:\/\/lospoliticosveracruz.com\/?p=104864#breadcrumb","itemListElement":[{"@type":"ListItem","position":1,"name":"Portada","item":"https:\/\/lospoliticosveracruz.com\/"},{"@type":"ListItem","position":2,"name":"#AHORAESADAN EN VERACRUZ"}]},{"@type":"WebSite","@id":"https:\/\/lospoliticosveracruz.com\/#website","url":"https:\/\/lospoliticosveracruz.com\/","name":"Los pol\u00edticos Veracruz","description":"","publisher":{"@id":"https:\/\/lospoliticosveracruz.com\/#organization"},"potentialAction":[{"@type":"SearchAction","target":{"@type":"EntryPoint","urlTemplate":"https:\/\/lospoliticosveracruz.com\/?s={search_term_string}"},"query-input":{"@type":"PropertyValueSpecification","valueRequired":true,"valueName":"search_term_string"}}],"inLanguage":"es"},{"@type":"Organization","@id":"https:\/\/lospoliticosveracruz.com\/#organization","name":"Los pol\u00edticos Veracruz","url":"https:\/\/lospoliticosveracruz.com\/","logo":{"@type":"ImageObject","inLanguage":"es","@id":"https:\/\/lospoliticosveracruz.com\/#\/schema\/logo\/image\/","url":"https:\/\/lospoliticosveracruz.com\/wp-content\/uploads\/2025\/12\/Logo-Nuevo-LOS-POLITICOS-1.jpg","contentUrl":"https:\/\/lospoliticosveracruz.com\/wp-content\/uploads\/2025\/12\/Logo-Nuevo-LOS-POLITICOS-1.jpg","width":260,"height":70,"caption":"Los pol\u00edticos Veracruz"},"image":{"@id":"https:\/\/lospoliticosveracruz.com\/#\/schema\/logo\/image\/"},"sameAs":["https:\/\/www.facebook.com\/people\/Notimemes-de-los-Polticos\/61565672886568\/","https:\/\/x.com\/LosPoliticosVer"]},{"@type":"Person","@id":"https:\/\/lospoliticosveracruz.com\/#\/schema\/person\/b8702bb0e538456e6efd07080bf2a4a2","name":"Lo viste en Los Pol\u00edticos","image":{"@type":"ImageObject","inLanguage":"es","@id":"https:\/\/secure.gravatar.com\/avatar\/3a8de04a2656d44082be478bd6c086daa447c4651605818287b9532d3d0bd435?s=96&d=mm&r=g","url":"https:\/\/secure.gravatar.com\/avatar\/3a8de04a2656d44082be478bd6c086daa447c4651605818287b9532d3d0bd435?s=96&d=mm&r=g","contentUrl":"https:\/\/secure.gravatar.com\/avatar\/3a8de04a2656d44082be478bd6c086daa447c4651605818287b9532d3d0bd435?s=96&d=mm&r=g","caption":"Lo viste en Los Pol\u00edticos"},"url":"https:\/\/lospoliticosveracruz.com\/?author=2"}]}},"_links":{"self":[{"href":"https:\/\/lospoliticosveracruz.com\/index.php?rest_route=\/wp\/v2\/posts\/104864","targetHints":{"allow":["GET"]}}],"collection":[{"href":"https:\/\/lospoliticosveracruz.com\/index.php?rest_route=\/wp\/v2\/posts"}],"about":[{"href":"https:\/\/lospoliticosveracruz.com\/index.php?rest_route=\/wp\/v2\/types\/post"}],"author":[{"embeddable":true,"href":"https:\/\/lospoliticosveracruz.com\/index.php?rest_route=\/wp\/v2\/users\/2"}],"replies":[{"embeddable":true,"href":"https:\/\/lospoliticosveracruz.com\/index.php?rest_route=%2Fwp%2Fv2%2Fcomments&post=104864"}],"version-history":[{"count":1,"href":"https:\/\/lospoliticosveracruz.com\/index.php?rest_route=\/wp\/v2\/posts\/104864\/revisions"}],"predecessor-version":[{"id":104865,"href":"https:\/\/lospoliticosveracruz.com\/index.php?rest_route=\/wp\/v2\/posts\/104864\/revisions\/104865"}],"wp:attachment":[{"href":"https:\/\/lospoliticosveracruz.com\/index.php?rest_route=%2Fwp%2Fv2%2Fmedia&parent=104864"}],"wp:term":[{"taxonomy":"category","embeddable":true,"href":"https:\/\/lospoliticosveracruz.com\/index.php?rest_route=%2Fwp%2Fv2%2Fcategories&post=104864"},{"taxonomy":"post_tag","embeddable":true,"href":"https:\/\/lospoliticosveracruz.com\/index.php?rest_route=%2Fwp%2Fv2%2Ftags&post=104864"}],"curies":[{"name":"wp","href":"https:\/\/api.w.org\/{rel}","templated":true}]}}