{"id":105046,"date":"2023-04-19T15:29:42","date_gmt":"2023-04-19T20:29:42","guid":{"rendered":"https:\/\/lospoliticosveracruz.com.mx\/?p=105046"},"modified":"2023-04-19T15:29:49","modified_gmt":"2023-04-19T20:29:49","slug":"gobierno-de-coalicion-se-necesita-algo-mas","status":"publish","type":"post","link":"https:\/\/lospoliticosveracruz.com\/?p=105046","title":{"rendered":"\u00bfGOBIERNO DE COALICI\u00d3N? Se necesita algo m\u00e1s"},"content":{"rendered":"\n<p><strong>Vicente Luna Hern\u00e1ndez <\/strong><\/p>\n\n\n\n<p><\/p>\n\n\n\n<p>Durante el Foro \u201cUnidad y Gobiernos de Coalici\u00f3n\u201d organizado por Unid@ la propuesta de un futuro gobierno de coalici\u00f3n en caso de ganar la oposici\u00f3n fue tema recurrente \u00bfqu\u00e9 significa esto? Sencillo, todos los partidos participantes van a proponer a los integrantes del gabinete, en su momento \u201cEl Pacto por M\u00e9xico\u201c fue una aproximaci\u00f3n a un gobierno de coalici\u00f3n \u00bf beneficio a M\u00e9xico? gobierno de coalici\u00f3n es la suma de voluntades en un plan de gobierno establecido en entre todos los partidos integrantes de la alianza que gane la elecci\u00f3n \u00bfest\u00e1 considerado morena y aliados para formar parte de ese futuro gobierno de coalici\u00f3n? Si todos son verdaderos patriotas, todas y todos los integrantes del gabinete deben de dar su mejor versi\u00f3n a favor de los intereses del pa\u00eds, est\u00e1 claro que las ideolog\u00edas se han hecho a un lado, lo que urge \u2013 desde el punto de vista de los partidos de oposici\u00f3n- es ganar la Presidencia de la Rep\u00fablica para impedir que se siga mal gobernando M\u00e9xico \u00bfgobierno de coalici\u00f3n? Considero que se necesita algo m\u00e1s.<\/p>\n\n\n<div class=\"wp-block-image\">\n<figure class=\"alignleft size-full is-resized\"><a href=\"https:\/\/lospoliticosveracruz.com.mx\/wp-content\/uploads\/2023\/04\/Alex-Dore-Pole-Dance.jpg\"><img loading=\"lazy\" decoding=\"async\" src=\"https:\/\/lospoliticosveracruz.com.mx\/wp-content\/uploads\/2023\/04\/Alex-Dore-Pole-Dance.jpg\" alt=\"\" class=\"wp-image-104879\" width=\"175\" height=\"175\" srcset=\"https:\/\/lospoliticosveracruz.com\/wp-content\/uploads\/2023\/04\/Alex-Dore-Pole-Dance.jpg 700w, https:\/\/lospoliticosveracruz.com\/wp-content\/uploads\/2023\/04\/Alex-Dore-Pole-Dance-300x300.jpg 300w, https:\/\/lospoliticosveracruz.com\/wp-content\/uploads\/2023\/04\/Alex-Dore-Pole-Dance-150x150.jpg 150w, https:\/\/lospoliticosveracruz.com\/wp-content\/uploads\/2023\/04\/Alex-Dore-Pole-Dance-125x125.jpg 125w\" sizes=\"auto, (max-width: 175px) 100vw, 175px\" \/><\/a><\/figure>\n<\/div>\n\n\n<p><br>Est\u00e1 claro que el \u201cPacto por M\u00e9xico\u201d fue una alianza parlamentaria en su momento, lo cierto es que en un gobierno de coalici\u00f3n podr\u00e1 intervenir el legislativo en la ratificaci\u00f3n del gabinete y a cambio, habr\u00e1 alianzas parlamentarias para aprobar las reformas legislativas y constitucionales que se requieran para impulsar el plan de gobierno que fue avalado por todas las fuerzas pol\u00edticas que intervinieron en la coalici\u00f3n electoral ganadora, \u00bfeso es lo que pide el pueblo de M\u00e9xico? \u00bfEsa es la principal propuesta de la oposici\u00f3n? Considero que se necesita algo m\u00e1s.<br>Un poco de Derecho Constitucional a nadie ofende:<br>Art\u00edculo 89 Constitucional.- Las facultades y obligaciones del Presidente son las siguientes:<br>XVII. En cualquier momento, optar por un gobierno de coalici\u00f3n con uno o varios de los partidos pol\u00edticos representados en el Congreso de la Uni\u00f3n.<br>El gobierno de coalici\u00f3n se regular\u00e1 por el convenio y el programa respectivos, los cuales deber\u00e1n ser aprobados por mayor\u00eda de los miembros presentes de la C\u00e1mara de Senadores. El convenio establecer\u00e1 las causas de la disoluci\u00f3n del gobierno de coalici\u00f3n<\/p>\n\n\n\n<p>La Constituci\u00f3n de M\u00e9xico ya contempla un gobierno de coalici\u00f3n, aplicarlo ser\u00e1 tarea de todas y todos que realmente quieren una transformaci\u00f3n hist\u00f3rica en beneficio de todos los sectores sociales del pa\u00eds, sin n\u00famero, sin etiqueta, solo hay que poner al centro de toda acci\u00f3n de gobierno\u2026a M\u00e9xico.<br>Ayer ante el control de un solo partido en el sistema pol\u00edtico, la oposici\u00f3n hablaba de un gobierno de coalici\u00f3n o de un gobierno dividido, esto es, que el partido que ganara la presidencia no tuviera la mayor\u00eda calificada en el Congreso de la Uni\u00f3n, poco a poco esta situaci\u00f3n se fue presentando desde 1997, sin embargo, los que ayer ped\u00edan un gobierno dividido hoy que son gobierno, sue\u00f1an con ser el partido \u00fanico que criticaban ayer y los que ayer eran el partido en el poder presidencial y se opon\u00edan a ceder ante otros partidos en tema legislativos, hoy son los principales impulsores de un gobierno de coalici\u00f3n, viene a mi mente el inmortal Chabelo con su canci\u00f3n : \u201cEl reino del rev\u00e9s\u201d que dice: \u201cMe dijeron que en el reino del rev\u00e9s\/ nadie baila con los pies\/ que un ladr\u00f3n es vigilante y otro juez\/ y que dos y dos son tres\u2026<br>De manera muy concreta, si gana la oposici\u00f3n en el 2024, el gabinete presidencial dejar\u00e1 de estar integrado \u00fanicamente por militantes del partido del Presidente y ante las circunstancias electorales de hoy, tambi\u00e9n debe estar integrado por miembros de la sociedad civil, esto es, de personas que no tengan afiliaci\u00f3n partidista, insisto\u2026considero que se necesita algo m\u00e1s.<br>Considero que la propuesta o propuestas principales deben ser m\u00e1s concretas, mas entendibles, m\u00e1s cercanas a la gente, que muevan emociones \u00bfmueve las emociones proponer un gobierno de coalici\u00f3n?<br>P.D.- Con el \u00e1nimo que los Foros de la Unidad llevados a cabo, aterricen al interior de las dirigencias partidistas\u2026Escribir\u00e9 otro d\u00eda.<\/p>\n","protected":false},"excerpt":{"rendered":"<p>Vicente Luna Hern\u00e1ndez Durante el Foro \u201cUnidad y Gobiernos de Coalici\u00f3n\u201d organizado por Unid@ la propuesta de un futuro gobierno de coalici\u00f3n en caso de ganar la oposici\u00f3n fue tema recurrente \u00bfqu\u00e9 significa esto? Sencillo, todos los partidos participantes van a proponer a los integrantes del gabinete, en su momento \u201cEl Pacto por M\u00e9xico\u201c fue [&hellip;]<\/p>\n","protected":false},"author":2,"featured_media":0,"comment_status":"closed","ping_status":"closed","sticky":false,"template":"","format":"standard","meta":{"tdm_status":"","tdm_grid_status":"","footnotes":""},"categories":[70],"tags":[15667],"class_list":{"0":"post-105046","1":"post","2":"type-post","3":"status-publish","4":"format-standard","6":"category-de-opinion","7":"tag-vicente-luna-hernandez"},"yoast_head":"<!-- This site is optimized with the Yoast SEO plugin v27.4 - https:\/\/yoast.com\/product\/yoast-seo-wordpress\/ -->\n<title>\u00bfGOBIERNO DE COALICI\u00d3N? Se necesita algo m\u00e1s - Los pol\u00edticos Veracruz<\/title>\n<meta name=\"robots\" content=\"index, follow, max-snippet:-1, max-image-preview:large, max-video-preview:-1\" \/>\n<link rel=\"canonical\" href=\"https:\/\/lospoliticosveracruz.com\/?p=105046\" \/>\n<meta property=\"og:locale\" content=\"es_ES\" \/>\n<meta property=\"og:type\" content=\"article\" \/>\n<meta property=\"og:title\" content=\"\u00bfGOBIERNO DE COALICI\u00d3N? Se necesita algo m\u00e1s - Los pol\u00edticos Veracruz\" \/>\n<meta property=\"og:description\" content=\"Vicente Luna Hern\u00e1ndez Durante el Foro \u201cUnidad y Gobiernos de Coalici\u00f3n\u201d organizado por Unid@ la propuesta de un futuro gobierno de coalici\u00f3n en caso de ganar la oposici\u00f3n fue tema recurrente \u00bfqu\u00e9 significa esto? Sencillo, todos los partidos participantes van a proponer a los integrantes del gabinete, en su momento \u201cEl Pacto por M\u00e9xico\u201c fue [&hellip;]\" \/>\n<meta property=\"og:url\" content=\"https:\/\/lospoliticosveracruz.com\/?p=105046\" \/>\n<meta property=\"og:site_name\" content=\"Los pol\u00edticos Veracruz\" \/>\n<meta property=\"article:publisher\" content=\"https:\/\/www.facebook.com\/people\/Notimemes-de-los-Polticos\/61565672886568\/\" \/>\n<meta property=\"article:published_time\" content=\"2023-04-19T20:29:42+00:00\" \/>\n<meta property=\"article:modified_time\" content=\"2023-04-19T20:29:49+00:00\" \/>\n<meta property=\"og:image\" content=\"https:\/\/lospoliticosveracruz.com.mx\/wp-content\/uploads\/2023\/04\/Alex-Dore-Pole-Dance.jpg\" \/>\n<meta name=\"author\" content=\"Lo viste en Los Pol\u00edticos\" \/>\n<meta name=\"twitter:card\" content=\"summary_large_image\" \/>\n<meta name=\"twitter:creator\" content=\"@LosPoliticosVer\" \/>\n<meta name=\"twitter:site\" content=\"@LosPoliticosVer\" \/>\n<meta name=\"twitter:label1\" content=\"Escrito por\" \/>\n\t<meta name=\"twitter:data1\" content=\"Lo viste en Los Pol\u00edticos\" \/>\n\t<meta name=\"twitter:label2\" content=\"Tiempo de lectura\" \/>\n\t<meta name=\"twitter:data2\" content=\"4 minutos\" \/>\n<script type=\"application\/ld+json\" class=\"yoast-schema-graph\">{\"@context\":\"https:\\\/\\\/schema.org\",\"@graph\":[{\"@type\":\"Article\",\"@id\":\"https:\\\/\\\/lospoliticosveracruz.com\\\/?p=105046#article\",\"isPartOf\":{\"@id\":\"https:\\\/\\\/lospoliticosveracruz.com\\\/?p=105046\"},\"author\":{\"name\":\"Lo viste en Los Pol\u00edticos\",\"@id\":\"https:\\\/\\\/lospoliticosveracruz.com\\\/#\\\/schema\\\/person\\\/b8702bb0e538456e6efd07080bf2a4a2\"},\"headline\":\"\u00bfGOBIERNO DE COALICI\u00d3N? Se necesita algo m\u00e1s\",\"datePublished\":\"2023-04-19T20:29:42+00:00\",\"dateModified\":\"2023-04-19T20:29:49+00:00\",\"mainEntityOfPage\":{\"@id\":\"https:\\\/\\\/lospoliticosveracruz.com\\\/?p=105046\"},\"wordCount\":746,\"publisher\":{\"@id\":\"https:\\\/\\\/lospoliticosveracruz.com\\\/#organization\"},\"image\":{\"@id\":\"https:\\\/\\\/lospoliticosveracruz.com\\\/?p=105046#primaryimage\"},\"thumbnailUrl\":\"https:\\\/\\\/lospoliticosveracruz.com.mx\\\/wp-content\\\/uploads\\\/2023\\\/04\\\/Alex-Dore-Pole-Dance.jpg\",\"keywords\":[\"Vicente Luna Hern\u00e1ndez\"],\"articleSection\":[\"De Opini\u00f3n\"],\"inLanguage\":\"es\"},{\"@type\":\"WebPage\",\"@id\":\"https:\\\/\\\/lospoliticosveracruz.com\\\/?p=105046\",\"url\":\"https:\\\/\\\/lospoliticosveracruz.com\\\/?p=105046\",\"name\":\"\u00bfGOBIERNO DE COALICI\u00d3N? Se necesita algo m\u00e1s - Los pol\u00edticos Veracruz\",\"isPartOf\":{\"@id\":\"https:\\\/\\\/lospoliticosveracruz.com\\\/#website\"},\"primaryImageOfPage\":{\"@id\":\"https:\\\/\\\/lospoliticosveracruz.com\\\/?p=105046#primaryimage\"},\"image\":{\"@id\":\"https:\\\/\\\/lospoliticosveracruz.com\\\/?p=105046#primaryimage\"},\"thumbnailUrl\":\"https:\\\/\\\/lospoliticosveracruz.com.mx\\\/wp-content\\\/uploads\\\/2023\\\/04\\\/Alex-Dore-Pole-Dance.jpg\",\"datePublished\":\"2023-04-19T20:29:42+00:00\",\"dateModified\":\"2023-04-19T20:29:49+00:00\",\"breadcrumb\":{\"@id\":\"https:\\\/\\\/lospoliticosveracruz.com\\\/?p=105046#breadcrumb\"},\"inLanguage\":\"es\",\"potentialAction\":[{\"@type\":\"ReadAction\",\"target\":[\"https:\\\/\\\/lospoliticosveracruz.com\\\/?p=105046\"]}]},{\"@type\":\"ImageObject\",\"inLanguage\":\"es\",\"@id\":\"https:\\\/\\\/lospoliticosveracruz.com\\\/?p=105046#primaryimage\",\"url\":\"https:\\\/\\\/lospoliticosveracruz.com.mx\\\/wp-content\\\/uploads\\\/2023\\\/04\\\/Alex-Dore-Pole-Dance.jpg\",\"contentUrl\":\"https:\\\/\\\/lospoliticosveracruz.com.mx\\\/wp-content\\\/uploads\\\/2023\\\/04\\\/Alex-Dore-Pole-Dance.jpg\"},{\"@type\":\"BreadcrumbList\",\"@id\":\"https:\\\/\\\/lospoliticosveracruz.com\\\/?p=105046#breadcrumb\",\"itemListElement\":[{\"@type\":\"ListItem\",\"position\":1,\"name\":\"Portada\",\"item\":\"https:\\\/\\\/lospoliticosveracruz.com\\\/\"},{\"@type\":\"ListItem\",\"position\":2,\"name\":\"\u00bfGOBIERNO DE COALICI\u00d3N? Se necesita algo m\u00e1s\"}]},{\"@type\":\"WebSite\",\"@id\":\"https:\\\/\\\/lospoliticosveracruz.com\\\/#website\",\"url\":\"https:\\\/\\\/lospoliticosveracruz.com\\\/\",\"name\":\"Los pol\u00edticos Veracruz\",\"description\":\"\",\"publisher\":{\"@id\":\"https:\\\/\\\/lospoliticosveracruz.com\\\/#organization\"},\"potentialAction\":[{\"@type\":\"SearchAction\",\"target\":{\"@type\":\"EntryPoint\",\"urlTemplate\":\"https:\\\/\\\/lospoliticosveracruz.com\\\/?s={search_term_string}\"},\"query-input\":{\"@type\":\"PropertyValueSpecification\",\"valueRequired\":true,\"valueName\":\"search_term_string\"}}],\"inLanguage\":\"es\"},{\"@type\":\"Organization\",\"@id\":\"https:\\\/\\\/lospoliticosveracruz.com\\\/#organization\",\"name\":\"Los pol\u00edticos Veracruz\",\"url\":\"https:\\\/\\\/lospoliticosveracruz.com\\\/\",\"logo\":{\"@type\":\"ImageObject\",\"inLanguage\":\"es\",\"@id\":\"https:\\\/\\\/lospoliticosveracruz.com\\\/#\\\/schema\\\/logo\\\/image\\\/\",\"url\":\"https:\\\/\\\/lospoliticosveracruz.com\\\/wp-content\\\/uploads\\\/2025\\\/12\\\/Logo-Nuevo-LOS-POLITICOS-1.jpg\",\"contentUrl\":\"https:\\\/\\\/lospoliticosveracruz.com\\\/wp-content\\\/uploads\\\/2025\\\/12\\\/Logo-Nuevo-LOS-POLITICOS-1.jpg\",\"width\":260,\"height\":70,\"caption\":\"Los pol\u00edticos Veracruz\"},\"image\":{\"@id\":\"https:\\\/\\\/lospoliticosveracruz.com\\\/#\\\/schema\\\/logo\\\/image\\\/\"},\"sameAs\":[\"https:\\\/\\\/www.facebook.com\\\/people\\\/Notimemes-de-los-Polticos\\\/61565672886568\\\/\",\"https:\\\/\\\/x.com\\\/LosPoliticosVer\"]},{\"@type\":\"Person\",\"@id\":\"https:\\\/\\\/lospoliticosveracruz.com\\\/#\\\/schema\\\/person\\\/b8702bb0e538456e6efd07080bf2a4a2\",\"name\":\"Lo viste en Los Pol\u00edticos\",\"image\":{\"@type\":\"ImageObject\",\"inLanguage\":\"es\",\"@id\":\"https:\\\/\\\/secure.gravatar.com\\\/avatar\\\/3a8de04a2656d44082be478bd6c086daa447c4651605818287b9532d3d0bd435?s=96&d=mm&r=g\",\"url\":\"https:\\\/\\\/secure.gravatar.com\\\/avatar\\\/3a8de04a2656d44082be478bd6c086daa447c4651605818287b9532d3d0bd435?s=96&d=mm&r=g\",\"contentUrl\":\"https:\\\/\\\/secure.gravatar.com\\\/avatar\\\/3a8de04a2656d44082be478bd6c086daa447c4651605818287b9532d3d0bd435?s=96&d=mm&r=g\",\"caption\":\"Lo viste en Los Pol\u00edticos\"},\"url\":\"https:\\\/\\\/lospoliticosveracruz.com\\\/?author=2\"}]}<\/script>\n<!-- \/ Yoast SEO plugin. -->","yoast_head_json":{"title":"\u00bfGOBIERNO DE COALICI\u00d3N? Se necesita algo m\u00e1s - Los pol\u00edticos Veracruz","robots":{"index":"index","follow":"follow","max-snippet":"max-snippet:-1","max-image-preview":"max-image-preview:large","max-video-preview":"max-video-preview:-1"},"canonical":"https:\/\/lospoliticosveracruz.com\/?p=105046","og_locale":"es_ES","og_type":"article","og_title":"\u00bfGOBIERNO DE COALICI\u00d3N? Se necesita algo m\u00e1s - Los pol\u00edticos Veracruz","og_description":"Vicente Luna Hern\u00e1ndez Durante el Foro \u201cUnidad y Gobiernos de Coalici\u00f3n\u201d organizado por Unid@ la propuesta de un futuro gobierno de coalici\u00f3n en caso de ganar la oposici\u00f3n fue tema recurrente \u00bfqu\u00e9 significa esto? Sencillo, todos los partidos participantes van a proponer a los integrantes del gabinete, en su momento \u201cEl Pacto por M\u00e9xico\u201c fue [&hellip;]","og_url":"https:\/\/lospoliticosveracruz.com\/?p=105046","og_site_name":"Los pol\u00edticos Veracruz","article_publisher":"https:\/\/www.facebook.com\/people\/Notimemes-de-los-Polticos\/61565672886568\/","article_published_time":"2023-04-19T20:29:42+00:00","article_modified_time":"2023-04-19T20:29:49+00:00","og_image":[{"url":"https:\/\/lospoliticosveracruz.com.mx\/wp-content\/uploads\/2023\/04\/Alex-Dore-Pole-Dance.jpg","type":"","width":"","height":""}],"author":"Lo viste en Los Pol\u00edticos","twitter_card":"summary_large_image","twitter_creator":"@LosPoliticosVer","twitter_site":"@LosPoliticosVer","twitter_misc":{"Escrito por":"Lo viste en Los Pol\u00edticos","Tiempo de lectura":"4 minutos"},"schema":{"@context":"https:\/\/schema.org","@graph":[{"@type":"Article","@id":"https:\/\/lospoliticosveracruz.com\/?p=105046#article","isPartOf":{"@id":"https:\/\/lospoliticosveracruz.com\/?p=105046"},"author":{"name":"Lo viste en Los Pol\u00edticos","@id":"https:\/\/lospoliticosveracruz.com\/#\/schema\/person\/b8702bb0e538456e6efd07080bf2a4a2"},"headline":"\u00bfGOBIERNO DE COALICI\u00d3N? Se necesita algo m\u00e1s","datePublished":"2023-04-19T20:29:42+00:00","dateModified":"2023-04-19T20:29:49+00:00","mainEntityOfPage":{"@id":"https:\/\/lospoliticosveracruz.com\/?p=105046"},"wordCount":746,"publisher":{"@id":"https:\/\/lospoliticosveracruz.com\/#organization"},"image":{"@id":"https:\/\/lospoliticosveracruz.com\/?p=105046#primaryimage"},"thumbnailUrl":"https:\/\/lospoliticosveracruz.com.mx\/wp-content\/uploads\/2023\/04\/Alex-Dore-Pole-Dance.jpg","keywords":["Vicente Luna Hern\u00e1ndez"],"articleSection":["De Opini\u00f3n"],"inLanguage":"es"},{"@type":"WebPage","@id":"https:\/\/lospoliticosveracruz.com\/?p=105046","url":"https:\/\/lospoliticosveracruz.com\/?p=105046","name":"\u00bfGOBIERNO DE COALICI\u00d3N? Se necesita algo m\u00e1s - Los pol\u00edticos Veracruz","isPartOf":{"@id":"https:\/\/lospoliticosveracruz.com\/#website"},"primaryImageOfPage":{"@id":"https:\/\/lospoliticosveracruz.com\/?p=105046#primaryimage"},"image":{"@id":"https:\/\/lospoliticosveracruz.com\/?p=105046#primaryimage"},"thumbnailUrl":"https:\/\/lospoliticosveracruz.com.mx\/wp-content\/uploads\/2023\/04\/Alex-Dore-Pole-Dance.jpg","datePublished":"2023-04-19T20:29:42+00:00","dateModified":"2023-04-19T20:29:49+00:00","breadcrumb":{"@id":"https:\/\/lospoliticosveracruz.com\/?p=105046#breadcrumb"},"inLanguage":"es","potentialAction":[{"@type":"ReadAction","target":["https:\/\/lospoliticosveracruz.com\/?p=105046"]}]},{"@type":"ImageObject","inLanguage":"es","@id":"https:\/\/lospoliticosveracruz.com\/?p=105046#primaryimage","url":"https:\/\/lospoliticosveracruz.com.mx\/wp-content\/uploads\/2023\/04\/Alex-Dore-Pole-Dance.jpg","contentUrl":"https:\/\/lospoliticosveracruz.com.mx\/wp-content\/uploads\/2023\/04\/Alex-Dore-Pole-Dance.jpg"},{"@type":"BreadcrumbList","@id":"https:\/\/lospoliticosveracruz.com\/?p=105046#breadcrumb","itemListElement":[{"@type":"ListItem","position":1,"name":"Portada","item":"https:\/\/lospoliticosveracruz.com\/"},{"@type":"ListItem","position":2,"name":"\u00bfGOBIERNO DE COALICI\u00d3N? Se necesita algo m\u00e1s"}]},{"@type":"WebSite","@id":"https:\/\/lospoliticosveracruz.com\/#website","url":"https:\/\/lospoliticosveracruz.com\/","name":"Los pol\u00edticos Veracruz","description":"","publisher":{"@id":"https:\/\/lospoliticosveracruz.com\/#organization"},"potentialAction":[{"@type":"SearchAction","target":{"@type":"EntryPoint","urlTemplate":"https:\/\/lospoliticosveracruz.com\/?s={search_term_string}"},"query-input":{"@type":"PropertyValueSpecification","valueRequired":true,"valueName":"search_term_string"}}],"inLanguage":"es"},{"@type":"Organization","@id":"https:\/\/lospoliticosveracruz.com\/#organization","name":"Los pol\u00edticos Veracruz","url":"https:\/\/lospoliticosveracruz.com\/","logo":{"@type":"ImageObject","inLanguage":"es","@id":"https:\/\/lospoliticosveracruz.com\/#\/schema\/logo\/image\/","url":"https:\/\/lospoliticosveracruz.com\/wp-content\/uploads\/2025\/12\/Logo-Nuevo-LOS-POLITICOS-1.jpg","contentUrl":"https:\/\/lospoliticosveracruz.com\/wp-content\/uploads\/2025\/12\/Logo-Nuevo-LOS-POLITICOS-1.jpg","width":260,"height":70,"caption":"Los pol\u00edticos Veracruz"},"image":{"@id":"https:\/\/lospoliticosveracruz.com\/#\/schema\/logo\/image\/"},"sameAs":["https:\/\/www.facebook.com\/people\/Notimemes-de-los-Polticos\/61565672886568\/","https:\/\/x.com\/LosPoliticosVer"]},{"@type":"Person","@id":"https:\/\/lospoliticosveracruz.com\/#\/schema\/person\/b8702bb0e538456e6efd07080bf2a4a2","name":"Lo viste en Los Pol\u00edticos","image":{"@type":"ImageObject","inLanguage":"es","@id":"https:\/\/secure.gravatar.com\/avatar\/3a8de04a2656d44082be478bd6c086daa447c4651605818287b9532d3d0bd435?s=96&d=mm&r=g","url":"https:\/\/secure.gravatar.com\/avatar\/3a8de04a2656d44082be478bd6c086daa447c4651605818287b9532d3d0bd435?s=96&d=mm&r=g","contentUrl":"https:\/\/secure.gravatar.com\/avatar\/3a8de04a2656d44082be478bd6c086daa447c4651605818287b9532d3d0bd435?s=96&d=mm&r=g","caption":"Lo viste en Los Pol\u00edticos"},"url":"https:\/\/lospoliticosveracruz.com\/?author=2"}]}},"_links":{"self":[{"href":"https:\/\/lospoliticosveracruz.com\/index.php?rest_route=\/wp\/v2\/posts\/105046","targetHints":{"allow":["GET"]}}],"collection":[{"href":"https:\/\/lospoliticosveracruz.com\/index.php?rest_route=\/wp\/v2\/posts"}],"about":[{"href":"https:\/\/lospoliticosveracruz.com\/index.php?rest_route=\/wp\/v2\/types\/post"}],"author":[{"embeddable":true,"href":"https:\/\/lospoliticosveracruz.com\/index.php?rest_route=\/wp\/v2\/users\/2"}],"replies":[{"embeddable":true,"href":"https:\/\/lospoliticosveracruz.com\/index.php?rest_route=%2Fwp%2Fv2%2Fcomments&post=105046"}],"version-history":[{"count":1,"href":"https:\/\/lospoliticosveracruz.com\/index.php?rest_route=\/wp\/v2\/posts\/105046\/revisions"}],"predecessor-version":[{"id":105047,"href":"https:\/\/lospoliticosveracruz.com\/index.php?rest_route=\/wp\/v2\/posts\/105046\/revisions\/105047"}],"wp:attachment":[{"href":"https:\/\/lospoliticosveracruz.com\/index.php?rest_route=%2Fwp%2Fv2%2Fmedia&parent=105046"}],"wp:term":[{"taxonomy":"category","embeddable":true,"href":"https:\/\/lospoliticosveracruz.com\/index.php?rest_route=%2Fwp%2Fv2%2Fcategories&post=105046"},{"taxonomy":"post_tag","embeddable":true,"href":"https:\/\/lospoliticosveracruz.com\/index.php?rest_route=%2Fwp%2Fv2%2Ftags&post=105046"}],"curies":[{"name":"wp","href":"https:\/\/api.w.org\/{rel}","templated":true}]}}