{"id":105051,"date":"2023-04-19T17:00:28","date_gmt":"2023-04-19T22:00:28","guid":{"rendered":"https:\/\/lospoliticosveracruz.com.mx\/?p=105051"},"modified":"2023-04-19T17:00:37","modified_gmt":"2023-04-19T22:00:37","slug":"otra-derrota-para-amlo","status":"publish","type":"post","link":"https:\/\/lospoliticosveracruz.com\/?p=105051","title":{"rendered":"OTRA DERROTA PARA AMLO"},"content":{"rendered":"\n<p><strong>Miguel \u00c1ngel G\u00f3mez Ruiz<\/strong><\/p>\n\n\n\n<p><em>Contrapunto<\/em><\/p>\n\n\n\n<p>Resulta inquietante la forma en c\u00f3mo act\u00faa el presidente L\u00f3pez Obrador cuando las cosas no le resultan. Y es que la Suprema Corte de Justicia de la Naci\u00f3n (SCJN) le propin\u00f3 un nuevo rev\u00e9s al no avalar que la Guardia Nacional forme parte de la Secretar\u00eda de la Defensa Nacional (Sedena).<\/p>\n\n\n<div class=\"wp-block-image\">\n<figure class=\"alignleft size-medium\"><a href=\"https:\/\/lospoliticosveracruz.com.mx\/wp-content\/uploads\/2023\/02\/Estancia.jpg\"><img decoding=\"async\" src=\"https:\/\/lospoliticosveracruz.com.mx\/wp-content\/uploads\/2023\/02\/Estancia-190x300.jpg\" alt=\"\" class=\"wp-image-102751\"\/><\/a><\/figure>\n<\/div>\n\n\n<p>Hab\u00eda dudas sobre que eso pasara el d\u00eda de ayer, sobre todo por la visita que realiz\u00f3 al edificio de la SCJN el secretario de Gobernaci\u00f3n, Ad\u00e1n Augusto L\u00f3p\u00e9z. Sin embargo, pese a sus amagos y que plasm\u00f3 ante los ministros el plan del presidente, \u00e9stos le propinaron un nuevo rev\u00e9s al gobierno federal.<\/p>\n\n\n\n<p>Y es que era l\u00f3gico, pues ya se hab\u00eda advertido que la pretensi\u00f3n del gobierno federal violentaba el art\u00edculo 21 de la Constituci\u00f3n del pa\u00eds, por ello, la Corte determin\u00f3 que era inconstitucional el decreto que transfer\u00eda el control operativo y administrativo de la Guardia Nacional a la Sedena, tras argumentarse que la corporaci\u00f3n hab\u00eda surgido con un car\u00e1cter civil.<\/p>\n\n\n\n<p>Nadie evitar\u00e1 que haya coordinaci\u00f3n entre la Guardia Nacional y el Ej\u00e9rcito Mexicano. De hecho, el algunos operativos que se realizan \u2013por ejemplo- en las regiones de Michoac\u00e1n y Guerrero, estados gobernados por Morena en los que prevalece la violencia, han actuado juntos.<\/p>\n\n\n\n<p>Del mismo modo, hemos visto que en algunos pueblos, la misma poblaci\u00f3n protege a los narcos \u2013ya lo hab\u00edamos advertido- y hasta obligan a los soldados y a los elementos de la Guardia Nacional a que los liberen. As\u00ed, de humillaci\u00f3n en humillaci\u00f3n.<\/p>\n\n\n\n<p>Por eso esta ma\u00f1ana, el presidente L\u00f3pez Obrador estaba de p\u00e9simo humor cuando comenz\u00f3 su ma\u00f1anera, al leer \u2013con problemas- un discurso en donde reproch\u00f3 a los ministros que votaran a favor de las c\u00fapulas, de los conservadores y de los ricos, para dejar indefenso al pueblo.<\/p>\n\n\n\n<p>La realidad es que nadie qued\u00f3 indefenso. \u00danicamente se determin\u00f3 que la Guardia Nacional sea un \u00f3rgano civil y que dependa de la Secretar\u00eda de Seguridad P\u00fablica. No tendr\u00e1 menos elementos, ni ganar\u00e1n menos, simplemente ser\u00e1n un organismo civil.<\/p>\n\n\n\n<p>Hasta ahora, el presidente sigue sin entender que no es lo correcto emitir declaraciones que polaricen el ambiente, ni mucho menos poner a los ministros contra la poblaci\u00f3n, pues ellos hacen su trabajo y su deber es proteger la Constituci\u00f3n y con ello, proteger a todos, sin embargo, el presidente insiste en sus sue\u00f1os guajiros que todos los conservadores quieren quitarle el pa\u00eds.<\/p>\n\n\n\n<p>No en balde, luego de emitir su discurso incendiario, reaccion\u00f3 y por lo menos en sus palabras admiti\u00f3 la decisi\u00f3n y dijo que ser\u00eda Rosa Icela, titular de la SSP la que se encargar\u00eda de todo.<\/p>\n\n\n\n<p>Y aun as\u00ed, volvi\u00f3 a violar la Constituci\u00f3n al hablar sobre que el 1 de septiembre de 2024, cuando se tenga mayor\u00eda calificada, volver\u00e1 a proponer que la Guardia Nacional forma parte del Ej\u00e9rcito, sin siquiera imaginar si ganar\u00e1 su consentida \u2013Claudia Sheinbaum- o bien, ganar\u00e1 alg\u00fan hombre o mujer de la oposici\u00f3n.<\/p>\n\n\n\n<p>Lo cierto es que el presidente sigue proponiendo cosas que en ocasiones parecen estar fuera de lugar. Tenemos el caso del Instituto Nacional Electoral en donde conden\u00f3 al extitular Lorenzo C\u00f3rdova que \u2013seg\u00fan \u00e9l- ganaba miles de pesos y no ha emitido comentario alguno sobre la sucesora, Guadalupe Taddei, que ganar\u00e1 lo mismo, porque eso s\u00ed, el sueldo no piensa baj\u00e1rselo por ning\u00fan motivo.<\/p>\n\n\n\n<p>O inclusive, en el Instituto Nacional de Acceso a la Informaci\u00f3n (INAI) ya le han explicado \u2013hasta con manzanas- que no se gasta excesivamente, pero el presidente no quiere ceder ni mucho menos impulsar la elecci\u00f3n de nuevos consejeros y todo porque se le pidi\u00f3 que muestre su tesis con la que se titul\u00f3 tras estudiar 14 a\u00f1os en la UNAM.<\/p>\n\n\n\n<p>Lo m\u00e1s triste de los casos mencionados es que pareciera que los diputados y senadores de la 4T no parecen servir a M\u00e9xico ni a los mexicanos, sino que est\u00e1n a la disposici\u00f3n del presidente. No hay cosa que el presidente proponga, aunque sea un disparate, que sus correligionarios est\u00e9n dispuestos a aceptar y votar.<\/p>\n\n\n\n<p>Por ejemplo, en el caso de la SCJN, hubo tres ministros que votaron a favor del tema de la Guardia Nacional. Fueron el ministro Sald\u00edvar que se ha vuelto un voluntario promotor de Morena; adem\u00e1s de Loretta Ortiz que fue impulsada por AMLO para llegar al m\u00e1ximo tribunal del pa\u00eds y por supuesto, no pod\u00eda faltar Yasm\u00edn Esquivel que, por lo menos hasta ahora, no ha podido avalar que haya escrito su tesis y que se haya titulado legalmente tras cursar la carrera de Derecho en la UNAM. En fin.<\/p>\n\n\n\n<p>PD Mientras tanto, la violencia sigue, en San Crist\u00f3bal de las Casas mataron a un l\u00edder artesano los del C\u00e1rtel Jalisco Nueva Generaci\u00f3n y tambi\u00e9n hay violencia en el resto del pa\u00eds, sin que haya resultados positivos. Para quien tenga dudas sobre al actuar de la Guardia Nacional, cada que hay balaceras en Chiapas, acuartelan a sus elementos. Claro, all\u00ed dentro ayudan, no estorbando.<\/p>\n\n\n\n<p>Y el secretario de la Defensa Nacional, Luis Cresencio Sandoval, viaja por el mundo con su familia y achichincles en aviones militares, hosped\u00e1ndose en hoteles de lujo y gastando dinero a manos llenas sin que nadie le ponga freno. Le preguntaron sobre esto al presidente y \u00e9ste apenas respondi\u00f3: \u00bfY qu\u00e9, cu\u00e1l es el problema?<\/p>\n","protected":false},"excerpt":{"rendered":"<p>Miguel \u00c1ngel G\u00f3mez Ruiz Contrapunto Resulta inquietante la forma en c\u00f3mo act\u00faa el presidente L\u00f3pez Obrador cuando las cosas no le resultan. Y es que la Suprema Corte de Justicia de la Naci\u00f3n (SCJN) le propin\u00f3 un nuevo rev\u00e9s al no avalar que la Guardia Nacional forme parte de la Secretar\u00eda de la Defensa Nacional [&hellip;]<\/p>\n","protected":false},"author":2,"featured_media":0,"comment_status":"closed","ping_status":"closed","sticky":false,"template":"","format":"standard","meta":{"tdm_status":"","tdm_grid_status":"","footnotes":""},"categories":[70],"tags":[618,13512,28370,1026,3965,761],"class_list":{"0":"post-105051","1":"post","2":"type-post","3":"status-publish","4":"format-standard","6":"category-de-opinion","7":"tag-andres-manuel-lopez-obrador","8":"tag-guardia-nacional","9":"tag-miguel-angel-gomez-ruiz","10":"tag-morena","11":"tag-scjn","12":"tag-sedena"},"yoast_head":"<!-- This site is optimized with the Yoast SEO plugin v27.4 - https:\/\/yoast.com\/product\/yoast-seo-wordpress\/ -->\n<title>OTRA DERROTA PARA AMLO - Los pol\u00edticos Veracruz<\/title>\n<meta name=\"robots\" content=\"index, follow, max-snippet:-1, max-image-preview:large, max-video-preview:-1\" \/>\n<link rel=\"canonical\" href=\"https:\/\/lospoliticosveracruz.com\/?p=105051\" \/>\n<meta property=\"og:locale\" content=\"es_ES\" \/>\n<meta property=\"og:type\" content=\"article\" \/>\n<meta property=\"og:title\" content=\"OTRA DERROTA PARA AMLO - Los pol\u00edticos Veracruz\" \/>\n<meta property=\"og:description\" content=\"Miguel \u00c1ngel G\u00f3mez Ruiz Contrapunto Resulta inquietante la forma en c\u00f3mo act\u00faa el presidente L\u00f3pez Obrador cuando las cosas no le resultan. Y es que la Suprema Corte de Justicia de la Naci\u00f3n (SCJN) le propin\u00f3 un nuevo rev\u00e9s al no avalar que la Guardia Nacional forme parte de la Secretar\u00eda de la Defensa Nacional [&hellip;]\" \/>\n<meta property=\"og:url\" content=\"https:\/\/lospoliticosveracruz.com\/?p=105051\" \/>\n<meta property=\"og:site_name\" content=\"Los pol\u00edticos Veracruz\" \/>\n<meta property=\"article:publisher\" content=\"https:\/\/www.facebook.com\/people\/Notimemes-de-los-Polticos\/61565672886568\/\" \/>\n<meta property=\"article:published_time\" content=\"2023-04-19T22:00:28+00:00\" \/>\n<meta property=\"article:modified_time\" content=\"2023-04-19T22:00:37+00:00\" \/>\n<meta property=\"og:image\" content=\"https:\/\/lospoliticosveracruz.com.mx\/wp-content\/uploads\/2023\/02\/Estancia-190x300.jpg\" \/>\n<meta name=\"author\" content=\"Lo viste en Los Pol\u00edticos\" \/>\n<meta name=\"twitter:card\" content=\"summary_large_image\" \/>\n<meta name=\"twitter:creator\" content=\"@LosPoliticosVer\" \/>\n<meta name=\"twitter:site\" content=\"@LosPoliticosVer\" \/>\n<meta name=\"twitter:label1\" content=\"Escrito por\" \/>\n\t<meta name=\"twitter:data1\" content=\"Lo viste en Los Pol\u00edticos\" \/>\n\t<meta name=\"twitter:label2\" content=\"Tiempo de lectura\" \/>\n\t<meta name=\"twitter:data2\" content=\"5 minutos\" \/>\n<script type=\"application\/ld+json\" class=\"yoast-schema-graph\">{\"@context\":\"https:\\\/\\\/schema.org\",\"@graph\":[{\"@type\":\"Article\",\"@id\":\"https:\\\/\\\/lospoliticosveracruz.com\\\/?p=105051#article\",\"isPartOf\":{\"@id\":\"https:\\\/\\\/lospoliticosveracruz.com\\\/?p=105051\"},\"author\":{\"name\":\"Lo viste en Los Pol\u00edticos\",\"@id\":\"https:\\\/\\\/lospoliticosveracruz.com\\\/#\\\/schema\\\/person\\\/b8702bb0e538456e6efd07080bf2a4a2\"},\"headline\":\"OTRA DERROTA PARA AMLO\",\"datePublished\":\"2023-04-19T22:00:28+00:00\",\"dateModified\":\"2023-04-19T22:00:37+00:00\",\"mainEntityOfPage\":{\"@id\":\"https:\\\/\\\/lospoliticosveracruz.com\\\/?p=105051\"},\"wordCount\":961,\"publisher\":{\"@id\":\"https:\\\/\\\/lospoliticosveracruz.com\\\/#organization\"},\"image\":{\"@id\":\"https:\\\/\\\/lospoliticosveracruz.com\\\/?p=105051#primaryimage\"},\"thumbnailUrl\":\"https:\\\/\\\/lospoliticosveracruz.com.mx\\\/wp-content\\\/uploads\\\/2023\\\/02\\\/Estancia-190x300.jpg\",\"keywords\":[\"Andr\u00e9s Manuel L\u00f3pez Obrador\",\"Guardia Nacional\",\"Miguel \u00c1ngel G\u00f3mez Ruiz\",\"Morena\",\"SCJN\",\"Sedena\"],\"articleSection\":[\"De Opini\u00f3n\"],\"inLanguage\":\"es\"},{\"@type\":\"WebPage\",\"@id\":\"https:\\\/\\\/lospoliticosveracruz.com\\\/?p=105051\",\"url\":\"https:\\\/\\\/lospoliticosveracruz.com\\\/?p=105051\",\"name\":\"OTRA DERROTA PARA AMLO - Los pol\u00edticos Veracruz\",\"isPartOf\":{\"@id\":\"https:\\\/\\\/lospoliticosveracruz.com\\\/#website\"},\"primaryImageOfPage\":{\"@id\":\"https:\\\/\\\/lospoliticosveracruz.com\\\/?p=105051#primaryimage\"},\"image\":{\"@id\":\"https:\\\/\\\/lospoliticosveracruz.com\\\/?p=105051#primaryimage\"},\"thumbnailUrl\":\"https:\\\/\\\/lospoliticosveracruz.com.mx\\\/wp-content\\\/uploads\\\/2023\\\/02\\\/Estancia-190x300.jpg\",\"datePublished\":\"2023-04-19T22:00:28+00:00\",\"dateModified\":\"2023-04-19T22:00:37+00:00\",\"breadcrumb\":{\"@id\":\"https:\\\/\\\/lospoliticosveracruz.com\\\/?p=105051#breadcrumb\"},\"inLanguage\":\"es\",\"potentialAction\":[{\"@type\":\"ReadAction\",\"target\":[\"https:\\\/\\\/lospoliticosveracruz.com\\\/?p=105051\"]}]},{\"@type\":\"ImageObject\",\"inLanguage\":\"es\",\"@id\":\"https:\\\/\\\/lospoliticosveracruz.com\\\/?p=105051#primaryimage\",\"url\":\"https:\\\/\\\/lospoliticosveracruz.com.mx\\\/wp-content\\\/uploads\\\/2023\\\/02\\\/Estancia-190x300.jpg\",\"contentUrl\":\"https:\\\/\\\/lospoliticosveracruz.com.mx\\\/wp-content\\\/uploads\\\/2023\\\/02\\\/Estancia-190x300.jpg\"},{\"@type\":\"BreadcrumbList\",\"@id\":\"https:\\\/\\\/lospoliticosveracruz.com\\\/?p=105051#breadcrumb\",\"itemListElement\":[{\"@type\":\"ListItem\",\"position\":1,\"name\":\"Portada\",\"item\":\"https:\\\/\\\/lospoliticosveracruz.com\\\/\"},{\"@type\":\"ListItem\",\"position\":2,\"name\":\"OTRA DERROTA PARA AMLO\"}]},{\"@type\":\"WebSite\",\"@id\":\"https:\\\/\\\/lospoliticosveracruz.com\\\/#website\",\"url\":\"https:\\\/\\\/lospoliticosveracruz.com\\\/\",\"name\":\"Los pol\u00edticos Veracruz\",\"description\":\"\",\"publisher\":{\"@id\":\"https:\\\/\\\/lospoliticosveracruz.com\\\/#organization\"},\"potentialAction\":[{\"@type\":\"SearchAction\",\"target\":{\"@type\":\"EntryPoint\",\"urlTemplate\":\"https:\\\/\\\/lospoliticosveracruz.com\\\/?s={search_term_string}\"},\"query-input\":{\"@type\":\"PropertyValueSpecification\",\"valueRequired\":true,\"valueName\":\"search_term_string\"}}],\"inLanguage\":\"es\"},{\"@type\":\"Organization\",\"@id\":\"https:\\\/\\\/lospoliticosveracruz.com\\\/#organization\",\"name\":\"Los pol\u00edticos Veracruz\",\"url\":\"https:\\\/\\\/lospoliticosveracruz.com\\\/\",\"logo\":{\"@type\":\"ImageObject\",\"inLanguage\":\"es\",\"@id\":\"https:\\\/\\\/lospoliticosveracruz.com\\\/#\\\/schema\\\/logo\\\/image\\\/\",\"url\":\"https:\\\/\\\/lospoliticosveracruz.com\\\/wp-content\\\/uploads\\\/2025\\\/12\\\/Logo-Nuevo-LOS-POLITICOS-1.jpg\",\"contentUrl\":\"https:\\\/\\\/lospoliticosveracruz.com\\\/wp-content\\\/uploads\\\/2025\\\/12\\\/Logo-Nuevo-LOS-POLITICOS-1.jpg\",\"width\":260,\"height\":70,\"caption\":\"Los pol\u00edticos Veracruz\"},\"image\":{\"@id\":\"https:\\\/\\\/lospoliticosveracruz.com\\\/#\\\/schema\\\/logo\\\/image\\\/\"},\"sameAs\":[\"https:\\\/\\\/www.facebook.com\\\/people\\\/Notimemes-de-los-Polticos\\\/61565672886568\\\/\",\"https:\\\/\\\/x.com\\\/LosPoliticosVer\"]},{\"@type\":\"Person\",\"@id\":\"https:\\\/\\\/lospoliticosveracruz.com\\\/#\\\/schema\\\/person\\\/b8702bb0e538456e6efd07080bf2a4a2\",\"name\":\"Lo viste en Los Pol\u00edticos\",\"image\":{\"@type\":\"ImageObject\",\"inLanguage\":\"es\",\"@id\":\"https:\\\/\\\/secure.gravatar.com\\\/avatar\\\/3a8de04a2656d44082be478bd6c086daa447c4651605818287b9532d3d0bd435?s=96&d=mm&r=g\",\"url\":\"https:\\\/\\\/secure.gravatar.com\\\/avatar\\\/3a8de04a2656d44082be478bd6c086daa447c4651605818287b9532d3d0bd435?s=96&d=mm&r=g\",\"contentUrl\":\"https:\\\/\\\/secure.gravatar.com\\\/avatar\\\/3a8de04a2656d44082be478bd6c086daa447c4651605818287b9532d3d0bd435?s=96&d=mm&r=g\",\"caption\":\"Lo viste en Los Pol\u00edticos\"},\"url\":\"https:\\\/\\\/lospoliticosveracruz.com\\\/?author=2\"}]}<\/script>\n<!-- \/ Yoast SEO plugin. -->","yoast_head_json":{"title":"OTRA DERROTA PARA AMLO - Los pol\u00edticos Veracruz","robots":{"index":"index","follow":"follow","max-snippet":"max-snippet:-1","max-image-preview":"max-image-preview:large","max-video-preview":"max-video-preview:-1"},"canonical":"https:\/\/lospoliticosveracruz.com\/?p=105051","og_locale":"es_ES","og_type":"article","og_title":"OTRA DERROTA PARA AMLO - Los pol\u00edticos Veracruz","og_description":"Miguel \u00c1ngel G\u00f3mez Ruiz Contrapunto Resulta inquietante la forma en c\u00f3mo act\u00faa el presidente L\u00f3pez Obrador cuando las cosas no le resultan. Y es que la Suprema Corte de Justicia de la Naci\u00f3n (SCJN) le propin\u00f3 un nuevo rev\u00e9s al no avalar que la Guardia Nacional forme parte de la Secretar\u00eda de la Defensa Nacional [&hellip;]","og_url":"https:\/\/lospoliticosveracruz.com\/?p=105051","og_site_name":"Los pol\u00edticos Veracruz","article_publisher":"https:\/\/www.facebook.com\/people\/Notimemes-de-los-Polticos\/61565672886568\/","article_published_time":"2023-04-19T22:00:28+00:00","article_modified_time":"2023-04-19T22:00:37+00:00","og_image":[{"url":"https:\/\/lospoliticosveracruz.com.mx\/wp-content\/uploads\/2023\/02\/Estancia-190x300.jpg","type":"","width":"","height":""}],"author":"Lo viste en Los Pol\u00edticos","twitter_card":"summary_large_image","twitter_creator":"@LosPoliticosVer","twitter_site":"@LosPoliticosVer","twitter_misc":{"Escrito por":"Lo viste en Los Pol\u00edticos","Tiempo de lectura":"5 minutos"},"schema":{"@context":"https:\/\/schema.org","@graph":[{"@type":"Article","@id":"https:\/\/lospoliticosveracruz.com\/?p=105051#article","isPartOf":{"@id":"https:\/\/lospoliticosveracruz.com\/?p=105051"},"author":{"name":"Lo viste en Los Pol\u00edticos","@id":"https:\/\/lospoliticosveracruz.com\/#\/schema\/person\/b8702bb0e538456e6efd07080bf2a4a2"},"headline":"OTRA DERROTA PARA AMLO","datePublished":"2023-04-19T22:00:28+00:00","dateModified":"2023-04-19T22:00:37+00:00","mainEntityOfPage":{"@id":"https:\/\/lospoliticosveracruz.com\/?p=105051"},"wordCount":961,"publisher":{"@id":"https:\/\/lospoliticosveracruz.com\/#organization"},"image":{"@id":"https:\/\/lospoliticosveracruz.com\/?p=105051#primaryimage"},"thumbnailUrl":"https:\/\/lospoliticosveracruz.com.mx\/wp-content\/uploads\/2023\/02\/Estancia-190x300.jpg","keywords":["Andr\u00e9s Manuel L\u00f3pez Obrador","Guardia Nacional","Miguel \u00c1ngel G\u00f3mez Ruiz","Morena","SCJN","Sedena"],"articleSection":["De Opini\u00f3n"],"inLanguage":"es"},{"@type":"WebPage","@id":"https:\/\/lospoliticosveracruz.com\/?p=105051","url":"https:\/\/lospoliticosveracruz.com\/?p=105051","name":"OTRA DERROTA PARA AMLO - Los pol\u00edticos Veracruz","isPartOf":{"@id":"https:\/\/lospoliticosveracruz.com\/#website"},"primaryImageOfPage":{"@id":"https:\/\/lospoliticosveracruz.com\/?p=105051#primaryimage"},"image":{"@id":"https:\/\/lospoliticosveracruz.com\/?p=105051#primaryimage"},"thumbnailUrl":"https:\/\/lospoliticosveracruz.com.mx\/wp-content\/uploads\/2023\/02\/Estancia-190x300.jpg","datePublished":"2023-04-19T22:00:28+00:00","dateModified":"2023-04-19T22:00:37+00:00","breadcrumb":{"@id":"https:\/\/lospoliticosveracruz.com\/?p=105051#breadcrumb"},"inLanguage":"es","potentialAction":[{"@type":"ReadAction","target":["https:\/\/lospoliticosveracruz.com\/?p=105051"]}]},{"@type":"ImageObject","inLanguage":"es","@id":"https:\/\/lospoliticosveracruz.com\/?p=105051#primaryimage","url":"https:\/\/lospoliticosveracruz.com.mx\/wp-content\/uploads\/2023\/02\/Estancia-190x300.jpg","contentUrl":"https:\/\/lospoliticosveracruz.com.mx\/wp-content\/uploads\/2023\/02\/Estancia-190x300.jpg"},{"@type":"BreadcrumbList","@id":"https:\/\/lospoliticosveracruz.com\/?p=105051#breadcrumb","itemListElement":[{"@type":"ListItem","position":1,"name":"Portada","item":"https:\/\/lospoliticosveracruz.com\/"},{"@type":"ListItem","position":2,"name":"OTRA DERROTA PARA AMLO"}]},{"@type":"WebSite","@id":"https:\/\/lospoliticosveracruz.com\/#website","url":"https:\/\/lospoliticosveracruz.com\/","name":"Los pol\u00edticos Veracruz","description":"","publisher":{"@id":"https:\/\/lospoliticosveracruz.com\/#organization"},"potentialAction":[{"@type":"SearchAction","target":{"@type":"EntryPoint","urlTemplate":"https:\/\/lospoliticosveracruz.com\/?s={search_term_string}"},"query-input":{"@type":"PropertyValueSpecification","valueRequired":true,"valueName":"search_term_string"}}],"inLanguage":"es"},{"@type":"Organization","@id":"https:\/\/lospoliticosveracruz.com\/#organization","name":"Los pol\u00edticos Veracruz","url":"https:\/\/lospoliticosveracruz.com\/","logo":{"@type":"ImageObject","inLanguage":"es","@id":"https:\/\/lospoliticosveracruz.com\/#\/schema\/logo\/image\/","url":"https:\/\/lospoliticosveracruz.com\/wp-content\/uploads\/2025\/12\/Logo-Nuevo-LOS-POLITICOS-1.jpg","contentUrl":"https:\/\/lospoliticosveracruz.com\/wp-content\/uploads\/2025\/12\/Logo-Nuevo-LOS-POLITICOS-1.jpg","width":260,"height":70,"caption":"Los pol\u00edticos Veracruz"},"image":{"@id":"https:\/\/lospoliticosveracruz.com\/#\/schema\/logo\/image\/"},"sameAs":["https:\/\/www.facebook.com\/people\/Notimemes-de-los-Polticos\/61565672886568\/","https:\/\/x.com\/LosPoliticosVer"]},{"@type":"Person","@id":"https:\/\/lospoliticosveracruz.com\/#\/schema\/person\/b8702bb0e538456e6efd07080bf2a4a2","name":"Lo viste en Los Pol\u00edticos","image":{"@type":"ImageObject","inLanguage":"es","@id":"https:\/\/secure.gravatar.com\/avatar\/3a8de04a2656d44082be478bd6c086daa447c4651605818287b9532d3d0bd435?s=96&d=mm&r=g","url":"https:\/\/secure.gravatar.com\/avatar\/3a8de04a2656d44082be478bd6c086daa447c4651605818287b9532d3d0bd435?s=96&d=mm&r=g","contentUrl":"https:\/\/secure.gravatar.com\/avatar\/3a8de04a2656d44082be478bd6c086daa447c4651605818287b9532d3d0bd435?s=96&d=mm&r=g","caption":"Lo viste en Los Pol\u00edticos"},"url":"https:\/\/lospoliticosveracruz.com\/?author=2"}]}},"_links":{"self":[{"href":"https:\/\/lospoliticosveracruz.com\/index.php?rest_route=\/wp\/v2\/posts\/105051","targetHints":{"allow":["GET"]}}],"collection":[{"href":"https:\/\/lospoliticosveracruz.com\/index.php?rest_route=\/wp\/v2\/posts"}],"about":[{"href":"https:\/\/lospoliticosveracruz.com\/index.php?rest_route=\/wp\/v2\/types\/post"}],"author":[{"embeddable":true,"href":"https:\/\/lospoliticosveracruz.com\/index.php?rest_route=\/wp\/v2\/users\/2"}],"replies":[{"embeddable":true,"href":"https:\/\/lospoliticosveracruz.com\/index.php?rest_route=%2Fwp%2Fv2%2Fcomments&post=105051"}],"version-history":[{"count":1,"href":"https:\/\/lospoliticosveracruz.com\/index.php?rest_route=\/wp\/v2\/posts\/105051\/revisions"}],"predecessor-version":[{"id":105052,"href":"https:\/\/lospoliticosveracruz.com\/index.php?rest_route=\/wp\/v2\/posts\/105051\/revisions\/105052"}],"wp:attachment":[{"href":"https:\/\/lospoliticosveracruz.com\/index.php?rest_route=%2Fwp%2Fv2%2Fmedia&parent=105051"}],"wp:term":[{"taxonomy":"category","embeddable":true,"href":"https:\/\/lospoliticosveracruz.com\/index.php?rest_route=%2Fwp%2Fv2%2Fcategories&post=105051"},{"taxonomy":"post_tag","embeddable":true,"href":"https:\/\/lospoliticosveracruz.com\/index.php?rest_route=%2Fwp%2Fv2%2Ftags&post=105051"}],"curies":[{"name":"wp","href":"https:\/\/api.w.org\/{rel}","templated":true}]}}