{"id":105195,"date":"2023-04-24T08:51:28","date_gmt":"2023-04-24T13:51:28","guid":{"rendered":"https:\/\/lospoliticosveracruz.com.mx\/?p=105195"},"modified":"2023-04-24T08:51:32","modified_gmt":"2023-04-24T13:51:32","slug":"si-el-mexico-bronco-no-ha-despertado-las-mujeres-si","status":"publish","type":"post","link":"https:\/\/lospoliticosveracruz.com\/?p=105195","title":{"rendered":"SI EL M\u00c9XICO BRONCO no ha despertado, las mujeres s\u00ed"},"content":{"rendered":"\n<p><strong>Bernardo Guti\u00e9rrez Parra<br><\/strong><em>Desde el Caf\u00e9<\/em><\/p>\n\n\n\n<p>En menos de setenta y dos horas se cometieron en Veracruz dos feminicidios que quiz\u00e1 en otros tiempos, cuando cont\u00e1bamos a\u00fan con la capacidad de asombro, hubieran cimbrado a la sociedad veracruzana e incluso a todo el pa\u00eds. Pero no ahora, cuando estos asesinatos simplemente pasan a formar parte de las estad\u00edsticas.<\/p>\n\n\n\n<figure class=\"wp-block-embed is-type-video is-provider-youtube wp-block-embed-youtube wp-embed-aspect-16-9 wp-has-aspect-ratio\"><div class=\"wp-block-embed__wrapper\">\n<iframe loading=\"lazy\" title=\"Cluster Coworking\" width=\"696\" height=\"392\" src=\"https:\/\/www.youtube.com\/embed\/Nxe-vxf8GuY?feature=oembed\" frameborder=\"0\" allow=\"accelerometer; autoplay; clipboard-write; encrypted-media; gyroscope; picture-in-picture; web-share\" referrerpolicy=\"strict-origin-when-cross-origin\" allowfullscreen><\/iframe>\n<\/div><\/figure>\n\n\n\n<p>El primero ocurri\u00f3 en Tecolutla y la v\u00edctima fue Estefany, una ni\u00f1a de 13 a\u00f1os ultimada a pu\u00f1aladas el jueves anterior a eso del mediod\u00eda, en una c\u00e9ntrica calle y a dos cuadras del Palacio Municipal, mientras circulaba en su bicicleta.<\/p>\n\n\n\n<p>El presunto asesino es un mozalbete de 15 a\u00f1os, compa\u00f1ero de escuela de la menor, que la acuchill\u00f3 hasta matarla porque al parecer no hizo caso a sus pretensiones amorosas.<\/p>\n\n\n\n<p>Como sucede en estos casos, la polic\u00eda se vio lerda y quienes detuvieron al agresor fueron sus padres que lo entregaron a las autoridades.<\/p>\n\n\n\n<p>El otro feminicidio se cometi\u00f3 en Xalapa este s\u00e1bado en el domicilio de la enfermera Yarazeth Zepeda Garc\u00eda de 37 a\u00f1os, originaria de Papantla, que trabajaba en el Centro Estatal de Cancerolog\u00eda y estaba a cargo de la atenci\u00f3n a los ni\u00f1os con c\u00e1ncer.<\/p>\n\n\n\n<p>De acuerdo con versiones, los vecinos escucharon los gritos de auxilio de la joven, luego el ruido del motor del auto de la v\u00edctima que sali\u00f3 a gran velocidad.<\/p>\n\n\n\n<p>Antes del asesinato, la enfermera hab\u00eda sufrido hasta en tres ocasiones de robo en su domicilio y denunci\u00f3 los hechos en la Fiscal\u00eda General del Estado que simplemente no actu\u00f3.<\/p>\n\n\n\n<p>Hoy Yarazeth lo mismo que Estefany ya no viven.<\/p>\n\n\n\n<p>Si es encontrado culpable, el mozalbete que presuntamente asesin\u00f3 a Estefany saldr\u00e1 de prisi\u00f3n en cinco a\u00f1os porque as\u00ed lo estipula la ley. Y como la ley es la ley pues ni modo. Con ello habr\u00e1 saldado su mortal ataque que le trunc\u00f3 la vida a una ni\u00f1a.<\/p>\n\n\n\n<p>En contrapunto, el asesino o asesinos de Yarazeth pueden alcanzar hasta 60 a\u00f1os de prisi\u00f3n\u2026 si los encuentran.<\/p>\n\n\n\n<p>Familiares y amigos de Estefany bloquearon la entrada principal a Tecolutla en demanda de justicia. Y en Xalapa, familiares y amigos de Yarazeth realizaron una manifestaci\u00f3n en demanda de lo mismo, mientras las autoridades hacen como que la Virgen les habla.<\/p>\n\n\n\n<p>Digo, para qu\u00e9 nos hacemos tarugos. Por mucho que parloteen los jilgueros del gobierno sobre lo seguro que es Veracruz para vivir, lo cierto es que la entidad es un infierno para las mujeres porque no hay autoridad que las proteja. Y aqu\u00ed cabe parafrasear al gobernador Cuitl\u00e1huac Garc\u00eda que utiliza con frecuencia la frase: ah\u00ed est\u00e1n los n\u00fameros, ah\u00ed est\u00e1n las estad\u00edsticas.<\/p>\n\n\n\n<p>No nos enga\u00f1emos lector, las veracruzanas est\u00e1n solas. Pero aguas.<\/p>\n\n\n\n<p>Hace poco le\u00ed el comentario de una valiente veracruzana que escribi\u00f3: \u201cA las mujeres nos han quitado tanto que nos quitaron hasta el miedo\u201d.<\/p>\n\n\n\n<p>Si en su tiempo el ide\u00f3logo tuxpe\u00f1o Jes\u00fas Reyes Heroles alert\u00f3 sobre el riesgo de despertar al M\u00e9xico bronco y ese M\u00e9xico sigue en la modorra, las mujeres ya despertaron y sus gritos de c\u00f3lera viva, son apenas el pre\u00e1mbulo de lo que les espera a los machos que junto con una sociedad tambi\u00e9n machista, las han sojuzgado, violentado y asesinado por generaciones.<\/p>\n\n\n\n<p>Y de ribete lo que les espera a las autoridades que tambi\u00e9n por generaciones, no han hecho otra cosa que tratarlas con desvergonzado paternalismo y las han abandonado a su suerte.<\/p>\n\n\n\n<p><strong>Propone Marlon ampliar la alianza opositora<\/strong><\/p>\n\n\n\n<p>Este fin de semana, el dirigente estatal del PRI Marlon Ram\u00edrez Mar\u00edn, estuvo en el norte de la entidad, concretamente en Papantla, donde dijo que se buscar\u00e1 ampliar la alianza opositora para el pr\u00f3ximo proceso electoral, porque \u201cdebemos tener altura de miras y hacer una gran coalici\u00f3n de todos los partidos para enfrentar al gobierno y a su partido\u201d.<\/p>\n\n\n\n<p>\u201cImplementaron la estrategia de dividirnos, de fracturarnos y hacer \u2018partiditos\u2019, pero hoy eso ya no va a estar. Debemos hacer una gran alianza con priistas, panistas, perredistas, con integrantes de Movimiento Ciudadano y del Partido Verde, con todos los partidos, para ir por la presidencia y por la gubernatura en 2024\u201d, dijo ante militantes de Papantla.<\/p>\n\n\n\n<p>Detall\u00f3 que hoy en el Gobierno de Veracruz est\u00e1n preocupados porque la alianza PAN-PRI-PRD en la elecci\u00f3n estatal pasada, obtuvo 1 mill\u00f3n 100 mil votos, mientras que los partidos nuevos creados en su mayor\u00eda por priistas obtuvieron 378 mil votos, los que si se hubieran sumado a la alianza Veracruz Va habr\u00eda obtenido 1 mill\u00f3n 478 mil votos, m\u00e1s los 300 mil votos de Movimiento Ciudadano, se habr\u00eda alcanzado 1 mill\u00f3n 738 mil votos, que hubiera superado el 1 mill\u00f3n 300 mil votos del partido y su alianza hoy en el poder.<\/p>\n\n\n\n<p>Marlon hizo una invitaci\u00f3n a los que en 2018 escucharon el canto de las sirenas y se fueron a otros partidos pues \u201cmientras m\u00e1s seamos mejor nos va a ir, unidos somos m\u00e1s fuertes, lo que es s\u00f3lido y monol\u00edtico es m\u00e1s fuerte, y el PRI es un partido fuerte que tiene su responsabilidad hist\u00f3rica e institucional\u201d.<\/p>\n\n\n\n<p>Asimismo, indic\u00f3 que en el Congreso local los diputados del PRI han asumido de manera responsable la tarea encomendada gracias a los votos de quienes les dieron la oportunidad de representarlos, \u201cY encontramos que se estaban robando el dinero. M\u00e1s de 1,800 millones de pesos este gobierno dej\u00f3 de gastar en tres a\u00f1os, en n\u00fameros de la Auditor\u00eda Superior de la Federaci\u00f3n (ASF), dinero devuelto que pudo utilizarse para hacer una cl\u00ednica para la zona norte del estado\u201d.<\/p>\n\n\n\n<p><strong>En pausa el relevo en el PRI<\/strong><\/p>\n\n\n\n<p>Y ya que estoy hablando del PRI, lector, hace cuatro a\u00f1os por estas fechas, al menos cinco aspirantes a dirigir al tricolor en Veracruz andaban muy movidos: Carlos Aceves, Adolfo Ram\u00edrez, Elisa Rodr\u00edguez, Damara G\u00f3mez y Marlon Ram\u00edrez que result\u00f3 ganador.<\/p>\n\n\n\n<p>El pr\u00f3ximo 14 de mayo Marlon entregar\u00e1 la estafeta a su sucesor, el problema es que no se sabe a qui\u00e9n porque falta la enjundia que sobraba en 2019.<\/p>\n\n\n\n<p>Los nombres que se barajan son los de Fernando Kuri, Cirilo V\u00e1zquez, otra vez Adolfo Ram\u00edrez y Carlos Aceves; la diputada federal Lorena Pi\u00f1\u00f3n y Ram\u00f3n Reyes Viveros, pero todos parecen estar aletargados.<\/p>\n\n\n\n<p><strong>\u00bfQu\u00e9 pasa en el PRI?<\/strong><\/p>\n\n\n\n<p>Pues que est\u00e1 en pausa cuando falta menos de un mes para el relevo de su dirigencia.<\/p>\n\n\n\n<p>Es un hecho que la elecci\u00f3n del nuevo dirigente no ser\u00e1 mediante el voto de su militancia como se hizo en 2019 por la sencilla raz\u00f3n de que ya no hay tiempo. Y como que tampoco lo hay para que se re\u00fanan los delegados y elijan al sucesor. Por lo que es muy probable que se nombre a un delegado con funciones de dirigente estatal que durar\u00eda en el cargo hasta despu\u00e9s de las elecciones del 2024. Y que \u00e9ste podr\u00eda ser\u2026 Marlon Ram\u00edrez Mar\u00edn.<\/p>\n\n\n\n<p>Veremos, dijo un ciego.<\/p>\n\n\n\n<p>bernardogup@hotmail.com<\/p>\n","protected":false},"excerpt":{"rendered":"<p>Bernardo Guti\u00e9rrez ParraDesde el Caf\u00e9 En menos de setenta y dos horas se cometieron en Veracruz dos feminicidios que quiz\u00e1 en otros tiempos, cuando cont\u00e1bamos a\u00fan con la capacidad de asombro, hubieran cimbrado a la sociedad veracruzana e incluso a todo el pa\u00eds. Pero no ahora, cuando estos asesinatos simplemente pasan a formar parte de [&hellip;]<\/p>\n","protected":false},"author":2,"featured_media":0,"comment_status":"closed","ping_status":"closed","sticky":false,"template":"","format":"standard","meta":{"tdm_status":"","tdm_grid_status":"","footnotes":""},"categories":[70],"tags":[34206,6231,14667,12809,38009,826,9407,2908],"class_list":{"0":"post-105195","1":"post","2":"type-post","3":"status-publish","4":"format-standard","6":"category-de-opinion","7":"tag-bernardo-gutierrez-parra","8":"tag-carlos-aceves","9":"tag-cirilo-vazquez","10":"tag-damara-gomez","11":"tag-elisa-rodriguez","12":"tag-feminicidios","13":"tag-fernando-kuri","14":"tag-marlon-ramirez-marin"},"yoast_head":"<!-- This site is optimized with the Yoast SEO plugin v27.4 - https:\/\/yoast.com\/product\/yoast-seo-wordpress\/ -->\n<title>SI EL M\u00c9XICO BRONCO no ha despertado, las mujeres s\u00ed - Los pol\u00edticos Veracruz<\/title>\n<meta name=\"robots\" content=\"index, follow, max-snippet:-1, max-image-preview:large, max-video-preview:-1\" \/>\n<link rel=\"canonical\" href=\"https:\/\/lospoliticosveracruz.com\/?p=105195\" \/>\n<meta property=\"og:locale\" content=\"es_ES\" \/>\n<meta property=\"og:type\" content=\"article\" \/>\n<meta property=\"og:title\" content=\"SI EL M\u00c9XICO BRONCO no ha despertado, las mujeres s\u00ed - Los pol\u00edticos Veracruz\" \/>\n<meta property=\"og:description\" content=\"Bernardo Guti\u00e9rrez ParraDesde el Caf\u00e9 En menos de setenta y dos horas se cometieron en Veracruz dos feminicidios que quiz\u00e1 en otros tiempos, cuando cont\u00e1bamos a\u00fan con la capacidad de asombro, hubieran cimbrado a la sociedad veracruzana e incluso a todo el pa\u00eds. Pero no ahora, cuando estos asesinatos simplemente pasan a formar parte de [&hellip;]\" \/>\n<meta property=\"og:url\" content=\"https:\/\/lospoliticosveracruz.com\/?p=105195\" \/>\n<meta property=\"og:site_name\" content=\"Los pol\u00edticos Veracruz\" \/>\n<meta property=\"article:publisher\" content=\"https:\/\/www.facebook.com\/people\/Notimemes-de-los-Polticos\/61565672886568\/\" \/>\n<meta property=\"article:published_time\" content=\"2023-04-24T13:51:28+00:00\" \/>\n<meta property=\"article:modified_time\" content=\"2023-04-24T13:51:32+00:00\" \/>\n<meta property=\"og:image\" content=\"https:\/\/lospoliticosveracruz.com\/wp-content\/uploads\/2016\/07\/Logo-Dor.jpg\" \/>\n\t<meta property=\"og:image:width\" content=\"200\" \/>\n\t<meta property=\"og:image:height\" content=\"200\" \/>\n\t<meta property=\"og:image:type\" content=\"image\/jpeg\" \/>\n<meta name=\"author\" content=\"Lo viste en Los Pol\u00edticos\" \/>\n<meta name=\"twitter:card\" content=\"summary_large_image\" \/>\n<meta name=\"twitter:creator\" content=\"@LosPoliticosVer\" \/>\n<meta name=\"twitter:site\" content=\"@LosPoliticosVer\" \/>\n<meta name=\"twitter:label1\" content=\"Escrito por\" \/>\n\t<meta name=\"twitter:data1\" content=\"Lo viste en Los Pol\u00edticos\" \/>\n\t<meta name=\"twitter:label2\" content=\"Tiempo de lectura\" \/>\n\t<meta name=\"twitter:data2\" content=\"6 minutos\" \/>\n<script type=\"application\/ld+json\" class=\"yoast-schema-graph\">{\"@context\":\"https:\\\/\\\/schema.org\",\"@graph\":[{\"@type\":\"Article\",\"@id\":\"https:\\\/\\\/lospoliticosveracruz.com\\\/?p=105195#article\",\"isPartOf\":{\"@id\":\"https:\\\/\\\/lospoliticosveracruz.com\\\/?p=105195\"},\"author\":{\"name\":\"Lo viste en Los Pol\u00edticos\",\"@id\":\"https:\\\/\\\/lospoliticosveracruz.com\\\/#\\\/schema\\\/person\\\/b8702bb0e538456e6efd07080bf2a4a2\"},\"headline\":\"SI EL M\u00c9XICO BRONCO no ha despertado, las mujeres s\u00ed\",\"datePublished\":\"2023-04-24T13:51:28+00:00\",\"dateModified\":\"2023-04-24T13:51:32+00:00\",\"mainEntityOfPage\":{\"@id\":\"https:\\\/\\\/lospoliticosveracruz.com\\\/?p=105195\"},\"wordCount\":1223,\"publisher\":{\"@id\":\"https:\\\/\\\/lospoliticosveracruz.com\\\/#organization\"},\"keywords\":[\"Bernardo Guti\u00e9rrez Parra\",\"Carlos Aceves\",\"Cirilo V\u00e1zquez\",\"Damara G\u00f3mez\",\"Elisa Rodr\u00edguez\",\"feminicidios\",\"Fernando Kuri\",\"Marlon Ram\u00edrez Mar\u00edn\"],\"articleSection\":[\"De Opini\u00f3n\"],\"inLanguage\":\"es\"},{\"@type\":\"WebPage\",\"@id\":\"https:\\\/\\\/lospoliticosveracruz.com\\\/?p=105195\",\"url\":\"https:\\\/\\\/lospoliticosveracruz.com\\\/?p=105195\",\"name\":\"SI EL M\u00c9XICO BRONCO no ha despertado, las mujeres s\u00ed - Los pol\u00edticos Veracruz\",\"isPartOf\":{\"@id\":\"https:\\\/\\\/lospoliticosveracruz.com\\\/#website\"},\"datePublished\":\"2023-04-24T13:51:28+00:00\",\"dateModified\":\"2023-04-24T13:51:32+00:00\",\"breadcrumb\":{\"@id\":\"https:\\\/\\\/lospoliticosveracruz.com\\\/?p=105195#breadcrumb\"},\"inLanguage\":\"es\",\"potentialAction\":[{\"@type\":\"ReadAction\",\"target\":[\"https:\\\/\\\/lospoliticosveracruz.com\\\/?p=105195\"]}]},{\"@type\":\"BreadcrumbList\",\"@id\":\"https:\\\/\\\/lospoliticosveracruz.com\\\/?p=105195#breadcrumb\",\"itemListElement\":[{\"@type\":\"ListItem\",\"position\":1,\"name\":\"Portada\",\"item\":\"https:\\\/\\\/lospoliticosveracruz.com\\\/\"},{\"@type\":\"ListItem\",\"position\":2,\"name\":\"SI EL M\u00c9XICO BRONCO no ha despertado, las mujeres s\u00ed\"}]},{\"@type\":\"WebSite\",\"@id\":\"https:\\\/\\\/lospoliticosveracruz.com\\\/#website\",\"url\":\"https:\\\/\\\/lospoliticosveracruz.com\\\/\",\"name\":\"Los pol\u00edticos Veracruz\",\"description\":\"\",\"publisher\":{\"@id\":\"https:\\\/\\\/lospoliticosveracruz.com\\\/#organization\"},\"potentialAction\":[{\"@type\":\"SearchAction\",\"target\":{\"@type\":\"EntryPoint\",\"urlTemplate\":\"https:\\\/\\\/lospoliticosveracruz.com\\\/?s={search_term_string}\"},\"query-input\":{\"@type\":\"PropertyValueSpecification\",\"valueRequired\":true,\"valueName\":\"search_term_string\"}}],\"inLanguage\":\"es\"},{\"@type\":\"Organization\",\"@id\":\"https:\\\/\\\/lospoliticosveracruz.com\\\/#organization\",\"name\":\"Los pol\u00edticos Veracruz\",\"url\":\"https:\\\/\\\/lospoliticosveracruz.com\\\/\",\"logo\":{\"@type\":\"ImageObject\",\"inLanguage\":\"es\",\"@id\":\"https:\\\/\\\/lospoliticosveracruz.com\\\/#\\\/schema\\\/logo\\\/image\\\/\",\"url\":\"https:\\\/\\\/lospoliticosveracruz.com\\\/wp-content\\\/uploads\\\/2025\\\/12\\\/Logo-Nuevo-LOS-POLITICOS-1.jpg\",\"contentUrl\":\"https:\\\/\\\/lospoliticosveracruz.com\\\/wp-content\\\/uploads\\\/2025\\\/12\\\/Logo-Nuevo-LOS-POLITICOS-1.jpg\",\"width\":260,\"height\":70,\"caption\":\"Los pol\u00edticos Veracruz\"},\"image\":{\"@id\":\"https:\\\/\\\/lospoliticosveracruz.com\\\/#\\\/schema\\\/logo\\\/image\\\/\"},\"sameAs\":[\"https:\\\/\\\/www.facebook.com\\\/people\\\/Notimemes-de-los-Polticos\\\/61565672886568\\\/\",\"https:\\\/\\\/x.com\\\/LosPoliticosVer\"]},{\"@type\":\"Person\",\"@id\":\"https:\\\/\\\/lospoliticosveracruz.com\\\/#\\\/schema\\\/person\\\/b8702bb0e538456e6efd07080bf2a4a2\",\"name\":\"Lo viste en Los Pol\u00edticos\",\"image\":{\"@type\":\"ImageObject\",\"inLanguage\":\"es\",\"@id\":\"https:\\\/\\\/secure.gravatar.com\\\/avatar\\\/3a8de04a2656d44082be478bd6c086daa447c4651605818287b9532d3d0bd435?s=96&d=mm&r=g\",\"url\":\"https:\\\/\\\/secure.gravatar.com\\\/avatar\\\/3a8de04a2656d44082be478bd6c086daa447c4651605818287b9532d3d0bd435?s=96&d=mm&r=g\",\"contentUrl\":\"https:\\\/\\\/secure.gravatar.com\\\/avatar\\\/3a8de04a2656d44082be478bd6c086daa447c4651605818287b9532d3d0bd435?s=96&d=mm&r=g\",\"caption\":\"Lo viste en Los Pol\u00edticos\"},\"url\":\"https:\\\/\\\/lospoliticosveracruz.com\\\/?author=2\"}]}<\/script>\n<!-- \/ Yoast SEO plugin. -->","yoast_head_json":{"title":"SI EL M\u00c9XICO BRONCO no ha despertado, las mujeres s\u00ed - Los pol\u00edticos Veracruz","robots":{"index":"index","follow":"follow","max-snippet":"max-snippet:-1","max-image-preview":"max-image-preview:large","max-video-preview":"max-video-preview:-1"},"canonical":"https:\/\/lospoliticosveracruz.com\/?p=105195","og_locale":"es_ES","og_type":"article","og_title":"SI EL M\u00c9XICO BRONCO no ha despertado, las mujeres s\u00ed - Los pol\u00edticos Veracruz","og_description":"Bernardo Guti\u00e9rrez ParraDesde el Caf\u00e9 En menos de setenta y dos horas se cometieron en Veracruz dos feminicidios que quiz\u00e1 en otros tiempos, cuando cont\u00e1bamos a\u00fan con la capacidad de asombro, hubieran cimbrado a la sociedad veracruzana e incluso a todo el pa\u00eds. Pero no ahora, cuando estos asesinatos simplemente pasan a formar parte de [&hellip;]","og_url":"https:\/\/lospoliticosveracruz.com\/?p=105195","og_site_name":"Los pol\u00edticos Veracruz","article_publisher":"https:\/\/www.facebook.com\/people\/Notimemes-de-los-Polticos\/61565672886568\/","article_published_time":"2023-04-24T13:51:28+00:00","article_modified_time":"2023-04-24T13:51:32+00:00","og_image":[{"width":200,"height":200,"url":"https:\/\/lospoliticosveracruz.com\/wp-content\/uploads\/2016\/07\/Logo-Dor.jpg","type":"image\/jpeg"}],"author":"Lo viste en Los Pol\u00edticos","twitter_card":"summary_large_image","twitter_creator":"@LosPoliticosVer","twitter_site":"@LosPoliticosVer","twitter_misc":{"Escrito por":"Lo viste en Los Pol\u00edticos","Tiempo de lectura":"6 minutos"},"schema":{"@context":"https:\/\/schema.org","@graph":[{"@type":"Article","@id":"https:\/\/lospoliticosveracruz.com\/?p=105195#article","isPartOf":{"@id":"https:\/\/lospoliticosveracruz.com\/?p=105195"},"author":{"name":"Lo viste en Los Pol\u00edticos","@id":"https:\/\/lospoliticosveracruz.com\/#\/schema\/person\/b8702bb0e538456e6efd07080bf2a4a2"},"headline":"SI EL M\u00c9XICO BRONCO no ha despertado, las mujeres s\u00ed","datePublished":"2023-04-24T13:51:28+00:00","dateModified":"2023-04-24T13:51:32+00:00","mainEntityOfPage":{"@id":"https:\/\/lospoliticosveracruz.com\/?p=105195"},"wordCount":1223,"publisher":{"@id":"https:\/\/lospoliticosveracruz.com\/#organization"},"keywords":["Bernardo Guti\u00e9rrez Parra","Carlos Aceves","Cirilo V\u00e1zquez","Damara G\u00f3mez","Elisa Rodr\u00edguez","feminicidios","Fernando Kuri","Marlon Ram\u00edrez Mar\u00edn"],"articleSection":["De Opini\u00f3n"],"inLanguage":"es"},{"@type":"WebPage","@id":"https:\/\/lospoliticosveracruz.com\/?p=105195","url":"https:\/\/lospoliticosveracruz.com\/?p=105195","name":"SI EL M\u00c9XICO BRONCO no ha despertado, las mujeres s\u00ed - Los pol\u00edticos Veracruz","isPartOf":{"@id":"https:\/\/lospoliticosveracruz.com\/#website"},"datePublished":"2023-04-24T13:51:28+00:00","dateModified":"2023-04-24T13:51:32+00:00","breadcrumb":{"@id":"https:\/\/lospoliticosveracruz.com\/?p=105195#breadcrumb"},"inLanguage":"es","potentialAction":[{"@type":"ReadAction","target":["https:\/\/lospoliticosveracruz.com\/?p=105195"]}]},{"@type":"BreadcrumbList","@id":"https:\/\/lospoliticosveracruz.com\/?p=105195#breadcrumb","itemListElement":[{"@type":"ListItem","position":1,"name":"Portada","item":"https:\/\/lospoliticosveracruz.com\/"},{"@type":"ListItem","position":2,"name":"SI EL M\u00c9XICO BRONCO no ha despertado, las mujeres s\u00ed"}]},{"@type":"WebSite","@id":"https:\/\/lospoliticosveracruz.com\/#website","url":"https:\/\/lospoliticosveracruz.com\/","name":"Los pol\u00edticos Veracruz","description":"","publisher":{"@id":"https:\/\/lospoliticosveracruz.com\/#organization"},"potentialAction":[{"@type":"SearchAction","target":{"@type":"EntryPoint","urlTemplate":"https:\/\/lospoliticosveracruz.com\/?s={search_term_string}"},"query-input":{"@type":"PropertyValueSpecification","valueRequired":true,"valueName":"search_term_string"}}],"inLanguage":"es"},{"@type":"Organization","@id":"https:\/\/lospoliticosveracruz.com\/#organization","name":"Los pol\u00edticos Veracruz","url":"https:\/\/lospoliticosveracruz.com\/","logo":{"@type":"ImageObject","inLanguage":"es","@id":"https:\/\/lospoliticosveracruz.com\/#\/schema\/logo\/image\/","url":"https:\/\/lospoliticosveracruz.com\/wp-content\/uploads\/2025\/12\/Logo-Nuevo-LOS-POLITICOS-1.jpg","contentUrl":"https:\/\/lospoliticosveracruz.com\/wp-content\/uploads\/2025\/12\/Logo-Nuevo-LOS-POLITICOS-1.jpg","width":260,"height":70,"caption":"Los pol\u00edticos Veracruz"},"image":{"@id":"https:\/\/lospoliticosveracruz.com\/#\/schema\/logo\/image\/"},"sameAs":["https:\/\/www.facebook.com\/people\/Notimemes-de-los-Polticos\/61565672886568\/","https:\/\/x.com\/LosPoliticosVer"]},{"@type":"Person","@id":"https:\/\/lospoliticosveracruz.com\/#\/schema\/person\/b8702bb0e538456e6efd07080bf2a4a2","name":"Lo viste en Los Pol\u00edticos","image":{"@type":"ImageObject","inLanguage":"es","@id":"https:\/\/secure.gravatar.com\/avatar\/3a8de04a2656d44082be478bd6c086daa447c4651605818287b9532d3d0bd435?s=96&d=mm&r=g","url":"https:\/\/secure.gravatar.com\/avatar\/3a8de04a2656d44082be478bd6c086daa447c4651605818287b9532d3d0bd435?s=96&d=mm&r=g","contentUrl":"https:\/\/secure.gravatar.com\/avatar\/3a8de04a2656d44082be478bd6c086daa447c4651605818287b9532d3d0bd435?s=96&d=mm&r=g","caption":"Lo viste en Los Pol\u00edticos"},"url":"https:\/\/lospoliticosveracruz.com\/?author=2"}]}},"_links":{"self":[{"href":"https:\/\/lospoliticosveracruz.com\/index.php?rest_route=\/wp\/v2\/posts\/105195","targetHints":{"allow":["GET"]}}],"collection":[{"href":"https:\/\/lospoliticosveracruz.com\/index.php?rest_route=\/wp\/v2\/posts"}],"about":[{"href":"https:\/\/lospoliticosveracruz.com\/index.php?rest_route=\/wp\/v2\/types\/post"}],"author":[{"embeddable":true,"href":"https:\/\/lospoliticosveracruz.com\/index.php?rest_route=\/wp\/v2\/users\/2"}],"replies":[{"embeddable":true,"href":"https:\/\/lospoliticosveracruz.com\/index.php?rest_route=%2Fwp%2Fv2%2Fcomments&post=105195"}],"version-history":[{"count":1,"href":"https:\/\/lospoliticosveracruz.com\/index.php?rest_route=\/wp\/v2\/posts\/105195\/revisions"}],"predecessor-version":[{"id":105196,"href":"https:\/\/lospoliticosveracruz.com\/index.php?rest_route=\/wp\/v2\/posts\/105195\/revisions\/105196"}],"wp:attachment":[{"href":"https:\/\/lospoliticosveracruz.com\/index.php?rest_route=%2Fwp%2Fv2%2Fmedia&parent=105195"}],"wp:term":[{"taxonomy":"category","embeddable":true,"href":"https:\/\/lospoliticosveracruz.com\/index.php?rest_route=%2Fwp%2Fv2%2Fcategories&post=105195"},{"taxonomy":"post_tag","embeddable":true,"href":"https:\/\/lospoliticosveracruz.com\/index.php?rest_route=%2Fwp%2Fv2%2Ftags&post=105195"}],"curies":[{"name":"wp","href":"https:\/\/api.w.org\/{rel}","templated":true}]}}