{"id":105197,"date":"2023-04-24T08:56:32","date_gmt":"2023-04-24T13:56:32","guid":{"rendered":"https:\/\/lospoliticosveracruz.com.mx\/?p=105197"},"modified":"2023-04-24T08:56:37","modified_gmt":"2023-04-24T13:56:37","slug":"la-necesidad-del-ivai","status":"publish","type":"post","link":"https:\/\/lospoliticosveracruz.com\/?p=105197","title":{"rendered":"LA NECESIDAD DEL IVAI"},"content":{"rendered":"\n<p><\/p>\n\n\n\n<ul class=\"wp-block-list\">\n<li><\/li>\n<\/ul>\n\n\n\n<p><strong>Omar Z\u00fa\u00f1iga<br><\/strong><em>De Primera Mano<\/em><\/p>\n\n\n\n<p>Derivado del chisme que trae el presidente de la Rep\u00fablica, un tal Andr\u00e9s, en contra del Instituto Nacional de Transparencia, Acceso a la Informaci\u00f3n y Protecci\u00f3n de Datos Personales (INAI), al haber ordenado a sus senadores no dar tr\u00e1mite para la elecci\u00f3n de los consejeros que est\u00e1n pendientes y dejarlo moment\u00e1neamente inoperante, decisi\u00f3n que ha tenido eco en algunas entidades de la Rep\u00fablica, derivado ya sea de una instrucci\u00f3n o por motu proprio, grave cualquiera de las dos.<\/p>\n\n\n<div class=\"wp-block-image\">\n<figure class=\"alignleft size-full is-resized\"><a href=\"https:\/\/lospoliticosveracruz.com.mx\/wp-content\/uploads\/2023\/02\/Vinissimo.jpg\"><img loading=\"lazy\" decoding=\"async\" src=\"https:\/\/lospoliticosveracruz.com.mx\/wp-content\/uploads\/2023\/02\/Vinissimo.jpg\" alt=\"\" class=\"wp-image-102752\" width=\"175\" height=\"178\"\/><\/a><\/figure>\n<\/div>\n\n\n<p><br>Veracruz, lamentablemente no es la excepci\u00f3n, y por ac\u00e1 repiten como pericos lo que de haya escuchan. Y le ponemos el ejemplo de la diputada por Morena Margarita Corro, a la saz\u00f3n presidenta del Congreso local y depositaria del Poder Legislativo del estado Libre y Soberano de Veracruz, a quien le preguntaron su opini\u00f3n sobre el INAI, que recal\u00f3 sobre el IVAI, a lo que dijo sin empacho que \u201c(\u2026) como tenemos el IVAI (\u2026) tendremos que hacer una modificaci\u00f3n a la ley (\u2026) porqu\u00e9 \u00bfen (sic) qu\u00e9 nos sirven esos \u00f3rganos aut\u00f3nomos?\u201d, cuestion\u00f3 y asegur\u00f3 que para 2024 \u201cseremos la mayor\u00eda calificada que necesitamos para hacer las modificaciones constitucionales\u201d\u2026, uuuufffff.<br>Para documentar el optimismo, as\u00ed como Veracruz ocupa el cuarto lugar en importancia por el tama\u00f1o de su padr\u00f3n electoral, tambi\u00e9n ocupa el cuarto lugar en n\u00famero de sujetos obligados en transparencia, que suman en total 394 (18 m\u00e1s que en 2021) entes p\u00fablicos, tanto del Gobierno del Estado, de los poderes Legislativo y Judicial, as\u00ed como ayuntamientos, organismos aut\u00f3nomos (esos que no les gustan a los morenos) partidos, asociaciones pol\u00edticas, sindicatos y fideicomisos, es decir todo el que reciba lana del erario para su operaci\u00f3n.<br>Y como se dejan cosas a la imaginaci\u00f3n, nos remitimos al informe 2022 del IVAI. Nos dice que en ese a\u00f1o se registr\u00f3 un incremento del 59.87 por ciento de solicitudes de informaci\u00f3n con respecto a 2021 y del total de solicitudes, se han publicado 24 mil 165 respuestas, es decir, 75.42 por ciento.<br>Como ya lo hemos publicado en este mismo espacio, 23.64 por ciento de las solicitudes se concentraron en diez sujetos obligados, y de estos el Ayuntamiento de Xalapa result\u00f3 con el mayor n\u00famero de solicitudes recibidas con un total de mil 289 solicitudes (y el que m\u00e1s contest\u00f3 tambi\u00e9n, convirti\u00e9ndose en el m\u00e1s transparente), seguido de las secretar\u00edas de Salud y Educaci\u00f3n.<br>Hubo asimismo, 900 Denuncias por Incumplimiento a las Obligaciones de Transparencia (DIOT), es decir un alza de 212.34 por ciento en comparaci\u00f3n con 2021 y 4 mil 838 recursos de revisi\u00f3n, 207 por ciento m\u00e1s que el periodo anterior y 345 por ciento superior en comparaci\u00f3n con 2020.<br>Los sujetos obligados con mayor n\u00famero de denuncias son los ayuntamientos con 85 por ciento seguido de los OPDs estatales con cuatro por ciento y sus hom\u00f3logos municipales con tres.<br>Es decir, esta numeralia, muestra y demuestra que el IVAI funciona y funciona bien, independientemente de que el Derecho a la Informaci\u00f3n P\u00fablica es un Derecho Humano consagrado en la Constituci\u00f3n General de la Rep\u00fablica y que M\u00e9xico est\u00e1 suscrito a convenios internacionales en la materia.<br>De nada diputada Corro.<\/p>\n\n\n\n<hr class=\"wp-block-separator has-alpha-channel-opacity\"\/>\n\n\n\n<p>Tambi\u00e9n la semana pasada, Alejandro Coss\u00edo, viejo conocido nuestro, fue hostigado por elementos del Ej\u00e9rcito Mexicano en situaci\u00f3n de retiro, armados y vestidos de civil, en la zona del Colegio Cumbres, muy cerca de la plaza El Dorado en la zona conurbada de Veracruz.<br>Coss\u00edo denunci\u00f3 a trav\u00e9s de sus redes sociales la presencia de autos, con gente al parecer armada en las afueras de la mencionada escuela.<br>Derivado de esto, encar\u00f3 a los tripulantes de una camioneta Dodge blanca de modelo reciente tipo pick up (de batea) con tumbaburros, cristales polarizados y placas de circulaci\u00f3n del estado de Chiapas.<br>Finalmente este asunto tuvo una situaci\u00f3n \u00e1lgida el viernes, cuando el empresario veracruzano \u201cencontr\u00f3\u201d al mencionado veh\u00edculo en el estacionamiento de la Iglesia de San Charbel (ubicada atr\u00e1s del Cumbres), encar\u00f3 nuevamente a los tripulantes, los grab\u00f3 en video (que hizo p\u00fablico \u00e9l mismo) y \u00e9stos a su vez, adem\u00e1s de grabarlo y\/o tomarle fotos a su persona, le tomaron a su autom\u00f3vil junto con las placas de circulaci\u00f3n, con el arma de cargo mal disimulada debajo de la guayabera, no conforme con esto, antes subirse de nuevo a la camioneta, quien se identific\u00f3 como Alejandro Policarpo Chabl\u00e9, Sargento Primero, con identificaci\u00f3n oficial de SEDENA, pero que dijo trabajar para una \u201cempresa privada\u201d, le dijo a Coss\u00edo \u2013cu\u00eddeseme mucho-\u2026<br>Platica el mismo Coss\u00edo \u201c(\u2026) tengo un video en donde doy toda la vuelta por la escuela (Cumbres) y no hay guaruras, no hay nadie. Cuando voy a entrar a misa me estaciono y entonces aparece esta camioneta y ya vienen sobre mi persona, directamente y se baja esta persona acomod\u00e1ndose la pistola. Se ve la pistola que trae y entonces se pone a tomar fotos a mi veh\u00edculo. En el video es evidentemente claro lo que sucedi\u00f3\u201d.<br>\u201cEs algo muy delicado, grave y lo que pretendieron, evidentemente, es intimidarme\u201d.<br>Por si fuera poco, otro autom\u00f3vil Dodge tipo Challenger, tambi\u00e9n blanco de modelo reciente con placas de Veracruz, estuvo rondando por el Cumbres.<br>En las condiciones actuales, estimado lector, no s\u00e9 a usted, pero a m\u00ed, esto no me parece una amenaza velada, grave per s\u00e9.<\/p>\n\n\n\n<p>\u00a1Qu\u00e9 barbaridad!<br>deprimera.mano2020@gmail.com<\/p>\n","protected":false},"excerpt":{"rendered":"<p>Omar Z\u00fa\u00f1igaDe Primera Mano Derivado del chisme que trae el presidente de la Rep\u00fablica, un tal Andr\u00e9s, en contra del Instituto Nacional de Transparencia, Acceso a la Informaci\u00f3n y Protecci\u00f3n de Datos Personales (INAI), al haber ordenado a sus senadores no dar tr\u00e1mite para la elecci\u00f3n de los consejeros que est\u00e1n pendientes y dejarlo moment\u00e1neamente [&hellip;]<\/p>\n","protected":false},"author":2,"featured_media":0,"comment_status":"closed","ping_status":"closed","sticky":false,"template":"","format":"standard","meta":{"tdm_status":"","tdm_grid_status":"","footnotes":""},"categories":[70],"tags":[369,10310,985,15942,5578,761],"class_list":{"0":"post-105197","1":"post","2":"type-post","3":"status-publish","4":"format-standard","6":"category-de-opinion","7":"tag-ejercito-mexicano","8":"tag-inai","9":"tag-ivai","10":"tag-mago-corro","11":"tag-naldy-patricia-rodriguez-lagunes","12":"tag-sedena"},"yoast_head":"<!-- This site is optimized with the Yoast SEO plugin v27.4 - https:\/\/yoast.com\/product\/yoast-seo-wordpress\/ -->\n<title>LA NECESIDAD DEL IVAI - Los pol\u00edticos Veracruz<\/title>\n<meta name=\"robots\" content=\"index, follow, max-snippet:-1, max-image-preview:large, max-video-preview:-1\" \/>\n<link rel=\"canonical\" href=\"https:\/\/lospoliticosveracruz.com\/?p=105197\" \/>\n<meta property=\"og:locale\" content=\"es_ES\" \/>\n<meta property=\"og:type\" content=\"article\" \/>\n<meta property=\"og:title\" content=\"LA NECESIDAD DEL IVAI - Los pol\u00edticos Veracruz\" \/>\n<meta property=\"og:description\" content=\"Omar Z\u00fa\u00f1igaDe Primera Mano Derivado del chisme que trae el presidente de la Rep\u00fablica, un tal Andr\u00e9s, en contra del Instituto Nacional de Transparencia, Acceso a la Informaci\u00f3n y Protecci\u00f3n de Datos Personales (INAI), al haber ordenado a sus senadores no dar tr\u00e1mite para la elecci\u00f3n de los consejeros que est\u00e1n pendientes y dejarlo moment\u00e1neamente [&hellip;]\" \/>\n<meta property=\"og:url\" content=\"https:\/\/lospoliticosveracruz.com\/?p=105197\" \/>\n<meta property=\"og:site_name\" content=\"Los pol\u00edticos Veracruz\" \/>\n<meta property=\"article:publisher\" content=\"https:\/\/www.facebook.com\/people\/Notimemes-de-los-Polticos\/61565672886568\/\" \/>\n<meta property=\"article:published_time\" content=\"2023-04-24T13:56:32+00:00\" \/>\n<meta property=\"article:modified_time\" content=\"2023-04-24T13:56:37+00:00\" \/>\n<meta property=\"og:image\" content=\"https:\/\/lospoliticosveracruz.com.mx\/wp-content\/uploads\/2023\/02\/Vinissimo.jpg\" \/>\n<meta name=\"author\" content=\"Lo viste en Los Pol\u00edticos\" \/>\n<meta name=\"twitter:card\" content=\"summary_large_image\" \/>\n<meta name=\"twitter:creator\" content=\"@LosPoliticosVer\" \/>\n<meta name=\"twitter:site\" content=\"@LosPoliticosVer\" \/>\n<meta name=\"twitter:label1\" content=\"Escrito por\" \/>\n\t<meta name=\"twitter:data1\" content=\"Lo viste en Los Pol\u00edticos\" \/>\n\t<meta name=\"twitter:label2\" content=\"Tiempo de lectura\" \/>\n\t<meta name=\"twitter:data2\" content=\"5 minutos\" \/>\n<script type=\"application\/ld+json\" class=\"yoast-schema-graph\">{\"@context\":\"https:\\\/\\\/schema.org\",\"@graph\":[{\"@type\":\"Article\",\"@id\":\"https:\\\/\\\/lospoliticosveracruz.com\\\/?p=105197#article\",\"isPartOf\":{\"@id\":\"https:\\\/\\\/lospoliticosveracruz.com\\\/?p=105197\"},\"author\":{\"name\":\"Lo viste en Los Pol\u00edticos\",\"@id\":\"https:\\\/\\\/lospoliticosveracruz.com\\\/#\\\/schema\\\/person\\\/b8702bb0e538456e6efd07080bf2a4a2\"},\"headline\":\"LA NECESIDAD DEL IVAI\",\"datePublished\":\"2023-04-24T13:56:32+00:00\",\"dateModified\":\"2023-04-24T13:56:37+00:00\",\"mainEntityOfPage\":{\"@id\":\"https:\\\/\\\/lospoliticosveracruz.com\\\/?p=105197\"},\"wordCount\":935,\"publisher\":{\"@id\":\"https:\\\/\\\/lospoliticosveracruz.com\\\/#organization\"},\"image\":{\"@id\":\"https:\\\/\\\/lospoliticosveracruz.com\\\/?p=105197#primaryimage\"},\"thumbnailUrl\":\"https:\\\/\\\/lospoliticosveracruz.com.mx\\\/wp-content\\\/uploads\\\/2023\\\/02\\\/Vinissimo.jpg\",\"keywords\":[\"Ej\u00e9rcito Mexicano\",\"INAI\",\"IVAI\",\"Mago Corro\",\"Naldy Patricia Rodr\u00edguez Lagunes\",\"Sedena\"],\"articleSection\":[\"De Opini\u00f3n\"],\"inLanguage\":\"es\"},{\"@type\":\"WebPage\",\"@id\":\"https:\\\/\\\/lospoliticosveracruz.com\\\/?p=105197\",\"url\":\"https:\\\/\\\/lospoliticosveracruz.com\\\/?p=105197\",\"name\":\"LA NECESIDAD DEL IVAI - Los pol\u00edticos Veracruz\",\"isPartOf\":{\"@id\":\"https:\\\/\\\/lospoliticosveracruz.com\\\/#website\"},\"primaryImageOfPage\":{\"@id\":\"https:\\\/\\\/lospoliticosveracruz.com\\\/?p=105197#primaryimage\"},\"image\":{\"@id\":\"https:\\\/\\\/lospoliticosveracruz.com\\\/?p=105197#primaryimage\"},\"thumbnailUrl\":\"https:\\\/\\\/lospoliticosveracruz.com.mx\\\/wp-content\\\/uploads\\\/2023\\\/02\\\/Vinissimo.jpg\",\"datePublished\":\"2023-04-24T13:56:32+00:00\",\"dateModified\":\"2023-04-24T13:56:37+00:00\",\"breadcrumb\":{\"@id\":\"https:\\\/\\\/lospoliticosveracruz.com\\\/?p=105197#breadcrumb\"},\"inLanguage\":\"es\",\"potentialAction\":[{\"@type\":\"ReadAction\",\"target\":[\"https:\\\/\\\/lospoliticosveracruz.com\\\/?p=105197\"]}]},{\"@type\":\"ImageObject\",\"inLanguage\":\"es\",\"@id\":\"https:\\\/\\\/lospoliticosveracruz.com\\\/?p=105197#primaryimage\",\"url\":\"https:\\\/\\\/lospoliticosveracruz.com.mx\\\/wp-content\\\/uploads\\\/2023\\\/02\\\/Vinissimo.jpg\",\"contentUrl\":\"https:\\\/\\\/lospoliticosveracruz.com.mx\\\/wp-content\\\/uploads\\\/2023\\\/02\\\/Vinissimo.jpg\"},{\"@type\":\"BreadcrumbList\",\"@id\":\"https:\\\/\\\/lospoliticosveracruz.com\\\/?p=105197#breadcrumb\",\"itemListElement\":[{\"@type\":\"ListItem\",\"position\":1,\"name\":\"Portada\",\"item\":\"https:\\\/\\\/lospoliticosveracruz.com\\\/\"},{\"@type\":\"ListItem\",\"position\":2,\"name\":\"LA NECESIDAD DEL IVAI\"}]},{\"@type\":\"WebSite\",\"@id\":\"https:\\\/\\\/lospoliticosveracruz.com\\\/#website\",\"url\":\"https:\\\/\\\/lospoliticosveracruz.com\\\/\",\"name\":\"Los pol\u00edticos Veracruz\",\"description\":\"\",\"publisher\":{\"@id\":\"https:\\\/\\\/lospoliticosveracruz.com\\\/#organization\"},\"potentialAction\":[{\"@type\":\"SearchAction\",\"target\":{\"@type\":\"EntryPoint\",\"urlTemplate\":\"https:\\\/\\\/lospoliticosveracruz.com\\\/?s={search_term_string}\"},\"query-input\":{\"@type\":\"PropertyValueSpecification\",\"valueRequired\":true,\"valueName\":\"search_term_string\"}}],\"inLanguage\":\"es\"},{\"@type\":\"Organization\",\"@id\":\"https:\\\/\\\/lospoliticosveracruz.com\\\/#organization\",\"name\":\"Los pol\u00edticos Veracruz\",\"url\":\"https:\\\/\\\/lospoliticosveracruz.com\\\/\",\"logo\":{\"@type\":\"ImageObject\",\"inLanguage\":\"es\",\"@id\":\"https:\\\/\\\/lospoliticosveracruz.com\\\/#\\\/schema\\\/logo\\\/image\\\/\",\"url\":\"https:\\\/\\\/lospoliticosveracruz.com\\\/wp-content\\\/uploads\\\/2025\\\/12\\\/Logo-Nuevo-LOS-POLITICOS-1.jpg\",\"contentUrl\":\"https:\\\/\\\/lospoliticosveracruz.com\\\/wp-content\\\/uploads\\\/2025\\\/12\\\/Logo-Nuevo-LOS-POLITICOS-1.jpg\",\"width\":260,\"height\":70,\"caption\":\"Los pol\u00edticos Veracruz\"},\"image\":{\"@id\":\"https:\\\/\\\/lospoliticosveracruz.com\\\/#\\\/schema\\\/logo\\\/image\\\/\"},\"sameAs\":[\"https:\\\/\\\/www.facebook.com\\\/people\\\/Notimemes-de-los-Polticos\\\/61565672886568\\\/\",\"https:\\\/\\\/x.com\\\/LosPoliticosVer\"]},{\"@type\":\"Person\",\"@id\":\"https:\\\/\\\/lospoliticosveracruz.com\\\/#\\\/schema\\\/person\\\/b8702bb0e538456e6efd07080bf2a4a2\",\"name\":\"Lo viste en Los Pol\u00edticos\",\"image\":{\"@type\":\"ImageObject\",\"inLanguage\":\"es\",\"@id\":\"https:\\\/\\\/secure.gravatar.com\\\/avatar\\\/3a8de04a2656d44082be478bd6c086daa447c4651605818287b9532d3d0bd435?s=96&d=mm&r=g\",\"url\":\"https:\\\/\\\/secure.gravatar.com\\\/avatar\\\/3a8de04a2656d44082be478bd6c086daa447c4651605818287b9532d3d0bd435?s=96&d=mm&r=g\",\"contentUrl\":\"https:\\\/\\\/secure.gravatar.com\\\/avatar\\\/3a8de04a2656d44082be478bd6c086daa447c4651605818287b9532d3d0bd435?s=96&d=mm&r=g\",\"caption\":\"Lo viste en Los Pol\u00edticos\"},\"url\":\"https:\\\/\\\/lospoliticosveracruz.com\\\/?author=2\"}]}<\/script>\n<!-- \/ Yoast SEO plugin. -->","yoast_head_json":{"title":"LA NECESIDAD DEL IVAI - Los pol\u00edticos Veracruz","robots":{"index":"index","follow":"follow","max-snippet":"max-snippet:-1","max-image-preview":"max-image-preview:large","max-video-preview":"max-video-preview:-1"},"canonical":"https:\/\/lospoliticosveracruz.com\/?p=105197","og_locale":"es_ES","og_type":"article","og_title":"LA NECESIDAD DEL IVAI - Los pol\u00edticos Veracruz","og_description":"Omar Z\u00fa\u00f1igaDe Primera Mano Derivado del chisme que trae el presidente de la Rep\u00fablica, un tal Andr\u00e9s, en contra del Instituto Nacional de Transparencia, Acceso a la Informaci\u00f3n y Protecci\u00f3n de Datos Personales (INAI), al haber ordenado a sus senadores no dar tr\u00e1mite para la elecci\u00f3n de los consejeros que est\u00e1n pendientes y dejarlo moment\u00e1neamente [&hellip;]","og_url":"https:\/\/lospoliticosveracruz.com\/?p=105197","og_site_name":"Los pol\u00edticos Veracruz","article_publisher":"https:\/\/www.facebook.com\/people\/Notimemes-de-los-Polticos\/61565672886568\/","article_published_time":"2023-04-24T13:56:32+00:00","article_modified_time":"2023-04-24T13:56:37+00:00","og_image":[{"url":"https:\/\/lospoliticosveracruz.com.mx\/wp-content\/uploads\/2023\/02\/Vinissimo.jpg","type":"","width":"","height":""}],"author":"Lo viste en Los Pol\u00edticos","twitter_card":"summary_large_image","twitter_creator":"@LosPoliticosVer","twitter_site":"@LosPoliticosVer","twitter_misc":{"Escrito por":"Lo viste en Los Pol\u00edticos","Tiempo de lectura":"5 minutos"},"schema":{"@context":"https:\/\/schema.org","@graph":[{"@type":"Article","@id":"https:\/\/lospoliticosveracruz.com\/?p=105197#article","isPartOf":{"@id":"https:\/\/lospoliticosveracruz.com\/?p=105197"},"author":{"name":"Lo viste en Los Pol\u00edticos","@id":"https:\/\/lospoliticosveracruz.com\/#\/schema\/person\/b8702bb0e538456e6efd07080bf2a4a2"},"headline":"LA NECESIDAD DEL IVAI","datePublished":"2023-04-24T13:56:32+00:00","dateModified":"2023-04-24T13:56:37+00:00","mainEntityOfPage":{"@id":"https:\/\/lospoliticosveracruz.com\/?p=105197"},"wordCount":935,"publisher":{"@id":"https:\/\/lospoliticosveracruz.com\/#organization"},"image":{"@id":"https:\/\/lospoliticosveracruz.com\/?p=105197#primaryimage"},"thumbnailUrl":"https:\/\/lospoliticosveracruz.com.mx\/wp-content\/uploads\/2023\/02\/Vinissimo.jpg","keywords":["Ej\u00e9rcito Mexicano","INAI","IVAI","Mago Corro","Naldy Patricia Rodr\u00edguez Lagunes","Sedena"],"articleSection":["De Opini\u00f3n"],"inLanguage":"es"},{"@type":"WebPage","@id":"https:\/\/lospoliticosveracruz.com\/?p=105197","url":"https:\/\/lospoliticosveracruz.com\/?p=105197","name":"LA NECESIDAD DEL IVAI - Los pol\u00edticos Veracruz","isPartOf":{"@id":"https:\/\/lospoliticosveracruz.com\/#website"},"primaryImageOfPage":{"@id":"https:\/\/lospoliticosveracruz.com\/?p=105197#primaryimage"},"image":{"@id":"https:\/\/lospoliticosveracruz.com\/?p=105197#primaryimage"},"thumbnailUrl":"https:\/\/lospoliticosveracruz.com.mx\/wp-content\/uploads\/2023\/02\/Vinissimo.jpg","datePublished":"2023-04-24T13:56:32+00:00","dateModified":"2023-04-24T13:56:37+00:00","breadcrumb":{"@id":"https:\/\/lospoliticosveracruz.com\/?p=105197#breadcrumb"},"inLanguage":"es","potentialAction":[{"@type":"ReadAction","target":["https:\/\/lospoliticosveracruz.com\/?p=105197"]}]},{"@type":"ImageObject","inLanguage":"es","@id":"https:\/\/lospoliticosveracruz.com\/?p=105197#primaryimage","url":"https:\/\/lospoliticosveracruz.com.mx\/wp-content\/uploads\/2023\/02\/Vinissimo.jpg","contentUrl":"https:\/\/lospoliticosveracruz.com.mx\/wp-content\/uploads\/2023\/02\/Vinissimo.jpg"},{"@type":"BreadcrumbList","@id":"https:\/\/lospoliticosveracruz.com\/?p=105197#breadcrumb","itemListElement":[{"@type":"ListItem","position":1,"name":"Portada","item":"https:\/\/lospoliticosveracruz.com\/"},{"@type":"ListItem","position":2,"name":"LA NECESIDAD DEL IVAI"}]},{"@type":"WebSite","@id":"https:\/\/lospoliticosveracruz.com\/#website","url":"https:\/\/lospoliticosveracruz.com\/","name":"Los pol\u00edticos Veracruz","description":"","publisher":{"@id":"https:\/\/lospoliticosveracruz.com\/#organization"},"potentialAction":[{"@type":"SearchAction","target":{"@type":"EntryPoint","urlTemplate":"https:\/\/lospoliticosveracruz.com\/?s={search_term_string}"},"query-input":{"@type":"PropertyValueSpecification","valueRequired":true,"valueName":"search_term_string"}}],"inLanguage":"es"},{"@type":"Organization","@id":"https:\/\/lospoliticosveracruz.com\/#organization","name":"Los pol\u00edticos Veracruz","url":"https:\/\/lospoliticosveracruz.com\/","logo":{"@type":"ImageObject","inLanguage":"es","@id":"https:\/\/lospoliticosveracruz.com\/#\/schema\/logo\/image\/","url":"https:\/\/lospoliticosveracruz.com\/wp-content\/uploads\/2025\/12\/Logo-Nuevo-LOS-POLITICOS-1.jpg","contentUrl":"https:\/\/lospoliticosveracruz.com\/wp-content\/uploads\/2025\/12\/Logo-Nuevo-LOS-POLITICOS-1.jpg","width":260,"height":70,"caption":"Los pol\u00edticos Veracruz"},"image":{"@id":"https:\/\/lospoliticosveracruz.com\/#\/schema\/logo\/image\/"},"sameAs":["https:\/\/www.facebook.com\/people\/Notimemes-de-los-Polticos\/61565672886568\/","https:\/\/x.com\/LosPoliticosVer"]},{"@type":"Person","@id":"https:\/\/lospoliticosveracruz.com\/#\/schema\/person\/b8702bb0e538456e6efd07080bf2a4a2","name":"Lo viste en Los Pol\u00edticos","image":{"@type":"ImageObject","inLanguage":"es","@id":"https:\/\/secure.gravatar.com\/avatar\/3a8de04a2656d44082be478bd6c086daa447c4651605818287b9532d3d0bd435?s=96&d=mm&r=g","url":"https:\/\/secure.gravatar.com\/avatar\/3a8de04a2656d44082be478bd6c086daa447c4651605818287b9532d3d0bd435?s=96&d=mm&r=g","contentUrl":"https:\/\/secure.gravatar.com\/avatar\/3a8de04a2656d44082be478bd6c086daa447c4651605818287b9532d3d0bd435?s=96&d=mm&r=g","caption":"Lo viste en Los Pol\u00edticos"},"url":"https:\/\/lospoliticosveracruz.com\/?author=2"}]}},"_links":{"self":[{"href":"https:\/\/lospoliticosveracruz.com\/index.php?rest_route=\/wp\/v2\/posts\/105197","targetHints":{"allow":["GET"]}}],"collection":[{"href":"https:\/\/lospoliticosveracruz.com\/index.php?rest_route=\/wp\/v2\/posts"}],"about":[{"href":"https:\/\/lospoliticosveracruz.com\/index.php?rest_route=\/wp\/v2\/types\/post"}],"author":[{"embeddable":true,"href":"https:\/\/lospoliticosveracruz.com\/index.php?rest_route=\/wp\/v2\/users\/2"}],"replies":[{"embeddable":true,"href":"https:\/\/lospoliticosveracruz.com\/index.php?rest_route=%2Fwp%2Fv2%2Fcomments&post=105197"}],"version-history":[{"count":1,"href":"https:\/\/lospoliticosveracruz.com\/index.php?rest_route=\/wp\/v2\/posts\/105197\/revisions"}],"predecessor-version":[{"id":105199,"href":"https:\/\/lospoliticosveracruz.com\/index.php?rest_route=\/wp\/v2\/posts\/105197\/revisions\/105199"}],"wp:attachment":[{"href":"https:\/\/lospoliticosveracruz.com\/index.php?rest_route=%2Fwp%2Fv2%2Fmedia&parent=105197"}],"wp:term":[{"taxonomy":"category","embeddable":true,"href":"https:\/\/lospoliticosveracruz.com\/index.php?rest_route=%2Fwp%2Fv2%2Fcategories&post=105197"},{"taxonomy":"post_tag","embeddable":true,"href":"https:\/\/lospoliticosveracruz.com\/index.php?rest_route=%2Fwp%2Fv2%2Ftags&post=105197"}],"curies":[{"name":"wp","href":"https:\/\/api.w.org\/{rel}","templated":true}]}}