{"id":105219,"date":"2023-04-24T14:15:10","date_gmt":"2023-04-24T19:15:10","guid":{"rendered":"https:\/\/lospoliticosveracruz.com.mx\/?p=105219"},"modified":"2023-04-24T14:15:17","modified_gmt":"2023-04-24T19:15:17","slug":"pri-veracruz-necesita-un-opositor-no-un-aliado-de-morena","status":"publish","type":"post","link":"https:\/\/lospoliticosveracruz.com\/?p=105219","title":{"rendered":"PRI VERACRUZ: Necesita un Opositor, no un aliado de Morena"},"content":{"rendered":"\n<p><strong>Vicente Luna Hern\u00e1ndez<\/strong><\/p>\n\n\n\n<p>He le\u00eddo en la prensa interesantes art\u00edculos relacionados con la pr\u00f3xima renovaci\u00f3n de la dirigencia del PRI en Veracruz, se presentan an\u00e1lisis de la situaci\u00f3n del partido, se manejan nombres y se vislumbra un escenario rumbo al proceso electoral 2024, lo cierto, es que los an\u00e1lisis son escritos por destacados periodistas pero ninguno con una militancia partidista o la mayor\u00eda sin actividad en la operatividad pol\u00edtica en campa\u00f1a alguna.<\/p>\n\n\n\n<p><a href=\"https:\/\/youtu.be\/Nxe-vxf8GuY\"><\/a><\/p>\n\n\n\n<figure class=\"wp-block-embed is-type-video is-provider-youtube wp-block-embed-youtube wp-embed-aspect-16-9 wp-has-aspect-ratio\"><div class=\"wp-block-embed__wrapper\">\n<iframe loading=\"lazy\" title=\"Cluster Coworking\" width=\"696\" height=\"392\" src=\"https:\/\/www.youtube.com\/embed\/Nxe-vxf8GuY?feature=oembed\" frameborder=\"0\" allow=\"accelerometer; autoplay; clipboard-write; encrypted-media; gyroscope; picture-in-picture; web-share\" referrerpolicy=\"strict-origin-when-cross-origin\" allowfullscreen><\/iframe>\n<\/div><\/figure>\n\n\n\n<p>Perm\u00edtanme hablar en primera persona: A la edad de 16 de a\u00f1os inici\u00e9 tareas partidistas en el sector de la Juventud Popular en el PRI \u2013 despu\u00e9s Frente Juvenil Revolucionario &#8211; siendo Secretario General Jorge Moreno Salinas, despu\u00e9s siendo Presidente del CDE Miguel \u00c1ngel Yunes Linares, tuvo a bien abrir espacios de participaci\u00f3n en el Comit\u00e9 a un grupo de j\u00f3venes egresados de la UV,&nbsp;&nbsp;donde tuve la oportunidad de ser Subsecretario de Gesti\u00f3n Social, despu\u00e9s fui Subsecretario de Salud y Abasto Popular, Asesor Electoral, Representante del partido ante la Comisi\u00f3n Municipal Electoral en Chiconquiaco, Delegado Pol\u00edtico en diferentes distritos electorales, Consejero Pol\u00edtico municipal y estatal, entre otros cargos partidistas, aspirante en el 2018 a Candidato a Diputado Local por el Distrito de Santiago Tuxtla, hasta el 2021 que acepte ser candidato por otra fuerza pol\u00edtica, hoy sin militar en ning\u00fan partido pol\u00edtico, me permito presentar mi an\u00e1lisis ante la renovaci\u00f3n de la dirigencia del PRI:<\/p>\n\n\n\n<p>La actual dirigencia encabezada por Marlon Ram\u00edrez Mar\u00edn y Arianna Guadalupe \u00c1ngeles Aguirre ha hecho lo posible por mantener su papel como partido opositor al gobierno de morena, con se\u00f1alamientos muy precisos y con fundamentos ha se\u00f1alado los errores y los probables actos de corrupci\u00f3n del actual gobirno, durante el proceso electoral 2021 la alianza con el PAN y PRD era el \u00fanico camino para mantener presencia en Veracruz y darle ox\u00edgeno a los 3 partidos, la realidad es que las circunstancias han sido dif\u00edciles pol\u00edtica y econ\u00f3micamente, sin embargo, sus cuadros pol\u00edticos han permitido que se siga hablando del PRI para encabezar una alianza de toda la oposici\u00f3n para la elecci\u00f3n del 2024, los nombres est\u00e1n dem\u00e1s, lo importante es que el PRI ser\u00e1 protagonista en ese escenario electoral.<\/p>\n\n\n\n<p>El PRI necesita un dirigente \u2013 hombre o mujer &#8211; con experiencia en el ejercicio del poder en circunstancias dif\u00edciles, un presidente con trabajo en territorio, que sepa ganar elecciones con el PRI en el gobierno y fuera de \u00e9l, un Presidente que sepa c\u00f3mo ganarle a morena, un Presidente triunfador como candidato, el PRI necesita un dirigente realmente opositor, que tenga la capacidad de motivar a su militancia de trabajar para quitarle a morena lo que hoy tiene\u2026el poder.<\/p>\n\n\n\n<p>Ante la nueva realidad pol\u00edtica de Veracruz, el PRI necesita un aut\u00e9ntico opositor al gobierno, nada de acuerdos y discursos dobles, si el partido quiere ser gobierno debe mandar un mensaje alentador a sus bases de militantes: \u00a1Vamos por el poder! ese debe ser el mensaje que motive a sus cuadros y a quienes no est\u00e1n de acuerdo con la forma de gobernar de morena, est\u00e1 claro que el PRI y todos los partidos de oposici\u00f3n, necesitan a la sociedad en general, aquellos que no tienen afiliaci\u00f3n partidista pero quieren participar de manera activa en lograr una verdadera trasformaci\u00f3n en beneficio de todos los sectores sociales de Veracruz, la suma de militancia y sociedad organizada, son la mayor fortaleza de todo partido hoy.<\/p>\n\n\n\n<p>La militancia conoce perfectamente a quienes se menciona para la Presidencia estatal, la militancia conoce las fortalezas y debilidades de aquellos que aspiran a ser los responsables de conducir los trabajos rumbo al 2024, el PRI necesita una revoluci\u00f3n interna \u2013 en el buen sentido de la palabra &#8211; esto es, despertar y estar convencidos de sus fortalezas pero tambi\u00e9n de sus debilidades y una de esas debilidades, son aquellos que ayer tuvieron la oportunidad de representar los colores el PRI y fallaron a la sociedad y fallaron al partido y hoy, intentan volver a ser lo que ayer fueron pero por su soberbia y ambici\u00f3n\u2026hoy son caricaturas de lo que fueron ayer.<\/p>\n\n\n\n<p>Considero que el pr\u00f3ximo presidente del PRI debe estar dedicado 100% a los trabajos partidistas, esto es, no debe tener otro cargo que lo desvi\u00e9 de su principal responsabilidad, renovar, fortalecer, motivar, impulsar un partido competitivo y que discuta los grandes temas de Veracruz, en todo momento y en cualquier espacio p\u00fablico, en un Estado tan grande \u2013 territorialmente hablando &#8211; la presencia del presidente del CDE en los trabajos es fundamental, los comit\u00e9s municipales son el alma, coraz\u00f3n y esp\u00edritu de todo partido, dejar de ver a los dirigentes municipales como empleados, es dignificar el trabajo que se lleva&nbsp;&nbsp;a cabo en territorio, impulsar nuevos cuadros, los comit\u00e9s municipales deben volver a ser los semilleros de furos funcionarios municipales.<\/p>\n\n\n\n<p>P.D.-Con el \u00e1nimo que ser opositor con argumentos y datos en la mano sea la caracter\u00edstica principal del pr\u00f3ximo presidente del PRI\u2026Escribir\u00e9 otro d\u00eda.<\/p>\n","protected":false},"excerpt":{"rendered":"<p>Vicente Luna Hern\u00e1ndez He le\u00eddo en la prensa interesantes art\u00edculos relacionados con la pr\u00f3xima renovaci\u00f3n de la dirigencia del PRI en Veracruz, se presentan an\u00e1lisis de la situaci\u00f3n del partido, se manejan nombres y se vislumbra un escenario rumbo al proceso electoral 2024, lo cierto, es que los an\u00e1lisis son escritos por destacados periodistas pero [&hellip;]<\/p>\n","protected":false},"author":2,"featured_media":0,"comment_status":"closed","ping_status":"closed","sticky":false,"template":"","format":"standard","meta":{"tdm_status":"","tdm_grid_status":"","footnotes":""},"categories":[70],"tags":[4619,2908,1026,251,15667],"class_list":{"0":"post-105219","1":"post","2":"type-post","3":"status-publish","4":"format-standard","6":"category-de-opinion","7":"tag-jorge-moreno-salinas","8":"tag-marlon-ramirez-marin","9":"tag-morena","10":"tag-pri","11":"tag-vicente-luna-hernandez"},"yoast_head":"<!-- This site is optimized with the Yoast SEO plugin v27.4 - https:\/\/yoast.com\/product\/yoast-seo-wordpress\/ -->\n<title>PRI VERACRUZ: Necesita un Opositor, no un aliado de Morena - Los pol\u00edticos Veracruz<\/title>\n<meta name=\"robots\" content=\"index, follow, max-snippet:-1, max-image-preview:large, max-video-preview:-1\" \/>\n<link rel=\"canonical\" href=\"https:\/\/lospoliticosveracruz.com\/?p=105219\" \/>\n<meta property=\"og:locale\" content=\"es_ES\" \/>\n<meta property=\"og:type\" content=\"article\" \/>\n<meta property=\"og:title\" content=\"PRI VERACRUZ: Necesita un Opositor, no un aliado de Morena - Los pol\u00edticos Veracruz\" \/>\n<meta property=\"og:description\" content=\"Vicente Luna Hern\u00e1ndez He le\u00eddo en la prensa interesantes art\u00edculos relacionados con la pr\u00f3xima renovaci\u00f3n de la dirigencia del PRI en Veracruz, se presentan an\u00e1lisis de la situaci\u00f3n del partido, se manejan nombres y se vislumbra un escenario rumbo al proceso electoral 2024, lo cierto, es que los an\u00e1lisis son escritos por destacados periodistas pero [&hellip;]\" \/>\n<meta property=\"og:url\" content=\"https:\/\/lospoliticosveracruz.com\/?p=105219\" \/>\n<meta property=\"og:site_name\" content=\"Los pol\u00edticos Veracruz\" \/>\n<meta property=\"article:publisher\" content=\"https:\/\/www.facebook.com\/people\/Notimemes-de-los-Polticos\/61565672886568\/\" \/>\n<meta property=\"article:published_time\" content=\"2023-04-24T19:15:10+00:00\" \/>\n<meta property=\"article:modified_time\" content=\"2023-04-24T19:15:17+00:00\" \/>\n<meta property=\"og:image\" content=\"https:\/\/lospoliticosveracruz.com\/wp-content\/uploads\/2016\/07\/Logo-Dor.jpg\" \/>\n\t<meta property=\"og:image:width\" content=\"200\" \/>\n\t<meta property=\"og:image:height\" content=\"200\" \/>\n\t<meta property=\"og:image:type\" content=\"image\/jpeg\" \/>\n<meta name=\"author\" content=\"Lo viste en Los Pol\u00edticos\" \/>\n<meta name=\"twitter:card\" content=\"summary_large_image\" \/>\n<meta name=\"twitter:creator\" content=\"@LosPoliticosVer\" \/>\n<meta name=\"twitter:site\" content=\"@LosPoliticosVer\" \/>\n<meta name=\"twitter:label1\" content=\"Escrito por\" \/>\n\t<meta name=\"twitter:data1\" content=\"Lo viste en Los Pol\u00edticos\" \/>\n\t<meta name=\"twitter:label2\" content=\"Tiempo de lectura\" \/>\n\t<meta name=\"twitter:data2\" content=\"4 minutos\" \/>\n<script type=\"application\/ld+json\" class=\"yoast-schema-graph\">{\"@context\":\"https:\\\/\\\/schema.org\",\"@graph\":[{\"@type\":\"Article\",\"@id\":\"https:\\\/\\\/lospoliticosveracruz.com\\\/?p=105219#article\",\"isPartOf\":{\"@id\":\"https:\\\/\\\/lospoliticosveracruz.com\\\/?p=105219\"},\"author\":{\"name\":\"Lo viste en Los Pol\u00edticos\",\"@id\":\"https:\\\/\\\/lospoliticosveracruz.com\\\/#\\\/schema\\\/person\\\/b8702bb0e538456e6efd07080bf2a4a2\"},\"headline\":\"PRI VERACRUZ: Necesita un Opositor, no un aliado de Morena\",\"datePublished\":\"2023-04-24T19:15:10+00:00\",\"dateModified\":\"2023-04-24T19:15:17+00:00\",\"mainEntityOfPage\":{\"@id\":\"https:\\\/\\\/lospoliticosveracruz.com\\\/?p=105219\"},\"wordCount\":890,\"publisher\":{\"@id\":\"https:\\\/\\\/lospoliticosveracruz.com\\\/#organization\"},\"keywords\":[\"Jorge Moreno Salinas\",\"Marlon Ram\u00edrez Mar\u00edn\",\"Morena\",\"PRI\",\"Vicente Luna Hern\u00e1ndez\"],\"articleSection\":[\"De Opini\u00f3n\"],\"inLanguage\":\"es\"},{\"@type\":\"WebPage\",\"@id\":\"https:\\\/\\\/lospoliticosveracruz.com\\\/?p=105219\",\"url\":\"https:\\\/\\\/lospoliticosveracruz.com\\\/?p=105219\",\"name\":\"PRI VERACRUZ: Necesita un Opositor, no un aliado de Morena - Los pol\u00edticos Veracruz\",\"isPartOf\":{\"@id\":\"https:\\\/\\\/lospoliticosveracruz.com\\\/#website\"},\"datePublished\":\"2023-04-24T19:15:10+00:00\",\"dateModified\":\"2023-04-24T19:15:17+00:00\",\"breadcrumb\":{\"@id\":\"https:\\\/\\\/lospoliticosveracruz.com\\\/?p=105219#breadcrumb\"},\"inLanguage\":\"es\",\"potentialAction\":[{\"@type\":\"ReadAction\",\"target\":[\"https:\\\/\\\/lospoliticosveracruz.com\\\/?p=105219\"]}]},{\"@type\":\"BreadcrumbList\",\"@id\":\"https:\\\/\\\/lospoliticosveracruz.com\\\/?p=105219#breadcrumb\",\"itemListElement\":[{\"@type\":\"ListItem\",\"position\":1,\"name\":\"Portada\",\"item\":\"https:\\\/\\\/lospoliticosveracruz.com\\\/\"},{\"@type\":\"ListItem\",\"position\":2,\"name\":\"PRI VERACRUZ: Necesita un Opositor, no un aliado de Morena\"}]},{\"@type\":\"WebSite\",\"@id\":\"https:\\\/\\\/lospoliticosveracruz.com\\\/#website\",\"url\":\"https:\\\/\\\/lospoliticosveracruz.com\\\/\",\"name\":\"Los pol\u00edticos Veracruz\",\"description\":\"\",\"publisher\":{\"@id\":\"https:\\\/\\\/lospoliticosveracruz.com\\\/#organization\"},\"potentialAction\":[{\"@type\":\"SearchAction\",\"target\":{\"@type\":\"EntryPoint\",\"urlTemplate\":\"https:\\\/\\\/lospoliticosveracruz.com\\\/?s={search_term_string}\"},\"query-input\":{\"@type\":\"PropertyValueSpecification\",\"valueRequired\":true,\"valueName\":\"search_term_string\"}}],\"inLanguage\":\"es\"},{\"@type\":\"Organization\",\"@id\":\"https:\\\/\\\/lospoliticosveracruz.com\\\/#organization\",\"name\":\"Los pol\u00edticos Veracruz\",\"url\":\"https:\\\/\\\/lospoliticosveracruz.com\\\/\",\"logo\":{\"@type\":\"ImageObject\",\"inLanguage\":\"es\",\"@id\":\"https:\\\/\\\/lospoliticosveracruz.com\\\/#\\\/schema\\\/logo\\\/image\\\/\",\"url\":\"https:\\\/\\\/lospoliticosveracruz.com\\\/wp-content\\\/uploads\\\/2025\\\/12\\\/Logo-Nuevo-LOS-POLITICOS-1.jpg\",\"contentUrl\":\"https:\\\/\\\/lospoliticosveracruz.com\\\/wp-content\\\/uploads\\\/2025\\\/12\\\/Logo-Nuevo-LOS-POLITICOS-1.jpg\",\"width\":260,\"height\":70,\"caption\":\"Los pol\u00edticos Veracruz\"},\"image\":{\"@id\":\"https:\\\/\\\/lospoliticosveracruz.com\\\/#\\\/schema\\\/logo\\\/image\\\/\"},\"sameAs\":[\"https:\\\/\\\/www.facebook.com\\\/people\\\/Notimemes-de-los-Polticos\\\/61565672886568\\\/\",\"https:\\\/\\\/x.com\\\/LosPoliticosVer\"]},{\"@type\":\"Person\",\"@id\":\"https:\\\/\\\/lospoliticosveracruz.com\\\/#\\\/schema\\\/person\\\/b8702bb0e538456e6efd07080bf2a4a2\",\"name\":\"Lo viste en Los Pol\u00edticos\",\"image\":{\"@type\":\"ImageObject\",\"inLanguage\":\"es\",\"@id\":\"https:\\\/\\\/secure.gravatar.com\\\/avatar\\\/3a8de04a2656d44082be478bd6c086daa447c4651605818287b9532d3d0bd435?s=96&d=mm&r=g\",\"url\":\"https:\\\/\\\/secure.gravatar.com\\\/avatar\\\/3a8de04a2656d44082be478bd6c086daa447c4651605818287b9532d3d0bd435?s=96&d=mm&r=g\",\"contentUrl\":\"https:\\\/\\\/secure.gravatar.com\\\/avatar\\\/3a8de04a2656d44082be478bd6c086daa447c4651605818287b9532d3d0bd435?s=96&d=mm&r=g\",\"caption\":\"Lo viste en Los Pol\u00edticos\"},\"url\":\"https:\\\/\\\/lospoliticosveracruz.com\\\/?author=2\"}]}<\/script>\n<!-- \/ Yoast SEO plugin. -->","yoast_head_json":{"title":"PRI VERACRUZ: Necesita un Opositor, no un aliado de Morena - Los pol\u00edticos Veracruz","robots":{"index":"index","follow":"follow","max-snippet":"max-snippet:-1","max-image-preview":"max-image-preview:large","max-video-preview":"max-video-preview:-1"},"canonical":"https:\/\/lospoliticosveracruz.com\/?p=105219","og_locale":"es_ES","og_type":"article","og_title":"PRI VERACRUZ: Necesita un Opositor, no un aliado de Morena - Los pol\u00edticos Veracruz","og_description":"Vicente Luna Hern\u00e1ndez He le\u00eddo en la prensa interesantes art\u00edculos relacionados con la pr\u00f3xima renovaci\u00f3n de la dirigencia del PRI en Veracruz, se presentan an\u00e1lisis de la situaci\u00f3n del partido, se manejan nombres y se vislumbra un escenario rumbo al proceso electoral 2024, lo cierto, es que los an\u00e1lisis son escritos por destacados periodistas pero [&hellip;]","og_url":"https:\/\/lospoliticosveracruz.com\/?p=105219","og_site_name":"Los pol\u00edticos Veracruz","article_publisher":"https:\/\/www.facebook.com\/people\/Notimemes-de-los-Polticos\/61565672886568\/","article_published_time":"2023-04-24T19:15:10+00:00","article_modified_time":"2023-04-24T19:15:17+00:00","og_image":[{"width":200,"height":200,"url":"https:\/\/lospoliticosveracruz.com\/wp-content\/uploads\/2016\/07\/Logo-Dor.jpg","type":"image\/jpeg"}],"author":"Lo viste en Los Pol\u00edticos","twitter_card":"summary_large_image","twitter_creator":"@LosPoliticosVer","twitter_site":"@LosPoliticosVer","twitter_misc":{"Escrito por":"Lo viste en Los Pol\u00edticos","Tiempo de lectura":"4 minutos"},"schema":{"@context":"https:\/\/schema.org","@graph":[{"@type":"Article","@id":"https:\/\/lospoliticosveracruz.com\/?p=105219#article","isPartOf":{"@id":"https:\/\/lospoliticosveracruz.com\/?p=105219"},"author":{"name":"Lo viste en Los Pol\u00edticos","@id":"https:\/\/lospoliticosveracruz.com\/#\/schema\/person\/b8702bb0e538456e6efd07080bf2a4a2"},"headline":"PRI VERACRUZ: Necesita un Opositor, no un aliado de Morena","datePublished":"2023-04-24T19:15:10+00:00","dateModified":"2023-04-24T19:15:17+00:00","mainEntityOfPage":{"@id":"https:\/\/lospoliticosveracruz.com\/?p=105219"},"wordCount":890,"publisher":{"@id":"https:\/\/lospoliticosveracruz.com\/#organization"},"keywords":["Jorge Moreno Salinas","Marlon Ram\u00edrez Mar\u00edn","Morena","PRI","Vicente Luna Hern\u00e1ndez"],"articleSection":["De Opini\u00f3n"],"inLanguage":"es"},{"@type":"WebPage","@id":"https:\/\/lospoliticosveracruz.com\/?p=105219","url":"https:\/\/lospoliticosveracruz.com\/?p=105219","name":"PRI VERACRUZ: Necesita un Opositor, no un aliado de Morena - Los pol\u00edticos Veracruz","isPartOf":{"@id":"https:\/\/lospoliticosveracruz.com\/#website"},"datePublished":"2023-04-24T19:15:10+00:00","dateModified":"2023-04-24T19:15:17+00:00","breadcrumb":{"@id":"https:\/\/lospoliticosveracruz.com\/?p=105219#breadcrumb"},"inLanguage":"es","potentialAction":[{"@type":"ReadAction","target":["https:\/\/lospoliticosveracruz.com\/?p=105219"]}]},{"@type":"BreadcrumbList","@id":"https:\/\/lospoliticosveracruz.com\/?p=105219#breadcrumb","itemListElement":[{"@type":"ListItem","position":1,"name":"Portada","item":"https:\/\/lospoliticosveracruz.com\/"},{"@type":"ListItem","position":2,"name":"PRI VERACRUZ: Necesita un Opositor, no un aliado de Morena"}]},{"@type":"WebSite","@id":"https:\/\/lospoliticosveracruz.com\/#website","url":"https:\/\/lospoliticosveracruz.com\/","name":"Los pol\u00edticos Veracruz","description":"","publisher":{"@id":"https:\/\/lospoliticosveracruz.com\/#organization"},"potentialAction":[{"@type":"SearchAction","target":{"@type":"EntryPoint","urlTemplate":"https:\/\/lospoliticosveracruz.com\/?s={search_term_string}"},"query-input":{"@type":"PropertyValueSpecification","valueRequired":true,"valueName":"search_term_string"}}],"inLanguage":"es"},{"@type":"Organization","@id":"https:\/\/lospoliticosveracruz.com\/#organization","name":"Los pol\u00edticos Veracruz","url":"https:\/\/lospoliticosveracruz.com\/","logo":{"@type":"ImageObject","inLanguage":"es","@id":"https:\/\/lospoliticosveracruz.com\/#\/schema\/logo\/image\/","url":"https:\/\/lospoliticosveracruz.com\/wp-content\/uploads\/2025\/12\/Logo-Nuevo-LOS-POLITICOS-1.jpg","contentUrl":"https:\/\/lospoliticosveracruz.com\/wp-content\/uploads\/2025\/12\/Logo-Nuevo-LOS-POLITICOS-1.jpg","width":260,"height":70,"caption":"Los pol\u00edticos Veracruz"},"image":{"@id":"https:\/\/lospoliticosveracruz.com\/#\/schema\/logo\/image\/"},"sameAs":["https:\/\/www.facebook.com\/people\/Notimemes-de-los-Polticos\/61565672886568\/","https:\/\/x.com\/LosPoliticosVer"]},{"@type":"Person","@id":"https:\/\/lospoliticosveracruz.com\/#\/schema\/person\/b8702bb0e538456e6efd07080bf2a4a2","name":"Lo viste en Los Pol\u00edticos","image":{"@type":"ImageObject","inLanguage":"es","@id":"https:\/\/secure.gravatar.com\/avatar\/3a8de04a2656d44082be478bd6c086daa447c4651605818287b9532d3d0bd435?s=96&d=mm&r=g","url":"https:\/\/secure.gravatar.com\/avatar\/3a8de04a2656d44082be478bd6c086daa447c4651605818287b9532d3d0bd435?s=96&d=mm&r=g","contentUrl":"https:\/\/secure.gravatar.com\/avatar\/3a8de04a2656d44082be478bd6c086daa447c4651605818287b9532d3d0bd435?s=96&d=mm&r=g","caption":"Lo viste en Los Pol\u00edticos"},"url":"https:\/\/lospoliticosveracruz.com\/?author=2"}]}},"_links":{"self":[{"href":"https:\/\/lospoliticosveracruz.com\/index.php?rest_route=\/wp\/v2\/posts\/105219","targetHints":{"allow":["GET"]}}],"collection":[{"href":"https:\/\/lospoliticosveracruz.com\/index.php?rest_route=\/wp\/v2\/posts"}],"about":[{"href":"https:\/\/lospoliticosveracruz.com\/index.php?rest_route=\/wp\/v2\/types\/post"}],"author":[{"embeddable":true,"href":"https:\/\/lospoliticosveracruz.com\/index.php?rest_route=\/wp\/v2\/users\/2"}],"replies":[{"embeddable":true,"href":"https:\/\/lospoliticosveracruz.com\/index.php?rest_route=%2Fwp%2Fv2%2Fcomments&post=105219"}],"version-history":[{"count":1,"href":"https:\/\/lospoliticosveracruz.com\/index.php?rest_route=\/wp\/v2\/posts\/105219\/revisions"}],"predecessor-version":[{"id":105220,"href":"https:\/\/lospoliticosveracruz.com\/index.php?rest_route=\/wp\/v2\/posts\/105219\/revisions\/105220"}],"wp:attachment":[{"href":"https:\/\/lospoliticosveracruz.com\/index.php?rest_route=%2Fwp%2Fv2%2Fmedia&parent=105219"}],"wp:term":[{"taxonomy":"category","embeddable":true,"href":"https:\/\/lospoliticosveracruz.com\/index.php?rest_route=%2Fwp%2Fv2%2Fcategories&post=105219"},{"taxonomy":"post_tag","embeddable":true,"href":"https:\/\/lospoliticosveracruz.com\/index.php?rest_route=%2Fwp%2Fv2%2Ftags&post=105219"}],"curies":[{"name":"wp","href":"https:\/\/api.w.org\/{rel}","templated":true}]}}