{"id":105225,"date":"2023-04-24T15:18:16","date_gmt":"2023-04-24T20:18:16","guid":{"rendered":"https:\/\/lospoliticosveracruz.com.mx\/?p=105225"},"modified":"2023-04-24T15:18:22","modified_gmt":"2023-04-24T20:18:22","slug":"la-franqueza-en-politica","status":"publish","type":"post","link":"https:\/\/lospoliticosveracruz.com\/?p=105225","title":{"rendered":"LA FRANQUEZA EN POL\u00cdTICA"},"content":{"rendered":"\n<p><br><strong>Inocencio Y\u00e1\u00f1ez Vicencio<\/strong><\/p>\n\n\n\n<p>Hace no mucho, al terminar de leer el libro de Jos\u00e9 Luis Moreno Pesta\u00f1a, titulado : Retorno a Atenas, editado en 2019 por Siglo XXI de Espa\u00f1a, me llam\u00f3 la atenci\u00f3n un tema que trata y que su comprensi\u00f3n depende del concepto de pol\u00edtica que se asuma.<\/p>\n\n\n<div class=\"wp-block-image\">\n<figure class=\"alignleft size-medium\"><a href=\"https:\/\/lospoliticosveracruz.com.mx\/wp-content\/uploads\/2021\/10\/Zacauilt.jpg\"><img decoding=\"async\" src=\"https:\/\/lospoliticosveracruz.com.mx\/wp-content\/uploads\/2021\/10\/Zacauilt-150x300.jpg\" alt=\"\" class=\"wp-image-80558\"\/><\/a><\/figure>\n<\/div>\n\n\n<p>Para los que definen la pol\u00edtica como una lucha por el poder ( Maquiavelo, Weber\u2026) la verdad es un asunto moral y por tanto la pol\u00edtica tiene su propia moral. La verdad es cuesti\u00f3n de estrategia, seg\u00fan convenga para la conservaci\u00f3n o reproducci\u00f3n del poder, se har\u00e1 uso de ella. Para quienes creemos y defendemos un concepto de pol\u00edtica como dialogo, deliberaci\u00f3n, persuasi\u00f3n y acuerdo, como una acci\u00f3n concertada para lograr el bien com\u00fan ( un bien com\u00fan surgido del debate de todos los interesados); sostenemos que: \u00bb La democracia se lee desde la franqueza, la parres\u00eda, la capacidad de decir lo que no todos se encuentran preparados para escuchar \u00bb ( P\u00e1g. 161). Quedando con esto claro que en el realismo pol\u00edtico, basado en relaciones de mando y obediencia, ya vemos que no s\u00f3lo no predomina la franqueza sino que escalar el poder y ejercerlo sobre los contrarios se sustenta en la mentira. En un hermoso libro de Maurizio Viroli, llamado De la pol\u00edtica a la raz\u00f3n de Estado, narra y explica su trayectoria, facilitando el entendimiento de la pol\u00edtica en su sentido \u00e9tico, porque la politica nace en el \u00c1gora \u00e1tica, en los siglos VI y V antes de Cristo. Y nace como un derecho igual y un derecho a hacer uso de la palabra. Como un asunto de todos y no como una pr\u00e1ctica de unos cuantos.<br>No aguanto la tentaci\u00f3n de transcribir el siguiente p\u00e1rrafo del texto de Jos\u00e9 Lu\u00eds Moreno Pesta\u00f1a, un libro sesudo: \u00bb Por lo tanto la democracia requiere coraje : para decir lo que se piensa sin certidumbre, para asumir los resultados sean cuales sean \u00e9stos. En el coraje precisa Castoriadis, se ve como en ning\u00fan lugar la diferencia entre la capacidad reconocida legalmente de hablar y la sinceridad de un discurso, la parres\u00eda, que no puede garantizar ley alguna, sino que depende del ethos ciudadano, de la integridad p\u00fablica. Tener derechos en el \u00c1gora no basta, si con ellos nos dedicamos a halagar a conveniencia, ya sea a los poderosos o a la muchedumbre. El coraje permite llenar de contenido veraz y consciente los derechos\u00bb.<br>Bajo esta concepci\u00f3n de la politica y estos valores, desde hace muchos a\u00f1os vengo reclamando un giro a la cultura del Partido Revolucionario institucional, que es el partido donde he militado toda mi vida y ni siquiera en esta etapa de profunda crisis observo se\u00f1ales de rectificar, no lo demando porque el PRI, sea el peor, parad\u00f3jicamente, puedo asegurar que sus adversarios hist\u00f3ricos y circunstaciales est\u00e1n peor, pero sus muchos a\u00f1os en el poder, hace que lo asocien con todas sus desviaciones.<br>Definir su p\u00fablico y construir el discurso para ese p\u00fablico, es uno de los retos que tiene, entre una veintena, que no puede esperar. Recuerdo que en una sesi\u00f3n de consejo, Don Jes\u00fas Reyes Heroles, hizo una relaci\u00f3n de quienes caben y quienes no, en el Tricolor. Esa es la primera condici\u00f3n, porque un partido es eso, parte, no todo. Los priistas neceditamos saber quienes somos y contra quienes luchamos y por qu\u00e9. De ah\u00ed vendr\u00e1 el discurso que no s\u00f3lo les animar\u00e1 sino que les dotar\u00e1 de ideas y prop\u00f3sitos para alcanzar las grades metas trazadas.<br>UNIR ES RESOLVER, es el estandarte con el cual Alejandra Del Moral, quiere guiar a sus huestes a la victoria en el Estado de Mexico, pero resulta que con esa arenga se insiste en flotar, en situarse por encima de la lucha social y , como siempre, limitarse a se\u00f1alar inmoralides y defiencias en el contrario, simplemente es presentarse personalmente como el menos peor y ofrecer que nada cambiar\u00e1, asumi\u00e9ndose no como partido pol\u00edtico sino como una fraternidad o hermandad. De por si la descolorida propaganda que trae Alejandra Del Moral, ya la hace sospechosa de buscar ganar y luego con esas arengas que ni alientan ni marcan rumbo, pues m\u00e1s.<br>En descargo me dec\u00eda un directivo que ella es valiente, que esas omisiones son de su equipo. Lo que no aminora la falta. La hace m\u00e1s grave, porque muestra que no es deficiencia personal sino del partido, ense\u00f1ando que lo que menos tiene es ser valiente, porque valiente es que rompiera esas ataduras e hiciera el deslinde que le hace falta a su partido, con todas las consecuencias que ello lleva, porque sus votantes neceditan saber por qui\u00e9n van a votar, qu\u00e9 obtendr\u00e1n con su voto y principalmente , por qu\u00e9 no deben votar por los otros y por qu\u00e9, por su opci\u00f3n si.<br>Quienes esperan que los dioses los elijan para un cargo o recibir una recompensa, nunca van a hablar con la verdad, pero por fortuna no faltar\u00e1 alguien que no sea adicto a la reverencia y lo har\u00e1 pensando en la rectificaci\u00f3n, remota pero posible.<br>Morena est\u00e1 destruyendo la naci\u00f3n y las instituciones, pero no debemos apostar al desencanto sino a construir una alternativa social y \u00e9tica, que cierre las puertas por donde se col\u00f3 la demagogia y el populismo.<\/p>\n","protected":false},"excerpt":{"rendered":"<p>Inocencio Y\u00e1\u00f1ez Vicencio Hace no mucho, al terminar de leer el libro de Jos\u00e9 Luis Moreno Pesta\u00f1a, titulado : Retorno a Atenas, editado en 2019 por Siglo XXI de Espa\u00f1a, me llam\u00f3 la atenci\u00f3n un tema que trata y que su comprensi\u00f3n depende del concepto de pol\u00edtica que se asuma. Para los que definen la [&hellip;]<\/p>\n","protected":false},"author":2,"featured_media":0,"comment_status":"closed","ping_status":"closed","sticky":false,"template":"","format":"standard","meta":{"tdm_status":"","tdm_grid_status":"","footnotes":""},"categories":[70],"tags":[618,8256,38014,1026],"class_list":{"0":"post-105225","1":"post","2":"type-post","3":"status-publish","4":"format-standard","6":"category-de-opinion","7":"tag-andres-manuel-lopez-obrador","8":"tag-inocencio-yanez-vicencio","9":"tag-jose-luis-moreno-pestana","10":"tag-morena"},"yoast_head":"<!-- This site is optimized with the Yoast SEO plugin v27.4 - https:\/\/yoast.com\/product\/yoast-seo-wordpress\/ -->\n<title>LA FRANQUEZA EN POL\u00cdTICA - Los pol\u00edticos Veracruz<\/title>\n<meta name=\"robots\" content=\"index, follow, max-snippet:-1, max-image-preview:large, max-video-preview:-1\" \/>\n<link rel=\"canonical\" href=\"https:\/\/lospoliticosveracruz.com\/?p=105225\" \/>\n<meta property=\"og:locale\" content=\"es_ES\" \/>\n<meta property=\"og:type\" content=\"article\" \/>\n<meta property=\"og:title\" content=\"LA FRANQUEZA EN POL\u00cdTICA - Los pol\u00edticos Veracruz\" \/>\n<meta property=\"og:description\" content=\"Inocencio Y\u00e1\u00f1ez Vicencio Hace no mucho, al terminar de leer el libro de Jos\u00e9 Luis Moreno Pesta\u00f1a, titulado : Retorno a Atenas, editado en 2019 por Siglo XXI de Espa\u00f1a, me llam\u00f3 la atenci\u00f3n un tema que trata y que su comprensi\u00f3n depende del concepto de pol\u00edtica que se asuma. Para los que definen la [&hellip;]\" \/>\n<meta property=\"og:url\" content=\"https:\/\/lospoliticosveracruz.com\/?p=105225\" \/>\n<meta property=\"og:site_name\" content=\"Los pol\u00edticos Veracruz\" \/>\n<meta property=\"article:publisher\" content=\"https:\/\/www.facebook.com\/people\/Notimemes-de-los-Polticos\/61565672886568\/\" \/>\n<meta property=\"article:published_time\" content=\"2023-04-24T20:18:16+00:00\" \/>\n<meta property=\"article:modified_time\" content=\"2023-04-24T20:18:22+00:00\" \/>\n<meta property=\"og:image\" content=\"https:\/\/lospoliticosveracruz.com.mx\/wp-content\/uploads\/2021\/10\/Zacauilt-150x300.jpg\" \/>\n<meta name=\"author\" content=\"Lo viste en Los Pol\u00edticos\" \/>\n<meta name=\"twitter:card\" content=\"summary_large_image\" \/>\n<meta name=\"twitter:creator\" content=\"@LosPoliticosVer\" \/>\n<meta name=\"twitter:site\" content=\"@LosPoliticosVer\" \/>\n<meta name=\"twitter:label1\" content=\"Escrito por\" \/>\n\t<meta name=\"twitter:data1\" content=\"Lo viste en Los Pol\u00edticos\" \/>\n\t<meta name=\"twitter:label2\" content=\"Tiempo de lectura\" \/>\n\t<meta name=\"twitter:data2\" content=\"5 minutos\" \/>\n<script type=\"application\/ld+json\" class=\"yoast-schema-graph\">{\"@context\":\"https:\\\/\\\/schema.org\",\"@graph\":[{\"@type\":\"Article\",\"@id\":\"https:\\\/\\\/lospoliticosveracruz.com\\\/?p=105225#article\",\"isPartOf\":{\"@id\":\"https:\\\/\\\/lospoliticosveracruz.com\\\/?p=105225\"},\"author\":{\"name\":\"Lo viste en Los Pol\u00edticos\",\"@id\":\"https:\\\/\\\/lospoliticosveracruz.com\\\/#\\\/schema\\\/person\\\/b8702bb0e538456e6efd07080bf2a4a2\"},\"headline\":\"LA FRANQUEZA EN POL\u00cdTICA\",\"datePublished\":\"2023-04-24T20:18:16+00:00\",\"dateModified\":\"2023-04-24T20:18:22+00:00\",\"mainEntityOfPage\":{\"@id\":\"https:\\\/\\\/lospoliticosveracruz.com\\\/?p=105225\"},\"wordCount\":930,\"publisher\":{\"@id\":\"https:\\\/\\\/lospoliticosveracruz.com\\\/#organization\"},\"image\":{\"@id\":\"https:\\\/\\\/lospoliticosveracruz.com\\\/?p=105225#primaryimage\"},\"thumbnailUrl\":\"https:\\\/\\\/lospoliticosveracruz.com.mx\\\/wp-content\\\/uploads\\\/2021\\\/10\\\/Zacauilt-150x300.jpg\",\"keywords\":[\"Andr\u00e9s Manuel L\u00f3pez Obrador\",\"Inocencio Y\u00e1\u00f1ez Vicencio\",\"Jos\u00e9 Lu\u00eds Moreno Pesta\u00f1a\",\"Morena\"],\"articleSection\":[\"De Opini\u00f3n\"],\"inLanguage\":\"es\"},{\"@type\":\"WebPage\",\"@id\":\"https:\\\/\\\/lospoliticosveracruz.com\\\/?p=105225\",\"url\":\"https:\\\/\\\/lospoliticosveracruz.com\\\/?p=105225\",\"name\":\"LA FRANQUEZA EN POL\u00cdTICA - Los pol\u00edticos Veracruz\",\"isPartOf\":{\"@id\":\"https:\\\/\\\/lospoliticosveracruz.com\\\/#website\"},\"primaryImageOfPage\":{\"@id\":\"https:\\\/\\\/lospoliticosveracruz.com\\\/?p=105225#primaryimage\"},\"image\":{\"@id\":\"https:\\\/\\\/lospoliticosveracruz.com\\\/?p=105225#primaryimage\"},\"thumbnailUrl\":\"https:\\\/\\\/lospoliticosveracruz.com.mx\\\/wp-content\\\/uploads\\\/2021\\\/10\\\/Zacauilt-150x300.jpg\",\"datePublished\":\"2023-04-24T20:18:16+00:00\",\"dateModified\":\"2023-04-24T20:18:22+00:00\",\"breadcrumb\":{\"@id\":\"https:\\\/\\\/lospoliticosveracruz.com\\\/?p=105225#breadcrumb\"},\"inLanguage\":\"es\",\"potentialAction\":[{\"@type\":\"ReadAction\",\"target\":[\"https:\\\/\\\/lospoliticosveracruz.com\\\/?p=105225\"]}]},{\"@type\":\"ImageObject\",\"inLanguage\":\"es\",\"@id\":\"https:\\\/\\\/lospoliticosveracruz.com\\\/?p=105225#primaryimage\",\"url\":\"https:\\\/\\\/lospoliticosveracruz.com.mx\\\/wp-content\\\/uploads\\\/2021\\\/10\\\/Zacauilt-150x300.jpg\",\"contentUrl\":\"https:\\\/\\\/lospoliticosveracruz.com.mx\\\/wp-content\\\/uploads\\\/2021\\\/10\\\/Zacauilt-150x300.jpg\"},{\"@type\":\"BreadcrumbList\",\"@id\":\"https:\\\/\\\/lospoliticosveracruz.com\\\/?p=105225#breadcrumb\",\"itemListElement\":[{\"@type\":\"ListItem\",\"position\":1,\"name\":\"Portada\",\"item\":\"https:\\\/\\\/lospoliticosveracruz.com\\\/\"},{\"@type\":\"ListItem\",\"position\":2,\"name\":\"LA FRANQUEZA EN POL\u00cdTICA\"}]},{\"@type\":\"WebSite\",\"@id\":\"https:\\\/\\\/lospoliticosveracruz.com\\\/#website\",\"url\":\"https:\\\/\\\/lospoliticosveracruz.com\\\/\",\"name\":\"Los pol\u00edticos Veracruz\",\"description\":\"\",\"publisher\":{\"@id\":\"https:\\\/\\\/lospoliticosveracruz.com\\\/#organization\"},\"potentialAction\":[{\"@type\":\"SearchAction\",\"target\":{\"@type\":\"EntryPoint\",\"urlTemplate\":\"https:\\\/\\\/lospoliticosveracruz.com\\\/?s={search_term_string}\"},\"query-input\":{\"@type\":\"PropertyValueSpecification\",\"valueRequired\":true,\"valueName\":\"search_term_string\"}}],\"inLanguage\":\"es\"},{\"@type\":\"Organization\",\"@id\":\"https:\\\/\\\/lospoliticosveracruz.com\\\/#organization\",\"name\":\"Los pol\u00edticos Veracruz\",\"url\":\"https:\\\/\\\/lospoliticosveracruz.com\\\/\",\"logo\":{\"@type\":\"ImageObject\",\"inLanguage\":\"es\",\"@id\":\"https:\\\/\\\/lospoliticosveracruz.com\\\/#\\\/schema\\\/logo\\\/image\\\/\",\"url\":\"https:\\\/\\\/lospoliticosveracruz.com\\\/wp-content\\\/uploads\\\/2025\\\/12\\\/Logo-Nuevo-LOS-POLITICOS-1.jpg\",\"contentUrl\":\"https:\\\/\\\/lospoliticosveracruz.com\\\/wp-content\\\/uploads\\\/2025\\\/12\\\/Logo-Nuevo-LOS-POLITICOS-1.jpg\",\"width\":260,\"height\":70,\"caption\":\"Los pol\u00edticos Veracruz\"},\"image\":{\"@id\":\"https:\\\/\\\/lospoliticosveracruz.com\\\/#\\\/schema\\\/logo\\\/image\\\/\"},\"sameAs\":[\"https:\\\/\\\/www.facebook.com\\\/people\\\/Notimemes-de-los-Polticos\\\/61565672886568\\\/\",\"https:\\\/\\\/x.com\\\/LosPoliticosVer\"]},{\"@type\":\"Person\",\"@id\":\"https:\\\/\\\/lospoliticosveracruz.com\\\/#\\\/schema\\\/person\\\/b8702bb0e538456e6efd07080bf2a4a2\",\"name\":\"Lo viste en Los Pol\u00edticos\",\"image\":{\"@type\":\"ImageObject\",\"inLanguage\":\"es\",\"@id\":\"https:\\\/\\\/secure.gravatar.com\\\/avatar\\\/3a8de04a2656d44082be478bd6c086daa447c4651605818287b9532d3d0bd435?s=96&d=mm&r=g\",\"url\":\"https:\\\/\\\/secure.gravatar.com\\\/avatar\\\/3a8de04a2656d44082be478bd6c086daa447c4651605818287b9532d3d0bd435?s=96&d=mm&r=g\",\"contentUrl\":\"https:\\\/\\\/secure.gravatar.com\\\/avatar\\\/3a8de04a2656d44082be478bd6c086daa447c4651605818287b9532d3d0bd435?s=96&d=mm&r=g\",\"caption\":\"Lo viste en Los Pol\u00edticos\"},\"url\":\"https:\\\/\\\/lospoliticosveracruz.com\\\/?author=2\"}]}<\/script>\n<!-- \/ Yoast SEO plugin. -->","yoast_head_json":{"title":"LA FRANQUEZA EN POL\u00cdTICA - Los pol\u00edticos Veracruz","robots":{"index":"index","follow":"follow","max-snippet":"max-snippet:-1","max-image-preview":"max-image-preview:large","max-video-preview":"max-video-preview:-1"},"canonical":"https:\/\/lospoliticosveracruz.com\/?p=105225","og_locale":"es_ES","og_type":"article","og_title":"LA FRANQUEZA EN POL\u00cdTICA - Los pol\u00edticos Veracruz","og_description":"Inocencio Y\u00e1\u00f1ez Vicencio Hace no mucho, al terminar de leer el libro de Jos\u00e9 Luis Moreno Pesta\u00f1a, titulado : Retorno a Atenas, editado en 2019 por Siglo XXI de Espa\u00f1a, me llam\u00f3 la atenci\u00f3n un tema que trata y que su comprensi\u00f3n depende del concepto de pol\u00edtica que se asuma. Para los que definen la [&hellip;]","og_url":"https:\/\/lospoliticosveracruz.com\/?p=105225","og_site_name":"Los pol\u00edticos Veracruz","article_publisher":"https:\/\/www.facebook.com\/people\/Notimemes-de-los-Polticos\/61565672886568\/","article_published_time":"2023-04-24T20:18:16+00:00","article_modified_time":"2023-04-24T20:18:22+00:00","og_image":[{"url":"https:\/\/lospoliticosveracruz.com.mx\/wp-content\/uploads\/2021\/10\/Zacauilt-150x300.jpg","type":"","width":"","height":""}],"author":"Lo viste en Los Pol\u00edticos","twitter_card":"summary_large_image","twitter_creator":"@LosPoliticosVer","twitter_site":"@LosPoliticosVer","twitter_misc":{"Escrito por":"Lo viste en Los Pol\u00edticos","Tiempo de lectura":"5 minutos"},"schema":{"@context":"https:\/\/schema.org","@graph":[{"@type":"Article","@id":"https:\/\/lospoliticosveracruz.com\/?p=105225#article","isPartOf":{"@id":"https:\/\/lospoliticosveracruz.com\/?p=105225"},"author":{"name":"Lo viste en Los Pol\u00edticos","@id":"https:\/\/lospoliticosveracruz.com\/#\/schema\/person\/b8702bb0e538456e6efd07080bf2a4a2"},"headline":"LA FRANQUEZA EN POL\u00cdTICA","datePublished":"2023-04-24T20:18:16+00:00","dateModified":"2023-04-24T20:18:22+00:00","mainEntityOfPage":{"@id":"https:\/\/lospoliticosveracruz.com\/?p=105225"},"wordCount":930,"publisher":{"@id":"https:\/\/lospoliticosveracruz.com\/#organization"},"image":{"@id":"https:\/\/lospoliticosveracruz.com\/?p=105225#primaryimage"},"thumbnailUrl":"https:\/\/lospoliticosveracruz.com.mx\/wp-content\/uploads\/2021\/10\/Zacauilt-150x300.jpg","keywords":["Andr\u00e9s Manuel L\u00f3pez Obrador","Inocencio Y\u00e1\u00f1ez Vicencio","Jos\u00e9 Lu\u00eds Moreno Pesta\u00f1a","Morena"],"articleSection":["De Opini\u00f3n"],"inLanguage":"es"},{"@type":"WebPage","@id":"https:\/\/lospoliticosveracruz.com\/?p=105225","url":"https:\/\/lospoliticosveracruz.com\/?p=105225","name":"LA FRANQUEZA EN POL\u00cdTICA - Los pol\u00edticos Veracruz","isPartOf":{"@id":"https:\/\/lospoliticosveracruz.com\/#website"},"primaryImageOfPage":{"@id":"https:\/\/lospoliticosveracruz.com\/?p=105225#primaryimage"},"image":{"@id":"https:\/\/lospoliticosveracruz.com\/?p=105225#primaryimage"},"thumbnailUrl":"https:\/\/lospoliticosveracruz.com.mx\/wp-content\/uploads\/2021\/10\/Zacauilt-150x300.jpg","datePublished":"2023-04-24T20:18:16+00:00","dateModified":"2023-04-24T20:18:22+00:00","breadcrumb":{"@id":"https:\/\/lospoliticosveracruz.com\/?p=105225#breadcrumb"},"inLanguage":"es","potentialAction":[{"@type":"ReadAction","target":["https:\/\/lospoliticosveracruz.com\/?p=105225"]}]},{"@type":"ImageObject","inLanguage":"es","@id":"https:\/\/lospoliticosveracruz.com\/?p=105225#primaryimage","url":"https:\/\/lospoliticosveracruz.com.mx\/wp-content\/uploads\/2021\/10\/Zacauilt-150x300.jpg","contentUrl":"https:\/\/lospoliticosveracruz.com.mx\/wp-content\/uploads\/2021\/10\/Zacauilt-150x300.jpg"},{"@type":"BreadcrumbList","@id":"https:\/\/lospoliticosveracruz.com\/?p=105225#breadcrumb","itemListElement":[{"@type":"ListItem","position":1,"name":"Portada","item":"https:\/\/lospoliticosveracruz.com\/"},{"@type":"ListItem","position":2,"name":"LA FRANQUEZA EN POL\u00cdTICA"}]},{"@type":"WebSite","@id":"https:\/\/lospoliticosveracruz.com\/#website","url":"https:\/\/lospoliticosveracruz.com\/","name":"Los pol\u00edticos Veracruz","description":"","publisher":{"@id":"https:\/\/lospoliticosveracruz.com\/#organization"},"potentialAction":[{"@type":"SearchAction","target":{"@type":"EntryPoint","urlTemplate":"https:\/\/lospoliticosveracruz.com\/?s={search_term_string}"},"query-input":{"@type":"PropertyValueSpecification","valueRequired":true,"valueName":"search_term_string"}}],"inLanguage":"es"},{"@type":"Organization","@id":"https:\/\/lospoliticosveracruz.com\/#organization","name":"Los pol\u00edticos Veracruz","url":"https:\/\/lospoliticosveracruz.com\/","logo":{"@type":"ImageObject","inLanguage":"es","@id":"https:\/\/lospoliticosveracruz.com\/#\/schema\/logo\/image\/","url":"https:\/\/lospoliticosveracruz.com\/wp-content\/uploads\/2025\/12\/Logo-Nuevo-LOS-POLITICOS-1.jpg","contentUrl":"https:\/\/lospoliticosveracruz.com\/wp-content\/uploads\/2025\/12\/Logo-Nuevo-LOS-POLITICOS-1.jpg","width":260,"height":70,"caption":"Los pol\u00edticos Veracruz"},"image":{"@id":"https:\/\/lospoliticosveracruz.com\/#\/schema\/logo\/image\/"},"sameAs":["https:\/\/www.facebook.com\/people\/Notimemes-de-los-Polticos\/61565672886568\/","https:\/\/x.com\/LosPoliticosVer"]},{"@type":"Person","@id":"https:\/\/lospoliticosveracruz.com\/#\/schema\/person\/b8702bb0e538456e6efd07080bf2a4a2","name":"Lo viste en Los Pol\u00edticos","image":{"@type":"ImageObject","inLanguage":"es","@id":"https:\/\/secure.gravatar.com\/avatar\/3a8de04a2656d44082be478bd6c086daa447c4651605818287b9532d3d0bd435?s=96&d=mm&r=g","url":"https:\/\/secure.gravatar.com\/avatar\/3a8de04a2656d44082be478bd6c086daa447c4651605818287b9532d3d0bd435?s=96&d=mm&r=g","contentUrl":"https:\/\/secure.gravatar.com\/avatar\/3a8de04a2656d44082be478bd6c086daa447c4651605818287b9532d3d0bd435?s=96&d=mm&r=g","caption":"Lo viste en Los Pol\u00edticos"},"url":"https:\/\/lospoliticosveracruz.com\/?author=2"}]}},"_links":{"self":[{"href":"https:\/\/lospoliticosveracruz.com\/index.php?rest_route=\/wp\/v2\/posts\/105225","targetHints":{"allow":["GET"]}}],"collection":[{"href":"https:\/\/lospoliticosveracruz.com\/index.php?rest_route=\/wp\/v2\/posts"}],"about":[{"href":"https:\/\/lospoliticosveracruz.com\/index.php?rest_route=\/wp\/v2\/types\/post"}],"author":[{"embeddable":true,"href":"https:\/\/lospoliticosveracruz.com\/index.php?rest_route=\/wp\/v2\/users\/2"}],"replies":[{"embeddable":true,"href":"https:\/\/lospoliticosveracruz.com\/index.php?rest_route=%2Fwp%2Fv2%2Fcomments&post=105225"}],"version-history":[{"count":1,"href":"https:\/\/lospoliticosveracruz.com\/index.php?rest_route=\/wp\/v2\/posts\/105225\/revisions"}],"predecessor-version":[{"id":105226,"href":"https:\/\/lospoliticosveracruz.com\/index.php?rest_route=\/wp\/v2\/posts\/105225\/revisions\/105226"}],"wp:attachment":[{"href":"https:\/\/lospoliticosveracruz.com\/index.php?rest_route=%2Fwp%2Fv2%2Fmedia&parent=105225"}],"wp:term":[{"taxonomy":"category","embeddable":true,"href":"https:\/\/lospoliticosveracruz.com\/index.php?rest_route=%2Fwp%2Fv2%2Fcategories&post=105225"},{"taxonomy":"post_tag","embeddable":true,"href":"https:\/\/lospoliticosveracruz.com\/index.php?rest_route=%2Fwp%2Fv2%2Ftags&post=105225"}],"curies":[{"name":"wp","href":"https:\/\/api.w.org\/{rel}","templated":true}]}}