{"id":105311,"date":"2023-04-26T08:33:59","date_gmt":"2023-04-26T13:33:59","guid":{"rendered":"https:\/\/lospoliticosveracruz.com.mx\/?p=105311"},"modified":"2023-04-26T08:34:15","modified_gmt":"2023-04-26T13:34:15","slug":"amlo-la-rosa-de-guadalupe","status":"publish","type":"post","link":"https:\/\/lospoliticosveracruz.com\/?p=105311","title":{"rendered":"AMLO, \u00bfLA ROSA DE GUADALUPE?"},"content":{"rendered":"\n<p><br><strong>Ricardo Chua<\/strong><br><em>Sale y Vale<\/em><\/p>\n\n\n\n<p><br>De la cita que tienen los 22 gobernadores de MORENA hoy en Palacio Nacional, hecho que fue confirmado por varios mandatarios estatales ayer por la tarde, se destilan dos versiones sobre el tema.. La primera, seg\u00fan se dice, es para RESPALDAR a Ad\u00e1n Augusto L\u00f3pez para que se quede como Presidente de M\u00e9xico, en caso de ser necesario por la presunta gravedad de la enfermedad que padece Andr\u00e9s Manuel L\u00f3pez Obrador, que no ser\u00eda COVID, sino un caso m\u00e1s fuerte\u2026<\/p>\n\n\n<div class=\"wp-block-image\">\n<figure class=\"alignleft size-medium\"><a href=\"https:\/\/lospoliticosveracruz.com.mx\/wp-content\/uploads\/2021\/10\/Zacauilt.jpg\"><img decoding=\"async\" src=\"https:\/\/lospoliticosveracruz.com.mx\/wp-content\/uploads\/2021\/10\/Zacauilt-150x300.jpg\" alt=\"\" class=\"wp-image-80558\"\/><\/a><\/figure>\n<\/div>\n\n\n<p>La segunda versi\u00f3n, que se escucha m\u00e1s congruente, es que a los gobernadores los cit\u00f3 el propio L\u00f3pez Obrador para sostener una \u00abconferencia\u00bb audiovisual con ellos en Palacio Nacional.. Darle su respaldo, demostrar que est\u00e1 m\u00e1s fuerte que nunca.. AMLO es un tipo muy conocedor de la pol\u00edtica del caos y del rumor.. Y es capaz de lo que sea y armar una \u00abnovela\u00bb tipo \u00abLa Rosa de Guadalupe\u00bb.. Para reaparecer sano,.salvo y fuerte.. A lado de sus \u00abescuderos\u00bb, los gobernadores Morenos del pa\u00eds\u2026 Y a todos enga\u00f1\u00f3\u2026 SU NATURALEZA HUMANA\u2026<\/p>\n\n\n\n<p>Los que conocen a AMLO se\u00f1alan que a lo mejor el Covid, desvanecimiento y \u00abgolpe de calor\u00bb es real.. Pero aprovech\u00f3 este asunto para intentar dar la vuelta al tema que le preocupa en las \u00faltimas semanas: Su ca\u00edda en las encuestas de aceptaci\u00f3n ciudadana.. A lo mejor eso lo puso mal, el darse cuenta de los puntos que baj\u00f3.. Y ahora su enfermedad tiene a todos hablando de \u00e9l, diciendo una cosa y neg\u00e1ndola, para salir ma\u00f1ana \u00e9l en su \u00abma\u00f1anera\u00bb: \u00abEso es que quisieran los conservadores, especuladores, zopilotes\u00bb\u2026 \u00bfO NO?\u2026<\/p>\n\n\n\n<p>Si bien es cierto es una realidad que levanta muchas suspicacias la cita de los gobernadores.. Para sostener una \u00abvideollamada\u00bb, parece innecesario ir a Palacio Nacional.. Esas especulaciones pueden afectar a la Bolsa Mexicana de Valores y da\u00f1ar a su gobierno federal.. Algo que le debe importar mucho a AMLO.. Ya se ver\u00e1 en las pr\u00f3ximas horas.. Pero estas especulaciones le gustan al Presidente\u2026 Y L\u00f3pez Obrador es un experto en hacer \u00abcortinas de humo\u00bb.. Con \u00e9l hay que tener cuidado.. NO ES DE FIAR.. AMEN..<\/p>\n\n\n\n<p><strong>UNANUE, EL REY DE LA SALSA.<\/strong>. El que seguramente ser\u00e1 el m\u00e1s beneficiado del \u00abSalsaFest Veracruz 2023\u00bb es, sin duda, el alcalde de Boca del R\u00edo, Juan Manuel Unannue\u2026 Cuyos bonos, se ir\u00e1n por las \u00abnubes\u00bb por tal evento.. Ya que la derrama econ\u00f3mica que dejar\u00e1 a la ciudad de 400 millones de pesos, ser\u00e1 el mejor momento para la recuperaci\u00f3n de finanzas de este sitio tur\u00edstico, uno de los m\u00e1s afectados por la pandemia del COVID\u2026 Ahora la recuperaci\u00f3n empezar\u00e1 totalmente al tener el 100 por ciento de ocupaci\u00f3n hotelera..<\/p>\n\n\n\n<p>Eso adem\u00e1s es una gran proyecci\u00f3n nacional e internacional por los artistas que vienen a la conurbaci\u00f3n\u2026 Sobre todo la imagen de Unanue quedar\u00e1 muy bien parada tanto para su partido, el PAN, y la alianza opositora.. Dado que tambi\u00e9n es sabido que al alcalde boque\u00f1o.. Lo ven con buenos ojos los opositores para que \u00abjuegue\u00bb a un cargo de elecci\u00f3n popular y que este podr\u00eda ser la candidatura al Senado por Veracruz.. Una situaci\u00f3n que se le puede dar si el asunto de su imagen p\u00fablica es bien llevada..<\/p>\n\n\n\n<p>Hay que recordar que Unanue.. Es un personaje que maneja bien sus relaciones p\u00fablicas, sociales y pol\u00edticas.. No se le conoce enfrentamiento pol\u00edtico o p\u00fablico con alg\u00fan sector de la poblaci\u00f3n.. Tampoco se sabe que mantenga enemistades pol\u00edticas dentro de su partido.. Menos con los otros opositores y sobre todo ha logrado transitar con los altos funcionarios de MORENA en el estado.. Que lo ven con buenos ojos.. Pese a gobernar el municipio que es el \u00abcoraz\u00f3n azul\u00bb de Veracruz..<\/p>\n\n\n\n<p>De esa manera, un festival como el de la salsa, lo puede catapultar muy bien.. Sobre todo si el respaldo que le dar\u00e1 Cuitl\u00e1huac Garc\u00eda al evento es suficiente para hacerlo similar a los anteriores\u2026 Finalmente, si algo le gusta a Cuitl\u00e1huac es la salsa y le encanta venir a bailar en sus antros en Boca del R\u00edo.. As\u00ed que s\u00f3lo habr\u00e1 que esperar los saldos del \u00abSalsaFest\u00bb despu\u00e9s de que concluya el evento.. Y seguramente, le ser\u00e1n favorables a Unannue y a la alianza opositora.. EL QUE ENTENDI\u00d3, ENTENDI\u00d3..<\/p>\n\n\n\n<p><strong>MAR\u00cdA ELENA SOLA, LA SORPRESA DE SAT<\/strong>.. Al menos una alcaldesa de MORENA est\u00e1 dando de qu\u00e9 hablar de buena manera\u2026 Y la que da esa sorpresa es la de San Andr\u00e9s Tuxtla, Mar\u00eda Elena Solana Calzada.. Quien empieza a dar los resultados con temas de obra p\u00fablica para que su municipio crezca en lo social y econ\u00f3mico.. Y que pese a las \u00abgrillas\u00bb palaciegas, al parecer, ha conseguido presuntamente el respaldo de Cuitl\u00e1huac Garc\u00eda.. Para el desarrollo de la ciudad\u2026 Sobre todo en rubros como agropecuario u obras de infraestructura social..<\/p>\n\n\n\n<p>Por eso, Solana Calzada puede decir que ahora podr\u00e1 plantear la mejora y desarrollo del municipio.. Si ya tiene el apoyo del gobernador, no habr\u00e1 excusa para que ese desarrollo no llegue\u2026 Lo \u00fanico que faltar\u00eda es notificarle la aprobaci\u00f3n de un presupuesto para obra carretera, que se supone a\u00fan no se ha informado al ayuntamiento por v\u00edas oficiales de parte de la SIOP sobre un proyecto\u2026 De c\u00f3mo ser\u00eda el famoso libramiento.. OJO Elio\u2026 Si ya Cuitl\u00e1huac lo autoriz\u00f3\u2026 \u00bfQu\u00e9 esperas?\u2026<\/p>\n\n\n\n<p>Ya que este libramiento es el que tanto requiere la ciudad\u2026 Ya que fuera de toda \u00abgrilla\u00bb pol\u00edtica, este mismo evitar\u00eda que habitantes del municipio y todos aquel que viaja del centro al sur del Estado.. No pierdan m\u00e1s de una hora en cruzar la ciudad por el tr\u00e1fico que se forma en la carretera federal.. Ser\u00eda una obra parecida a la de Cardel con su libramiento a Xalapa.. Lo \u00fanico que se necesita es no tener ambig\u00fcedad al hablar de dos esos proyectos\u2026 Uno ser\u00eda para ampliaci\u00f3n del boulevard y otro para un libramiento carretero por 140 millones de pesos\u2026<\/p>\n\n\n\n<p>Estas versiones la han manejado los diputados locales, Juan Javier G\u00f3mez Cazar\u00edn y Rafael Fararoni Maga\u00f1a\u2026 Pero hasta el momento, no se tiene el conocimiento o pormenores de estas obras\u2026 Por tal motivo, Solana Calzada abre el di\u00e1logo a su gobierno y los interesados, para presentar el proyecto y se pueda colaborar.. De esa manera, conociendo los detalles, no habr\u00e1 acciones que generen pol\u00e9mica y evitar\u00e1n la confrontaci\u00f3n.. Estas ser\u00edan acciones concretas y sin \u00abgrillas\u00bb.. S\u00f3lo falta la reuni\u00f3n Cazar\u00edn, Fararoni y Solana\u2026 AMEN<br>\u2026<\/p>\n","protected":false},"excerpt":{"rendered":"<p>Ricardo ChuaSale y Vale De la cita que tienen los 22 gobernadores de MORENA hoy en Palacio Nacional, hecho que fue confirmado por varios mandatarios estatales ayer por la tarde, se destilan dos versiones sobre el tema.. La primera, seg\u00fan se dice, es para RESPALDAR a Ad\u00e1n Augusto L\u00f3pez para que se quede como Presidente [&hellip;]<\/p>\n","protected":false},"author":2,"featured_media":0,"comment_status":"closed","ping_status":"closed","sticky":false,"template":"","format":"standard","meta":{"tdm_status":"","tdm_grid_status":"","footnotes":""},"categories":[70],"tags":[618,1563,12695,12535,38034,1026,36141,195],"class_list":{"0":"post-105311","1":"post","2":"type-post","3":"status-publish","4":"format-standard","6":"category-de-opinion","7":"tag-andres-manuel-lopez-obrador","8":"tag-cuitlahuac-garcia-jimenez","9":"tag-juan-javier-gomez-cazarin","10":"tag-juan-manuel-unanue-abascal","11":"tag-maria-elena-sola","12":"tag-morena","13":"tag-rafa-fararoni","14":"tag-veracruz"},"yoast_head":"<!-- This site is optimized with the Yoast SEO plugin v27.4 - https:\/\/yoast.com\/product\/yoast-seo-wordpress\/ -->\n<title>AMLO, \u00bfLA ROSA DE GUADALUPE? - Los pol\u00edticos Veracruz<\/title>\n<meta name=\"robots\" content=\"index, follow, max-snippet:-1, max-image-preview:large, max-video-preview:-1\" \/>\n<link rel=\"canonical\" href=\"https:\/\/lospoliticosveracruz.com\/?p=105311\" \/>\n<meta property=\"og:locale\" content=\"es_ES\" \/>\n<meta property=\"og:type\" content=\"article\" \/>\n<meta property=\"og:title\" content=\"AMLO, \u00bfLA ROSA DE GUADALUPE? - Los pol\u00edticos Veracruz\" \/>\n<meta property=\"og:description\" content=\"Ricardo ChuaSale y Vale De la cita que tienen los 22 gobernadores de MORENA hoy en Palacio Nacional, hecho que fue confirmado por varios mandatarios estatales ayer por la tarde, se destilan dos versiones sobre el tema.. La primera, seg\u00fan se dice, es para RESPALDAR a Ad\u00e1n Augusto L\u00f3pez para que se quede como Presidente [&hellip;]\" \/>\n<meta property=\"og:url\" content=\"https:\/\/lospoliticosveracruz.com\/?p=105311\" \/>\n<meta property=\"og:site_name\" content=\"Los pol\u00edticos Veracruz\" \/>\n<meta property=\"article:publisher\" content=\"https:\/\/www.facebook.com\/people\/Notimemes-de-los-Polticos\/61565672886568\/\" \/>\n<meta property=\"article:published_time\" content=\"2023-04-26T13:33:59+00:00\" \/>\n<meta property=\"article:modified_time\" content=\"2023-04-26T13:34:15+00:00\" \/>\n<meta property=\"og:image\" content=\"https:\/\/lospoliticosveracruz.com.mx\/wp-content\/uploads\/2021\/10\/Zacauilt-150x300.jpg\" \/>\n<meta name=\"author\" content=\"Lo viste en Los Pol\u00edticos\" \/>\n<meta name=\"twitter:card\" content=\"summary_large_image\" \/>\n<meta name=\"twitter:creator\" content=\"@LosPoliticosVer\" \/>\n<meta name=\"twitter:site\" content=\"@LosPoliticosVer\" \/>\n<meta name=\"twitter:label1\" content=\"Escrito por\" \/>\n\t<meta name=\"twitter:data1\" content=\"Lo viste en Los Pol\u00edticos\" \/>\n\t<meta name=\"twitter:label2\" content=\"Tiempo de lectura\" \/>\n\t<meta name=\"twitter:data2\" content=\"6 minutos\" \/>\n<script type=\"application\/ld+json\" class=\"yoast-schema-graph\">{\"@context\":\"https:\\\/\\\/schema.org\",\"@graph\":[{\"@type\":\"Article\",\"@id\":\"https:\\\/\\\/lospoliticosveracruz.com\\\/?p=105311#article\",\"isPartOf\":{\"@id\":\"https:\\\/\\\/lospoliticosveracruz.com\\\/?p=105311\"},\"author\":{\"name\":\"Lo viste en Los Pol\u00edticos\",\"@id\":\"https:\\\/\\\/lospoliticosveracruz.com\\\/#\\\/schema\\\/person\\\/b8702bb0e538456e6efd07080bf2a4a2\"},\"headline\":\"AMLO, \u00bfLA ROSA DE GUADALUPE?\",\"datePublished\":\"2023-04-26T13:33:59+00:00\",\"dateModified\":\"2023-04-26T13:34:15+00:00\",\"mainEntityOfPage\":{\"@id\":\"https:\\\/\\\/lospoliticosveracruz.com\\\/?p=105311\"},\"wordCount\":1154,\"publisher\":{\"@id\":\"https:\\\/\\\/lospoliticosveracruz.com\\\/#organization\"},\"image\":{\"@id\":\"https:\\\/\\\/lospoliticosveracruz.com\\\/?p=105311#primaryimage\"},\"thumbnailUrl\":\"https:\\\/\\\/lospoliticosveracruz.com.mx\\\/wp-content\\\/uploads\\\/2021\\\/10\\\/Zacauilt-150x300.jpg\",\"keywords\":[\"Andr\u00e9s Manuel L\u00f3pez Obrador\",\"Cuitl\u00e1huac Garc\u00eda Jim\u00e9nez\",\"Juan Javier G\u00f3mez Cazar\u00edn\",\"Juan Manuel Un\u00e1nue Abascal\",\"MAR\u00cdA ELENA SOLA\",\"Morena\",\"Rafa Fararoni\",\"Veracruz\"],\"articleSection\":[\"De Opini\u00f3n\"],\"inLanguage\":\"es\"},{\"@type\":\"WebPage\",\"@id\":\"https:\\\/\\\/lospoliticosveracruz.com\\\/?p=105311\",\"url\":\"https:\\\/\\\/lospoliticosveracruz.com\\\/?p=105311\",\"name\":\"AMLO, \u00bfLA ROSA DE GUADALUPE? - Los pol\u00edticos Veracruz\",\"isPartOf\":{\"@id\":\"https:\\\/\\\/lospoliticosveracruz.com\\\/#website\"},\"primaryImageOfPage\":{\"@id\":\"https:\\\/\\\/lospoliticosveracruz.com\\\/?p=105311#primaryimage\"},\"image\":{\"@id\":\"https:\\\/\\\/lospoliticosveracruz.com\\\/?p=105311#primaryimage\"},\"thumbnailUrl\":\"https:\\\/\\\/lospoliticosveracruz.com.mx\\\/wp-content\\\/uploads\\\/2021\\\/10\\\/Zacauilt-150x300.jpg\",\"datePublished\":\"2023-04-26T13:33:59+00:00\",\"dateModified\":\"2023-04-26T13:34:15+00:00\",\"breadcrumb\":{\"@id\":\"https:\\\/\\\/lospoliticosveracruz.com\\\/?p=105311#breadcrumb\"},\"inLanguage\":\"es\",\"potentialAction\":[{\"@type\":\"ReadAction\",\"target\":[\"https:\\\/\\\/lospoliticosveracruz.com\\\/?p=105311\"]}]},{\"@type\":\"ImageObject\",\"inLanguage\":\"es\",\"@id\":\"https:\\\/\\\/lospoliticosveracruz.com\\\/?p=105311#primaryimage\",\"url\":\"https:\\\/\\\/lospoliticosveracruz.com.mx\\\/wp-content\\\/uploads\\\/2021\\\/10\\\/Zacauilt-150x300.jpg\",\"contentUrl\":\"https:\\\/\\\/lospoliticosveracruz.com.mx\\\/wp-content\\\/uploads\\\/2021\\\/10\\\/Zacauilt-150x300.jpg\"},{\"@type\":\"BreadcrumbList\",\"@id\":\"https:\\\/\\\/lospoliticosveracruz.com\\\/?p=105311#breadcrumb\",\"itemListElement\":[{\"@type\":\"ListItem\",\"position\":1,\"name\":\"Portada\",\"item\":\"https:\\\/\\\/lospoliticosveracruz.com\\\/\"},{\"@type\":\"ListItem\",\"position\":2,\"name\":\"AMLO, \u00bfLA ROSA DE GUADALUPE?\"}]},{\"@type\":\"WebSite\",\"@id\":\"https:\\\/\\\/lospoliticosveracruz.com\\\/#website\",\"url\":\"https:\\\/\\\/lospoliticosveracruz.com\\\/\",\"name\":\"Los pol\u00edticos Veracruz\",\"description\":\"\",\"publisher\":{\"@id\":\"https:\\\/\\\/lospoliticosveracruz.com\\\/#organization\"},\"potentialAction\":[{\"@type\":\"SearchAction\",\"target\":{\"@type\":\"EntryPoint\",\"urlTemplate\":\"https:\\\/\\\/lospoliticosveracruz.com\\\/?s={search_term_string}\"},\"query-input\":{\"@type\":\"PropertyValueSpecification\",\"valueRequired\":true,\"valueName\":\"search_term_string\"}}],\"inLanguage\":\"es\"},{\"@type\":\"Organization\",\"@id\":\"https:\\\/\\\/lospoliticosveracruz.com\\\/#organization\",\"name\":\"Los pol\u00edticos Veracruz\",\"url\":\"https:\\\/\\\/lospoliticosveracruz.com\\\/\",\"logo\":{\"@type\":\"ImageObject\",\"inLanguage\":\"es\",\"@id\":\"https:\\\/\\\/lospoliticosveracruz.com\\\/#\\\/schema\\\/logo\\\/image\\\/\",\"url\":\"https:\\\/\\\/lospoliticosveracruz.com\\\/wp-content\\\/uploads\\\/2025\\\/12\\\/Logo-Nuevo-LOS-POLITICOS-1.jpg\",\"contentUrl\":\"https:\\\/\\\/lospoliticosveracruz.com\\\/wp-content\\\/uploads\\\/2025\\\/12\\\/Logo-Nuevo-LOS-POLITICOS-1.jpg\",\"width\":260,\"height\":70,\"caption\":\"Los pol\u00edticos Veracruz\"},\"image\":{\"@id\":\"https:\\\/\\\/lospoliticosveracruz.com\\\/#\\\/schema\\\/logo\\\/image\\\/\"},\"sameAs\":[\"https:\\\/\\\/www.facebook.com\\\/people\\\/Notimemes-de-los-Polticos\\\/61565672886568\\\/\",\"https:\\\/\\\/x.com\\\/LosPoliticosVer\"]},{\"@type\":\"Person\",\"@id\":\"https:\\\/\\\/lospoliticosveracruz.com\\\/#\\\/schema\\\/person\\\/b8702bb0e538456e6efd07080bf2a4a2\",\"name\":\"Lo viste en Los Pol\u00edticos\",\"image\":{\"@type\":\"ImageObject\",\"inLanguage\":\"es\",\"@id\":\"https:\\\/\\\/secure.gravatar.com\\\/avatar\\\/3a8de04a2656d44082be478bd6c086daa447c4651605818287b9532d3d0bd435?s=96&d=mm&r=g\",\"url\":\"https:\\\/\\\/secure.gravatar.com\\\/avatar\\\/3a8de04a2656d44082be478bd6c086daa447c4651605818287b9532d3d0bd435?s=96&d=mm&r=g\",\"contentUrl\":\"https:\\\/\\\/secure.gravatar.com\\\/avatar\\\/3a8de04a2656d44082be478bd6c086daa447c4651605818287b9532d3d0bd435?s=96&d=mm&r=g\",\"caption\":\"Lo viste en Los Pol\u00edticos\"},\"url\":\"https:\\\/\\\/lospoliticosveracruz.com\\\/?author=2\"}]}<\/script>\n<!-- \/ Yoast SEO plugin. -->","yoast_head_json":{"title":"AMLO, \u00bfLA ROSA DE GUADALUPE? - Los pol\u00edticos Veracruz","robots":{"index":"index","follow":"follow","max-snippet":"max-snippet:-1","max-image-preview":"max-image-preview:large","max-video-preview":"max-video-preview:-1"},"canonical":"https:\/\/lospoliticosveracruz.com\/?p=105311","og_locale":"es_ES","og_type":"article","og_title":"AMLO, \u00bfLA ROSA DE GUADALUPE? - Los pol\u00edticos Veracruz","og_description":"Ricardo ChuaSale y Vale De la cita que tienen los 22 gobernadores de MORENA hoy en Palacio Nacional, hecho que fue confirmado por varios mandatarios estatales ayer por la tarde, se destilan dos versiones sobre el tema.. La primera, seg\u00fan se dice, es para RESPALDAR a Ad\u00e1n Augusto L\u00f3pez para que se quede como Presidente [&hellip;]","og_url":"https:\/\/lospoliticosveracruz.com\/?p=105311","og_site_name":"Los pol\u00edticos Veracruz","article_publisher":"https:\/\/www.facebook.com\/people\/Notimemes-de-los-Polticos\/61565672886568\/","article_published_time":"2023-04-26T13:33:59+00:00","article_modified_time":"2023-04-26T13:34:15+00:00","og_image":[{"url":"https:\/\/lospoliticosveracruz.com.mx\/wp-content\/uploads\/2021\/10\/Zacauilt-150x300.jpg","type":"","width":"","height":""}],"author":"Lo viste en Los Pol\u00edticos","twitter_card":"summary_large_image","twitter_creator":"@LosPoliticosVer","twitter_site":"@LosPoliticosVer","twitter_misc":{"Escrito por":"Lo viste en Los Pol\u00edticos","Tiempo de lectura":"6 minutos"},"schema":{"@context":"https:\/\/schema.org","@graph":[{"@type":"Article","@id":"https:\/\/lospoliticosveracruz.com\/?p=105311#article","isPartOf":{"@id":"https:\/\/lospoliticosveracruz.com\/?p=105311"},"author":{"name":"Lo viste en Los Pol\u00edticos","@id":"https:\/\/lospoliticosveracruz.com\/#\/schema\/person\/b8702bb0e538456e6efd07080bf2a4a2"},"headline":"AMLO, \u00bfLA ROSA DE GUADALUPE?","datePublished":"2023-04-26T13:33:59+00:00","dateModified":"2023-04-26T13:34:15+00:00","mainEntityOfPage":{"@id":"https:\/\/lospoliticosveracruz.com\/?p=105311"},"wordCount":1154,"publisher":{"@id":"https:\/\/lospoliticosveracruz.com\/#organization"},"image":{"@id":"https:\/\/lospoliticosveracruz.com\/?p=105311#primaryimage"},"thumbnailUrl":"https:\/\/lospoliticosveracruz.com.mx\/wp-content\/uploads\/2021\/10\/Zacauilt-150x300.jpg","keywords":["Andr\u00e9s Manuel L\u00f3pez Obrador","Cuitl\u00e1huac Garc\u00eda Jim\u00e9nez","Juan Javier G\u00f3mez Cazar\u00edn","Juan Manuel Un\u00e1nue Abascal","MAR\u00cdA ELENA SOLA","Morena","Rafa Fararoni","Veracruz"],"articleSection":["De Opini\u00f3n"],"inLanguage":"es"},{"@type":"WebPage","@id":"https:\/\/lospoliticosveracruz.com\/?p=105311","url":"https:\/\/lospoliticosveracruz.com\/?p=105311","name":"AMLO, \u00bfLA ROSA DE GUADALUPE? - Los pol\u00edticos Veracruz","isPartOf":{"@id":"https:\/\/lospoliticosveracruz.com\/#website"},"primaryImageOfPage":{"@id":"https:\/\/lospoliticosveracruz.com\/?p=105311#primaryimage"},"image":{"@id":"https:\/\/lospoliticosveracruz.com\/?p=105311#primaryimage"},"thumbnailUrl":"https:\/\/lospoliticosveracruz.com.mx\/wp-content\/uploads\/2021\/10\/Zacauilt-150x300.jpg","datePublished":"2023-04-26T13:33:59+00:00","dateModified":"2023-04-26T13:34:15+00:00","breadcrumb":{"@id":"https:\/\/lospoliticosveracruz.com\/?p=105311#breadcrumb"},"inLanguage":"es","potentialAction":[{"@type":"ReadAction","target":["https:\/\/lospoliticosveracruz.com\/?p=105311"]}]},{"@type":"ImageObject","inLanguage":"es","@id":"https:\/\/lospoliticosveracruz.com\/?p=105311#primaryimage","url":"https:\/\/lospoliticosveracruz.com.mx\/wp-content\/uploads\/2021\/10\/Zacauilt-150x300.jpg","contentUrl":"https:\/\/lospoliticosveracruz.com.mx\/wp-content\/uploads\/2021\/10\/Zacauilt-150x300.jpg"},{"@type":"BreadcrumbList","@id":"https:\/\/lospoliticosveracruz.com\/?p=105311#breadcrumb","itemListElement":[{"@type":"ListItem","position":1,"name":"Portada","item":"https:\/\/lospoliticosveracruz.com\/"},{"@type":"ListItem","position":2,"name":"AMLO, \u00bfLA ROSA DE GUADALUPE?"}]},{"@type":"WebSite","@id":"https:\/\/lospoliticosveracruz.com\/#website","url":"https:\/\/lospoliticosveracruz.com\/","name":"Los pol\u00edticos Veracruz","description":"","publisher":{"@id":"https:\/\/lospoliticosveracruz.com\/#organization"},"potentialAction":[{"@type":"SearchAction","target":{"@type":"EntryPoint","urlTemplate":"https:\/\/lospoliticosveracruz.com\/?s={search_term_string}"},"query-input":{"@type":"PropertyValueSpecification","valueRequired":true,"valueName":"search_term_string"}}],"inLanguage":"es"},{"@type":"Organization","@id":"https:\/\/lospoliticosveracruz.com\/#organization","name":"Los pol\u00edticos Veracruz","url":"https:\/\/lospoliticosveracruz.com\/","logo":{"@type":"ImageObject","inLanguage":"es","@id":"https:\/\/lospoliticosveracruz.com\/#\/schema\/logo\/image\/","url":"https:\/\/lospoliticosveracruz.com\/wp-content\/uploads\/2025\/12\/Logo-Nuevo-LOS-POLITICOS-1.jpg","contentUrl":"https:\/\/lospoliticosveracruz.com\/wp-content\/uploads\/2025\/12\/Logo-Nuevo-LOS-POLITICOS-1.jpg","width":260,"height":70,"caption":"Los pol\u00edticos Veracruz"},"image":{"@id":"https:\/\/lospoliticosveracruz.com\/#\/schema\/logo\/image\/"},"sameAs":["https:\/\/www.facebook.com\/people\/Notimemes-de-los-Polticos\/61565672886568\/","https:\/\/x.com\/LosPoliticosVer"]},{"@type":"Person","@id":"https:\/\/lospoliticosveracruz.com\/#\/schema\/person\/b8702bb0e538456e6efd07080bf2a4a2","name":"Lo viste en Los Pol\u00edticos","image":{"@type":"ImageObject","inLanguage":"es","@id":"https:\/\/secure.gravatar.com\/avatar\/3a8de04a2656d44082be478bd6c086daa447c4651605818287b9532d3d0bd435?s=96&d=mm&r=g","url":"https:\/\/secure.gravatar.com\/avatar\/3a8de04a2656d44082be478bd6c086daa447c4651605818287b9532d3d0bd435?s=96&d=mm&r=g","contentUrl":"https:\/\/secure.gravatar.com\/avatar\/3a8de04a2656d44082be478bd6c086daa447c4651605818287b9532d3d0bd435?s=96&d=mm&r=g","caption":"Lo viste en Los Pol\u00edticos"},"url":"https:\/\/lospoliticosveracruz.com\/?author=2"}]}},"_links":{"self":[{"href":"https:\/\/lospoliticosveracruz.com\/index.php?rest_route=\/wp\/v2\/posts\/105311","targetHints":{"allow":["GET"]}}],"collection":[{"href":"https:\/\/lospoliticosveracruz.com\/index.php?rest_route=\/wp\/v2\/posts"}],"about":[{"href":"https:\/\/lospoliticosveracruz.com\/index.php?rest_route=\/wp\/v2\/types\/post"}],"author":[{"embeddable":true,"href":"https:\/\/lospoliticosveracruz.com\/index.php?rest_route=\/wp\/v2\/users\/2"}],"replies":[{"embeddable":true,"href":"https:\/\/lospoliticosveracruz.com\/index.php?rest_route=%2Fwp%2Fv2%2Fcomments&post=105311"}],"version-history":[{"count":1,"href":"https:\/\/lospoliticosveracruz.com\/index.php?rest_route=\/wp\/v2\/posts\/105311\/revisions"}],"predecessor-version":[{"id":105313,"href":"https:\/\/lospoliticosveracruz.com\/index.php?rest_route=\/wp\/v2\/posts\/105311\/revisions\/105313"}],"wp:attachment":[{"href":"https:\/\/lospoliticosveracruz.com\/index.php?rest_route=%2Fwp%2Fv2%2Fmedia&parent=105311"}],"wp:term":[{"taxonomy":"category","embeddable":true,"href":"https:\/\/lospoliticosveracruz.com\/index.php?rest_route=%2Fwp%2Fv2%2Fcategories&post=105311"},{"taxonomy":"post_tag","embeddable":true,"href":"https:\/\/lospoliticosveracruz.com\/index.php?rest_route=%2Fwp%2Fv2%2Ftags&post=105311"}],"curies":[{"name":"wp","href":"https:\/\/api.w.org\/{rel}","templated":true}]}}