{"id":105314,"date":"2023-04-26T08:40:00","date_gmt":"2023-04-26T13:40:00","guid":{"rendered":"https:\/\/lospoliticosveracruz.com.mx\/?p=105314"},"modified":"2023-04-26T08:40:00","modified_gmt":"2023-04-26T13:40:00","slug":"dos-grandes-decepciones-y-fiascos","status":"publish","type":"post","link":"https:\/\/lospoliticosveracruz.com\/?p=105314","title":{"rendered":"DOS GRANDES DECEPCIONES Y FIASCOS"},"content":{"rendered":"\n<p><br><strong>Bernardo Guti\u00e9rrez Parra<\/strong><br><em>Desde el Caf\u00e9<\/em><\/p>\n\n\n\n<p>El domingo en la madrugada, alguien llam\u00f3 al 911 para reportar que una mujer habr\u00eda sido asesinada presuntamente a golpes en el interior de su domicilio en la colonia El Sabinal de Perote. Las primeras versiones hablaron de un feminicidio y as\u00ed lo manejaron los medios que tocaron el tema.<\/p>\n\n\n<div class=\"wp-block-image\">\n<figure class=\"alignleft size-medium\"><a href=\"https:\/\/lospoliticosveracruz.com.mx\/wp-content\/uploads\/2021\/10\/WhatsApp-Image-2021-10-02-at-15.20.25.jpeg\"><img loading=\"lazy\" decoding=\"async\" width=\"212\" height=\"300\" src=\"https:\/\/lospoliticosveracruz.com.mx\/wp-content\/uploads\/2021\/10\/WhatsApp-Image-2021-10-02-at-15.20.25-212x300.jpeg\" alt=\"\" class=\"wp-image-80177\" srcset=\"https:\/\/lospoliticosveracruz.com\/wp-content\/uploads\/2021\/10\/WhatsApp-Image-2021-10-02-at-15.20.25-212x300.jpeg 212w, https:\/\/lospoliticosveracruz.com\/wp-content\/uploads\/2021\/10\/WhatsApp-Image-2021-10-02-at-15.20.25-724x1024.jpeg 724w, https:\/\/lospoliticosveracruz.com\/wp-content\/uploads\/2021\/10\/WhatsApp-Image-2021-10-02-at-15.20.25-768x1086.jpeg 768w, https:\/\/lospoliticosveracruz.com\/wp-content\/uploads\/2021\/10\/WhatsApp-Image-2021-10-02-at-15.20.25.jpeg 905w\" sizes=\"auto, (max-width: 212px) 100vw, 212px\" \/><\/a><\/figure>\n<\/div>\n\n\n<p>Este martes, el Fiscal estatal Cuitl\u00e1huac Garc\u00eda Jim\u00e9nez, que ejerce funciones de gobernador, dijo que no se trat\u00f3 de un feminicidio sino de un suicidio ya que la mujer de 30 a\u00f1os ingiri\u00f3 raticida \u201cen presencia de sus hijos\u201d.<\/p>\n\n\n\n<p>En conferencia de prensa atac\u00f3 a dos medios de comunicaci\u00f3n (sin decir sus nombres) de inventar un feminicidio que no existi\u00f3 con tal de sacar \u201craja pol\u00edtica para atacar\u201d por ganar titulares y llevarse \u201clas 8 columnas\u201d.<\/p>\n\n\n\n<p>Pero m\u00e1s all\u00e1 del yerro period\u00edstico, como que lo puso feliz que el caso no hubiera acabado en feminicidio, porque ya no quiere saber nada estos flagelos. Tan es as\u00ed que su asistente en la Fiscal\u00eda, Ver\u00f3nica Hern\u00e1ndez Giad\u00e1ns, dijo que el m\u00f3vil en el asesinato de la enfermera Yarazeth, ocurrido el s\u00e1bado anterior fue el robo. Y si lo clasifican de esa manera ser\u00eda homicidio doloso y no feminicidio.<\/p>\n\n\n\n<p>Lo cierto lector, es que los feminicidios han rebasado tanto la capacidad del gobierno para contenerlos, que ya no sabe qu\u00e9 hacer para ocultarlos.<\/p>\n\n\n\n<p>\u201cMatar a una mujer en Veracruz es un asunto sencillo. El criminal la puede hostigar, acosar, golpear, violar y asesinar cuando as\u00ed lo decida para despu\u00e9s irse a dormir a su casa. Al d\u00eda siguiente puede hacer sus actividades normales con la plena convicci\u00f3n de que vivir\u00e1 impune porque tenemos un gobierno que con su incapacidad y desidia lo protege\u201d, me dijo hace un tiempo una estudiante universitaria que tuvo que salir del estado porque fue atacada por un sujeto que antes de violarla la acos\u00f3 por meses.<\/p>\n\n\n\n<p>La joven present\u00f3 su denuncia en la Fiscal\u00eda y sucedi\u00f3 con \u00e9sta lo que con las denuncias por robo a su domicilio que present\u00f3 Yarazeth antes de ser asesinada; fueron echadas al olvido.<\/p>\n\n\n\n<p>Mar\u00eda Jos\u00e9, la joven que se suicid\u00f3 en El Sabinal tampoco tuvo apoyo de las autoridades. Y a pesar de que el se\u00f1or Fiscal Cuitl\u00e1huac Garc\u00eda dijo: \u201cNo tiene golpes como dijeron los medios\u201d, esto es una falacia. De acuerdo con los vecinos, d\u00edas antes de su muerte fue ingresada a un nosocomio debido a una golpiza que recibi\u00f3 de su marido. Es decir, golpes s\u00ed hubo y debieron ser muchos. Mar\u00eda Jos\u00e9 busc\u00f3 apoyo del Instituto Municipal de la Mujer pero es evidente que no lo obtuvo.<\/p>\n\n\n\n<p>Por mucho que un juez venal dictamine que lo que le sucedi\u00f3 a Yarazeth fue un homicidio doloso y no un feminicidio, esto no borrar\u00e1 el hecho de que Veracruz es una peligrosa ratonera para las mujeres y el queso est\u00e1 hecho de la impunidad con la que se pasean los feminicidas.<\/p>\n\n\n\n<p>Sobre el asesinato del docente Jos\u00e9 Alfredo N, acribillado a balazos en C\u00f3rdoba el lunes por la tarde, Cuitl\u00e1huac asegur\u00f3: \u201cEra primo de un l\u00edder de los Zetas\u201d y de inmediato se amarr\u00f3 el dedo; \u201cAhora van a decir que lo revictimizamos\u201d.<\/p>\n\n\n\n<p>Y as\u00ed se fue a la tumba el maestro Jos\u00e9 Alfredo, como primo de un Zeta\u2026 y revictimizado.<\/p>\n\n\n\n<p>Si nos apegamos a la l\u00f3gica del gobernador, la se\u00f1ora Hern\u00e1ndez Giad\u00e1ns tambi\u00e9n es familiar de una delincuente.<\/p>\n\n\n\n<p>El 22 de enero del 2020, la entonces encargada de la Fiscal\u00eda General del Estado acept\u00f3 ante los legisladores locales que es prima hermana de Guadalupe Hern\u00e1ndez Hervis \u201cLa Jefa\u201d, integrante de un grupo delictivo. Y a\u00fan con ese antecedente fue nombrada Fiscal Estatal, puesto que tiro por viaje le usurpa Cuitl\u00e1huac Garc\u00eda.<\/p>\n\n\n\n<p>Si se mira en el espejo del maestro Jos\u00e9 Alfredo, do\u00f1a Ver\u00f3nica deber\u00eda redoblar sus precauciones tanto de seguridad como legales. No s\u00f3lo para evitar un ataque que nadie desea, sino por lo que se le vendr\u00e1 cuando deje la Fiscal\u00eda en la que ha resultado, lo mismo que el se\u00f1or gobernador en su cargo, una gran decepci\u00f3n y un aut\u00e9ntico fiasco.<\/p>\n\n\n\n<p>bernardogup@hotmail.com<\/p>\n","protected":false},"excerpt":{"rendered":"<p>Bernardo Guti\u00e9rrez ParraDesde el Caf\u00e9 El domingo en la madrugada, alguien llam\u00f3 al 911 para reportar que una mujer habr\u00eda sido asesinada presuntamente a golpes en el interior de su domicilio en la colonia El Sabinal de Perote. Las primeras versiones hablaron de un feminicidio y as\u00ed lo manejaron los medios que tocaron el tema. [&hellip;]<\/p>\n","protected":false},"author":2,"featured_media":0,"comment_status":"closed","ping_status":"","sticky":false,"template":"","format":"standard","meta":{"tdm_status":"","tdm_grid_status":"","footnotes":""},"categories":[70],"tags":[34206,1563,1257,5555,1026,195,15165],"class_list":{"0":"post-105314","1":"post","2":"type-post","3":"status-publish","4":"format-standard","6":"category-de-opinion","7":"tag-bernardo-gutierrez-parra","8":"tag-cuitlahuac-garcia-jimenez","9":"tag-feminicidio","10":"tag-fiscalia","11":"tag-morena","12":"tag-veracruz","13":"tag-veronica-hernandez-giadans"},"yoast_head":"<!-- This site is optimized with the Yoast SEO plugin v27.4 - https:\/\/yoast.com\/product\/yoast-seo-wordpress\/ -->\n<title>DOS GRANDES DECEPCIONES Y FIASCOS - Los pol\u00edticos Veracruz<\/title>\n<meta name=\"robots\" content=\"index, follow, max-snippet:-1, max-image-preview:large, max-video-preview:-1\" \/>\n<link rel=\"canonical\" href=\"https:\/\/lospoliticosveracruz.com\/?p=105314\" \/>\n<meta property=\"og:locale\" content=\"es_ES\" \/>\n<meta property=\"og:type\" content=\"article\" \/>\n<meta property=\"og:title\" content=\"DOS GRANDES DECEPCIONES Y FIASCOS - Los pol\u00edticos Veracruz\" \/>\n<meta property=\"og:description\" content=\"Bernardo Guti\u00e9rrez ParraDesde el Caf\u00e9 El domingo en la madrugada, alguien llam\u00f3 al 911 para reportar que una mujer habr\u00eda sido asesinada presuntamente a golpes en el interior de su domicilio en la colonia El Sabinal de Perote. Las primeras versiones hablaron de un feminicidio y as\u00ed lo manejaron los medios que tocaron el tema. [&hellip;]\" \/>\n<meta property=\"og:url\" content=\"https:\/\/lospoliticosveracruz.com\/?p=105314\" \/>\n<meta property=\"og:site_name\" content=\"Los pol\u00edticos Veracruz\" \/>\n<meta property=\"article:publisher\" content=\"https:\/\/www.facebook.com\/people\/Notimemes-de-los-Polticos\/61565672886568\/\" \/>\n<meta property=\"article:published_time\" content=\"2023-04-26T13:40:00+00:00\" \/>\n<meta property=\"og:image\" content=\"https:\/\/lospoliticosveracruz.com.mx\/wp-content\/uploads\/2021\/10\/WhatsApp-Image-2021-10-02-at-15.20.25-212x300.jpeg\" \/>\n<meta name=\"author\" content=\"Lo viste en Los Pol\u00edticos\" \/>\n<meta name=\"twitter:card\" content=\"summary_large_image\" \/>\n<meta name=\"twitter:creator\" content=\"@LosPoliticosVer\" \/>\n<meta name=\"twitter:site\" content=\"@LosPoliticosVer\" \/>\n<meta name=\"twitter:label1\" content=\"Escrito por\" \/>\n\t<meta name=\"twitter:data1\" content=\"Lo viste en Los Pol\u00edticos\" \/>\n\t<meta name=\"twitter:label2\" content=\"Tiempo de lectura\" \/>\n\t<meta name=\"twitter:data2\" content=\"4 minutos\" \/>\n<script type=\"application\/ld+json\" class=\"yoast-schema-graph\">{\"@context\":\"https:\\\/\\\/schema.org\",\"@graph\":[{\"@type\":\"Article\",\"@id\":\"https:\\\/\\\/lospoliticosveracruz.com\\\/?p=105314#article\",\"isPartOf\":{\"@id\":\"https:\\\/\\\/lospoliticosveracruz.com\\\/?p=105314\"},\"author\":{\"name\":\"Lo viste en Los Pol\u00edticos\",\"@id\":\"https:\\\/\\\/lospoliticosveracruz.com\\\/#\\\/schema\\\/person\\\/b8702bb0e538456e6efd07080bf2a4a2\"},\"headline\":\"DOS GRANDES DECEPCIONES Y FIASCOS\",\"datePublished\":\"2023-04-26T13:40:00+00:00\",\"mainEntityOfPage\":{\"@id\":\"https:\\\/\\\/lospoliticosveracruz.com\\\/?p=105314\"},\"wordCount\":731,\"publisher\":{\"@id\":\"https:\\\/\\\/lospoliticosveracruz.com\\\/#organization\"},\"image\":{\"@id\":\"https:\\\/\\\/lospoliticosveracruz.com\\\/?p=105314#primaryimage\"},\"thumbnailUrl\":\"https:\\\/\\\/lospoliticosveracruz.com.mx\\\/wp-content\\\/uploads\\\/2021\\\/10\\\/WhatsApp-Image-2021-10-02-at-15.20.25-212x300.jpeg\",\"keywords\":[\"Bernardo Guti\u00e9rrez Parra\",\"Cuitl\u00e1huac Garc\u00eda Jim\u00e9nez\",\"feminicidio\",\"Fiscal\u00eda\",\"Morena\",\"Veracruz\",\"Ver\u00f3nica Hern\u00e1ndez Giad\u00e1ns\"],\"articleSection\":[\"De Opini\u00f3n\"],\"inLanguage\":\"es\"},{\"@type\":\"WebPage\",\"@id\":\"https:\\\/\\\/lospoliticosveracruz.com\\\/?p=105314\",\"url\":\"https:\\\/\\\/lospoliticosveracruz.com\\\/?p=105314\",\"name\":\"DOS GRANDES DECEPCIONES Y FIASCOS - Los pol\u00edticos Veracruz\",\"isPartOf\":{\"@id\":\"https:\\\/\\\/lospoliticosveracruz.com\\\/#website\"},\"primaryImageOfPage\":{\"@id\":\"https:\\\/\\\/lospoliticosveracruz.com\\\/?p=105314#primaryimage\"},\"image\":{\"@id\":\"https:\\\/\\\/lospoliticosveracruz.com\\\/?p=105314#primaryimage\"},\"thumbnailUrl\":\"https:\\\/\\\/lospoliticosveracruz.com.mx\\\/wp-content\\\/uploads\\\/2021\\\/10\\\/WhatsApp-Image-2021-10-02-at-15.20.25-212x300.jpeg\",\"datePublished\":\"2023-04-26T13:40:00+00:00\",\"breadcrumb\":{\"@id\":\"https:\\\/\\\/lospoliticosveracruz.com\\\/?p=105314#breadcrumb\"},\"inLanguage\":\"es\",\"potentialAction\":[{\"@type\":\"ReadAction\",\"target\":[\"https:\\\/\\\/lospoliticosveracruz.com\\\/?p=105314\"]}]},{\"@type\":\"ImageObject\",\"inLanguage\":\"es\",\"@id\":\"https:\\\/\\\/lospoliticosveracruz.com\\\/?p=105314#primaryimage\",\"url\":\"https:\\\/\\\/lospoliticosveracruz.com.mx\\\/wp-content\\\/uploads\\\/2021\\\/10\\\/WhatsApp-Image-2021-10-02-at-15.20.25-212x300.jpeg\",\"contentUrl\":\"https:\\\/\\\/lospoliticosveracruz.com.mx\\\/wp-content\\\/uploads\\\/2021\\\/10\\\/WhatsApp-Image-2021-10-02-at-15.20.25-212x300.jpeg\"},{\"@type\":\"BreadcrumbList\",\"@id\":\"https:\\\/\\\/lospoliticosveracruz.com\\\/?p=105314#breadcrumb\",\"itemListElement\":[{\"@type\":\"ListItem\",\"position\":1,\"name\":\"Portada\",\"item\":\"https:\\\/\\\/lospoliticosveracruz.com\\\/\"},{\"@type\":\"ListItem\",\"position\":2,\"name\":\"DOS GRANDES DECEPCIONES Y FIASCOS\"}]},{\"@type\":\"WebSite\",\"@id\":\"https:\\\/\\\/lospoliticosveracruz.com\\\/#website\",\"url\":\"https:\\\/\\\/lospoliticosveracruz.com\\\/\",\"name\":\"Los pol\u00edticos Veracruz\",\"description\":\"\",\"publisher\":{\"@id\":\"https:\\\/\\\/lospoliticosveracruz.com\\\/#organization\"},\"potentialAction\":[{\"@type\":\"SearchAction\",\"target\":{\"@type\":\"EntryPoint\",\"urlTemplate\":\"https:\\\/\\\/lospoliticosveracruz.com\\\/?s={search_term_string}\"},\"query-input\":{\"@type\":\"PropertyValueSpecification\",\"valueRequired\":true,\"valueName\":\"search_term_string\"}}],\"inLanguage\":\"es\"},{\"@type\":\"Organization\",\"@id\":\"https:\\\/\\\/lospoliticosveracruz.com\\\/#organization\",\"name\":\"Los pol\u00edticos Veracruz\",\"url\":\"https:\\\/\\\/lospoliticosveracruz.com\\\/\",\"logo\":{\"@type\":\"ImageObject\",\"inLanguage\":\"es\",\"@id\":\"https:\\\/\\\/lospoliticosveracruz.com\\\/#\\\/schema\\\/logo\\\/image\\\/\",\"url\":\"https:\\\/\\\/lospoliticosveracruz.com\\\/wp-content\\\/uploads\\\/2025\\\/12\\\/Logo-Nuevo-LOS-POLITICOS-1.jpg\",\"contentUrl\":\"https:\\\/\\\/lospoliticosveracruz.com\\\/wp-content\\\/uploads\\\/2025\\\/12\\\/Logo-Nuevo-LOS-POLITICOS-1.jpg\",\"width\":260,\"height\":70,\"caption\":\"Los pol\u00edticos Veracruz\"},\"image\":{\"@id\":\"https:\\\/\\\/lospoliticosveracruz.com\\\/#\\\/schema\\\/logo\\\/image\\\/\"},\"sameAs\":[\"https:\\\/\\\/www.facebook.com\\\/people\\\/Notimemes-de-los-Polticos\\\/61565672886568\\\/\",\"https:\\\/\\\/x.com\\\/LosPoliticosVer\"]},{\"@type\":\"Person\",\"@id\":\"https:\\\/\\\/lospoliticosveracruz.com\\\/#\\\/schema\\\/person\\\/b8702bb0e538456e6efd07080bf2a4a2\",\"name\":\"Lo viste en Los Pol\u00edticos\",\"image\":{\"@type\":\"ImageObject\",\"inLanguage\":\"es\",\"@id\":\"https:\\\/\\\/secure.gravatar.com\\\/avatar\\\/3a8de04a2656d44082be478bd6c086daa447c4651605818287b9532d3d0bd435?s=96&d=mm&r=g\",\"url\":\"https:\\\/\\\/secure.gravatar.com\\\/avatar\\\/3a8de04a2656d44082be478bd6c086daa447c4651605818287b9532d3d0bd435?s=96&d=mm&r=g\",\"contentUrl\":\"https:\\\/\\\/secure.gravatar.com\\\/avatar\\\/3a8de04a2656d44082be478bd6c086daa447c4651605818287b9532d3d0bd435?s=96&d=mm&r=g\",\"caption\":\"Lo viste en Los Pol\u00edticos\"},\"url\":\"https:\\\/\\\/lospoliticosveracruz.com\\\/?author=2\"}]}<\/script>\n<!-- \/ Yoast SEO plugin. -->","yoast_head_json":{"title":"DOS GRANDES DECEPCIONES Y FIASCOS - Los pol\u00edticos Veracruz","robots":{"index":"index","follow":"follow","max-snippet":"max-snippet:-1","max-image-preview":"max-image-preview:large","max-video-preview":"max-video-preview:-1"},"canonical":"https:\/\/lospoliticosveracruz.com\/?p=105314","og_locale":"es_ES","og_type":"article","og_title":"DOS GRANDES DECEPCIONES Y FIASCOS - Los pol\u00edticos Veracruz","og_description":"Bernardo Guti\u00e9rrez ParraDesde el Caf\u00e9 El domingo en la madrugada, alguien llam\u00f3 al 911 para reportar que una mujer habr\u00eda sido asesinada presuntamente a golpes en el interior de su domicilio en la colonia El Sabinal de Perote. Las primeras versiones hablaron de un feminicidio y as\u00ed lo manejaron los medios que tocaron el tema. [&hellip;]","og_url":"https:\/\/lospoliticosveracruz.com\/?p=105314","og_site_name":"Los pol\u00edticos Veracruz","article_publisher":"https:\/\/www.facebook.com\/people\/Notimemes-de-los-Polticos\/61565672886568\/","article_published_time":"2023-04-26T13:40:00+00:00","og_image":[{"url":"https:\/\/lospoliticosveracruz.com.mx\/wp-content\/uploads\/2021\/10\/WhatsApp-Image-2021-10-02-at-15.20.25-212x300.jpeg","type":"","width":"","height":""}],"author":"Lo viste en Los Pol\u00edticos","twitter_card":"summary_large_image","twitter_creator":"@LosPoliticosVer","twitter_site":"@LosPoliticosVer","twitter_misc":{"Escrito por":"Lo viste en Los Pol\u00edticos","Tiempo de lectura":"4 minutos"},"schema":{"@context":"https:\/\/schema.org","@graph":[{"@type":"Article","@id":"https:\/\/lospoliticosveracruz.com\/?p=105314#article","isPartOf":{"@id":"https:\/\/lospoliticosveracruz.com\/?p=105314"},"author":{"name":"Lo viste en Los Pol\u00edticos","@id":"https:\/\/lospoliticosveracruz.com\/#\/schema\/person\/b8702bb0e538456e6efd07080bf2a4a2"},"headline":"DOS GRANDES DECEPCIONES Y FIASCOS","datePublished":"2023-04-26T13:40:00+00:00","mainEntityOfPage":{"@id":"https:\/\/lospoliticosveracruz.com\/?p=105314"},"wordCount":731,"publisher":{"@id":"https:\/\/lospoliticosveracruz.com\/#organization"},"image":{"@id":"https:\/\/lospoliticosveracruz.com\/?p=105314#primaryimage"},"thumbnailUrl":"https:\/\/lospoliticosveracruz.com.mx\/wp-content\/uploads\/2021\/10\/WhatsApp-Image-2021-10-02-at-15.20.25-212x300.jpeg","keywords":["Bernardo Guti\u00e9rrez Parra","Cuitl\u00e1huac Garc\u00eda Jim\u00e9nez","feminicidio","Fiscal\u00eda","Morena","Veracruz","Ver\u00f3nica Hern\u00e1ndez Giad\u00e1ns"],"articleSection":["De Opini\u00f3n"],"inLanguage":"es"},{"@type":"WebPage","@id":"https:\/\/lospoliticosveracruz.com\/?p=105314","url":"https:\/\/lospoliticosveracruz.com\/?p=105314","name":"DOS GRANDES DECEPCIONES Y FIASCOS - Los pol\u00edticos Veracruz","isPartOf":{"@id":"https:\/\/lospoliticosveracruz.com\/#website"},"primaryImageOfPage":{"@id":"https:\/\/lospoliticosveracruz.com\/?p=105314#primaryimage"},"image":{"@id":"https:\/\/lospoliticosveracruz.com\/?p=105314#primaryimage"},"thumbnailUrl":"https:\/\/lospoliticosveracruz.com.mx\/wp-content\/uploads\/2021\/10\/WhatsApp-Image-2021-10-02-at-15.20.25-212x300.jpeg","datePublished":"2023-04-26T13:40:00+00:00","breadcrumb":{"@id":"https:\/\/lospoliticosveracruz.com\/?p=105314#breadcrumb"},"inLanguage":"es","potentialAction":[{"@type":"ReadAction","target":["https:\/\/lospoliticosveracruz.com\/?p=105314"]}]},{"@type":"ImageObject","inLanguage":"es","@id":"https:\/\/lospoliticosveracruz.com\/?p=105314#primaryimage","url":"https:\/\/lospoliticosveracruz.com.mx\/wp-content\/uploads\/2021\/10\/WhatsApp-Image-2021-10-02-at-15.20.25-212x300.jpeg","contentUrl":"https:\/\/lospoliticosveracruz.com.mx\/wp-content\/uploads\/2021\/10\/WhatsApp-Image-2021-10-02-at-15.20.25-212x300.jpeg"},{"@type":"BreadcrumbList","@id":"https:\/\/lospoliticosveracruz.com\/?p=105314#breadcrumb","itemListElement":[{"@type":"ListItem","position":1,"name":"Portada","item":"https:\/\/lospoliticosveracruz.com\/"},{"@type":"ListItem","position":2,"name":"DOS GRANDES DECEPCIONES Y FIASCOS"}]},{"@type":"WebSite","@id":"https:\/\/lospoliticosveracruz.com\/#website","url":"https:\/\/lospoliticosveracruz.com\/","name":"Los pol\u00edticos Veracruz","description":"","publisher":{"@id":"https:\/\/lospoliticosveracruz.com\/#organization"},"potentialAction":[{"@type":"SearchAction","target":{"@type":"EntryPoint","urlTemplate":"https:\/\/lospoliticosveracruz.com\/?s={search_term_string}"},"query-input":{"@type":"PropertyValueSpecification","valueRequired":true,"valueName":"search_term_string"}}],"inLanguage":"es"},{"@type":"Organization","@id":"https:\/\/lospoliticosveracruz.com\/#organization","name":"Los pol\u00edticos Veracruz","url":"https:\/\/lospoliticosveracruz.com\/","logo":{"@type":"ImageObject","inLanguage":"es","@id":"https:\/\/lospoliticosveracruz.com\/#\/schema\/logo\/image\/","url":"https:\/\/lospoliticosveracruz.com\/wp-content\/uploads\/2025\/12\/Logo-Nuevo-LOS-POLITICOS-1.jpg","contentUrl":"https:\/\/lospoliticosveracruz.com\/wp-content\/uploads\/2025\/12\/Logo-Nuevo-LOS-POLITICOS-1.jpg","width":260,"height":70,"caption":"Los pol\u00edticos Veracruz"},"image":{"@id":"https:\/\/lospoliticosveracruz.com\/#\/schema\/logo\/image\/"},"sameAs":["https:\/\/www.facebook.com\/people\/Notimemes-de-los-Polticos\/61565672886568\/","https:\/\/x.com\/LosPoliticosVer"]},{"@type":"Person","@id":"https:\/\/lospoliticosveracruz.com\/#\/schema\/person\/b8702bb0e538456e6efd07080bf2a4a2","name":"Lo viste en Los Pol\u00edticos","image":{"@type":"ImageObject","inLanguage":"es","@id":"https:\/\/secure.gravatar.com\/avatar\/3a8de04a2656d44082be478bd6c086daa447c4651605818287b9532d3d0bd435?s=96&d=mm&r=g","url":"https:\/\/secure.gravatar.com\/avatar\/3a8de04a2656d44082be478bd6c086daa447c4651605818287b9532d3d0bd435?s=96&d=mm&r=g","contentUrl":"https:\/\/secure.gravatar.com\/avatar\/3a8de04a2656d44082be478bd6c086daa447c4651605818287b9532d3d0bd435?s=96&d=mm&r=g","caption":"Lo viste en Los Pol\u00edticos"},"url":"https:\/\/lospoliticosveracruz.com\/?author=2"}]}},"_links":{"self":[{"href":"https:\/\/lospoliticosveracruz.com\/index.php?rest_route=\/wp\/v2\/posts\/105314","targetHints":{"allow":["GET"]}}],"collection":[{"href":"https:\/\/lospoliticosveracruz.com\/index.php?rest_route=\/wp\/v2\/posts"}],"about":[{"href":"https:\/\/lospoliticosveracruz.com\/index.php?rest_route=\/wp\/v2\/types\/post"}],"author":[{"embeddable":true,"href":"https:\/\/lospoliticosveracruz.com\/index.php?rest_route=\/wp\/v2\/users\/2"}],"replies":[{"embeddable":true,"href":"https:\/\/lospoliticosveracruz.com\/index.php?rest_route=%2Fwp%2Fv2%2Fcomments&post=105314"}],"version-history":[{"count":1,"href":"https:\/\/lospoliticosveracruz.com\/index.php?rest_route=\/wp\/v2\/posts\/105314\/revisions"}],"predecessor-version":[{"id":105315,"href":"https:\/\/lospoliticosveracruz.com\/index.php?rest_route=\/wp\/v2\/posts\/105314\/revisions\/105315"}],"wp:attachment":[{"href":"https:\/\/lospoliticosveracruz.com\/index.php?rest_route=%2Fwp%2Fv2%2Fmedia&parent=105314"}],"wp:term":[{"taxonomy":"category","embeddable":true,"href":"https:\/\/lospoliticosveracruz.com\/index.php?rest_route=%2Fwp%2Fv2%2Fcategories&post=105314"},{"taxonomy":"post_tag","embeddable":true,"href":"https:\/\/lospoliticosveracruz.com\/index.php?rest_route=%2Fwp%2Fv2%2Ftags&post=105314"}],"curies":[{"name":"wp","href":"https:\/\/api.w.org\/{rel}","templated":true}]}}