{"id":105316,"date":"2023-04-26T08:54:38","date_gmt":"2023-04-26T13:54:38","guid":{"rendered":"https:\/\/lospoliticosveracruz.com.mx\/?p=105316"},"modified":"2023-04-26T08:54:49","modified_gmt":"2023-04-26T13:54:49","slug":"el-fantoche-mamerto","status":"publish","type":"post","link":"https:\/\/lospoliticosveracruz.com\/?p=105316","title":{"rendered":"EL FANTOCHE MAMERTO"},"content":{"rendered":"\n<p><\/p>\n\n\n\n<ul class=\"wp-block-list\"><\/ul>\n\n\n\n<p><strong>Omar Z\u00fa\u00f1iga<br><\/strong><em>De Primera Mano<\/em><\/p>\n\n\n\n<p>Cuando tiene uno la intenci\u00f3n de abordar otros temas, llega el gobernador, el inepto (AMLO dixit) Cuitl\u00e1huac Garc\u00eda Jim\u00e9nez y pide mano.<br>Resulta que para variar, ante la ineficacia de su gobierno \u2013incluyo a la FGE en su gobierno a pesar de ser constitucionalmente un organismo aut\u00f3nomo, porque ellos mismos, Ejecutivo y FGE, as\u00ed lo han hecho notar- culpa a los medios de los feminicidios ocurridos en suelo veracruzano.<\/p>\n\n\n<div class=\"wp-block-image\">\n<figure class=\"alignleft size-full is-resized\"><a href=\"https:\/\/lospoliticosveracruz.com.mx\/wp-content\/uploads\/2023\/02\/Vinissimo.jpg\"><img loading=\"lazy\" decoding=\"async\" src=\"https:\/\/lospoliticosveracruz.com.mx\/wp-content\/uploads\/2023\/02\/Vinissimo.jpg\" alt=\"\" class=\"wp-image-102752\" width=\"175\" height=\"178\"\/><\/a><\/figure>\n<\/div>\n\n\n<p><br>Acus\u00f3 en su ma\u00f1anera regi\u00f3n cuatro y su media lengua a Oliva Noticias y AVC noticias de \u201cpropagar una noticia falsa. Miente nuevamente (sic). La intenci\u00f3n, obviamente, es atacar. Nunca preguntaron a la Fiscal\u00eda sobre ese hecho\u201d.<br>\u201cPero quieren sacar este anuncio de otro feminicidio m\u00e1s. Imag\u00ednense. As\u00ed lo dicen. Y es una muerte triste (sic), muy lamentable. Me acaba de informar la Fiscal\u00eda que se confirma que la joven ingiere (sic) raticida. Antes una tambi\u00e9n fue encontrada en sus dos hijos la casa y presencia de los hijos, sin saber s\u00edntoma de que fue llevada al hospital (sic)\u201d.<br>\u201cNo tiene golpes (la v\u00edctima), como dijeron esos medios. (\u2026) qu\u00e9 bueno que sucede. Para que quede en evidencia que ellos mienten descaradamente\u201d.<br>Y por ah\u00ed se sigui\u00f3, como hilo de media, machacando una y otra vez que el de Perote no fue feminicidio, sin tocar m\u00e1s que de refil\u00f3n el caso de la enfermera asesinada en Xalapa, feminicidio tambi\u00e9n, por cierto.<br>Y para que no quedara duda, la FGE anoche mismo boletin\u00f3 la detenci\u00f3n de un pelao probablemente involucrado en el feminicidio de Yasareth, y aqu\u00ed un par de cosas a destacar, en primera instancia el bolet\u00edn oficial no cataloga la muerte como feminicidio y por la otra que publican completo el nombre de la v\u00edctima, pas\u00e1ndose por el arco del triunfo sus derechos humanos, revictimiz\u00e1ndola, aunque a decir verdad, ya no sorprende pues es una constante en este gobierno.<br>En resumen, el gobernador Cuitl\u00e1huac Garc\u00eda es un fantoche, mamerto zurumb\u00e1tico y cagalindes, remedo de tirano, que le gusta vender espejitos.<br>Mi solidaridad con Jos\u00e9 Luis Oliva, Guillermo Ag\u00fcero y el equipo de Oliva Noticias; a Flavia Morales y dem\u00e1s directivos de AVC noticias, as\u00ed como a don Alfonso Salces y Ra\u00fal Olivares de Notiver que el viernes pasado les toc\u00f3 rasp\u00f3n presidencial.<br>Al final del d\u00eda, se cumple el cometido de ser inc\u00f3modos al tirano, ya falta menos.<\/p>\n\n\n\n<hr class=\"wp-block-separator has-alpha-channel-opacity\"\/>\n\n\n\n<p>Este martes 25 de abril, en el peri\u00f3dico La Raz\u00f3n editado en la Ciudad de M\u00e9xico, el columnista Francisco Res\u00e9ndiz public\u00f3 el siguiente texto:<br>\u201cDesde tierras veracruzanas nos comentan que esta en puerta un esc\u00e1ndalo que pega tanto al Consejo Nacional de Ciencia y Tecnolog\u00eda (Conacyt) como al Instituto Veracruzano de Acceso a la Informaci\u00f3n (IVAI)\u201d.<br>\u201cDe acuerdo con documentos entregados a este columnista, el Conacyt ha pagado durante m\u00e1s de tres a\u00f1os una beca al actual comisionado del IVAI, Jos\u00e9 Alfredo Corona Liz\u00e1rraga, quien por ley se encuentra impedido para recibir recursos ajenos a su salario como servidor p\u00fablico\u201d.<br>\u201cLa decisi\u00f3n del Conacyt de pagarle el Doctorado en Derecho al ex Fiscal Anticorrupci\u00f3n violar\u00eda la Ley de Ciencia y Tecnolog\u00eda, que exige tiempo completo a sus estudiantes; y la Ley de Transparencia del estado, que proh\u00edbe a sus comisionados recibir cualquier pago ajeno a su salario\u201d.<br>\u201cDe una b\u00fasqueda de informaci\u00f3n p\u00fablica, se obtuvo que Jos\u00e9 Alfredo Corona Liz\u00e1rraga es Comisionado del IVAI y actualmente cursa el Doctorado en Derecho en el Instituto de Investigaciones Jur\u00eddicas de la Universidad Veracruzana perteneciente al Padr\u00f3n de Posgrados de Calidad de CONACYT\u201d.<br>\u201cInformaci\u00f3n publicada por el Conacyt en la Plataforma Nacional de Transparencia (PNT), establece que durante los \u00faltimos tres a\u00f1os, el ex funcionario de la Fiscal\u00eda General del Estado y actual comisionado ha recibido al menos 295 mil 800 pesos de recursos p\u00fablicos\u201d.<br>\u201cDentro de los compromisos suscritos por el ex fiscal Anticorrupci\u00f3n de Veracruz para cursar dicho posgrado se encuentra \u201ccumplir con el tiempo completo al programa de posgrado\u201d, sin embargo a la par ejerce como comisionado del instituto de transparencia del estado de Veracruz\u201d.<br>\u201cAl recibir recurso del Conacyt, el comisionado viola la Ley de Transparencia del Estado de Veracruz, que le impide desempe\u00f1ar cualquier actividad por la que cobre o reciba recursos p\u00fablicos. El tema no es cosa menor. Deber\u00eda renunciar para dedicarse a sus estudios, \u00bfo no?\u201d<br>Hasta aqu\u00ed la columna, sin embargo cobra relevancia por tratarse de un tema directo de la aldea y explico porqu\u00e9.<br>En diciembre pasado, se public\u00f3 en este espacio que el mismo Corona hizo p\u00fablicas a trav\u00e9s de sus redes sociales, fotograf\u00edas donde depart\u00eda en un evento de fin de a\u00f1o con varios personajes de la 4T jarocha, entre ellos el gobernador y el coordinador de la Junta de Coordinaci\u00f3n Pol\u00edtica Juan Javier G\u00f3mez Cazar\u00edn y que estas fotos en nada abonaban a la transparencia y la pretendida imparcialidad.<br>Por otro lado, en su curricula publicada en el IVAI, Corona aparece como doctorado y a menos que se trate de un error ortogr\u00e1fico y se hayan comido la \u201cn\u201d en doctorando, estar\u00eda mintiendo.<br>Se suma este hecho a la desafortunada declaraci\u00f3n de la presidenta del Congreso Local Margarita Corro de pretender desaparecer al IVAI.<br>Lo dije en la pasada entrega, la transparencia es un derecho humano consagrado en la Constituci\u00f3n General de la Rep\u00fablica, no es un capricho de neoliberales conservadores y dem\u00e1s improperios morenistas.<br>La pregunta que hace Res\u00e9ndiz sobre si el comisionado del IVAI debe renunciar para dedicarse a sus estudios queda en el aire, pues se le pidi\u00f3 a Alfredo Corona una postura al respecto y no hubo respuesta. L\u00e1stima.<\/p>\n\n\n\n<p>\u00a1Qu\u00e9 barbaridad!<br>deprimera.mano2020@gmail.com<\/p>\n","protected":false},"excerpt":{"rendered":"<p>Omar Z\u00fa\u00f1igaDe Primera Mano Cuando tiene uno la intenci\u00f3n de abordar otros temas, llega el gobernador, el inepto (AMLO dixit) Cuitl\u00e1huac Garc\u00eda Jim\u00e9nez y pide mano.Resulta que para variar, ante la ineficacia de su gobierno \u2013incluyo a la FGE en su gobierno a pesar de ser constitucionalmente un organismo aut\u00f3nomo, porque ellos mismos, Ejecutivo y [&hellip;]<\/p>\n","protected":false},"author":2,"featured_media":0,"comment_status":"closed","ping_status":"closed","sticky":false,"template":"","format":"standard","meta":{"tdm_status":"","tdm_grid_status":"","footnotes":""},"categories":[70],"tags":[1604,1563,1257,4116,985,14040,12695,8711,1026,38035,195],"class_list":{"0":"post-105316","1":"post","2":"type-post","3":"status-publish","4":"format-standard","6":"category-de-opinion","7":"tag-conacyt","8":"tag-cuitlahuac-garcia-jimenez","9":"tag-feminicidio","10":"tag-fiscalia-general-del-estado","11":"tag-ivai","12":"tag-jose-alfredo-corona-lizarraga","13":"tag-juan-javier-gomez-cazarin","14":"tag-la-razon","15":"tag-morena","16":"tag-oliva-noticias","17":"tag-veracruz"},"yoast_head":"<!-- This site is optimized with the Yoast SEO plugin v27.4 - https:\/\/yoast.com\/product\/yoast-seo-wordpress\/ -->\n<title>EL FANTOCHE MAMERTO - Los pol\u00edticos Veracruz<\/title>\n<meta name=\"robots\" content=\"index, follow, max-snippet:-1, max-image-preview:large, max-video-preview:-1\" \/>\n<link rel=\"canonical\" href=\"https:\/\/lospoliticosveracruz.com\/?p=105316\" \/>\n<meta property=\"og:locale\" content=\"es_ES\" \/>\n<meta property=\"og:type\" content=\"article\" \/>\n<meta property=\"og:title\" content=\"EL FANTOCHE MAMERTO - Los pol\u00edticos Veracruz\" \/>\n<meta property=\"og:description\" content=\"Omar Z\u00fa\u00f1igaDe Primera Mano Cuando tiene uno la intenci\u00f3n de abordar otros temas, llega el gobernador, el inepto (AMLO dixit) Cuitl\u00e1huac Garc\u00eda Jim\u00e9nez y pide mano.Resulta que para variar, ante la ineficacia de su gobierno \u2013incluyo a la FGE en su gobierno a pesar de ser constitucionalmente un organismo aut\u00f3nomo, porque ellos mismos, Ejecutivo y [&hellip;]\" \/>\n<meta property=\"og:url\" content=\"https:\/\/lospoliticosveracruz.com\/?p=105316\" \/>\n<meta property=\"og:site_name\" content=\"Los pol\u00edticos Veracruz\" \/>\n<meta property=\"article:publisher\" content=\"https:\/\/www.facebook.com\/people\/Notimemes-de-los-Polticos\/61565672886568\/\" \/>\n<meta property=\"article:published_time\" content=\"2023-04-26T13:54:38+00:00\" \/>\n<meta property=\"article:modified_time\" content=\"2023-04-26T13:54:49+00:00\" \/>\n<meta property=\"og:image\" content=\"https:\/\/lospoliticosveracruz.com.mx\/wp-content\/uploads\/2023\/02\/Vinissimo.jpg\" \/>\n<meta name=\"author\" content=\"Lo viste en Los Pol\u00edticos\" \/>\n<meta name=\"twitter:card\" content=\"summary_large_image\" \/>\n<meta name=\"twitter:creator\" content=\"@LosPoliticosVer\" \/>\n<meta name=\"twitter:site\" content=\"@LosPoliticosVer\" \/>\n<meta name=\"twitter:label1\" content=\"Escrito por\" \/>\n\t<meta name=\"twitter:data1\" content=\"Lo viste en Los Pol\u00edticos\" \/>\n\t<meta name=\"twitter:label2\" content=\"Tiempo de lectura\" \/>\n\t<meta name=\"twitter:data2\" content=\"5 minutos\" \/>\n<script type=\"application\/ld+json\" class=\"yoast-schema-graph\">{\"@context\":\"https:\\\/\\\/schema.org\",\"@graph\":[{\"@type\":\"Article\",\"@id\":\"https:\\\/\\\/lospoliticosveracruz.com\\\/?p=105316#article\",\"isPartOf\":{\"@id\":\"https:\\\/\\\/lospoliticosveracruz.com\\\/?p=105316\"},\"author\":{\"name\":\"Lo viste en Los Pol\u00edticos\",\"@id\":\"https:\\\/\\\/lospoliticosveracruz.com\\\/#\\\/schema\\\/person\\\/b8702bb0e538456e6efd07080bf2a4a2\"},\"headline\":\"EL FANTOCHE MAMERTO\",\"datePublished\":\"2023-04-26T13:54:38+00:00\",\"dateModified\":\"2023-04-26T13:54:49+00:00\",\"mainEntityOfPage\":{\"@id\":\"https:\\\/\\\/lospoliticosveracruz.com\\\/?p=105316\"},\"wordCount\":1010,\"publisher\":{\"@id\":\"https:\\\/\\\/lospoliticosveracruz.com\\\/#organization\"},\"image\":{\"@id\":\"https:\\\/\\\/lospoliticosveracruz.com\\\/?p=105316#primaryimage\"},\"thumbnailUrl\":\"https:\\\/\\\/lospoliticosveracruz.com.mx\\\/wp-content\\\/uploads\\\/2023\\\/02\\\/Vinissimo.jpg\",\"keywords\":[\"Conacyt\",\"Cuitl\u00e1huac Garc\u00eda Jim\u00e9nez\",\"feminicidio\",\"Fiscal\u00eda General del Estado\",\"IVAI\",\"Jos\u00e9 Alfredo Corona Liz\u00e1rraga\",\"Juan Javier G\u00f3mez Cazar\u00edn\",\"La Raz\u00f3n\",\"Morena\",\"Oliva Noticias\",\"Veracruz\"],\"articleSection\":[\"De Opini\u00f3n\"],\"inLanguage\":\"es\"},{\"@type\":\"WebPage\",\"@id\":\"https:\\\/\\\/lospoliticosveracruz.com\\\/?p=105316\",\"url\":\"https:\\\/\\\/lospoliticosveracruz.com\\\/?p=105316\",\"name\":\"EL FANTOCHE MAMERTO - Los pol\u00edticos Veracruz\",\"isPartOf\":{\"@id\":\"https:\\\/\\\/lospoliticosveracruz.com\\\/#website\"},\"primaryImageOfPage\":{\"@id\":\"https:\\\/\\\/lospoliticosveracruz.com\\\/?p=105316#primaryimage\"},\"image\":{\"@id\":\"https:\\\/\\\/lospoliticosveracruz.com\\\/?p=105316#primaryimage\"},\"thumbnailUrl\":\"https:\\\/\\\/lospoliticosveracruz.com.mx\\\/wp-content\\\/uploads\\\/2023\\\/02\\\/Vinissimo.jpg\",\"datePublished\":\"2023-04-26T13:54:38+00:00\",\"dateModified\":\"2023-04-26T13:54:49+00:00\",\"breadcrumb\":{\"@id\":\"https:\\\/\\\/lospoliticosveracruz.com\\\/?p=105316#breadcrumb\"},\"inLanguage\":\"es\",\"potentialAction\":[{\"@type\":\"ReadAction\",\"target\":[\"https:\\\/\\\/lospoliticosveracruz.com\\\/?p=105316\"]}]},{\"@type\":\"ImageObject\",\"inLanguage\":\"es\",\"@id\":\"https:\\\/\\\/lospoliticosveracruz.com\\\/?p=105316#primaryimage\",\"url\":\"https:\\\/\\\/lospoliticosveracruz.com.mx\\\/wp-content\\\/uploads\\\/2023\\\/02\\\/Vinissimo.jpg\",\"contentUrl\":\"https:\\\/\\\/lospoliticosveracruz.com.mx\\\/wp-content\\\/uploads\\\/2023\\\/02\\\/Vinissimo.jpg\"},{\"@type\":\"BreadcrumbList\",\"@id\":\"https:\\\/\\\/lospoliticosveracruz.com\\\/?p=105316#breadcrumb\",\"itemListElement\":[{\"@type\":\"ListItem\",\"position\":1,\"name\":\"Portada\",\"item\":\"https:\\\/\\\/lospoliticosveracruz.com\\\/\"},{\"@type\":\"ListItem\",\"position\":2,\"name\":\"EL FANTOCHE MAMERTO\"}]},{\"@type\":\"WebSite\",\"@id\":\"https:\\\/\\\/lospoliticosveracruz.com\\\/#website\",\"url\":\"https:\\\/\\\/lospoliticosveracruz.com\\\/\",\"name\":\"Los pol\u00edticos Veracruz\",\"description\":\"\",\"publisher\":{\"@id\":\"https:\\\/\\\/lospoliticosveracruz.com\\\/#organization\"},\"potentialAction\":[{\"@type\":\"SearchAction\",\"target\":{\"@type\":\"EntryPoint\",\"urlTemplate\":\"https:\\\/\\\/lospoliticosveracruz.com\\\/?s={search_term_string}\"},\"query-input\":{\"@type\":\"PropertyValueSpecification\",\"valueRequired\":true,\"valueName\":\"search_term_string\"}}],\"inLanguage\":\"es\"},{\"@type\":\"Organization\",\"@id\":\"https:\\\/\\\/lospoliticosveracruz.com\\\/#organization\",\"name\":\"Los pol\u00edticos Veracruz\",\"url\":\"https:\\\/\\\/lospoliticosveracruz.com\\\/\",\"logo\":{\"@type\":\"ImageObject\",\"inLanguage\":\"es\",\"@id\":\"https:\\\/\\\/lospoliticosveracruz.com\\\/#\\\/schema\\\/logo\\\/image\\\/\",\"url\":\"https:\\\/\\\/lospoliticosveracruz.com\\\/wp-content\\\/uploads\\\/2025\\\/12\\\/Logo-Nuevo-LOS-POLITICOS-1.jpg\",\"contentUrl\":\"https:\\\/\\\/lospoliticosveracruz.com\\\/wp-content\\\/uploads\\\/2025\\\/12\\\/Logo-Nuevo-LOS-POLITICOS-1.jpg\",\"width\":260,\"height\":70,\"caption\":\"Los pol\u00edticos Veracruz\"},\"image\":{\"@id\":\"https:\\\/\\\/lospoliticosveracruz.com\\\/#\\\/schema\\\/logo\\\/image\\\/\"},\"sameAs\":[\"https:\\\/\\\/www.facebook.com\\\/people\\\/Notimemes-de-los-Polticos\\\/61565672886568\\\/\",\"https:\\\/\\\/x.com\\\/LosPoliticosVer\"]},{\"@type\":\"Person\",\"@id\":\"https:\\\/\\\/lospoliticosveracruz.com\\\/#\\\/schema\\\/person\\\/b8702bb0e538456e6efd07080bf2a4a2\",\"name\":\"Lo viste en Los Pol\u00edticos\",\"image\":{\"@type\":\"ImageObject\",\"inLanguage\":\"es\",\"@id\":\"https:\\\/\\\/secure.gravatar.com\\\/avatar\\\/3a8de04a2656d44082be478bd6c086daa447c4651605818287b9532d3d0bd435?s=96&d=mm&r=g\",\"url\":\"https:\\\/\\\/secure.gravatar.com\\\/avatar\\\/3a8de04a2656d44082be478bd6c086daa447c4651605818287b9532d3d0bd435?s=96&d=mm&r=g\",\"contentUrl\":\"https:\\\/\\\/secure.gravatar.com\\\/avatar\\\/3a8de04a2656d44082be478bd6c086daa447c4651605818287b9532d3d0bd435?s=96&d=mm&r=g\",\"caption\":\"Lo viste en Los Pol\u00edticos\"},\"url\":\"https:\\\/\\\/lospoliticosveracruz.com\\\/?author=2\"}]}<\/script>\n<!-- \/ Yoast SEO plugin. -->","yoast_head_json":{"title":"EL FANTOCHE MAMERTO - Los pol\u00edticos Veracruz","robots":{"index":"index","follow":"follow","max-snippet":"max-snippet:-1","max-image-preview":"max-image-preview:large","max-video-preview":"max-video-preview:-1"},"canonical":"https:\/\/lospoliticosveracruz.com\/?p=105316","og_locale":"es_ES","og_type":"article","og_title":"EL FANTOCHE MAMERTO - Los pol\u00edticos Veracruz","og_description":"Omar Z\u00fa\u00f1igaDe Primera Mano Cuando tiene uno la intenci\u00f3n de abordar otros temas, llega el gobernador, el inepto (AMLO dixit) Cuitl\u00e1huac Garc\u00eda Jim\u00e9nez y pide mano.Resulta que para variar, ante la ineficacia de su gobierno \u2013incluyo a la FGE en su gobierno a pesar de ser constitucionalmente un organismo aut\u00f3nomo, porque ellos mismos, Ejecutivo y [&hellip;]","og_url":"https:\/\/lospoliticosveracruz.com\/?p=105316","og_site_name":"Los pol\u00edticos Veracruz","article_publisher":"https:\/\/www.facebook.com\/people\/Notimemes-de-los-Polticos\/61565672886568\/","article_published_time":"2023-04-26T13:54:38+00:00","article_modified_time":"2023-04-26T13:54:49+00:00","og_image":[{"url":"https:\/\/lospoliticosveracruz.com.mx\/wp-content\/uploads\/2023\/02\/Vinissimo.jpg","type":"","width":"","height":""}],"author":"Lo viste en Los Pol\u00edticos","twitter_card":"summary_large_image","twitter_creator":"@LosPoliticosVer","twitter_site":"@LosPoliticosVer","twitter_misc":{"Escrito por":"Lo viste en Los Pol\u00edticos","Tiempo de lectura":"5 minutos"},"schema":{"@context":"https:\/\/schema.org","@graph":[{"@type":"Article","@id":"https:\/\/lospoliticosveracruz.com\/?p=105316#article","isPartOf":{"@id":"https:\/\/lospoliticosveracruz.com\/?p=105316"},"author":{"name":"Lo viste en Los Pol\u00edticos","@id":"https:\/\/lospoliticosveracruz.com\/#\/schema\/person\/b8702bb0e538456e6efd07080bf2a4a2"},"headline":"EL FANTOCHE MAMERTO","datePublished":"2023-04-26T13:54:38+00:00","dateModified":"2023-04-26T13:54:49+00:00","mainEntityOfPage":{"@id":"https:\/\/lospoliticosveracruz.com\/?p=105316"},"wordCount":1010,"publisher":{"@id":"https:\/\/lospoliticosveracruz.com\/#organization"},"image":{"@id":"https:\/\/lospoliticosveracruz.com\/?p=105316#primaryimage"},"thumbnailUrl":"https:\/\/lospoliticosveracruz.com.mx\/wp-content\/uploads\/2023\/02\/Vinissimo.jpg","keywords":["Conacyt","Cuitl\u00e1huac Garc\u00eda Jim\u00e9nez","feminicidio","Fiscal\u00eda General del Estado","IVAI","Jos\u00e9 Alfredo Corona Liz\u00e1rraga","Juan Javier G\u00f3mez Cazar\u00edn","La Raz\u00f3n","Morena","Oliva Noticias","Veracruz"],"articleSection":["De Opini\u00f3n"],"inLanguage":"es"},{"@type":"WebPage","@id":"https:\/\/lospoliticosveracruz.com\/?p=105316","url":"https:\/\/lospoliticosveracruz.com\/?p=105316","name":"EL FANTOCHE MAMERTO - Los pol\u00edticos Veracruz","isPartOf":{"@id":"https:\/\/lospoliticosveracruz.com\/#website"},"primaryImageOfPage":{"@id":"https:\/\/lospoliticosveracruz.com\/?p=105316#primaryimage"},"image":{"@id":"https:\/\/lospoliticosveracruz.com\/?p=105316#primaryimage"},"thumbnailUrl":"https:\/\/lospoliticosveracruz.com.mx\/wp-content\/uploads\/2023\/02\/Vinissimo.jpg","datePublished":"2023-04-26T13:54:38+00:00","dateModified":"2023-04-26T13:54:49+00:00","breadcrumb":{"@id":"https:\/\/lospoliticosveracruz.com\/?p=105316#breadcrumb"},"inLanguage":"es","potentialAction":[{"@type":"ReadAction","target":["https:\/\/lospoliticosveracruz.com\/?p=105316"]}]},{"@type":"ImageObject","inLanguage":"es","@id":"https:\/\/lospoliticosveracruz.com\/?p=105316#primaryimage","url":"https:\/\/lospoliticosveracruz.com.mx\/wp-content\/uploads\/2023\/02\/Vinissimo.jpg","contentUrl":"https:\/\/lospoliticosveracruz.com.mx\/wp-content\/uploads\/2023\/02\/Vinissimo.jpg"},{"@type":"BreadcrumbList","@id":"https:\/\/lospoliticosveracruz.com\/?p=105316#breadcrumb","itemListElement":[{"@type":"ListItem","position":1,"name":"Portada","item":"https:\/\/lospoliticosveracruz.com\/"},{"@type":"ListItem","position":2,"name":"EL FANTOCHE MAMERTO"}]},{"@type":"WebSite","@id":"https:\/\/lospoliticosveracruz.com\/#website","url":"https:\/\/lospoliticosveracruz.com\/","name":"Los pol\u00edticos Veracruz","description":"","publisher":{"@id":"https:\/\/lospoliticosveracruz.com\/#organization"},"potentialAction":[{"@type":"SearchAction","target":{"@type":"EntryPoint","urlTemplate":"https:\/\/lospoliticosveracruz.com\/?s={search_term_string}"},"query-input":{"@type":"PropertyValueSpecification","valueRequired":true,"valueName":"search_term_string"}}],"inLanguage":"es"},{"@type":"Organization","@id":"https:\/\/lospoliticosveracruz.com\/#organization","name":"Los pol\u00edticos Veracruz","url":"https:\/\/lospoliticosveracruz.com\/","logo":{"@type":"ImageObject","inLanguage":"es","@id":"https:\/\/lospoliticosveracruz.com\/#\/schema\/logo\/image\/","url":"https:\/\/lospoliticosveracruz.com\/wp-content\/uploads\/2025\/12\/Logo-Nuevo-LOS-POLITICOS-1.jpg","contentUrl":"https:\/\/lospoliticosveracruz.com\/wp-content\/uploads\/2025\/12\/Logo-Nuevo-LOS-POLITICOS-1.jpg","width":260,"height":70,"caption":"Los pol\u00edticos Veracruz"},"image":{"@id":"https:\/\/lospoliticosveracruz.com\/#\/schema\/logo\/image\/"},"sameAs":["https:\/\/www.facebook.com\/people\/Notimemes-de-los-Polticos\/61565672886568\/","https:\/\/x.com\/LosPoliticosVer"]},{"@type":"Person","@id":"https:\/\/lospoliticosveracruz.com\/#\/schema\/person\/b8702bb0e538456e6efd07080bf2a4a2","name":"Lo viste en Los Pol\u00edticos","image":{"@type":"ImageObject","inLanguage":"es","@id":"https:\/\/secure.gravatar.com\/avatar\/3a8de04a2656d44082be478bd6c086daa447c4651605818287b9532d3d0bd435?s=96&d=mm&r=g","url":"https:\/\/secure.gravatar.com\/avatar\/3a8de04a2656d44082be478bd6c086daa447c4651605818287b9532d3d0bd435?s=96&d=mm&r=g","contentUrl":"https:\/\/secure.gravatar.com\/avatar\/3a8de04a2656d44082be478bd6c086daa447c4651605818287b9532d3d0bd435?s=96&d=mm&r=g","caption":"Lo viste en Los Pol\u00edticos"},"url":"https:\/\/lospoliticosveracruz.com\/?author=2"}]}},"_links":{"self":[{"href":"https:\/\/lospoliticosveracruz.com\/index.php?rest_route=\/wp\/v2\/posts\/105316","targetHints":{"allow":["GET"]}}],"collection":[{"href":"https:\/\/lospoliticosveracruz.com\/index.php?rest_route=\/wp\/v2\/posts"}],"about":[{"href":"https:\/\/lospoliticosveracruz.com\/index.php?rest_route=\/wp\/v2\/types\/post"}],"author":[{"embeddable":true,"href":"https:\/\/lospoliticosveracruz.com\/index.php?rest_route=\/wp\/v2\/users\/2"}],"replies":[{"embeddable":true,"href":"https:\/\/lospoliticosveracruz.com\/index.php?rest_route=%2Fwp%2Fv2%2Fcomments&post=105316"}],"version-history":[{"count":1,"href":"https:\/\/lospoliticosveracruz.com\/index.php?rest_route=\/wp\/v2\/posts\/105316\/revisions"}],"predecessor-version":[{"id":105317,"href":"https:\/\/lospoliticosveracruz.com\/index.php?rest_route=\/wp\/v2\/posts\/105316\/revisions\/105317"}],"wp:attachment":[{"href":"https:\/\/lospoliticosveracruz.com\/index.php?rest_route=%2Fwp%2Fv2%2Fmedia&parent=105316"}],"wp:term":[{"taxonomy":"category","embeddable":true,"href":"https:\/\/lospoliticosveracruz.com\/index.php?rest_route=%2Fwp%2Fv2%2Fcategories&post=105316"},{"taxonomy":"post_tag","embeddable":true,"href":"https:\/\/lospoliticosveracruz.com\/index.php?rest_route=%2Fwp%2Fv2%2Ftags&post=105316"}],"curies":[{"name":"wp","href":"https:\/\/api.w.org\/{rel}","templated":true}]}}