{"id":105349,"date":"2023-04-26T14:37:02","date_gmt":"2023-04-26T19:37:02","guid":{"rendered":"https:\/\/lospoliticosveracruz.com.mx\/?p=105349"},"modified":"2023-04-26T14:37:09","modified_gmt":"2023-04-26T19:37:09","slug":"hablemos-de-la-otra-violencia","status":"publish","type":"post","link":"https:\/\/lospoliticosveracruz.com\/?p=105349","title":{"rendered":"HABLEMOS DE LA OTRA VIOLENCIA"},"content":{"rendered":"\n<p><strong>Vicente Luna Hern\u00e1ndez<\/strong><\/p>\n\n\n\n<p>La sociedad en general es testigo de la violencia diaria que se presenta en M\u00e9xico, ning\u00fan municipio, ning\u00fan Estado, se salva de esta sensaci\u00f3n de inseguridad que se respira, misma violencia donde ning\u00fan ser humano est\u00e1 a salvo, hombres, mujeres, adolescentes, ni\u00f1as y ni\u00f1os, no hay ninguna consideraci\u00f3n de quienes ven en la violencia la \u00fanica v\u00eda para resolver sus diferencias personales, altercados viales o malos entendidos.<\/p>\n\n\n\n<p><a href=\"https:\/\/youtu.be\/Nxe-vxf8GuY\"><\/a><\/p>\n\n\n\n<figure class=\"wp-block-embed is-type-video is-provider-youtube wp-block-embed-youtube wp-embed-aspect-16-9 wp-has-aspect-ratio\"><div class=\"wp-block-embed__wrapper\">\n<iframe loading=\"lazy\" title=\"Cluster Coworking\" width=\"696\" height=\"392\" src=\"https:\/\/www.youtube.com\/embed\/Nxe-vxf8GuY?feature=oembed\" frameborder=\"0\" allow=\"accelerometer; autoplay; clipboard-write; encrypted-media; gyroscope; picture-in-picture; web-share\" referrerpolicy=\"strict-origin-when-cross-origin\" allowfullscreen><\/iframe>\n<\/div><\/figure>\n\n\n\n<p>Decir que la delincuencia organizada tiene el control de ciertas partes del pa\u00eds, esta dem\u00e1s, solamente la fuerza del Estado puede hacerles frente, la violencia ocasionada por estos grupos es pan nuestro de cada d\u00eda, esa es la triste realidad de M\u00e9xico y no se puede ocultar por m\u00e1s cifras y estad\u00edsticas que se presuman de parte de los responsables en la materia, sin embargo, hay otro tipo de violencia.<\/p>\n\n\n\n<p>A trav\u00e9s de las redes sociales se ha vuelto com\u00fan ser testigos de agresiones entre vecinos, familiares, automovilistas, peleas colectivas dentro y fuera de los estadios de futbol, violencia de polic\u00edas a ciudadanos ya sometidos, peleas entre adolescentes con consecuencias fatales, grescas entre vendedores ambulantes, broncas en palapas y balnearios que en cuesti\u00f3n de segundos se vuelve una batalla campal, cr\u00edmenes cometidos por menores de edad por diferencias personales o por cuestiones sentimentales\u2026nada que ver con ese pueblo noble y bueno que se presume en el discurso, \u00bf qu\u00e9 tienen en com\u00fan todos estos hechos de barbarie? La impunidad.<\/p>\n\n\n\n<p>Hay un frase que dice; \u201c cabeza fr\u00eda, coraz\u00f3n caliente\u201d, hoy m\u00e1s que nunca esa frase debe ser parte de nuestro vocabulario y aplicarla, recordar que la violencia verbal es el primer paso para pasar a una violencia f\u00edsica y de ah\u00ed a una tragedia con p\u00e9rdidas irreparables, la l\u00ednea es muy delgada, serenar al pa\u00eds no solo es responsabilidad de los gobernantes, es responsabilidad de todas y todos los ciudadanos y tristemente tambi\u00e9n, de todos los j\u00f3venes que no miden las consecuencias de sus actos, hay mucho por hacer en todos los centros educativos, p\u00fablicos y privados\u2026 la trasformaci\u00f3n debe iniciar en nuestra conducta humana y a favor de una sana convivencia social.<\/p>\n\n\n\n<p>\u00bfPor qu\u00e9 tanta violencia entre los ciudadanos hoy? \u00bfA qui\u00e9n culpar? \u00bfAlcohol, drogas, falta de valores, enfermedades mentales? \u00bfEstr\u00e9s, la situaci\u00f3n econ\u00f3mica dif\u00edcil, el enojo social? \u00bfLos medios de comunicaci\u00f3n, las redes sociales? \u00bfLa ausencia de los padres en los hogares y el cuidado de los hijos aun j\u00f3venes? \u00bfLa violencia verbal, la difamaci\u00f3n, la polarizaci\u00f3n de los partidos, funcionarios p\u00fablicos y gobernantes sin pudor alguno? Estos temas deben ser parte del debate nacional antes, durante y despu\u00e9s del proceso electoral, hay que presentar propuestas viables para serenar y sobre todo: el que la haga que pague de acuerdo a la ley, hay mucho por hacer a\u00fan, la empat\u00eda con la victima debe ser la base de toda aplicaci\u00f3n de la justicia, sin embargo, en la previsi\u00f3n y atenci\u00f3n pronta a favor de las v\u00edctimas en cualquier tipo de agresi\u00f3n , deben de participar los 3 \u00f3rdenes de gobierno, nadie debe poner excusas y si as\u00ed ocurriera debe ser exhibida esa autoridad, un ejemplo de ello: cuando hay una pelea entre estudiantes, las autoridades educativas se hacen a un lado porque esta ocurri\u00f3 fuera de sus instalaciones, as\u00ed esta agresi\u00f3n y espect\u00e1culo denigrante, haya sido a la vuelta de la escuela, alguna responsabilidad deben tener las autoridades escolares que fueron omisos o simplemente escucharon a los protagonistas.<\/p>\n\n\n\n<p>Las estad\u00edsticas sobre una convivencia social basada en el respeto a la ley, debe ser parte de las estad\u00edsticas alegres que presume todo gobernante.<\/p>\n\n\n\n<p>P.D.- Con el \u00e1nimo que serenar a M\u00e9xico y la reconciliaci\u00f3n nacional sea parte del debate nacional\u2026Escribir\u00e9 otro d\u00eda.<\/p>\n","protected":false},"excerpt":{"rendered":"<p>Vicente Luna Hern\u00e1ndez La sociedad en general es testigo de la violencia diaria que se presenta en M\u00e9xico, ning\u00fan municipio, ning\u00fan Estado, se salva de esta sensaci\u00f3n de inseguridad que se respira, misma violencia donde ning\u00fan ser humano est\u00e1 a salvo, hombres, mujeres, adolescentes, ni\u00f1as y ni\u00f1os, no hay ninguna consideraci\u00f3n de quienes ven en [&hellip;]<\/p>\n","protected":false},"author":2,"featured_media":0,"comment_status":"closed","ping_status":"closed","sticky":false,"template":"","format":"standard","meta":{"tdm_status":"","tdm_grid_status":"","footnotes":""},"categories":[70],"tags":[],"class_list":{"0":"post-105349","1":"post","2":"type-post","3":"status-publish","4":"format-standard","6":"category-de-opinion"},"yoast_head":"<!-- This site is optimized with the Yoast SEO plugin v27.4 - https:\/\/yoast.com\/product\/yoast-seo-wordpress\/ -->\n<title>HABLEMOS DE LA OTRA VIOLENCIA - Los pol\u00edticos Veracruz<\/title>\n<meta name=\"robots\" content=\"index, follow, max-snippet:-1, max-image-preview:large, max-video-preview:-1\" \/>\n<link rel=\"canonical\" href=\"https:\/\/lospoliticosveracruz.com\/?p=105349\" \/>\n<meta property=\"og:locale\" content=\"es_ES\" \/>\n<meta property=\"og:type\" content=\"article\" \/>\n<meta property=\"og:title\" content=\"HABLEMOS DE LA OTRA VIOLENCIA - Los pol\u00edticos Veracruz\" \/>\n<meta property=\"og:description\" content=\"Vicente Luna Hern\u00e1ndez La sociedad en general es testigo de la violencia diaria que se presenta en M\u00e9xico, ning\u00fan municipio, ning\u00fan Estado, se salva de esta sensaci\u00f3n de inseguridad que se respira, misma violencia donde ning\u00fan ser humano est\u00e1 a salvo, hombres, mujeres, adolescentes, ni\u00f1as y ni\u00f1os, no hay ninguna consideraci\u00f3n de quienes ven en [&hellip;]\" \/>\n<meta property=\"og:url\" content=\"https:\/\/lospoliticosveracruz.com\/?p=105349\" \/>\n<meta property=\"og:site_name\" content=\"Los pol\u00edticos Veracruz\" \/>\n<meta property=\"article:publisher\" content=\"https:\/\/www.facebook.com\/people\/Notimemes-de-los-Polticos\/61565672886568\/\" \/>\n<meta property=\"article:published_time\" content=\"2023-04-26T19:37:02+00:00\" \/>\n<meta property=\"article:modified_time\" content=\"2023-04-26T19:37:09+00:00\" \/>\n<meta property=\"og:image\" content=\"https:\/\/lospoliticosveracruz.com\/wp-content\/uploads\/2016\/07\/Logo-Dor.jpg\" \/>\n\t<meta property=\"og:image:width\" content=\"200\" \/>\n\t<meta property=\"og:image:height\" content=\"200\" \/>\n\t<meta property=\"og:image:type\" content=\"image\/jpeg\" \/>\n<meta name=\"author\" content=\"Lo viste en Los Pol\u00edticos\" \/>\n<meta name=\"twitter:card\" content=\"summary_large_image\" \/>\n<meta name=\"twitter:creator\" content=\"@LosPoliticosVer\" \/>\n<meta name=\"twitter:site\" content=\"@LosPoliticosVer\" \/>\n<meta name=\"twitter:label1\" content=\"Escrito por\" \/>\n\t<meta name=\"twitter:data1\" content=\"Lo viste en Los Pol\u00edticos\" \/>\n\t<meta name=\"twitter:label2\" content=\"Tiempo de lectura\" \/>\n\t<meta name=\"twitter:data2\" content=\"3 minutos\" \/>\n<script type=\"application\/ld+json\" class=\"yoast-schema-graph\">{\"@context\":\"https:\\\/\\\/schema.org\",\"@graph\":[{\"@type\":\"Article\",\"@id\":\"https:\\\/\\\/lospoliticosveracruz.com\\\/?p=105349#article\",\"isPartOf\":{\"@id\":\"https:\\\/\\\/lospoliticosveracruz.com\\\/?p=105349\"},\"author\":{\"name\":\"Lo viste en Los Pol\u00edticos\",\"@id\":\"https:\\\/\\\/lospoliticosveracruz.com\\\/#\\\/schema\\\/person\\\/b8702bb0e538456e6efd07080bf2a4a2\"},\"headline\":\"HABLEMOS DE LA OTRA VIOLENCIA\",\"datePublished\":\"2023-04-26T19:37:02+00:00\",\"dateModified\":\"2023-04-26T19:37:09+00:00\",\"mainEntityOfPage\":{\"@id\":\"https:\\\/\\\/lospoliticosveracruz.com\\\/?p=105349\"},\"wordCount\":681,\"publisher\":{\"@id\":\"https:\\\/\\\/lospoliticosveracruz.com\\\/#organization\"},\"articleSection\":[\"De Opini\u00f3n\"],\"inLanguage\":\"es\"},{\"@type\":\"WebPage\",\"@id\":\"https:\\\/\\\/lospoliticosveracruz.com\\\/?p=105349\",\"url\":\"https:\\\/\\\/lospoliticosveracruz.com\\\/?p=105349\",\"name\":\"HABLEMOS DE LA OTRA VIOLENCIA - Los pol\u00edticos Veracruz\",\"isPartOf\":{\"@id\":\"https:\\\/\\\/lospoliticosveracruz.com\\\/#website\"},\"datePublished\":\"2023-04-26T19:37:02+00:00\",\"dateModified\":\"2023-04-26T19:37:09+00:00\",\"breadcrumb\":{\"@id\":\"https:\\\/\\\/lospoliticosveracruz.com\\\/?p=105349#breadcrumb\"},\"inLanguage\":\"es\",\"potentialAction\":[{\"@type\":\"ReadAction\",\"target\":[\"https:\\\/\\\/lospoliticosveracruz.com\\\/?p=105349\"]}]},{\"@type\":\"BreadcrumbList\",\"@id\":\"https:\\\/\\\/lospoliticosveracruz.com\\\/?p=105349#breadcrumb\",\"itemListElement\":[{\"@type\":\"ListItem\",\"position\":1,\"name\":\"Portada\",\"item\":\"https:\\\/\\\/lospoliticosveracruz.com\\\/\"},{\"@type\":\"ListItem\",\"position\":2,\"name\":\"HABLEMOS DE LA OTRA VIOLENCIA\"}]},{\"@type\":\"WebSite\",\"@id\":\"https:\\\/\\\/lospoliticosveracruz.com\\\/#website\",\"url\":\"https:\\\/\\\/lospoliticosveracruz.com\\\/\",\"name\":\"Los pol\u00edticos Veracruz\",\"description\":\"\",\"publisher\":{\"@id\":\"https:\\\/\\\/lospoliticosveracruz.com\\\/#organization\"},\"potentialAction\":[{\"@type\":\"SearchAction\",\"target\":{\"@type\":\"EntryPoint\",\"urlTemplate\":\"https:\\\/\\\/lospoliticosveracruz.com\\\/?s={search_term_string}\"},\"query-input\":{\"@type\":\"PropertyValueSpecification\",\"valueRequired\":true,\"valueName\":\"search_term_string\"}}],\"inLanguage\":\"es\"},{\"@type\":\"Organization\",\"@id\":\"https:\\\/\\\/lospoliticosveracruz.com\\\/#organization\",\"name\":\"Los pol\u00edticos Veracruz\",\"url\":\"https:\\\/\\\/lospoliticosveracruz.com\\\/\",\"logo\":{\"@type\":\"ImageObject\",\"inLanguage\":\"es\",\"@id\":\"https:\\\/\\\/lospoliticosveracruz.com\\\/#\\\/schema\\\/logo\\\/image\\\/\",\"url\":\"https:\\\/\\\/lospoliticosveracruz.com\\\/wp-content\\\/uploads\\\/2025\\\/12\\\/Logo-Nuevo-LOS-POLITICOS-1.jpg\",\"contentUrl\":\"https:\\\/\\\/lospoliticosveracruz.com\\\/wp-content\\\/uploads\\\/2025\\\/12\\\/Logo-Nuevo-LOS-POLITICOS-1.jpg\",\"width\":260,\"height\":70,\"caption\":\"Los pol\u00edticos Veracruz\"},\"image\":{\"@id\":\"https:\\\/\\\/lospoliticosveracruz.com\\\/#\\\/schema\\\/logo\\\/image\\\/\"},\"sameAs\":[\"https:\\\/\\\/www.facebook.com\\\/people\\\/Notimemes-de-los-Polticos\\\/61565672886568\\\/\",\"https:\\\/\\\/x.com\\\/LosPoliticosVer\"]},{\"@type\":\"Person\",\"@id\":\"https:\\\/\\\/lospoliticosveracruz.com\\\/#\\\/schema\\\/person\\\/b8702bb0e538456e6efd07080bf2a4a2\",\"name\":\"Lo viste en Los Pol\u00edticos\",\"image\":{\"@type\":\"ImageObject\",\"inLanguage\":\"es\",\"@id\":\"https:\\\/\\\/secure.gravatar.com\\\/avatar\\\/3a8de04a2656d44082be478bd6c086daa447c4651605818287b9532d3d0bd435?s=96&d=mm&r=g\",\"url\":\"https:\\\/\\\/secure.gravatar.com\\\/avatar\\\/3a8de04a2656d44082be478bd6c086daa447c4651605818287b9532d3d0bd435?s=96&d=mm&r=g\",\"contentUrl\":\"https:\\\/\\\/secure.gravatar.com\\\/avatar\\\/3a8de04a2656d44082be478bd6c086daa447c4651605818287b9532d3d0bd435?s=96&d=mm&r=g\",\"caption\":\"Lo viste en Los Pol\u00edticos\"},\"url\":\"https:\\\/\\\/lospoliticosveracruz.com\\\/?author=2\"}]}<\/script>\n<!-- \/ Yoast SEO plugin. -->","yoast_head_json":{"title":"HABLEMOS DE LA OTRA VIOLENCIA - Los pol\u00edticos Veracruz","robots":{"index":"index","follow":"follow","max-snippet":"max-snippet:-1","max-image-preview":"max-image-preview:large","max-video-preview":"max-video-preview:-1"},"canonical":"https:\/\/lospoliticosveracruz.com\/?p=105349","og_locale":"es_ES","og_type":"article","og_title":"HABLEMOS DE LA OTRA VIOLENCIA - Los pol\u00edticos Veracruz","og_description":"Vicente Luna Hern\u00e1ndez La sociedad en general es testigo de la violencia diaria que se presenta en M\u00e9xico, ning\u00fan municipio, ning\u00fan Estado, se salva de esta sensaci\u00f3n de inseguridad que se respira, misma violencia donde ning\u00fan ser humano est\u00e1 a salvo, hombres, mujeres, adolescentes, ni\u00f1as y ni\u00f1os, no hay ninguna consideraci\u00f3n de quienes ven en [&hellip;]","og_url":"https:\/\/lospoliticosveracruz.com\/?p=105349","og_site_name":"Los pol\u00edticos Veracruz","article_publisher":"https:\/\/www.facebook.com\/people\/Notimemes-de-los-Polticos\/61565672886568\/","article_published_time":"2023-04-26T19:37:02+00:00","article_modified_time":"2023-04-26T19:37:09+00:00","og_image":[{"width":200,"height":200,"url":"https:\/\/lospoliticosveracruz.com\/wp-content\/uploads\/2016\/07\/Logo-Dor.jpg","type":"image\/jpeg"}],"author":"Lo viste en Los Pol\u00edticos","twitter_card":"summary_large_image","twitter_creator":"@LosPoliticosVer","twitter_site":"@LosPoliticosVer","twitter_misc":{"Escrito por":"Lo viste en Los Pol\u00edticos","Tiempo de lectura":"3 minutos"},"schema":{"@context":"https:\/\/schema.org","@graph":[{"@type":"Article","@id":"https:\/\/lospoliticosveracruz.com\/?p=105349#article","isPartOf":{"@id":"https:\/\/lospoliticosveracruz.com\/?p=105349"},"author":{"name":"Lo viste en Los Pol\u00edticos","@id":"https:\/\/lospoliticosveracruz.com\/#\/schema\/person\/b8702bb0e538456e6efd07080bf2a4a2"},"headline":"HABLEMOS DE LA OTRA VIOLENCIA","datePublished":"2023-04-26T19:37:02+00:00","dateModified":"2023-04-26T19:37:09+00:00","mainEntityOfPage":{"@id":"https:\/\/lospoliticosveracruz.com\/?p=105349"},"wordCount":681,"publisher":{"@id":"https:\/\/lospoliticosveracruz.com\/#organization"},"articleSection":["De Opini\u00f3n"],"inLanguage":"es"},{"@type":"WebPage","@id":"https:\/\/lospoliticosveracruz.com\/?p=105349","url":"https:\/\/lospoliticosveracruz.com\/?p=105349","name":"HABLEMOS DE LA OTRA VIOLENCIA - Los pol\u00edticos Veracruz","isPartOf":{"@id":"https:\/\/lospoliticosveracruz.com\/#website"},"datePublished":"2023-04-26T19:37:02+00:00","dateModified":"2023-04-26T19:37:09+00:00","breadcrumb":{"@id":"https:\/\/lospoliticosveracruz.com\/?p=105349#breadcrumb"},"inLanguage":"es","potentialAction":[{"@type":"ReadAction","target":["https:\/\/lospoliticosveracruz.com\/?p=105349"]}]},{"@type":"BreadcrumbList","@id":"https:\/\/lospoliticosveracruz.com\/?p=105349#breadcrumb","itemListElement":[{"@type":"ListItem","position":1,"name":"Portada","item":"https:\/\/lospoliticosveracruz.com\/"},{"@type":"ListItem","position":2,"name":"HABLEMOS DE LA OTRA VIOLENCIA"}]},{"@type":"WebSite","@id":"https:\/\/lospoliticosveracruz.com\/#website","url":"https:\/\/lospoliticosveracruz.com\/","name":"Los pol\u00edticos Veracruz","description":"","publisher":{"@id":"https:\/\/lospoliticosveracruz.com\/#organization"},"potentialAction":[{"@type":"SearchAction","target":{"@type":"EntryPoint","urlTemplate":"https:\/\/lospoliticosveracruz.com\/?s={search_term_string}"},"query-input":{"@type":"PropertyValueSpecification","valueRequired":true,"valueName":"search_term_string"}}],"inLanguage":"es"},{"@type":"Organization","@id":"https:\/\/lospoliticosveracruz.com\/#organization","name":"Los pol\u00edticos Veracruz","url":"https:\/\/lospoliticosveracruz.com\/","logo":{"@type":"ImageObject","inLanguage":"es","@id":"https:\/\/lospoliticosveracruz.com\/#\/schema\/logo\/image\/","url":"https:\/\/lospoliticosveracruz.com\/wp-content\/uploads\/2025\/12\/Logo-Nuevo-LOS-POLITICOS-1.jpg","contentUrl":"https:\/\/lospoliticosveracruz.com\/wp-content\/uploads\/2025\/12\/Logo-Nuevo-LOS-POLITICOS-1.jpg","width":260,"height":70,"caption":"Los pol\u00edticos Veracruz"},"image":{"@id":"https:\/\/lospoliticosveracruz.com\/#\/schema\/logo\/image\/"},"sameAs":["https:\/\/www.facebook.com\/people\/Notimemes-de-los-Polticos\/61565672886568\/","https:\/\/x.com\/LosPoliticosVer"]},{"@type":"Person","@id":"https:\/\/lospoliticosveracruz.com\/#\/schema\/person\/b8702bb0e538456e6efd07080bf2a4a2","name":"Lo viste en Los Pol\u00edticos","image":{"@type":"ImageObject","inLanguage":"es","@id":"https:\/\/secure.gravatar.com\/avatar\/3a8de04a2656d44082be478bd6c086daa447c4651605818287b9532d3d0bd435?s=96&d=mm&r=g","url":"https:\/\/secure.gravatar.com\/avatar\/3a8de04a2656d44082be478bd6c086daa447c4651605818287b9532d3d0bd435?s=96&d=mm&r=g","contentUrl":"https:\/\/secure.gravatar.com\/avatar\/3a8de04a2656d44082be478bd6c086daa447c4651605818287b9532d3d0bd435?s=96&d=mm&r=g","caption":"Lo viste en Los Pol\u00edticos"},"url":"https:\/\/lospoliticosveracruz.com\/?author=2"}]}},"_links":{"self":[{"href":"https:\/\/lospoliticosveracruz.com\/index.php?rest_route=\/wp\/v2\/posts\/105349","targetHints":{"allow":["GET"]}}],"collection":[{"href":"https:\/\/lospoliticosveracruz.com\/index.php?rest_route=\/wp\/v2\/posts"}],"about":[{"href":"https:\/\/lospoliticosveracruz.com\/index.php?rest_route=\/wp\/v2\/types\/post"}],"author":[{"embeddable":true,"href":"https:\/\/lospoliticosveracruz.com\/index.php?rest_route=\/wp\/v2\/users\/2"}],"replies":[{"embeddable":true,"href":"https:\/\/lospoliticosveracruz.com\/index.php?rest_route=%2Fwp%2Fv2%2Fcomments&post=105349"}],"version-history":[{"count":1,"href":"https:\/\/lospoliticosveracruz.com\/index.php?rest_route=\/wp\/v2\/posts\/105349\/revisions"}],"predecessor-version":[{"id":105353,"href":"https:\/\/lospoliticosveracruz.com\/index.php?rest_route=\/wp\/v2\/posts\/105349\/revisions\/105353"}],"wp:attachment":[{"href":"https:\/\/lospoliticosveracruz.com\/index.php?rest_route=%2Fwp%2Fv2%2Fmedia&parent=105349"}],"wp:term":[{"taxonomy":"category","embeddable":true,"href":"https:\/\/lospoliticosveracruz.com\/index.php?rest_route=%2Fwp%2Fv2%2Fcategories&post=105349"},{"taxonomy":"post_tag","embeddable":true,"href":"https:\/\/lospoliticosveracruz.com\/index.php?rest_route=%2Fwp%2Fv2%2Ftags&post=105349"}],"curies":[{"name":"wp","href":"https:\/\/api.w.org\/{rel}","templated":true}]}}