{"id":105358,"date":"2023-04-26T18:19:45","date_gmt":"2023-04-26T23:19:45","guid":{"rendered":"https:\/\/lospoliticosveracruz.com.mx\/?p=105358"},"modified":"2023-04-26T18:19:58","modified_gmt":"2023-04-26T23:19:58","slug":"la-ninez-sin-fantasia","status":"publish","type":"post","link":"https:\/\/lospoliticosveracruz.com\/?p=105358","title":{"rendered":"LA NI\u00d1EZ SIN FANTAS\u00cdA"},"content":{"rendered":"\n<p><br><strong>Jorge Arturo Rodr\u00edguez<\/strong><\/p>\n\n\n\n<p><em>Tierra de Babel<\/em><\/p>\n\n\n\n<p>Aperitivo1: \u201cMientras m\u00e1s notoriedad se tiene, con dinero, comodidad, prestigio social, puestos p\u00fablicos, etc\u00e9tera, menos inter\u00e9s se tiene por la suerte de los dem\u00e1s, aunque siempre es pol\u00edticamente correcto decir lo contrario de dientes para afuera. Ni que no lo supi\u00e9ramos\u201d. (Juan Domingo Arg\u00fcelles). \u00bfPor eso andamos tan sonrientes? \u00bfO es pura hipocres\u00eda?<br>Aperitivo 2: \u201cHay de mentiras a mentiras: la mentira ego\u00edsta y, por otra parte, la mentira sagrada, aquella que permite ayudar a alguien\u201d. (Alejandro Jodorowsky). \u00bfY la mentira piadosa? Bueno, pa\u2019 no hablar de la mentira de los pol\u00edticos.<\/p>\n\n\n\n<p>Bienaventurados los ni\u00f1os porque de ellos ser\u00e1 el Reino de los Cielos, dicen que dijo, porque a estas alturas ya no sabemos cu\u00e1l es la realidad, nos cambian todo y vaya usted a saber qui\u00e9nes pretenden, y lo est\u00e1n logrando, destruirnos, desaparecernos y que s\u00f3lo vivan en el mundo los muy, muy\u2026 \u00bfQui\u00e9nes son los muy, muy\u2026? Pos var\u00eda de acuerdo con el lugar, fecha, hora y con quienes te juntes\u2026 Ya saben que la polarizaci\u00f3n engendra discriminaci\u00f3n, indiferencia, violencia y dem\u00e1s.<br>En fin. Creo que habr\u00eda que cambiar el texto b\u00edblico y referirse a \u201cni\u00f1as y ni\u00f1os y etc\u00e9tera\u201d, por aquello de la dichosa inclusi\u00f3n idiom\u00e1tica. \u00bfO nos quedamos con \u201clos nenes y las nenas\u201d? Digo, citando a Chico Che, aunque Amlo no se refiri\u00f3 a esa canci\u00f3n.<br>Bueno, que el 30 de abril ya saben que es el D\u00eda del Ni\u00f1o. \u00bfQu\u00e9 carajos vamos a celebrar? Porque seg\u00fan el Informe de Evaluaci\u00f3n de la Pol\u00edtica de Desarrollo Social 2022, que realiza el Coneval cada dos a\u00f1os, m\u00e1s de la mitad de las ni\u00f1as, ni\u00f1os y adolescentes, quienes son menores de 18 a\u00f1os en M\u00e9xico vive en situaci\u00f3n de pobreza con altos \u00edndices de carencias como el acceso a la seguridad social.<br>Va otra muestra: \u201cEn M\u00e9xico han desaparecido cinco menores de edad cada d\u00eda, en promedio, desde que inici\u00f3 el gobierno de la autodenominada Cuarta Transformaci\u00f3n, el pasado 1 de diciembre de 2018, a la fecha.<br>\u201cEn los 53 meses que van de la actual administraci\u00f3n han desaparecido un total de 7 mil 531 personas en un rango de edad de 0 a 17 a\u00f1os, de acuerdo con datos del Registro Nacional de Personas Desaparecidas y No Localizadas.<br>\u201cLas ni\u00f1as y adolescentes son las m\u00e1s afectadas, ya que la plataforma de la Comisi\u00f3n Nacional de B\u00fasqueda reporta que 4 mil 314 (57.28%) son mujeres, 3 mil 210 (42.62%) hombres y los siete restantes son de g\u00e9nero indeterminado.<br>\u201cEl Estado de M\u00e9xico es la entidad que m\u00e1s desapariciones ha registrado con mil 412, seguido de Ciudad de M\u00e9xico con mil 107, Nuevo Le\u00f3n con 608, Jalisco con 561 y Veracruz con 459.\u201d (24-horas.mx, 26\/04\/23).<br>Por decir lo menos. Nom\u00e1s entre a internet y ver\u00e1 las estad\u00edsticas. Sin ir lejos, cada d\u00eda vemos m\u00e1s pobreza en las calles, y ah\u00ed est\u00e1 nuestra ni\u00f1ez. Claro que no toda, pos hay niveles, pero eso qu\u00e9 importa.<br>De cualquier modo, tal parece que un pu\u00f1ado de personalidades de los gobiernos y pol\u00edticos gusta de la mentira, porque la mentira nunca ha dejado de estar de moda, \u00bfverdad \u00c1ngel Pic\u00f3n Salinas? Vaya, que la \u00fanica mentira que no se perdona es la Verdad, escribiera Luis Alberto Ayala Blanco.<br>Ya que estamos por aqu\u00ed, se\u00f1ala Enrique G. Gallegos que la primera lecci\u00f3n que deber\u00eda aprender un ni\u00f1o de nuestra \u00e9poca es aprender a decir mentiras. De otra manera, se vuelve una criatura indefensa y sin proyecci\u00f3n. Sin futuro. \u00bfSer\u00e1?<br>O nos quedamos con Mijail Malishev: \u201cCuando un ni\u00f1o deja de lado la fantas\u00eda y empieza a mentir, entra en la fase inicial de desarrollo intelectual del adulto\u201d. Que alguien me lo explique.<\/p>\n\n\n\n<p>Los d\u00edas y los temas<\/p>\n\n\n\n<p>Le\u00ed por ah\u00ed lo siguiente, y me pregunto si somos suficientemente inteligentes.<br>-Jes\u00fas Quintero: \u201cSe\u00f1or Gala, \u00bfqu\u00e9 es lo m\u00e1s inteligente que se puede hacer en esta vida?\u201d<br>-Antonio Gala: \u201cEn principio yo le dir\u00eda: irse a una playa. Pero en el fondo, de verdad, tengo que decirle que salir de esta especie de laberinto en que nos han metido, una vida que no es la nuestra y que no es la mandada. Que es una organizaci\u00f3n que necesita esclavos para seguir manteniendo la pura organizaci\u00f3n que necesita esclavos, y as\u00ed hasta el final. Salirse de esa cadena terrible, desencadenarse. A riesgo de la soledad, a riesgo de la falta de comprensi\u00f3n, pero irse un poco al campo, en el mejor de los sentidos. Salir de esa extra\u00f1a y mon\u00f3tona esclavitud de cada d\u00eda. Darle a cada d\u00eda su propio af\u00e1n, pero tambi\u00e9n su propia sonrisa, su propio gozo, su propio color, su propio aroma. Eso es la inteligencia. Porque una inteligencia que no nos ayude a vivir, no la quiero. No me sirve para nada. No creo que le sirva para nada a nadie\u201d.<\/p>\n\n\n\n<p>De cinismo y anexas<\/p>\n\n\n\n<p>Feliz D\u00eda 30 de abril.<\/p>\n\n\n\n<p>*Primero le ense\u00f1amos al ni\u00f1o a caminar y a hablar; en seguida, le exigimos que aprenda a estar quieto y callado. (Mijail Malishev).<br>*El af\u00e1n de hacer filosof\u00eda tiene algo y aun mucho de infantil. Se trata de curiosear y desmenuzar la vida tal como un ni\u00f1o curiosea y desmenuza un juguete para ver qu\u00e9 hay dentro de \u00e9l. (Jos\u00e9 Jayme).<br>*La educaci\u00f3n es el proceso de convertir a un ni\u00f1o en adulto. Convertirse en adulto es la mayor tragedia que podr\u00eda ocurrirle a un ni\u00f1o. (Ra\u00fal Aceves).<br>Hasta la pr\u00f3xima.<\/p>\n","protected":false},"excerpt":{"rendered":"<p>Jorge Arturo Rodr\u00edguez Tierra de Babel Aperitivo1: \u201cMientras m\u00e1s notoriedad se tiene, con dinero, comodidad, prestigio social, puestos p\u00fablicos, etc\u00e9tera, menos inter\u00e9s se tiene por la suerte de los dem\u00e1s, aunque siempre es pol\u00edticamente correcto decir lo contrario de dientes para afuera. Ni que no lo supi\u00e9ramos\u201d. (Juan Domingo Arg\u00fcelles). \u00bfPor eso andamos tan sonrientes? [&hellip;]<\/p>\n","protected":false},"author":2,"featured_media":0,"comment_status":"closed","ping_status":"closed","sticky":false,"template":"","format":"standard","meta":{"tdm_status":"","tdm_grid_status":"","footnotes":""},"categories":[70],"tags":[5325,195],"class_list":{"0":"post-105358","1":"post","2":"type-post","3":"status-publish","4":"format-standard","6":"category-de-opinion","7":"tag-dia-del-nino","8":"tag-veracruz"},"yoast_head":"<!-- This site is optimized with the Yoast SEO plugin v27.4 - https:\/\/yoast.com\/product\/yoast-seo-wordpress\/ -->\n<title>LA NI\u00d1EZ SIN FANTAS\u00cdA - Los pol\u00edticos Veracruz<\/title>\n<meta name=\"robots\" content=\"index, follow, max-snippet:-1, max-image-preview:large, max-video-preview:-1\" \/>\n<link rel=\"canonical\" href=\"https:\/\/lospoliticosveracruz.com\/?p=105358\" \/>\n<meta property=\"og:locale\" content=\"es_ES\" \/>\n<meta property=\"og:type\" content=\"article\" \/>\n<meta property=\"og:title\" content=\"LA NI\u00d1EZ SIN FANTAS\u00cdA - Los pol\u00edticos Veracruz\" \/>\n<meta property=\"og:description\" content=\"Jorge Arturo Rodr\u00edguez Tierra de Babel Aperitivo1: \u201cMientras m\u00e1s notoriedad se tiene, con dinero, comodidad, prestigio social, puestos p\u00fablicos, etc\u00e9tera, menos inter\u00e9s se tiene por la suerte de los dem\u00e1s, aunque siempre es pol\u00edticamente correcto decir lo contrario de dientes para afuera. Ni que no lo supi\u00e9ramos\u201d. (Juan Domingo Arg\u00fcelles). \u00bfPor eso andamos tan sonrientes? [&hellip;]\" \/>\n<meta property=\"og:url\" content=\"https:\/\/lospoliticosveracruz.com\/?p=105358\" \/>\n<meta property=\"og:site_name\" content=\"Los pol\u00edticos Veracruz\" \/>\n<meta property=\"article:publisher\" content=\"https:\/\/www.facebook.com\/people\/Notimemes-de-los-Polticos\/61565672886568\/\" \/>\n<meta property=\"article:published_time\" content=\"2023-04-26T23:19:45+00:00\" \/>\n<meta property=\"article:modified_time\" content=\"2023-04-26T23:19:58+00:00\" \/>\n<meta property=\"og:image\" content=\"https:\/\/lospoliticosveracruz.com\/wp-content\/uploads\/2016\/07\/Logo-Dor.jpg\" \/>\n\t<meta property=\"og:image:width\" content=\"200\" \/>\n\t<meta property=\"og:image:height\" content=\"200\" \/>\n\t<meta property=\"og:image:type\" content=\"image\/jpeg\" \/>\n<meta name=\"author\" content=\"Lo viste en Los Pol\u00edticos\" \/>\n<meta name=\"twitter:card\" content=\"summary_large_image\" \/>\n<meta name=\"twitter:creator\" content=\"@LosPoliticosVer\" \/>\n<meta name=\"twitter:site\" content=\"@LosPoliticosVer\" \/>\n<meta name=\"twitter:label1\" content=\"Escrito por\" \/>\n\t<meta name=\"twitter:data1\" content=\"Lo viste en Los Pol\u00edticos\" \/>\n\t<meta name=\"twitter:label2\" content=\"Tiempo de lectura\" \/>\n\t<meta name=\"twitter:data2\" content=\"5 minutos\" \/>\n<script type=\"application\/ld+json\" class=\"yoast-schema-graph\">{\"@context\":\"https:\\\/\\\/schema.org\",\"@graph\":[{\"@type\":\"Article\",\"@id\":\"https:\\\/\\\/lospoliticosveracruz.com\\\/?p=105358#article\",\"isPartOf\":{\"@id\":\"https:\\\/\\\/lospoliticosveracruz.com\\\/?p=105358\"},\"author\":{\"name\":\"Lo viste en Los Pol\u00edticos\",\"@id\":\"https:\\\/\\\/lospoliticosveracruz.com\\\/#\\\/schema\\\/person\\\/b8702bb0e538456e6efd07080bf2a4a2\"},\"headline\":\"LA NI\u00d1EZ SIN FANTAS\u00cdA\",\"datePublished\":\"2023-04-26T23:19:45+00:00\",\"dateModified\":\"2023-04-26T23:19:58+00:00\",\"mainEntityOfPage\":{\"@id\":\"https:\\\/\\\/lospoliticosveracruz.com\\\/?p=105358\"},\"wordCount\":985,\"publisher\":{\"@id\":\"https:\\\/\\\/lospoliticosveracruz.com\\\/#organization\"},\"keywords\":[\"D\u00eda del Ni\u00f1o\",\"Veracruz\"],\"articleSection\":[\"De Opini\u00f3n\"],\"inLanguage\":\"es\"},{\"@type\":\"WebPage\",\"@id\":\"https:\\\/\\\/lospoliticosveracruz.com\\\/?p=105358\",\"url\":\"https:\\\/\\\/lospoliticosveracruz.com\\\/?p=105358\",\"name\":\"LA NI\u00d1EZ SIN FANTAS\u00cdA - Los pol\u00edticos Veracruz\",\"isPartOf\":{\"@id\":\"https:\\\/\\\/lospoliticosveracruz.com\\\/#website\"},\"datePublished\":\"2023-04-26T23:19:45+00:00\",\"dateModified\":\"2023-04-26T23:19:58+00:00\",\"breadcrumb\":{\"@id\":\"https:\\\/\\\/lospoliticosveracruz.com\\\/?p=105358#breadcrumb\"},\"inLanguage\":\"es\",\"potentialAction\":[{\"@type\":\"ReadAction\",\"target\":[\"https:\\\/\\\/lospoliticosveracruz.com\\\/?p=105358\"]}]},{\"@type\":\"BreadcrumbList\",\"@id\":\"https:\\\/\\\/lospoliticosveracruz.com\\\/?p=105358#breadcrumb\",\"itemListElement\":[{\"@type\":\"ListItem\",\"position\":1,\"name\":\"Portada\",\"item\":\"https:\\\/\\\/lospoliticosveracruz.com\\\/\"},{\"@type\":\"ListItem\",\"position\":2,\"name\":\"LA NI\u00d1EZ SIN FANTAS\u00cdA\"}]},{\"@type\":\"WebSite\",\"@id\":\"https:\\\/\\\/lospoliticosveracruz.com\\\/#website\",\"url\":\"https:\\\/\\\/lospoliticosveracruz.com\\\/\",\"name\":\"Los pol\u00edticos Veracruz\",\"description\":\"\",\"publisher\":{\"@id\":\"https:\\\/\\\/lospoliticosveracruz.com\\\/#organization\"},\"potentialAction\":[{\"@type\":\"SearchAction\",\"target\":{\"@type\":\"EntryPoint\",\"urlTemplate\":\"https:\\\/\\\/lospoliticosveracruz.com\\\/?s={search_term_string}\"},\"query-input\":{\"@type\":\"PropertyValueSpecification\",\"valueRequired\":true,\"valueName\":\"search_term_string\"}}],\"inLanguage\":\"es\"},{\"@type\":\"Organization\",\"@id\":\"https:\\\/\\\/lospoliticosveracruz.com\\\/#organization\",\"name\":\"Los pol\u00edticos Veracruz\",\"url\":\"https:\\\/\\\/lospoliticosveracruz.com\\\/\",\"logo\":{\"@type\":\"ImageObject\",\"inLanguage\":\"es\",\"@id\":\"https:\\\/\\\/lospoliticosveracruz.com\\\/#\\\/schema\\\/logo\\\/image\\\/\",\"url\":\"https:\\\/\\\/lospoliticosveracruz.com\\\/wp-content\\\/uploads\\\/2025\\\/12\\\/Logo-Nuevo-LOS-POLITICOS-1.jpg\",\"contentUrl\":\"https:\\\/\\\/lospoliticosveracruz.com\\\/wp-content\\\/uploads\\\/2025\\\/12\\\/Logo-Nuevo-LOS-POLITICOS-1.jpg\",\"width\":260,\"height\":70,\"caption\":\"Los pol\u00edticos Veracruz\"},\"image\":{\"@id\":\"https:\\\/\\\/lospoliticosveracruz.com\\\/#\\\/schema\\\/logo\\\/image\\\/\"},\"sameAs\":[\"https:\\\/\\\/www.facebook.com\\\/people\\\/Notimemes-de-los-Polticos\\\/61565672886568\\\/\",\"https:\\\/\\\/x.com\\\/LosPoliticosVer\"]},{\"@type\":\"Person\",\"@id\":\"https:\\\/\\\/lospoliticosveracruz.com\\\/#\\\/schema\\\/person\\\/b8702bb0e538456e6efd07080bf2a4a2\",\"name\":\"Lo viste en Los Pol\u00edticos\",\"image\":{\"@type\":\"ImageObject\",\"inLanguage\":\"es\",\"@id\":\"https:\\\/\\\/secure.gravatar.com\\\/avatar\\\/3a8de04a2656d44082be478bd6c086daa447c4651605818287b9532d3d0bd435?s=96&d=mm&r=g\",\"url\":\"https:\\\/\\\/secure.gravatar.com\\\/avatar\\\/3a8de04a2656d44082be478bd6c086daa447c4651605818287b9532d3d0bd435?s=96&d=mm&r=g\",\"contentUrl\":\"https:\\\/\\\/secure.gravatar.com\\\/avatar\\\/3a8de04a2656d44082be478bd6c086daa447c4651605818287b9532d3d0bd435?s=96&d=mm&r=g\",\"caption\":\"Lo viste en Los Pol\u00edticos\"},\"url\":\"https:\\\/\\\/lospoliticosveracruz.com\\\/?author=2\"}]}<\/script>\n<!-- \/ Yoast SEO plugin. -->","yoast_head_json":{"title":"LA NI\u00d1EZ SIN FANTAS\u00cdA - Los pol\u00edticos Veracruz","robots":{"index":"index","follow":"follow","max-snippet":"max-snippet:-1","max-image-preview":"max-image-preview:large","max-video-preview":"max-video-preview:-1"},"canonical":"https:\/\/lospoliticosveracruz.com\/?p=105358","og_locale":"es_ES","og_type":"article","og_title":"LA NI\u00d1EZ SIN FANTAS\u00cdA - Los pol\u00edticos Veracruz","og_description":"Jorge Arturo Rodr\u00edguez Tierra de Babel Aperitivo1: \u201cMientras m\u00e1s notoriedad se tiene, con dinero, comodidad, prestigio social, puestos p\u00fablicos, etc\u00e9tera, menos inter\u00e9s se tiene por la suerte de los dem\u00e1s, aunque siempre es pol\u00edticamente correcto decir lo contrario de dientes para afuera. Ni que no lo supi\u00e9ramos\u201d. (Juan Domingo Arg\u00fcelles). \u00bfPor eso andamos tan sonrientes? [&hellip;]","og_url":"https:\/\/lospoliticosveracruz.com\/?p=105358","og_site_name":"Los pol\u00edticos Veracruz","article_publisher":"https:\/\/www.facebook.com\/people\/Notimemes-de-los-Polticos\/61565672886568\/","article_published_time":"2023-04-26T23:19:45+00:00","article_modified_time":"2023-04-26T23:19:58+00:00","og_image":[{"width":200,"height":200,"url":"https:\/\/lospoliticosveracruz.com\/wp-content\/uploads\/2016\/07\/Logo-Dor.jpg","type":"image\/jpeg"}],"author":"Lo viste en Los Pol\u00edticos","twitter_card":"summary_large_image","twitter_creator":"@LosPoliticosVer","twitter_site":"@LosPoliticosVer","twitter_misc":{"Escrito por":"Lo viste en Los Pol\u00edticos","Tiempo de lectura":"5 minutos"},"schema":{"@context":"https:\/\/schema.org","@graph":[{"@type":"Article","@id":"https:\/\/lospoliticosveracruz.com\/?p=105358#article","isPartOf":{"@id":"https:\/\/lospoliticosveracruz.com\/?p=105358"},"author":{"name":"Lo viste en Los Pol\u00edticos","@id":"https:\/\/lospoliticosveracruz.com\/#\/schema\/person\/b8702bb0e538456e6efd07080bf2a4a2"},"headline":"LA NI\u00d1EZ SIN FANTAS\u00cdA","datePublished":"2023-04-26T23:19:45+00:00","dateModified":"2023-04-26T23:19:58+00:00","mainEntityOfPage":{"@id":"https:\/\/lospoliticosveracruz.com\/?p=105358"},"wordCount":985,"publisher":{"@id":"https:\/\/lospoliticosveracruz.com\/#organization"},"keywords":["D\u00eda del Ni\u00f1o","Veracruz"],"articleSection":["De Opini\u00f3n"],"inLanguage":"es"},{"@type":"WebPage","@id":"https:\/\/lospoliticosveracruz.com\/?p=105358","url":"https:\/\/lospoliticosveracruz.com\/?p=105358","name":"LA NI\u00d1EZ SIN FANTAS\u00cdA - Los pol\u00edticos Veracruz","isPartOf":{"@id":"https:\/\/lospoliticosveracruz.com\/#website"},"datePublished":"2023-04-26T23:19:45+00:00","dateModified":"2023-04-26T23:19:58+00:00","breadcrumb":{"@id":"https:\/\/lospoliticosveracruz.com\/?p=105358#breadcrumb"},"inLanguage":"es","potentialAction":[{"@type":"ReadAction","target":["https:\/\/lospoliticosveracruz.com\/?p=105358"]}]},{"@type":"BreadcrumbList","@id":"https:\/\/lospoliticosveracruz.com\/?p=105358#breadcrumb","itemListElement":[{"@type":"ListItem","position":1,"name":"Portada","item":"https:\/\/lospoliticosveracruz.com\/"},{"@type":"ListItem","position":2,"name":"LA NI\u00d1EZ SIN FANTAS\u00cdA"}]},{"@type":"WebSite","@id":"https:\/\/lospoliticosveracruz.com\/#website","url":"https:\/\/lospoliticosveracruz.com\/","name":"Los pol\u00edticos Veracruz","description":"","publisher":{"@id":"https:\/\/lospoliticosveracruz.com\/#organization"},"potentialAction":[{"@type":"SearchAction","target":{"@type":"EntryPoint","urlTemplate":"https:\/\/lospoliticosveracruz.com\/?s={search_term_string}"},"query-input":{"@type":"PropertyValueSpecification","valueRequired":true,"valueName":"search_term_string"}}],"inLanguage":"es"},{"@type":"Organization","@id":"https:\/\/lospoliticosveracruz.com\/#organization","name":"Los pol\u00edticos Veracruz","url":"https:\/\/lospoliticosveracruz.com\/","logo":{"@type":"ImageObject","inLanguage":"es","@id":"https:\/\/lospoliticosveracruz.com\/#\/schema\/logo\/image\/","url":"https:\/\/lospoliticosveracruz.com\/wp-content\/uploads\/2025\/12\/Logo-Nuevo-LOS-POLITICOS-1.jpg","contentUrl":"https:\/\/lospoliticosveracruz.com\/wp-content\/uploads\/2025\/12\/Logo-Nuevo-LOS-POLITICOS-1.jpg","width":260,"height":70,"caption":"Los pol\u00edticos Veracruz"},"image":{"@id":"https:\/\/lospoliticosveracruz.com\/#\/schema\/logo\/image\/"},"sameAs":["https:\/\/www.facebook.com\/people\/Notimemes-de-los-Polticos\/61565672886568\/","https:\/\/x.com\/LosPoliticosVer"]},{"@type":"Person","@id":"https:\/\/lospoliticosveracruz.com\/#\/schema\/person\/b8702bb0e538456e6efd07080bf2a4a2","name":"Lo viste en Los Pol\u00edticos","image":{"@type":"ImageObject","inLanguage":"es","@id":"https:\/\/secure.gravatar.com\/avatar\/3a8de04a2656d44082be478bd6c086daa447c4651605818287b9532d3d0bd435?s=96&d=mm&r=g","url":"https:\/\/secure.gravatar.com\/avatar\/3a8de04a2656d44082be478bd6c086daa447c4651605818287b9532d3d0bd435?s=96&d=mm&r=g","contentUrl":"https:\/\/secure.gravatar.com\/avatar\/3a8de04a2656d44082be478bd6c086daa447c4651605818287b9532d3d0bd435?s=96&d=mm&r=g","caption":"Lo viste en Los Pol\u00edticos"},"url":"https:\/\/lospoliticosveracruz.com\/?author=2"}]}},"_links":{"self":[{"href":"https:\/\/lospoliticosveracruz.com\/index.php?rest_route=\/wp\/v2\/posts\/105358","targetHints":{"allow":["GET"]}}],"collection":[{"href":"https:\/\/lospoliticosveracruz.com\/index.php?rest_route=\/wp\/v2\/posts"}],"about":[{"href":"https:\/\/lospoliticosveracruz.com\/index.php?rest_route=\/wp\/v2\/types\/post"}],"author":[{"embeddable":true,"href":"https:\/\/lospoliticosveracruz.com\/index.php?rest_route=\/wp\/v2\/users\/2"}],"replies":[{"embeddable":true,"href":"https:\/\/lospoliticosveracruz.com\/index.php?rest_route=%2Fwp%2Fv2%2Fcomments&post=105358"}],"version-history":[{"count":1,"href":"https:\/\/lospoliticosveracruz.com\/index.php?rest_route=\/wp\/v2\/posts\/105358\/revisions"}],"predecessor-version":[{"id":105360,"href":"https:\/\/lospoliticosveracruz.com\/index.php?rest_route=\/wp\/v2\/posts\/105358\/revisions\/105360"}],"wp:attachment":[{"href":"https:\/\/lospoliticosveracruz.com\/index.php?rest_route=%2Fwp%2Fv2%2Fmedia&parent=105358"}],"wp:term":[{"taxonomy":"category","embeddable":true,"href":"https:\/\/lospoliticosveracruz.com\/index.php?rest_route=%2Fwp%2Fv2%2Fcategories&post=105358"},{"taxonomy":"post_tag","embeddable":true,"href":"https:\/\/lospoliticosveracruz.com\/index.php?rest_route=%2Fwp%2Fv2%2Ftags&post=105358"}],"curies":[{"name":"wp","href":"https:\/\/api.w.org\/{rel}","templated":true}]}}