{"id":105368,"date":"2023-04-26T19:36:44","date_gmt":"2023-04-27T00:36:44","guid":{"rendered":"https:\/\/lospoliticosveracruz.com.mx\/?p=105368"},"modified":"2023-04-26T19:40:04","modified_gmt":"2023-04-27T00:40:04","slug":"no-estaba-muerto-andaba-en-otras-cosas","status":"publish","type":"post","link":"https:\/\/lospoliticosveracruz.com\/?p=105368","title":{"rendered":"NO ESTABA MUERTO, andaba en otras cosas"},"content":{"rendered":"\n<p><strong>Miguel \u00c1ngel G\u00f3mez Ruiz<br><\/strong><em>Contrapunto<\/em><\/p>\n\n\n\n<p>Desde el domingo se encendieron las alarmas. Inclusive, el silencio del personal de gobierno y los deseos de opositores (algunos muy intensos) se volvieron cotidianos con el paso de los d\u00edas.<\/p>\n\n\n\n<figure class=\"wp-block-image size-full\"><a href=\"https:\/\/lospoliticosveracruz.com.mx\/wp-content\/uploads\/2022\/05\/Seguro-Julio-Cerecedo.jpg\"><img decoding=\"async\" src=\"https:\/\/lospoliticosveracruz.com.mx\/wp-content\/uploads\/2022\/05\/Seguro-Julio-Cerecedo.jpg\" alt=\"\" class=\"wp-image-90414\"\/><\/a><\/figure>\n\n\n\n<p>Que si el presidente hab\u00eda contra\u00eddo Covid-19 por tercera ocasi\u00f3n; sobre sus acompa\u00f1antes que siempre van con \u00e9l sin cubrebocas; que si hab\u00eda sufrido un infarto o un derrame cerebral. Inclusive, hubo quien dec\u00eda que ya casi estaba listo para ser sepultado. Nada de eso pas\u00f3, pero s\u00ed hubo una falta de informaci\u00f3n que casi volvi\u00f3 loco a medio mundo.<\/p>\n\n\n\n<p>Si lo que present\u00f3 en redes sociales este mi\u00e9rcoles es cierto, el presidente deber\u00e1 descansar unos d\u00edas m\u00e1s, a fin de no contagiar a nadie y que vuelva por lo menos, con mejor salud que la que ten\u00eda el domingo, en donde se le vio p\u00e1lido y agobiado con ese coraz\u00f3n que \u2013exagerado o no- no le funciona al cien por ciento.<\/p>\n\n\n\n<p>Su equipo tampoco hizo gran cosa y todo porque es el presidente quien decide qu\u00e9 se hace y qu\u00e9 no. Por ejemplo, en la C\u00e1mara de Diputados, sus incondicionales fueron con todo a aprobar dict\u00e1menes sin revisi\u00f3n y sin aprobaci\u00f3n de las comisiones correspondientes y aprobaron varias cosas que sorprendi\u00f3 a muchos, como fue el caso de la desaparici\u00f3n del Conacyt, de lo poco realmente valioso que le quedaba al pa\u00eds.<\/p>\n\n\n\n<p>Al final, todo lo aprobado ir\u00e1 a revisi\u00f3n y ya sea que se publique o no en el Diario Oficial de la Federaci\u00f3n, igual tendr\u00e1 que pasar por la Suprema Corte de Justicia de la Naci\u00f3n (SCJN), as\u00ed que a\u00fan podr\u00edan cambiar las cosas.<\/p>\n\n\n\n<p>La vulnerabilidad del presidente es la que est\u00e1 en entredicho y no por el hecho de que no se le crea que fue contagiado de Covid-19 una vez m\u00e1s, sino porque algo no se ha informado correctamente y es quiz\u00e1 el hecho de que haya cepas m\u00e1s graves y m\u00e1s contagiosas que la \u00d3micron, por ejemplo. Los contagios y muertes van en aumento.<\/p>\n\n\n\n<p>Ya sus palabras sobre que \u201cno mentir, no robar y no traicionar son armas para que no les d\u00e9 el Covid\u201d tendr\u00edan que ser revisadas porque al se\u00f1or ya le ha dado Covid tres veces, as\u00ed que, hay que pensar quiz\u00e1 en alguna otra frase que no sea tan comprometedora.<\/p>\n\n\n\n<p>Inclusive, hubo quien pens\u00f3 que la ausencia del presidente era porque estaba en boga el tema de la venta del avi\u00f3n presidencial. Que si el dinero lo administrar\u00eda Banobras pues son ellos los que han puesto su dinero para su mantenimiento y para tenerlo bajo resguardo. Que si el avi\u00f3n no pod\u00eda venderse o bien, que si fue vendido a uno de los peores gobiernos del mundo en cuanto a maltrato a su poblaci\u00f3n se refiere.<\/p>\n\n\n\n<p>O bien, quiz\u00e1 fue el hecho de que se sigue hablando de Luis Cresencio Sandoval, el general que goza, junto con su familia y allegados de grandes recursos para viajar y hospedarse a toda pompa en cualquier lugar del mundo.<\/p>\n\n\n\n<p>S\u00f3lo el presidente sabe qu\u00e9 es verdad y qu\u00e9 no.<\/p>\n\n\n\n<p><strong>Veracruz<\/strong><\/p>\n\n\n\n<p>En Veracruz sigue la muerte de mujeres. En Perote una mujer se suicid\u00f3 pues ya no soport\u00f3 el maltrato al que era sometida diariamente y aunque no fue un feminicidio, las circunstancias parecen haberla llevado a tomar una decisi\u00f3n dura, dif\u00edcil, como fue quitarse la vida. Nadie le ayud\u00f3.<\/p>\n\n\n\n<p>Pues eso bast\u00f3 para que el gobernador Cuitl\u00e1huac Garc\u00eda rega\u00f1ase a los reporteros, pues dice que aprovechan esas noticias para afectar su gobierno. En serio, el propio mandatario parece confirmar que es una copia de su jefe \u2013L\u00f3pez Obrador- s\u00f3lo que en regi\u00f3n 4. No, nadie quiere afectar su gobierno, pues \u00e9l mismo se ha encargado de hacer las cosas mal cada que quiere.<\/p>\n\n\n\n<p>Y es que el lunes, fue asesinado el director de una afamada secundaria en C\u00f3rdoba. Fue alcanzado por un sujeto que lo bale\u00f3 y lo dej\u00f3 muerto. Pues al otro d\u00eda, en sus sopor\u00edferas ruedas de prensa, Cuitl\u00e1huac atin\u00f3 a decir que se segu\u00edan dos l\u00edneas de investigaci\u00f3n, pero que s\u00f3lo dir\u00eda una y es que el director era primo de un narco. \u00bfY eso qu\u00e9? \u00bfEso le da derecho a victimizar as\u00ed al profesor?<\/p>\n\n\n\n<p>Como nadie en su gobierno lee siquiera el Libro Vaquero, habr\u00eda que comentarle a Cuitl\u00e1huac que hasta en las familias de los criminales hay quien no se dedica al crimen. Por ejemplo, en la familia de los Arellano F\u00e9lix hay dos hermanos, hombre y mujer, que nada tienen qu\u00e9 ver con las actividades del resto. Si no lo cree, que busque y que lea esa parte. Bien que le hace falta.<\/p>\n\n\n\n<p>Y las muertes siguen, una enfermera fue asaltada en su hogar, ubicado en Xalapa y la madrugada de este mi\u00e9rcoles se report\u00f3 la muerte de seis personas en un bar de Tihuatl\u00e1n. No sabemos c\u00f3mo van las investigaciones, pero seguramente ma\u00f1ana escucharemos al gobernador decir que \u201ctodos eran malos\u201d. As\u00ed.<\/p>\n\n\n\n<p><strong>Julen<\/strong><\/p>\n\n\n\n<p>No hay forma de que el Senador Julen Rementer\u00eda entienda que no tiene nada qu\u00e9 hacer si es que busca la candidatura a la gubernatura de Veracruz. No, no es una mala persona. Es un tipo inteligente. Lamentablemente est\u00e1 aliado con lo peor del panismo, entre ellos Joaqu\u00edn Guzm\u00e1n Avil\u00e9s que dej\u00f3 \u2013a prop\u00f3sito- muchos l\u00edos en el PAN estatal que dirigi\u00f3 y para colmo, mal.<\/p>\n\n\n\n<p>Si llega a consolidarse una alianza en Veracruz, lo m\u00e1s sano ser\u00eda que fueran al frente ya sea el priista Juan Manuel Diez Francos, tres veces alcalde de Orizaba o bien, el panista \u2013a\u00fan lo es- Miguel \u00c1ngel Yunes M\u00e1rquez. Ya sabemos que un sector del PAN no ir\u00e1 con Yunes pero les ir\u00e1 peor si siguen apoyando a Guzm\u00e1n Avil\u00e9s que sigue perdiendo poder en Tantoyuca, su tierra. Del resto, ni hablar.<\/p>\n\n\n\n<p>PD Muchas cosas hay que arreglar en el gobierno, ya sea en el federal, el estatal o hasta en los municipios, pues muchos morenistas no dan una. Cr\u00e9alo, no dan una. Si Morena dice que al PRI le bastaron 70 y 80 a\u00f1os a ellos s\u00f3lo les bastaron cinco a\u00f1os. El pa\u00eds es un desastre.<\/p>\n","protected":false},"excerpt":{"rendered":"<p>Miguel \u00c1ngel G\u00f3mez RuizContrapunto Desde el domingo se encendieron las alarmas. Inclusive, el silencio del personal de gobierno y los deseos de opositores (algunos muy intensos) se volvieron cotidianos con el paso de los d\u00edas. Que si el presidente hab\u00eda contra\u00eddo Covid-19 por tercera ocasi\u00f3n; sobre sus acompa\u00f1antes que siempre van con \u00e9l sin cubrebocas; [&hellip;]<\/p>\n","protected":false},"author":2,"featured_media":0,"comment_status":"closed","ping_status":"closed","sticky":false,"template":"","format":"standard","meta":{"tdm_status":"","tdm_grid_status":"","footnotes":""},"categories":[70],"tags":[618,1563,3288,28370,1026,38043,195],"class_list":{"0":"post-105368","1":"post","2":"type-post","3":"status-publish","4":"format-standard","6":"category-de-opinion","7":"tag-andres-manuel-lopez-obrador","8":"tag-cuitlahuac-garcia-jimenez","9":"tag-joaquin-guzman-aviles","10":"tag-miguel-angel-gomez-ruiz","11":"tag-morena","12":"tag-senador-julen-rementeria","13":"tag-veracruz"},"yoast_head":"<!-- This site is optimized with the Yoast SEO plugin v27.4 - https:\/\/yoast.com\/product\/yoast-seo-wordpress\/ -->\n<title>NO ESTABA MUERTO, andaba en otras cosas - Los pol\u00edticos Veracruz<\/title>\n<meta name=\"robots\" content=\"index, follow, max-snippet:-1, max-image-preview:large, max-video-preview:-1\" \/>\n<link rel=\"canonical\" href=\"https:\/\/lospoliticosveracruz.com\/?p=105368\" \/>\n<meta property=\"og:locale\" content=\"es_ES\" \/>\n<meta property=\"og:type\" content=\"article\" \/>\n<meta property=\"og:title\" content=\"NO ESTABA MUERTO, andaba en otras cosas - Los pol\u00edticos Veracruz\" \/>\n<meta property=\"og:description\" content=\"Miguel \u00c1ngel G\u00f3mez RuizContrapunto Desde el domingo se encendieron las alarmas. Inclusive, el silencio del personal de gobierno y los deseos de opositores (algunos muy intensos) se volvieron cotidianos con el paso de los d\u00edas. Que si el presidente hab\u00eda contra\u00eddo Covid-19 por tercera ocasi\u00f3n; sobre sus acompa\u00f1antes que siempre van con \u00e9l sin cubrebocas; [&hellip;]\" \/>\n<meta property=\"og:url\" content=\"https:\/\/lospoliticosveracruz.com\/?p=105368\" \/>\n<meta property=\"og:site_name\" content=\"Los pol\u00edticos Veracruz\" \/>\n<meta property=\"article:publisher\" content=\"https:\/\/www.facebook.com\/people\/Notimemes-de-los-Polticos\/61565672886568\/\" \/>\n<meta property=\"article:published_time\" content=\"2023-04-27T00:36:44+00:00\" \/>\n<meta property=\"article:modified_time\" content=\"2023-04-27T00:40:04+00:00\" \/>\n<meta property=\"og:image\" content=\"https:\/\/lospoliticosveracruz.com.mx\/wp-content\/uploads\/2022\/05\/Seguro-Julio-Cerecedo.jpg\" \/>\n<meta name=\"author\" content=\"Lo viste en Los Pol\u00edticos\" \/>\n<meta name=\"twitter:card\" content=\"summary_large_image\" \/>\n<meta name=\"twitter:creator\" content=\"@LosPoliticosVer\" \/>\n<meta name=\"twitter:site\" content=\"@LosPoliticosVer\" \/>\n<meta name=\"twitter:label1\" content=\"Escrito por\" \/>\n\t<meta name=\"twitter:data1\" content=\"Lo viste en Los Pol\u00edticos\" \/>\n\t<meta name=\"twitter:label2\" content=\"Tiempo de lectura\" \/>\n\t<meta name=\"twitter:data2\" content=\"5 minutos\" \/>\n<script type=\"application\/ld+json\" class=\"yoast-schema-graph\">{\"@context\":\"https:\\\/\\\/schema.org\",\"@graph\":[{\"@type\":\"Article\",\"@id\":\"https:\\\/\\\/lospoliticosveracruz.com\\\/?p=105368#article\",\"isPartOf\":{\"@id\":\"https:\\\/\\\/lospoliticosveracruz.com\\\/?p=105368\"},\"author\":{\"name\":\"Lo viste en Los Pol\u00edticos\",\"@id\":\"https:\\\/\\\/lospoliticosveracruz.com\\\/#\\\/schema\\\/person\\\/b8702bb0e538456e6efd07080bf2a4a2\"},\"headline\":\"NO ESTABA MUERTO, andaba en otras cosas\",\"datePublished\":\"2023-04-27T00:36:44+00:00\",\"dateModified\":\"2023-04-27T00:40:04+00:00\",\"mainEntityOfPage\":{\"@id\":\"https:\\\/\\\/lospoliticosveracruz.com\\\/?p=105368\"},\"wordCount\":1099,\"publisher\":{\"@id\":\"https:\\\/\\\/lospoliticosveracruz.com\\\/#organization\"},\"image\":{\"@id\":\"https:\\\/\\\/lospoliticosveracruz.com\\\/?p=105368#primaryimage\"},\"thumbnailUrl\":\"https:\\\/\\\/lospoliticosveracruz.com.mx\\\/wp-content\\\/uploads\\\/2022\\\/05\\\/Seguro-Julio-Cerecedo.jpg\",\"keywords\":[\"Andr\u00e9s Manuel L\u00f3pez Obrador\",\"Cuitl\u00e1huac Garc\u00eda Jim\u00e9nez\",\"Joaqu\u00edn Guzm\u00e1n Avil\u00e9s\",\"Miguel \u00c1ngel G\u00f3mez Ruiz\",\"Morena\",\"Senador Julen Rementer\u00eda\",\"Veracruz\"],\"articleSection\":[\"De Opini\u00f3n\"],\"inLanguage\":\"es\"},{\"@type\":\"WebPage\",\"@id\":\"https:\\\/\\\/lospoliticosveracruz.com\\\/?p=105368\",\"url\":\"https:\\\/\\\/lospoliticosveracruz.com\\\/?p=105368\",\"name\":\"NO ESTABA MUERTO, andaba en otras cosas - Los pol\u00edticos Veracruz\",\"isPartOf\":{\"@id\":\"https:\\\/\\\/lospoliticosveracruz.com\\\/#website\"},\"primaryImageOfPage\":{\"@id\":\"https:\\\/\\\/lospoliticosveracruz.com\\\/?p=105368#primaryimage\"},\"image\":{\"@id\":\"https:\\\/\\\/lospoliticosveracruz.com\\\/?p=105368#primaryimage\"},\"thumbnailUrl\":\"https:\\\/\\\/lospoliticosveracruz.com.mx\\\/wp-content\\\/uploads\\\/2022\\\/05\\\/Seguro-Julio-Cerecedo.jpg\",\"datePublished\":\"2023-04-27T00:36:44+00:00\",\"dateModified\":\"2023-04-27T00:40:04+00:00\",\"breadcrumb\":{\"@id\":\"https:\\\/\\\/lospoliticosveracruz.com\\\/?p=105368#breadcrumb\"},\"inLanguage\":\"es\",\"potentialAction\":[{\"@type\":\"ReadAction\",\"target\":[\"https:\\\/\\\/lospoliticosveracruz.com\\\/?p=105368\"]}]},{\"@type\":\"ImageObject\",\"inLanguage\":\"es\",\"@id\":\"https:\\\/\\\/lospoliticosveracruz.com\\\/?p=105368#primaryimage\",\"url\":\"https:\\\/\\\/lospoliticosveracruz.com.mx\\\/wp-content\\\/uploads\\\/2022\\\/05\\\/Seguro-Julio-Cerecedo.jpg\",\"contentUrl\":\"https:\\\/\\\/lospoliticosveracruz.com.mx\\\/wp-content\\\/uploads\\\/2022\\\/05\\\/Seguro-Julio-Cerecedo.jpg\"},{\"@type\":\"BreadcrumbList\",\"@id\":\"https:\\\/\\\/lospoliticosveracruz.com\\\/?p=105368#breadcrumb\",\"itemListElement\":[{\"@type\":\"ListItem\",\"position\":1,\"name\":\"Portada\",\"item\":\"https:\\\/\\\/lospoliticosveracruz.com\\\/\"},{\"@type\":\"ListItem\",\"position\":2,\"name\":\"NO ESTABA MUERTO, andaba en otras cosas\"}]},{\"@type\":\"WebSite\",\"@id\":\"https:\\\/\\\/lospoliticosveracruz.com\\\/#website\",\"url\":\"https:\\\/\\\/lospoliticosveracruz.com\\\/\",\"name\":\"Los pol\u00edticos Veracruz\",\"description\":\"\",\"publisher\":{\"@id\":\"https:\\\/\\\/lospoliticosveracruz.com\\\/#organization\"},\"potentialAction\":[{\"@type\":\"SearchAction\",\"target\":{\"@type\":\"EntryPoint\",\"urlTemplate\":\"https:\\\/\\\/lospoliticosveracruz.com\\\/?s={search_term_string}\"},\"query-input\":{\"@type\":\"PropertyValueSpecification\",\"valueRequired\":true,\"valueName\":\"search_term_string\"}}],\"inLanguage\":\"es\"},{\"@type\":\"Organization\",\"@id\":\"https:\\\/\\\/lospoliticosveracruz.com\\\/#organization\",\"name\":\"Los pol\u00edticos Veracruz\",\"url\":\"https:\\\/\\\/lospoliticosveracruz.com\\\/\",\"logo\":{\"@type\":\"ImageObject\",\"inLanguage\":\"es\",\"@id\":\"https:\\\/\\\/lospoliticosveracruz.com\\\/#\\\/schema\\\/logo\\\/image\\\/\",\"url\":\"https:\\\/\\\/lospoliticosveracruz.com\\\/wp-content\\\/uploads\\\/2025\\\/12\\\/Logo-Nuevo-LOS-POLITICOS-1.jpg\",\"contentUrl\":\"https:\\\/\\\/lospoliticosveracruz.com\\\/wp-content\\\/uploads\\\/2025\\\/12\\\/Logo-Nuevo-LOS-POLITICOS-1.jpg\",\"width\":260,\"height\":70,\"caption\":\"Los pol\u00edticos Veracruz\"},\"image\":{\"@id\":\"https:\\\/\\\/lospoliticosveracruz.com\\\/#\\\/schema\\\/logo\\\/image\\\/\"},\"sameAs\":[\"https:\\\/\\\/www.facebook.com\\\/people\\\/Notimemes-de-los-Polticos\\\/61565672886568\\\/\",\"https:\\\/\\\/x.com\\\/LosPoliticosVer\"]},{\"@type\":\"Person\",\"@id\":\"https:\\\/\\\/lospoliticosveracruz.com\\\/#\\\/schema\\\/person\\\/b8702bb0e538456e6efd07080bf2a4a2\",\"name\":\"Lo viste en Los Pol\u00edticos\",\"image\":{\"@type\":\"ImageObject\",\"inLanguage\":\"es\",\"@id\":\"https:\\\/\\\/secure.gravatar.com\\\/avatar\\\/3a8de04a2656d44082be478bd6c086daa447c4651605818287b9532d3d0bd435?s=96&d=mm&r=g\",\"url\":\"https:\\\/\\\/secure.gravatar.com\\\/avatar\\\/3a8de04a2656d44082be478bd6c086daa447c4651605818287b9532d3d0bd435?s=96&d=mm&r=g\",\"contentUrl\":\"https:\\\/\\\/secure.gravatar.com\\\/avatar\\\/3a8de04a2656d44082be478bd6c086daa447c4651605818287b9532d3d0bd435?s=96&d=mm&r=g\",\"caption\":\"Lo viste en Los Pol\u00edticos\"},\"url\":\"https:\\\/\\\/lospoliticosveracruz.com\\\/?author=2\"}]}<\/script>\n<!-- \/ Yoast SEO plugin. -->","yoast_head_json":{"title":"NO ESTABA MUERTO, andaba en otras cosas - Los pol\u00edticos Veracruz","robots":{"index":"index","follow":"follow","max-snippet":"max-snippet:-1","max-image-preview":"max-image-preview:large","max-video-preview":"max-video-preview:-1"},"canonical":"https:\/\/lospoliticosveracruz.com\/?p=105368","og_locale":"es_ES","og_type":"article","og_title":"NO ESTABA MUERTO, andaba en otras cosas - Los pol\u00edticos Veracruz","og_description":"Miguel \u00c1ngel G\u00f3mez RuizContrapunto Desde el domingo se encendieron las alarmas. Inclusive, el silencio del personal de gobierno y los deseos de opositores (algunos muy intensos) se volvieron cotidianos con el paso de los d\u00edas. Que si el presidente hab\u00eda contra\u00eddo Covid-19 por tercera ocasi\u00f3n; sobre sus acompa\u00f1antes que siempre van con \u00e9l sin cubrebocas; [&hellip;]","og_url":"https:\/\/lospoliticosveracruz.com\/?p=105368","og_site_name":"Los pol\u00edticos Veracruz","article_publisher":"https:\/\/www.facebook.com\/people\/Notimemes-de-los-Polticos\/61565672886568\/","article_published_time":"2023-04-27T00:36:44+00:00","article_modified_time":"2023-04-27T00:40:04+00:00","og_image":[{"url":"https:\/\/lospoliticosveracruz.com.mx\/wp-content\/uploads\/2022\/05\/Seguro-Julio-Cerecedo.jpg","type":"","width":"","height":""}],"author":"Lo viste en Los Pol\u00edticos","twitter_card":"summary_large_image","twitter_creator":"@LosPoliticosVer","twitter_site":"@LosPoliticosVer","twitter_misc":{"Escrito por":"Lo viste en Los Pol\u00edticos","Tiempo de lectura":"5 minutos"},"schema":{"@context":"https:\/\/schema.org","@graph":[{"@type":"Article","@id":"https:\/\/lospoliticosveracruz.com\/?p=105368#article","isPartOf":{"@id":"https:\/\/lospoliticosveracruz.com\/?p=105368"},"author":{"name":"Lo viste en Los Pol\u00edticos","@id":"https:\/\/lospoliticosveracruz.com\/#\/schema\/person\/b8702bb0e538456e6efd07080bf2a4a2"},"headline":"NO ESTABA MUERTO, andaba en otras cosas","datePublished":"2023-04-27T00:36:44+00:00","dateModified":"2023-04-27T00:40:04+00:00","mainEntityOfPage":{"@id":"https:\/\/lospoliticosveracruz.com\/?p=105368"},"wordCount":1099,"publisher":{"@id":"https:\/\/lospoliticosveracruz.com\/#organization"},"image":{"@id":"https:\/\/lospoliticosveracruz.com\/?p=105368#primaryimage"},"thumbnailUrl":"https:\/\/lospoliticosveracruz.com.mx\/wp-content\/uploads\/2022\/05\/Seguro-Julio-Cerecedo.jpg","keywords":["Andr\u00e9s Manuel L\u00f3pez Obrador","Cuitl\u00e1huac Garc\u00eda Jim\u00e9nez","Joaqu\u00edn Guzm\u00e1n Avil\u00e9s","Miguel \u00c1ngel G\u00f3mez Ruiz","Morena","Senador Julen Rementer\u00eda","Veracruz"],"articleSection":["De Opini\u00f3n"],"inLanguage":"es"},{"@type":"WebPage","@id":"https:\/\/lospoliticosveracruz.com\/?p=105368","url":"https:\/\/lospoliticosveracruz.com\/?p=105368","name":"NO ESTABA MUERTO, andaba en otras cosas - Los pol\u00edticos Veracruz","isPartOf":{"@id":"https:\/\/lospoliticosveracruz.com\/#website"},"primaryImageOfPage":{"@id":"https:\/\/lospoliticosveracruz.com\/?p=105368#primaryimage"},"image":{"@id":"https:\/\/lospoliticosveracruz.com\/?p=105368#primaryimage"},"thumbnailUrl":"https:\/\/lospoliticosveracruz.com.mx\/wp-content\/uploads\/2022\/05\/Seguro-Julio-Cerecedo.jpg","datePublished":"2023-04-27T00:36:44+00:00","dateModified":"2023-04-27T00:40:04+00:00","breadcrumb":{"@id":"https:\/\/lospoliticosveracruz.com\/?p=105368#breadcrumb"},"inLanguage":"es","potentialAction":[{"@type":"ReadAction","target":["https:\/\/lospoliticosveracruz.com\/?p=105368"]}]},{"@type":"ImageObject","inLanguage":"es","@id":"https:\/\/lospoliticosveracruz.com\/?p=105368#primaryimage","url":"https:\/\/lospoliticosveracruz.com.mx\/wp-content\/uploads\/2022\/05\/Seguro-Julio-Cerecedo.jpg","contentUrl":"https:\/\/lospoliticosveracruz.com.mx\/wp-content\/uploads\/2022\/05\/Seguro-Julio-Cerecedo.jpg"},{"@type":"BreadcrumbList","@id":"https:\/\/lospoliticosveracruz.com\/?p=105368#breadcrumb","itemListElement":[{"@type":"ListItem","position":1,"name":"Portada","item":"https:\/\/lospoliticosveracruz.com\/"},{"@type":"ListItem","position":2,"name":"NO ESTABA MUERTO, andaba en otras cosas"}]},{"@type":"WebSite","@id":"https:\/\/lospoliticosveracruz.com\/#website","url":"https:\/\/lospoliticosveracruz.com\/","name":"Los pol\u00edticos Veracruz","description":"","publisher":{"@id":"https:\/\/lospoliticosveracruz.com\/#organization"},"potentialAction":[{"@type":"SearchAction","target":{"@type":"EntryPoint","urlTemplate":"https:\/\/lospoliticosveracruz.com\/?s={search_term_string}"},"query-input":{"@type":"PropertyValueSpecification","valueRequired":true,"valueName":"search_term_string"}}],"inLanguage":"es"},{"@type":"Organization","@id":"https:\/\/lospoliticosveracruz.com\/#organization","name":"Los pol\u00edticos Veracruz","url":"https:\/\/lospoliticosveracruz.com\/","logo":{"@type":"ImageObject","inLanguage":"es","@id":"https:\/\/lospoliticosveracruz.com\/#\/schema\/logo\/image\/","url":"https:\/\/lospoliticosveracruz.com\/wp-content\/uploads\/2025\/12\/Logo-Nuevo-LOS-POLITICOS-1.jpg","contentUrl":"https:\/\/lospoliticosveracruz.com\/wp-content\/uploads\/2025\/12\/Logo-Nuevo-LOS-POLITICOS-1.jpg","width":260,"height":70,"caption":"Los pol\u00edticos Veracruz"},"image":{"@id":"https:\/\/lospoliticosveracruz.com\/#\/schema\/logo\/image\/"},"sameAs":["https:\/\/www.facebook.com\/people\/Notimemes-de-los-Polticos\/61565672886568\/","https:\/\/x.com\/LosPoliticosVer"]},{"@type":"Person","@id":"https:\/\/lospoliticosveracruz.com\/#\/schema\/person\/b8702bb0e538456e6efd07080bf2a4a2","name":"Lo viste en Los Pol\u00edticos","image":{"@type":"ImageObject","inLanguage":"es","@id":"https:\/\/secure.gravatar.com\/avatar\/3a8de04a2656d44082be478bd6c086daa447c4651605818287b9532d3d0bd435?s=96&d=mm&r=g","url":"https:\/\/secure.gravatar.com\/avatar\/3a8de04a2656d44082be478bd6c086daa447c4651605818287b9532d3d0bd435?s=96&d=mm&r=g","contentUrl":"https:\/\/secure.gravatar.com\/avatar\/3a8de04a2656d44082be478bd6c086daa447c4651605818287b9532d3d0bd435?s=96&d=mm&r=g","caption":"Lo viste en Los Pol\u00edticos"},"url":"https:\/\/lospoliticosveracruz.com\/?author=2"}]}},"_links":{"self":[{"href":"https:\/\/lospoliticosveracruz.com\/index.php?rest_route=\/wp\/v2\/posts\/105368","targetHints":{"allow":["GET"]}}],"collection":[{"href":"https:\/\/lospoliticosveracruz.com\/index.php?rest_route=\/wp\/v2\/posts"}],"about":[{"href":"https:\/\/lospoliticosveracruz.com\/index.php?rest_route=\/wp\/v2\/types\/post"}],"author":[{"embeddable":true,"href":"https:\/\/lospoliticosveracruz.com\/index.php?rest_route=\/wp\/v2\/users\/2"}],"replies":[{"embeddable":true,"href":"https:\/\/lospoliticosveracruz.com\/index.php?rest_route=%2Fwp%2Fv2%2Fcomments&post=105368"}],"version-history":[{"count":1,"href":"https:\/\/lospoliticosveracruz.com\/index.php?rest_route=\/wp\/v2\/posts\/105368\/revisions"}],"predecessor-version":[{"id":105369,"href":"https:\/\/lospoliticosveracruz.com\/index.php?rest_route=\/wp\/v2\/posts\/105368\/revisions\/105369"}],"wp:attachment":[{"href":"https:\/\/lospoliticosveracruz.com\/index.php?rest_route=%2Fwp%2Fv2%2Fmedia&parent=105368"}],"wp:term":[{"taxonomy":"category","embeddable":true,"href":"https:\/\/lospoliticosveracruz.com\/index.php?rest_route=%2Fwp%2Fv2%2Fcategories&post=105368"},{"taxonomy":"post_tag","embeddable":true,"href":"https:\/\/lospoliticosveracruz.com\/index.php?rest_route=%2Fwp%2Fv2%2Ftags&post=105368"}],"curies":[{"name":"wp","href":"https:\/\/api.w.org\/{rel}","templated":true}]}}