{"id":105390,"date":"2023-04-27T10:52:34","date_gmt":"2023-04-27T15:52:34","guid":{"rendered":"https:\/\/lospoliticosveracruz.com.mx\/?p=105390"},"modified":"2023-04-27T10:52:41","modified_gmt":"2023-04-27T15:52:41","slug":"un-nobel-para-amlo","status":"publish","type":"post","link":"https:\/\/lospoliticosveracruz.com\/?p=105390","title":{"rendered":"\u00bfUN NOBEL PARA AMLO?"},"content":{"rendered":"\n<p><\/p>\n\n\n\n<p><strong>Sergio Gonz\u00e1lez Levet<\/strong><\/p>\n\n\n\n<p><em>Sin tacto<\/em><\/p>\n\n\n\n<p>Silvestre Manuel Tomoltzin, que se dice reportero y \u201crepresentante de la Asociaci\u00f3n Nacional de Locutores\u201d entrar\u00e1 a la historia de la ignominia despu\u00e9s de haber propuesto en la Ma\u00f1anera, a la que es asiduo invitado, que se creara \u201cun comit\u00e9 para proponer al presidente Andr\u00e9s Manuel L\u00f3pez Obrador al Premio Nobel de la Paz.\u201d<\/p>\n\n\n<div class=\"wp-block-image\">\n<figure class=\"alignleft size-full is-resized\"><a href=\"https:\/\/lospoliticosveracruz.com.mx\/wp-content\/uploads\/2023\/04\/Alex-Dore-Pole-Dance.jpg\"><img loading=\"lazy\" decoding=\"async\" src=\"https:\/\/lospoliticosveracruz.com.mx\/wp-content\/uploads\/2023\/04\/Alex-Dore-Pole-Dance.jpg\" alt=\"\" class=\"wp-image-104879\" width=\"175\" height=\"175\" srcset=\"https:\/\/lospoliticosveracruz.com\/wp-content\/uploads\/2023\/04\/Alex-Dore-Pole-Dance.jpg 700w, https:\/\/lospoliticosveracruz.com\/wp-content\/uploads\/2023\/04\/Alex-Dore-Pole-Dance-300x300.jpg 300w, https:\/\/lospoliticosveracruz.com\/wp-content\/uploads\/2023\/04\/Alex-Dore-Pole-Dance-150x150.jpg 150w, https:\/\/lospoliticosveracruz.com\/wp-content\/uploads\/2023\/04\/Alex-Dore-Pole-Dance-125x125.jpg 125w\" sizes=\"auto, (max-width: 175px) 100vw, 175px\" \/><\/a><\/figure>\n<\/div>\n\n\n<p>&nbsp;&nbsp;&nbsp;&nbsp; Dice el zalamero Tomoltzin que AMLO se merece el Premio que otorga Noruega -en paralelo a los cuatro premios Nobel propiamente dichos que entrega cada 10 de diciembre la Academia Sueca desde 1901, en las categor\u00edas de F\u00edsica, Qu\u00edmica, Fisiolog\u00eda o Medicina y Literatura- por su \u201cpol\u00edtica de la Cuarta Transformaci\u00f3n, en especial por la supuesta intenci\u00f3n de mantener la paz en M\u00e9xico\u201d.<\/p>\n\n\n\n<p>&nbsp;&nbsp;&nbsp;&nbsp; Habr\u00eda que comprarle unos lentes al Silvestre fan\u00e1tico de L\u00f3pez Obrador y tal vez un kilo de sesos, porque se nota que le faltan unos y otros. Anteojos, para que vea que el pa\u00eds est\u00e1 sumido en la violencia, con asesinatos y asaltos en todas las ciudades, pueblos, carreteras y despoblados de nuestra geograf\u00eda. Y materia gris, para que le entienda un poco, gane una pizca de dignidad y se limite a hacer propuestas que tengan que ver algo con la realidad.<\/p>\n\n\n\n<p>&nbsp;&nbsp;&nbsp;&nbsp; \u00bfNobel de la Paz para el aguerrido Andr\u00e9s Manuel, que todos los d\u00edas se pelea con sus adversarios: empresarios, periodistas (\u201c\u00bfY Lor\u00e9? \u00bfY Lor\u00e9?\u201d), pol\u00edticos de la oposici\u00f3n, miembros de su propio partido, padres de hijos con c\u00e1ncer, m\u00e9dicos mexicanos, defensores de derechos humanos, sacerdotes y obispos\u2026 junto con Calder\u00f3n y Garc\u00eda Luna.<\/p>\n\n\n\n<p>&nbsp;&nbsp;&nbsp;&nbsp; En todo caso, podr\u00eda integrarse mejor un comit\u00e9 que proponga al Presidente para el Nobel de Medicina, por la consideraci\u00f3n con la que trat\u00f3 al coronavirus, al que dej\u00f3 que matara casi un mill\u00f3n de mexicanos que podr\u00edan estar vivos; por la forma en que evit\u00f3 que se gastaran medicamentos contra el c\u00e1ncer que podr\u00edan haber salvado la vida de miles de ni\u00f1os que hoy son angelitos (lo digo muy en serio); por la manera en que se ha mantenido con apariencia saludable a pesar de tantos males que lo aquejan, sin contar los del alma.<\/p>\n\n\n\n<p>&nbsp;&nbsp;&nbsp;&nbsp; O el de F\u00edsica, porque invent\u00f3 una transformaci\u00f3n et\u00e9rea que est\u00e1 presente en las bocas de todos sus seguidores, pero no aparece para nada en la realidad.<\/p>\n\n\n\n<p>&nbsp;&nbsp;&nbsp;&nbsp; O el de Qu\u00edmica, debido a la manera en que ha logrado desaparecer organismos y presupuestos -sin que quede el menor rastro de ellos- que eran parte esencial de la vida de la naci\u00f3n.<\/p>\n\n\n\n<p>&nbsp;&nbsp;&nbsp;&nbsp; O el de Literatura, por los prodigios de la imaginaci\u00f3n que muestra cotidianamente en sus ma\u00f1aneras y en otras declaraciones, todas cargadas de ficci\u00f3n y completamente desapegadas de la realidad, de la verdad.<\/p>\n\n\n\n<p>&nbsp;&nbsp;&nbsp;&nbsp; S\u00ed, en una de \u00e9sas el Patriarca podr\u00eda aspirar a un Nobel, pero el de la Paz, \u00a1nunca!<\/p>\n\n\n\n<p>&nbsp;&nbsp;&nbsp;&nbsp; Que no manche el locutor Silvestre.<\/p>\n\n\n\n<p>sglevet@gmail.com<\/p>\n","protected":false},"excerpt":{"rendered":"<p>Sergio Gonz\u00e1lez Levet Sin tacto Silvestre Manuel Tomoltzin, que se dice reportero y \u201crepresentante de la Asociaci\u00f3n Nacional de Locutores\u201d entrar\u00e1 a la historia de la ignominia despu\u00e9s de haber propuesto en la Ma\u00f1anera, a la que es asiduo invitado, que se creara \u201cun comit\u00e9 para proponer al presidente Andr\u00e9s Manuel L\u00f3pez Obrador al Premio [&hellip;]<\/p>\n","protected":false},"author":2,"featured_media":0,"comment_status":"closed","ping_status":"closed","sticky":false,"template":"","format":"standard","meta":{"tdm_status":"","tdm_grid_status":"","footnotes":""},"categories":[70],"tags":[618,1282,195],"class_list":{"0":"post-105390","1":"post","2":"type-post","3":"status-publish","4":"format-standard","6":"category-de-opinion","7":"tag-andres-manuel-lopez-obrador","8":"tag-sergio-gonzalez-levet","9":"tag-veracruz"},"yoast_head":"<!-- This site is optimized with the Yoast SEO plugin v27.4 - https:\/\/yoast.com\/product\/yoast-seo-wordpress\/ -->\n<title>\u00bfUN NOBEL PARA AMLO? - Los pol\u00edticos Veracruz<\/title>\n<meta name=\"robots\" content=\"index, follow, max-snippet:-1, max-image-preview:large, max-video-preview:-1\" \/>\n<link rel=\"canonical\" href=\"https:\/\/lospoliticosveracruz.com\/?p=105390\" \/>\n<meta property=\"og:locale\" content=\"es_ES\" \/>\n<meta property=\"og:type\" content=\"article\" \/>\n<meta property=\"og:title\" content=\"\u00bfUN NOBEL PARA AMLO? - Los pol\u00edticos Veracruz\" \/>\n<meta property=\"og:description\" content=\"Sergio Gonz\u00e1lez Levet Sin tacto Silvestre Manuel Tomoltzin, que se dice reportero y \u201crepresentante de la Asociaci\u00f3n Nacional de Locutores\u201d entrar\u00e1 a la historia de la ignominia despu\u00e9s de haber propuesto en la Ma\u00f1anera, a la que es asiduo invitado, que se creara \u201cun comit\u00e9 para proponer al presidente Andr\u00e9s Manuel L\u00f3pez Obrador al Premio [&hellip;]\" \/>\n<meta property=\"og:url\" content=\"https:\/\/lospoliticosveracruz.com\/?p=105390\" \/>\n<meta property=\"og:site_name\" content=\"Los pol\u00edticos Veracruz\" \/>\n<meta property=\"article:publisher\" content=\"https:\/\/www.facebook.com\/people\/Notimemes-de-los-Polticos\/61565672886568\/\" \/>\n<meta property=\"article:published_time\" content=\"2023-04-27T15:52:34+00:00\" \/>\n<meta property=\"article:modified_time\" content=\"2023-04-27T15:52:41+00:00\" \/>\n<meta property=\"og:image\" content=\"https:\/\/lospoliticosveracruz.com.mx\/wp-content\/uploads\/2023\/04\/Alex-Dore-Pole-Dance.jpg\" \/>\n<meta name=\"author\" content=\"Lo viste en Los Pol\u00edticos\" \/>\n<meta name=\"twitter:card\" content=\"summary_large_image\" \/>\n<meta name=\"twitter:creator\" content=\"@LosPoliticosVer\" \/>\n<meta name=\"twitter:site\" content=\"@LosPoliticosVer\" \/>\n<meta name=\"twitter:label1\" content=\"Escrito por\" \/>\n\t<meta name=\"twitter:data1\" content=\"Lo viste en Los Pol\u00edticos\" \/>\n\t<meta name=\"twitter:label2\" content=\"Tiempo de lectura\" \/>\n\t<meta name=\"twitter:data2\" content=\"3 minutos\" \/>\n<script type=\"application\/ld+json\" class=\"yoast-schema-graph\">{\"@context\":\"https:\\\/\\\/schema.org\",\"@graph\":[{\"@type\":\"Article\",\"@id\":\"https:\\\/\\\/lospoliticosveracruz.com\\\/?p=105390#article\",\"isPartOf\":{\"@id\":\"https:\\\/\\\/lospoliticosveracruz.com\\\/?p=105390\"},\"author\":{\"name\":\"Lo viste en Los Pol\u00edticos\",\"@id\":\"https:\\\/\\\/lospoliticosveracruz.com\\\/#\\\/schema\\\/person\\\/b8702bb0e538456e6efd07080bf2a4a2\"},\"headline\":\"\u00bfUN NOBEL PARA AMLO?\",\"datePublished\":\"2023-04-27T15:52:34+00:00\",\"dateModified\":\"2023-04-27T15:52:41+00:00\",\"mainEntityOfPage\":{\"@id\":\"https:\\\/\\\/lospoliticosveracruz.com\\\/?p=105390\"},\"wordCount\":555,\"publisher\":{\"@id\":\"https:\\\/\\\/lospoliticosveracruz.com\\\/#organization\"},\"image\":{\"@id\":\"https:\\\/\\\/lospoliticosveracruz.com\\\/?p=105390#primaryimage\"},\"thumbnailUrl\":\"https:\\\/\\\/lospoliticosveracruz.com.mx\\\/wp-content\\\/uploads\\\/2023\\\/04\\\/Alex-Dore-Pole-Dance.jpg\",\"keywords\":[\"Andr\u00e9s Manuel L\u00f3pez Obrador\",\"Sergio Gonz\u00e1lez Levet\",\"Veracruz\"],\"articleSection\":[\"De Opini\u00f3n\"],\"inLanguage\":\"es\"},{\"@type\":\"WebPage\",\"@id\":\"https:\\\/\\\/lospoliticosveracruz.com\\\/?p=105390\",\"url\":\"https:\\\/\\\/lospoliticosveracruz.com\\\/?p=105390\",\"name\":\"\u00bfUN NOBEL PARA AMLO? - Los pol\u00edticos Veracruz\",\"isPartOf\":{\"@id\":\"https:\\\/\\\/lospoliticosveracruz.com\\\/#website\"},\"primaryImageOfPage\":{\"@id\":\"https:\\\/\\\/lospoliticosveracruz.com\\\/?p=105390#primaryimage\"},\"image\":{\"@id\":\"https:\\\/\\\/lospoliticosveracruz.com\\\/?p=105390#primaryimage\"},\"thumbnailUrl\":\"https:\\\/\\\/lospoliticosveracruz.com.mx\\\/wp-content\\\/uploads\\\/2023\\\/04\\\/Alex-Dore-Pole-Dance.jpg\",\"datePublished\":\"2023-04-27T15:52:34+00:00\",\"dateModified\":\"2023-04-27T15:52:41+00:00\",\"breadcrumb\":{\"@id\":\"https:\\\/\\\/lospoliticosveracruz.com\\\/?p=105390#breadcrumb\"},\"inLanguage\":\"es\",\"potentialAction\":[{\"@type\":\"ReadAction\",\"target\":[\"https:\\\/\\\/lospoliticosveracruz.com\\\/?p=105390\"]}]},{\"@type\":\"ImageObject\",\"inLanguage\":\"es\",\"@id\":\"https:\\\/\\\/lospoliticosveracruz.com\\\/?p=105390#primaryimage\",\"url\":\"https:\\\/\\\/lospoliticosveracruz.com.mx\\\/wp-content\\\/uploads\\\/2023\\\/04\\\/Alex-Dore-Pole-Dance.jpg\",\"contentUrl\":\"https:\\\/\\\/lospoliticosveracruz.com.mx\\\/wp-content\\\/uploads\\\/2023\\\/04\\\/Alex-Dore-Pole-Dance.jpg\"},{\"@type\":\"BreadcrumbList\",\"@id\":\"https:\\\/\\\/lospoliticosveracruz.com\\\/?p=105390#breadcrumb\",\"itemListElement\":[{\"@type\":\"ListItem\",\"position\":1,\"name\":\"Portada\",\"item\":\"https:\\\/\\\/lospoliticosveracruz.com\\\/\"},{\"@type\":\"ListItem\",\"position\":2,\"name\":\"\u00bfUN NOBEL PARA AMLO?\"}]},{\"@type\":\"WebSite\",\"@id\":\"https:\\\/\\\/lospoliticosveracruz.com\\\/#website\",\"url\":\"https:\\\/\\\/lospoliticosveracruz.com\\\/\",\"name\":\"Los pol\u00edticos Veracruz\",\"description\":\"\",\"publisher\":{\"@id\":\"https:\\\/\\\/lospoliticosveracruz.com\\\/#organization\"},\"potentialAction\":[{\"@type\":\"SearchAction\",\"target\":{\"@type\":\"EntryPoint\",\"urlTemplate\":\"https:\\\/\\\/lospoliticosveracruz.com\\\/?s={search_term_string}\"},\"query-input\":{\"@type\":\"PropertyValueSpecification\",\"valueRequired\":true,\"valueName\":\"search_term_string\"}}],\"inLanguage\":\"es\"},{\"@type\":\"Organization\",\"@id\":\"https:\\\/\\\/lospoliticosveracruz.com\\\/#organization\",\"name\":\"Los pol\u00edticos Veracruz\",\"url\":\"https:\\\/\\\/lospoliticosveracruz.com\\\/\",\"logo\":{\"@type\":\"ImageObject\",\"inLanguage\":\"es\",\"@id\":\"https:\\\/\\\/lospoliticosveracruz.com\\\/#\\\/schema\\\/logo\\\/image\\\/\",\"url\":\"https:\\\/\\\/lospoliticosveracruz.com\\\/wp-content\\\/uploads\\\/2025\\\/12\\\/Logo-Nuevo-LOS-POLITICOS-1.jpg\",\"contentUrl\":\"https:\\\/\\\/lospoliticosveracruz.com\\\/wp-content\\\/uploads\\\/2025\\\/12\\\/Logo-Nuevo-LOS-POLITICOS-1.jpg\",\"width\":260,\"height\":70,\"caption\":\"Los pol\u00edticos Veracruz\"},\"image\":{\"@id\":\"https:\\\/\\\/lospoliticosveracruz.com\\\/#\\\/schema\\\/logo\\\/image\\\/\"},\"sameAs\":[\"https:\\\/\\\/www.facebook.com\\\/people\\\/Notimemes-de-los-Polticos\\\/61565672886568\\\/\",\"https:\\\/\\\/x.com\\\/LosPoliticosVer\"]},{\"@type\":\"Person\",\"@id\":\"https:\\\/\\\/lospoliticosveracruz.com\\\/#\\\/schema\\\/person\\\/b8702bb0e538456e6efd07080bf2a4a2\",\"name\":\"Lo viste en Los Pol\u00edticos\",\"image\":{\"@type\":\"ImageObject\",\"inLanguage\":\"es\",\"@id\":\"https:\\\/\\\/secure.gravatar.com\\\/avatar\\\/3a8de04a2656d44082be478bd6c086daa447c4651605818287b9532d3d0bd435?s=96&d=mm&r=g\",\"url\":\"https:\\\/\\\/secure.gravatar.com\\\/avatar\\\/3a8de04a2656d44082be478bd6c086daa447c4651605818287b9532d3d0bd435?s=96&d=mm&r=g\",\"contentUrl\":\"https:\\\/\\\/secure.gravatar.com\\\/avatar\\\/3a8de04a2656d44082be478bd6c086daa447c4651605818287b9532d3d0bd435?s=96&d=mm&r=g\",\"caption\":\"Lo viste en Los Pol\u00edticos\"},\"url\":\"https:\\\/\\\/lospoliticosveracruz.com\\\/?author=2\"}]}<\/script>\n<!-- \/ Yoast SEO plugin. -->","yoast_head_json":{"title":"\u00bfUN NOBEL PARA AMLO? - Los pol\u00edticos Veracruz","robots":{"index":"index","follow":"follow","max-snippet":"max-snippet:-1","max-image-preview":"max-image-preview:large","max-video-preview":"max-video-preview:-1"},"canonical":"https:\/\/lospoliticosveracruz.com\/?p=105390","og_locale":"es_ES","og_type":"article","og_title":"\u00bfUN NOBEL PARA AMLO? - Los pol\u00edticos Veracruz","og_description":"Sergio Gonz\u00e1lez Levet Sin tacto Silvestre Manuel Tomoltzin, que se dice reportero y \u201crepresentante de la Asociaci\u00f3n Nacional de Locutores\u201d entrar\u00e1 a la historia de la ignominia despu\u00e9s de haber propuesto en la Ma\u00f1anera, a la que es asiduo invitado, que se creara \u201cun comit\u00e9 para proponer al presidente Andr\u00e9s Manuel L\u00f3pez Obrador al Premio [&hellip;]","og_url":"https:\/\/lospoliticosveracruz.com\/?p=105390","og_site_name":"Los pol\u00edticos Veracruz","article_publisher":"https:\/\/www.facebook.com\/people\/Notimemes-de-los-Polticos\/61565672886568\/","article_published_time":"2023-04-27T15:52:34+00:00","article_modified_time":"2023-04-27T15:52:41+00:00","og_image":[{"url":"https:\/\/lospoliticosveracruz.com.mx\/wp-content\/uploads\/2023\/04\/Alex-Dore-Pole-Dance.jpg","type":"","width":"","height":""}],"author":"Lo viste en Los Pol\u00edticos","twitter_card":"summary_large_image","twitter_creator":"@LosPoliticosVer","twitter_site":"@LosPoliticosVer","twitter_misc":{"Escrito por":"Lo viste en Los Pol\u00edticos","Tiempo de lectura":"3 minutos"},"schema":{"@context":"https:\/\/schema.org","@graph":[{"@type":"Article","@id":"https:\/\/lospoliticosveracruz.com\/?p=105390#article","isPartOf":{"@id":"https:\/\/lospoliticosveracruz.com\/?p=105390"},"author":{"name":"Lo viste en Los Pol\u00edticos","@id":"https:\/\/lospoliticosveracruz.com\/#\/schema\/person\/b8702bb0e538456e6efd07080bf2a4a2"},"headline":"\u00bfUN NOBEL PARA AMLO?","datePublished":"2023-04-27T15:52:34+00:00","dateModified":"2023-04-27T15:52:41+00:00","mainEntityOfPage":{"@id":"https:\/\/lospoliticosveracruz.com\/?p=105390"},"wordCount":555,"publisher":{"@id":"https:\/\/lospoliticosveracruz.com\/#organization"},"image":{"@id":"https:\/\/lospoliticosveracruz.com\/?p=105390#primaryimage"},"thumbnailUrl":"https:\/\/lospoliticosveracruz.com.mx\/wp-content\/uploads\/2023\/04\/Alex-Dore-Pole-Dance.jpg","keywords":["Andr\u00e9s Manuel L\u00f3pez Obrador","Sergio Gonz\u00e1lez Levet","Veracruz"],"articleSection":["De Opini\u00f3n"],"inLanguage":"es"},{"@type":"WebPage","@id":"https:\/\/lospoliticosveracruz.com\/?p=105390","url":"https:\/\/lospoliticosveracruz.com\/?p=105390","name":"\u00bfUN NOBEL PARA AMLO? - Los pol\u00edticos Veracruz","isPartOf":{"@id":"https:\/\/lospoliticosveracruz.com\/#website"},"primaryImageOfPage":{"@id":"https:\/\/lospoliticosveracruz.com\/?p=105390#primaryimage"},"image":{"@id":"https:\/\/lospoliticosveracruz.com\/?p=105390#primaryimage"},"thumbnailUrl":"https:\/\/lospoliticosveracruz.com.mx\/wp-content\/uploads\/2023\/04\/Alex-Dore-Pole-Dance.jpg","datePublished":"2023-04-27T15:52:34+00:00","dateModified":"2023-04-27T15:52:41+00:00","breadcrumb":{"@id":"https:\/\/lospoliticosveracruz.com\/?p=105390#breadcrumb"},"inLanguage":"es","potentialAction":[{"@type":"ReadAction","target":["https:\/\/lospoliticosveracruz.com\/?p=105390"]}]},{"@type":"ImageObject","inLanguage":"es","@id":"https:\/\/lospoliticosveracruz.com\/?p=105390#primaryimage","url":"https:\/\/lospoliticosveracruz.com.mx\/wp-content\/uploads\/2023\/04\/Alex-Dore-Pole-Dance.jpg","contentUrl":"https:\/\/lospoliticosveracruz.com.mx\/wp-content\/uploads\/2023\/04\/Alex-Dore-Pole-Dance.jpg"},{"@type":"BreadcrumbList","@id":"https:\/\/lospoliticosveracruz.com\/?p=105390#breadcrumb","itemListElement":[{"@type":"ListItem","position":1,"name":"Portada","item":"https:\/\/lospoliticosveracruz.com\/"},{"@type":"ListItem","position":2,"name":"\u00bfUN NOBEL PARA AMLO?"}]},{"@type":"WebSite","@id":"https:\/\/lospoliticosveracruz.com\/#website","url":"https:\/\/lospoliticosveracruz.com\/","name":"Los pol\u00edticos Veracruz","description":"","publisher":{"@id":"https:\/\/lospoliticosveracruz.com\/#organization"},"potentialAction":[{"@type":"SearchAction","target":{"@type":"EntryPoint","urlTemplate":"https:\/\/lospoliticosveracruz.com\/?s={search_term_string}"},"query-input":{"@type":"PropertyValueSpecification","valueRequired":true,"valueName":"search_term_string"}}],"inLanguage":"es"},{"@type":"Organization","@id":"https:\/\/lospoliticosveracruz.com\/#organization","name":"Los pol\u00edticos Veracruz","url":"https:\/\/lospoliticosveracruz.com\/","logo":{"@type":"ImageObject","inLanguage":"es","@id":"https:\/\/lospoliticosveracruz.com\/#\/schema\/logo\/image\/","url":"https:\/\/lospoliticosveracruz.com\/wp-content\/uploads\/2025\/12\/Logo-Nuevo-LOS-POLITICOS-1.jpg","contentUrl":"https:\/\/lospoliticosveracruz.com\/wp-content\/uploads\/2025\/12\/Logo-Nuevo-LOS-POLITICOS-1.jpg","width":260,"height":70,"caption":"Los pol\u00edticos Veracruz"},"image":{"@id":"https:\/\/lospoliticosveracruz.com\/#\/schema\/logo\/image\/"},"sameAs":["https:\/\/www.facebook.com\/people\/Notimemes-de-los-Polticos\/61565672886568\/","https:\/\/x.com\/LosPoliticosVer"]},{"@type":"Person","@id":"https:\/\/lospoliticosveracruz.com\/#\/schema\/person\/b8702bb0e538456e6efd07080bf2a4a2","name":"Lo viste en Los Pol\u00edticos","image":{"@type":"ImageObject","inLanguage":"es","@id":"https:\/\/secure.gravatar.com\/avatar\/3a8de04a2656d44082be478bd6c086daa447c4651605818287b9532d3d0bd435?s=96&d=mm&r=g","url":"https:\/\/secure.gravatar.com\/avatar\/3a8de04a2656d44082be478bd6c086daa447c4651605818287b9532d3d0bd435?s=96&d=mm&r=g","contentUrl":"https:\/\/secure.gravatar.com\/avatar\/3a8de04a2656d44082be478bd6c086daa447c4651605818287b9532d3d0bd435?s=96&d=mm&r=g","caption":"Lo viste en Los Pol\u00edticos"},"url":"https:\/\/lospoliticosveracruz.com\/?author=2"}]}},"_links":{"self":[{"href":"https:\/\/lospoliticosveracruz.com\/index.php?rest_route=\/wp\/v2\/posts\/105390","targetHints":{"allow":["GET"]}}],"collection":[{"href":"https:\/\/lospoliticosveracruz.com\/index.php?rest_route=\/wp\/v2\/posts"}],"about":[{"href":"https:\/\/lospoliticosveracruz.com\/index.php?rest_route=\/wp\/v2\/types\/post"}],"author":[{"embeddable":true,"href":"https:\/\/lospoliticosveracruz.com\/index.php?rest_route=\/wp\/v2\/users\/2"}],"replies":[{"embeddable":true,"href":"https:\/\/lospoliticosveracruz.com\/index.php?rest_route=%2Fwp%2Fv2%2Fcomments&post=105390"}],"version-history":[{"count":1,"href":"https:\/\/lospoliticosveracruz.com\/index.php?rest_route=\/wp\/v2\/posts\/105390\/revisions"}],"predecessor-version":[{"id":105391,"href":"https:\/\/lospoliticosveracruz.com\/index.php?rest_route=\/wp\/v2\/posts\/105390\/revisions\/105391"}],"wp:attachment":[{"href":"https:\/\/lospoliticosveracruz.com\/index.php?rest_route=%2Fwp%2Fv2%2Fmedia&parent=105390"}],"wp:term":[{"taxonomy":"category","embeddable":true,"href":"https:\/\/lospoliticosveracruz.com\/index.php?rest_route=%2Fwp%2Fv2%2Fcategories&post=105390"},{"taxonomy":"post_tag","embeddable":true,"href":"https:\/\/lospoliticosveracruz.com\/index.php?rest_route=%2Fwp%2Fv2%2Ftags&post=105390"}],"curies":[{"name":"wp","href":"https:\/\/api.w.org\/{rel}","templated":true}]}}