{"id":105432,"date":"2023-04-28T01:01:00","date_gmt":"2023-04-28T06:01:00","guid":{"rendered":"https:\/\/lospoliticosveracruz.com.mx\/?p=105432"},"modified":"2023-04-27T23:04:48","modified_gmt":"2023-04-28T04:04:48","slug":"los-cuatro-de-cuic","status":"publish","type":"post","link":"https:\/\/lospoliticosveracruz.com\/?p=105432","title":{"rendered":"LOS CUATRO DE CUIC"},"content":{"rendered":"\n<p><strong>Salvador Mu\u00f1oz<br><\/strong><em>Los Pol\u00edticos<\/em><\/p>\n\n\n\n<p>Dentro del c\u00edrculo de colaboradores, cuates, amigos, camaradas o como les quieran llamar, allegados a Cuitl\u00e1huac Garc\u00eda Jim\u00e9nez, destacan cuatro varones: Zenyazen Escobar Garc\u00eda, Jos\u00e9 Luis Lima Franco, Sergio Rodr\u00edguez Cort\u00e9s y Juan Javier G\u00f3mez Cazar\u00edn.<\/p>\n\n\n<div class=\"wp-block-image\">\n<figure class=\"alignleft size-full is-resized\"><a href=\"https:\/\/lospoliticosveracruz.com.mx\/wp-content\/uploads\/2023\/02\/Vinissimo.jpg\"><img loading=\"lazy\" decoding=\"async\" src=\"https:\/\/lospoliticosveracruz.com.mx\/wp-content\/uploads\/2023\/02\/Vinissimo.jpg\" alt=\"\" class=\"wp-image-102752\" width=\"175\" height=\"178\"\/><\/a><\/figure>\n<\/div>\n\n\n<p><br>De estos cuatro, dos al menos son considerados \u201ccorcholatas\u201d en caso de que por alguna u otra raz\u00f3n el proyecto que impulsa este c\u00edrculo, o sea Nahle, no fuera la candidata, pero uno de \u00e9stos ya pint\u00f3 su raya con un Hashtag: #ChioEsLaBuena\u2026 el otro, m\u00e1s discreto, nom\u00e1s hace m\u00fasculo.<br>De estos cuatro, a dos de ellos los ven con posibilidades para competir por una curul, sea federal o local\u2026 pero vayamos por cada animal (zoon politikon) para tratar de entenderlos\u2026<br>Al secretario de Finanzas de Veracruz le ven espolones para competir por una curul, sea en San L\u00e1zaro o en Palacio de Encanto; tan as\u00ed que se le ve muy activo en sus redes sociales, en especial en TikTok donde derrocha simpat\u00eda al por mayor\u2026 l\u00e1stima que \u00e9sa no se refleja en las oficinas de la dependencia que manda porque all\u00ed, a nadie saluda, \u201cpasa como burro\u201d\u2026 bueno, los empleados estaban acostumbrados al pol\u00edtico que desde que llegaba al estacionamiento saludaba al de vigilancia, intendencia, secretarias, y dem\u00e1s fauna burocr\u00e1tica\u2026 aunque en descargo del pozarricense, hay que aclarar que lo que sube la mayor\u00eda de los pol\u00edticos en las redes sociales, es pura pose, as\u00ed, como la de Lima Franco\u2026 quiz\u00e1s buen actor, pero mal pol\u00edtico.<br>En el caso del Procurador de que haya buen ambiente\u2026 no, dicen que ya no es de \u00e9sos\u2026 el asunto con el Procu es que le ven dos opciones: la primera: la curul, sea local o federal\u2026 tiene buen soporte, sea por el lado del Gobernador o sea por el lado de su carnal, alcalde de Ciudad Mendoza, H\u00e9ctor.<br>Ah\u00ed es donde dicen que puede venir el plan con ma\u00f1a: Amarrar el Distrito XXI (que por cierto, est\u00e1 en manos de Luis Arturo Santiago), o el Distrito Electoral federal XV, para que, suponiendo que ganara, se fuera al 2025 para ir por la presidencia municipal que dejar\u00eda su carnal.<br>El titular de la SEV, Zenyazen Escobar, tiene un dato curioso: presume que habla lengua n\u00e1huatl y es as\u00ed como inicia sus discursos en cualquiera de los eventos en los que hace presencia, y si me apuran, sabe algo de lenguaje de se\u00f1as\u2026 sin hacer mucho ruido ni caer en protagonismos o sin hacerse la \u201cv\u00edstima\u201d, hace activa la inclusi\u00f3n en su quehacer p\u00fablico y pol\u00edtico.<br>A este pol\u00edtico lo podr\u00edan ubicar como candidato a una curul, sea por la v\u00eda uni o pluri y por la experiencia adquirida en su paso por el Congreso local, est\u00e1 m\u00e1s que cantado a ser la cabeza de manada del grupo legislativo de su partido, aunado a que es de los pocos morenos que concilia, dialoga, trata con la oposici\u00f3n\u2026 la muestra est\u00e1 en sus comparecencias, donde siempre es bien recibido y reconocido por los antagonistas de este sistema en el poder.<br>Al Jucopo Juan Javier G\u00f3mez Cazar\u00edn muchos lo ven como candidato natural por una Senadur\u00eda. El trabajo desempe\u00f1ado en dos legislaturas tiene m\u00e1s que satisfechos a los altos mandos, desde el Palacio de Enr\u00edquez hasta el Nacional y ni se diga del afecto que le han tomado las corcholatas predilectas de este gobierno: Claudia y Roc\u00edo\u2026 Ch\u00edo para el de Hueyapan.<br>Sin embargo, s\u00ed, hay que ponerle el \u201cPero\u201d a Cazar\u00edn\u2026 \u00bfqu\u00e9 pasar\u00eda si Manuel Huerta Ladr\u00f3n de Guevara fuera el gan\u00f3n por el esca\u00f1o? La il\u00f3gica nos dice una cosa: \u00bfC\u00f3mo ver\u00edan a Juan Javier G\u00f3mez Cazar\u00edn, un moreno todo terreno, que gusta de hacer click con la gente, que es igual de barrio que el Temo Blanco, que lo mismo carga bultos de cemento que se echa unas rolas de Nelson Kanzela, como delegado de Bienestar? Ac\u00e1 dejo las opciones de cuatro cuates, amigos, compas, cercanos al c\u00edrculo de Cuitl\u00e1huac.<\/p>\n","protected":false},"excerpt":{"rendered":"<p>Salvador Mu\u00f1ozLos Pol\u00edticos Dentro del c\u00edrculo de colaboradores, cuates, amigos, camaradas o como les quieran llamar, allegados a Cuitl\u00e1huac Garc\u00eda Jim\u00e9nez, destacan cuatro varones: Zenyazen Escobar Garc\u00eda, Jos\u00e9 Luis Lima Franco, Sergio Rodr\u00edguez Cort\u00e9s y Juan Javier G\u00f3mez Cazar\u00edn. De estos cuatro, dos al menos son considerados \u201ccorcholatas\u201d en caso de que por alguna u [&hellip;]<\/p>\n","protected":false},"author":2,"featured_media":0,"comment_status":"closed","ping_status":"closed","sticky":false,"template":"","format":"standard","meta":{"tdm_status":"","tdm_grid_status":"","footnotes":""},"categories":[70],"tags":[1563,13713,1850,1026,3578,807,195,12372],"class_list":{"0":"post-105432","1":"post","2":"type-post","3":"status-publish","4":"format-standard","6":"category-de-opinion","7":"tag-cuitlahuac-garcia-jimenez","8":"tag-jose-luis-lima-franco","9":"tag-manuel-huerta-ladron-de-guevara","10":"tag-morena","11":"tag-rocio-nahle","12":"tag-sergio-rodriguez-cortes","13":"tag-veracruz","14":"tag-zenyazen-escobar-garcia"},"yoast_head":"<!-- This site is optimized with the Yoast SEO plugin v27.4 - https:\/\/yoast.com\/product\/yoast-seo-wordpress\/ -->\n<title>LOS CUATRO DE CUIC - Los pol\u00edticos Veracruz<\/title>\n<meta name=\"robots\" content=\"index, follow, max-snippet:-1, max-image-preview:large, max-video-preview:-1\" \/>\n<link rel=\"canonical\" href=\"https:\/\/lospoliticosveracruz.com\/?p=105432\" \/>\n<meta property=\"og:locale\" content=\"es_ES\" \/>\n<meta property=\"og:type\" content=\"article\" \/>\n<meta property=\"og:title\" content=\"LOS CUATRO DE CUIC - Los pol\u00edticos Veracruz\" \/>\n<meta property=\"og:description\" content=\"Salvador Mu\u00f1ozLos Pol\u00edticos Dentro del c\u00edrculo de colaboradores, cuates, amigos, camaradas o como les quieran llamar, allegados a Cuitl\u00e1huac Garc\u00eda Jim\u00e9nez, destacan cuatro varones: Zenyazen Escobar Garc\u00eda, Jos\u00e9 Luis Lima Franco, Sergio Rodr\u00edguez Cort\u00e9s y Juan Javier G\u00f3mez Cazar\u00edn. De estos cuatro, dos al menos son considerados \u201ccorcholatas\u201d en caso de que por alguna u [&hellip;]\" \/>\n<meta property=\"og:url\" content=\"https:\/\/lospoliticosveracruz.com\/?p=105432\" \/>\n<meta property=\"og:site_name\" content=\"Los pol\u00edticos Veracruz\" \/>\n<meta property=\"article:publisher\" content=\"https:\/\/www.facebook.com\/people\/Notimemes-de-los-Polticos\/61565672886568\/\" \/>\n<meta property=\"article:published_time\" content=\"2023-04-28T06:01:00+00:00\" \/>\n<meta property=\"og:image\" content=\"https:\/\/lospoliticosveracruz.com.mx\/wp-content\/uploads\/2023\/02\/Vinissimo.jpg\" \/>\n<meta name=\"author\" content=\"Lo viste en Los Pol\u00edticos\" \/>\n<meta name=\"twitter:card\" content=\"summary_large_image\" \/>\n<meta name=\"twitter:creator\" content=\"@LosPoliticosVer\" \/>\n<meta name=\"twitter:site\" content=\"@LosPoliticosVer\" \/>\n<meta name=\"twitter:label1\" content=\"Escrito por\" \/>\n\t<meta name=\"twitter:data1\" content=\"Lo viste en Los Pol\u00edticos\" \/>\n\t<meta name=\"twitter:label2\" content=\"Tiempo de lectura\" \/>\n\t<meta name=\"twitter:data2\" content=\"4 minutos\" \/>\n<script type=\"application\/ld+json\" class=\"yoast-schema-graph\">{\"@context\":\"https:\\\/\\\/schema.org\",\"@graph\":[{\"@type\":\"Article\",\"@id\":\"https:\\\/\\\/lospoliticosveracruz.com\\\/?p=105432#article\",\"isPartOf\":{\"@id\":\"https:\\\/\\\/lospoliticosveracruz.com\\\/?p=105432\"},\"author\":{\"name\":\"Lo viste en Los Pol\u00edticos\",\"@id\":\"https:\\\/\\\/lospoliticosveracruz.com\\\/#\\\/schema\\\/person\\\/b8702bb0e538456e6efd07080bf2a4a2\"},\"headline\":\"LOS CUATRO DE CUIC\",\"datePublished\":\"2023-04-28T06:01:00+00:00\",\"mainEntityOfPage\":{\"@id\":\"https:\\\/\\\/lospoliticosveracruz.com\\\/?p=105432\"},\"wordCount\":720,\"publisher\":{\"@id\":\"https:\\\/\\\/lospoliticosveracruz.com\\\/#organization\"},\"image\":{\"@id\":\"https:\\\/\\\/lospoliticosveracruz.com\\\/?p=105432#primaryimage\"},\"thumbnailUrl\":\"https:\\\/\\\/lospoliticosveracruz.com.mx\\\/wp-content\\\/uploads\\\/2023\\\/02\\\/Vinissimo.jpg\",\"keywords\":[\"Cuitl\u00e1huac Garc\u00eda Jim\u00e9nez\",\"Jos\u00e9 Luis Lima Franco\",\"Manuel Huerta Ladr\u00f3n de Guevara\",\"Morena\",\"Roc\u00edo Nahle\",\"Sergio Rodr\u00edguez Cort\u00e9s\",\"Veracruz\",\"Zenyazen Escobar Garc\u00eda\"],\"articleSection\":[\"De Opini\u00f3n\"],\"inLanguage\":\"es\"},{\"@type\":\"WebPage\",\"@id\":\"https:\\\/\\\/lospoliticosveracruz.com\\\/?p=105432\",\"url\":\"https:\\\/\\\/lospoliticosveracruz.com\\\/?p=105432\",\"name\":\"LOS CUATRO DE CUIC - Los pol\u00edticos Veracruz\",\"isPartOf\":{\"@id\":\"https:\\\/\\\/lospoliticosveracruz.com\\\/#website\"},\"primaryImageOfPage\":{\"@id\":\"https:\\\/\\\/lospoliticosveracruz.com\\\/?p=105432#primaryimage\"},\"image\":{\"@id\":\"https:\\\/\\\/lospoliticosveracruz.com\\\/?p=105432#primaryimage\"},\"thumbnailUrl\":\"https:\\\/\\\/lospoliticosveracruz.com.mx\\\/wp-content\\\/uploads\\\/2023\\\/02\\\/Vinissimo.jpg\",\"datePublished\":\"2023-04-28T06:01:00+00:00\",\"breadcrumb\":{\"@id\":\"https:\\\/\\\/lospoliticosveracruz.com\\\/?p=105432#breadcrumb\"},\"inLanguage\":\"es\",\"potentialAction\":[{\"@type\":\"ReadAction\",\"target\":[\"https:\\\/\\\/lospoliticosveracruz.com\\\/?p=105432\"]}]},{\"@type\":\"ImageObject\",\"inLanguage\":\"es\",\"@id\":\"https:\\\/\\\/lospoliticosveracruz.com\\\/?p=105432#primaryimage\",\"url\":\"https:\\\/\\\/lospoliticosveracruz.com.mx\\\/wp-content\\\/uploads\\\/2023\\\/02\\\/Vinissimo.jpg\",\"contentUrl\":\"https:\\\/\\\/lospoliticosveracruz.com.mx\\\/wp-content\\\/uploads\\\/2023\\\/02\\\/Vinissimo.jpg\"},{\"@type\":\"BreadcrumbList\",\"@id\":\"https:\\\/\\\/lospoliticosveracruz.com\\\/?p=105432#breadcrumb\",\"itemListElement\":[{\"@type\":\"ListItem\",\"position\":1,\"name\":\"Portada\",\"item\":\"https:\\\/\\\/lospoliticosveracruz.com\\\/\"},{\"@type\":\"ListItem\",\"position\":2,\"name\":\"LOS CUATRO DE CUIC\"}]},{\"@type\":\"WebSite\",\"@id\":\"https:\\\/\\\/lospoliticosveracruz.com\\\/#website\",\"url\":\"https:\\\/\\\/lospoliticosveracruz.com\\\/\",\"name\":\"Los pol\u00edticos Veracruz\",\"description\":\"\",\"publisher\":{\"@id\":\"https:\\\/\\\/lospoliticosveracruz.com\\\/#organization\"},\"potentialAction\":[{\"@type\":\"SearchAction\",\"target\":{\"@type\":\"EntryPoint\",\"urlTemplate\":\"https:\\\/\\\/lospoliticosveracruz.com\\\/?s={search_term_string}\"},\"query-input\":{\"@type\":\"PropertyValueSpecification\",\"valueRequired\":true,\"valueName\":\"search_term_string\"}}],\"inLanguage\":\"es\"},{\"@type\":\"Organization\",\"@id\":\"https:\\\/\\\/lospoliticosveracruz.com\\\/#organization\",\"name\":\"Los pol\u00edticos Veracruz\",\"url\":\"https:\\\/\\\/lospoliticosveracruz.com\\\/\",\"logo\":{\"@type\":\"ImageObject\",\"inLanguage\":\"es\",\"@id\":\"https:\\\/\\\/lospoliticosveracruz.com\\\/#\\\/schema\\\/logo\\\/image\\\/\",\"url\":\"https:\\\/\\\/lospoliticosveracruz.com\\\/wp-content\\\/uploads\\\/2025\\\/12\\\/Logo-Nuevo-LOS-POLITICOS-1.jpg\",\"contentUrl\":\"https:\\\/\\\/lospoliticosveracruz.com\\\/wp-content\\\/uploads\\\/2025\\\/12\\\/Logo-Nuevo-LOS-POLITICOS-1.jpg\",\"width\":260,\"height\":70,\"caption\":\"Los pol\u00edticos Veracruz\"},\"image\":{\"@id\":\"https:\\\/\\\/lospoliticosveracruz.com\\\/#\\\/schema\\\/logo\\\/image\\\/\"},\"sameAs\":[\"https:\\\/\\\/www.facebook.com\\\/people\\\/Notimemes-de-los-Polticos\\\/61565672886568\\\/\",\"https:\\\/\\\/x.com\\\/LosPoliticosVer\"]},{\"@type\":\"Person\",\"@id\":\"https:\\\/\\\/lospoliticosveracruz.com\\\/#\\\/schema\\\/person\\\/b8702bb0e538456e6efd07080bf2a4a2\",\"name\":\"Lo viste en Los Pol\u00edticos\",\"image\":{\"@type\":\"ImageObject\",\"inLanguage\":\"es\",\"@id\":\"https:\\\/\\\/secure.gravatar.com\\\/avatar\\\/3a8de04a2656d44082be478bd6c086daa447c4651605818287b9532d3d0bd435?s=96&d=mm&r=g\",\"url\":\"https:\\\/\\\/secure.gravatar.com\\\/avatar\\\/3a8de04a2656d44082be478bd6c086daa447c4651605818287b9532d3d0bd435?s=96&d=mm&r=g\",\"contentUrl\":\"https:\\\/\\\/secure.gravatar.com\\\/avatar\\\/3a8de04a2656d44082be478bd6c086daa447c4651605818287b9532d3d0bd435?s=96&d=mm&r=g\",\"caption\":\"Lo viste en Los Pol\u00edticos\"},\"url\":\"https:\\\/\\\/lospoliticosveracruz.com\\\/?author=2\"}]}<\/script>\n<!-- \/ Yoast SEO plugin. -->","yoast_head_json":{"title":"LOS CUATRO DE CUIC - Los pol\u00edticos Veracruz","robots":{"index":"index","follow":"follow","max-snippet":"max-snippet:-1","max-image-preview":"max-image-preview:large","max-video-preview":"max-video-preview:-1"},"canonical":"https:\/\/lospoliticosveracruz.com\/?p=105432","og_locale":"es_ES","og_type":"article","og_title":"LOS CUATRO DE CUIC - Los pol\u00edticos Veracruz","og_description":"Salvador Mu\u00f1ozLos Pol\u00edticos Dentro del c\u00edrculo de colaboradores, cuates, amigos, camaradas o como les quieran llamar, allegados a Cuitl\u00e1huac Garc\u00eda Jim\u00e9nez, destacan cuatro varones: Zenyazen Escobar Garc\u00eda, Jos\u00e9 Luis Lima Franco, Sergio Rodr\u00edguez Cort\u00e9s y Juan Javier G\u00f3mez Cazar\u00edn. De estos cuatro, dos al menos son considerados \u201ccorcholatas\u201d en caso de que por alguna u [&hellip;]","og_url":"https:\/\/lospoliticosveracruz.com\/?p=105432","og_site_name":"Los pol\u00edticos Veracruz","article_publisher":"https:\/\/www.facebook.com\/people\/Notimemes-de-los-Polticos\/61565672886568\/","article_published_time":"2023-04-28T06:01:00+00:00","og_image":[{"url":"https:\/\/lospoliticosveracruz.com.mx\/wp-content\/uploads\/2023\/02\/Vinissimo.jpg","type":"","width":"","height":""}],"author":"Lo viste en Los Pol\u00edticos","twitter_card":"summary_large_image","twitter_creator":"@LosPoliticosVer","twitter_site":"@LosPoliticosVer","twitter_misc":{"Escrito por":"Lo viste en Los Pol\u00edticos","Tiempo de lectura":"4 minutos"},"schema":{"@context":"https:\/\/schema.org","@graph":[{"@type":"Article","@id":"https:\/\/lospoliticosveracruz.com\/?p=105432#article","isPartOf":{"@id":"https:\/\/lospoliticosveracruz.com\/?p=105432"},"author":{"name":"Lo viste en Los Pol\u00edticos","@id":"https:\/\/lospoliticosveracruz.com\/#\/schema\/person\/b8702bb0e538456e6efd07080bf2a4a2"},"headline":"LOS CUATRO DE CUIC","datePublished":"2023-04-28T06:01:00+00:00","mainEntityOfPage":{"@id":"https:\/\/lospoliticosveracruz.com\/?p=105432"},"wordCount":720,"publisher":{"@id":"https:\/\/lospoliticosveracruz.com\/#organization"},"image":{"@id":"https:\/\/lospoliticosveracruz.com\/?p=105432#primaryimage"},"thumbnailUrl":"https:\/\/lospoliticosveracruz.com.mx\/wp-content\/uploads\/2023\/02\/Vinissimo.jpg","keywords":["Cuitl\u00e1huac Garc\u00eda Jim\u00e9nez","Jos\u00e9 Luis Lima Franco","Manuel Huerta Ladr\u00f3n de Guevara","Morena","Roc\u00edo Nahle","Sergio Rodr\u00edguez Cort\u00e9s","Veracruz","Zenyazen Escobar Garc\u00eda"],"articleSection":["De Opini\u00f3n"],"inLanguage":"es"},{"@type":"WebPage","@id":"https:\/\/lospoliticosveracruz.com\/?p=105432","url":"https:\/\/lospoliticosveracruz.com\/?p=105432","name":"LOS CUATRO DE CUIC - Los pol\u00edticos Veracruz","isPartOf":{"@id":"https:\/\/lospoliticosveracruz.com\/#website"},"primaryImageOfPage":{"@id":"https:\/\/lospoliticosveracruz.com\/?p=105432#primaryimage"},"image":{"@id":"https:\/\/lospoliticosveracruz.com\/?p=105432#primaryimage"},"thumbnailUrl":"https:\/\/lospoliticosveracruz.com.mx\/wp-content\/uploads\/2023\/02\/Vinissimo.jpg","datePublished":"2023-04-28T06:01:00+00:00","breadcrumb":{"@id":"https:\/\/lospoliticosveracruz.com\/?p=105432#breadcrumb"},"inLanguage":"es","potentialAction":[{"@type":"ReadAction","target":["https:\/\/lospoliticosveracruz.com\/?p=105432"]}]},{"@type":"ImageObject","inLanguage":"es","@id":"https:\/\/lospoliticosveracruz.com\/?p=105432#primaryimage","url":"https:\/\/lospoliticosveracruz.com.mx\/wp-content\/uploads\/2023\/02\/Vinissimo.jpg","contentUrl":"https:\/\/lospoliticosveracruz.com.mx\/wp-content\/uploads\/2023\/02\/Vinissimo.jpg"},{"@type":"BreadcrumbList","@id":"https:\/\/lospoliticosveracruz.com\/?p=105432#breadcrumb","itemListElement":[{"@type":"ListItem","position":1,"name":"Portada","item":"https:\/\/lospoliticosveracruz.com\/"},{"@type":"ListItem","position":2,"name":"LOS CUATRO DE CUIC"}]},{"@type":"WebSite","@id":"https:\/\/lospoliticosveracruz.com\/#website","url":"https:\/\/lospoliticosveracruz.com\/","name":"Los pol\u00edticos Veracruz","description":"","publisher":{"@id":"https:\/\/lospoliticosveracruz.com\/#organization"},"potentialAction":[{"@type":"SearchAction","target":{"@type":"EntryPoint","urlTemplate":"https:\/\/lospoliticosveracruz.com\/?s={search_term_string}"},"query-input":{"@type":"PropertyValueSpecification","valueRequired":true,"valueName":"search_term_string"}}],"inLanguage":"es"},{"@type":"Organization","@id":"https:\/\/lospoliticosveracruz.com\/#organization","name":"Los pol\u00edticos Veracruz","url":"https:\/\/lospoliticosveracruz.com\/","logo":{"@type":"ImageObject","inLanguage":"es","@id":"https:\/\/lospoliticosveracruz.com\/#\/schema\/logo\/image\/","url":"https:\/\/lospoliticosveracruz.com\/wp-content\/uploads\/2025\/12\/Logo-Nuevo-LOS-POLITICOS-1.jpg","contentUrl":"https:\/\/lospoliticosveracruz.com\/wp-content\/uploads\/2025\/12\/Logo-Nuevo-LOS-POLITICOS-1.jpg","width":260,"height":70,"caption":"Los pol\u00edticos Veracruz"},"image":{"@id":"https:\/\/lospoliticosveracruz.com\/#\/schema\/logo\/image\/"},"sameAs":["https:\/\/www.facebook.com\/people\/Notimemes-de-los-Polticos\/61565672886568\/","https:\/\/x.com\/LosPoliticosVer"]},{"@type":"Person","@id":"https:\/\/lospoliticosveracruz.com\/#\/schema\/person\/b8702bb0e538456e6efd07080bf2a4a2","name":"Lo viste en Los Pol\u00edticos","image":{"@type":"ImageObject","inLanguage":"es","@id":"https:\/\/secure.gravatar.com\/avatar\/3a8de04a2656d44082be478bd6c086daa447c4651605818287b9532d3d0bd435?s=96&d=mm&r=g","url":"https:\/\/secure.gravatar.com\/avatar\/3a8de04a2656d44082be478bd6c086daa447c4651605818287b9532d3d0bd435?s=96&d=mm&r=g","contentUrl":"https:\/\/secure.gravatar.com\/avatar\/3a8de04a2656d44082be478bd6c086daa447c4651605818287b9532d3d0bd435?s=96&d=mm&r=g","caption":"Lo viste en Los Pol\u00edticos"},"url":"https:\/\/lospoliticosveracruz.com\/?author=2"}]}},"_links":{"self":[{"href":"https:\/\/lospoliticosveracruz.com\/index.php?rest_route=\/wp\/v2\/posts\/105432","targetHints":{"allow":["GET"]}}],"collection":[{"href":"https:\/\/lospoliticosveracruz.com\/index.php?rest_route=\/wp\/v2\/posts"}],"about":[{"href":"https:\/\/lospoliticosveracruz.com\/index.php?rest_route=\/wp\/v2\/types\/post"}],"author":[{"embeddable":true,"href":"https:\/\/lospoliticosveracruz.com\/index.php?rest_route=\/wp\/v2\/users\/2"}],"replies":[{"embeddable":true,"href":"https:\/\/lospoliticosveracruz.com\/index.php?rest_route=%2Fwp%2Fv2%2Fcomments&post=105432"}],"version-history":[{"count":1,"href":"https:\/\/lospoliticosveracruz.com\/index.php?rest_route=\/wp\/v2\/posts\/105432\/revisions"}],"predecessor-version":[{"id":105433,"href":"https:\/\/lospoliticosveracruz.com\/index.php?rest_route=\/wp\/v2\/posts\/105432\/revisions\/105433"}],"wp:attachment":[{"href":"https:\/\/lospoliticosveracruz.com\/index.php?rest_route=%2Fwp%2Fv2%2Fmedia&parent=105432"}],"wp:term":[{"taxonomy":"category","embeddable":true,"href":"https:\/\/lospoliticosveracruz.com\/index.php?rest_route=%2Fwp%2Fv2%2Fcategories&post=105432"},{"taxonomy":"post_tag","embeddable":true,"href":"https:\/\/lospoliticosveracruz.com\/index.php?rest_route=%2Fwp%2Fv2%2Ftags&post=105432"}],"curies":[{"name":"wp","href":"https:\/\/api.w.org\/{rel}","templated":true}]}}