{"id":105439,"date":"2023-04-28T08:33:45","date_gmt":"2023-04-28T13:33:45","guid":{"rendered":"https:\/\/lospoliticosveracruz.com.mx\/?p=105439"},"modified":"2023-04-28T08:33:54","modified_gmt":"2023-04-28T13:33:54","slug":"las-peores-legislaturas-de-la-historia-mexicana","status":"publish","type":"post","link":"https:\/\/lospoliticosveracruz.com\/?p=105439","title":{"rendered":"LAS PEORES LEGISLATURAS DE LA HISTORIA MEXICANA"},"content":{"rendered":"\n<p><\/p>\n\n\n\n<p><strong>Felipe de Jes\u00fas Fern\u00e1ndez Basilio<br><\/strong><em>Desde a Janela<\/em><\/p>\n\n\n\n<p>\u201cYa solo restan un a\u00f1o, cinco meses y dos d\u00edas para que se vaya a \u2026 su rancho\u201d<\/p>\n\n\n\n<p>Seg\u00fan el oficialismo los \u00f3rganos aut\u00f3nomos y las instituciones especializadas deben de desaparecer, porque son muy caros, son nidos de corrupci\u00f3n y son ineficientes y m\u00e1s a\u00fan, porque sus funciones las puede asumir la administraci\u00f3n p\u00fablica centralizada y con ello, se ahorran los millones de pesos que, seg\u00fan ellos, cuesta al erario su mantenimiento.<\/p>\n\n\n<div class=\"wp-block-image\">\n<figure class=\"alignleft size-medium\"><a href=\"https:\/\/lospoliticosveracruz.com.mx\/wp-content\/uploads\/2021\/10\/WhatsApp-Image-2021-10-02-at-15.20.25.jpeg\"><img loading=\"lazy\" decoding=\"async\" width=\"212\" height=\"300\" src=\"https:\/\/lospoliticosveracruz.com.mx\/wp-content\/uploads\/2021\/10\/WhatsApp-Image-2021-10-02-at-15.20.25-212x300.jpeg\" alt=\"\" class=\"wp-image-80177\" srcset=\"https:\/\/lospoliticosveracruz.com\/wp-content\/uploads\/2021\/10\/WhatsApp-Image-2021-10-02-at-15.20.25-212x300.jpeg 212w, https:\/\/lospoliticosveracruz.com\/wp-content\/uploads\/2021\/10\/WhatsApp-Image-2021-10-02-at-15.20.25-724x1024.jpeg 724w, https:\/\/lospoliticosveracruz.com\/wp-content\/uploads\/2021\/10\/WhatsApp-Image-2021-10-02-at-15.20.25-768x1086.jpeg 768w, https:\/\/lospoliticosveracruz.com\/wp-content\/uploads\/2021\/10\/WhatsApp-Image-2021-10-02-at-15.20.25.jpeg 905w\" sizes=\"auto, (max-width: 212px) 100vw, 212px\" \/><\/a><\/figure>\n<\/div>\n\n\n<p><br>Eso lo sostienen, a pesar de que est\u00e1 demostrado que dichas instituciones han trabajado con una razonable eficiencia desde su creaci\u00f3n; lo cual no se puede decir de los legisladores de MRN y aliados en las \u00faltimas dos legislaturas, quienes no han desempe\u00f1ado sus funciones constitucionales, pero eso s\u00ed, cobran su dieta completita y de ninguna manera perdonan los apoyos y los vi\u00e1ticos que les corresponden.<br>Y s\u00ed, los legisladores de MRN y asociados mantienen casa de gestor\u00eda, pagan asesores y asistentes y se trasladan de o hacia la capital del pa\u00eds con cargo al erario, pero \u00bfQu\u00e9 creen? Votan a favor de las iniciativas que les manda el ejecutivo sin siquiera leerlas, bloquean los nombramientos que est\u00e1n obligados a hacer seg\u00fan la Carta Magna solo porque va el secretario de gobernaci\u00f3n a decirles que para su jefe \u201ces el mundo ideal que no salgan esos nombramientos\u201d y si ya ni eso pueden evitar, desde un principio dicen que se van la t\u00f3mbola y con ello, desde el comienzo, clausuran cualquier posibilidad de di\u00e1logo.<br>As\u00ed es, las dos \u00faltimas legislaturas han sido las peores de las que se tenga conocimiento, ya que los integrantes de la mayor\u00eda oficialista solo detentan el t\u00edtulo de legisladores, pero su comportamiento es el de cabezas de ganado en estampida y s\u00ed, suena fuerte pero no hay otra manera de describir su actuar.<br>No legislan a cabalidad, no cumplen con el proceso legislativo al interior de sus c\u00e1maras (si se los ordenan se saltan los tr\u00e1mites), no cuestionan a ninguna dependencia del gobierno y ni siquiera han sido capaces de hacer a t\u00edtulo personal propuestas derivadas de las necesidades de su distrito o regi\u00f3n, lo que se conoce como gestor\u00eda, tampoco se re\u00fanen con especialistas o incluso con los afectados o beneficiados de determinado proyecto de ley.<br>A decir verdad, lo suyo nada tiene que ver con el desempe\u00f1o de, ya no digo un buen, sino con el de un legislador promedio o mediocre que al menos intenta llevar a cabo su trabajo de la manera m\u00e1s decorosa posible siendo consciente de que se le paga muy bien por hacerlo.<br>El trabajo legislativo consiste en proponer, cuestionar y gestionar y esta mayor\u00eda no hace ninguna de las tres cosas, ya que solo esperan en su curul o esca\u00f1o la orden de destruir tal o cual instituci\u00f3n, organismo o programa para sustituirlo por la nada.<br>En esta semana los diputados de MRN y afines arrasaron en instantes (sin discusi\u00f3n ni haber escuchado a los afectados) con m\u00e1s de una veintena organismos p\u00fablicos especializados en otro tanto de actividades relacionadas con la ciencia, el desarrollo, los apoyos sociales y hasta con sus propias creaciones como el INSABI, el cual nunca despeg\u00f3, pero sirvi\u00f3 para llevarse todo el dinero del Seguro Popular.<br>Acaban de destruir al CONACYT, al INECOL, a la Financiera Rural, quitaron los candados para la enajenaci\u00f3n de bienes p\u00fablicos (ya no va a haber rendici\u00f3n de cuentas por esas ventas), siguen aumentando las capacidades de los militares y todo eso ha sucedido sin que los legisladores de la mayor\u00eda hayan siquiera le\u00eddo las iniciativas, tan es as\u00ed que las distribuyeron minutos antes de iniciar la sesi\u00f3n.<br>Obviamente que estas negligencias legislativas van a generar inconformidades y estas a su vez, van a provocar la judicializaci\u00f3n y con ella, el que los tribunales reviertan la mayor\u00eda de estas legislaciones, ya sea por inconstitucionales o porque no se cumpli\u00f3 con el debido proceso legislativo; pero, es importante recalcar que el poder judicial no es el contrapeso natural para el gobierno, ya que sus decisiones son muy t\u00e9cnicas y sobre todo muy tardadas.<br>El verdadero contrapeso para el gobierno es el legislativo y ese es el poder que m\u00e1s ha fallado a los mexicanos, ya que est\u00e1 controlado por una mayor\u00eda que es incapaz de leer lo que aprueba y en consecuencia de aprobar barbaridades sin preocuparse del impacto que tienen.<br>Estas dos legislaturas seguramente van a pasar a la historia como las peores de la historia de M\u00e9xico, pero tambi\u00e9n tienen que servir de lecci\u00f3n para los votantes de que no se debe de dar todo el poder a una sola fuerza pol\u00edtica, porque como reza la m\u00e1xima: \u201cel poder corrompe y el poder absoluto corrompe absolutamente\u201d y eso es lo que estamos viviendo en estos tiempos.<\/p>\n\n\n\n<p>felfebas@gmail.com<br>Twitter: @FelipeFBasilio<\/p>\n","protected":false},"excerpt":{"rendered":"<p>Felipe de Jes\u00fas Fern\u00e1ndez BasilioDesde a Janela \u201cYa solo restan un a\u00f1o, cinco meses y dos d\u00edas para que se vaya a \u2026 su rancho\u201d Seg\u00fan el oficialismo los \u00f3rganos aut\u00f3nomos y las instituciones especializadas deben de desaparecer, porque son muy caros, son nidos de corrupci\u00f3n y son ineficientes y m\u00e1s a\u00fan, porque sus funciones [&hellip;]<\/p>\n","protected":false},"author":2,"featured_media":0,"comment_status":"closed","ping_status":"closed","sticky":false,"template":"","format":"standard","meta":{"tdm_status":"","tdm_grid_status":"","footnotes":""},"categories":[70],"tags":[1604,12710,38060,3968,15530,38061,1969],"class_list":{"0":"post-105439","1":"post","2":"type-post","3":"status-publish","4":"format-standard","6":"category-de-opinion","7":"tag-conacyt","8":"tag-felipe-de-jesus-fernandez-basilio","9":"tag-financiera-rural","10":"tag-inecol","11":"tag-insabi","12":"tag-legisladores-de-mrn","13":"tag-seguro-popular"},"yoast_head":"<!-- This site is optimized with the Yoast SEO plugin v27.4 - https:\/\/yoast.com\/product\/yoast-seo-wordpress\/ -->\n<title>LAS PEORES LEGISLATURAS DE LA HISTORIA MEXICANA - Los pol\u00edticos Veracruz<\/title>\n<meta name=\"robots\" content=\"index, follow, max-snippet:-1, max-image-preview:large, max-video-preview:-1\" \/>\n<link rel=\"canonical\" href=\"https:\/\/lospoliticosveracruz.com\/?p=105439\" \/>\n<meta property=\"og:locale\" content=\"es_ES\" \/>\n<meta property=\"og:type\" content=\"article\" \/>\n<meta property=\"og:title\" content=\"LAS PEORES LEGISLATURAS DE LA HISTORIA MEXICANA - Los pol\u00edticos Veracruz\" \/>\n<meta property=\"og:description\" content=\"Felipe de Jes\u00fas Fern\u00e1ndez BasilioDesde a Janela \u201cYa solo restan un a\u00f1o, cinco meses y dos d\u00edas para que se vaya a \u2026 su rancho\u201d Seg\u00fan el oficialismo los \u00f3rganos aut\u00f3nomos y las instituciones especializadas deben de desaparecer, porque son muy caros, son nidos de corrupci\u00f3n y son ineficientes y m\u00e1s a\u00fan, porque sus funciones [&hellip;]\" \/>\n<meta property=\"og:url\" content=\"https:\/\/lospoliticosveracruz.com\/?p=105439\" \/>\n<meta property=\"og:site_name\" content=\"Los pol\u00edticos Veracruz\" \/>\n<meta property=\"article:publisher\" content=\"https:\/\/www.facebook.com\/people\/Notimemes-de-los-Polticos\/61565672886568\/\" \/>\n<meta property=\"article:published_time\" content=\"2023-04-28T13:33:45+00:00\" \/>\n<meta property=\"article:modified_time\" content=\"2023-04-28T13:33:54+00:00\" \/>\n<meta property=\"og:image\" content=\"https:\/\/lospoliticosveracruz.com.mx\/wp-content\/uploads\/2021\/10\/WhatsApp-Image-2021-10-02-at-15.20.25-212x300.jpeg\" \/>\n<meta name=\"author\" content=\"Lo viste en Los Pol\u00edticos\" \/>\n<meta name=\"twitter:card\" content=\"summary_large_image\" \/>\n<meta name=\"twitter:creator\" content=\"@LosPoliticosVer\" \/>\n<meta name=\"twitter:site\" content=\"@LosPoliticosVer\" \/>\n<meta name=\"twitter:label1\" content=\"Escrito por\" \/>\n\t<meta name=\"twitter:data1\" content=\"Lo viste en Los Pol\u00edticos\" \/>\n\t<meta name=\"twitter:label2\" content=\"Tiempo de lectura\" \/>\n\t<meta name=\"twitter:data2\" content=\"4 minutos\" \/>\n<script type=\"application\/ld+json\" class=\"yoast-schema-graph\">{\"@context\":\"https:\\\/\\\/schema.org\",\"@graph\":[{\"@type\":\"Article\",\"@id\":\"https:\\\/\\\/lospoliticosveracruz.com\\\/?p=105439#article\",\"isPartOf\":{\"@id\":\"https:\\\/\\\/lospoliticosveracruz.com\\\/?p=105439\"},\"author\":{\"name\":\"Lo viste en Los Pol\u00edticos\",\"@id\":\"https:\\\/\\\/lospoliticosveracruz.com\\\/#\\\/schema\\\/person\\\/b8702bb0e538456e6efd07080bf2a4a2\"},\"headline\":\"LAS PEORES LEGISLATURAS DE LA HISTORIA MEXICANA\",\"datePublished\":\"2023-04-28T13:33:45+00:00\",\"dateModified\":\"2023-04-28T13:33:54+00:00\",\"mainEntityOfPage\":{\"@id\":\"https:\\\/\\\/lospoliticosveracruz.com\\\/?p=105439\"},\"wordCount\":864,\"publisher\":{\"@id\":\"https:\\\/\\\/lospoliticosveracruz.com\\\/#organization\"},\"image\":{\"@id\":\"https:\\\/\\\/lospoliticosveracruz.com\\\/?p=105439#primaryimage\"},\"thumbnailUrl\":\"https:\\\/\\\/lospoliticosveracruz.com.mx\\\/wp-content\\\/uploads\\\/2021\\\/10\\\/WhatsApp-Image-2021-10-02-at-15.20.25-212x300.jpeg\",\"keywords\":[\"Conacyt\",\"Felipe de Jes\u00fas Fern\u00e1ndez Basilio\",\"Financiera Rural\",\"Inecol\",\"Insabi\",\"legisladores de MRN\",\"Seguro Popular\"],\"articleSection\":[\"De Opini\u00f3n\"],\"inLanguage\":\"es\"},{\"@type\":\"WebPage\",\"@id\":\"https:\\\/\\\/lospoliticosveracruz.com\\\/?p=105439\",\"url\":\"https:\\\/\\\/lospoliticosveracruz.com\\\/?p=105439\",\"name\":\"LAS PEORES LEGISLATURAS DE LA HISTORIA MEXICANA - Los pol\u00edticos Veracruz\",\"isPartOf\":{\"@id\":\"https:\\\/\\\/lospoliticosveracruz.com\\\/#website\"},\"primaryImageOfPage\":{\"@id\":\"https:\\\/\\\/lospoliticosveracruz.com\\\/?p=105439#primaryimage\"},\"image\":{\"@id\":\"https:\\\/\\\/lospoliticosveracruz.com\\\/?p=105439#primaryimage\"},\"thumbnailUrl\":\"https:\\\/\\\/lospoliticosveracruz.com.mx\\\/wp-content\\\/uploads\\\/2021\\\/10\\\/WhatsApp-Image-2021-10-02-at-15.20.25-212x300.jpeg\",\"datePublished\":\"2023-04-28T13:33:45+00:00\",\"dateModified\":\"2023-04-28T13:33:54+00:00\",\"breadcrumb\":{\"@id\":\"https:\\\/\\\/lospoliticosveracruz.com\\\/?p=105439#breadcrumb\"},\"inLanguage\":\"es\",\"potentialAction\":[{\"@type\":\"ReadAction\",\"target\":[\"https:\\\/\\\/lospoliticosveracruz.com\\\/?p=105439\"]}]},{\"@type\":\"ImageObject\",\"inLanguage\":\"es\",\"@id\":\"https:\\\/\\\/lospoliticosveracruz.com\\\/?p=105439#primaryimage\",\"url\":\"https:\\\/\\\/lospoliticosveracruz.com.mx\\\/wp-content\\\/uploads\\\/2021\\\/10\\\/WhatsApp-Image-2021-10-02-at-15.20.25-212x300.jpeg\",\"contentUrl\":\"https:\\\/\\\/lospoliticosveracruz.com.mx\\\/wp-content\\\/uploads\\\/2021\\\/10\\\/WhatsApp-Image-2021-10-02-at-15.20.25-212x300.jpeg\"},{\"@type\":\"BreadcrumbList\",\"@id\":\"https:\\\/\\\/lospoliticosveracruz.com\\\/?p=105439#breadcrumb\",\"itemListElement\":[{\"@type\":\"ListItem\",\"position\":1,\"name\":\"Portada\",\"item\":\"https:\\\/\\\/lospoliticosveracruz.com\\\/\"},{\"@type\":\"ListItem\",\"position\":2,\"name\":\"LAS PEORES LEGISLATURAS DE LA HISTORIA MEXICANA\"}]},{\"@type\":\"WebSite\",\"@id\":\"https:\\\/\\\/lospoliticosveracruz.com\\\/#website\",\"url\":\"https:\\\/\\\/lospoliticosveracruz.com\\\/\",\"name\":\"Los pol\u00edticos Veracruz\",\"description\":\"\",\"publisher\":{\"@id\":\"https:\\\/\\\/lospoliticosveracruz.com\\\/#organization\"},\"potentialAction\":[{\"@type\":\"SearchAction\",\"target\":{\"@type\":\"EntryPoint\",\"urlTemplate\":\"https:\\\/\\\/lospoliticosveracruz.com\\\/?s={search_term_string}\"},\"query-input\":{\"@type\":\"PropertyValueSpecification\",\"valueRequired\":true,\"valueName\":\"search_term_string\"}}],\"inLanguage\":\"es\"},{\"@type\":\"Organization\",\"@id\":\"https:\\\/\\\/lospoliticosveracruz.com\\\/#organization\",\"name\":\"Los pol\u00edticos Veracruz\",\"url\":\"https:\\\/\\\/lospoliticosveracruz.com\\\/\",\"logo\":{\"@type\":\"ImageObject\",\"inLanguage\":\"es\",\"@id\":\"https:\\\/\\\/lospoliticosveracruz.com\\\/#\\\/schema\\\/logo\\\/image\\\/\",\"url\":\"https:\\\/\\\/lospoliticosveracruz.com\\\/wp-content\\\/uploads\\\/2025\\\/12\\\/Logo-Nuevo-LOS-POLITICOS-1.jpg\",\"contentUrl\":\"https:\\\/\\\/lospoliticosveracruz.com\\\/wp-content\\\/uploads\\\/2025\\\/12\\\/Logo-Nuevo-LOS-POLITICOS-1.jpg\",\"width\":260,\"height\":70,\"caption\":\"Los pol\u00edticos Veracruz\"},\"image\":{\"@id\":\"https:\\\/\\\/lospoliticosveracruz.com\\\/#\\\/schema\\\/logo\\\/image\\\/\"},\"sameAs\":[\"https:\\\/\\\/www.facebook.com\\\/people\\\/Notimemes-de-los-Polticos\\\/61565672886568\\\/\",\"https:\\\/\\\/x.com\\\/LosPoliticosVer\"]},{\"@type\":\"Person\",\"@id\":\"https:\\\/\\\/lospoliticosveracruz.com\\\/#\\\/schema\\\/person\\\/b8702bb0e538456e6efd07080bf2a4a2\",\"name\":\"Lo viste en Los Pol\u00edticos\",\"image\":{\"@type\":\"ImageObject\",\"inLanguage\":\"es\",\"@id\":\"https:\\\/\\\/secure.gravatar.com\\\/avatar\\\/3a8de04a2656d44082be478bd6c086daa447c4651605818287b9532d3d0bd435?s=96&d=mm&r=g\",\"url\":\"https:\\\/\\\/secure.gravatar.com\\\/avatar\\\/3a8de04a2656d44082be478bd6c086daa447c4651605818287b9532d3d0bd435?s=96&d=mm&r=g\",\"contentUrl\":\"https:\\\/\\\/secure.gravatar.com\\\/avatar\\\/3a8de04a2656d44082be478bd6c086daa447c4651605818287b9532d3d0bd435?s=96&d=mm&r=g\",\"caption\":\"Lo viste en Los Pol\u00edticos\"},\"url\":\"https:\\\/\\\/lospoliticosveracruz.com\\\/?author=2\"}]}<\/script>\n<!-- \/ Yoast SEO plugin. -->","yoast_head_json":{"title":"LAS PEORES LEGISLATURAS DE LA HISTORIA MEXICANA - Los pol\u00edticos Veracruz","robots":{"index":"index","follow":"follow","max-snippet":"max-snippet:-1","max-image-preview":"max-image-preview:large","max-video-preview":"max-video-preview:-1"},"canonical":"https:\/\/lospoliticosveracruz.com\/?p=105439","og_locale":"es_ES","og_type":"article","og_title":"LAS PEORES LEGISLATURAS DE LA HISTORIA MEXICANA - Los pol\u00edticos Veracruz","og_description":"Felipe de Jes\u00fas Fern\u00e1ndez BasilioDesde a Janela \u201cYa solo restan un a\u00f1o, cinco meses y dos d\u00edas para que se vaya a \u2026 su rancho\u201d Seg\u00fan el oficialismo los \u00f3rganos aut\u00f3nomos y las instituciones especializadas deben de desaparecer, porque son muy caros, son nidos de corrupci\u00f3n y son ineficientes y m\u00e1s a\u00fan, porque sus funciones [&hellip;]","og_url":"https:\/\/lospoliticosveracruz.com\/?p=105439","og_site_name":"Los pol\u00edticos Veracruz","article_publisher":"https:\/\/www.facebook.com\/people\/Notimemes-de-los-Polticos\/61565672886568\/","article_published_time":"2023-04-28T13:33:45+00:00","article_modified_time":"2023-04-28T13:33:54+00:00","og_image":[{"url":"https:\/\/lospoliticosveracruz.com.mx\/wp-content\/uploads\/2021\/10\/WhatsApp-Image-2021-10-02-at-15.20.25-212x300.jpeg","type":"","width":"","height":""}],"author":"Lo viste en Los Pol\u00edticos","twitter_card":"summary_large_image","twitter_creator":"@LosPoliticosVer","twitter_site":"@LosPoliticosVer","twitter_misc":{"Escrito por":"Lo viste en Los Pol\u00edticos","Tiempo de lectura":"4 minutos"},"schema":{"@context":"https:\/\/schema.org","@graph":[{"@type":"Article","@id":"https:\/\/lospoliticosveracruz.com\/?p=105439#article","isPartOf":{"@id":"https:\/\/lospoliticosveracruz.com\/?p=105439"},"author":{"name":"Lo viste en Los Pol\u00edticos","@id":"https:\/\/lospoliticosveracruz.com\/#\/schema\/person\/b8702bb0e538456e6efd07080bf2a4a2"},"headline":"LAS PEORES LEGISLATURAS DE LA HISTORIA MEXICANA","datePublished":"2023-04-28T13:33:45+00:00","dateModified":"2023-04-28T13:33:54+00:00","mainEntityOfPage":{"@id":"https:\/\/lospoliticosveracruz.com\/?p=105439"},"wordCount":864,"publisher":{"@id":"https:\/\/lospoliticosveracruz.com\/#organization"},"image":{"@id":"https:\/\/lospoliticosveracruz.com\/?p=105439#primaryimage"},"thumbnailUrl":"https:\/\/lospoliticosveracruz.com.mx\/wp-content\/uploads\/2021\/10\/WhatsApp-Image-2021-10-02-at-15.20.25-212x300.jpeg","keywords":["Conacyt","Felipe de Jes\u00fas Fern\u00e1ndez Basilio","Financiera Rural","Inecol","Insabi","legisladores de MRN","Seguro Popular"],"articleSection":["De Opini\u00f3n"],"inLanguage":"es"},{"@type":"WebPage","@id":"https:\/\/lospoliticosveracruz.com\/?p=105439","url":"https:\/\/lospoliticosveracruz.com\/?p=105439","name":"LAS PEORES LEGISLATURAS DE LA HISTORIA MEXICANA - Los pol\u00edticos Veracruz","isPartOf":{"@id":"https:\/\/lospoliticosveracruz.com\/#website"},"primaryImageOfPage":{"@id":"https:\/\/lospoliticosveracruz.com\/?p=105439#primaryimage"},"image":{"@id":"https:\/\/lospoliticosveracruz.com\/?p=105439#primaryimage"},"thumbnailUrl":"https:\/\/lospoliticosveracruz.com.mx\/wp-content\/uploads\/2021\/10\/WhatsApp-Image-2021-10-02-at-15.20.25-212x300.jpeg","datePublished":"2023-04-28T13:33:45+00:00","dateModified":"2023-04-28T13:33:54+00:00","breadcrumb":{"@id":"https:\/\/lospoliticosveracruz.com\/?p=105439#breadcrumb"},"inLanguage":"es","potentialAction":[{"@type":"ReadAction","target":["https:\/\/lospoliticosveracruz.com\/?p=105439"]}]},{"@type":"ImageObject","inLanguage":"es","@id":"https:\/\/lospoliticosveracruz.com\/?p=105439#primaryimage","url":"https:\/\/lospoliticosveracruz.com.mx\/wp-content\/uploads\/2021\/10\/WhatsApp-Image-2021-10-02-at-15.20.25-212x300.jpeg","contentUrl":"https:\/\/lospoliticosveracruz.com.mx\/wp-content\/uploads\/2021\/10\/WhatsApp-Image-2021-10-02-at-15.20.25-212x300.jpeg"},{"@type":"BreadcrumbList","@id":"https:\/\/lospoliticosveracruz.com\/?p=105439#breadcrumb","itemListElement":[{"@type":"ListItem","position":1,"name":"Portada","item":"https:\/\/lospoliticosveracruz.com\/"},{"@type":"ListItem","position":2,"name":"LAS PEORES LEGISLATURAS DE LA HISTORIA MEXICANA"}]},{"@type":"WebSite","@id":"https:\/\/lospoliticosveracruz.com\/#website","url":"https:\/\/lospoliticosveracruz.com\/","name":"Los pol\u00edticos Veracruz","description":"","publisher":{"@id":"https:\/\/lospoliticosveracruz.com\/#organization"},"potentialAction":[{"@type":"SearchAction","target":{"@type":"EntryPoint","urlTemplate":"https:\/\/lospoliticosveracruz.com\/?s={search_term_string}"},"query-input":{"@type":"PropertyValueSpecification","valueRequired":true,"valueName":"search_term_string"}}],"inLanguage":"es"},{"@type":"Organization","@id":"https:\/\/lospoliticosveracruz.com\/#organization","name":"Los pol\u00edticos Veracruz","url":"https:\/\/lospoliticosveracruz.com\/","logo":{"@type":"ImageObject","inLanguage":"es","@id":"https:\/\/lospoliticosveracruz.com\/#\/schema\/logo\/image\/","url":"https:\/\/lospoliticosveracruz.com\/wp-content\/uploads\/2025\/12\/Logo-Nuevo-LOS-POLITICOS-1.jpg","contentUrl":"https:\/\/lospoliticosveracruz.com\/wp-content\/uploads\/2025\/12\/Logo-Nuevo-LOS-POLITICOS-1.jpg","width":260,"height":70,"caption":"Los pol\u00edticos Veracruz"},"image":{"@id":"https:\/\/lospoliticosveracruz.com\/#\/schema\/logo\/image\/"},"sameAs":["https:\/\/www.facebook.com\/people\/Notimemes-de-los-Polticos\/61565672886568\/","https:\/\/x.com\/LosPoliticosVer"]},{"@type":"Person","@id":"https:\/\/lospoliticosveracruz.com\/#\/schema\/person\/b8702bb0e538456e6efd07080bf2a4a2","name":"Lo viste en Los Pol\u00edticos","image":{"@type":"ImageObject","inLanguage":"es","@id":"https:\/\/secure.gravatar.com\/avatar\/3a8de04a2656d44082be478bd6c086daa447c4651605818287b9532d3d0bd435?s=96&d=mm&r=g","url":"https:\/\/secure.gravatar.com\/avatar\/3a8de04a2656d44082be478bd6c086daa447c4651605818287b9532d3d0bd435?s=96&d=mm&r=g","contentUrl":"https:\/\/secure.gravatar.com\/avatar\/3a8de04a2656d44082be478bd6c086daa447c4651605818287b9532d3d0bd435?s=96&d=mm&r=g","caption":"Lo viste en Los Pol\u00edticos"},"url":"https:\/\/lospoliticosveracruz.com\/?author=2"}]}},"_links":{"self":[{"href":"https:\/\/lospoliticosveracruz.com\/index.php?rest_route=\/wp\/v2\/posts\/105439","targetHints":{"allow":["GET"]}}],"collection":[{"href":"https:\/\/lospoliticosveracruz.com\/index.php?rest_route=\/wp\/v2\/posts"}],"about":[{"href":"https:\/\/lospoliticosveracruz.com\/index.php?rest_route=\/wp\/v2\/types\/post"}],"author":[{"embeddable":true,"href":"https:\/\/lospoliticosveracruz.com\/index.php?rest_route=\/wp\/v2\/users\/2"}],"replies":[{"embeddable":true,"href":"https:\/\/lospoliticosveracruz.com\/index.php?rest_route=%2Fwp%2Fv2%2Fcomments&post=105439"}],"version-history":[{"count":1,"href":"https:\/\/lospoliticosveracruz.com\/index.php?rest_route=\/wp\/v2\/posts\/105439\/revisions"}],"predecessor-version":[{"id":105440,"href":"https:\/\/lospoliticosveracruz.com\/index.php?rest_route=\/wp\/v2\/posts\/105439\/revisions\/105440"}],"wp:attachment":[{"href":"https:\/\/lospoliticosveracruz.com\/index.php?rest_route=%2Fwp%2Fv2%2Fmedia&parent=105439"}],"wp:term":[{"taxonomy":"category","embeddable":true,"href":"https:\/\/lospoliticosveracruz.com\/index.php?rest_route=%2Fwp%2Fv2%2Fcategories&post=105439"},{"taxonomy":"post_tag","embeddable":true,"href":"https:\/\/lospoliticosveracruz.com\/index.php?rest_route=%2Fwp%2Fv2%2Ftags&post=105439"}],"curies":[{"name":"wp","href":"https:\/\/api.w.org\/{rel}","templated":true}]}}