{"id":105441,"date":"2023-04-28T08:38:24","date_gmt":"2023-04-28T13:38:24","guid":{"rendered":"https:\/\/lospoliticosveracruz.com.mx\/?p=105441"},"modified":"2023-04-28T08:38:33","modified_gmt":"2023-04-28T13:38:33","slug":"cheko-el-especialista","status":"publish","type":"post","link":"https:\/\/lospoliticosveracruz.com\/?p=105441","title":{"rendered":"CHEKO, EL ESPECIALISTA"},"content":{"rendered":"\n<ul class=\"wp-block-list\"><\/ul>\n\n\n\n<p><strong>Omar Zu\u00f1iga<br><\/strong><em>De Primera Mano<\/em><\/p>\n\n\n\n<p>El ex presidente de la C\u00e1mara de Diputados Sergio Guti\u00e9rrez Luna fue designado como representante del Grupo Parlamentario de Morena ante el Consejo General del Instituto Nacional Electoral, posici\u00f3n por dem\u00e1s estrat\u00e9gica para seguir defendiendo a la 4T en el entramado electoral rumbo al 2024.<br>El legislador veracruzano, quien ya se desempe\u00f1\u00f3 como Representante de Partido ante el Consejo General, ahora fue enviado como representante de los Diputados de Morena, lo que confirma la enorme confianza depositada en \u00e9l desde Palacio Nacional, es decir del mism\u00edsimo presidente L\u00f3pez Obrador.<\/p>\n\n\n\n<figure class=\"wp-block-image size-full\"><a href=\"https:\/\/lospoliticosveracruz.com.mx\/wp-content\/uploads\/2022\/05\/Seguro-Julio-Cerecedo.jpg\"><img decoding=\"async\" src=\"https:\/\/lospoliticosveracruz.com.mx\/wp-content\/uploads\/2022\/05\/Seguro-Julio-Cerecedo.jpg\" alt=\"\" class=\"wp-image-90414\"\/><\/a><\/figure>\n\n\n\n<p><br>Pero tambi\u00e9n demuestra la confianza del responsable de manejar la pol\u00edtica interna del pa\u00eds, el secretario de Gobernaci\u00f3n Ad\u00e1n Augusto L\u00f3pez, quien a su vez es uno de los fuertes aspirantes para la candidatura a la Presidencia de la Rep\u00fablica por su partido.<br>Y por supuesto, la de su Grupo Parlamentario, coordinado por Ignacio Mier, para defender en el Consejo General del INE la ruta hacia el proceso electoral que se avecina.<br>Cheko se la sabe en este tema, es un especialista en el tema electoral y seguramente esta decisi\u00f3n, que ha sido tomada con el mejor \u00e1nimo en el altiplano, caer\u00e1 como patada en la entrepierna en Veracruz. \u00a1Ouch!<\/p>\n\n\n\n<hr class=\"wp-block-separator has-alpha-channel-opacity\"\/>\n\n\n\n<p>El viernes pasado, se realiz\u00f3 la Ceremonia Conmemorativa del 109 Aniversario de la Gesta Heroica del 21 de abril de 1914 y Jura de Bandera de las y los Cadetes de la Heroica Escuela Naval Militar de la Generaci\u00f3n 2022-2027, que fue encabezada por L\u00f3pez Obrador, en la Macroplaza del Malec\u00f3n, en el cuatro veces H. Puerto de Veracruz.<br>En este acto, estuvo presente el Secretario de Marina, el xalape\u00f1o Almirante Jos\u00e9 Rafael Ojeda Dur\u00e1n.<br>La Jura de Bandera es un acto de compromiso, honor y tradici\u00f3n; compromiso con la naci\u00f3n, al poner por testigo al l\u00e1baro patrio; honor, al dar fe de la responsabilidad que asumen los cadetes, y tradici\u00f3n, porque emana de la gloriosa historia de una naci\u00f3n, como el cadete de quinto a\u00f1o Cuerpo General, G\u00f3mez; cadete de primer a\u00f1o Cuerpo General, Guti\u00e9rrez y el cadete de primer a\u00f1o Piloto Aeronaval, Castillo, que hacen honor al portar con gallard\u00eda y responsabilidad el uniforme que alguna vez calzaron el cadete Virgilio Uribe y el teniente Jos\u00e9 Azueta. \u00a1Honor y Gloria!<\/p>\n\n\n\n<hr class=\"wp-block-separator has-alpha-channel-opacity\"\/>\n\n\n\n<p>El delegado nacional del PVEM en funciones de secretario general del CDE en Veracruz Marcelo Ruiz, fue enviado, precisamente en su car\u00e1cter de delegado nacional, a operar la elecci\u00f3n de Coahuila, en conjunto con la dirigencia estatal verde y el partido local Unidad Democr\u00e1tica de Coahuila (UDC), que abanderaron a Evaristo Lenin P\u00e9rez Rivera, l\u00edder de UDC, para contender por la gubernatura el pr\u00f3ximo 4 de junio.<br>La experiencia electoral de Marcelo Ruiz (a quien como coordinador de la Tercera Circunscripci\u00f3n le brinc\u00f3 la trucha en Oaxaca) nuevamente es puesta a prueba para sacar los mejores resultados en una contienda donde lleva la ventaja Manolo Jim\u00e9nez, candidato aliancista y alfil del gobernador priista Miguel Riquelme.<\/p>\n\n\n\n<p>\u00a1Qu\u00e9 barbaridad!<br>deprimera.mano2020@gmail.com<\/p>\n","protected":false},"excerpt":{"rendered":"<p>Omar Zu\u00f1igaDe Primera Mano El ex presidente de la C\u00e1mara de Diputados Sergio Guti\u00e9rrez Luna fue designado como representante del Grupo Parlamentario de Morena ante el Consejo General del Instituto Nacional Electoral, posici\u00f3n por dem\u00e1s estrat\u00e9gica para seguir defendiendo a la 4T en el entramado electoral rumbo al 2024.El legislador veracruzano, quien ya se desempe\u00f1\u00f3 [&hellip;]<\/p>\n","protected":false},"author":2,"featured_media":0,"comment_status":"closed","ping_status":"closed","sticky":false,"template":"","format":"standard","meta":{"tdm_status":"","tdm_grid_status":"","footnotes":""},"categories":[70],"tags":[17426,618,38062,21824,22499,340,15206,1026,34810,264,16147],"class_list":{"0":"post-105441","1":"post","2":"type-post","3":"status-publish","4":"format-standard","6":"category-de-opinion","7":"tag-4t","8":"tag-andres-manuel-lopez-obrador","9":"tag-cadetes-de-la-heroica-escuela-naval-militar","10":"tag-diputados-de-morena","11":"tag-grupo-parlamentario-de-morena","12":"tag-instituto-nacional-electoral","13":"tag-marcelo-ruiz","14":"tag-morena","15":"tag-omar-zuniga-2","16":"tag-pvem","17":"tag-sergio-gutierrez-luna"},"yoast_head":"<!-- This site is optimized with the Yoast SEO plugin v27.4 - https:\/\/yoast.com\/product\/yoast-seo-wordpress\/ -->\n<title>CHEKO, EL ESPECIALISTA - Los pol\u00edticos Veracruz<\/title>\n<meta name=\"robots\" content=\"index, follow, max-snippet:-1, max-image-preview:large, max-video-preview:-1\" \/>\n<link rel=\"canonical\" href=\"https:\/\/lospoliticosveracruz.com\/?p=105441\" \/>\n<meta property=\"og:locale\" content=\"es_ES\" \/>\n<meta property=\"og:type\" content=\"article\" \/>\n<meta property=\"og:title\" content=\"CHEKO, EL ESPECIALISTA - Los pol\u00edticos Veracruz\" \/>\n<meta property=\"og:description\" content=\"Omar Zu\u00f1igaDe Primera Mano El ex presidente de la C\u00e1mara de Diputados Sergio Guti\u00e9rrez Luna fue designado como representante del Grupo Parlamentario de Morena ante el Consejo General del Instituto Nacional Electoral, posici\u00f3n por dem\u00e1s estrat\u00e9gica para seguir defendiendo a la 4T en el entramado electoral rumbo al 2024.El legislador veracruzano, quien ya se desempe\u00f1\u00f3 [&hellip;]\" \/>\n<meta property=\"og:url\" content=\"https:\/\/lospoliticosveracruz.com\/?p=105441\" \/>\n<meta property=\"og:site_name\" content=\"Los pol\u00edticos Veracruz\" \/>\n<meta property=\"article:publisher\" content=\"https:\/\/www.facebook.com\/people\/Notimemes-de-los-Polticos\/61565672886568\/\" \/>\n<meta property=\"article:published_time\" content=\"2023-04-28T13:38:24+00:00\" \/>\n<meta property=\"article:modified_time\" content=\"2023-04-28T13:38:33+00:00\" \/>\n<meta property=\"og:image\" content=\"https:\/\/lospoliticosveracruz.com.mx\/wp-content\/uploads\/2022\/05\/Seguro-Julio-Cerecedo.jpg\" \/>\n<meta name=\"author\" content=\"Lo viste en Los Pol\u00edticos\" \/>\n<meta name=\"twitter:card\" content=\"summary_large_image\" \/>\n<meta name=\"twitter:creator\" content=\"@LosPoliticosVer\" \/>\n<meta name=\"twitter:site\" content=\"@LosPoliticosVer\" \/>\n<meta name=\"twitter:label1\" content=\"Escrito por\" \/>\n\t<meta name=\"twitter:data1\" content=\"Lo viste en Los Pol\u00edticos\" \/>\n\t<meta name=\"twitter:label2\" content=\"Tiempo de lectura\" \/>\n\t<meta name=\"twitter:data2\" content=\"3 minutos\" \/>\n<script type=\"application\/ld+json\" class=\"yoast-schema-graph\">{\"@context\":\"https:\\\/\\\/schema.org\",\"@graph\":[{\"@type\":\"Article\",\"@id\":\"https:\\\/\\\/lospoliticosveracruz.com\\\/?p=105441#article\",\"isPartOf\":{\"@id\":\"https:\\\/\\\/lospoliticosveracruz.com\\\/?p=105441\"},\"author\":{\"name\":\"Lo viste en Los Pol\u00edticos\",\"@id\":\"https:\\\/\\\/lospoliticosveracruz.com\\\/#\\\/schema\\\/person\\\/b8702bb0e538456e6efd07080bf2a4a2\"},\"headline\":\"CHEKO, EL ESPECIALISTA\",\"datePublished\":\"2023-04-28T13:38:24+00:00\",\"dateModified\":\"2023-04-28T13:38:33+00:00\",\"mainEntityOfPage\":{\"@id\":\"https:\\\/\\\/lospoliticosveracruz.com\\\/?p=105441\"},\"wordCount\":535,\"publisher\":{\"@id\":\"https:\\\/\\\/lospoliticosveracruz.com\\\/#organization\"},\"image\":{\"@id\":\"https:\\\/\\\/lospoliticosveracruz.com\\\/?p=105441#primaryimage\"},\"thumbnailUrl\":\"https:\\\/\\\/lospoliticosveracruz.com.mx\\\/wp-content\\\/uploads\\\/2022\\\/05\\\/Seguro-Julio-Cerecedo.jpg\",\"keywords\":[\"4T\",\"Andr\u00e9s Manuel L\u00f3pez Obrador\",\"Cadetes de la Heroica Escuela Naval Militar\",\"Diputados de Morena\",\"Grupo Parlamentario de Morena\",\"Instituto Nacional Electoral\",\"Marcelo Ruiz\",\"Morena\",\"Omar Zu\u00f1iga\",\"PVEM\",\"Sergio Guti\u00e9rrez Luna\"],\"articleSection\":[\"De Opini\u00f3n\"],\"inLanguage\":\"es\"},{\"@type\":\"WebPage\",\"@id\":\"https:\\\/\\\/lospoliticosveracruz.com\\\/?p=105441\",\"url\":\"https:\\\/\\\/lospoliticosveracruz.com\\\/?p=105441\",\"name\":\"CHEKO, EL ESPECIALISTA - Los pol\u00edticos Veracruz\",\"isPartOf\":{\"@id\":\"https:\\\/\\\/lospoliticosveracruz.com\\\/#website\"},\"primaryImageOfPage\":{\"@id\":\"https:\\\/\\\/lospoliticosveracruz.com\\\/?p=105441#primaryimage\"},\"image\":{\"@id\":\"https:\\\/\\\/lospoliticosveracruz.com\\\/?p=105441#primaryimage\"},\"thumbnailUrl\":\"https:\\\/\\\/lospoliticosveracruz.com.mx\\\/wp-content\\\/uploads\\\/2022\\\/05\\\/Seguro-Julio-Cerecedo.jpg\",\"datePublished\":\"2023-04-28T13:38:24+00:00\",\"dateModified\":\"2023-04-28T13:38:33+00:00\",\"breadcrumb\":{\"@id\":\"https:\\\/\\\/lospoliticosveracruz.com\\\/?p=105441#breadcrumb\"},\"inLanguage\":\"es\",\"potentialAction\":[{\"@type\":\"ReadAction\",\"target\":[\"https:\\\/\\\/lospoliticosveracruz.com\\\/?p=105441\"]}]},{\"@type\":\"ImageObject\",\"inLanguage\":\"es\",\"@id\":\"https:\\\/\\\/lospoliticosveracruz.com\\\/?p=105441#primaryimage\",\"url\":\"https:\\\/\\\/lospoliticosveracruz.com.mx\\\/wp-content\\\/uploads\\\/2022\\\/05\\\/Seguro-Julio-Cerecedo.jpg\",\"contentUrl\":\"https:\\\/\\\/lospoliticosveracruz.com.mx\\\/wp-content\\\/uploads\\\/2022\\\/05\\\/Seguro-Julio-Cerecedo.jpg\"},{\"@type\":\"BreadcrumbList\",\"@id\":\"https:\\\/\\\/lospoliticosveracruz.com\\\/?p=105441#breadcrumb\",\"itemListElement\":[{\"@type\":\"ListItem\",\"position\":1,\"name\":\"Portada\",\"item\":\"https:\\\/\\\/lospoliticosveracruz.com\\\/\"},{\"@type\":\"ListItem\",\"position\":2,\"name\":\"CHEKO, EL ESPECIALISTA\"}]},{\"@type\":\"WebSite\",\"@id\":\"https:\\\/\\\/lospoliticosveracruz.com\\\/#website\",\"url\":\"https:\\\/\\\/lospoliticosveracruz.com\\\/\",\"name\":\"Los pol\u00edticos Veracruz\",\"description\":\"\",\"publisher\":{\"@id\":\"https:\\\/\\\/lospoliticosveracruz.com\\\/#organization\"},\"potentialAction\":[{\"@type\":\"SearchAction\",\"target\":{\"@type\":\"EntryPoint\",\"urlTemplate\":\"https:\\\/\\\/lospoliticosveracruz.com\\\/?s={search_term_string}\"},\"query-input\":{\"@type\":\"PropertyValueSpecification\",\"valueRequired\":true,\"valueName\":\"search_term_string\"}}],\"inLanguage\":\"es\"},{\"@type\":\"Organization\",\"@id\":\"https:\\\/\\\/lospoliticosveracruz.com\\\/#organization\",\"name\":\"Los pol\u00edticos Veracruz\",\"url\":\"https:\\\/\\\/lospoliticosveracruz.com\\\/\",\"logo\":{\"@type\":\"ImageObject\",\"inLanguage\":\"es\",\"@id\":\"https:\\\/\\\/lospoliticosveracruz.com\\\/#\\\/schema\\\/logo\\\/image\\\/\",\"url\":\"https:\\\/\\\/lospoliticosveracruz.com\\\/wp-content\\\/uploads\\\/2025\\\/12\\\/Logo-Nuevo-LOS-POLITICOS-1.jpg\",\"contentUrl\":\"https:\\\/\\\/lospoliticosveracruz.com\\\/wp-content\\\/uploads\\\/2025\\\/12\\\/Logo-Nuevo-LOS-POLITICOS-1.jpg\",\"width\":260,\"height\":70,\"caption\":\"Los pol\u00edticos Veracruz\"},\"image\":{\"@id\":\"https:\\\/\\\/lospoliticosveracruz.com\\\/#\\\/schema\\\/logo\\\/image\\\/\"},\"sameAs\":[\"https:\\\/\\\/www.facebook.com\\\/people\\\/Notimemes-de-los-Polticos\\\/61565672886568\\\/\",\"https:\\\/\\\/x.com\\\/LosPoliticosVer\"]},{\"@type\":\"Person\",\"@id\":\"https:\\\/\\\/lospoliticosveracruz.com\\\/#\\\/schema\\\/person\\\/b8702bb0e538456e6efd07080bf2a4a2\",\"name\":\"Lo viste en Los Pol\u00edticos\",\"image\":{\"@type\":\"ImageObject\",\"inLanguage\":\"es\",\"@id\":\"https:\\\/\\\/secure.gravatar.com\\\/avatar\\\/3a8de04a2656d44082be478bd6c086daa447c4651605818287b9532d3d0bd435?s=96&d=mm&r=g\",\"url\":\"https:\\\/\\\/secure.gravatar.com\\\/avatar\\\/3a8de04a2656d44082be478bd6c086daa447c4651605818287b9532d3d0bd435?s=96&d=mm&r=g\",\"contentUrl\":\"https:\\\/\\\/secure.gravatar.com\\\/avatar\\\/3a8de04a2656d44082be478bd6c086daa447c4651605818287b9532d3d0bd435?s=96&d=mm&r=g\",\"caption\":\"Lo viste en Los Pol\u00edticos\"},\"url\":\"https:\\\/\\\/lospoliticosveracruz.com\\\/?author=2\"}]}<\/script>\n<!-- \/ Yoast SEO plugin. -->","yoast_head_json":{"title":"CHEKO, EL ESPECIALISTA - Los pol\u00edticos Veracruz","robots":{"index":"index","follow":"follow","max-snippet":"max-snippet:-1","max-image-preview":"max-image-preview:large","max-video-preview":"max-video-preview:-1"},"canonical":"https:\/\/lospoliticosveracruz.com\/?p=105441","og_locale":"es_ES","og_type":"article","og_title":"CHEKO, EL ESPECIALISTA - Los pol\u00edticos Veracruz","og_description":"Omar Zu\u00f1igaDe Primera Mano El ex presidente de la C\u00e1mara de Diputados Sergio Guti\u00e9rrez Luna fue designado como representante del Grupo Parlamentario de Morena ante el Consejo General del Instituto Nacional Electoral, posici\u00f3n por dem\u00e1s estrat\u00e9gica para seguir defendiendo a la 4T en el entramado electoral rumbo al 2024.El legislador veracruzano, quien ya se desempe\u00f1\u00f3 [&hellip;]","og_url":"https:\/\/lospoliticosveracruz.com\/?p=105441","og_site_name":"Los pol\u00edticos Veracruz","article_publisher":"https:\/\/www.facebook.com\/people\/Notimemes-de-los-Polticos\/61565672886568\/","article_published_time":"2023-04-28T13:38:24+00:00","article_modified_time":"2023-04-28T13:38:33+00:00","og_image":[{"url":"https:\/\/lospoliticosveracruz.com.mx\/wp-content\/uploads\/2022\/05\/Seguro-Julio-Cerecedo.jpg","type":"","width":"","height":""}],"author":"Lo viste en Los Pol\u00edticos","twitter_card":"summary_large_image","twitter_creator":"@LosPoliticosVer","twitter_site":"@LosPoliticosVer","twitter_misc":{"Escrito por":"Lo viste en Los Pol\u00edticos","Tiempo de lectura":"3 minutos"},"schema":{"@context":"https:\/\/schema.org","@graph":[{"@type":"Article","@id":"https:\/\/lospoliticosveracruz.com\/?p=105441#article","isPartOf":{"@id":"https:\/\/lospoliticosveracruz.com\/?p=105441"},"author":{"name":"Lo viste en Los Pol\u00edticos","@id":"https:\/\/lospoliticosveracruz.com\/#\/schema\/person\/b8702bb0e538456e6efd07080bf2a4a2"},"headline":"CHEKO, EL ESPECIALISTA","datePublished":"2023-04-28T13:38:24+00:00","dateModified":"2023-04-28T13:38:33+00:00","mainEntityOfPage":{"@id":"https:\/\/lospoliticosveracruz.com\/?p=105441"},"wordCount":535,"publisher":{"@id":"https:\/\/lospoliticosveracruz.com\/#organization"},"image":{"@id":"https:\/\/lospoliticosveracruz.com\/?p=105441#primaryimage"},"thumbnailUrl":"https:\/\/lospoliticosveracruz.com.mx\/wp-content\/uploads\/2022\/05\/Seguro-Julio-Cerecedo.jpg","keywords":["4T","Andr\u00e9s Manuel L\u00f3pez Obrador","Cadetes de la Heroica Escuela Naval Militar","Diputados de Morena","Grupo Parlamentario de Morena","Instituto Nacional Electoral","Marcelo Ruiz","Morena","Omar Zu\u00f1iga","PVEM","Sergio Guti\u00e9rrez Luna"],"articleSection":["De Opini\u00f3n"],"inLanguage":"es"},{"@type":"WebPage","@id":"https:\/\/lospoliticosveracruz.com\/?p=105441","url":"https:\/\/lospoliticosveracruz.com\/?p=105441","name":"CHEKO, EL ESPECIALISTA - Los pol\u00edticos Veracruz","isPartOf":{"@id":"https:\/\/lospoliticosveracruz.com\/#website"},"primaryImageOfPage":{"@id":"https:\/\/lospoliticosveracruz.com\/?p=105441#primaryimage"},"image":{"@id":"https:\/\/lospoliticosveracruz.com\/?p=105441#primaryimage"},"thumbnailUrl":"https:\/\/lospoliticosveracruz.com.mx\/wp-content\/uploads\/2022\/05\/Seguro-Julio-Cerecedo.jpg","datePublished":"2023-04-28T13:38:24+00:00","dateModified":"2023-04-28T13:38:33+00:00","breadcrumb":{"@id":"https:\/\/lospoliticosveracruz.com\/?p=105441#breadcrumb"},"inLanguage":"es","potentialAction":[{"@type":"ReadAction","target":["https:\/\/lospoliticosveracruz.com\/?p=105441"]}]},{"@type":"ImageObject","inLanguage":"es","@id":"https:\/\/lospoliticosveracruz.com\/?p=105441#primaryimage","url":"https:\/\/lospoliticosveracruz.com.mx\/wp-content\/uploads\/2022\/05\/Seguro-Julio-Cerecedo.jpg","contentUrl":"https:\/\/lospoliticosveracruz.com.mx\/wp-content\/uploads\/2022\/05\/Seguro-Julio-Cerecedo.jpg"},{"@type":"BreadcrumbList","@id":"https:\/\/lospoliticosveracruz.com\/?p=105441#breadcrumb","itemListElement":[{"@type":"ListItem","position":1,"name":"Portada","item":"https:\/\/lospoliticosveracruz.com\/"},{"@type":"ListItem","position":2,"name":"CHEKO, EL ESPECIALISTA"}]},{"@type":"WebSite","@id":"https:\/\/lospoliticosveracruz.com\/#website","url":"https:\/\/lospoliticosveracruz.com\/","name":"Los pol\u00edticos Veracruz","description":"","publisher":{"@id":"https:\/\/lospoliticosveracruz.com\/#organization"},"potentialAction":[{"@type":"SearchAction","target":{"@type":"EntryPoint","urlTemplate":"https:\/\/lospoliticosveracruz.com\/?s={search_term_string}"},"query-input":{"@type":"PropertyValueSpecification","valueRequired":true,"valueName":"search_term_string"}}],"inLanguage":"es"},{"@type":"Organization","@id":"https:\/\/lospoliticosveracruz.com\/#organization","name":"Los pol\u00edticos Veracruz","url":"https:\/\/lospoliticosveracruz.com\/","logo":{"@type":"ImageObject","inLanguage":"es","@id":"https:\/\/lospoliticosveracruz.com\/#\/schema\/logo\/image\/","url":"https:\/\/lospoliticosveracruz.com\/wp-content\/uploads\/2025\/12\/Logo-Nuevo-LOS-POLITICOS-1.jpg","contentUrl":"https:\/\/lospoliticosveracruz.com\/wp-content\/uploads\/2025\/12\/Logo-Nuevo-LOS-POLITICOS-1.jpg","width":260,"height":70,"caption":"Los pol\u00edticos Veracruz"},"image":{"@id":"https:\/\/lospoliticosveracruz.com\/#\/schema\/logo\/image\/"},"sameAs":["https:\/\/www.facebook.com\/people\/Notimemes-de-los-Polticos\/61565672886568\/","https:\/\/x.com\/LosPoliticosVer"]},{"@type":"Person","@id":"https:\/\/lospoliticosveracruz.com\/#\/schema\/person\/b8702bb0e538456e6efd07080bf2a4a2","name":"Lo viste en Los Pol\u00edticos","image":{"@type":"ImageObject","inLanguage":"es","@id":"https:\/\/secure.gravatar.com\/avatar\/3a8de04a2656d44082be478bd6c086daa447c4651605818287b9532d3d0bd435?s=96&d=mm&r=g","url":"https:\/\/secure.gravatar.com\/avatar\/3a8de04a2656d44082be478bd6c086daa447c4651605818287b9532d3d0bd435?s=96&d=mm&r=g","contentUrl":"https:\/\/secure.gravatar.com\/avatar\/3a8de04a2656d44082be478bd6c086daa447c4651605818287b9532d3d0bd435?s=96&d=mm&r=g","caption":"Lo viste en Los Pol\u00edticos"},"url":"https:\/\/lospoliticosveracruz.com\/?author=2"}]}},"_links":{"self":[{"href":"https:\/\/lospoliticosveracruz.com\/index.php?rest_route=\/wp\/v2\/posts\/105441","targetHints":{"allow":["GET"]}}],"collection":[{"href":"https:\/\/lospoliticosveracruz.com\/index.php?rest_route=\/wp\/v2\/posts"}],"about":[{"href":"https:\/\/lospoliticosveracruz.com\/index.php?rest_route=\/wp\/v2\/types\/post"}],"author":[{"embeddable":true,"href":"https:\/\/lospoliticosveracruz.com\/index.php?rest_route=\/wp\/v2\/users\/2"}],"replies":[{"embeddable":true,"href":"https:\/\/lospoliticosveracruz.com\/index.php?rest_route=%2Fwp%2Fv2%2Fcomments&post=105441"}],"version-history":[{"count":1,"href":"https:\/\/lospoliticosveracruz.com\/index.php?rest_route=\/wp\/v2\/posts\/105441\/revisions"}],"predecessor-version":[{"id":105443,"href":"https:\/\/lospoliticosveracruz.com\/index.php?rest_route=\/wp\/v2\/posts\/105441\/revisions\/105443"}],"wp:attachment":[{"href":"https:\/\/lospoliticosveracruz.com\/index.php?rest_route=%2Fwp%2Fv2%2Fmedia&parent=105441"}],"wp:term":[{"taxonomy":"category","embeddable":true,"href":"https:\/\/lospoliticosveracruz.com\/index.php?rest_route=%2Fwp%2Fv2%2Fcategories&post=105441"},{"taxonomy":"post_tag","embeddable":true,"href":"https:\/\/lospoliticosveracruz.com\/index.php?rest_route=%2Fwp%2Fv2%2Ftags&post=105441"}],"curies":[{"name":"wp","href":"https:\/\/api.w.org\/{rel}","templated":true}]}}