{"id":105526,"date":"2023-05-01T08:43:41","date_gmt":"2023-05-01T13:43:41","guid":{"rendered":"https:\/\/lospoliticosveracruz.com.mx\/?p=105526"},"modified":"2023-05-01T08:43:48","modified_gmt":"2023-05-01T13:43:48","slug":"el-carnal-marcelo-2","status":"publish","type":"post","link":"https:\/\/lospoliticosveracruz.com\/?p=105526","title":{"rendered":"EL CARNAL MARCELO"},"content":{"rendered":"\n<p><strong>Omar Z\u00fa\u00f1iga<\/strong><br><em>De Primera Mano<\/em><\/p>\n\n\n\n<p>\u201cAs\u00ed como fui el sucesor de Andr\u00e9s Manuel (L\u00f3pez Obrador) en el gobierno de la Ciudad de M\u00e9xico, tambi\u00e9n ser\u00e9 su sucesor en la Presidencia de la rep\u00fablica\u201d, dijo sin reparo la tercera corcholata Marcelo Ebrard Casaub\u00f3n, secretario de Relaciones Exteriores y aspirante a la candidatura presidencial de Morena, durante su visita a Xalapa este fin de semana, como parte de su gira por Veracruz.<br>Varias cosas a destacar del que fue denominado \u201cEncuentro con L\u00edderes Veracruzanos\u201d y a pesar de la gran convocatoria y organizaci\u00f3n por parte de Janneth Saucedo coordinadora estatal de Morena Progresista, fue la llegada hora y media tarde del carnal Marcelo, que ser\u00e1 muy canciller, pero una impuntualidad de esta naturaleza s\u00ed calienta y es una falta de respeto soberbia.<\/p>\n\n\n<div class=\"wp-block-image\">\n<figure class=\"alignleft size-medium\"><a href=\"https:\/\/lospoliticosveracruz.com.mx\/wp-content\/uploads\/2021\/10\/Zacauilt.jpg\"><img decoding=\"async\" src=\"https:\/\/lospoliticosveracruz.com.mx\/wp-content\/uploads\/2021\/10\/Zacauilt-150x300.jpg\" alt=\"\" class=\"wp-image-80558\"\/><\/a><\/figure>\n<\/div>\n\n\n<p><br>En segundo lugar, reitero el gran trabajo realizado por Janneth Saucedo quien convoc\u00f3 a unos 500 personas, (el sal\u00f3n de un hotel en el centro hist\u00f3rico de Xalapa, atiborrado) a las que envi\u00f3 un c\u00f3digo QR personalizado para poder acceder y evitar que se metieran los colados de siempre, sin embargo, no se logr\u00f3 y por ah\u00ed un par de esas personas denominados pasquineros que a lo \u00fanico que se cercan al funcionario (el que sea) es a pedir una limosna y aunque no se busca demeritar a nadie, ellos s\u00ed lo hacen con el gremio period\u00edstico, lastimado ya per s\u00e9.<br>Por otra parte, la presencia de varios senadores, diputados locales y federales, como Marco Antonio Mart\u00ednez Amador de Acayucan; To\u00f1o Luna de Emiliano Zapata; Bonifacio Castillo de Papantla, Lourdes Ju\u00e1rez Lara y el Huevo (alias Fernando Arteaga Aponte de Veracruz, quien por cierto logr\u00f3 comentarios nada halagadores al haberse colado en la mesa principal), entre otros locales, as\u00ed como el diputado federal Rafael Hern\u00e1ndez Villalpando (alias Paleta Chupada), quien por cierto levant\u00f3 varios gritos de asombro, cuando muchos pensaban que no lo volver\u00edan a ver por su distrito y Marcelo logr\u00f3 el milagro.<br>Por ah\u00ed se le vio tambi\u00e9n al experimentado operador pol\u00edtico y electoral Ranulfo Tonicho M\u00e1rquez Hern\u00e1ndez, entre otros personajes.<br>A destacar tambi\u00e9n, est\u00e1n las palabras del diputado To\u00f1o Luna, quien dijo \u201choy se enciende la chispa adecuada para transformar a Veracruz y al pa\u00eds\u201d, qu\u00e9 fuerte, pues significa que tanto a nivel nacional como local, no hay trabajo, y con Ebrard empezar\u00eda esta transformaci\u00f3n.<br>Es de todos sabido que si bien es cierto tanto L\u00f3pez Obrador como Cuit\u00e1huac Garc\u00eda han hecho un carajo y se han dedicado, uno a ser mala de copia del otro, y a justificar sus sandeces con los gobiernos del pasado, lo raro est\u00e1 escucharlo en voz de un diputado neomorenista a poco m\u00e1s de un a\u00f1o de la elecci\u00f3n y sobre todo, sin haber candidato presidencial, es decir el fiel de la balanza.<br>Una m\u00e1s a destacar, es que hubo representante del gobierno estatal en la persona de Enrique Nach\u00f3n titular de Sedeco, que si bien no es el mejor funcionario del gabinete, al menos lo enviaron y esto nos lleva a otra cosa m\u00e1s a destacar, pues por un lado, significa que Juan Javier G\u00f3mez Cazar\u00edn no trae controlados a todos los diputados de su bancada como lo ha hecho creer y por otro, la deferencia de Cuitl\u00e1huac con Marcelo este fin de semana pues lo recibi\u00f3 en Palacio de Gobierno y con Sheinbaum estuvo presente hace un par de semanas, lo que evidencia hoy m\u00e1s que nunca, el repudio hacia su jefe pol\u00edtico Ad\u00e1n Augusto L\u00f3pez, alias el secretario de Gobernaci\u00f3n y amigo personal del presidente, a quien ha desairado y boicoteado.<br>Reitero que el futuro del g\u00f3ber no se ve muy prometedor.<\/p>\n\n\n\n<hr class=\"wp-block-separator has-alpha-channel-opacity\"\/>\n\n\n\n<p>Menci\u00f3n aparte es la presencia de la diputada del PVEM Citlali Medell\u00edn, quien lleg\u00f3 partiendo plaza, saludando a todo mundo, sin hacer la groser\u00eda de dejar a nadie con la mano extendida, quien adem\u00e1s fue a sentarse con la subsecretaria de Relaciones Exteriores Martha Delgado, su amiga personal, aliada y consejera, pues han trabajado juntas en muchos temas para el canciller.<br>Hay que mencionar que Citlali asisti\u00f3 con la invitaci\u00f3n personal del carnal Marcelo, con quien coincidi\u00f3 apenas la semana anterior, durante el viaje de Medell\u00edn Careaga a Denver, Massachusetts, uuuffff.<\/p>\n\n\n\n<hr class=\"wp-block-separator has-alpha-channel-opacity\"\/>\n\n\n\n<p>Otro de los presentes el s\u00e1bado pasado en el corcholatesco evento, fue Juan Manuel Garc\u00eda, vicepresidente regional sur-sureste de la C\u00e1mara Nacional de la Industria de la Transformaci\u00f3n (Canacintra), a quien por cierto vaya una felicitaci\u00f3n desde este espacio, por su reciente designaci\u00f3n como presidente de Canacintra Xalapa, luego de haberse resuelto en la CDMX el fallo en su favor, al confirmarse las irregularidades en que incurri\u00f3 la planilla opositora. \u00a1Enhorabuena!<\/p>\n\n\n\n<hr class=\"wp-block-separator has-alpha-channel-opacity\"\/>\n\n\n\n<p>Una m\u00e1s del senador panista Julen Rementer\u00eda del Puerto quien hab\u00eda pactado una reuni\u00f3n para este lunes 1 de mayo con el grupo Ver por Veracruz y argumentando una \u201creuni\u00f3n urgente\u201d en la Ciudad de M\u00e9xico, cuando oficialmente termin\u00f3 ya el periodo ordinario de sesiones en el Congreso de la Uni\u00f3n, cancel\u00f3 al veinte para la hora.<br>Este tipo de situaciones se han convertido ya en una constante en la conducta del senador y aspirante a una eventual candidatura aliancista en Veracruz PAN-PRI-PRD. Uuuffff.<\/p>\n\n\n\n<hr class=\"wp-block-separator has-alpha-channel-opacity\"\/>\n\n\n\n<p>Y para documentar el optimismo, este domingo 30 de abril, por la noche, Cuitl\u00e1huac Garc\u00eda pretendi\u00f3 darse un ba\u00f1o de pueblo, cuando acudi\u00f3 a Bodega Aurrer\u00e1 de las Trancas para hacer algunas compras, acompa\u00f1ado de una se\u00f1orita y los infaltables gorilas, y por m\u00e1s que se puso en medio de las cajas registradoras pelando la mazorca a todo mundo , nom\u00e1s no hubo nadie que se le acercara para pedirle la selfie, como si no existiera\u2026, aunque quiz\u00e1 esta sea la respuesta y todo ahora todo tiene sentido\u2026<\/p>\n\n\n\n<p>\u00a1Qu\u00e9 barbaridad!<br>deprimera.mano2020@gmail.com<\/p>\n","protected":false},"excerpt":{"rendered":"<p>Omar Z\u00fa\u00f1igaDe Primera Mano \u201cAs\u00ed como fui el sucesor de Andr\u00e9s Manuel (L\u00f3pez Obrador) en el gobierno de la Ciudad de M\u00e9xico, tambi\u00e9n ser\u00e9 su sucesor en la Presidencia de la rep\u00fablica\u201d, dijo sin reparo la tercera corcholata Marcelo Ebrard Casaub\u00f3n, secretario de Relaciones Exteriores y aspirante a la candidatura presidencial de Morena, durante su [&hellip;]<\/p>\n","protected":false},"author":2,"featured_media":0,"comment_status":"closed","ping_status":"closed","sticky":false,"template":"","format":"standard","meta":{"tdm_status":"","tdm_grid_status":"","footnotes":""},"categories":[70],"tags":[17124,1563,20129,37297,1130,14703,1026,28705,31000,195],"class_list":{"0":"post-105526","1":"post","2":"type-post","3":"status-publish","4":"format-standard","6":"category-de-opinion","7":"tag-citlali-medellin","8":"tag-cuitlahuac-garcia-jimenez","9":"tag-fernando-arteaga","10":"tag-janneth-saucedo","11":"tag-julen-rementeria","12":"tag-marcelo-ebrard","13":"tag-morena","14":"tag-omar-zuniga","15":"tag-tono-luna-rosales","16":"tag-veracruz"},"yoast_head":"<!-- This site is optimized with the Yoast SEO plugin v27.4 - https:\/\/yoast.com\/product\/yoast-seo-wordpress\/ -->\n<title>EL CARNAL MARCELO - Los pol\u00edticos Veracruz<\/title>\n<meta name=\"robots\" content=\"index, follow, max-snippet:-1, max-image-preview:large, max-video-preview:-1\" \/>\n<link rel=\"canonical\" href=\"https:\/\/lospoliticosveracruz.com\/?p=105526\" \/>\n<meta property=\"og:locale\" content=\"es_ES\" \/>\n<meta property=\"og:type\" content=\"article\" \/>\n<meta property=\"og:title\" content=\"EL CARNAL MARCELO - Los pol\u00edticos Veracruz\" \/>\n<meta property=\"og:description\" content=\"Omar Z\u00fa\u00f1igaDe Primera Mano \u201cAs\u00ed como fui el sucesor de Andr\u00e9s Manuel (L\u00f3pez Obrador) en el gobierno de la Ciudad de M\u00e9xico, tambi\u00e9n ser\u00e9 su sucesor en la Presidencia de la rep\u00fablica\u201d, dijo sin reparo la tercera corcholata Marcelo Ebrard Casaub\u00f3n, secretario de Relaciones Exteriores y aspirante a la candidatura presidencial de Morena, durante su [&hellip;]\" \/>\n<meta property=\"og:url\" content=\"https:\/\/lospoliticosveracruz.com\/?p=105526\" \/>\n<meta property=\"og:site_name\" content=\"Los pol\u00edticos Veracruz\" \/>\n<meta property=\"article:publisher\" content=\"https:\/\/www.facebook.com\/people\/Notimemes-de-los-Polticos\/61565672886568\/\" \/>\n<meta property=\"article:published_time\" content=\"2023-05-01T13:43:41+00:00\" \/>\n<meta property=\"article:modified_time\" content=\"2023-05-01T13:43:48+00:00\" \/>\n<meta property=\"og:image\" content=\"https:\/\/lospoliticosveracruz.com.mx\/wp-content\/uploads\/2021\/10\/Zacauilt-150x300.jpg\" \/>\n<meta name=\"author\" content=\"Lo viste en Los Pol\u00edticos\" \/>\n<meta name=\"twitter:card\" content=\"summary_large_image\" \/>\n<meta name=\"twitter:creator\" content=\"@LosPoliticosVer\" \/>\n<meta name=\"twitter:site\" content=\"@LosPoliticosVer\" \/>\n<meta name=\"twitter:label1\" content=\"Escrito por\" \/>\n\t<meta name=\"twitter:data1\" content=\"Lo viste en Los Pol\u00edticos\" \/>\n\t<meta name=\"twitter:label2\" content=\"Tiempo de lectura\" \/>\n\t<meta name=\"twitter:data2\" content=\"5 minutos\" \/>\n<script type=\"application\/ld+json\" class=\"yoast-schema-graph\">{\"@context\":\"https:\\\/\\\/schema.org\",\"@graph\":[{\"@type\":\"Article\",\"@id\":\"https:\\\/\\\/lospoliticosveracruz.com\\\/?p=105526#article\",\"isPartOf\":{\"@id\":\"https:\\\/\\\/lospoliticosveracruz.com\\\/?p=105526\"},\"author\":{\"name\":\"Lo viste en Los Pol\u00edticos\",\"@id\":\"https:\\\/\\\/lospoliticosveracruz.com\\\/#\\\/schema\\\/person\\\/b8702bb0e538456e6efd07080bf2a4a2\"},\"headline\":\"EL CARNAL MARCELO\",\"datePublished\":\"2023-05-01T13:43:41+00:00\",\"dateModified\":\"2023-05-01T13:43:48+00:00\",\"mainEntityOfPage\":{\"@id\":\"https:\\\/\\\/lospoliticosveracruz.com\\\/?p=105526\"},\"wordCount\":1015,\"publisher\":{\"@id\":\"https:\\\/\\\/lospoliticosveracruz.com\\\/#organization\"},\"image\":{\"@id\":\"https:\\\/\\\/lospoliticosveracruz.com\\\/?p=105526#primaryimage\"},\"thumbnailUrl\":\"https:\\\/\\\/lospoliticosveracruz.com.mx\\\/wp-content\\\/uploads\\\/2021\\\/10\\\/Zacauilt-150x300.jpg\",\"keywords\":[\"Citlali Medell\u00edn\",\"Cuitl\u00e1huac Garc\u00eda Jim\u00e9nez\",\"Fernando Arteaga\",\"Janneth Saucedo\",\"Julen Rementer\u00eda\",\"Marcelo Ebrard\",\"Morena\",\"Omar Z\u00fa\u00f1iga\",\"To\u00f1o Luna Rosales\",\"Veracruz\"],\"articleSection\":[\"De Opini\u00f3n\"],\"inLanguage\":\"es\"},{\"@type\":\"WebPage\",\"@id\":\"https:\\\/\\\/lospoliticosveracruz.com\\\/?p=105526\",\"url\":\"https:\\\/\\\/lospoliticosveracruz.com\\\/?p=105526\",\"name\":\"EL CARNAL MARCELO - Los pol\u00edticos Veracruz\",\"isPartOf\":{\"@id\":\"https:\\\/\\\/lospoliticosveracruz.com\\\/#website\"},\"primaryImageOfPage\":{\"@id\":\"https:\\\/\\\/lospoliticosveracruz.com\\\/?p=105526#primaryimage\"},\"image\":{\"@id\":\"https:\\\/\\\/lospoliticosveracruz.com\\\/?p=105526#primaryimage\"},\"thumbnailUrl\":\"https:\\\/\\\/lospoliticosveracruz.com.mx\\\/wp-content\\\/uploads\\\/2021\\\/10\\\/Zacauilt-150x300.jpg\",\"datePublished\":\"2023-05-01T13:43:41+00:00\",\"dateModified\":\"2023-05-01T13:43:48+00:00\",\"breadcrumb\":{\"@id\":\"https:\\\/\\\/lospoliticosveracruz.com\\\/?p=105526#breadcrumb\"},\"inLanguage\":\"es\",\"potentialAction\":[{\"@type\":\"ReadAction\",\"target\":[\"https:\\\/\\\/lospoliticosveracruz.com\\\/?p=105526\"]}]},{\"@type\":\"ImageObject\",\"inLanguage\":\"es\",\"@id\":\"https:\\\/\\\/lospoliticosveracruz.com\\\/?p=105526#primaryimage\",\"url\":\"https:\\\/\\\/lospoliticosveracruz.com.mx\\\/wp-content\\\/uploads\\\/2021\\\/10\\\/Zacauilt-150x300.jpg\",\"contentUrl\":\"https:\\\/\\\/lospoliticosveracruz.com.mx\\\/wp-content\\\/uploads\\\/2021\\\/10\\\/Zacauilt-150x300.jpg\"},{\"@type\":\"BreadcrumbList\",\"@id\":\"https:\\\/\\\/lospoliticosveracruz.com\\\/?p=105526#breadcrumb\",\"itemListElement\":[{\"@type\":\"ListItem\",\"position\":1,\"name\":\"Portada\",\"item\":\"https:\\\/\\\/lospoliticosveracruz.com\\\/\"},{\"@type\":\"ListItem\",\"position\":2,\"name\":\"EL CARNAL MARCELO\"}]},{\"@type\":\"WebSite\",\"@id\":\"https:\\\/\\\/lospoliticosveracruz.com\\\/#website\",\"url\":\"https:\\\/\\\/lospoliticosveracruz.com\\\/\",\"name\":\"Los pol\u00edticos Veracruz\",\"description\":\"\",\"publisher\":{\"@id\":\"https:\\\/\\\/lospoliticosveracruz.com\\\/#organization\"},\"potentialAction\":[{\"@type\":\"SearchAction\",\"target\":{\"@type\":\"EntryPoint\",\"urlTemplate\":\"https:\\\/\\\/lospoliticosveracruz.com\\\/?s={search_term_string}\"},\"query-input\":{\"@type\":\"PropertyValueSpecification\",\"valueRequired\":true,\"valueName\":\"search_term_string\"}}],\"inLanguage\":\"es\"},{\"@type\":\"Organization\",\"@id\":\"https:\\\/\\\/lospoliticosveracruz.com\\\/#organization\",\"name\":\"Los pol\u00edticos Veracruz\",\"url\":\"https:\\\/\\\/lospoliticosveracruz.com\\\/\",\"logo\":{\"@type\":\"ImageObject\",\"inLanguage\":\"es\",\"@id\":\"https:\\\/\\\/lospoliticosveracruz.com\\\/#\\\/schema\\\/logo\\\/image\\\/\",\"url\":\"https:\\\/\\\/lospoliticosveracruz.com\\\/wp-content\\\/uploads\\\/2025\\\/12\\\/Logo-Nuevo-LOS-POLITICOS-1.jpg\",\"contentUrl\":\"https:\\\/\\\/lospoliticosveracruz.com\\\/wp-content\\\/uploads\\\/2025\\\/12\\\/Logo-Nuevo-LOS-POLITICOS-1.jpg\",\"width\":260,\"height\":70,\"caption\":\"Los pol\u00edticos Veracruz\"},\"image\":{\"@id\":\"https:\\\/\\\/lospoliticosveracruz.com\\\/#\\\/schema\\\/logo\\\/image\\\/\"},\"sameAs\":[\"https:\\\/\\\/www.facebook.com\\\/people\\\/Notimemes-de-los-Polticos\\\/61565672886568\\\/\",\"https:\\\/\\\/x.com\\\/LosPoliticosVer\"]},{\"@type\":\"Person\",\"@id\":\"https:\\\/\\\/lospoliticosveracruz.com\\\/#\\\/schema\\\/person\\\/b8702bb0e538456e6efd07080bf2a4a2\",\"name\":\"Lo viste en Los Pol\u00edticos\",\"image\":{\"@type\":\"ImageObject\",\"inLanguage\":\"es\",\"@id\":\"https:\\\/\\\/secure.gravatar.com\\\/avatar\\\/3a8de04a2656d44082be478bd6c086daa447c4651605818287b9532d3d0bd435?s=96&d=mm&r=g\",\"url\":\"https:\\\/\\\/secure.gravatar.com\\\/avatar\\\/3a8de04a2656d44082be478bd6c086daa447c4651605818287b9532d3d0bd435?s=96&d=mm&r=g\",\"contentUrl\":\"https:\\\/\\\/secure.gravatar.com\\\/avatar\\\/3a8de04a2656d44082be478bd6c086daa447c4651605818287b9532d3d0bd435?s=96&d=mm&r=g\",\"caption\":\"Lo viste en Los Pol\u00edticos\"},\"url\":\"https:\\\/\\\/lospoliticosveracruz.com\\\/?author=2\"}]}<\/script>\n<!-- \/ Yoast SEO plugin. -->","yoast_head_json":{"title":"EL CARNAL MARCELO - Los pol\u00edticos Veracruz","robots":{"index":"index","follow":"follow","max-snippet":"max-snippet:-1","max-image-preview":"max-image-preview:large","max-video-preview":"max-video-preview:-1"},"canonical":"https:\/\/lospoliticosveracruz.com\/?p=105526","og_locale":"es_ES","og_type":"article","og_title":"EL CARNAL MARCELO - Los pol\u00edticos Veracruz","og_description":"Omar Z\u00fa\u00f1igaDe Primera Mano \u201cAs\u00ed como fui el sucesor de Andr\u00e9s Manuel (L\u00f3pez Obrador) en el gobierno de la Ciudad de M\u00e9xico, tambi\u00e9n ser\u00e9 su sucesor en la Presidencia de la rep\u00fablica\u201d, dijo sin reparo la tercera corcholata Marcelo Ebrard Casaub\u00f3n, secretario de Relaciones Exteriores y aspirante a la candidatura presidencial de Morena, durante su [&hellip;]","og_url":"https:\/\/lospoliticosveracruz.com\/?p=105526","og_site_name":"Los pol\u00edticos Veracruz","article_publisher":"https:\/\/www.facebook.com\/people\/Notimemes-de-los-Polticos\/61565672886568\/","article_published_time":"2023-05-01T13:43:41+00:00","article_modified_time":"2023-05-01T13:43:48+00:00","og_image":[{"url":"https:\/\/lospoliticosveracruz.com.mx\/wp-content\/uploads\/2021\/10\/Zacauilt-150x300.jpg","type":"","width":"","height":""}],"author":"Lo viste en Los Pol\u00edticos","twitter_card":"summary_large_image","twitter_creator":"@LosPoliticosVer","twitter_site":"@LosPoliticosVer","twitter_misc":{"Escrito por":"Lo viste en Los Pol\u00edticos","Tiempo de lectura":"5 minutos"},"schema":{"@context":"https:\/\/schema.org","@graph":[{"@type":"Article","@id":"https:\/\/lospoliticosveracruz.com\/?p=105526#article","isPartOf":{"@id":"https:\/\/lospoliticosveracruz.com\/?p=105526"},"author":{"name":"Lo viste en Los Pol\u00edticos","@id":"https:\/\/lospoliticosveracruz.com\/#\/schema\/person\/b8702bb0e538456e6efd07080bf2a4a2"},"headline":"EL CARNAL MARCELO","datePublished":"2023-05-01T13:43:41+00:00","dateModified":"2023-05-01T13:43:48+00:00","mainEntityOfPage":{"@id":"https:\/\/lospoliticosveracruz.com\/?p=105526"},"wordCount":1015,"publisher":{"@id":"https:\/\/lospoliticosveracruz.com\/#organization"},"image":{"@id":"https:\/\/lospoliticosveracruz.com\/?p=105526#primaryimage"},"thumbnailUrl":"https:\/\/lospoliticosveracruz.com.mx\/wp-content\/uploads\/2021\/10\/Zacauilt-150x300.jpg","keywords":["Citlali Medell\u00edn","Cuitl\u00e1huac Garc\u00eda Jim\u00e9nez","Fernando Arteaga","Janneth Saucedo","Julen Rementer\u00eda","Marcelo Ebrard","Morena","Omar Z\u00fa\u00f1iga","To\u00f1o Luna Rosales","Veracruz"],"articleSection":["De Opini\u00f3n"],"inLanguage":"es"},{"@type":"WebPage","@id":"https:\/\/lospoliticosveracruz.com\/?p=105526","url":"https:\/\/lospoliticosveracruz.com\/?p=105526","name":"EL CARNAL MARCELO - Los pol\u00edticos Veracruz","isPartOf":{"@id":"https:\/\/lospoliticosveracruz.com\/#website"},"primaryImageOfPage":{"@id":"https:\/\/lospoliticosveracruz.com\/?p=105526#primaryimage"},"image":{"@id":"https:\/\/lospoliticosveracruz.com\/?p=105526#primaryimage"},"thumbnailUrl":"https:\/\/lospoliticosveracruz.com.mx\/wp-content\/uploads\/2021\/10\/Zacauilt-150x300.jpg","datePublished":"2023-05-01T13:43:41+00:00","dateModified":"2023-05-01T13:43:48+00:00","breadcrumb":{"@id":"https:\/\/lospoliticosveracruz.com\/?p=105526#breadcrumb"},"inLanguage":"es","potentialAction":[{"@type":"ReadAction","target":["https:\/\/lospoliticosveracruz.com\/?p=105526"]}]},{"@type":"ImageObject","inLanguage":"es","@id":"https:\/\/lospoliticosveracruz.com\/?p=105526#primaryimage","url":"https:\/\/lospoliticosveracruz.com.mx\/wp-content\/uploads\/2021\/10\/Zacauilt-150x300.jpg","contentUrl":"https:\/\/lospoliticosveracruz.com.mx\/wp-content\/uploads\/2021\/10\/Zacauilt-150x300.jpg"},{"@type":"BreadcrumbList","@id":"https:\/\/lospoliticosveracruz.com\/?p=105526#breadcrumb","itemListElement":[{"@type":"ListItem","position":1,"name":"Portada","item":"https:\/\/lospoliticosveracruz.com\/"},{"@type":"ListItem","position":2,"name":"EL CARNAL MARCELO"}]},{"@type":"WebSite","@id":"https:\/\/lospoliticosveracruz.com\/#website","url":"https:\/\/lospoliticosveracruz.com\/","name":"Los pol\u00edticos Veracruz","description":"","publisher":{"@id":"https:\/\/lospoliticosveracruz.com\/#organization"},"potentialAction":[{"@type":"SearchAction","target":{"@type":"EntryPoint","urlTemplate":"https:\/\/lospoliticosveracruz.com\/?s={search_term_string}"},"query-input":{"@type":"PropertyValueSpecification","valueRequired":true,"valueName":"search_term_string"}}],"inLanguage":"es"},{"@type":"Organization","@id":"https:\/\/lospoliticosveracruz.com\/#organization","name":"Los pol\u00edticos Veracruz","url":"https:\/\/lospoliticosveracruz.com\/","logo":{"@type":"ImageObject","inLanguage":"es","@id":"https:\/\/lospoliticosveracruz.com\/#\/schema\/logo\/image\/","url":"https:\/\/lospoliticosveracruz.com\/wp-content\/uploads\/2025\/12\/Logo-Nuevo-LOS-POLITICOS-1.jpg","contentUrl":"https:\/\/lospoliticosveracruz.com\/wp-content\/uploads\/2025\/12\/Logo-Nuevo-LOS-POLITICOS-1.jpg","width":260,"height":70,"caption":"Los pol\u00edticos Veracruz"},"image":{"@id":"https:\/\/lospoliticosveracruz.com\/#\/schema\/logo\/image\/"},"sameAs":["https:\/\/www.facebook.com\/people\/Notimemes-de-los-Polticos\/61565672886568\/","https:\/\/x.com\/LosPoliticosVer"]},{"@type":"Person","@id":"https:\/\/lospoliticosveracruz.com\/#\/schema\/person\/b8702bb0e538456e6efd07080bf2a4a2","name":"Lo viste en Los Pol\u00edticos","image":{"@type":"ImageObject","inLanguage":"es","@id":"https:\/\/secure.gravatar.com\/avatar\/3a8de04a2656d44082be478bd6c086daa447c4651605818287b9532d3d0bd435?s=96&d=mm&r=g","url":"https:\/\/secure.gravatar.com\/avatar\/3a8de04a2656d44082be478bd6c086daa447c4651605818287b9532d3d0bd435?s=96&d=mm&r=g","contentUrl":"https:\/\/secure.gravatar.com\/avatar\/3a8de04a2656d44082be478bd6c086daa447c4651605818287b9532d3d0bd435?s=96&d=mm&r=g","caption":"Lo viste en Los Pol\u00edticos"},"url":"https:\/\/lospoliticosveracruz.com\/?author=2"}]}},"_links":{"self":[{"href":"https:\/\/lospoliticosveracruz.com\/index.php?rest_route=\/wp\/v2\/posts\/105526","targetHints":{"allow":["GET"]}}],"collection":[{"href":"https:\/\/lospoliticosveracruz.com\/index.php?rest_route=\/wp\/v2\/posts"}],"about":[{"href":"https:\/\/lospoliticosveracruz.com\/index.php?rest_route=\/wp\/v2\/types\/post"}],"author":[{"embeddable":true,"href":"https:\/\/lospoliticosveracruz.com\/index.php?rest_route=\/wp\/v2\/users\/2"}],"replies":[{"embeddable":true,"href":"https:\/\/lospoliticosveracruz.com\/index.php?rest_route=%2Fwp%2Fv2%2Fcomments&post=105526"}],"version-history":[{"count":1,"href":"https:\/\/lospoliticosveracruz.com\/index.php?rest_route=\/wp\/v2\/posts\/105526\/revisions"}],"predecessor-version":[{"id":105528,"href":"https:\/\/lospoliticosveracruz.com\/index.php?rest_route=\/wp\/v2\/posts\/105526\/revisions\/105528"}],"wp:attachment":[{"href":"https:\/\/lospoliticosveracruz.com\/index.php?rest_route=%2Fwp%2Fv2%2Fmedia&parent=105526"}],"wp:term":[{"taxonomy":"category","embeddable":true,"href":"https:\/\/lospoliticosveracruz.com\/index.php?rest_route=%2Fwp%2Fv2%2Fcategories&post=105526"},{"taxonomy":"post_tag","embeddable":true,"href":"https:\/\/lospoliticosveracruz.com\/index.php?rest_route=%2Fwp%2Fv2%2Ftags&post=105526"}],"curies":[{"name":"wp","href":"https:\/\/api.w.org\/{rel}","templated":true}]}}