{"id":105533,"date":"2023-05-01T14:22:45","date_gmt":"2023-05-01T19:22:45","guid":{"rendered":"https:\/\/lospoliticosveracruz.com.mx\/?p=105533"},"modified":"2023-05-01T14:22:51","modified_gmt":"2023-05-01T19:22:51","slug":"inai-y-la-rendicion-de-cuentas-del-estado-mexicano","status":"publish","type":"post","link":"https:\/\/lospoliticosveracruz.com\/?p=105533","title":{"rendered":"INAI Y LA RENDICION DE CUENTAS DEL ESTADO MEXICANO"},"content":{"rendered":"\n<p><br><strong>Vicente Luna Hern\u00e1ndez<\/strong><\/p>\n\n\n\n<p>Ante el debate de los \u00faltimos d\u00edas sobre el INAI y todo lo que eso significa en beneficio de las y los ciudadanos, ante la instrucci\u00f3n girada a las y los senadores oficialistas por parte del presidente AMLO de desaparecer al Instituto mismo que ayer como opositor le serv\u00eda y hoy en el poder\u2026ya no, me permito dar un poco de luz a la Rep\u00fablica, de manera concreta hay que estar informados m\u00e1s all\u00e1 de las ma\u00f1aneras:<\/p>\n\n\n<div class=\"wp-block-image\">\n<figure class=\"alignleft size-full is-resized\"><a href=\"https:\/\/lospoliticosveracruz.com.mx\/wp-content\/uploads\/2023\/02\/Vinissimo.jpg\"><img loading=\"lazy\" decoding=\"async\" src=\"https:\/\/lospoliticosveracruz.com.mx\/wp-content\/uploads\/2023\/02\/Vinissimo.jpg\" alt=\"\" class=\"wp-image-102752\" width=\"175\" height=\"178\"\/><\/a><\/figure>\n<\/div>\n\n\n<p><br><strong>\u00bfQu\u00e9 significa el INAI?<br><\/strong>Es el Instituto Nacional de Acceso a la Informaci\u00f3n y Protecci\u00f3n de Datos Personales. Es organismo constitucional aut\u00f3nomo garante del cumplimiento de dos derechos fundamentales de los ciudadanos: el acceso a la informaci\u00f3n p\u00fablica y el de protecci\u00f3n de datos personales.<br><strong>FUNDAMENTO CONSTITUCIONAL:<\/strong><br>Art\u00edculo 6\u2026 El derecho a la informaci\u00f3n ser\u00e1 garantizado por el Estado. Toda persona tiene derecho al libre a libre acceso a informaci\u00f3n plural y oportuna, as\u00ed como a buscar, recibir, y difundir informaci\u00f3n e ideas de toda \u00edndole por cualquier medio de expresi\u00f3n.<br>Para efectos de lo dispuesto en el presente art\u00edculo se observara lo siguiente.<br>I. Toda la informaci\u00f3n en posesi\u00f3n de cualquier autoridad, entidad, \u00f3rgano y organismo de los Poderes Ejecutivo, Legislativo y Judicial, \u00f3rganos aut\u00f3nomos, partidos pol\u00edticos, fideicomisos y fondos p\u00fablicos, as\u00ed como de cualquier persona f\u00edsica, moral o sindicato que reciba y ejerza recursos p\u00fablicos o realice actos de autoridad en el \u00e1mbito federal, estatal y municipal, es p\u00fablica y s\u00f3lo podr\u00e1 ser reservada temporalmente por razones de inter\u00e9s p\u00fablico y seguridad nacional, en los t\u00e9rminos que fijen las leyes.<br>VIII. La Federaci\u00f3n contar\u00e1 con un organismo aut\u00f3nomo, especializado, imparcial, colegiado, con personalidad jur\u00eddica y patrimonio propio, con plena autonom\u00eda t\u00e9cnica, de gesti\u00f3n, capacidad para decidir sobre el ejercicio de su presupuesto y determinar su organizaci\u00f3n interna, responsable de garantizar el cumplimiento del derecho de acceso a la informaci\u00f3n p\u00fablica y a la protecci\u00f3n de datos personales en posesi\u00f3n de los sujetos obligados en los t\u00e9rminos que establezca la ley.<\/p>\n\n\n\n<p>El organismo garante se integra por siete comisionados. Para su nombramiento, la C\u00e1mara de Senadores, previa realizaci\u00f3n de una amplia consulta a la sociedad, a propuesta de los grupos parlamentarios, con el voto de las dos terceras partes de los miembros presentes, nombrar\u00e1 al comisionado que deba cubrir la vacante, siguiendo el proceso establecido en la ley. El nombramiento podr\u00e1 ser objetado por el Presidente de la Rep\u00fablica en un plazo de diez d\u00edas h\u00e1biles. Si el Presidente de la Rep\u00fablica no objetara el nombramiento dentro de dicho plazo, ocupar\u00e1 el cargo de comisionado la persona nombrada por el Senado de la Rep\u00fablica<br>Los comisionados duraran en su encargo 7 a\u00f1os, el comisionado Presidente ser\u00e1 designado por los propios comisionados por un periodo de 3 a\u00f1os.<br><strong>LEY GENERAL DE TRANSPARENCIA Y ACCESO A LA INFORMACI\u00d3N P\u00daBLICA<\/strong><br>Art\u00edculo 28. El Sistema Nacional de Transparencia se integra por el conjunto org\u00e1nico y articulado de sus miembros, procedimientos, instrumentos y pol\u00edticas, con el objeto de fortalecer la rendici\u00f3n de cuentas del Estado mexicano<br>Art\u00edculo 30. Son parte integrante del Sistema Nacional: I. El Instituto; II. Los Organismos garantes de las Entidades Federativas; III. La Auditor\u00eda Superior de la Federaci\u00f3n; IV. El Archivo General de la Naci\u00f3n, y V. El Instituto Nacional de Estad\u00edstica y Geograf\u00eda.<br><strong>LEY FEDERAL DE TRANSPARENCIA Y ACCESO A LA INFORMACION<\/strong><br>Art\u00edculo 3. Toda la informaci\u00f3n generada, obtenida, adquirida, transformada o en posesi\u00f3n de los sujetos obligados en el \u00e1mbito federal, a que se refiere la Ley General de Transparencia y Acceso a la Informaci\u00f3n P\u00fablica y esta Ley, es p\u00fablica, accesible a cualquier persona y s\u00f3lo podr\u00e1 ser clasificada excepcionalmente como reservada de forma temporal por razones de inter\u00e9s p\u00fablico y seguridad nacional o bien, como confidencial. Los particulares tendr\u00e1n acceso a la misma en los t\u00e9rminos que estas leyes se\u00f1alan.<br>El derecho humano de acceso a la informaci\u00f3n comprende solicitar, investigar, difundir, buscar y recibir informaci\u00f3n.<br>El art\u00edculo 33 establece que el pleno del Instituto deber\u00e1 estar conformado por 7 comisionados con voz y voto, y que las sesiones que realice ser\u00e1n validas con la asistencia de por lo menos 5 integrantes, incluyendo al comisionado presidente.<\/p>\n\n\n\n<p>Conclusi\u00f3n: Actualmente el Instituto est\u00e1 integrado por 4 comisionados, ah\u00ed radica la necedad y violaci\u00f3n a la constituci\u00f3n de las y los senadores de Morena, PT y PVEM, de no nombrar aunque sea un comisionado, su mundo ideal \u2013 seg\u00fan palabras del secretario de gobernaci\u00f3n &#8211; es que el Instituto no opere, no funcione y no cumpla con sus obligaciones constitucionales, la transformaci\u00f3n en su m\u00e1ximo esplendor.<br>P.D.- Con el \u00e1nimo que la sociedad en general sepa lo que representa el INAI en un Estado democr\u00e1tico\u2026Escribir\u00e9 otro d\u00eda.<\/p>\n","protected":false},"excerpt":{"rendered":"<p>Vicente Luna Hern\u00e1ndez Ante el debate de los \u00faltimos d\u00edas sobre el INAI y todo lo que eso significa en beneficio de las y los ciudadanos, ante la instrucci\u00f3n girada a las y los senadores oficialistas por parte del presidente AMLO de desaparecer al Instituto mismo que ayer como opositor le serv\u00eda y hoy en [&hellip;]<\/p>\n","protected":false},"author":2,"featured_media":0,"comment_status":"closed","ping_status":"closed","sticky":false,"template":"","format":"standard","meta":{"tdm_status":"","tdm_grid_status":"","footnotes":""},"categories":[70],"tags":[618,10310,1026,1067],"class_list":{"0":"post-105533","1":"post","2":"type-post","3":"status-publish","4":"format-standard","6":"category-de-opinion","7":"tag-andres-manuel-lopez-obrador","8":"tag-inai","9":"tag-morena","10":"tag-transparencia"},"yoast_head":"<!-- This site is optimized with the Yoast SEO plugin v27.4 - https:\/\/yoast.com\/product\/yoast-seo-wordpress\/ -->\n<title>INAI Y LA RENDICION DE CUENTAS DEL ESTADO MEXICANO - Los pol\u00edticos Veracruz<\/title>\n<meta name=\"robots\" content=\"index, follow, max-snippet:-1, max-image-preview:large, max-video-preview:-1\" \/>\n<link rel=\"canonical\" href=\"https:\/\/lospoliticosveracruz.com\/?p=105533\" \/>\n<meta property=\"og:locale\" content=\"es_ES\" \/>\n<meta property=\"og:type\" content=\"article\" \/>\n<meta property=\"og:title\" content=\"INAI Y LA RENDICION DE CUENTAS DEL ESTADO MEXICANO - Los pol\u00edticos Veracruz\" \/>\n<meta property=\"og:description\" content=\"Vicente Luna Hern\u00e1ndez Ante el debate de los \u00faltimos d\u00edas sobre el INAI y todo lo que eso significa en beneficio de las y los ciudadanos, ante la instrucci\u00f3n girada a las y los senadores oficialistas por parte del presidente AMLO de desaparecer al Instituto mismo que ayer como opositor le serv\u00eda y hoy en [&hellip;]\" \/>\n<meta property=\"og:url\" content=\"https:\/\/lospoliticosveracruz.com\/?p=105533\" \/>\n<meta property=\"og:site_name\" content=\"Los pol\u00edticos Veracruz\" \/>\n<meta property=\"article:publisher\" content=\"https:\/\/www.facebook.com\/people\/Notimemes-de-los-Polticos\/61565672886568\/\" \/>\n<meta property=\"article:published_time\" content=\"2023-05-01T19:22:45+00:00\" \/>\n<meta property=\"article:modified_time\" content=\"2023-05-01T19:22:51+00:00\" \/>\n<meta property=\"og:image\" content=\"https:\/\/lospoliticosveracruz.com.mx\/wp-content\/uploads\/2023\/02\/Vinissimo.jpg\" \/>\n<meta name=\"author\" content=\"Lo viste en Los Pol\u00edticos\" \/>\n<meta name=\"twitter:card\" content=\"summary_large_image\" \/>\n<meta name=\"twitter:creator\" content=\"@LosPoliticosVer\" \/>\n<meta name=\"twitter:site\" content=\"@LosPoliticosVer\" \/>\n<meta name=\"twitter:label1\" content=\"Escrito por\" \/>\n\t<meta name=\"twitter:data1\" content=\"Lo viste en Los Pol\u00edticos\" \/>\n\t<meta name=\"twitter:label2\" content=\"Tiempo de lectura\" \/>\n\t<meta name=\"twitter:data2\" content=\"4 minutos\" \/>\n<script type=\"application\/ld+json\" class=\"yoast-schema-graph\">{\"@context\":\"https:\\\/\\\/schema.org\",\"@graph\":[{\"@type\":\"Article\",\"@id\":\"https:\\\/\\\/lospoliticosveracruz.com\\\/?p=105533#article\",\"isPartOf\":{\"@id\":\"https:\\\/\\\/lospoliticosveracruz.com\\\/?p=105533\"},\"author\":{\"name\":\"Lo viste en Los Pol\u00edticos\",\"@id\":\"https:\\\/\\\/lospoliticosveracruz.com\\\/#\\\/schema\\\/person\\\/b8702bb0e538456e6efd07080bf2a4a2\"},\"headline\":\"INAI Y LA RENDICION DE CUENTAS DEL ESTADO MEXICANO\",\"datePublished\":\"2023-05-01T19:22:45+00:00\",\"dateModified\":\"2023-05-01T19:22:51+00:00\",\"mainEntityOfPage\":{\"@id\":\"https:\\\/\\\/lospoliticosveracruz.com\\\/?p=105533\"},\"wordCount\":867,\"publisher\":{\"@id\":\"https:\\\/\\\/lospoliticosveracruz.com\\\/#organization\"},\"image\":{\"@id\":\"https:\\\/\\\/lospoliticosveracruz.com\\\/?p=105533#primaryimage\"},\"thumbnailUrl\":\"https:\\\/\\\/lospoliticosveracruz.com.mx\\\/wp-content\\\/uploads\\\/2023\\\/02\\\/Vinissimo.jpg\",\"keywords\":[\"Andr\u00e9s Manuel L\u00f3pez Obrador\",\"INAI\",\"Morena\",\"transparencia\"],\"articleSection\":[\"De Opini\u00f3n\"],\"inLanguage\":\"es\"},{\"@type\":\"WebPage\",\"@id\":\"https:\\\/\\\/lospoliticosveracruz.com\\\/?p=105533\",\"url\":\"https:\\\/\\\/lospoliticosveracruz.com\\\/?p=105533\",\"name\":\"INAI Y LA RENDICION DE CUENTAS DEL ESTADO MEXICANO - Los pol\u00edticos Veracruz\",\"isPartOf\":{\"@id\":\"https:\\\/\\\/lospoliticosveracruz.com\\\/#website\"},\"primaryImageOfPage\":{\"@id\":\"https:\\\/\\\/lospoliticosveracruz.com\\\/?p=105533#primaryimage\"},\"image\":{\"@id\":\"https:\\\/\\\/lospoliticosveracruz.com\\\/?p=105533#primaryimage\"},\"thumbnailUrl\":\"https:\\\/\\\/lospoliticosveracruz.com.mx\\\/wp-content\\\/uploads\\\/2023\\\/02\\\/Vinissimo.jpg\",\"datePublished\":\"2023-05-01T19:22:45+00:00\",\"dateModified\":\"2023-05-01T19:22:51+00:00\",\"breadcrumb\":{\"@id\":\"https:\\\/\\\/lospoliticosveracruz.com\\\/?p=105533#breadcrumb\"},\"inLanguage\":\"es\",\"potentialAction\":[{\"@type\":\"ReadAction\",\"target\":[\"https:\\\/\\\/lospoliticosveracruz.com\\\/?p=105533\"]}]},{\"@type\":\"ImageObject\",\"inLanguage\":\"es\",\"@id\":\"https:\\\/\\\/lospoliticosveracruz.com\\\/?p=105533#primaryimage\",\"url\":\"https:\\\/\\\/lospoliticosveracruz.com.mx\\\/wp-content\\\/uploads\\\/2023\\\/02\\\/Vinissimo.jpg\",\"contentUrl\":\"https:\\\/\\\/lospoliticosveracruz.com.mx\\\/wp-content\\\/uploads\\\/2023\\\/02\\\/Vinissimo.jpg\"},{\"@type\":\"BreadcrumbList\",\"@id\":\"https:\\\/\\\/lospoliticosveracruz.com\\\/?p=105533#breadcrumb\",\"itemListElement\":[{\"@type\":\"ListItem\",\"position\":1,\"name\":\"Portada\",\"item\":\"https:\\\/\\\/lospoliticosveracruz.com\\\/\"},{\"@type\":\"ListItem\",\"position\":2,\"name\":\"INAI Y LA RENDICION DE CUENTAS DEL ESTADO MEXICANO\"}]},{\"@type\":\"WebSite\",\"@id\":\"https:\\\/\\\/lospoliticosveracruz.com\\\/#website\",\"url\":\"https:\\\/\\\/lospoliticosveracruz.com\\\/\",\"name\":\"Los pol\u00edticos Veracruz\",\"description\":\"\",\"publisher\":{\"@id\":\"https:\\\/\\\/lospoliticosveracruz.com\\\/#organization\"},\"potentialAction\":[{\"@type\":\"SearchAction\",\"target\":{\"@type\":\"EntryPoint\",\"urlTemplate\":\"https:\\\/\\\/lospoliticosveracruz.com\\\/?s={search_term_string}\"},\"query-input\":{\"@type\":\"PropertyValueSpecification\",\"valueRequired\":true,\"valueName\":\"search_term_string\"}}],\"inLanguage\":\"es\"},{\"@type\":\"Organization\",\"@id\":\"https:\\\/\\\/lospoliticosveracruz.com\\\/#organization\",\"name\":\"Los pol\u00edticos Veracruz\",\"url\":\"https:\\\/\\\/lospoliticosveracruz.com\\\/\",\"logo\":{\"@type\":\"ImageObject\",\"inLanguage\":\"es\",\"@id\":\"https:\\\/\\\/lospoliticosveracruz.com\\\/#\\\/schema\\\/logo\\\/image\\\/\",\"url\":\"https:\\\/\\\/lospoliticosveracruz.com\\\/wp-content\\\/uploads\\\/2025\\\/12\\\/Logo-Nuevo-LOS-POLITICOS-1.jpg\",\"contentUrl\":\"https:\\\/\\\/lospoliticosveracruz.com\\\/wp-content\\\/uploads\\\/2025\\\/12\\\/Logo-Nuevo-LOS-POLITICOS-1.jpg\",\"width\":260,\"height\":70,\"caption\":\"Los pol\u00edticos Veracruz\"},\"image\":{\"@id\":\"https:\\\/\\\/lospoliticosveracruz.com\\\/#\\\/schema\\\/logo\\\/image\\\/\"},\"sameAs\":[\"https:\\\/\\\/www.facebook.com\\\/people\\\/Notimemes-de-los-Polticos\\\/61565672886568\\\/\",\"https:\\\/\\\/x.com\\\/LosPoliticosVer\"]},{\"@type\":\"Person\",\"@id\":\"https:\\\/\\\/lospoliticosveracruz.com\\\/#\\\/schema\\\/person\\\/b8702bb0e538456e6efd07080bf2a4a2\",\"name\":\"Lo viste en Los Pol\u00edticos\",\"image\":{\"@type\":\"ImageObject\",\"inLanguage\":\"es\",\"@id\":\"https:\\\/\\\/secure.gravatar.com\\\/avatar\\\/3a8de04a2656d44082be478bd6c086daa447c4651605818287b9532d3d0bd435?s=96&d=mm&r=g\",\"url\":\"https:\\\/\\\/secure.gravatar.com\\\/avatar\\\/3a8de04a2656d44082be478bd6c086daa447c4651605818287b9532d3d0bd435?s=96&d=mm&r=g\",\"contentUrl\":\"https:\\\/\\\/secure.gravatar.com\\\/avatar\\\/3a8de04a2656d44082be478bd6c086daa447c4651605818287b9532d3d0bd435?s=96&d=mm&r=g\",\"caption\":\"Lo viste en Los Pol\u00edticos\"},\"url\":\"https:\\\/\\\/lospoliticosveracruz.com\\\/?author=2\"}]}<\/script>\n<!-- \/ Yoast SEO plugin. -->","yoast_head_json":{"title":"INAI Y LA RENDICION DE CUENTAS DEL ESTADO MEXICANO - Los pol\u00edticos Veracruz","robots":{"index":"index","follow":"follow","max-snippet":"max-snippet:-1","max-image-preview":"max-image-preview:large","max-video-preview":"max-video-preview:-1"},"canonical":"https:\/\/lospoliticosveracruz.com\/?p=105533","og_locale":"es_ES","og_type":"article","og_title":"INAI Y LA RENDICION DE CUENTAS DEL ESTADO MEXICANO - Los pol\u00edticos Veracruz","og_description":"Vicente Luna Hern\u00e1ndez Ante el debate de los \u00faltimos d\u00edas sobre el INAI y todo lo que eso significa en beneficio de las y los ciudadanos, ante la instrucci\u00f3n girada a las y los senadores oficialistas por parte del presidente AMLO de desaparecer al Instituto mismo que ayer como opositor le serv\u00eda y hoy en [&hellip;]","og_url":"https:\/\/lospoliticosveracruz.com\/?p=105533","og_site_name":"Los pol\u00edticos Veracruz","article_publisher":"https:\/\/www.facebook.com\/people\/Notimemes-de-los-Polticos\/61565672886568\/","article_published_time":"2023-05-01T19:22:45+00:00","article_modified_time":"2023-05-01T19:22:51+00:00","og_image":[{"url":"https:\/\/lospoliticosveracruz.com.mx\/wp-content\/uploads\/2023\/02\/Vinissimo.jpg","type":"","width":"","height":""}],"author":"Lo viste en Los Pol\u00edticos","twitter_card":"summary_large_image","twitter_creator":"@LosPoliticosVer","twitter_site":"@LosPoliticosVer","twitter_misc":{"Escrito por":"Lo viste en Los Pol\u00edticos","Tiempo de lectura":"4 minutos"},"schema":{"@context":"https:\/\/schema.org","@graph":[{"@type":"Article","@id":"https:\/\/lospoliticosveracruz.com\/?p=105533#article","isPartOf":{"@id":"https:\/\/lospoliticosveracruz.com\/?p=105533"},"author":{"name":"Lo viste en Los Pol\u00edticos","@id":"https:\/\/lospoliticosveracruz.com\/#\/schema\/person\/b8702bb0e538456e6efd07080bf2a4a2"},"headline":"INAI Y LA RENDICION DE CUENTAS DEL ESTADO MEXICANO","datePublished":"2023-05-01T19:22:45+00:00","dateModified":"2023-05-01T19:22:51+00:00","mainEntityOfPage":{"@id":"https:\/\/lospoliticosveracruz.com\/?p=105533"},"wordCount":867,"publisher":{"@id":"https:\/\/lospoliticosveracruz.com\/#organization"},"image":{"@id":"https:\/\/lospoliticosveracruz.com\/?p=105533#primaryimage"},"thumbnailUrl":"https:\/\/lospoliticosveracruz.com.mx\/wp-content\/uploads\/2023\/02\/Vinissimo.jpg","keywords":["Andr\u00e9s Manuel L\u00f3pez Obrador","INAI","Morena","transparencia"],"articleSection":["De Opini\u00f3n"],"inLanguage":"es"},{"@type":"WebPage","@id":"https:\/\/lospoliticosveracruz.com\/?p=105533","url":"https:\/\/lospoliticosveracruz.com\/?p=105533","name":"INAI Y LA RENDICION DE CUENTAS DEL ESTADO MEXICANO - Los pol\u00edticos Veracruz","isPartOf":{"@id":"https:\/\/lospoliticosveracruz.com\/#website"},"primaryImageOfPage":{"@id":"https:\/\/lospoliticosveracruz.com\/?p=105533#primaryimage"},"image":{"@id":"https:\/\/lospoliticosveracruz.com\/?p=105533#primaryimage"},"thumbnailUrl":"https:\/\/lospoliticosveracruz.com.mx\/wp-content\/uploads\/2023\/02\/Vinissimo.jpg","datePublished":"2023-05-01T19:22:45+00:00","dateModified":"2023-05-01T19:22:51+00:00","breadcrumb":{"@id":"https:\/\/lospoliticosveracruz.com\/?p=105533#breadcrumb"},"inLanguage":"es","potentialAction":[{"@type":"ReadAction","target":["https:\/\/lospoliticosveracruz.com\/?p=105533"]}]},{"@type":"ImageObject","inLanguage":"es","@id":"https:\/\/lospoliticosveracruz.com\/?p=105533#primaryimage","url":"https:\/\/lospoliticosveracruz.com.mx\/wp-content\/uploads\/2023\/02\/Vinissimo.jpg","contentUrl":"https:\/\/lospoliticosveracruz.com.mx\/wp-content\/uploads\/2023\/02\/Vinissimo.jpg"},{"@type":"BreadcrumbList","@id":"https:\/\/lospoliticosveracruz.com\/?p=105533#breadcrumb","itemListElement":[{"@type":"ListItem","position":1,"name":"Portada","item":"https:\/\/lospoliticosveracruz.com\/"},{"@type":"ListItem","position":2,"name":"INAI Y LA RENDICION DE CUENTAS DEL ESTADO MEXICANO"}]},{"@type":"WebSite","@id":"https:\/\/lospoliticosveracruz.com\/#website","url":"https:\/\/lospoliticosveracruz.com\/","name":"Los pol\u00edticos Veracruz","description":"","publisher":{"@id":"https:\/\/lospoliticosveracruz.com\/#organization"},"potentialAction":[{"@type":"SearchAction","target":{"@type":"EntryPoint","urlTemplate":"https:\/\/lospoliticosveracruz.com\/?s={search_term_string}"},"query-input":{"@type":"PropertyValueSpecification","valueRequired":true,"valueName":"search_term_string"}}],"inLanguage":"es"},{"@type":"Organization","@id":"https:\/\/lospoliticosveracruz.com\/#organization","name":"Los pol\u00edticos Veracruz","url":"https:\/\/lospoliticosveracruz.com\/","logo":{"@type":"ImageObject","inLanguage":"es","@id":"https:\/\/lospoliticosveracruz.com\/#\/schema\/logo\/image\/","url":"https:\/\/lospoliticosveracruz.com\/wp-content\/uploads\/2025\/12\/Logo-Nuevo-LOS-POLITICOS-1.jpg","contentUrl":"https:\/\/lospoliticosveracruz.com\/wp-content\/uploads\/2025\/12\/Logo-Nuevo-LOS-POLITICOS-1.jpg","width":260,"height":70,"caption":"Los pol\u00edticos Veracruz"},"image":{"@id":"https:\/\/lospoliticosveracruz.com\/#\/schema\/logo\/image\/"},"sameAs":["https:\/\/www.facebook.com\/people\/Notimemes-de-los-Polticos\/61565672886568\/","https:\/\/x.com\/LosPoliticosVer"]},{"@type":"Person","@id":"https:\/\/lospoliticosveracruz.com\/#\/schema\/person\/b8702bb0e538456e6efd07080bf2a4a2","name":"Lo viste en Los Pol\u00edticos","image":{"@type":"ImageObject","inLanguage":"es","@id":"https:\/\/secure.gravatar.com\/avatar\/3a8de04a2656d44082be478bd6c086daa447c4651605818287b9532d3d0bd435?s=96&d=mm&r=g","url":"https:\/\/secure.gravatar.com\/avatar\/3a8de04a2656d44082be478bd6c086daa447c4651605818287b9532d3d0bd435?s=96&d=mm&r=g","contentUrl":"https:\/\/secure.gravatar.com\/avatar\/3a8de04a2656d44082be478bd6c086daa447c4651605818287b9532d3d0bd435?s=96&d=mm&r=g","caption":"Lo viste en Los Pol\u00edticos"},"url":"https:\/\/lospoliticosveracruz.com\/?author=2"}]}},"_links":{"self":[{"href":"https:\/\/lospoliticosveracruz.com\/index.php?rest_route=\/wp\/v2\/posts\/105533","targetHints":{"allow":["GET"]}}],"collection":[{"href":"https:\/\/lospoliticosveracruz.com\/index.php?rest_route=\/wp\/v2\/posts"}],"about":[{"href":"https:\/\/lospoliticosveracruz.com\/index.php?rest_route=\/wp\/v2\/types\/post"}],"author":[{"embeddable":true,"href":"https:\/\/lospoliticosveracruz.com\/index.php?rest_route=\/wp\/v2\/users\/2"}],"replies":[{"embeddable":true,"href":"https:\/\/lospoliticosveracruz.com\/index.php?rest_route=%2Fwp%2Fv2%2Fcomments&post=105533"}],"version-history":[{"count":1,"href":"https:\/\/lospoliticosveracruz.com\/index.php?rest_route=\/wp\/v2\/posts\/105533\/revisions"}],"predecessor-version":[{"id":105534,"href":"https:\/\/lospoliticosveracruz.com\/index.php?rest_route=\/wp\/v2\/posts\/105533\/revisions\/105534"}],"wp:attachment":[{"href":"https:\/\/lospoliticosveracruz.com\/index.php?rest_route=%2Fwp%2Fv2%2Fmedia&parent=105533"}],"wp:term":[{"taxonomy":"category","embeddable":true,"href":"https:\/\/lospoliticosveracruz.com\/index.php?rest_route=%2Fwp%2Fv2%2Fcategories&post=105533"},{"taxonomy":"post_tag","embeddable":true,"href":"https:\/\/lospoliticosveracruz.com\/index.php?rest_route=%2Fwp%2Fv2%2Ftags&post=105533"}],"curies":[{"name":"wp","href":"https:\/\/api.w.org\/{rel}","templated":true}]}}