{"id":105709,"date":"2023-05-05T08:50:09","date_gmt":"2023-05-05T13:50:09","guid":{"rendered":"https:\/\/lospoliticosveracruz.com.mx\/?p=105709"},"modified":"2023-05-05T08:50:20","modified_gmt":"2023-05-05T13:50:20","slug":"se-le-cayo-a-jose-manuel-del-rio-virgen","status":"publish","type":"post","link":"https:\/\/lospoliticosveracruz.com\/?p=105709","title":{"rendered":"\u00bfSE LE CAY\u00d3 A JOS\u00c9 MANUEL DEL R\u00cdO VIRGEN?"},"content":{"rendered":"\n<p><\/p>\n\n\n\n<p><strong>Ricardo Chua<br><\/strong><em>Sale y Vale<\/em><\/p>\n\n\n\n<p><em><br><\/em><strong>\u00bfSE LE CAY\u00d3 A JOS\u00c9 MANUEL DEL R\u00cdO VIRGEN? \u00abNO SER NADA\u00bb\u2026<\/strong> Despu\u00e9s que Ricardo Monreal, el otrora poderoso l\u00edder del Senado, apoy\u00f3 el m\u00e9todo para elegir al candidato a la Presidencia en 2024 por MORENA, a pesar que siempre se mostr\u00f3 en contra.. Despu\u00e9s que Monreal dijo que prefiere \u00abno ser nada\u00bb antes de traicionar a Andr\u00e9s Manuel L\u00f3pez Obrador.. Uno de los \u00abda\u00f1os colaterales\u00bb de esta \u00abentrega\u00bb y mensaje del zacatecano es: Jos\u00e9 Manuel del R\u00edo Virgen, su secretario T\u00e9cnico de la Junta de Coordinaci\u00f3n Pol\u00edtica del Senado..<\/p>\n\n\n\n<figure class=\"wp-block-image size-full\"><a href=\"https:\/\/lospoliticosveracruz.com.mx\/wp-content\/uploads\/2022\/05\/Seguro-Julio-Cerecedo.jpg\"><img decoding=\"async\" src=\"https:\/\/lospoliticosveracruz.com.mx\/wp-content\/uploads\/2022\/05\/Seguro-Julio-Cerecedo.jpg\" alt=\"\" class=\"wp-image-90414\"\/><\/a><\/figure>\n\n\n\n<p>Esto dado que grupos en Movimiento Ciudadano (Partido al que pertenece) y algunos partidos de oposici\u00f3n en Veracruz\u2026 Hab\u00edan visto de Del R\u00edo Virgen una posible opci\u00f3n a la gubernatura de Veracruz en 2024\u2026 Todo por el tema legal y pol\u00edtico que se vio inmerso el oriundo de Tecolutla hace dos a\u00f1os en la entidad, cuando lo acusaron de ser autor intelectual de un crimen en el norte del Estado.. Y por lo cual estuvo preso en una c\u00e1rcel en la entidad.. Donde este asunto le gener\u00f3 gran exposici\u00f3n medi\u00e1tica.. Y se hizo famoso como preso pol\u00edtico..<\/p>\n\n\n\n<p>Lo cual tambi\u00e9n signific\u00f3 tener un enfrentamiento pol\u00edtico con los miembros de Palacio de Gobierno en Xalapa y los de MORENA\u2026 Adem\u00e1s por ser defendido desde el Senado por Monreal y sus senadores aliados.. Lo llevaron a colocarlo como el enemigo p\u00fablico n\u00famero uno de Cuitl\u00e1huac Garc\u00eda y Eric Cisneros Burgos.. Por lo tanto, se convirti\u00f3 en un prospecto pol\u00edtico por la oposici\u00f3n al 2024\u2026Sobre todo por la disputa contra el gobernador\u2026 Pero ahora eso parece s\u00f3lo ser un recuerdo muy lejano..<\/p>\n\n\n\n<p>Ya que por el \u00absometimiento\u00bb de Ricardo Monreal a las \u00abfuerzas vivas\u00bb de MORENA, que por 5 a\u00f1os combati\u00f3, donde seguramente todo eso le ser\u00e1 retribuido pol\u00edticamente\u2026 Porque en pol\u00edtica nada es gratis y todo tiene un precio.. Dif\u00edcilmente Del R\u00edo Virgen podr\u00e1 \u00abpelearle\u00bb algo a Cuitl\u00e1huac Garc\u00eda por haberlo tenido encarcelado por algunos meses\u2026 Ya que el veracruzano es un gobernador muy cercano al Presidente.. Y ya Monreal, despu\u00e9s de ayer, lo tendr\u00e1 que dejar en paz\u2026 Del R\u00edo ni se diga.. EL JEFE ES EL JEFE..<\/p>\n\n\n\n<p>Si Ricardo Monreal hace alg\u00fan se\u00f1alamiento, ataca, denosta o hace un mal comentario a Cuitl\u00e1huac Garc\u00eda.. Ser\u00eda como TRAICIONAR al Presidente de M\u00e9xico.. Ya que Cuitl\u00e1huac es una \u00abfuente\u00bb inagotable de recursos a la federaci\u00f3n por los subejercicios pero sobre todo es un gobernador que AMLO siempre protege y le levanta las manos, entonces, contra el xalape\u00f1o nada, al menos, Ricardo Monreal y Jos\u00e9 Manuel del R\u00edo Virgen, NO.. Veremos si Del R\u00edo Virgen, en su momento, le levanta la mano a Roc\u00edo Nahle.. SI EL JEFE LO HACE\u2026 AMEN..<\/p>\n\n\n\n<p><strong>VERACRUZ, DECISI\u00d3N DE AMLO\u2026<\/strong> De nuevo nadie debe \u00abhacerse bolas\u00bb sobre qui\u00e9n podr\u00eda ser el candidato a gobernador de Veracruz en 2024 por MORENA\u2026 Esa decisi\u00f3n la tomar\u00e1 directamente el Presidente, Andr\u00e9s Manuel L\u00f3pez Obrador y nadie m\u00e1s\u2026 S\u00f3lo AMLO, no Cuitl\u00e1huac Garc\u00eda, menos Eric Cisneros.. NADIE.. Mucho menos, Mario Delgado, \u00e9l s\u00f3lo har\u00e1 el anuncio que le hagan llegar de Palacio Nacional.. S\u00f3lo ser\u00e1 el vocero..<\/p>\n\n\n\n<p>Adem\u00e1s es una falacia esa versi\u00f3n que andan diciendo, de que ser\u00e1 el gobernador, Cuitl\u00e1huac Garc\u00eda Jim\u00e9nez, ser\u00e1 uno de los que llevar\u00e1 mano para decidir entre todos los aspirantes, qui\u00e9n podr\u00eda ser su sucesor\u2026 Pero eso no significa que tenga la fuerza para poder VETAR a alguien\u2026 NO TIENE ESE PODER en Palacio Nacional.. Y el CEN de MORENA, Mario Delgado lo tiene bloqueado para el tema de las candidaturas..<\/p>\n\n\n\n<p>Los que conocen bien a L\u00f3pez Obrador, tienen la certeza que antes de sus amigos o afectos, est\u00e1 su proyecto de continuidad en el pa\u00eds y en los estados.. Y si una persona, sea qui\u00e9n sea, no le garantiza esa continuidad o pone en riesgo la sucesi\u00f3n de la 4T en un Estado.. Simplemente no lo postula.. Y en eso, Cuitl\u00e1huac Garc\u00eda o cualquier otro personaje no toca \u00abni baranda\u00bb en el tema.. S\u00f3lo AMLO es el que toma la decisi\u00f3n y listo.. Al estilo del \u00abViejo R\u00e9gimen\u00bb y con MORENA y L\u00f3pez Obrador no es diferente\u2026<\/p>\n\n\n\n<p>As\u00ed que aquellos que tienen la idea que el gobernador \u00abjarocho\u00bb tendr\u00e1 \u00abvoz y voto\u00bb en la sucesi\u00f3n\u2026 S\u00f3lo recuerden el caso de Fernando \u00abEl Pulpo\u00bb Remes en Poza Rica.. Donde Cuitl\u00e1huac quer\u00eda de candidata a alcalde a c.. Pero el amigo de L\u00f3pez Obrador, se opuso y dijo que la \u00fanica condici\u00f3n de participar era como alcalde.. De otra manera no\u2026 Eso bast\u00f3 para que AMLO ordenar\u00e1 a Mario Delgado nominarlo por MORENA y Cuitl\u00e1huac qued\u00f3 como espectador\u2026 ASI SUCEDER\u00c1 EN 2024\u2026 El candidato a gobernador lo pone \u00e9l\u2026 AMEN<\/p>\n","protected":false},"excerpt":{"rendered":"<p>Ricardo ChuaSale y Vale \u00bfSE LE CAY\u00d3 A JOS\u00c9 MANUEL DEL R\u00cdO VIRGEN? \u00abNO SER NADA\u00bb\u2026 Despu\u00e9s que Ricardo Monreal, el otrora poderoso l\u00edder del Senado, apoy\u00f3 el m\u00e9todo para elegir al candidato a la Presidencia en 2024 por MORENA, a pesar que siempre se mostr\u00f3 en contra.. Despu\u00e9s que Monreal dijo que prefiere \u00abno [&hellip;]<\/p>\n","protected":false},"author":2,"featured_media":0,"comment_status":"closed","ping_status":"closed","sticky":false,"template":"","format":"standard","meta":{"tdm_status":"","tdm_grid_status":"","footnotes":""},"categories":[70],"tags":[618,1563,7909,1026,2327,10353,195],"class_list":{"0":"post-105709","1":"post","2":"type-post","3":"status-publish","4":"format-standard","6":"category-de-opinion","7":"tag-andres-manuel-lopez-obrador","8":"tag-cuitlahuac-garcia-jimenez","9":"tag-jose-manuel-del-rio-virgen","10":"tag-morena","11":"tag-movimiento-ciudadano","12":"tag-ricardo-monreal","13":"tag-veracruz"},"yoast_head":"<!-- This site is optimized with the Yoast SEO plugin v27.4 - https:\/\/yoast.com\/product\/yoast-seo-wordpress\/ -->\n<title>\u00bfSE LE CAY\u00d3 A JOS\u00c9 MANUEL DEL R\u00cdO VIRGEN? - Los pol\u00edticos Veracruz<\/title>\n<meta name=\"robots\" content=\"index, follow, max-snippet:-1, max-image-preview:large, max-video-preview:-1\" \/>\n<link rel=\"canonical\" href=\"https:\/\/lospoliticosveracruz.com\/?p=105709\" \/>\n<meta property=\"og:locale\" content=\"es_ES\" \/>\n<meta property=\"og:type\" content=\"article\" \/>\n<meta property=\"og:title\" content=\"\u00bfSE LE CAY\u00d3 A JOS\u00c9 MANUEL DEL R\u00cdO VIRGEN? - Los pol\u00edticos Veracruz\" \/>\n<meta property=\"og:description\" content=\"Ricardo ChuaSale y Vale \u00bfSE LE CAY\u00d3 A JOS\u00c9 MANUEL DEL R\u00cdO VIRGEN? \u00abNO SER NADA\u00bb\u2026 Despu\u00e9s que Ricardo Monreal, el otrora poderoso l\u00edder del Senado, apoy\u00f3 el m\u00e9todo para elegir al candidato a la Presidencia en 2024 por MORENA, a pesar que siempre se mostr\u00f3 en contra.. Despu\u00e9s que Monreal dijo que prefiere \u00abno [&hellip;]\" \/>\n<meta property=\"og:url\" content=\"https:\/\/lospoliticosveracruz.com\/?p=105709\" \/>\n<meta property=\"og:site_name\" content=\"Los pol\u00edticos Veracruz\" \/>\n<meta property=\"article:publisher\" content=\"https:\/\/www.facebook.com\/people\/Notimemes-de-los-Polticos\/61565672886568\/\" \/>\n<meta property=\"article:published_time\" content=\"2023-05-05T13:50:09+00:00\" \/>\n<meta property=\"article:modified_time\" content=\"2023-05-05T13:50:20+00:00\" \/>\n<meta property=\"og:image\" content=\"https:\/\/lospoliticosveracruz.com.mx\/wp-content\/uploads\/2022\/05\/Seguro-Julio-Cerecedo.jpg\" \/>\n<meta name=\"author\" content=\"Lo viste en Los Pol\u00edticos\" \/>\n<meta name=\"twitter:card\" content=\"summary_large_image\" \/>\n<meta name=\"twitter:creator\" content=\"@LosPoliticosVer\" \/>\n<meta name=\"twitter:site\" content=\"@LosPoliticosVer\" \/>\n<meta name=\"twitter:label1\" content=\"Escrito por\" \/>\n\t<meta name=\"twitter:data1\" content=\"Lo viste en Los Pol\u00edticos\" \/>\n\t<meta name=\"twitter:label2\" content=\"Tiempo de lectura\" \/>\n\t<meta name=\"twitter:data2\" content=\"4 minutos\" \/>\n<script type=\"application\/ld+json\" class=\"yoast-schema-graph\">{\"@context\":\"https:\\\/\\\/schema.org\",\"@graph\":[{\"@type\":\"Article\",\"@id\":\"https:\\\/\\\/lospoliticosveracruz.com\\\/?p=105709#article\",\"isPartOf\":{\"@id\":\"https:\\\/\\\/lospoliticosveracruz.com\\\/?p=105709\"},\"author\":{\"name\":\"Lo viste en Los Pol\u00edticos\",\"@id\":\"https:\\\/\\\/lospoliticosveracruz.com\\\/#\\\/schema\\\/person\\\/b8702bb0e538456e6efd07080bf2a4a2\"},\"headline\":\"\u00bfSE LE CAY\u00d3 A JOS\u00c9 MANUEL DEL R\u00cdO VIRGEN?\",\"datePublished\":\"2023-05-05T13:50:09+00:00\",\"dateModified\":\"2023-05-05T13:50:20+00:00\",\"mainEntityOfPage\":{\"@id\":\"https:\\\/\\\/lospoliticosveracruz.com\\\/?p=105709\"},\"wordCount\":872,\"publisher\":{\"@id\":\"https:\\\/\\\/lospoliticosveracruz.com\\\/#organization\"},\"image\":{\"@id\":\"https:\\\/\\\/lospoliticosveracruz.com\\\/?p=105709#primaryimage\"},\"thumbnailUrl\":\"https:\\\/\\\/lospoliticosveracruz.com.mx\\\/wp-content\\\/uploads\\\/2022\\\/05\\\/Seguro-Julio-Cerecedo.jpg\",\"keywords\":[\"Andr\u00e9s Manuel L\u00f3pez Obrador\",\"Cuitl\u00e1huac Garc\u00eda Jim\u00e9nez\",\"Jos\u00e9 Manuel del R\u00edo Virgen\",\"Morena\",\"Movimiento Ciudadano\",\"Ricardo Monreal\",\"Veracruz\"],\"articleSection\":[\"De Opini\u00f3n\"],\"inLanguage\":\"es\"},{\"@type\":\"WebPage\",\"@id\":\"https:\\\/\\\/lospoliticosveracruz.com\\\/?p=105709\",\"url\":\"https:\\\/\\\/lospoliticosveracruz.com\\\/?p=105709\",\"name\":\"\u00bfSE LE CAY\u00d3 A JOS\u00c9 MANUEL DEL R\u00cdO VIRGEN? - Los pol\u00edticos Veracruz\",\"isPartOf\":{\"@id\":\"https:\\\/\\\/lospoliticosveracruz.com\\\/#website\"},\"primaryImageOfPage\":{\"@id\":\"https:\\\/\\\/lospoliticosveracruz.com\\\/?p=105709#primaryimage\"},\"image\":{\"@id\":\"https:\\\/\\\/lospoliticosveracruz.com\\\/?p=105709#primaryimage\"},\"thumbnailUrl\":\"https:\\\/\\\/lospoliticosveracruz.com.mx\\\/wp-content\\\/uploads\\\/2022\\\/05\\\/Seguro-Julio-Cerecedo.jpg\",\"datePublished\":\"2023-05-05T13:50:09+00:00\",\"dateModified\":\"2023-05-05T13:50:20+00:00\",\"breadcrumb\":{\"@id\":\"https:\\\/\\\/lospoliticosveracruz.com\\\/?p=105709#breadcrumb\"},\"inLanguage\":\"es\",\"potentialAction\":[{\"@type\":\"ReadAction\",\"target\":[\"https:\\\/\\\/lospoliticosveracruz.com\\\/?p=105709\"]}]},{\"@type\":\"ImageObject\",\"inLanguage\":\"es\",\"@id\":\"https:\\\/\\\/lospoliticosveracruz.com\\\/?p=105709#primaryimage\",\"url\":\"https:\\\/\\\/lospoliticosveracruz.com.mx\\\/wp-content\\\/uploads\\\/2022\\\/05\\\/Seguro-Julio-Cerecedo.jpg\",\"contentUrl\":\"https:\\\/\\\/lospoliticosveracruz.com.mx\\\/wp-content\\\/uploads\\\/2022\\\/05\\\/Seguro-Julio-Cerecedo.jpg\"},{\"@type\":\"BreadcrumbList\",\"@id\":\"https:\\\/\\\/lospoliticosveracruz.com\\\/?p=105709#breadcrumb\",\"itemListElement\":[{\"@type\":\"ListItem\",\"position\":1,\"name\":\"Portada\",\"item\":\"https:\\\/\\\/lospoliticosveracruz.com\\\/\"},{\"@type\":\"ListItem\",\"position\":2,\"name\":\"\u00bfSE LE CAY\u00d3 A JOS\u00c9 MANUEL DEL R\u00cdO VIRGEN?\"}]},{\"@type\":\"WebSite\",\"@id\":\"https:\\\/\\\/lospoliticosveracruz.com\\\/#website\",\"url\":\"https:\\\/\\\/lospoliticosveracruz.com\\\/\",\"name\":\"Los pol\u00edticos Veracruz\",\"description\":\"\",\"publisher\":{\"@id\":\"https:\\\/\\\/lospoliticosveracruz.com\\\/#organization\"},\"potentialAction\":[{\"@type\":\"SearchAction\",\"target\":{\"@type\":\"EntryPoint\",\"urlTemplate\":\"https:\\\/\\\/lospoliticosveracruz.com\\\/?s={search_term_string}\"},\"query-input\":{\"@type\":\"PropertyValueSpecification\",\"valueRequired\":true,\"valueName\":\"search_term_string\"}}],\"inLanguage\":\"es\"},{\"@type\":\"Organization\",\"@id\":\"https:\\\/\\\/lospoliticosveracruz.com\\\/#organization\",\"name\":\"Los pol\u00edticos Veracruz\",\"url\":\"https:\\\/\\\/lospoliticosveracruz.com\\\/\",\"logo\":{\"@type\":\"ImageObject\",\"inLanguage\":\"es\",\"@id\":\"https:\\\/\\\/lospoliticosveracruz.com\\\/#\\\/schema\\\/logo\\\/image\\\/\",\"url\":\"https:\\\/\\\/lospoliticosveracruz.com\\\/wp-content\\\/uploads\\\/2025\\\/12\\\/Logo-Nuevo-LOS-POLITICOS-1.jpg\",\"contentUrl\":\"https:\\\/\\\/lospoliticosveracruz.com\\\/wp-content\\\/uploads\\\/2025\\\/12\\\/Logo-Nuevo-LOS-POLITICOS-1.jpg\",\"width\":260,\"height\":70,\"caption\":\"Los pol\u00edticos Veracruz\"},\"image\":{\"@id\":\"https:\\\/\\\/lospoliticosveracruz.com\\\/#\\\/schema\\\/logo\\\/image\\\/\"},\"sameAs\":[\"https:\\\/\\\/www.facebook.com\\\/people\\\/Notimemes-de-los-Polticos\\\/61565672886568\\\/\",\"https:\\\/\\\/x.com\\\/LosPoliticosVer\"]},{\"@type\":\"Person\",\"@id\":\"https:\\\/\\\/lospoliticosveracruz.com\\\/#\\\/schema\\\/person\\\/b8702bb0e538456e6efd07080bf2a4a2\",\"name\":\"Lo viste en Los Pol\u00edticos\",\"image\":{\"@type\":\"ImageObject\",\"inLanguage\":\"es\",\"@id\":\"https:\\\/\\\/secure.gravatar.com\\\/avatar\\\/3a8de04a2656d44082be478bd6c086daa447c4651605818287b9532d3d0bd435?s=96&d=mm&r=g\",\"url\":\"https:\\\/\\\/secure.gravatar.com\\\/avatar\\\/3a8de04a2656d44082be478bd6c086daa447c4651605818287b9532d3d0bd435?s=96&d=mm&r=g\",\"contentUrl\":\"https:\\\/\\\/secure.gravatar.com\\\/avatar\\\/3a8de04a2656d44082be478bd6c086daa447c4651605818287b9532d3d0bd435?s=96&d=mm&r=g\",\"caption\":\"Lo viste en Los Pol\u00edticos\"},\"url\":\"https:\\\/\\\/lospoliticosveracruz.com\\\/?author=2\"}]}<\/script>\n<!-- \/ Yoast SEO plugin. -->","yoast_head_json":{"title":"\u00bfSE LE CAY\u00d3 A JOS\u00c9 MANUEL DEL R\u00cdO VIRGEN? - Los pol\u00edticos Veracruz","robots":{"index":"index","follow":"follow","max-snippet":"max-snippet:-1","max-image-preview":"max-image-preview:large","max-video-preview":"max-video-preview:-1"},"canonical":"https:\/\/lospoliticosveracruz.com\/?p=105709","og_locale":"es_ES","og_type":"article","og_title":"\u00bfSE LE CAY\u00d3 A JOS\u00c9 MANUEL DEL R\u00cdO VIRGEN? - Los pol\u00edticos Veracruz","og_description":"Ricardo ChuaSale y Vale \u00bfSE LE CAY\u00d3 A JOS\u00c9 MANUEL DEL R\u00cdO VIRGEN? \u00abNO SER NADA\u00bb\u2026 Despu\u00e9s que Ricardo Monreal, el otrora poderoso l\u00edder del Senado, apoy\u00f3 el m\u00e9todo para elegir al candidato a la Presidencia en 2024 por MORENA, a pesar que siempre se mostr\u00f3 en contra.. Despu\u00e9s que Monreal dijo que prefiere \u00abno [&hellip;]","og_url":"https:\/\/lospoliticosveracruz.com\/?p=105709","og_site_name":"Los pol\u00edticos Veracruz","article_publisher":"https:\/\/www.facebook.com\/people\/Notimemes-de-los-Polticos\/61565672886568\/","article_published_time":"2023-05-05T13:50:09+00:00","article_modified_time":"2023-05-05T13:50:20+00:00","og_image":[{"url":"https:\/\/lospoliticosveracruz.com.mx\/wp-content\/uploads\/2022\/05\/Seguro-Julio-Cerecedo.jpg","type":"","width":"","height":""}],"author":"Lo viste en Los Pol\u00edticos","twitter_card":"summary_large_image","twitter_creator":"@LosPoliticosVer","twitter_site":"@LosPoliticosVer","twitter_misc":{"Escrito por":"Lo viste en Los Pol\u00edticos","Tiempo de lectura":"4 minutos"},"schema":{"@context":"https:\/\/schema.org","@graph":[{"@type":"Article","@id":"https:\/\/lospoliticosveracruz.com\/?p=105709#article","isPartOf":{"@id":"https:\/\/lospoliticosveracruz.com\/?p=105709"},"author":{"name":"Lo viste en Los Pol\u00edticos","@id":"https:\/\/lospoliticosveracruz.com\/#\/schema\/person\/b8702bb0e538456e6efd07080bf2a4a2"},"headline":"\u00bfSE LE CAY\u00d3 A JOS\u00c9 MANUEL DEL R\u00cdO VIRGEN?","datePublished":"2023-05-05T13:50:09+00:00","dateModified":"2023-05-05T13:50:20+00:00","mainEntityOfPage":{"@id":"https:\/\/lospoliticosveracruz.com\/?p=105709"},"wordCount":872,"publisher":{"@id":"https:\/\/lospoliticosveracruz.com\/#organization"},"image":{"@id":"https:\/\/lospoliticosveracruz.com\/?p=105709#primaryimage"},"thumbnailUrl":"https:\/\/lospoliticosveracruz.com.mx\/wp-content\/uploads\/2022\/05\/Seguro-Julio-Cerecedo.jpg","keywords":["Andr\u00e9s Manuel L\u00f3pez Obrador","Cuitl\u00e1huac Garc\u00eda Jim\u00e9nez","Jos\u00e9 Manuel del R\u00edo Virgen","Morena","Movimiento Ciudadano","Ricardo Monreal","Veracruz"],"articleSection":["De Opini\u00f3n"],"inLanguage":"es"},{"@type":"WebPage","@id":"https:\/\/lospoliticosveracruz.com\/?p=105709","url":"https:\/\/lospoliticosveracruz.com\/?p=105709","name":"\u00bfSE LE CAY\u00d3 A JOS\u00c9 MANUEL DEL R\u00cdO VIRGEN? - Los pol\u00edticos Veracruz","isPartOf":{"@id":"https:\/\/lospoliticosveracruz.com\/#website"},"primaryImageOfPage":{"@id":"https:\/\/lospoliticosveracruz.com\/?p=105709#primaryimage"},"image":{"@id":"https:\/\/lospoliticosveracruz.com\/?p=105709#primaryimage"},"thumbnailUrl":"https:\/\/lospoliticosveracruz.com.mx\/wp-content\/uploads\/2022\/05\/Seguro-Julio-Cerecedo.jpg","datePublished":"2023-05-05T13:50:09+00:00","dateModified":"2023-05-05T13:50:20+00:00","breadcrumb":{"@id":"https:\/\/lospoliticosveracruz.com\/?p=105709#breadcrumb"},"inLanguage":"es","potentialAction":[{"@type":"ReadAction","target":["https:\/\/lospoliticosveracruz.com\/?p=105709"]}]},{"@type":"ImageObject","inLanguage":"es","@id":"https:\/\/lospoliticosveracruz.com\/?p=105709#primaryimage","url":"https:\/\/lospoliticosveracruz.com.mx\/wp-content\/uploads\/2022\/05\/Seguro-Julio-Cerecedo.jpg","contentUrl":"https:\/\/lospoliticosveracruz.com.mx\/wp-content\/uploads\/2022\/05\/Seguro-Julio-Cerecedo.jpg"},{"@type":"BreadcrumbList","@id":"https:\/\/lospoliticosveracruz.com\/?p=105709#breadcrumb","itemListElement":[{"@type":"ListItem","position":1,"name":"Portada","item":"https:\/\/lospoliticosveracruz.com\/"},{"@type":"ListItem","position":2,"name":"\u00bfSE LE CAY\u00d3 A JOS\u00c9 MANUEL DEL R\u00cdO VIRGEN?"}]},{"@type":"WebSite","@id":"https:\/\/lospoliticosveracruz.com\/#website","url":"https:\/\/lospoliticosveracruz.com\/","name":"Los pol\u00edticos Veracruz","description":"","publisher":{"@id":"https:\/\/lospoliticosveracruz.com\/#organization"},"potentialAction":[{"@type":"SearchAction","target":{"@type":"EntryPoint","urlTemplate":"https:\/\/lospoliticosveracruz.com\/?s={search_term_string}"},"query-input":{"@type":"PropertyValueSpecification","valueRequired":true,"valueName":"search_term_string"}}],"inLanguage":"es"},{"@type":"Organization","@id":"https:\/\/lospoliticosveracruz.com\/#organization","name":"Los pol\u00edticos Veracruz","url":"https:\/\/lospoliticosveracruz.com\/","logo":{"@type":"ImageObject","inLanguage":"es","@id":"https:\/\/lospoliticosveracruz.com\/#\/schema\/logo\/image\/","url":"https:\/\/lospoliticosveracruz.com\/wp-content\/uploads\/2025\/12\/Logo-Nuevo-LOS-POLITICOS-1.jpg","contentUrl":"https:\/\/lospoliticosveracruz.com\/wp-content\/uploads\/2025\/12\/Logo-Nuevo-LOS-POLITICOS-1.jpg","width":260,"height":70,"caption":"Los pol\u00edticos Veracruz"},"image":{"@id":"https:\/\/lospoliticosveracruz.com\/#\/schema\/logo\/image\/"},"sameAs":["https:\/\/www.facebook.com\/people\/Notimemes-de-los-Polticos\/61565672886568\/","https:\/\/x.com\/LosPoliticosVer"]},{"@type":"Person","@id":"https:\/\/lospoliticosveracruz.com\/#\/schema\/person\/b8702bb0e538456e6efd07080bf2a4a2","name":"Lo viste en Los Pol\u00edticos","image":{"@type":"ImageObject","inLanguage":"es","@id":"https:\/\/secure.gravatar.com\/avatar\/3a8de04a2656d44082be478bd6c086daa447c4651605818287b9532d3d0bd435?s=96&d=mm&r=g","url":"https:\/\/secure.gravatar.com\/avatar\/3a8de04a2656d44082be478bd6c086daa447c4651605818287b9532d3d0bd435?s=96&d=mm&r=g","contentUrl":"https:\/\/secure.gravatar.com\/avatar\/3a8de04a2656d44082be478bd6c086daa447c4651605818287b9532d3d0bd435?s=96&d=mm&r=g","caption":"Lo viste en Los Pol\u00edticos"},"url":"https:\/\/lospoliticosveracruz.com\/?author=2"}]}},"_links":{"self":[{"href":"https:\/\/lospoliticosveracruz.com\/index.php?rest_route=\/wp\/v2\/posts\/105709","targetHints":{"allow":["GET"]}}],"collection":[{"href":"https:\/\/lospoliticosveracruz.com\/index.php?rest_route=\/wp\/v2\/posts"}],"about":[{"href":"https:\/\/lospoliticosveracruz.com\/index.php?rest_route=\/wp\/v2\/types\/post"}],"author":[{"embeddable":true,"href":"https:\/\/lospoliticosveracruz.com\/index.php?rest_route=\/wp\/v2\/users\/2"}],"replies":[{"embeddable":true,"href":"https:\/\/lospoliticosveracruz.com\/index.php?rest_route=%2Fwp%2Fv2%2Fcomments&post=105709"}],"version-history":[{"count":1,"href":"https:\/\/lospoliticosveracruz.com\/index.php?rest_route=\/wp\/v2\/posts\/105709\/revisions"}],"predecessor-version":[{"id":105711,"href":"https:\/\/lospoliticosveracruz.com\/index.php?rest_route=\/wp\/v2\/posts\/105709\/revisions\/105711"}],"wp:attachment":[{"href":"https:\/\/lospoliticosveracruz.com\/index.php?rest_route=%2Fwp%2Fv2%2Fmedia&parent=105709"}],"wp:term":[{"taxonomy":"category","embeddable":true,"href":"https:\/\/lospoliticosveracruz.com\/index.php?rest_route=%2Fwp%2Fv2%2Fcategories&post=105709"},{"taxonomy":"post_tag","embeddable":true,"href":"https:\/\/lospoliticosveracruz.com\/index.php?rest_route=%2Fwp%2Fv2%2Ftags&post=105709"}],"curies":[{"name":"wp","href":"https:\/\/api.w.org\/{rel}","templated":true}]}}