{"id":105712,"date":"2023-05-05T08:52:52","date_gmt":"2023-05-05T13:52:52","guid":{"rendered":"https:\/\/lospoliticosveracruz.com.mx\/?p=105712"},"modified":"2023-05-05T08:53:06","modified_gmt":"2023-05-05T13:53:06","slug":"el-fiel-marcelo","status":"publish","type":"post","link":"https:\/\/lospoliticosveracruz.com\/?p=105712","title":{"rendered":"EL FIEL MARCELO"},"content":{"rendered":"\n<p><strong>Felipe de Jes\u00fas Fern\u00e1ndez Basilio<br><\/strong><em>Desde A Janela<\/em><\/p>\n\n\n\n<p>\u201cYa solo restan un a\u00f1o, cuatro meses y veintis\u00e9is d\u00edas para que se vaya a \u2026 su rancho\u201d<\/p>\n\n\n\n<p>En la \u00faltima Desde a Janela de 2022 (Ricardo Monreal: el falso rebelde) detallamos como Monreal nada m\u00e1s aparenta ser diferente al oficialismo y tambi\u00e9n como enga\u00f1a a la oposici\u00f3n y la hora buena, se pliega a los deseos del presidente; en aquella ocasi\u00f3n fue por el cochinero de leyes electorales que aprobaron y ahora les volvi\u00f3 a repetir la dosis.<\/p>\n\n\n<div class=\"wp-block-image\">\n<figure class=\"alignleft size-medium\"><a href=\"https:\/\/lospoliticosveracruz.com.mx\/wp-content\/uploads\/2021\/10\/Zacauilt.jpg\"><img decoding=\"async\" src=\"https:\/\/lospoliticosveracruz.com.mx\/wp-content\/uploads\/2021\/10\/Zacauilt-150x300.jpg\" alt=\"\" class=\"wp-image-80558\"\/><\/a><\/figure>\n<\/div>\n\n\n<p><br>Bueno, as\u00ed como en aquella ocasi\u00f3n advertimos que Ricardo Monreal era un embustero, ahora, debemos de hacer lo propio con otro personaje del oficialismo que, aunque es menos sagaz que el senador, lleva un juego similar y de ser posible, busca enga\u00f1ar a muchos opositores, tanto en los partidos como en la sociedad civil, aparentando ser el hijo desobediente, cuando en realidad ha sido uno de los hombres m\u00e1s fieles que L\u00f3pez Obrador ha tenido en su carrera pol\u00edtica.<br>As\u00ed es, Marcelo Ebrard es leal entre los leales, Marcelo Ebrard le ha cuidado las espaldas a su jefe como su sucesor en el entonces Distrito Federal y tambi\u00e9n Marcelo Ebrard sostuvo a su patr\u00f3n, cuando este no ten\u00eda cargo formal pero s\u00ed una farsa de gobierno que sostener y que fue sostenido por el fiel Marcelo, quien diligentemente dispuso de los fondos de los capitalinos para que la carpa del \u201cgobierno leg\u00edtimo\u201d siguiera recorriendo el pa\u00eds.<br>La historia pol\u00edtica de Ebrard ha consistido en estar siempre un paso detr\u00e1s de su jefe y desde all\u00ed apoyarlo en todo, incluso simulando sacrificar intereses personales en favor de L\u00f3pez O., tal y como ocurri\u00f3 en la candidatura presidencial de 2012; la cual fue otra de las pantomimas que hicieron para simular una precampa\u00f1a peleada ante el escenario de una campa\u00f1a en franca desventaja frente a la de Pe\u00f1a.<br>Y en esta ocasi\u00f3n, hay algunas cuestiones que apuntan a que estamos ante otra farsa m\u00e1s para buscar una candidatura que le permita al gobierno recuperar a algunos sectores que se encuentran desencantados con el gobierno de L\u00f3pez Obrador y con ello, conseguir una victoria lo m\u00e1s holgada posible el a\u00f1o que entra.<br>Ya que, si observamos bien, aunque supuestamente Sheinbaum es la puntera entre los tapones, tanto ella como su campa\u00f1a, hacen todo lo posible para que lo que pueda salir mal, salga peor y as\u00ed mismo, la jefe de gobierno de la Ciudad de M\u00e9xico al volverse una copia la carb\u00f3n de L\u00f3pez \u00fanicamente atrae al voto duro del gobierno, m\u00e1s el mismo gobierno se da cuenta que este voto duro tal vez no pueda alcanzar, y en ese caso, pues que mejor que tener otra candidatura un poco \u201crebelde\u201d encabezada por el fiel Marcelo.<br>Y todav\u00eda ser\u00eda mejor para el presidente saliente, si esa candidatura dizque rebelde es capaz de atraer a otros \u201cviejos amigos\u201d como es el caso de Dante Delgado y su partido.<br>Y si a lo anterior le sumamos un par de ingredientes m\u00e1s como lo son el que existe una leyenda rom\u00e1ntica en la Ciudad de M\u00e9xico, la que consiste en que se cree que cuando Marcelo la gobern\u00f3, ah\u00ed se cumplieron los sue\u00f1os de muchos grupos que se denominan de izquierda, sue\u00f1o que se hab\u00edan visto en pausa cuando L\u00f3pez la gobern\u00f3; algo similar a lo que ahora sucede a nivel federal.<br>Y el \u00faltimo y no menos importante de los ingredientes, que consiste en que Ebrard es un amante de los lujos, la buena vida y dem\u00e1s placeres que solo la corrupci\u00f3n puede entregar, aunque se entregue obra p\u00fablica de mala calidad; y por ello, no le resultar\u00eda dif\u00edcil conseguir entre la oligarqu\u00eda de siempre, un vasto financiamiento para su campa\u00f1a.<br>As\u00ed que Marcelo Ebrard, a pesar de lo que hace creer, dista mucho de estar separado del presidente y en realidad es m\u00e1s de lo mismo, su historia pol\u00edtica lo demuestra y el gran tap\u00f3n destapado puede ser el m\u00e1s confiable y leal de todos, el fiel Marcelo.<\/p>\n\n\n\n<p>felfebas@gmail.com<br>Twitter: @FelipeFBasilio<\/p>\n","protected":false},"excerpt":{"rendered":"<p>Felipe de Jes\u00fas Fern\u00e1ndez BasilioDesde A Janela \u201cYa solo restan un a\u00f1o, cuatro meses y veintis\u00e9is d\u00edas para que se vaya a \u2026 su rancho\u201d En la \u00faltima Desde a Janela de 2022 (Ricardo Monreal: el falso rebelde) detallamos como Monreal nada m\u00e1s aparenta ser diferente al oficialismo y tambi\u00e9n como enga\u00f1a a la oposici\u00f3n [&hellip;]<\/p>\n","protected":false},"author":2,"featured_media":0,"comment_status":"closed","ping_status":"closed","sticky":false,"template":"","format":"standard","meta":{"tdm_status":"","tdm_grid_status":"","footnotes":""},"categories":[70],"tags":[618,2219,12710,14703,1026,10353],"class_list":{"0":"post-105712","1":"post","2":"type-post","3":"status-publish","4":"format-standard","6":"category-de-opinion","7":"tag-andres-manuel-lopez-obrador","8":"tag-dante-delgado","9":"tag-felipe-de-jesus-fernandez-basilio","10":"tag-marcelo-ebrard","11":"tag-morena","12":"tag-ricardo-monreal"},"yoast_head":"<!-- This site is optimized with the Yoast SEO plugin v27.4 - https:\/\/yoast.com\/product\/yoast-seo-wordpress\/ -->\n<title>EL FIEL MARCELO - Los pol\u00edticos Veracruz<\/title>\n<meta name=\"robots\" content=\"index, follow, max-snippet:-1, max-image-preview:large, max-video-preview:-1\" \/>\n<link rel=\"canonical\" href=\"https:\/\/lospoliticosveracruz.com\/?p=105712\" \/>\n<meta property=\"og:locale\" content=\"es_ES\" \/>\n<meta property=\"og:type\" content=\"article\" \/>\n<meta property=\"og:title\" content=\"EL FIEL MARCELO - Los pol\u00edticos Veracruz\" \/>\n<meta property=\"og:description\" content=\"Felipe de Jes\u00fas Fern\u00e1ndez BasilioDesde A Janela \u201cYa solo restan un a\u00f1o, cuatro meses y veintis\u00e9is d\u00edas para que se vaya a \u2026 su rancho\u201d En la \u00faltima Desde a Janela de 2022 (Ricardo Monreal: el falso rebelde) detallamos como Monreal nada m\u00e1s aparenta ser diferente al oficialismo y tambi\u00e9n como enga\u00f1a a la oposici\u00f3n [&hellip;]\" \/>\n<meta property=\"og:url\" content=\"https:\/\/lospoliticosveracruz.com\/?p=105712\" \/>\n<meta property=\"og:site_name\" content=\"Los pol\u00edticos Veracruz\" \/>\n<meta property=\"article:publisher\" content=\"https:\/\/www.facebook.com\/people\/Notimemes-de-los-Polticos\/61565672886568\/\" \/>\n<meta property=\"article:published_time\" content=\"2023-05-05T13:52:52+00:00\" \/>\n<meta property=\"article:modified_time\" content=\"2023-05-05T13:53:06+00:00\" \/>\n<meta property=\"og:image\" content=\"https:\/\/lospoliticosveracruz.com.mx\/wp-content\/uploads\/2021\/10\/Zacauilt-150x300.jpg\" \/>\n<meta name=\"author\" content=\"Lo viste en Los Pol\u00edticos\" \/>\n<meta name=\"twitter:card\" content=\"summary_large_image\" \/>\n<meta name=\"twitter:creator\" content=\"@LosPoliticosVer\" \/>\n<meta name=\"twitter:site\" content=\"@LosPoliticosVer\" \/>\n<meta name=\"twitter:label1\" content=\"Escrito por\" \/>\n\t<meta name=\"twitter:data1\" content=\"Lo viste en Los Pol\u00edticos\" \/>\n\t<meta name=\"twitter:label2\" content=\"Tiempo de lectura\" \/>\n\t<meta name=\"twitter:data2\" content=\"4 minutos\" \/>\n<script type=\"application\/ld+json\" class=\"yoast-schema-graph\">{\"@context\":\"https:\\\/\\\/schema.org\",\"@graph\":[{\"@type\":\"Article\",\"@id\":\"https:\\\/\\\/lospoliticosveracruz.com\\\/?p=105712#article\",\"isPartOf\":{\"@id\":\"https:\\\/\\\/lospoliticosveracruz.com\\\/?p=105712\"},\"author\":{\"name\":\"Lo viste en Los Pol\u00edticos\",\"@id\":\"https:\\\/\\\/lospoliticosveracruz.com\\\/#\\\/schema\\\/person\\\/b8702bb0e538456e6efd07080bf2a4a2\"},\"headline\":\"EL FIEL MARCELO\",\"datePublished\":\"2023-05-05T13:52:52+00:00\",\"dateModified\":\"2023-05-05T13:53:06+00:00\",\"mainEntityOfPage\":{\"@id\":\"https:\\\/\\\/lospoliticosveracruz.com\\\/?p=105712\"},\"wordCount\":731,\"publisher\":{\"@id\":\"https:\\\/\\\/lospoliticosveracruz.com\\\/#organization\"},\"image\":{\"@id\":\"https:\\\/\\\/lospoliticosveracruz.com\\\/?p=105712#primaryimage\"},\"thumbnailUrl\":\"https:\\\/\\\/lospoliticosveracruz.com.mx\\\/wp-content\\\/uploads\\\/2021\\\/10\\\/Zacauilt-150x300.jpg\",\"keywords\":[\"Andr\u00e9s Manuel L\u00f3pez Obrador\",\"Dante Delgado\",\"Felipe de Jes\u00fas Fern\u00e1ndez Basilio\",\"Marcelo Ebrard\",\"Morena\",\"Ricardo Monreal\"],\"articleSection\":[\"De Opini\u00f3n\"],\"inLanguage\":\"es\"},{\"@type\":\"WebPage\",\"@id\":\"https:\\\/\\\/lospoliticosveracruz.com\\\/?p=105712\",\"url\":\"https:\\\/\\\/lospoliticosveracruz.com\\\/?p=105712\",\"name\":\"EL FIEL MARCELO - Los pol\u00edticos Veracruz\",\"isPartOf\":{\"@id\":\"https:\\\/\\\/lospoliticosveracruz.com\\\/#website\"},\"primaryImageOfPage\":{\"@id\":\"https:\\\/\\\/lospoliticosveracruz.com\\\/?p=105712#primaryimage\"},\"image\":{\"@id\":\"https:\\\/\\\/lospoliticosveracruz.com\\\/?p=105712#primaryimage\"},\"thumbnailUrl\":\"https:\\\/\\\/lospoliticosveracruz.com.mx\\\/wp-content\\\/uploads\\\/2021\\\/10\\\/Zacauilt-150x300.jpg\",\"datePublished\":\"2023-05-05T13:52:52+00:00\",\"dateModified\":\"2023-05-05T13:53:06+00:00\",\"breadcrumb\":{\"@id\":\"https:\\\/\\\/lospoliticosveracruz.com\\\/?p=105712#breadcrumb\"},\"inLanguage\":\"es\",\"potentialAction\":[{\"@type\":\"ReadAction\",\"target\":[\"https:\\\/\\\/lospoliticosveracruz.com\\\/?p=105712\"]}]},{\"@type\":\"ImageObject\",\"inLanguage\":\"es\",\"@id\":\"https:\\\/\\\/lospoliticosveracruz.com\\\/?p=105712#primaryimage\",\"url\":\"https:\\\/\\\/lospoliticosveracruz.com.mx\\\/wp-content\\\/uploads\\\/2021\\\/10\\\/Zacauilt-150x300.jpg\",\"contentUrl\":\"https:\\\/\\\/lospoliticosveracruz.com.mx\\\/wp-content\\\/uploads\\\/2021\\\/10\\\/Zacauilt-150x300.jpg\"},{\"@type\":\"BreadcrumbList\",\"@id\":\"https:\\\/\\\/lospoliticosveracruz.com\\\/?p=105712#breadcrumb\",\"itemListElement\":[{\"@type\":\"ListItem\",\"position\":1,\"name\":\"Portada\",\"item\":\"https:\\\/\\\/lospoliticosveracruz.com\\\/\"},{\"@type\":\"ListItem\",\"position\":2,\"name\":\"EL FIEL MARCELO\"}]},{\"@type\":\"WebSite\",\"@id\":\"https:\\\/\\\/lospoliticosveracruz.com\\\/#website\",\"url\":\"https:\\\/\\\/lospoliticosveracruz.com\\\/\",\"name\":\"Los pol\u00edticos Veracruz\",\"description\":\"\",\"publisher\":{\"@id\":\"https:\\\/\\\/lospoliticosveracruz.com\\\/#organization\"},\"potentialAction\":[{\"@type\":\"SearchAction\",\"target\":{\"@type\":\"EntryPoint\",\"urlTemplate\":\"https:\\\/\\\/lospoliticosveracruz.com\\\/?s={search_term_string}\"},\"query-input\":{\"@type\":\"PropertyValueSpecification\",\"valueRequired\":true,\"valueName\":\"search_term_string\"}}],\"inLanguage\":\"es\"},{\"@type\":\"Organization\",\"@id\":\"https:\\\/\\\/lospoliticosveracruz.com\\\/#organization\",\"name\":\"Los pol\u00edticos Veracruz\",\"url\":\"https:\\\/\\\/lospoliticosveracruz.com\\\/\",\"logo\":{\"@type\":\"ImageObject\",\"inLanguage\":\"es\",\"@id\":\"https:\\\/\\\/lospoliticosveracruz.com\\\/#\\\/schema\\\/logo\\\/image\\\/\",\"url\":\"https:\\\/\\\/lospoliticosveracruz.com\\\/wp-content\\\/uploads\\\/2025\\\/12\\\/Logo-Nuevo-LOS-POLITICOS-1.jpg\",\"contentUrl\":\"https:\\\/\\\/lospoliticosveracruz.com\\\/wp-content\\\/uploads\\\/2025\\\/12\\\/Logo-Nuevo-LOS-POLITICOS-1.jpg\",\"width\":260,\"height\":70,\"caption\":\"Los pol\u00edticos Veracruz\"},\"image\":{\"@id\":\"https:\\\/\\\/lospoliticosveracruz.com\\\/#\\\/schema\\\/logo\\\/image\\\/\"},\"sameAs\":[\"https:\\\/\\\/www.facebook.com\\\/people\\\/Notimemes-de-los-Polticos\\\/61565672886568\\\/\",\"https:\\\/\\\/x.com\\\/LosPoliticosVer\"]},{\"@type\":\"Person\",\"@id\":\"https:\\\/\\\/lospoliticosveracruz.com\\\/#\\\/schema\\\/person\\\/b8702bb0e538456e6efd07080bf2a4a2\",\"name\":\"Lo viste en Los Pol\u00edticos\",\"image\":{\"@type\":\"ImageObject\",\"inLanguage\":\"es\",\"@id\":\"https:\\\/\\\/secure.gravatar.com\\\/avatar\\\/3a8de04a2656d44082be478bd6c086daa447c4651605818287b9532d3d0bd435?s=96&d=mm&r=g\",\"url\":\"https:\\\/\\\/secure.gravatar.com\\\/avatar\\\/3a8de04a2656d44082be478bd6c086daa447c4651605818287b9532d3d0bd435?s=96&d=mm&r=g\",\"contentUrl\":\"https:\\\/\\\/secure.gravatar.com\\\/avatar\\\/3a8de04a2656d44082be478bd6c086daa447c4651605818287b9532d3d0bd435?s=96&d=mm&r=g\",\"caption\":\"Lo viste en Los Pol\u00edticos\"},\"url\":\"https:\\\/\\\/lospoliticosveracruz.com\\\/?author=2\"}]}<\/script>\n<!-- \/ Yoast SEO plugin. -->","yoast_head_json":{"title":"EL FIEL MARCELO - Los pol\u00edticos Veracruz","robots":{"index":"index","follow":"follow","max-snippet":"max-snippet:-1","max-image-preview":"max-image-preview:large","max-video-preview":"max-video-preview:-1"},"canonical":"https:\/\/lospoliticosveracruz.com\/?p=105712","og_locale":"es_ES","og_type":"article","og_title":"EL FIEL MARCELO - Los pol\u00edticos Veracruz","og_description":"Felipe de Jes\u00fas Fern\u00e1ndez BasilioDesde A Janela \u201cYa solo restan un a\u00f1o, cuatro meses y veintis\u00e9is d\u00edas para que se vaya a \u2026 su rancho\u201d En la \u00faltima Desde a Janela de 2022 (Ricardo Monreal: el falso rebelde) detallamos como Monreal nada m\u00e1s aparenta ser diferente al oficialismo y tambi\u00e9n como enga\u00f1a a la oposici\u00f3n [&hellip;]","og_url":"https:\/\/lospoliticosveracruz.com\/?p=105712","og_site_name":"Los pol\u00edticos Veracruz","article_publisher":"https:\/\/www.facebook.com\/people\/Notimemes-de-los-Polticos\/61565672886568\/","article_published_time":"2023-05-05T13:52:52+00:00","article_modified_time":"2023-05-05T13:53:06+00:00","og_image":[{"url":"https:\/\/lospoliticosveracruz.com.mx\/wp-content\/uploads\/2021\/10\/Zacauilt-150x300.jpg","type":"","width":"","height":""}],"author":"Lo viste en Los Pol\u00edticos","twitter_card":"summary_large_image","twitter_creator":"@LosPoliticosVer","twitter_site":"@LosPoliticosVer","twitter_misc":{"Escrito por":"Lo viste en Los Pol\u00edticos","Tiempo de lectura":"4 minutos"},"schema":{"@context":"https:\/\/schema.org","@graph":[{"@type":"Article","@id":"https:\/\/lospoliticosveracruz.com\/?p=105712#article","isPartOf":{"@id":"https:\/\/lospoliticosveracruz.com\/?p=105712"},"author":{"name":"Lo viste en Los Pol\u00edticos","@id":"https:\/\/lospoliticosveracruz.com\/#\/schema\/person\/b8702bb0e538456e6efd07080bf2a4a2"},"headline":"EL FIEL MARCELO","datePublished":"2023-05-05T13:52:52+00:00","dateModified":"2023-05-05T13:53:06+00:00","mainEntityOfPage":{"@id":"https:\/\/lospoliticosveracruz.com\/?p=105712"},"wordCount":731,"publisher":{"@id":"https:\/\/lospoliticosveracruz.com\/#organization"},"image":{"@id":"https:\/\/lospoliticosveracruz.com\/?p=105712#primaryimage"},"thumbnailUrl":"https:\/\/lospoliticosveracruz.com.mx\/wp-content\/uploads\/2021\/10\/Zacauilt-150x300.jpg","keywords":["Andr\u00e9s Manuel L\u00f3pez Obrador","Dante Delgado","Felipe de Jes\u00fas Fern\u00e1ndez Basilio","Marcelo Ebrard","Morena","Ricardo Monreal"],"articleSection":["De Opini\u00f3n"],"inLanguage":"es"},{"@type":"WebPage","@id":"https:\/\/lospoliticosveracruz.com\/?p=105712","url":"https:\/\/lospoliticosveracruz.com\/?p=105712","name":"EL FIEL MARCELO - Los pol\u00edticos Veracruz","isPartOf":{"@id":"https:\/\/lospoliticosveracruz.com\/#website"},"primaryImageOfPage":{"@id":"https:\/\/lospoliticosveracruz.com\/?p=105712#primaryimage"},"image":{"@id":"https:\/\/lospoliticosveracruz.com\/?p=105712#primaryimage"},"thumbnailUrl":"https:\/\/lospoliticosveracruz.com.mx\/wp-content\/uploads\/2021\/10\/Zacauilt-150x300.jpg","datePublished":"2023-05-05T13:52:52+00:00","dateModified":"2023-05-05T13:53:06+00:00","breadcrumb":{"@id":"https:\/\/lospoliticosveracruz.com\/?p=105712#breadcrumb"},"inLanguage":"es","potentialAction":[{"@type":"ReadAction","target":["https:\/\/lospoliticosveracruz.com\/?p=105712"]}]},{"@type":"ImageObject","inLanguage":"es","@id":"https:\/\/lospoliticosveracruz.com\/?p=105712#primaryimage","url":"https:\/\/lospoliticosveracruz.com.mx\/wp-content\/uploads\/2021\/10\/Zacauilt-150x300.jpg","contentUrl":"https:\/\/lospoliticosveracruz.com.mx\/wp-content\/uploads\/2021\/10\/Zacauilt-150x300.jpg"},{"@type":"BreadcrumbList","@id":"https:\/\/lospoliticosveracruz.com\/?p=105712#breadcrumb","itemListElement":[{"@type":"ListItem","position":1,"name":"Portada","item":"https:\/\/lospoliticosveracruz.com\/"},{"@type":"ListItem","position":2,"name":"EL FIEL MARCELO"}]},{"@type":"WebSite","@id":"https:\/\/lospoliticosveracruz.com\/#website","url":"https:\/\/lospoliticosveracruz.com\/","name":"Los pol\u00edticos Veracruz","description":"","publisher":{"@id":"https:\/\/lospoliticosveracruz.com\/#organization"},"potentialAction":[{"@type":"SearchAction","target":{"@type":"EntryPoint","urlTemplate":"https:\/\/lospoliticosveracruz.com\/?s={search_term_string}"},"query-input":{"@type":"PropertyValueSpecification","valueRequired":true,"valueName":"search_term_string"}}],"inLanguage":"es"},{"@type":"Organization","@id":"https:\/\/lospoliticosveracruz.com\/#organization","name":"Los pol\u00edticos Veracruz","url":"https:\/\/lospoliticosveracruz.com\/","logo":{"@type":"ImageObject","inLanguage":"es","@id":"https:\/\/lospoliticosveracruz.com\/#\/schema\/logo\/image\/","url":"https:\/\/lospoliticosveracruz.com\/wp-content\/uploads\/2025\/12\/Logo-Nuevo-LOS-POLITICOS-1.jpg","contentUrl":"https:\/\/lospoliticosveracruz.com\/wp-content\/uploads\/2025\/12\/Logo-Nuevo-LOS-POLITICOS-1.jpg","width":260,"height":70,"caption":"Los pol\u00edticos Veracruz"},"image":{"@id":"https:\/\/lospoliticosveracruz.com\/#\/schema\/logo\/image\/"},"sameAs":["https:\/\/www.facebook.com\/people\/Notimemes-de-los-Polticos\/61565672886568\/","https:\/\/x.com\/LosPoliticosVer"]},{"@type":"Person","@id":"https:\/\/lospoliticosveracruz.com\/#\/schema\/person\/b8702bb0e538456e6efd07080bf2a4a2","name":"Lo viste en Los Pol\u00edticos","image":{"@type":"ImageObject","inLanguage":"es","@id":"https:\/\/secure.gravatar.com\/avatar\/3a8de04a2656d44082be478bd6c086daa447c4651605818287b9532d3d0bd435?s=96&d=mm&r=g","url":"https:\/\/secure.gravatar.com\/avatar\/3a8de04a2656d44082be478bd6c086daa447c4651605818287b9532d3d0bd435?s=96&d=mm&r=g","contentUrl":"https:\/\/secure.gravatar.com\/avatar\/3a8de04a2656d44082be478bd6c086daa447c4651605818287b9532d3d0bd435?s=96&d=mm&r=g","caption":"Lo viste en Los Pol\u00edticos"},"url":"https:\/\/lospoliticosveracruz.com\/?author=2"}]}},"_links":{"self":[{"href":"https:\/\/lospoliticosveracruz.com\/index.php?rest_route=\/wp\/v2\/posts\/105712","targetHints":{"allow":["GET"]}}],"collection":[{"href":"https:\/\/lospoliticosveracruz.com\/index.php?rest_route=\/wp\/v2\/posts"}],"about":[{"href":"https:\/\/lospoliticosveracruz.com\/index.php?rest_route=\/wp\/v2\/types\/post"}],"author":[{"embeddable":true,"href":"https:\/\/lospoliticosveracruz.com\/index.php?rest_route=\/wp\/v2\/users\/2"}],"replies":[{"embeddable":true,"href":"https:\/\/lospoliticosveracruz.com\/index.php?rest_route=%2Fwp%2Fv2%2Fcomments&post=105712"}],"version-history":[{"count":1,"href":"https:\/\/lospoliticosveracruz.com\/index.php?rest_route=\/wp\/v2\/posts\/105712\/revisions"}],"predecessor-version":[{"id":105713,"href":"https:\/\/lospoliticosveracruz.com\/index.php?rest_route=\/wp\/v2\/posts\/105712\/revisions\/105713"}],"wp:attachment":[{"href":"https:\/\/lospoliticosveracruz.com\/index.php?rest_route=%2Fwp%2Fv2%2Fmedia&parent=105712"}],"wp:term":[{"taxonomy":"category","embeddable":true,"href":"https:\/\/lospoliticosveracruz.com\/index.php?rest_route=%2Fwp%2Fv2%2Fcategories&post=105712"},{"taxonomy":"post_tag","embeddable":true,"href":"https:\/\/lospoliticosveracruz.com\/index.php?rest_route=%2Fwp%2Fv2%2Ftags&post=105712"}],"curies":[{"name":"wp","href":"https:\/\/api.w.org\/{rel}","templated":true}]}}