{"id":105714,"date":"2023-05-05T09:21:32","date_gmt":"2023-05-05T14:21:32","guid":{"rendered":"https:\/\/lospoliticosveracruz.com.mx\/?p=105714"},"modified":"2023-05-05T09:21:38","modified_gmt":"2023-05-05T14:21:38","slug":"agua-7","status":"publish","type":"post","link":"https:\/\/lospoliticosveracruz.com\/?p=105714","title":{"rendered":"AGUA"},"content":{"rendered":"\n<p><strong>Guadalupe H. Mar<br><\/strong><em>Mira Pol\u00edtica<\/em><\/p>\n\n\n\n<p><strong>MEZCLADA CON POL\u00cdTICA \u2026<\/strong> La madre naturaleza con su singular manera de educar al m\u00e1s depredador de los habitantes del planeta Tierra, est\u00e1 evidenciando el manejo pol\u00edtico que se le da al agua en Veracruz y de paso a la versi\u00f3n gubernamental de que si algo sobra en nuestro estado es el agua, que dicen, tiene la tercera parte del vital l\u00edquido de este pa\u00eds.<\/p>\n\n\n\n<figure class=\"wp-block-embed is-type-video is-provider-youtube wp-block-embed-youtube wp-embed-aspect-16-9 wp-has-aspect-ratio\"><div class=\"wp-block-embed__wrapper\">\n<iframe loading=\"lazy\" title=\"Cluster Coworking\" width=\"696\" height=\"392\" src=\"https:\/\/www.youtube.com\/embed\/Nxe-vxf8GuY?feature=oembed\" frameborder=\"0\" allow=\"accelerometer; autoplay; clipboard-write; encrypted-media; gyroscope; picture-in-picture; web-share\" referrerpolicy=\"strict-origin-when-cross-origin\" allowfullscreen><\/iframe>\n<\/div><\/figure>\n\n\n\n<p><br>Ah como se le ha dado vuelo a esa versi\u00f3n en los \u00faltimos tres a\u00f1os, sobretodo en febrero pasado, cuando se pretendi\u00f3 traer a Veracruz la multimillonaria inversi\u00f3n de Elon Musk para la instalaci\u00f3n de la f\u00e1brica de autom\u00f3viles el\u00e9ctricos Tesla, la que finalmente se decidi\u00f3 instalar en el estado de Nuevo Le\u00f3n.<br>Dos a\u00f1os antes, ese argumento de que si algo les sobra a los veracruzanos es agua, hab\u00eda funcionado luego de haber tra\u00eddo al municipio de Veracruz puerto a la empresa cervecera Constellation Brand, que fue pr\u00e1cticamente corrida de Mexicali, Baja California, porque no hab\u00eda suficiente disponibilidad de agua en aquella regi\u00f3n del norte del pa\u00eds.<br>Sin embargo, esta misma semana la multidifundida versi\u00f3n de que tenemos agua de sobra fue cuestionada, cuando esa entelequia llamada gobierno del estado de Veracruz reconoci\u00f3 que, en el municipio de P\u00e1nuco, al norte de la entidad veracruzana donde corre un r\u00edo del mismo nombre, existe un severo desabasto del vital l\u00edquido.<br>Por cierto, con bombos y platillos, el gobierno estatal veracruzano anunci\u00f3 que, para paliar el desabasto de agua en la regi\u00f3n de P\u00e1nuco, se invertir\u00e1n 50 millones de pesos en obras con las que se pretende solucionar esa problem\u00e1tica.<br>Esa fue la buena, porque la mala es que la inversi\u00f3n se har\u00e1 hasta el a\u00f1o entrante, en 2024, por lo cual en este 2023, los panuquenses tendr\u00e1n que enfrentar el estiaje como puedan.<br><strong>P\u00c9RAME TANTITO \u2026 <\/strong>Por cierto tambi\u00e9n llama la atenci\u00f3n que se declare a la zona de P\u00e1nuco con severo desabasto de agua potable, cuando existe y persiste el proyecto del gobierno del estado de Nuevo Le\u00f3n de llevar desde P\u00e1nuco hasta Monterrey, algo as\u00ed como seis metros c\u00fabicos de agua por segundo, a trav\u00e9s de un ducto de casi 400 kil\u00f3metros.<br>Y decimos que nos parece raro ese asunto del desabasto de agua potable en P\u00e1nuco, pues el estudio realizado para el gobierno del estado de Nuevo Le\u00f3n, indica que este r\u00edo veracruzano cuenta con suficiente caudal como para compartirles agua a los neoloneses.<br>En el proyecto neolon\u00e9s para llevar agua desde el R\u00edo P\u00e1nuco en Veracruz hasta Monterrey, se contempla tender un ducto de buen di\u00e1metro que cruzar\u00eda por los estados de San Lu\u00eds Potos\u00ed y Tamaulipas, con cinco estaciones de bombeo, hasta llegar a Linares en Nuevo Le\u00f3n, para ah\u00ed interconectar con el acueducto Cerro Prieto-Monterrey llevar el agua veracruzana hasta la planta Potabilizadora San Roque y as\u00ed distribuir el vital l\u00edquido a toda el \u00c1rea Metropolitana de Monterrey.<br>Este proyecto que lleva m\u00e1s de una d\u00e9cada queri\u00e9ndose concretar, lo han frenado en varias ocasiones por lo que implica pol\u00edticamente, sin embargo, el gobierno estatal de Nuevo Le\u00f3n persiste en su intenci\u00f3n de transportar agua desde el r\u00edo P\u00e1nuco hasta la ciudad de Monterrey y si lo hacen, es porque tienen sus propios datos.<br>Por ello insistimos amables lectoras y lectores, nos llama la atenci\u00f3n que se est\u00e9 hablando de un severo desabasto de agua potable en la regi\u00f3n panuquense, a tal grado que se invertir\u00e1n, el a\u00f1o entrante, 50 millones de pesos para tratar de aliviar esa problem\u00e1tica, mientras los neoloneses insisten en su proyecto de que les compartamos la del r\u00edo P\u00e1nuco.<br>\u00bfSer\u00e1 que ellos tienen otros datos?<br><strong>USO POL\u00cdTICO \u2026<\/strong> Como bot\u00f3n que sirva de muestra para ejemplificar el manejo pol\u00edtico del agua, est\u00e1 el caso de la presa \u201cYuribia\u201d en Tatahuicapan, el sur de la entidad veracruzana de la que se abastece a gran parte del municipio de Coatzacoalcos.<br>Desde finales de los a\u00f1os ochenta en que inici\u00f3 operaciones esa presa, la misma ha sido utilizada como moneda de cambio por los habitantes de aquella regi\u00f3n, que han obtenido mucho a cambio de compartir su agua.<br>Gobiernos estatales de diversos colores han tenido que sortear esta problem\u00e1tica y ninguno, hasta ahora, le ha dado soluci\u00f3n.<br>D\u00cdGALO SIN MIEDO \u2026 Al correo electr\u00f3nico guadalupehmar@yahoo.com<\/p>\n","protected":false},"excerpt":{"rendered":"<p>Guadalupe H. MarMira Pol\u00edtica MEZCLADA CON POL\u00cdTICA \u2026 La madre naturaleza con su singular manera de educar al m\u00e1s depredador de los habitantes del planeta Tierra, est\u00e1 evidenciando el manejo pol\u00edtico que se le da al agua en Veracruz y de paso a la versi\u00f3n gubernamental de que si algo sobra en nuestro estado es [&hellip;]<\/p>\n","protected":false},"author":2,"featured_media":0,"comment_status":"closed","ping_status":"closed","sticky":false,"template":"","format":"standard","meta":{"tdm_status":"","tdm_grid_status":"","footnotes":""},"categories":[70],"tags":[1606,38106],"class_list":{"0":"post-105714","1":"post","2":"type-post","3":"status-publish","4":"format-standard","6":"category-de-opinion","7":"tag-guadalupe-h-mar","8":"tag-presa-yuribia-2"},"yoast_head":"<!-- This site is optimized with the Yoast SEO plugin v27.4 - https:\/\/yoast.com\/product\/yoast-seo-wordpress\/ -->\n<title>AGUA - Los pol\u00edticos Veracruz<\/title>\n<meta name=\"robots\" content=\"index, follow, max-snippet:-1, max-image-preview:large, max-video-preview:-1\" \/>\n<link rel=\"canonical\" href=\"https:\/\/lospoliticosveracruz.com\/?p=105714\" \/>\n<meta property=\"og:locale\" content=\"es_ES\" \/>\n<meta property=\"og:type\" content=\"article\" \/>\n<meta property=\"og:title\" content=\"AGUA - Los pol\u00edticos Veracruz\" \/>\n<meta property=\"og:description\" content=\"Guadalupe H. MarMira Pol\u00edtica MEZCLADA CON POL\u00cdTICA \u2026 La madre naturaleza con su singular manera de educar al m\u00e1s depredador de los habitantes del planeta Tierra, est\u00e1 evidenciando el manejo pol\u00edtico que se le da al agua en Veracruz y de paso a la versi\u00f3n gubernamental de que si algo sobra en nuestro estado es [&hellip;]\" \/>\n<meta property=\"og:url\" content=\"https:\/\/lospoliticosveracruz.com\/?p=105714\" \/>\n<meta property=\"og:site_name\" content=\"Los pol\u00edticos Veracruz\" \/>\n<meta property=\"article:publisher\" content=\"https:\/\/www.facebook.com\/people\/Notimemes-de-los-Polticos\/61565672886568\/\" \/>\n<meta property=\"article:published_time\" content=\"2023-05-05T14:21:32+00:00\" \/>\n<meta property=\"article:modified_time\" content=\"2023-05-05T14:21:38+00:00\" \/>\n<meta property=\"og:image\" content=\"https:\/\/lospoliticosveracruz.com\/wp-content\/uploads\/2016\/07\/Logo-Dor.jpg\" \/>\n\t<meta property=\"og:image:width\" content=\"200\" \/>\n\t<meta property=\"og:image:height\" content=\"200\" \/>\n\t<meta property=\"og:image:type\" content=\"image\/jpeg\" \/>\n<meta name=\"author\" content=\"Lo viste en Los Pol\u00edticos\" \/>\n<meta name=\"twitter:card\" content=\"summary_large_image\" \/>\n<meta name=\"twitter:creator\" content=\"@LosPoliticosVer\" \/>\n<meta name=\"twitter:site\" content=\"@LosPoliticosVer\" \/>\n<meta name=\"twitter:label1\" content=\"Escrito por\" \/>\n\t<meta name=\"twitter:data1\" content=\"Lo viste en Los Pol\u00edticos\" \/>\n\t<meta name=\"twitter:label2\" content=\"Tiempo de lectura\" \/>\n\t<meta name=\"twitter:data2\" content=\"4 minutos\" \/>\n<script type=\"application\/ld+json\" class=\"yoast-schema-graph\">{\"@context\":\"https:\\\/\\\/schema.org\",\"@graph\":[{\"@type\":\"Article\",\"@id\":\"https:\\\/\\\/lospoliticosveracruz.com\\\/?p=105714#article\",\"isPartOf\":{\"@id\":\"https:\\\/\\\/lospoliticosveracruz.com\\\/?p=105714\"},\"author\":{\"name\":\"Lo viste en Los Pol\u00edticos\",\"@id\":\"https:\\\/\\\/lospoliticosveracruz.com\\\/#\\\/schema\\\/person\\\/b8702bb0e538456e6efd07080bf2a4a2\"},\"headline\":\"AGUA\",\"datePublished\":\"2023-05-05T14:21:32+00:00\",\"dateModified\":\"2023-05-05T14:21:38+00:00\",\"mainEntityOfPage\":{\"@id\":\"https:\\\/\\\/lospoliticosveracruz.com\\\/?p=105714\"},\"wordCount\":788,\"publisher\":{\"@id\":\"https:\\\/\\\/lospoliticosveracruz.com\\\/#organization\"},\"keywords\":[\"Guadalupe H. Mar\",\"presa \u201cYuribia\u201d\"],\"articleSection\":[\"De Opini\u00f3n\"],\"inLanguage\":\"es\"},{\"@type\":\"WebPage\",\"@id\":\"https:\\\/\\\/lospoliticosveracruz.com\\\/?p=105714\",\"url\":\"https:\\\/\\\/lospoliticosveracruz.com\\\/?p=105714\",\"name\":\"AGUA - Los pol\u00edticos Veracruz\",\"isPartOf\":{\"@id\":\"https:\\\/\\\/lospoliticosveracruz.com\\\/#website\"},\"datePublished\":\"2023-05-05T14:21:32+00:00\",\"dateModified\":\"2023-05-05T14:21:38+00:00\",\"breadcrumb\":{\"@id\":\"https:\\\/\\\/lospoliticosveracruz.com\\\/?p=105714#breadcrumb\"},\"inLanguage\":\"es\",\"potentialAction\":[{\"@type\":\"ReadAction\",\"target\":[\"https:\\\/\\\/lospoliticosveracruz.com\\\/?p=105714\"]}]},{\"@type\":\"BreadcrumbList\",\"@id\":\"https:\\\/\\\/lospoliticosveracruz.com\\\/?p=105714#breadcrumb\",\"itemListElement\":[{\"@type\":\"ListItem\",\"position\":1,\"name\":\"Portada\",\"item\":\"https:\\\/\\\/lospoliticosveracruz.com\\\/\"},{\"@type\":\"ListItem\",\"position\":2,\"name\":\"AGUA\"}]},{\"@type\":\"WebSite\",\"@id\":\"https:\\\/\\\/lospoliticosveracruz.com\\\/#website\",\"url\":\"https:\\\/\\\/lospoliticosveracruz.com\\\/\",\"name\":\"Los pol\u00edticos Veracruz\",\"description\":\"\",\"publisher\":{\"@id\":\"https:\\\/\\\/lospoliticosveracruz.com\\\/#organization\"},\"potentialAction\":[{\"@type\":\"SearchAction\",\"target\":{\"@type\":\"EntryPoint\",\"urlTemplate\":\"https:\\\/\\\/lospoliticosveracruz.com\\\/?s={search_term_string}\"},\"query-input\":{\"@type\":\"PropertyValueSpecification\",\"valueRequired\":true,\"valueName\":\"search_term_string\"}}],\"inLanguage\":\"es\"},{\"@type\":\"Organization\",\"@id\":\"https:\\\/\\\/lospoliticosveracruz.com\\\/#organization\",\"name\":\"Los pol\u00edticos Veracruz\",\"url\":\"https:\\\/\\\/lospoliticosveracruz.com\\\/\",\"logo\":{\"@type\":\"ImageObject\",\"inLanguage\":\"es\",\"@id\":\"https:\\\/\\\/lospoliticosveracruz.com\\\/#\\\/schema\\\/logo\\\/image\\\/\",\"url\":\"https:\\\/\\\/lospoliticosveracruz.com\\\/wp-content\\\/uploads\\\/2025\\\/12\\\/Logo-Nuevo-LOS-POLITICOS-1.jpg\",\"contentUrl\":\"https:\\\/\\\/lospoliticosveracruz.com\\\/wp-content\\\/uploads\\\/2025\\\/12\\\/Logo-Nuevo-LOS-POLITICOS-1.jpg\",\"width\":260,\"height\":70,\"caption\":\"Los pol\u00edticos Veracruz\"},\"image\":{\"@id\":\"https:\\\/\\\/lospoliticosveracruz.com\\\/#\\\/schema\\\/logo\\\/image\\\/\"},\"sameAs\":[\"https:\\\/\\\/www.facebook.com\\\/people\\\/Notimemes-de-los-Polticos\\\/61565672886568\\\/\",\"https:\\\/\\\/x.com\\\/LosPoliticosVer\"]},{\"@type\":\"Person\",\"@id\":\"https:\\\/\\\/lospoliticosveracruz.com\\\/#\\\/schema\\\/person\\\/b8702bb0e538456e6efd07080bf2a4a2\",\"name\":\"Lo viste en Los Pol\u00edticos\",\"image\":{\"@type\":\"ImageObject\",\"inLanguage\":\"es\",\"@id\":\"https:\\\/\\\/secure.gravatar.com\\\/avatar\\\/3a8de04a2656d44082be478bd6c086daa447c4651605818287b9532d3d0bd435?s=96&d=mm&r=g\",\"url\":\"https:\\\/\\\/secure.gravatar.com\\\/avatar\\\/3a8de04a2656d44082be478bd6c086daa447c4651605818287b9532d3d0bd435?s=96&d=mm&r=g\",\"contentUrl\":\"https:\\\/\\\/secure.gravatar.com\\\/avatar\\\/3a8de04a2656d44082be478bd6c086daa447c4651605818287b9532d3d0bd435?s=96&d=mm&r=g\",\"caption\":\"Lo viste en Los Pol\u00edticos\"},\"url\":\"https:\\\/\\\/lospoliticosveracruz.com\\\/?author=2\"}]}<\/script>\n<!-- \/ Yoast SEO plugin. -->","yoast_head_json":{"title":"AGUA - Los pol\u00edticos Veracruz","robots":{"index":"index","follow":"follow","max-snippet":"max-snippet:-1","max-image-preview":"max-image-preview:large","max-video-preview":"max-video-preview:-1"},"canonical":"https:\/\/lospoliticosveracruz.com\/?p=105714","og_locale":"es_ES","og_type":"article","og_title":"AGUA - Los pol\u00edticos Veracruz","og_description":"Guadalupe H. MarMira Pol\u00edtica MEZCLADA CON POL\u00cdTICA \u2026 La madre naturaleza con su singular manera de educar al m\u00e1s depredador de los habitantes del planeta Tierra, est\u00e1 evidenciando el manejo pol\u00edtico que se le da al agua en Veracruz y de paso a la versi\u00f3n gubernamental de que si algo sobra en nuestro estado es [&hellip;]","og_url":"https:\/\/lospoliticosveracruz.com\/?p=105714","og_site_name":"Los pol\u00edticos Veracruz","article_publisher":"https:\/\/www.facebook.com\/people\/Notimemes-de-los-Polticos\/61565672886568\/","article_published_time":"2023-05-05T14:21:32+00:00","article_modified_time":"2023-05-05T14:21:38+00:00","og_image":[{"width":200,"height":200,"url":"https:\/\/lospoliticosveracruz.com\/wp-content\/uploads\/2016\/07\/Logo-Dor.jpg","type":"image\/jpeg"}],"author":"Lo viste en Los Pol\u00edticos","twitter_card":"summary_large_image","twitter_creator":"@LosPoliticosVer","twitter_site":"@LosPoliticosVer","twitter_misc":{"Escrito por":"Lo viste en Los Pol\u00edticos","Tiempo de lectura":"4 minutos"},"schema":{"@context":"https:\/\/schema.org","@graph":[{"@type":"Article","@id":"https:\/\/lospoliticosveracruz.com\/?p=105714#article","isPartOf":{"@id":"https:\/\/lospoliticosveracruz.com\/?p=105714"},"author":{"name":"Lo viste en Los Pol\u00edticos","@id":"https:\/\/lospoliticosveracruz.com\/#\/schema\/person\/b8702bb0e538456e6efd07080bf2a4a2"},"headline":"AGUA","datePublished":"2023-05-05T14:21:32+00:00","dateModified":"2023-05-05T14:21:38+00:00","mainEntityOfPage":{"@id":"https:\/\/lospoliticosveracruz.com\/?p=105714"},"wordCount":788,"publisher":{"@id":"https:\/\/lospoliticosveracruz.com\/#organization"},"keywords":["Guadalupe H. Mar","presa \u201cYuribia\u201d"],"articleSection":["De Opini\u00f3n"],"inLanguage":"es"},{"@type":"WebPage","@id":"https:\/\/lospoliticosveracruz.com\/?p=105714","url":"https:\/\/lospoliticosveracruz.com\/?p=105714","name":"AGUA - Los pol\u00edticos Veracruz","isPartOf":{"@id":"https:\/\/lospoliticosveracruz.com\/#website"},"datePublished":"2023-05-05T14:21:32+00:00","dateModified":"2023-05-05T14:21:38+00:00","breadcrumb":{"@id":"https:\/\/lospoliticosveracruz.com\/?p=105714#breadcrumb"},"inLanguage":"es","potentialAction":[{"@type":"ReadAction","target":["https:\/\/lospoliticosveracruz.com\/?p=105714"]}]},{"@type":"BreadcrumbList","@id":"https:\/\/lospoliticosveracruz.com\/?p=105714#breadcrumb","itemListElement":[{"@type":"ListItem","position":1,"name":"Portada","item":"https:\/\/lospoliticosveracruz.com\/"},{"@type":"ListItem","position":2,"name":"AGUA"}]},{"@type":"WebSite","@id":"https:\/\/lospoliticosveracruz.com\/#website","url":"https:\/\/lospoliticosveracruz.com\/","name":"Los pol\u00edticos Veracruz","description":"","publisher":{"@id":"https:\/\/lospoliticosveracruz.com\/#organization"},"potentialAction":[{"@type":"SearchAction","target":{"@type":"EntryPoint","urlTemplate":"https:\/\/lospoliticosveracruz.com\/?s={search_term_string}"},"query-input":{"@type":"PropertyValueSpecification","valueRequired":true,"valueName":"search_term_string"}}],"inLanguage":"es"},{"@type":"Organization","@id":"https:\/\/lospoliticosveracruz.com\/#organization","name":"Los pol\u00edticos Veracruz","url":"https:\/\/lospoliticosveracruz.com\/","logo":{"@type":"ImageObject","inLanguage":"es","@id":"https:\/\/lospoliticosveracruz.com\/#\/schema\/logo\/image\/","url":"https:\/\/lospoliticosveracruz.com\/wp-content\/uploads\/2025\/12\/Logo-Nuevo-LOS-POLITICOS-1.jpg","contentUrl":"https:\/\/lospoliticosveracruz.com\/wp-content\/uploads\/2025\/12\/Logo-Nuevo-LOS-POLITICOS-1.jpg","width":260,"height":70,"caption":"Los pol\u00edticos Veracruz"},"image":{"@id":"https:\/\/lospoliticosveracruz.com\/#\/schema\/logo\/image\/"},"sameAs":["https:\/\/www.facebook.com\/people\/Notimemes-de-los-Polticos\/61565672886568\/","https:\/\/x.com\/LosPoliticosVer"]},{"@type":"Person","@id":"https:\/\/lospoliticosveracruz.com\/#\/schema\/person\/b8702bb0e538456e6efd07080bf2a4a2","name":"Lo viste en Los Pol\u00edticos","image":{"@type":"ImageObject","inLanguage":"es","@id":"https:\/\/secure.gravatar.com\/avatar\/3a8de04a2656d44082be478bd6c086daa447c4651605818287b9532d3d0bd435?s=96&d=mm&r=g","url":"https:\/\/secure.gravatar.com\/avatar\/3a8de04a2656d44082be478bd6c086daa447c4651605818287b9532d3d0bd435?s=96&d=mm&r=g","contentUrl":"https:\/\/secure.gravatar.com\/avatar\/3a8de04a2656d44082be478bd6c086daa447c4651605818287b9532d3d0bd435?s=96&d=mm&r=g","caption":"Lo viste en Los Pol\u00edticos"},"url":"https:\/\/lospoliticosveracruz.com\/?author=2"}]}},"_links":{"self":[{"href":"https:\/\/lospoliticosveracruz.com\/index.php?rest_route=\/wp\/v2\/posts\/105714","targetHints":{"allow":["GET"]}}],"collection":[{"href":"https:\/\/lospoliticosveracruz.com\/index.php?rest_route=\/wp\/v2\/posts"}],"about":[{"href":"https:\/\/lospoliticosveracruz.com\/index.php?rest_route=\/wp\/v2\/types\/post"}],"author":[{"embeddable":true,"href":"https:\/\/lospoliticosveracruz.com\/index.php?rest_route=\/wp\/v2\/users\/2"}],"replies":[{"embeddable":true,"href":"https:\/\/lospoliticosveracruz.com\/index.php?rest_route=%2Fwp%2Fv2%2Fcomments&post=105714"}],"version-history":[{"count":1,"href":"https:\/\/lospoliticosveracruz.com\/index.php?rest_route=\/wp\/v2\/posts\/105714\/revisions"}],"predecessor-version":[{"id":105715,"href":"https:\/\/lospoliticosveracruz.com\/index.php?rest_route=\/wp\/v2\/posts\/105714\/revisions\/105715"}],"wp:attachment":[{"href":"https:\/\/lospoliticosveracruz.com\/index.php?rest_route=%2Fwp%2Fv2%2Fmedia&parent=105714"}],"wp:term":[{"taxonomy":"category","embeddable":true,"href":"https:\/\/lospoliticosveracruz.com\/index.php?rest_route=%2Fwp%2Fv2%2Fcategories&post=105714"},{"taxonomy":"post_tag","embeddable":true,"href":"https:\/\/lospoliticosveracruz.com\/index.php?rest_route=%2Fwp%2Fv2%2Ftags&post=105714"}],"curies":[{"name":"wp","href":"https:\/\/api.w.org\/{rel}","templated":true}]}}