{"id":105718,"date":"2023-05-05T12:02:14","date_gmt":"2023-05-05T17:02:14","guid":{"rendered":"https:\/\/lospoliticosveracruz.com.mx\/?p=105718"},"modified":"2023-05-05T12:02:19","modified_gmt":"2023-05-05T17:02:19","slug":"la-tierra-no-vale-nada","status":"publish","type":"post","link":"https:\/\/lospoliticosveracruz.com\/?p=105718","title":{"rendered":"\u00a1LA TIERRA NO VALE NADA!"},"content":{"rendered":"\n<p><strong>Teresa Carbajal<br><\/strong><em>Debo, no niego; pago, lo justo<\/em><\/p>\n\n\n\n<p>Pobre pa\u00eds, pobre campo, golpeado y sumido en la pobreza sin que nadie haga algo, sin que a nadie le importe.<\/p>\n\n\n<div class=\"wp-block-image\">\n<figure class=\"alignleft size-full is-resized\"><a href=\"https:\/\/lospoliticosveracruz.com.mx\/wp-content\/uploads\/2023\/02\/Vinissimo.jpg\"><img loading=\"lazy\" decoding=\"async\" src=\"https:\/\/lospoliticosveracruz.com.mx\/wp-content\/uploads\/2023\/02\/Vinissimo.jpg\" alt=\"\" class=\"wp-image-102752\" width=\"175\" height=\"178\"\/><\/a><\/figure>\n<\/div>\n\n\n<p>El \u00faltimo clavo sobre el ata\u00fad de la Financiera Rural, cuyo nombre final fue Financiera Nacional de Desarrollo Agropecuario, Rural, Forestal y Pesquero (FND), lo pusieron los Senadores de la Rep\u00fablica en su \u00faltima y controversial sesi\u00f3n del mes de abril del a\u00f1o 2023.<\/p>\n\n\n\n<p>Caso omiso hicieron los legisladores federales a los gritos de auxilio provenientes del campo, desde donde se exig\u00eda analizar con detenimiento y honradez la operatividad y funcionamiento de una banca de desarrollo que, con muchas fallas y \u2018asegunes\u2019 era su \u00fanica fuente de financiamiento. Voces que ped\u00edan reformar s\u00ed, mejorar tambi\u00e9n, pero no desaparecer, pues con ello no desaparec\u00eda el problema.<\/p>\n\n\n\n<p>Dejando las tierras hipotecadas, deudas pendientes, recursos que nunca se entregaron, garant\u00edas que no se devolvieron y un sin n\u00famero de tr\u00e1mites que ahora quedan en la incertidumbre; debido a la prisa de cumplirle al presidente la encomienda dada.<\/p>\n\n\n\n<p>Importa que a todos nos quede claro porque es grave tal extinci\u00f3n, y para eso tenemos que ponernos en el contexto de qu\u00e9 tan necesario es para todos nosotros el uso de cr\u00e9ditos.<\/p>\n\n\n\n<p>Es decir, \u00bfpor qu\u00e9 pedimos prestado?, y sobre todo \u00bfa qui\u00e9n le pedimos prestado?, sin temor a equivocaciones ni duda de por medio, puedo decir que estamos cursando el quinto peor a\u00f1o para las personas que han tenido la necesidad en ese mismo lapso de recurrir a financiamientos y tambi\u00e9n para aquellas que ya no pudieron pagar y ahora est\u00e1n en situaci\u00f3n de deuda.<\/p>\n\n\n\n<p>Cada a\u00f1o desde hace cinco a\u00f1os, es decir desde el 2018 ha sido peor que el anterior, el factor principal es que, a los prestamistas ll\u00e1mese bancos o financieras privadas se les ha dejado hacer todo lo que quieren bajo la mirada complaciente, permisiva y omisa de quienes tomaron el mando de la supervisi\u00f3n de los entes regulados.<br>De quienes al principio bajo el beneficio de la duda se les tach\u00f3 de ignorantes, pero hoy se sabe han actuado con perversidad para proteger a los due\u00f1os del dinero, ya sea para colocar cr\u00e9ditos caros, en condiciones abusivas o bien para arrebatarles su patrimonio si no pagan.<\/p>\n\n\n\n<p>As\u00ed, es una gran cadena de complicidad la que se observa desde la publicidad enga\u00f1osa al momento de ofrecer un cr\u00e9dito, la que se combina con la inmensa necesidad de obtener un alivio econ\u00f3mico cuando el hambre o la necesidad aprietan.<\/p>\n\n\n\n<p>Hasta la forma en que los tribunales se han convertido en una extensi\u00f3n de las agencias de cobranza que se contratan cuando se da la moratoria. De tal suerte que hasta desalojos pueden lograrse sin que agiotista tenga a\u00fan la escritura a su nombre del bien que intenta despojar, o el congelamiento de cuentas para poner de rodillas a los comerciantes.<\/p>\n\n\n\n<p>Se necesita deveras estar de este lado, de lado del pueblo, de lado de los pobres antes clase media, para saber lo que se siente pedir prestado que abusen de esa necesidad y despu\u00e9s que te hagan pedazos por no poder pagar, arrebat\u00e1ndote la dignidad de no tener modo de defenderse de un sistema opresor que cada d\u00eda brinda mas facilidades a los agiotistas de cuello blanco.<\/p>\n\n\n\n<p>No es que no queramos pagar, no es que nos endeudemos porque estamos pide y pide prestado, o porque no sepamos ahorrar, o porque somos morosos por herencia \u00a1Mentiras! Estamos endeudados porque no hay quien controle los abusos de los prestamistas.<\/p>\n\n\n\n<p>Quienes apenas escucharon la confirmaci\u00f3n de la desaparici\u00f3n de las financieras, ya levantaron la mano para dise\u00f1ar productos financieros, pr\u00e9stamos, que se encaminen a atender a ese sector doblemente vulnerable, financieras cuyo nombre no puede mencionar, pero de las que de acuerdo a su historial se distinguen por ser leoninas y abusivas.<\/p>\n\n\n\n<p>Y esas financieras ser\u00e1n ahora las encargadas de prestar a los productores para el cultivo de sus tierras, nada m\u00e1s imag\u00ednese Usted. Es doloroso pensar en lo que nos espera porque todos dependemos del campo, ese campo que a los legisladores no les dio la gana proteger, pues fue mas importante la pol\u00edtica.<\/p>\n\n\n\n<p>Factores externos que agravaron la crisis los hubo, el COVID y sus mortales consecuencias, la inflaci\u00f3n y el alza de precios, los cambios de tasas de inter\u00e9s, s\u00ed; pero el factor principal no han sido estos, sino la falta de regulaci\u00f3n y orden en los prestamistas.<\/p>\n\n\n\n<p>\u00danase ya, a la Jornada Estatal para la Defensa del Patrimonio Familiar 2281148502 visite www.elbarzonrc.org Contacte elbarzonrc@yahoo.com.mx, O s\u00edgame en @terecarbajal<\/p>\n","protected":false},"excerpt":{"rendered":"<p>Teresa CarbajalDebo, no niego; pago, lo justo Pobre pa\u00eds, pobre campo, golpeado y sumido en la pobreza sin que nadie haga algo, sin que a nadie le importe. El \u00faltimo clavo sobre el ata\u00fad de la Financiera Rural, cuyo nombre final fue Financiera Nacional de Desarrollo Agropecuario, Rural, Forestal y Pesquero (FND), lo pusieron los [&hellip;]<\/p>\n","protected":false},"author":2,"featured_media":0,"comment_status":"closed","ping_status":"closed","sticky":false,"template":"","format":"standard","meta":{"tdm_status":"","tdm_grid_status":"","footnotes":""},"categories":[70],"tags":[38060,15570],"class_list":{"0":"post-105718","1":"post","2":"type-post","3":"status-publish","4":"format-standard","6":"category-de-opinion","7":"tag-financiera-rural","8":"tag-teresa-carbajal"},"yoast_head":"<!-- This site is optimized with the Yoast SEO plugin v27.4 - https:\/\/yoast.com\/product\/yoast-seo-wordpress\/ -->\n<title>\u00a1LA TIERRA NO VALE NADA! - Los pol\u00edticos Veracruz<\/title>\n<meta name=\"robots\" content=\"index, follow, max-snippet:-1, max-image-preview:large, max-video-preview:-1\" \/>\n<link rel=\"canonical\" href=\"https:\/\/lospoliticosveracruz.com\/?p=105718\" \/>\n<meta property=\"og:locale\" content=\"es_ES\" \/>\n<meta property=\"og:type\" content=\"article\" \/>\n<meta property=\"og:title\" content=\"\u00a1LA TIERRA NO VALE NADA! - Los pol\u00edticos Veracruz\" \/>\n<meta property=\"og:description\" content=\"Teresa CarbajalDebo, no niego; pago, lo justo Pobre pa\u00eds, pobre campo, golpeado y sumido en la pobreza sin que nadie haga algo, sin que a nadie le importe. El \u00faltimo clavo sobre el ata\u00fad de la Financiera Rural, cuyo nombre final fue Financiera Nacional de Desarrollo Agropecuario, Rural, Forestal y Pesquero (FND), lo pusieron los [&hellip;]\" \/>\n<meta property=\"og:url\" content=\"https:\/\/lospoliticosveracruz.com\/?p=105718\" \/>\n<meta property=\"og:site_name\" content=\"Los pol\u00edticos Veracruz\" \/>\n<meta property=\"article:publisher\" content=\"https:\/\/www.facebook.com\/people\/Notimemes-de-los-Polticos\/61565672886568\/\" \/>\n<meta property=\"article:published_time\" content=\"2023-05-05T17:02:14+00:00\" \/>\n<meta property=\"article:modified_time\" content=\"2023-05-05T17:02:19+00:00\" \/>\n<meta property=\"og:image\" content=\"https:\/\/lospoliticosveracruz.com.mx\/wp-content\/uploads\/2023\/02\/Vinissimo.jpg\" \/>\n<meta name=\"author\" content=\"Lo viste en Los Pol\u00edticos\" \/>\n<meta name=\"twitter:card\" content=\"summary_large_image\" \/>\n<meta name=\"twitter:creator\" content=\"@LosPoliticosVer\" \/>\n<meta name=\"twitter:site\" content=\"@LosPoliticosVer\" \/>\n<meta name=\"twitter:label1\" content=\"Escrito por\" \/>\n\t<meta name=\"twitter:data1\" content=\"Lo viste en Los Pol\u00edticos\" \/>\n\t<meta name=\"twitter:label2\" content=\"Tiempo de lectura\" \/>\n\t<meta name=\"twitter:data2\" content=\"4 minutos\" \/>\n<script type=\"application\/ld+json\" class=\"yoast-schema-graph\">{\"@context\":\"https:\\\/\\\/schema.org\",\"@graph\":[{\"@type\":\"Article\",\"@id\":\"https:\\\/\\\/lospoliticosveracruz.com\\\/?p=105718#article\",\"isPartOf\":{\"@id\":\"https:\\\/\\\/lospoliticosveracruz.com\\\/?p=105718\"},\"author\":{\"name\":\"Lo viste en Los Pol\u00edticos\",\"@id\":\"https:\\\/\\\/lospoliticosveracruz.com\\\/#\\\/schema\\\/person\\\/b8702bb0e538456e6efd07080bf2a4a2\"},\"headline\":\"\u00a1LA TIERRA NO VALE NADA!\",\"datePublished\":\"2023-05-05T17:02:14+00:00\",\"dateModified\":\"2023-05-05T17:02:19+00:00\",\"mainEntityOfPage\":{\"@id\":\"https:\\\/\\\/lospoliticosveracruz.com\\\/?p=105718\"},\"wordCount\":810,\"publisher\":{\"@id\":\"https:\\\/\\\/lospoliticosveracruz.com\\\/#organization\"},\"image\":{\"@id\":\"https:\\\/\\\/lospoliticosveracruz.com\\\/?p=105718#primaryimage\"},\"thumbnailUrl\":\"https:\\\/\\\/lospoliticosveracruz.com.mx\\\/wp-content\\\/uploads\\\/2023\\\/02\\\/Vinissimo.jpg\",\"keywords\":[\"Financiera Rural\",\"Teresa Carbajal\"],\"articleSection\":[\"De Opini\u00f3n\"],\"inLanguage\":\"es\"},{\"@type\":\"WebPage\",\"@id\":\"https:\\\/\\\/lospoliticosveracruz.com\\\/?p=105718\",\"url\":\"https:\\\/\\\/lospoliticosveracruz.com\\\/?p=105718\",\"name\":\"\u00a1LA TIERRA NO VALE NADA! - Los pol\u00edticos Veracruz\",\"isPartOf\":{\"@id\":\"https:\\\/\\\/lospoliticosveracruz.com\\\/#website\"},\"primaryImageOfPage\":{\"@id\":\"https:\\\/\\\/lospoliticosveracruz.com\\\/?p=105718#primaryimage\"},\"image\":{\"@id\":\"https:\\\/\\\/lospoliticosveracruz.com\\\/?p=105718#primaryimage\"},\"thumbnailUrl\":\"https:\\\/\\\/lospoliticosveracruz.com.mx\\\/wp-content\\\/uploads\\\/2023\\\/02\\\/Vinissimo.jpg\",\"datePublished\":\"2023-05-05T17:02:14+00:00\",\"dateModified\":\"2023-05-05T17:02:19+00:00\",\"breadcrumb\":{\"@id\":\"https:\\\/\\\/lospoliticosveracruz.com\\\/?p=105718#breadcrumb\"},\"inLanguage\":\"es\",\"potentialAction\":[{\"@type\":\"ReadAction\",\"target\":[\"https:\\\/\\\/lospoliticosveracruz.com\\\/?p=105718\"]}]},{\"@type\":\"ImageObject\",\"inLanguage\":\"es\",\"@id\":\"https:\\\/\\\/lospoliticosveracruz.com\\\/?p=105718#primaryimage\",\"url\":\"https:\\\/\\\/lospoliticosveracruz.com.mx\\\/wp-content\\\/uploads\\\/2023\\\/02\\\/Vinissimo.jpg\",\"contentUrl\":\"https:\\\/\\\/lospoliticosveracruz.com.mx\\\/wp-content\\\/uploads\\\/2023\\\/02\\\/Vinissimo.jpg\"},{\"@type\":\"BreadcrumbList\",\"@id\":\"https:\\\/\\\/lospoliticosveracruz.com\\\/?p=105718#breadcrumb\",\"itemListElement\":[{\"@type\":\"ListItem\",\"position\":1,\"name\":\"Portada\",\"item\":\"https:\\\/\\\/lospoliticosveracruz.com\\\/\"},{\"@type\":\"ListItem\",\"position\":2,\"name\":\"\u00a1LA TIERRA NO VALE NADA!\"}]},{\"@type\":\"WebSite\",\"@id\":\"https:\\\/\\\/lospoliticosveracruz.com\\\/#website\",\"url\":\"https:\\\/\\\/lospoliticosveracruz.com\\\/\",\"name\":\"Los pol\u00edticos Veracruz\",\"description\":\"\",\"publisher\":{\"@id\":\"https:\\\/\\\/lospoliticosveracruz.com\\\/#organization\"},\"potentialAction\":[{\"@type\":\"SearchAction\",\"target\":{\"@type\":\"EntryPoint\",\"urlTemplate\":\"https:\\\/\\\/lospoliticosveracruz.com\\\/?s={search_term_string}\"},\"query-input\":{\"@type\":\"PropertyValueSpecification\",\"valueRequired\":true,\"valueName\":\"search_term_string\"}}],\"inLanguage\":\"es\"},{\"@type\":\"Organization\",\"@id\":\"https:\\\/\\\/lospoliticosveracruz.com\\\/#organization\",\"name\":\"Los pol\u00edticos Veracruz\",\"url\":\"https:\\\/\\\/lospoliticosveracruz.com\\\/\",\"logo\":{\"@type\":\"ImageObject\",\"inLanguage\":\"es\",\"@id\":\"https:\\\/\\\/lospoliticosveracruz.com\\\/#\\\/schema\\\/logo\\\/image\\\/\",\"url\":\"https:\\\/\\\/lospoliticosveracruz.com\\\/wp-content\\\/uploads\\\/2025\\\/12\\\/Logo-Nuevo-LOS-POLITICOS-1.jpg\",\"contentUrl\":\"https:\\\/\\\/lospoliticosveracruz.com\\\/wp-content\\\/uploads\\\/2025\\\/12\\\/Logo-Nuevo-LOS-POLITICOS-1.jpg\",\"width\":260,\"height\":70,\"caption\":\"Los pol\u00edticos Veracruz\"},\"image\":{\"@id\":\"https:\\\/\\\/lospoliticosveracruz.com\\\/#\\\/schema\\\/logo\\\/image\\\/\"},\"sameAs\":[\"https:\\\/\\\/www.facebook.com\\\/people\\\/Notimemes-de-los-Polticos\\\/61565672886568\\\/\",\"https:\\\/\\\/x.com\\\/LosPoliticosVer\"]},{\"@type\":\"Person\",\"@id\":\"https:\\\/\\\/lospoliticosveracruz.com\\\/#\\\/schema\\\/person\\\/b8702bb0e538456e6efd07080bf2a4a2\",\"name\":\"Lo viste en Los Pol\u00edticos\",\"image\":{\"@type\":\"ImageObject\",\"inLanguage\":\"es\",\"@id\":\"https:\\\/\\\/secure.gravatar.com\\\/avatar\\\/3a8de04a2656d44082be478bd6c086daa447c4651605818287b9532d3d0bd435?s=96&d=mm&r=g\",\"url\":\"https:\\\/\\\/secure.gravatar.com\\\/avatar\\\/3a8de04a2656d44082be478bd6c086daa447c4651605818287b9532d3d0bd435?s=96&d=mm&r=g\",\"contentUrl\":\"https:\\\/\\\/secure.gravatar.com\\\/avatar\\\/3a8de04a2656d44082be478bd6c086daa447c4651605818287b9532d3d0bd435?s=96&d=mm&r=g\",\"caption\":\"Lo viste en Los Pol\u00edticos\"},\"url\":\"https:\\\/\\\/lospoliticosveracruz.com\\\/?author=2\"}]}<\/script>\n<!-- \/ Yoast SEO plugin. -->","yoast_head_json":{"title":"\u00a1LA TIERRA NO VALE NADA! - Los pol\u00edticos Veracruz","robots":{"index":"index","follow":"follow","max-snippet":"max-snippet:-1","max-image-preview":"max-image-preview:large","max-video-preview":"max-video-preview:-1"},"canonical":"https:\/\/lospoliticosveracruz.com\/?p=105718","og_locale":"es_ES","og_type":"article","og_title":"\u00a1LA TIERRA NO VALE NADA! - Los pol\u00edticos Veracruz","og_description":"Teresa CarbajalDebo, no niego; pago, lo justo Pobre pa\u00eds, pobre campo, golpeado y sumido en la pobreza sin que nadie haga algo, sin que a nadie le importe. El \u00faltimo clavo sobre el ata\u00fad de la Financiera Rural, cuyo nombre final fue Financiera Nacional de Desarrollo Agropecuario, Rural, Forestal y Pesquero (FND), lo pusieron los [&hellip;]","og_url":"https:\/\/lospoliticosveracruz.com\/?p=105718","og_site_name":"Los pol\u00edticos Veracruz","article_publisher":"https:\/\/www.facebook.com\/people\/Notimemes-de-los-Polticos\/61565672886568\/","article_published_time":"2023-05-05T17:02:14+00:00","article_modified_time":"2023-05-05T17:02:19+00:00","og_image":[{"url":"https:\/\/lospoliticosveracruz.com.mx\/wp-content\/uploads\/2023\/02\/Vinissimo.jpg","type":"","width":"","height":""}],"author":"Lo viste en Los Pol\u00edticos","twitter_card":"summary_large_image","twitter_creator":"@LosPoliticosVer","twitter_site":"@LosPoliticosVer","twitter_misc":{"Escrito por":"Lo viste en Los Pol\u00edticos","Tiempo de lectura":"4 minutos"},"schema":{"@context":"https:\/\/schema.org","@graph":[{"@type":"Article","@id":"https:\/\/lospoliticosveracruz.com\/?p=105718#article","isPartOf":{"@id":"https:\/\/lospoliticosveracruz.com\/?p=105718"},"author":{"name":"Lo viste en Los Pol\u00edticos","@id":"https:\/\/lospoliticosveracruz.com\/#\/schema\/person\/b8702bb0e538456e6efd07080bf2a4a2"},"headline":"\u00a1LA TIERRA NO VALE NADA!","datePublished":"2023-05-05T17:02:14+00:00","dateModified":"2023-05-05T17:02:19+00:00","mainEntityOfPage":{"@id":"https:\/\/lospoliticosveracruz.com\/?p=105718"},"wordCount":810,"publisher":{"@id":"https:\/\/lospoliticosveracruz.com\/#organization"},"image":{"@id":"https:\/\/lospoliticosveracruz.com\/?p=105718#primaryimage"},"thumbnailUrl":"https:\/\/lospoliticosveracruz.com.mx\/wp-content\/uploads\/2023\/02\/Vinissimo.jpg","keywords":["Financiera Rural","Teresa Carbajal"],"articleSection":["De Opini\u00f3n"],"inLanguage":"es"},{"@type":"WebPage","@id":"https:\/\/lospoliticosveracruz.com\/?p=105718","url":"https:\/\/lospoliticosveracruz.com\/?p=105718","name":"\u00a1LA TIERRA NO VALE NADA! - Los pol\u00edticos Veracruz","isPartOf":{"@id":"https:\/\/lospoliticosveracruz.com\/#website"},"primaryImageOfPage":{"@id":"https:\/\/lospoliticosveracruz.com\/?p=105718#primaryimage"},"image":{"@id":"https:\/\/lospoliticosveracruz.com\/?p=105718#primaryimage"},"thumbnailUrl":"https:\/\/lospoliticosveracruz.com.mx\/wp-content\/uploads\/2023\/02\/Vinissimo.jpg","datePublished":"2023-05-05T17:02:14+00:00","dateModified":"2023-05-05T17:02:19+00:00","breadcrumb":{"@id":"https:\/\/lospoliticosveracruz.com\/?p=105718#breadcrumb"},"inLanguage":"es","potentialAction":[{"@type":"ReadAction","target":["https:\/\/lospoliticosveracruz.com\/?p=105718"]}]},{"@type":"ImageObject","inLanguage":"es","@id":"https:\/\/lospoliticosveracruz.com\/?p=105718#primaryimage","url":"https:\/\/lospoliticosveracruz.com.mx\/wp-content\/uploads\/2023\/02\/Vinissimo.jpg","contentUrl":"https:\/\/lospoliticosveracruz.com.mx\/wp-content\/uploads\/2023\/02\/Vinissimo.jpg"},{"@type":"BreadcrumbList","@id":"https:\/\/lospoliticosveracruz.com\/?p=105718#breadcrumb","itemListElement":[{"@type":"ListItem","position":1,"name":"Portada","item":"https:\/\/lospoliticosveracruz.com\/"},{"@type":"ListItem","position":2,"name":"\u00a1LA TIERRA NO VALE NADA!"}]},{"@type":"WebSite","@id":"https:\/\/lospoliticosveracruz.com\/#website","url":"https:\/\/lospoliticosveracruz.com\/","name":"Los pol\u00edticos Veracruz","description":"","publisher":{"@id":"https:\/\/lospoliticosveracruz.com\/#organization"},"potentialAction":[{"@type":"SearchAction","target":{"@type":"EntryPoint","urlTemplate":"https:\/\/lospoliticosveracruz.com\/?s={search_term_string}"},"query-input":{"@type":"PropertyValueSpecification","valueRequired":true,"valueName":"search_term_string"}}],"inLanguage":"es"},{"@type":"Organization","@id":"https:\/\/lospoliticosveracruz.com\/#organization","name":"Los pol\u00edticos Veracruz","url":"https:\/\/lospoliticosveracruz.com\/","logo":{"@type":"ImageObject","inLanguage":"es","@id":"https:\/\/lospoliticosveracruz.com\/#\/schema\/logo\/image\/","url":"https:\/\/lospoliticosveracruz.com\/wp-content\/uploads\/2025\/12\/Logo-Nuevo-LOS-POLITICOS-1.jpg","contentUrl":"https:\/\/lospoliticosveracruz.com\/wp-content\/uploads\/2025\/12\/Logo-Nuevo-LOS-POLITICOS-1.jpg","width":260,"height":70,"caption":"Los pol\u00edticos Veracruz"},"image":{"@id":"https:\/\/lospoliticosveracruz.com\/#\/schema\/logo\/image\/"},"sameAs":["https:\/\/www.facebook.com\/people\/Notimemes-de-los-Polticos\/61565672886568\/","https:\/\/x.com\/LosPoliticosVer"]},{"@type":"Person","@id":"https:\/\/lospoliticosveracruz.com\/#\/schema\/person\/b8702bb0e538456e6efd07080bf2a4a2","name":"Lo viste en Los Pol\u00edticos","image":{"@type":"ImageObject","inLanguage":"es","@id":"https:\/\/secure.gravatar.com\/avatar\/3a8de04a2656d44082be478bd6c086daa447c4651605818287b9532d3d0bd435?s=96&d=mm&r=g","url":"https:\/\/secure.gravatar.com\/avatar\/3a8de04a2656d44082be478bd6c086daa447c4651605818287b9532d3d0bd435?s=96&d=mm&r=g","contentUrl":"https:\/\/secure.gravatar.com\/avatar\/3a8de04a2656d44082be478bd6c086daa447c4651605818287b9532d3d0bd435?s=96&d=mm&r=g","caption":"Lo viste en Los Pol\u00edticos"},"url":"https:\/\/lospoliticosveracruz.com\/?author=2"}]}},"_links":{"self":[{"href":"https:\/\/lospoliticosveracruz.com\/index.php?rest_route=\/wp\/v2\/posts\/105718","targetHints":{"allow":["GET"]}}],"collection":[{"href":"https:\/\/lospoliticosveracruz.com\/index.php?rest_route=\/wp\/v2\/posts"}],"about":[{"href":"https:\/\/lospoliticosveracruz.com\/index.php?rest_route=\/wp\/v2\/types\/post"}],"author":[{"embeddable":true,"href":"https:\/\/lospoliticosveracruz.com\/index.php?rest_route=\/wp\/v2\/users\/2"}],"replies":[{"embeddable":true,"href":"https:\/\/lospoliticosveracruz.com\/index.php?rest_route=%2Fwp%2Fv2%2Fcomments&post=105718"}],"version-history":[{"count":1,"href":"https:\/\/lospoliticosveracruz.com\/index.php?rest_route=\/wp\/v2\/posts\/105718\/revisions"}],"predecessor-version":[{"id":105719,"href":"https:\/\/lospoliticosveracruz.com\/index.php?rest_route=\/wp\/v2\/posts\/105718\/revisions\/105719"}],"wp:attachment":[{"href":"https:\/\/lospoliticosveracruz.com\/index.php?rest_route=%2Fwp%2Fv2%2Fmedia&parent=105718"}],"wp:term":[{"taxonomy":"category","embeddable":true,"href":"https:\/\/lospoliticosveracruz.com\/index.php?rest_route=%2Fwp%2Fv2%2Fcategories&post=105718"},{"taxonomy":"post_tag","embeddable":true,"href":"https:\/\/lospoliticosveracruz.com\/index.php?rest_route=%2Fwp%2Fv2%2Ftags&post=105718"}],"curies":[{"name":"wp","href":"https:\/\/api.w.org\/{rel}","templated":true}]}}