{"id":105720,"date":"2023-05-05T12:49:01","date_gmt":"2023-05-05T17:49:01","guid":{"rendered":"https:\/\/lospoliticosveracruz.com.mx\/?p=105720"},"modified":"2023-05-05T12:49:05","modified_gmt":"2023-05-05T17:49:05","slug":"hablemos-de-los-comites-municipales-partidistas","status":"publish","type":"post","link":"https:\/\/lospoliticosveracruz.com\/?p=105720","title":{"rendered":"HABLEMOS DE LOS COMITES MUNICIPALES PARTIDISTAS"},"content":{"rendered":"\n<p><br><strong>Vicente Luna Hern\u00e1ndez<\/strong><\/p>\n\n\n\n<p>En el PRI y en el PRD habr\u00e1 pronto renovaci\u00f3n de dirigencias estatales \u2013 si hay presi\u00f3n de las bases \u2013 los periodos de sus dirigentes llega a su fin y los grupos al interior se mueven y eso es bueno para la oposici\u00f3n, significa que a\u00fan hay militancia que desea ser protagonista en el pr\u00f3ximo proceso electoral 2024, una militancia que la mayor\u00eda de las veces solo es buscada &#8211; que no escuchada &#8211; cuando se trata de elegir o designar a su presidente y secretaria general \u2013 o viceversa &#8211; sin embargo, hoy m\u00e1s que nunca la oposici\u00f3n necesita activar sus estructuras, sumar m\u00e1s militantes y tender puentes de comunicaci\u00f3n con grupos de la sociedad civil organizada en cada municipio.<br>Siempre es atractivo la renovaci\u00f3n de las dirigencias partidistas, gritos, sombrerazos, declaraciones desafortunadas o afortunadas, reuniones \u2013 donde muchas veces lo mejor es el caf\u00e9 &#8211; para buscar los mejores acuerdos en beneficios de ciertos grupos con alg\u00fan inter\u00e9s de participar en la renovaci\u00f3n de los cuadros, lo lamentable \u2013 sucede en todos los partidos &#8211; es ver las mismas caras buscando regresar \u2013 no me refiero a regresar algo material &#8211; a espacios de poder sin el verdadero inter\u00e9s de contribuir a lograr un partido triunfador, hoy parece, parece \u2013 puedo estar equivocado &#8211; que la mayor\u00eda de los que aspiran buscan llegar por v\u00eda plurinominal al Congreso de la Uni\u00f3n o Congreso del Estado.<br>Algunos m\u00e9todos de elecci\u00f3n partidistas son m\u00e1s desgastantes que otros, sin embargo, lo cierto es que en t\u00e9rminos generales son buenos, los partidos logran estar en las mesas de discusi\u00f3n, se involucran grupos pol\u00edticos alejados por conflictos con sus actuales dirigentes, sacuden a las bases, jalan reflectores y sobre todo, oxigenan las estructuras de sus comit\u00e9s directivos estatales.<br>Hoy m\u00e1s que nunca es necesario que los comit\u00e9s municipales sean protagonistas de esos cambios, de nada sirve una renovaci\u00f3n estatal sin el acompa\u00f1amiento de sus estructuras territoriales, no hablo de los nombres que tienen los dirigentes de los sectores en su escritorios, en sus carpetas, muchas de las veces son solo ficticios \u2013 solo puestos para presumir contar con estructura &#8211; hablo de los que verdaderamente operan en los municipios, decir que no hay militancia es como presumir que morena tiene una estructura territorial, no confundir con estructura gubernamental, la realidad es que inconformidad hay en todos los partidos y sino que le pregunten al Partido Verde.<\/p>\n\n\n\n<p>Tambi\u00e9n es cierto, que hay dirigentes municipales que han operado para el partido en el poder o se han mantenido al margen de una elecci\u00f3n, tambi\u00e9n es cierto que, que hay dirigentes municipales que solo llegaron por que no hab\u00eda a quien poner, seguro habr\u00e1 comit\u00e9s municipales donde nunca o de manera espor\u00e1dica, se llev\u00f3 a cabo alguna reuni\u00f3n entre todos los integrantes, todo eso se sabe en los municipios, ah\u00ed es donde tiene que llegar la renovaci\u00f3n tambi\u00e9n, de nada sirve tener el cargo de presidente o secretario general de un comit\u00e9, sino hay ning\u00fan inter\u00e9s en participar en la transformaci\u00f3n de su municipio, que nadie se sorprenda, la transformaci\u00f3n no es propiedad de un partido pol\u00edtico en particular, la transformaci\u00f3n es responsabilidad de todos\u2026incluidos los partidos de oposici\u00f3n.<br>Con la experiencia de haber operado pol\u00edticamente en diferentes campa\u00f1as electorales, s\u00e9 de la importancia de los comit\u00e9s municipales pero tambi\u00e9n me consta, de los trabajos que se llevan a cabo al margen de esos comit\u00e9s, actores pol\u00edticos que por diferencias personales o de grupos, no quieren trabajar de manera coordinada y cada quien hace proselitismo por su cuenta, estas circunstancias las veo como una oportunidad de sumar m\u00e1s grupos a favor de un proyecto pero respetando espacios y trayectorias, hay que dignificar el trabajo territorial, en cada municipio hay liderazgos que deben y exigen ser tratados con dignidad, los tiempos de cambiar \u201cespejitos\u201d por trabajo pol\u00edtico\u2026 son parte de la historia.<br>Siempre he considerado que sin comit\u00e9s municipales no hay partido, sin militancia territorial de nada sirve lo brillante de un proyecto o tener buenos candidatos, hoy m\u00e1s que nunca los partidos \u2013 todos &#8211; deben valorar y dignificar el trabajo que llevan a cabo la militancia y las organizaciones sociales en el discurso y en los espacios de poder, los verdaderos protagonistas hacia el 2024\u2026son la militancia y la sociedad civil organizada.<br>P.D.- Con el \u00e1nimo que realmente el Covid forme parte de esos fantasmas \u2013 como el autoritarismo presidencial &#8211; que no queremos que regrese\u2026Escribir\u00e9 otro d\u00eda.<\/p>\n","protected":false},"excerpt":{"rendered":"<p>Vicente Luna Hern\u00e1ndez En el PRI y en el PRD habr\u00e1 pronto renovaci\u00f3n de dirigencias estatales \u2013 si hay presi\u00f3n de las bases \u2013 los periodos de sus dirigentes llega a su fin y los grupos al interior se mueven y eso es bueno para la oposici\u00f3n, significa que a\u00fan hay militancia que desea ser [&hellip;]<\/p>\n","protected":false},"author":2,"featured_media":0,"comment_status":"closed","ping_status":"closed","sticky":false,"template":"","format":"standard","meta":{"tdm_status":"","tdm_grid_status":"","footnotes":""},"categories":[70],"tags":[17829,15667],"class_list":{"0":"post-105720","1":"post","2":"type-post","3":"status-publish","4":"format-standard","6":"category-de-opinion","7":"tag-covid","8":"tag-vicente-luna-hernandez"},"yoast_head":"<!-- This site is optimized with the Yoast SEO plugin v27.4 - https:\/\/yoast.com\/product\/yoast-seo-wordpress\/ -->\n<title>HABLEMOS DE LOS COMITES MUNICIPALES PARTIDISTAS - Los pol\u00edticos Veracruz<\/title>\n<meta name=\"robots\" content=\"index, follow, max-snippet:-1, max-image-preview:large, max-video-preview:-1\" \/>\n<link rel=\"canonical\" href=\"https:\/\/lospoliticosveracruz.com\/?p=105720\" \/>\n<meta property=\"og:locale\" content=\"es_ES\" \/>\n<meta property=\"og:type\" content=\"article\" \/>\n<meta property=\"og:title\" content=\"HABLEMOS DE LOS COMITES MUNICIPALES PARTIDISTAS - Los pol\u00edticos Veracruz\" \/>\n<meta property=\"og:description\" content=\"Vicente Luna Hern\u00e1ndez En el PRI y en el PRD habr\u00e1 pronto renovaci\u00f3n de dirigencias estatales \u2013 si hay presi\u00f3n de las bases \u2013 los periodos de sus dirigentes llega a su fin y los grupos al interior se mueven y eso es bueno para la oposici\u00f3n, significa que a\u00fan hay militancia que desea ser [&hellip;]\" \/>\n<meta property=\"og:url\" content=\"https:\/\/lospoliticosveracruz.com\/?p=105720\" \/>\n<meta property=\"og:site_name\" content=\"Los pol\u00edticos Veracruz\" \/>\n<meta property=\"article:publisher\" content=\"https:\/\/www.facebook.com\/people\/Notimemes-de-los-Polticos\/61565672886568\/\" \/>\n<meta property=\"article:published_time\" content=\"2023-05-05T17:49:01+00:00\" \/>\n<meta property=\"article:modified_time\" content=\"2023-05-05T17:49:05+00:00\" \/>\n<meta property=\"og:image\" content=\"https:\/\/lospoliticosveracruz.com\/wp-content\/uploads\/2016\/07\/Logo-Dor.jpg\" \/>\n\t<meta property=\"og:image:width\" content=\"200\" \/>\n\t<meta property=\"og:image:height\" content=\"200\" \/>\n\t<meta property=\"og:image:type\" content=\"image\/jpeg\" \/>\n<meta name=\"author\" content=\"Lo viste en Los Pol\u00edticos\" \/>\n<meta name=\"twitter:card\" content=\"summary_large_image\" \/>\n<meta name=\"twitter:creator\" content=\"@LosPoliticosVer\" \/>\n<meta name=\"twitter:site\" content=\"@LosPoliticosVer\" \/>\n<meta name=\"twitter:label1\" content=\"Escrito por\" \/>\n\t<meta name=\"twitter:data1\" content=\"Lo viste en Los Pol\u00edticos\" \/>\n\t<meta name=\"twitter:label2\" content=\"Tiempo de lectura\" \/>\n\t<meta name=\"twitter:data2\" content=\"4 minutos\" \/>\n<script type=\"application\/ld+json\" class=\"yoast-schema-graph\">{\"@context\":\"https:\\\/\\\/schema.org\",\"@graph\":[{\"@type\":\"Article\",\"@id\":\"https:\\\/\\\/lospoliticosveracruz.com\\\/?p=105720#article\",\"isPartOf\":{\"@id\":\"https:\\\/\\\/lospoliticosveracruz.com\\\/?p=105720\"},\"author\":{\"name\":\"Lo viste en Los Pol\u00edticos\",\"@id\":\"https:\\\/\\\/lospoliticosveracruz.com\\\/#\\\/schema\\\/person\\\/b8702bb0e538456e6efd07080bf2a4a2\"},\"headline\":\"HABLEMOS DE LOS COMITES MUNICIPALES PARTIDISTAS\",\"datePublished\":\"2023-05-05T17:49:01+00:00\",\"dateModified\":\"2023-05-05T17:49:05+00:00\",\"mainEntityOfPage\":{\"@id\":\"https:\\\/\\\/lospoliticosveracruz.com\\\/?p=105720\"},\"wordCount\":803,\"publisher\":{\"@id\":\"https:\\\/\\\/lospoliticosveracruz.com\\\/#organization\"},\"keywords\":[\"Covid\",\"Vicente Luna Hern\u00e1ndez\"],\"articleSection\":[\"De Opini\u00f3n\"],\"inLanguage\":\"es\"},{\"@type\":\"WebPage\",\"@id\":\"https:\\\/\\\/lospoliticosveracruz.com\\\/?p=105720\",\"url\":\"https:\\\/\\\/lospoliticosveracruz.com\\\/?p=105720\",\"name\":\"HABLEMOS DE LOS COMITES MUNICIPALES PARTIDISTAS - Los pol\u00edticos Veracruz\",\"isPartOf\":{\"@id\":\"https:\\\/\\\/lospoliticosveracruz.com\\\/#website\"},\"datePublished\":\"2023-05-05T17:49:01+00:00\",\"dateModified\":\"2023-05-05T17:49:05+00:00\",\"breadcrumb\":{\"@id\":\"https:\\\/\\\/lospoliticosveracruz.com\\\/?p=105720#breadcrumb\"},\"inLanguage\":\"es\",\"potentialAction\":[{\"@type\":\"ReadAction\",\"target\":[\"https:\\\/\\\/lospoliticosveracruz.com\\\/?p=105720\"]}]},{\"@type\":\"BreadcrumbList\",\"@id\":\"https:\\\/\\\/lospoliticosveracruz.com\\\/?p=105720#breadcrumb\",\"itemListElement\":[{\"@type\":\"ListItem\",\"position\":1,\"name\":\"Portada\",\"item\":\"https:\\\/\\\/lospoliticosveracruz.com\\\/\"},{\"@type\":\"ListItem\",\"position\":2,\"name\":\"HABLEMOS DE LOS COMITES MUNICIPALES PARTIDISTAS\"}]},{\"@type\":\"WebSite\",\"@id\":\"https:\\\/\\\/lospoliticosveracruz.com\\\/#website\",\"url\":\"https:\\\/\\\/lospoliticosveracruz.com\\\/\",\"name\":\"Los pol\u00edticos Veracruz\",\"description\":\"\",\"publisher\":{\"@id\":\"https:\\\/\\\/lospoliticosveracruz.com\\\/#organization\"},\"potentialAction\":[{\"@type\":\"SearchAction\",\"target\":{\"@type\":\"EntryPoint\",\"urlTemplate\":\"https:\\\/\\\/lospoliticosveracruz.com\\\/?s={search_term_string}\"},\"query-input\":{\"@type\":\"PropertyValueSpecification\",\"valueRequired\":true,\"valueName\":\"search_term_string\"}}],\"inLanguage\":\"es\"},{\"@type\":\"Organization\",\"@id\":\"https:\\\/\\\/lospoliticosveracruz.com\\\/#organization\",\"name\":\"Los pol\u00edticos Veracruz\",\"url\":\"https:\\\/\\\/lospoliticosveracruz.com\\\/\",\"logo\":{\"@type\":\"ImageObject\",\"inLanguage\":\"es\",\"@id\":\"https:\\\/\\\/lospoliticosveracruz.com\\\/#\\\/schema\\\/logo\\\/image\\\/\",\"url\":\"https:\\\/\\\/lospoliticosveracruz.com\\\/wp-content\\\/uploads\\\/2025\\\/12\\\/Logo-Nuevo-LOS-POLITICOS-1.jpg\",\"contentUrl\":\"https:\\\/\\\/lospoliticosveracruz.com\\\/wp-content\\\/uploads\\\/2025\\\/12\\\/Logo-Nuevo-LOS-POLITICOS-1.jpg\",\"width\":260,\"height\":70,\"caption\":\"Los pol\u00edticos Veracruz\"},\"image\":{\"@id\":\"https:\\\/\\\/lospoliticosveracruz.com\\\/#\\\/schema\\\/logo\\\/image\\\/\"},\"sameAs\":[\"https:\\\/\\\/www.facebook.com\\\/people\\\/Notimemes-de-los-Polticos\\\/61565672886568\\\/\",\"https:\\\/\\\/x.com\\\/LosPoliticosVer\"]},{\"@type\":\"Person\",\"@id\":\"https:\\\/\\\/lospoliticosveracruz.com\\\/#\\\/schema\\\/person\\\/b8702bb0e538456e6efd07080bf2a4a2\",\"name\":\"Lo viste en Los Pol\u00edticos\",\"image\":{\"@type\":\"ImageObject\",\"inLanguage\":\"es\",\"@id\":\"https:\\\/\\\/secure.gravatar.com\\\/avatar\\\/3a8de04a2656d44082be478bd6c086daa447c4651605818287b9532d3d0bd435?s=96&d=mm&r=g\",\"url\":\"https:\\\/\\\/secure.gravatar.com\\\/avatar\\\/3a8de04a2656d44082be478bd6c086daa447c4651605818287b9532d3d0bd435?s=96&d=mm&r=g\",\"contentUrl\":\"https:\\\/\\\/secure.gravatar.com\\\/avatar\\\/3a8de04a2656d44082be478bd6c086daa447c4651605818287b9532d3d0bd435?s=96&d=mm&r=g\",\"caption\":\"Lo viste en Los Pol\u00edticos\"},\"url\":\"https:\\\/\\\/lospoliticosveracruz.com\\\/?author=2\"}]}<\/script>\n<!-- \/ Yoast SEO plugin. -->","yoast_head_json":{"title":"HABLEMOS DE LOS COMITES MUNICIPALES PARTIDISTAS - Los pol\u00edticos Veracruz","robots":{"index":"index","follow":"follow","max-snippet":"max-snippet:-1","max-image-preview":"max-image-preview:large","max-video-preview":"max-video-preview:-1"},"canonical":"https:\/\/lospoliticosveracruz.com\/?p=105720","og_locale":"es_ES","og_type":"article","og_title":"HABLEMOS DE LOS COMITES MUNICIPALES PARTIDISTAS - Los pol\u00edticos Veracruz","og_description":"Vicente Luna Hern\u00e1ndez En el PRI y en el PRD habr\u00e1 pronto renovaci\u00f3n de dirigencias estatales \u2013 si hay presi\u00f3n de las bases \u2013 los periodos de sus dirigentes llega a su fin y los grupos al interior se mueven y eso es bueno para la oposici\u00f3n, significa que a\u00fan hay militancia que desea ser [&hellip;]","og_url":"https:\/\/lospoliticosveracruz.com\/?p=105720","og_site_name":"Los pol\u00edticos Veracruz","article_publisher":"https:\/\/www.facebook.com\/people\/Notimemes-de-los-Polticos\/61565672886568\/","article_published_time":"2023-05-05T17:49:01+00:00","article_modified_time":"2023-05-05T17:49:05+00:00","og_image":[{"width":200,"height":200,"url":"https:\/\/lospoliticosveracruz.com\/wp-content\/uploads\/2016\/07\/Logo-Dor.jpg","type":"image\/jpeg"}],"author":"Lo viste en Los Pol\u00edticos","twitter_card":"summary_large_image","twitter_creator":"@LosPoliticosVer","twitter_site":"@LosPoliticosVer","twitter_misc":{"Escrito por":"Lo viste en Los Pol\u00edticos","Tiempo de lectura":"4 minutos"},"schema":{"@context":"https:\/\/schema.org","@graph":[{"@type":"Article","@id":"https:\/\/lospoliticosveracruz.com\/?p=105720#article","isPartOf":{"@id":"https:\/\/lospoliticosveracruz.com\/?p=105720"},"author":{"name":"Lo viste en Los Pol\u00edticos","@id":"https:\/\/lospoliticosveracruz.com\/#\/schema\/person\/b8702bb0e538456e6efd07080bf2a4a2"},"headline":"HABLEMOS DE LOS COMITES MUNICIPALES PARTIDISTAS","datePublished":"2023-05-05T17:49:01+00:00","dateModified":"2023-05-05T17:49:05+00:00","mainEntityOfPage":{"@id":"https:\/\/lospoliticosveracruz.com\/?p=105720"},"wordCount":803,"publisher":{"@id":"https:\/\/lospoliticosveracruz.com\/#organization"},"keywords":["Covid","Vicente Luna Hern\u00e1ndez"],"articleSection":["De Opini\u00f3n"],"inLanguage":"es"},{"@type":"WebPage","@id":"https:\/\/lospoliticosveracruz.com\/?p=105720","url":"https:\/\/lospoliticosveracruz.com\/?p=105720","name":"HABLEMOS DE LOS COMITES MUNICIPALES PARTIDISTAS - Los pol\u00edticos Veracruz","isPartOf":{"@id":"https:\/\/lospoliticosveracruz.com\/#website"},"datePublished":"2023-05-05T17:49:01+00:00","dateModified":"2023-05-05T17:49:05+00:00","breadcrumb":{"@id":"https:\/\/lospoliticosveracruz.com\/?p=105720#breadcrumb"},"inLanguage":"es","potentialAction":[{"@type":"ReadAction","target":["https:\/\/lospoliticosveracruz.com\/?p=105720"]}]},{"@type":"BreadcrumbList","@id":"https:\/\/lospoliticosveracruz.com\/?p=105720#breadcrumb","itemListElement":[{"@type":"ListItem","position":1,"name":"Portada","item":"https:\/\/lospoliticosveracruz.com\/"},{"@type":"ListItem","position":2,"name":"HABLEMOS DE LOS COMITES MUNICIPALES PARTIDISTAS"}]},{"@type":"WebSite","@id":"https:\/\/lospoliticosveracruz.com\/#website","url":"https:\/\/lospoliticosveracruz.com\/","name":"Los pol\u00edticos Veracruz","description":"","publisher":{"@id":"https:\/\/lospoliticosveracruz.com\/#organization"},"potentialAction":[{"@type":"SearchAction","target":{"@type":"EntryPoint","urlTemplate":"https:\/\/lospoliticosveracruz.com\/?s={search_term_string}"},"query-input":{"@type":"PropertyValueSpecification","valueRequired":true,"valueName":"search_term_string"}}],"inLanguage":"es"},{"@type":"Organization","@id":"https:\/\/lospoliticosveracruz.com\/#organization","name":"Los pol\u00edticos Veracruz","url":"https:\/\/lospoliticosveracruz.com\/","logo":{"@type":"ImageObject","inLanguage":"es","@id":"https:\/\/lospoliticosveracruz.com\/#\/schema\/logo\/image\/","url":"https:\/\/lospoliticosveracruz.com\/wp-content\/uploads\/2025\/12\/Logo-Nuevo-LOS-POLITICOS-1.jpg","contentUrl":"https:\/\/lospoliticosveracruz.com\/wp-content\/uploads\/2025\/12\/Logo-Nuevo-LOS-POLITICOS-1.jpg","width":260,"height":70,"caption":"Los pol\u00edticos Veracruz"},"image":{"@id":"https:\/\/lospoliticosveracruz.com\/#\/schema\/logo\/image\/"},"sameAs":["https:\/\/www.facebook.com\/people\/Notimemes-de-los-Polticos\/61565672886568\/","https:\/\/x.com\/LosPoliticosVer"]},{"@type":"Person","@id":"https:\/\/lospoliticosveracruz.com\/#\/schema\/person\/b8702bb0e538456e6efd07080bf2a4a2","name":"Lo viste en Los Pol\u00edticos","image":{"@type":"ImageObject","inLanguage":"es","@id":"https:\/\/secure.gravatar.com\/avatar\/3a8de04a2656d44082be478bd6c086daa447c4651605818287b9532d3d0bd435?s=96&d=mm&r=g","url":"https:\/\/secure.gravatar.com\/avatar\/3a8de04a2656d44082be478bd6c086daa447c4651605818287b9532d3d0bd435?s=96&d=mm&r=g","contentUrl":"https:\/\/secure.gravatar.com\/avatar\/3a8de04a2656d44082be478bd6c086daa447c4651605818287b9532d3d0bd435?s=96&d=mm&r=g","caption":"Lo viste en Los Pol\u00edticos"},"url":"https:\/\/lospoliticosveracruz.com\/?author=2"}]}},"_links":{"self":[{"href":"https:\/\/lospoliticosveracruz.com\/index.php?rest_route=\/wp\/v2\/posts\/105720","targetHints":{"allow":["GET"]}}],"collection":[{"href":"https:\/\/lospoliticosveracruz.com\/index.php?rest_route=\/wp\/v2\/posts"}],"about":[{"href":"https:\/\/lospoliticosveracruz.com\/index.php?rest_route=\/wp\/v2\/types\/post"}],"author":[{"embeddable":true,"href":"https:\/\/lospoliticosveracruz.com\/index.php?rest_route=\/wp\/v2\/users\/2"}],"replies":[{"embeddable":true,"href":"https:\/\/lospoliticosveracruz.com\/index.php?rest_route=%2Fwp%2Fv2%2Fcomments&post=105720"}],"version-history":[{"count":1,"href":"https:\/\/lospoliticosveracruz.com\/index.php?rest_route=\/wp\/v2\/posts\/105720\/revisions"}],"predecessor-version":[{"id":105721,"href":"https:\/\/lospoliticosveracruz.com\/index.php?rest_route=\/wp\/v2\/posts\/105720\/revisions\/105721"}],"wp:attachment":[{"href":"https:\/\/lospoliticosveracruz.com\/index.php?rest_route=%2Fwp%2Fv2%2Fmedia&parent=105720"}],"wp:term":[{"taxonomy":"category","embeddable":true,"href":"https:\/\/lospoliticosveracruz.com\/index.php?rest_route=%2Fwp%2Fv2%2Fcategories&post=105720"},{"taxonomy":"post_tag","embeddable":true,"href":"https:\/\/lospoliticosveracruz.com\/index.php?rest_route=%2Fwp%2Fv2%2Ftags&post=105720"}],"curies":[{"name":"wp","href":"https:\/\/api.w.org\/{rel}","templated":true}]}}