{"id":105761,"date":"2023-05-07T16:33:58","date_gmt":"2023-05-07T21:33:58","guid":{"rendered":"https:\/\/lospoliticosveracruz.com.mx\/?p=105761"},"modified":"2023-05-07T16:34:10","modified_gmt":"2023-05-07T21:34:10","slug":"caravana-de-agradecimiento","status":"publish","type":"post","link":"https:\/\/lospoliticosveracruz.com\/?p=105761","title":{"rendered":"CARAVANA DE AGRADECIMIENTO!"},"content":{"rendered":"\n<p><\/p>\n\n\n\n<p>Ciudad Mendoza<\/p>\n\n\n\n<p>Encabezados por el alcalde de Ciudad Mendoza, H\u00e9ctor Rodr\u00edguez Cort\u00e9s, habitantes de la regi\u00f3n de las altas monta\u00f1as y la zona centro del estado, as\u00ed como maestros, integrantes del Movimiento Magisterial, participaron en la caravana, que se llev\u00f3 a cabo este domingo en agradecimiento al presidente Andr\u00e9s Manuel L\u00f3pez Obrador y al gobernador Cuitl\u00e1huac Garc\u00eda Jim\u00e9nez por eliminar la caseta de peaje n\u00famero 45 de Fort\u00edn de las Flores.<\/p>\n\n\n\n<p>El presidente municipal, aplaudi\u00f3 esta acci\u00f3n del gobierno federal, la cual ayudar\u00e1 a reactivar la econom\u00eda de la regi\u00f3n, que beneficiar\u00e1 a diversos sectores, como el del autotransporte de carga, pero tambi\u00e9n a los comerciantes, productores, empresarios, maestros, estudiantes y automovilistas particulares que circulan por dicha v\u00eda.<\/p>\n\n\n\n<p>\u201cEl d\u00eda de hoy nos re\u00fane un gran hecho que por a\u00f1os fue una demanda ciudadana, el retiro de la caseta de cobro de Fort\u00edn, en la cual cruzan diariamente un aproximado de 34 mil 500 veh\u00edculos. Durante a\u00f1os los anteriores gobierno hicieron o\u00eddos sordos a esta demanda popular de todos los que habitamos la zona centro del estado. Hoy esta petici\u00f3n que por a\u00f1os nunca fue escuchada, es una realidad, gracias a las gestiones de nuestro gobernador del estado, el ingeniero Cuitl\u00e1huac Garc\u00eda Jim\u00e9nez y la decisi\u00f3n de nuestro presidente Andr\u00e9s Manuel L\u00f3pez Obrador\u201d.<\/p>\n\n\n\n<p>El alcalde record\u00f3 que el retiro de la caseta de peaje era una demanda a\u00f1eja por parte de la poblaci\u00f3n de la zona y de los transportistas, ya que representaba un gasto innecesario y un cuello de botella, por lo que agradeci\u00f3 la decisi\u00f3n tomada por el gobierno de la 4T.<\/p>\n\n\n\n<p>\u201cGracias a ello, hoy ciudadanos de Camerino Z. Mendoza y municipios vecinos y transportistas organizados decidimos llevar a cabo una caravana en agradecimiento a nuestro presidente y a nuestro gobernador porque debe quedar claro, que es gracias a ellos, que se est\u00e1 eliminando el cobro de peaje de esta caseta y no de otros personajes que nada tienen que ver y que durante a\u00f1os no hicieron nada para que esto sucediera. Hoy los gobiernos de la Cuarta Transformaci\u00f3n s\u00ed escuchan y apoyan a los ciudadanos, lo que nunca hicieron los gobiernos del PRI y del PAN\u201d.<\/p>\n\n\n\n<p>NO HAB\u00cdA RAZ\u00d3N PARA CONSERVARLA: SERGIO RODR\u00cdGUEZ<\/p>\n\n\n\n<p>Por su parte, el Procurador Estatal de Protecci\u00f3n al Medio Ambiente, Sergio Rodr\u00edguez Cort\u00e9s, destac\u00f3 que no exist\u00eda raz\u00f3n para conservar la caseta de Fort\u00edn, ya que s\u00f3lo era una limitante para el desarrollo de la zona centro y su \u00fanica funci\u00f3n era la recaudaci\u00f3n en detrimento de la econom\u00eda de automovilistas y transportistas.<\/p>\n\n\n\n<p>El tambi\u00e9n ex diputado local, dijo que la caseta de Fort\u00edn de las Flores imposibilit\u00f3 por muchos a\u00f1os la interacci\u00f3n natural en dicha conurbaci\u00f3n, la cual es rica en recursos naturales e intercambio econ\u00f3mico.<\/p>\n\n\n\n<p>\u201cDesde que tengo uso de raz\u00f3n, la caseta de Fort\u00edn fue una barrera contra el desarrollo de la zona Orizaba-C\u00f3rdoba, pues no s\u00f3lo nos divid\u00eda, sino que imposibilit\u00f3 por muchos a\u00f1os la interacci\u00f3n natural en una conurbaci\u00f3n tan grande y rica en recursos naturales, folclor y los viajeros que le dan vida y sentido a esta zona\u201d.<\/p>\n\n\n\n<p>Destac\u00f3 que no hab\u00eda raz\u00f3n para conservar dicha barrera m\u00e1s que la econ\u00f3mica. \u201cEl gobierno pri\u00edsta la implement\u00f3 y el gobierno panista decidi\u00f3 dejarla para perjuicio de la gente; la raz\u00f3n siempre ha sido la recaudaci\u00f3n econ\u00f3mica, no hay otra, aunque estos partidos antes mencionados se empe\u00f1an en no reconocer al Gobierno de la 4T, a nuestro Presidente Andr\u00e9s Manuel L\u00f3pez Obrador, cuyas decisiones se basan en beneficiar a las mayor\u00edas, en apoyar al pueblo y a los m\u00e1s desprotegidos\u201d.<\/p>\n\n\n\n<p>En este sentido, se sum\u00f3 al agradecimiento al presidente y al gobernador Cuitl\u00e1huac Garc\u00eda Jim\u00e9nez para el retiro de la caseta, \u201cBien dice nuestro presidente que la pol\u00edtica siempre toma sentido cuando se pone al servicio de los dem\u00e1s, y aprovecho para reconocer a nuestro gobernador, Cuitl\u00e1huac Garc\u00eda, mi jefe, quien al lado del Presidente, hace historia d\u00eda a d\u00eda replicando las pol\u00edticas p\u00fablicas en beneficio de los que menos tienen\u201d.<\/p>\n\n\n\n<p>La caravana parti\u00f3 desde el \u201cSal\u00f3n Petroleros\u201d, en Ciudad Mendoza rumbo a C\u00f3rdoba, en la cual participaron habitantes de diversos sectores, as\u00ed como maestros del Movimiento Magisterial, representados por el secretario de Educaci\u00f3n, Zenyazen Escobar Garc\u00eda.<\/p>\n","protected":false},"excerpt":{"rendered":"<p>Ciudad Mendoza Encabezados por el alcalde de Ciudad Mendoza, H\u00e9ctor Rodr\u00edguez Cort\u00e9s, habitantes de la regi\u00f3n de las altas monta\u00f1as y la zona centro del estado, as\u00ed como maestros, integrantes del Movimiento Magisterial, participaron en la caravana, que se llev\u00f3 a cabo este domingo en agradecimiento al presidente Andr\u00e9s Manuel L\u00f3pez Obrador y al gobernador [&hellip;]<\/p>\n","protected":false},"author":2,"featured_media":0,"comment_status":"closed","ping_status":"closed","sticky":false,"template":"","format":"standard","meta":{"tdm_status":"","tdm_grid_status":"","footnotes":""},"categories":[70],"tags":[618,21816,13084,1563,2254,31600,1026,195],"class_list":{"0":"post-105761","1":"post","2":"type-post","3":"status-publish","4":"format-standard","6":"category-de-opinion","7":"tag-andres-manuel-lopez-obrador","8":"tag-caseta","9":"tag-ciudad-mendoza","10":"tag-cuitlahuac-garcia-jimenez","11":"tag-fortin-de-las-flores","12":"tag-hector-rodriguez-cortes","13":"tag-morena","14":"tag-veracruz"},"yoast_head":"<!-- This site is optimized with the Yoast SEO plugin v27.4 - https:\/\/yoast.com\/product\/yoast-seo-wordpress\/ -->\n<title>CARAVANA DE AGRADECIMIENTO! - Los pol\u00edticos Veracruz<\/title>\n<meta name=\"robots\" content=\"index, follow, max-snippet:-1, max-image-preview:large, max-video-preview:-1\" \/>\n<link rel=\"canonical\" href=\"https:\/\/lospoliticosveracruz.com\/?p=105761\" \/>\n<meta property=\"og:locale\" content=\"es_ES\" \/>\n<meta property=\"og:type\" content=\"article\" \/>\n<meta property=\"og:title\" content=\"CARAVANA DE AGRADECIMIENTO! - Los pol\u00edticos Veracruz\" \/>\n<meta property=\"og:description\" content=\"Ciudad Mendoza Encabezados por el alcalde de Ciudad Mendoza, H\u00e9ctor Rodr\u00edguez Cort\u00e9s, habitantes de la regi\u00f3n de las altas monta\u00f1as y la zona centro del estado, as\u00ed como maestros, integrantes del Movimiento Magisterial, participaron en la caravana, que se llev\u00f3 a cabo este domingo en agradecimiento al presidente Andr\u00e9s Manuel L\u00f3pez Obrador y al gobernador [&hellip;]\" \/>\n<meta property=\"og:url\" content=\"https:\/\/lospoliticosveracruz.com\/?p=105761\" \/>\n<meta property=\"og:site_name\" content=\"Los pol\u00edticos Veracruz\" \/>\n<meta property=\"article:publisher\" content=\"https:\/\/www.facebook.com\/people\/Notimemes-de-los-Polticos\/61565672886568\/\" \/>\n<meta property=\"article:published_time\" content=\"2023-05-07T21:33:58+00:00\" \/>\n<meta property=\"article:modified_time\" content=\"2023-05-07T21:34:10+00:00\" \/>\n<meta property=\"og:image\" content=\"https:\/\/lospoliticosveracruz.com\/wp-content\/uploads\/2016\/07\/Logo-Dor.jpg\" \/>\n\t<meta property=\"og:image:width\" content=\"200\" \/>\n\t<meta property=\"og:image:height\" content=\"200\" \/>\n\t<meta property=\"og:image:type\" content=\"image\/jpeg\" \/>\n<meta name=\"author\" content=\"Lo viste en Los Pol\u00edticos\" \/>\n<meta name=\"twitter:card\" content=\"summary_large_image\" \/>\n<meta name=\"twitter:creator\" content=\"@LosPoliticosVer\" \/>\n<meta name=\"twitter:site\" content=\"@LosPoliticosVer\" \/>\n<meta name=\"twitter:label1\" content=\"Escrito por\" \/>\n\t<meta name=\"twitter:data1\" content=\"Lo viste en Los Pol\u00edticos\" \/>\n\t<meta name=\"twitter:label2\" content=\"Tiempo de lectura\" \/>\n\t<meta name=\"twitter:data2\" content=\"4 minutos\" \/>\n<script type=\"application\/ld+json\" class=\"yoast-schema-graph\">{\"@context\":\"https:\\\/\\\/schema.org\",\"@graph\":[{\"@type\":\"Article\",\"@id\":\"https:\\\/\\\/lospoliticosveracruz.com\\\/?p=105761#article\",\"isPartOf\":{\"@id\":\"https:\\\/\\\/lospoliticosveracruz.com\\\/?p=105761\"},\"author\":{\"name\":\"Lo viste en Los Pol\u00edticos\",\"@id\":\"https:\\\/\\\/lospoliticosveracruz.com\\\/#\\\/schema\\\/person\\\/b8702bb0e538456e6efd07080bf2a4a2\"},\"headline\":\"CARAVANA DE AGRADECIMIENTO!\",\"datePublished\":\"2023-05-07T21:33:58+00:00\",\"dateModified\":\"2023-05-07T21:34:10+00:00\",\"mainEntityOfPage\":{\"@id\":\"https:\\\/\\\/lospoliticosveracruz.com\\\/?p=105761\"},\"wordCount\":791,\"publisher\":{\"@id\":\"https:\\\/\\\/lospoliticosveracruz.com\\\/#organization\"},\"keywords\":[\"Andr\u00e9s Manuel L\u00f3pez Obrador\",\"Caseta\",\"Ciudad Mendoza\",\"Cuitl\u00e1huac Garc\u00eda Jim\u00e9nez\",\"Fort\u00edn de las Flores\",\"H\u00e9ctor Rodr\u00edguez Cort\u00e9s\",\"Morena\",\"Veracruz\"],\"articleSection\":[\"De Opini\u00f3n\"],\"inLanguage\":\"es\"},{\"@type\":\"WebPage\",\"@id\":\"https:\\\/\\\/lospoliticosveracruz.com\\\/?p=105761\",\"url\":\"https:\\\/\\\/lospoliticosveracruz.com\\\/?p=105761\",\"name\":\"CARAVANA DE AGRADECIMIENTO! - Los pol\u00edticos Veracruz\",\"isPartOf\":{\"@id\":\"https:\\\/\\\/lospoliticosveracruz.com\\\/#website\"},\"datePublished\":\"2023-05-07T21:33:58+00:00\",\"dateModified\":\"2023-05-07T21:34:10+00:00\",\"breadcrumb\":{\"@id\":\"https:\\\/\\\/lospoliticosveracruz.com\\\/?p=105761#breadcrumb\"},\"inLanguage\":\"es\",\"potentialAction\":[{\"@type\":\"ReadAction\",\"target\":[\"https:\\\/\\\/lospoliticosveracruz.com\\\/?p=105761\"]}]},{\"@type\":\"BreadcrumbList\",\"@id\":\"https:\\\/\\\/lospoliticosveracruz.com\\\/?p=105761#breadcrumb\",\"itemListElement\":[{\"@type\":\"ListItem\",\"position\":1,\"name\":\"Portada\",\"item\":\"https:\\\/\\\/lospoliticosveracruz.com\\\/\"},{\"@type\":\"ListItem\",\"position\":2,\"name\":\"CARAVANA DE AGRADECIMIENTO!\"}]},{\"@type\":\"WebSite\",\"@id\":\"https:\\\/\\\/lospoliticosveracruz.com\\\/#website\",\"url\":\"https:\\\/\\\/lospoliticosveracruz.com\\\/\",\"name\":\"Los pol\u00edticos Veracruz\",\"description\":\"\",\"publisher\":{\"@id\":\"https:\\\/\\\/lospoliticosveracruz.com\\\/#organization\"},\"potentialAction\":[{\"@type\":\"SearchAction\",\"target\":{\"@type\":\"EntryPoint\",\"urlTemplate\":\"https:\\\/\\\/lospoliticosveracruz.com\\\/?s={search_term_string}\"},\"query-input\":{\"@type\":\"PropertyValueSpecification\",\"valueRequired\":true,\"valueName\":\"search_term_string\"}}],\"inLanguage\":\"es\"},{\"@type\":\"Organization\",\"@id\":\"https:\\\/\\\/lospoliticosveracruz.com\\\/#organization\",\"name\":\"Los pol\u00edticos Veracruz\",\"url\":\"https:\\\/\\\/lospoliticosveracruz.com\\\/\",\"logo\":{\"@type\":\"ImageObject\",\"inLanguage\":\"es\",\"@id\":\"https:\\\/\\\/lospoliticosveracruz.com\\\/#\\\/schema\\\/logo\\\/image\\\/\",\"url\":\"https:\\\/\\\/lospoliticosveracruz.com\\\/wp-content\\\/uploads\\\/2025\\\/12\\\/Logo-Nuevo-LOS-POLITICOS-1.jpg\",\"contentUrl\":\"https:\\\/\\\/lospoliticosveracruz.com\\\/wp-content\\\/uploads\\\/2025\\\/12\\\/Logo-Nuevo-LOS-POLITICOS-1.jpg\",\"width\":260,\"height\":70,\"caption\":\"Los pol\u00edticos Veracruz\"},\"image\":{\"@id\":\"https:\\\/\\\/lospoliticosveracruz.com\\\/#\\\/schema\\\/logo\\\/image\\\/\"},\"sameAs\":[\"https:\\\/\\\/www.facebook.com\\\/people\\\/Notimemes-de-los-Polticos\\\/61565672886568\\\/\",\"https:\\\/\\\/x.com\\\/LosPoliticosVer\"]},{\"@type\":\"Person\",\"@id\":\"https:\\\/\\\/lospoliticosveracruz.com\\\/#\\\/schema\\\/person\\\/b8702bb0e538456e6efd07080bf2a4a2\",\"name\":\"Lo viste en Los Pol\u00edticos\",\"image\":{\"@type\":\"ImageObject\",\"inLanguage\":\"es\",\"@id\":\"https:\\\/\\\/secure.gravatar.com\\\/avatar\\\/3a8de04a2656d44082be478bd6c086daa447c4651605818287b9532d3d0bd435?s=96&d=mm&r=g\",\"url\":\"https:\\\/\\\/secure.gravatar.com\\\/avatar\\\/3a8de04a2656d44082be478bd6c086daa447c4651605818287b9532d3d0bd435?s=96&d=mm&r=g\",\"contentUrl\":\"https:\\\/\\\/secure.gravatar.com\\\/avatar\\\/3a8de04a2656d44082be478bd6c086daa447c4651605818287b9532d3d0bd435?s=96&d=mm&r=g\",\"caption\":\"Lo viste en Los Pol\u00edticos\"},\"url\":\"https:\\\/\\\/lospoliticosveracruz.com\\\/?author=2\"}]}<\/script>\n<!-- \/ Yoast SEO plugin. -->","yoast_head_json":{"title":"CARAVANA DE AGRADECIMIENTO! - Los pol\u00edticos Veracruz","robots":{"index":"index","follow":"follow","max-snippet":"max-snippet:-1","max-image-preview":"max-image-preview:large","max-video-preview":"max-video-preview:-1"},"canonical":"https:\/\/lospoliticosveracruz.com\/?p=105761","og_locale":"es_ES","og_type":"article","og_title":"CARAVANA DE AGRADECIMIENTO! - Los pol\u00edticos Veracruz","og_description":"Ciudad Mendoza Encabezados por el alcalde de Ciudad Mendoza, H\u00e9ctor Rodr\u00edguez Cort\u00e9s, habitantes de la regi\u00f3n de las altas monta\u00f1as y la zona centro del estado, as\u00ed como maestros, integrantes del Movimiento Magisterial, participaron en la caravana, que se llev\u00f3 a cabo este domingo en agradecimiento al presidente Andr\u00e9s Manuel L\u00f3pez Obrador y al gobernador [&hellip;]","og_url":"https:\/\/lospoliticosveracruz.com\/?p=105761","og_site_name":"Los pol\u00edticos Veracruz","article_publisher":"https:\/\/www.facebook.com\/people\/Notimemes-de-los-Polticos\/61565672886568\/","article_published_time":"2023-05-07T21:33:58+00:00","article_modified_time":"2023-05-07T21:34:10+00:00","og_image":[{"width":200,"height":200,"url":"https:\/\/lospoliticosveracruz.com\/wp-content\/uploads\/2016\/07\/Logo-Dor.jpg","type":"image\/jpeg"}],"author":"Lo viste en Los Pol\u00edticos","twitter_card":"summary_large_image","twitter_creator":"@LosPoliticosVer","twitter_site":"@LosPoliticosVer","twitter_misc":{"Escrito por":"Lo viste en Los Pol\u00edticos","Tiempo de lectura":"4 minutos"},"schema":{"@context":"https:\/\/schema.org","@graph":[{"@type":"Article","@id":"https:\/\/lospoliticosveracruz.com\/?p=105761#article","isPartOf":{"@id":"https:\/\/lospoliticosveracruz.com\/?p=105761"},"author":{"name":"Lo viste en Los Pol\u00edticos","@id":"https:\/\/lospoliticosveracruz.com\/#\/schema\/person\/b8702bb0e538456e6efd07080bf2a4a2"},"headline":"CARAVANA DE AGRADECIMIENTO!","datePublished":"2023-05-07T21:33:58+00:00","dateModified":"2023-05-07T21:34:10+00:00","mainEntityOfPage":{"@id":"https:\/\/lospoliticosveracruz.com\/?p=105761"},"wordCount":791,"publisher":{"@id":"https:\/\/lospoliticosveracruz.com\/#organization"},"keywords":["Andr\u00e9s Manuel L\u00f3pez Obrador","Caseta","Ciudad Mendoza","Cuitl\u00e1huac Garc\u00eda Jim\u00e9nez","Fort\u00edn de las Flores","H\u00e9ctor Rodr\u00edguez Cort\u00e9s","Morena","Veracruz"],"articleSection":["De Opini\u00f3n"],"inLanguage":"es"},{"@type":"WebPage","@id":"https:\/\/lospoliticosveracruz.com\/?p=105761","url":"https:\/\/lospoliticosveracruz.com\/?p=105761","name":"CARAVANA DE AGRADECIMIENTO! - Los pol\u00edticos Veracruz","isPartOf":{"@id":"https:\/\/lospoliticosveracruz.com\/#website"},"datePublished":"2023-05-07T21:33:58+00:00","dateModified":"2023-05-07T21:34:10+00:00","breadcrumb":{"@id":"https:\/\/lospoliticosveracruz.com\/?p=105761#breadcrumb"},"inLanguage":"es","potentialAction":[{"@type":"ReadAction","target":["https:\/\/lospoliticosveracruz.com\/?p=105761"]}]},{"@type":"BreadcrumbList","@id":"https:\/\/lospoliticosveracruz.com\/?p=105761#breadcrumb","itemListElement":[{"@type":"ListItem","position":1,"name":"Portada","item":"https:\/\/lospoliticosveracruz.com\/"},{"@type":"ListItem","position":2,"name":"CARAVANA DE AGRADECIMIENTO!"}]},{"@type":"WebSite","@id":"https:\/\/lospoliticosveracruz.com\/#website","url":"https:\/\/lospoliticosveracruz.com\/","name":"Los pol\u00edticos Veracruz","description":"","publisher":{"@id":"https:\/\/lospoliticosveracruz.com\/#organization"},"potentialAction":[{"@type":"SearchAction","target":{"@type":"EntryPoint","urlTemplate":"https:\/\/lospoliticosveracruz.com\/?s={search_term_string}"},"query-input":{"@type":"PropertyValueSpecification","valueRequired":true,"valueName":"search_term_string"}}],"inLanguage":"es"},{"@type":"Organization","@id":"https:\/\/lospoliticosveracruz.com\/#organization","name":"Los pol\u00edticos Veracruz","url":"https:\/\/lospoliticosveracruz.com\/","logo":{"@type":"ImageObject","inLanguage":"es","@id":"https:\/\/lospoliticosveracruz.com\/#\/schema\/logo\/image\/","url":"https:\/\/lospoliticosveracruz.com\/wp-content\/uploads\/2025\/12\/Logo-Nuevo-LOS-POLITICOS-1.jpg","contentUrl":"https:\/\/lospoliticosveracruz.com\/wp-content\/uploads\/2025\/12\/Logo-Nuevo-LOS-POLITICOS-1.jpg","width":260,"height":70,"caption":"Los pol\u00edticos Veracruz"},"image":{"@id":"https:\/\/lospoliticosveracruz.com\/#\/schema\/logo\/image\/"},"sameAs":["https:\/\/www.facebook.com\/people\/Notimemes-de-los-Polticos\/61565672886568\/","https:\/\/x.com\/LosPoliticosVer"]},{"@type":"Person","@id":"https:\/\/lospoliticosveracruz.com\/#\/schema\/person\/b8702bb0e538456e6efd07080bf2a4a2","name":"Lo viste en Los Pol\u00edticos","image":{"@type":"ImageObject","inLanguage":"es","@id":"https:\/\/secure.gravatar.com\/avatar\/3a8de04a2656d44082be478bd6c086daa447c4651605818287b9532d3d0bd435?s=96&d=mm&r=g","url":"https:\/\/secure.gravatar.com\/avatar\/3a8de04a2656d44082be478bd6c086daa447c4651605818287b9532d3d0bd435?s=96&d=mm&r=g","contentUrl":"https:\/\/secure.gravatar.com\/avatar\/3a8de04a2656d44082be478bd6c086daa447c4651605818287b9532d3d0bd435?s=96&d=mm&r=g","caption":"Lo viste en Los Pol\u00edticos"},"url":"https:\/\/lospoliticosveracruz.com\/?author=2"}]}},"_links":{"self":[{"href":"https:\/\/lospoliticosveracruz.com\/index.php?rest_route=\/wp\/v2\/posts\/105761","targetHints":{"allow":["GET"]}}],"collection":[{"href":"https:\/\/lospoliticosveracruz.com\/index.php?rest_route=\/wp\/v2\/posts"}],"about":[{"href":"https:\/\/lospoliticosveracruz.com\/index.php?rest_route=\/wp\/v2\/types\/post"}],"author":[{"embeddable":true,"href":"https:\/\/lospoliticosveracruz.com\/index.php?rest_route=\/wp\/v2\/users\/2"}],"replies":[{"embeddable":true,"href":"https:\/\/lospoliticosveracruz.com\/index.php?rest_route=%2Fwp%2Fv2%2Fcomments&post=105761"}],"version-history":[{"count":1,"href":"https:\/\/lospoliticosveracruz.com\/index.php?rest_route=\/wp\/v2\/posts\/105761\/revisions"}],"predecessor-version":[{"id":105763,"href":"https:\/\/lospoliticosveracruz.com\/index.php?rest_route=\/wp\/v2\/posts\/105761\/revisions\/105763"}],"wp:attachment":[{"href":"https:\/\/lospoliticosveracruz.com\/index.php?rest_route=%2Fwp%2Fv2%2Fmedia&parent=105761"}],"wp:term":[{"taxonomy":"category","embeddable":true,"href":"https:\/\/lospoliticosveracruz.com\/index.php?rest_route=%2Fwp%2Fv2%2Fcategories&post=105761"},{"taxonomy":"post_tag","embeddable":true,"href":"https:\/\/lospoliticosveracruz.com\/index.php?rest_route=%2Fwp%2Fv2%2Ftags&post=105761"}],"curies":[{"name":"wp","href":"https:\/\/api.w.org\/{rel}","templated":true}]}}