{"id":105819,"date":"2023-05-09T08:46:25","date_gmt":"2023-05-09T13:46:25","guid":{"rendered":"https:\/\/lospoliticosveracruz.com.mx\/?p=105819"},"modified":"2023-05-09T08:46:30","modified_gmt":"2023-05-09T13:46:30","slug":"que-ni-se-le-ocurra-a-alito-salirnos-con-una-jalada","status":"publish","type":"post","link":"https:\/\/lospoliticosveracruz.com\/?p=105819","title":{"rendered":"QUE NI SE LE OCURRA a Alito salirnos con una jalada"},"content":{"rendered":"\n<p><strong>Bernardo Guti\u00e9rrez Parra<br><\/strong><em>Desde el Caf\u00e9<\/em><\/p>\n\n\n\n<p>Una vez resuelto el panorama electoral del 4 de junio donde la pr\u00f3xima gobernadora del Estado de M\u00e9xico ser\u00e1 la maestra Delfina G\u00f3mez y el opositor Manolo Jim\u00e9nez Salinas gobernar\u00e1 Coahuila, el presidente L\u00f3pez Obrador est\u00e1 enfocado en las elecciones del 2024 donde se disputar\u00e1 no s\u00f3lo la presidencia de la Rep\u00fablica (candidatura que ya tiene resuelta con Claudia Sheinbaum), sino nueve gubernaturas.<\/p>\n\n\n<div class=\"wp-block-image\">\n<figure class=\"alignleft size-full is-resized\"><a href=\"https:\/\/lospoliticosveracruz.com.mx\/wp-content\/uploads\/2023\/02\/Vinissimo.jpg\"><img loading=\"lazy\" decoding=\"async\" src=\"https:\/\/lospoliticosveracruz.com.mx\/wp-content\/uploads\/2023\/02\/Vinissimo.jpg\" alt=\"\" class=\"wp-image-102752\" width=\"175\" height=\"178\"\/><\/a><\/figure>\n<\/div>\n\n\n<p>La Ciudad de M\u00e9xico, Chiapas, Guanajuato, Jalisco, Morelos, Puebla, Tabasco, Veracruz y Yucat\u00e1n, ser\u00e1n las protagonistas. De \u00e9stas, la que le quita el sue\u00f1o al tabasque\u00f1o es Veracruz; no por la poca aceptaci\u00f3n que tienen sus corcholatitas, sino por el candidato que presentar\u00e1 la oposici\u00f3n.<\/p>\n\n\n\n<p>Andr\u00e9s Manuel sabe que ninguno de los aspirantes opositores tiene la m\u00ednima posibilidad de salir airoso frente al abanderado o abanderada de su partido. La excepci\u00f3n es Jos\u00e9 Francisco Yunes Zorrilla que puede convertirse en algo m\u00e1s que un dolor de cabeza.<\/p>\n\n\n\n<p>El tabasque\u00f1o sabe que un sujeto como Manuel Huerta, acusado de hostigamiento y abuso sexual, nada tiene que hacer frente a la decencia y caballerosidad del perote\u00f1o. Sabe que la zacatecana Roc\u00edo Nahle ser\u00e1 barrida en todos los sentidos por Jos\u00e9 Francisco, como la est\u00e1 barriendo en las encuestas ordenadas por el propio Andr\u00e9s Manuel.<\/p>\n\n\n\n<p>En la acera de enfrente, el l\u00edder nacional del PAN Marko Cort\u00e9s, sabe que ninguno de los aspirantes blanquiazules tiene espolones con qu\u00e9 enfrentar a Pepe. Julen Rementer\u00eda es su carta m\u00e1s fuerte, pero ha sido se\u00f1alado de ultraderechista y de tener un hijo que coquetea con Morena. Patricia Lobeira es una excelente alcaldesa, pero ese simple m\u00e9rito no le alcanzar\u00e1 para ser una candidata ganadora. Miguel \u00c1ngel y Fernando Yunez M\u00e1rquez ser\u00e1n demolidos por las acusaciones de alterar documentaci\u00f3n oficial. La combativa legisladora Maryjose Gamboa no est\u00e1 en el radar de Marko y la senadora Indira Rosales San Rom\u00e1n, ni siquiera figurar\u00e1 en la terna.<\/p>\n\n\n\n<p>El PRD jalar\u00e1 para donde lo lleven el PAN y el PRI. Y si Movimiento Ciudadano decide sumarse a la alianza, querr\u00e1 que el abanderado sea Pepe Yunes.<\/p>\n\n\n\n<p>Como puedes observar lector, los astros est\u00e1n alineados para que en la reuni\u00f3n que sostengan los dirigentes de esos partidos para elegir candidato a la gubernatura de Veracruz, Jos\u00e9 Yunes Zorrilla sea el ungido.<\/p>\n\n\n\n<p>Y a eso le teme Andr\u00e9s Manuel.<\/p>\n\n\n\n<p>Pero bien pronto encontr\u00f3 el ant\u00eddoto que no es otro que el l\u00edder nacional del PRI, Alejandro \u201cAlito\u201d Moreno.<\/p>\n\n\n\n<p>Alito tiene al menos un par de denuncias por enriquecimiento inexplicable que duermen el sue\u00f1o de los justos gracias a la benevolencia de L\u00f3pez Obrador. Pero ha trascendido que en Palacio Nacional tienen bajo siete llaves audios y videos a la espera de ser utilizados \u201cpara cuando se ofrezca\u201d y que podr\u00edan hundir sin remedio al campechano.<\/p>\n\n\n\n<p>Ha trascendido que Andr\u00e9s Manuel podr\u00eda llamar a Alito para ofrecerle impunidad y olvido a cambio de que deje fuera de la candidatura a Pepe Yunes y proponga a otro aspirante en su lugar. \u201cCon cualquier otro, la alianza tiene garantizada su derrota y Alito, que no ve con buenos ojos a Pepe Yunes, tiene la garant\u00eda de que salvar\u00e1 el pellejo\u201d, me dijo un analista.<\/p>\n\n\n\n<p>Como el trascendido no me pareci\u00f3 del todo fantasioso le pregunt\u00e9 su opini\u00f3n a un joven priista que me contest\u00f3 al botepronto: \u201cQue ni se le ocurra a Alito salirnos con una jalada porque nos va a conocer encabronados y no le va a gustar. La \u00fanica opci\u00f3n ganadora es Pepe (Yunes) le guste o no le guste al campechano\u201d. Y repiti\u00f3: \u201cQue ni se le ocurra salirnos con una jalada\u201d.<\/p>\n\n\n\n<p>Mientras son peras o manzanas, Pepe Yunes sigue caminando y aglutinando a su paso a decenas y cientos de simpatizantes que se est\u00e1n multiplicando por miles y miles de adeptos.<\/p>\n\n\n\n<p>bernardogup@hotmail.com<\/p>\n","protected":false},"excerpt":{"rendered":"<p>Bernardo Guti\u00e9rrez ParraDesde el Caf\u00e9 Una vez resuelto el panorama electoral del 4 de junio donde la pr\u00f3xima gobernadora del Estado de M\u00e9xico ser\u00e1 la maestra Delfina G\u00f3mez y el opositor Manolo Jim\u00e9nez Salinas gobernar\u00e1 Coahuila, el presidente L\u00f3pez Obrador est\u00e1 enfocado en las elecciones del 2024 donde se disputar\u00e1 no s\u00f3lo la presidencia de [&hellip;]<\/p>\n","protected":false},"author":2,"featured_media":0,"comment_status":"closed","ping_status":"closed","sticky":false,"template":"","format":"standard","meta":{"tdm_status":"","tdm_grid_status":"","footnotes":""},"categories":[70],"tags":[618,1563,7622,1846,10317,1026,2327,251,3578,195],"class_list":{"0":"post-105819","1":"post","2":"type-post","3":"status-publish","4":"format-standard","6":"category-de-opinion","7":"tag-andres-manuel-lopez-obrador","8":"tag-cuitlahuac-garcia-jimenez","9":"tag-delfina-gomez","10":"tag-jose-francisco-yunes-zorrilla","11":"tag-manuel-huerta","12":"tag-morena","13":"tag-movimiento-ciudadano","14":"tag-pri","15":"tag-rocio-nahle","16":"tag-veracruz"},"yoast_head":"<!-- This site is optimized with the Yoast SEO plugin v27.4 - https:\/\/yoast.com\/product\/yoast-seo-wordpress\/ -->\n<title>QUE NI SE LE OCURRA a Alito salirnos con una jalada - Los pol\u00edticos Veracruz<\/title>\n<meta name=\"robots\" content=\"index, follow, max-snippet:-1, max-image-preview:large, max-video-preview:-1\" \/>\n<link rel=\"canonical\" href=\"https:\/\/lospoliticosveracruz.com\/?p=105819\" \/>\n<meta property=\"og:locale\" content=\"es_ES\" \/>\n<meta property=\"og:type\" content=\"article\" \/>\n<meta property=\"og:title\" content=\"QUE NI SE LE OCURRA a Alito salirnos con una jalada - Los pol\u00edticos Veracruz\" \/>\n<meta property=\"og:description\" content=\"Bernardo Guti\u00e9rrez ParraDesde el Caf\u00e9 Una vez resuelto el panorama electoral del 4 de junio donde la pr\u00f3xima gobernadora del Estado de M\u00e9xico ser\u00e1 la maestra Delfina G\u00f3mez y el opositor Manolo Jim\u00e9nez Salinas gobernar\u00e1 Coahuila, el presidente L\u00f3pez Obrador est\u00e1 enfocado en las elecciones del 2024 donde se disputar\u00e1 no s\u00f3lo la presidencia de [&hellip;]\" \/>\n<meta property=\"og:url\" content=\"https:\/\/lospoliticosveracruz.com\/?p=105819\" \/>\n<meta property=\"og:site_name\" content=\"Los pol\u00edticos Veracruz\" \/>\n<meta property=\"article:publisher\" content=\"https:\/\/www.facebook.com\/people\/Notimemes-de-los-Polticos\/61565672886568\/\" \/>\n<meta property=\"article:published_time\" content=\"2023-05-09T13:46:25+00:00\" \/>\n<meta property=\"article:modified_time\" content=\"2023-05-09T13:46:30+00:00\" \/>\n<meta property=\"og:image\" content=\"https:\/\/lospoliticosveracruz.com.mx\/wp-content\/uploads\/2023\/02\/Vinissimo.jpg\" \/>\n<meta name=\"author\" content=\"Lo viste en Los Pol\u00edticos\" \/>\n<meta name=\"twitter:card\" content=\"summary_large_image\" \/>\n<meta name=\"twitter:creator\" content=\"@LosPoliticosVer\" \/>\n<meta name=\"twitter:site\" content=\"@LosPoliticosVer\" \/>\n<meta name=\"twitter:label1\" content=\"Escrito por\" \/>\n\t<meta name=\"twitter:data1\" content=\"Lo viste en Los Pol\u00edticos\" \/>\n\t<meta name=\"twitter:label2\" content=\"Tiempo de lectura\" \/>\n\t<meta name=\"twitter:data2\" content=\"3 minutos\" \/>\n<script type=\"application\/ld+json\" class=\"yoast-schema-graph\">{\"@context\":\"https:\\\/\\\/schema.org\",\"@graph\":[{\"@type\":\"Article\",\"@id\":\"https:\\\/\\\/lospoliticosveracruz.com\\\/?p=105819#article\",\"isPartOf\":{\"@id\":\"https:\\\/\\\/lospoliticosveracruz.com\\\/?p=105819\"},\"author\":{\"name\":\"Lo viste en Los Pol\u00edticos\",\"@id\":\"https:\\\/\\\/lospoliticosveracruz.com\\\/#\\\/schema\\\/person\\\/b8702bb0e538456e6efd07080bf2a4a2\"},\"headline\":\"QUE NI SE LE OCURRA a Alito salirnos con una jalada\",\"datePublished\":\"2023-05-09T13:46:25+00:00\",\"dateModified\":\"2023-05-09T13:46:30+00:00\",\"mainEntityOfPage\":{\"@id\":\"https:\\\/\\\/lospoliticosveracruz.com\\\/?p=105819\"},\"wordCount\":688,\"publisher\":{\"@id\":\"https:\\\/\\\/lospoliticosveracruz.com\\\/#organization\"},\"image\":{\"@id\":\"https:\\\/\\\/lospoliticosveracruz.com\\\/?p=105819#primaryimage\"},\"thumbnailUrl\":\"https:\\\/\\\/lospoliticosveracruz.com.mx\\\/wp-content\\\/uploads\\\/2023\\\/02\\\/Vinissimo.jpg\",\"keywords\":[\"Andr\u00e9s Manuel L\u00f3pez Obrador\",\"Cuitl\u00e1huac Garc\u00eda Jim\u00e9nez\",\"Delfina G\u00f3mez\",\"Jos\u00e9 Francisco Yunes Zorrilla\",\"Manuel Huerta\",\"Morena\",\"Movimiento Ciudadano\",\"PRI\",\"Roc\u00edo Nahle\",\"Veracruz\"],\"articleSection\":[\"De Opini\u00f3n\"],\"inLanguage\":\"es\"},{\"@type\":\"WebPage\",\"@id\":\"https:\\\/\\\/lospoliticosveracruz.com\\\/?p=105819\",\"url\":\"https:\\\/\\\/lospoliticosveracruz.com\\\/?p=105819\",\"name\":\"QUE NI SE LE OCURRA a Alito salirnos con una jalada - Los pol\u00edticos Veracruz\",\"isPartOf\":{\"@id\":\"https:\\\/\\\/lospoliticosveracruz.com\\\/#website\"},\"primaryImageOfPage\":{\"@id\":\"https:\\\/\\\/lospoliticosveracruz.com\\\/?p=105819#primaryimage\"},\"image\":{\"@id\":\"https:\\\/\\\/lospoliticosveracruz.com\\\/?p=105819#primaryimage\"},\"thumbnailUrl\":\"https:\\\/\\\/lospoliticosveracruz.com.mx\\\/wp-content\\\/uploads\\\/2023\\\/02\\\/Vinissimo.jpg\",\"datePublished\":\"2023-05-09T13:46:25+00:00\",\"dateModified\":\"2023-05-09T13:46:30+00:00\",\"breadcrumb\":{\"@id\":\"https:\\\/\\\/lospoliticosveracruz.com\\\/?p=105819#breadcrumb\"},\"inLanguage\":\"es\",\"potentialAction\":[{\"@type\":\"ReadAction\",\"target\":[\"https:\\\/\\\/lospoliticosveracruz.com\\\/?p=105819\"]}]},{\"@type\":\"ImageObject\",\"inLanguage\":\"es\",\"@id\":\"https:\\\/\\\/lospoliticosveracruz.com\\\/?p=105819#primaryimage\",\"url\":\"https:\\\/\\\/lospoliticosveracruz.com.mx\\\/wp-content\\\/uploads\\\/2023\\\/02\\\/Vinissimo.jpg\",\"contentUrl\":\"https:\\\/\\\/lospoliticosveracruz.com.mx\\\/wp-content\\\/uploads\\\/2023\\\/02\\\/Vinissimo.jpg\"},{\"@type\":\"BreadcrumbList\",\"@id\":\"https:\\\/\\\/lospoliticosveracruz.com\\\/?p=105819#breadcrumb\",\"itemListElement\":[{\"@type\":\"ListItem\",\"position\":1,\"name\":\"Portada\",\"item\":\"https:\\\/\\\/lospoliticosveracruz.com\\\/\"},{\"@type\":\"ListItem\",\"position\":2,\"name\":\"QUE NI SE LE OCURRA a Alito salirnos con una jalada\"}]},{\"@type\":\"WebSite\",\"@id\":\"https:\\\/\\\/lospoliticosveracruz.com\\\/#website\",\"url\":\"https:\\\/\\\/lospoliticosveracruz.com\\\/\",\"name\":\"Los pol\u00edticos Veracruz\",\"description\":\"\",\"publisher\":{\"@id\":\"https:\\\/\\\/lospoliticosveracruz.com\\\/#organization\"},\"potentialAction\":[{\"@type\":\"SearchAction\",\"target\":{\"@type\":\"EntryPoint\",\"urlTemplate\":\"https:\\\/\\\/lospoliticosveracruz.com\\\/?s={search_term_string}\"},\"query-input\":{\"@type\":\"PropertyValueSpecification\",\"valueRequired\":true,\"valueName\":\"search_term_string\"}}],\"inLanguage\":\"es\"},{\"@type\":\"Organization\",\"@id\":\"https:\\\/\\\/lospoliticosveracruz.com\\\/#organization\",\"name\":\"Los pol\u00edticos Veracruz\",\"url\":\"https:\\\/\\\/lospoliticosveracruz.com\\\/\",\"logo\":{\"@type\":\"ImageObject\",\"inLanguage\":\"es\",\"@id\":\"https:\\\/\\\/lospoliticosveracruz.com\\\/#\\\/schema\\\/logo\\\/image\\\/\",\"url\":\"https:\\\/\\\/lospoliticosveracruz.com\\\/wp-content\\\/uploads\\\/2025\\\/12\\\/Logo-Nuevo-LOS-POLITICOS-1.jpg\",\"contentUrl\":\"https:\\\/\\\/lospoliticosveracruz.com\\\/wp-content\\\/uploads\\\/2025\\\/12\\\/Logo-Nuevo-LOS-POLITICOS-1.jpg\",\"width\":260,\"height\":70,\"caption\":\"Los pol\u00edticos Veracruz\"},\"image\":{\"@id\":\"https:\\\/\\\/lospoliticosveracruz.com\\\/#\\\/schema\\\/logo\\\/image\\\/\"},\"sameAs\":[\"https:\\\/\\\/www.facebook.com\\\/people\\\/Notimemes-de-los-Polticos\\\/61565672886568\\\/\",\"https:\\\/\\\/x.com\\\/LosPoliticosVer\"]},{\"@type\":\"Person\",\"@id\":\"https:\\\/\\\/lospoliticosveracruz.com\\\/#\\\/schema\\\/person\\\/b8702bb0e538456e6efd07080bf2a4a2\",\"name\":\"Lo viste en Los Pol\u00edticos\",\"image\":{\"@type\":\"ImageObject\",\"inLanguage\":\"es\",\"@id\":\"https:\\\/\\\/secure.gravatar.com\\\/avatar\\\/3a8de04a2656d44082be478bd6c086daa447c4651605818287b9532d3d0bd435?s=96&d=mm&r=g\",\"url\":\"https:\\\/\\\/secure.gravatar.com\\\/avatar\\\/3a8de04a2656d44082be478bd6c086daa447c4651605818287b9532d3d0bd435?s=96&d=mm&r=g\",\"contentUrl\":\"https:\\\/\\\/secure.gravatar.com\\\/avatar\\\/3a8de04a2656d44082be478bd6c086daa447c4651605818287b9532d3d0bd435?s=96&d=mm&r=g\",\"caption\":\"Lo viste en Los Pol\u00edticos\"},\"url\":\"https:\\\/\\\/lospoliticosveracruz.com\\\/?author=2\"}]}<\/script>\n<!-- \/ Yoast SEO plugin. -->","yoast_head_json":{"title":"QUE NI SE LE OCURRA a Alito salirnos con una jalada - Los pol\u00edticos Veracruz","robots":{"index":"index","follow":"follow","max-snippet":"max-snippet:-1","max-image-preview":"max-image-preview:large","max-video-preview":"max-video-preview:-1"},"canonical":"https:\/\/lospoliticosveracruz.com\/?p=105819","og_locale":"es_ES","og_type":"article","og_title":"QUE NI SE LE OCURRA a Alito salirnos con una jalada - Los pol\u00edticos Veracruz","og_description":"Bernardo Guti\u00e9rrez ParraDesde el Caf\u00e9 Una vez resuelto el panorama electoral del 4 de junio donde la pr\u00f3xima gobernadora del Estado de M\u00e9xico ser\u00e1 la maestra Delfina G\u00f3mez y el opositor Manolo Jim\u00e9nez Salinas gobernar\u00e1 Coahuila, el presidente L\u00f3pez Obrador est\u00e1 enfocado en las elecciones del 2024 donde se disputar\u00e1 no s\u00f3lo la presidencia de [&hellip;]","og_url":"https:\/\/lospoliticosveracruz.com\/?p=105819","og_site_name":"Los pol\u00edticos Veracruz","article_publisher":"https:\/\/www.facebook.com\/people\/Notimemes-de-los-Polticos\/61565672886568\/","article_published_time":"2023-05-09T13:46:25+00:00","article_modified_time":"2023-05-09T13:46:30+00:00","og_image":[{"url":"https:\/\/lospoliticosveracruz.com.mx\/wp-content\/uploads\/2023\/02\/Vinissimo.jpg","type":"","width":"","height":""}],"author":"Lo viste en Los Pol\u00edticos","twitter_card":"summary_large_image","twitter_creator":"@LosPoliticosVer","twitter_site":"@LosPoliticosVer","twitter_misc":{"Escrito por":"Lo viste en Los Pol\u00edticos","Tiempo de lectura":"3 minutos"},"schema":{"@context":"https:\/\/schema.org","@graph":[{"@type":"Article","@id":"https:\/\/lospoliticosveracruz.com\/?p=105819#article","isPartOf":{"@id":"https:\/\/lospoliticosveracruz.com\/?p=105819"},"author":{"name":"Lo viste en Los Pol\u00edticos","@id":"https:\/\/lospoliticosveracruz.com\/#\/schema\/person\/b8702bb0e538456e6efd07080bf2a4a2"},"headline":"QUE NI SE LE OCURRA a Alito salirnos con una jalada","datePublished":"2023-05-09T13:46:25+00:00","dateModified":"2023-05-09T13:46:30+00:00","mainEntityOfPage":{"@id":"https:\/\/lospoliticosveracruz.com\/?p=105819"},"wordCount":688,"publisher":{"@id":"https:\/\/lospoliticosveracruz.com\/#organization"},"image":{"@id":"https:\/\/lospoliticosveracruz.com\/?p=105819#primaryimage"},"thumbnailUrl":"https:\/\/lospoliticosveracruz.com.mx\/wp-content\/uploads\/2023\/02\/Vinissimo.jpg","keywords":["Andr\u00e9s Manuel L\u00f3pez Obrador","Cuitl\u00e1huac Garc\u00eda Jim\u00e9nez","Delfina G\u00f3mez","Jos\u00e9 Francisco Yunes Zorrilla","Manuel Huerta","Morena","Movimiento Ciudadano","PRI","Roc\u00edo Nahle","Veracruz"],"articleSection":["De Opini\u00f3n"],"inLanguage":"es"},{"@type":"WebPage","@id":"https:\/\/lospoliticosveracruz.com\/?p=105819","url":"https:\/\/lospoliticosveracruz.com\/?p=105819","name":"QUE NI SE LE OCURRA a Alito salirnos con una jalada - Los pol\u00edticos Veracruz","isPartOf":{"@id":"https:\/\/lospoliticosveracruz.com\/#website"},"primaryImageOfPage":{"@id":"https:\/\/lospoliticosveracruz.com\/?p=105819#primaryimage"},"image":{"@id":"https:\/\/lospoliticosveracruz.com\/?p=105819#primaryimage"},"thumbnailUrl":"https:\/\/lospoliticosveracruz.com.mx\/wp-content\/uploads\/2023\/02\/Vinissimo.jpg","datePublished":"2023-05-09T13:46:25+00:00","dateModified":"2023-05-09T13:46:30+00:00","breadcrumb":{"@id":"https:\/\/lospoliticosveracruz.com\/?p=105819#breadcrumb"},"inLanguage":"es","potentialAction":[{"@type":"ReadAction","target":["https:\/\/lospoliticosveracruz.com\/?p=105819"]}]},{"@type":"ImageObject","inLanguage":"es","@id":"https:\/\/lospoliticosveracruz.com\/?p=105819#primaryimage","url":"https:\/\/lospoliticosveracruz.com.mx\/wp-content\/uploads\/2023\/02\/Vinissimo.jpg","contentUrl":"https:\/\/lospoliticosveracruz.com.mx\/wp-content\/uploads\/2023\/02\/Vinissimo.jpg"},{"@type":"BreadcrumbList","@id":"https:\/\/lospoliticosveracruz.com\/?p=105819#breadcrumb","itemListElement":[{"@type":"ListItem","position":1,"name":"Portada","item":"https:\/\/lospoliticosveracruz.com\/"},{"@type":"ListItem","position":2,"name":"QUE NI SE LE OCURRA a Alito salirnos con una jalada"}]},{"@type":"WebSite","@id":"https:\/\/lospoliticosveracruz.com\/#website","url":"https:\/\/lospoliticosveracruz.com\/","name":"Los pol\u00edticos Veracruz","description":"","publisher":{"@id":"https:\/\/lospoliticosveracruz.com\/#organization"},"potentialAction":[{"@type":"SearchAction","target":{"@type":"EntryPoint","urlTemplate":"https:\/\/lospoliticosveracruz.com\/?s={search_term_string}"},"query-input":{"@type":"PropertyValueSpecification","valueRequired":true,"valueName":"search_term_string"}}],"inLanguage":"es"},{"@type":"Organization","@id":"https:\/\/lospoliticosveracruz.com\/#organization","name":"Los pol\u00edticos Veracruz","url":"https:\/\/lospoliticosveracruz.com\/","logo":{"@type":"ImageObject","inLanguage":"es","@id":"https:\/\/lospoliticosveracruz.com\/#\/schema\/logo\/image\/","url":"https:\/\/lospoliticosveracruz.com\/wp-content\/uploads\/2025\/12\/Logo-Nuevo-LOS-POLITICOS-1.jpg","contentUrl":"https:\/\/lospoliticosveracruz.com\/wp-content\/uploads\/2025\/12\/Logo-Nuevo-LOS-POLITICOS-1.jpg","width":260,"height":70,"caption":"Los pol\u00edticos Veracruz"},"image":{"@id":"https:\/\/lospoliticosveracruz.com\/#\/schema\/logo\/image\/"},"sameAs":["https:\/\/www.facebook.com\/people\/Notimemes-de-los-Polticos\/61565672886568\/","https:\/\/x.com\/LosPoliticosVer"]},{"@type":"Person","@id":"https:\/\/lospoliticosveracruz.com\/#\/schema\/person\/b8702bb0e538456e6efd07080bf2a4a2","name":"Lo viste en Los Pol\u00edticos","image":{"@type":"ImageObject","inLanguage":"es","@id":"https:\/\/secure.gravatar.com\/avatar\/3a8de04a2656d44082be478bd6c086daa447c4651605818287b9532d3d0bd435?s=96&d=mm&r=g","url":"https:\/\/secure.gravatar.com\/avatar\/3a8de04a2656d44082be478bd6c086daa447c4651605818287b9532d3d0bd435?s=96&d=mm&r=g","contentUrl":"https:\/\/secure.gravatar.com\/avatar\/3a8de04a2656d44082be478bd6c086daa447c4651605818287b9532d3d0bd435?s=96&d=mm&r=g","caption":"Lo viste en Los Pol\u00edticos"},"url":"https:\/\/lospoliticosveracruz.com\/?author=2"}]}},"_links":{"self":[{"href":"https:\/\/lospoliticosveracruz.com\/index.php?rest_route=\/wp\/v2\/posts\/105819","targetHints":{"allow":["GET"]}}],"collection":[{"href":"https:\/\/lospoliticosveracruz.com\/index.php?rest_route=\/wp\/v2\/posts"}],"about":[{"href":"https:\/\/lospoliticosveracruz.com\/index.php?rest_route=\/wp\/v2\/types\/post"}],"author":[{"embeddable":true,"href":"https:\/\/lospoliticosveracruz.com\/index.php?rest_route=\/wp\/v2\/users\/2"}],"replies":[{"embeddable":true,"href":"https:\/\/lospoliticosveracruz.com\/index.php?rest_route=%2Fwp%2Fv2%2Fcomments&post=105819"}],"version-history":[{"count":1,"href":"https:\/\/lospoliticosveracruz.com\/index.php?rest_route=\/wp\/v2\/posts\/105819\/revisions"}],"predecessor-version":[{"id":105820,"href":"https:\/\/lospoliticosveracruz.com\/index.php?rest_route=\/wp\/v2\/posts\/105819\/revisions\/105820"}],"wp:attachment":[{"href":"https:\/\/lospoliticosveracruz.com\/index.php?rest_route=%2Fwp%2Fv2%2Fmedia&parent=105819"}],"wp:term":[{"taxonomy":"category","embeddable":true,"href":"https:\/\/lospoliticosveracruz.com\/index.php?rest_route=%2Fwp%2Fv2%2Fcategories&post=105819"},{"taxonomy":"post_tag","embeddable":true,"href":"https:\/\/lospoliticosveracruz.com\/index.php?rest_route=%2Fwp%2Fv2%2Ftags&post=105819"}],"curies":[{"name":"wp","href":"https:\/\/api.w.org\/{rel}","templated":true}]}}