{"id":105850,"date":"2023-05-09T18:41:26","date_gmt":"2023-05-09T23:41:26","guid":{"rendered":"https:\/\/lospoliticosveracruz.com.mx\/?p=105850"},"modified":"2023-05-09T18:41:32","modified_gmt":"2023-05-09T23:41:32","slug":"la-mayoria-parlamentaria-no-puede-estar-por-encima-de-la-constitucion","status":"publish","type":"post","link":"https:\/\/lospoliticosveracruz.com\/?p=105850","title":{"rendered":"LA MAYOR\u00cdA PARLAMENTARIA no puede estar por encima de la Constituci\u00f3n"},"content":{"rendered":"\n<p><strong>Emilio C\u00e1rdenas Escobosa<\/strong><\/p>\n\n\n\n<p>\u00a0<em>De Inter\u00e9s P\u00fablico<\/em><\/p>\n\n\n\n<p>La primera parte del Plan B en materia electoral que aprobaron alegremente los legisladores de Morena seguros de que su mayor\u00eda estaba por encima de cualquier disposici\u00f3n legal y constitucional se cay\u00f3. O m\u00e1s bien, la desech\u00f3 la Suprema Corte de Justicia de la Naci\u00f3n con los votos de nueve de los once ministros que integran su pleno, quienes se sumaron al proyecto del ministro Alberto P\u00e9rez Day\u00e1n que propon\u00eda declarar la inconstitucionalidad de este primer paquete de reformas al haber faltado al procedimiento legislativo, no respetar la Constituci\u00f3n, la ley del Congreso y los reglamentos de la C\u00e1mara de Diputados y del Senado de la Rep\u00fablica.<\/p>\n\n\n<div class=\"wp-block-image\">\n<figure class=\"alignleft size-medium\"><a href=\"https:\/\/lospoliticosveracruz.com.mx\/wp-content\/uploads\/2021\/10\/WhatsApp-Image-2021-10-02-at-15.20.25.jpeg\"><img loading=\"lazy\" decoding=\"async\" width=\"212\" height=\"300\" src=\"https:\/\/lospoliticosveracruz.com.mx\/wp-content\/uploads\/2021\/10\/WhatsApp-Image-2021-10-02-at-15.20.25-212x300.jpeg\" alt=\"\" class=\"wp-image-80177\" srcset=\"https:\/\/lospoliticosveracruz.com\/wp-content\/uploads\/2021\/10\/WhatsApp-Image-2021-10-02-at-15.20.25-212x300.jpeg 212w, https:\/\/lospoliticosveracruz.com\/wp-content\/uploads\/2021\/10\/WhatsApp-Image-2021-10-02-at-15.20.25-724x1024.jpeg 724w, https:\/\/lospoliticosveracruz.com\/wp-content\/uploads\/2021\/10\/WhatsApp-Image-2021-10-02-at-15.20.25-768x1086.jpeg 768w, https:\/\/lospoliticosveracruz.com\/wp-content\/uploads\/2021\/10\/WhatsApp-Image-2021-10-02-at-15.20.25.jpeg 905w\" sizes=\"auto, (max-width: 212px) 100vw, 212px\" \/><\/a><\/figure>\n<\/div>\n\n\n<p>\u201cLa gravedad de tales infracciones en conjunto permite concluir con la invalidez del Decreto cuestionado, por violaci\u00f3n directa a los art\u00edculos 71 y 72 de la Constituci\u00f3n federal, esto porque la iniciativa no se conoci\u00f3 a tiempo, ni se public\u00f3 con la anticipaci\u00f3n debida para su discusi\u00f3n en la C\u00e1mara de origen, dada la inobservancia a las disposiciones contenidas en el Reglamento de cada C\u00e1mara, desconoci\u00e9ndose con ello el principio de deliberaci\u00f3n informada y democr\u00e1tica, as\u00ed como los derechos que asisten a la representaci\u00f3n popular\u201d, cita la sentencia aprobada.<\/p>\n\n\n\n<p>La mayor\u00eda legislativa en el \u00e1mbito federal como en el de los estados debe tener claro que cualquier reforma que se apruebe debe cumplir \u00edntegramente con las normas legales, reglamentarias y constitucionales, tal y como lo resolvieron ayer los ministros.<\/p>\n\n\n\n<p>La Suprema Corte dej\u00f3 un mensaje rotundo respecto a la defensa del orden constitucional, lo que es su funci\u00f3n primordial.<\/p>\n\n\n\n<p>Este resultado cay\u00f3 como balde de agua helada al presidente L\u00f3pez Obrador y sus seguidores que, en la v\u00edspera, a trav\u00e9s de la Consejer\u00eda Jur\u00eddica de la Presidencia, hab\u00edan advertido a la Corte que si declaraban inconstitucionales las reformas a la Ley General de Comunicaci\u00f3n Social y a la Ley General de Responsabilidades Administrativas, las primeras sacadas a rajatabla en el Poder Legislativo y que forman parte del Plan B impulsado por el presidente, estar\u00edan vulnerando la divisi\u00f3n de poderes y sustituyendo al Congreso de la Uni\u00f3n, adem\u00e1s de que la SCJN&nbsp;&nbsp;es un poder derivado \u201csin legitimaci\u00f3n popular\u201d.<\/p>\n\n\n\n<p>Tras la decisi\u00f3n de la SCJN, pol\u00edticos de Morena y afines lamentaron el actuar de los ministros y se mantuvieron en la l\u00ednea discursiva de que a los ministros no los elije el voto ciudadano y que obedecen a consignas como un poder corrompido que son. Fueron infinidad de exabruptos los que pudimos leer en las redes sociales, de anatemas y mensajes cargados de furia y desahogo hacia los togados. Pero sobresali\u00f3 lo que es la l\u00ednea presidencial ante esta circunstancia: desprestigiar al Poder Judicial y poner por delante ahora al llamado Plan C, que es ganar la mayor\u00eda absoluta en el pr\u00f3ximo Congreso federal.<\/p>\n\n\n\n<p>Del otro lado, entre las opiniones de juristas y expertos de derecho constitucional la interpretaci\u00f3n de lo sucedido era una constante: la Corte es el \u00e1rbitro que debe resolver disputas y diferencias entre los actores pol\u00edticos y, fundamentalmente, para revisar la constitucionalidad de procesos legislativos, as\u00ed sin m\u00e1s. Y se destacaba lo dicho respecto a que cumplir con su responsabilidad constitucional no es en absoluto invadir a otro poder.<\/p>\n\n\n\n<p>Mientras que para expertos lo sucedido es una muestra de autonom\u00eda frente a presiones del poder y un signo de madurez de la vida institucional mexicana que rescat\u00f3 la raz\u00f3n constitucional frente a los impulsos desmedidos de una pol\u00edtica que hoy abusa de su mayor\u00eda, el presidente Andr\u00e9s Manuel L\u00f3pez Obrador se\u00f1al\u00f3 en su conferencia ma\u00f1anera que el Poder Judicial \u201cest\u00e1 podrido\u201d y que es necesaria una reforma constitucional para que sea la gente la que decida quienes ser\u00e1n ministros, magistrados y jueces.<\/p>\n\n\n\n<p>El presidente anunci\u00f3 de plano que antes de que termine su mandato enviar\u00e1 una iniciativa para que los ministros sean electos por voto ciudadano, esto con el fin de acabar con la corrupci\u00f3n y complicidad que, asegur\u00f3, existe en el Poder Judicial.<\/p>\n\n\n\n<p>Ese es quiz\u00e1 el fondo y el objetivo final de su campa\u00f1a de descr\u00e9dito hacia los integrantes de ese Poder y del hostigamiento de las huestes del oficialismo hacia ellos: generar el consenso para destituir a los actuales ministros y buscar que en adelante sean electos por el voto popular.<\/p>\n\n\n\n<p>Sobre este particular y para ilustrar mejor este episodio de la vida nacional, vale la pena reproducir un fragmento del art\u00edculo que public\u00f3 en Milenio (9\/05\/23) el ministro Arturo Zald\u00edvar, quien vot\u00f3 por la inconstitucionalidad de las reformas y, hay que recordarlo, fuera presidente de la SCJN y durante su periodo (2019-2022), muy af\u00edn a las posturas del presidente L\u00f3pez Obrador:<\/p>\n\n\n\n<p>\u201cHay quienes piensan, por razones pol\u00edticas o partidistas, que son due\u00f1os de la Constituci\u00f3n: que su visi\u00f3n de los derechos y la democracia es la \u00fanica leg\u00edtima. Que son poseedores de su sentido \u2018verdadero\u2019 y que cualquier lectura que se aparte de la suya no solo es equivocada, sino reprobable. En tal sentido, pretenden que los jueces constitucionales nos alineemos a su postura y nos conformemos con su criterio. Si votamos en un sentido diferente, entonces nuestra postura es condenable, nuestra integridad como juzgadores resulta cuestionable, y nuestra autonom\u00eda dudosa o simplemente inexistente\u201d.<\/p>\n\n\n\n<p>Lo resuelto por la SCJN el d\u00eda de ayer anticipa lo que ocurrir\u00e1 con lo que resta del Plan B y con lo aprobado por el Senado, en la noche del 28 y la madrugada del 29 de abril, cuando la coalici\u00f3n de Morena, Verde y PT aprob\u00f3 sin tr\u00e1mite, con la ausencia de la oposici\u00f3n, sin haber le\u00eddo las iniciativas, falsificando el qu\u00f3rum, y sin reparar en normas parlamentarias, m\u00e1s de 20 leyes aprobadas por la v\u00eda r\u00e1pida en las c\u00e1maras de Diputados y de Senadores en la recta final del periodo de sesiones ordinarias del Congreso de la Uni\u00f3n que concluy\u00f3 en abril pasado, y que con toda seguridad ser\u00e1n impugnadas ante la Corte.<\/p>\n\n\n\n<p>El \u201cmayoriteo\u201d lleno de irregularidades e ilegalidades tiene un freno y un l\u00edmite y as\u00ed deber\u00eda entenderse.<\/p>\n\n\n\n<p>La Suprema Corte hizo lo que le tocaba hacer y desde luego que es necesario revisar su actuar y someter a los juzgadores a una limpia, pero no en los t\u00e9rminos ni con los excesos del actual debate p\u00fablico, donde de casta de privilegiados no los bajan los seguidores del mandatario. Calificativos redituables para ganar simpat\u00edas populares pero que no abonan para una discusi\u00f3n seria de la necesaria reforma del Poder Judicial, tema del que nos ocuparemos en una pr\u00f3xima entrega.<\/p>\n\n\n\n<p>jecesco@hotmail.com<\/p>\n\n\n\n<p>www.deinterespublico.com<\/p>\n","protected":false},"excerpt":{"rendered":"<p>Emilio C\u00e1rdenas Escobosa \u00a0De Inter\u00e9s P\u00fablico La primera parte del Plan B en materia electoral que aprobaron alegremente los legisladores de Morena seguros de que su mayor\u00eda estaba por encima de cualquier disposici\u00f3n legal y constitucional se cay\u00f3. O m\u00e1s bien, la desech\u00f3 la Suprema Corte de Justicia de la Naci\u00f3n con los votos de [&hellip;]<\/p>\n","protected":false},"author":2,"featured_media":0,"comment_status":"closed","ping_status":"closed","sticky":false,"template":"","format":"standard","meta":{"tdm_status":"","tdm_grid_status":"","footnotes":""},"categories":[70],"tags":[618,36513,6361],"class_list":{"0":"post-105850","1":"post","2":"type-post","3":"status-publish","4":"format-standard","6":"category-de-opinion","7":"tag-andres-manuel-lopez-obrador","8":"tag-plan-b","9":"tag-suprema-corte-de-justicia-de-la-nacion"},"yoast_head":"<!-- This site is optimized with the Yoast SEO plugin v27.4 - https:\/\/yoast.com\/product\/yoast-seo-wordpress\/ -->\n<title>LA MAYOR\u00cdA PARLAMENTARIA no puede estar por encima de la Constituci\u00f3n - Los pol\u00edticos Veracruz<\/title>\n<meta name=\"robots\" content=\"index, follow, max-snippet:-1, max-image-preview:large, max-video-preview:-1\" \/>\n<link rel=\"canonical\" href=\"https:\/\/lospoliticosveracruz.com\/?p=105850\" \/>\n<meta property=\"og:locale\" content=\"es_ES\" \/>\n<meta property=\"og:type\" content=\"article\" \/>\n<meta property=\"og:title\" content=\"LA MAYOR\u00cdA PARLAMENTARIA no puede estar por encima de la Constituci\u00f3n - Los pol\u00edticos Veracruz\" \/>\n<meta property=\"og:description\" content=\"Emilio C\u00e1rdenas Escobosa \u00a0De Inter\u00e9s P\u00fablico La primera parte del Plan B en materia electoral que aprobaron alegremente los legisladores de Morena seguros de que su mayor\u00eda estaba por encima de cualquier disposici\u00f3n legal y constitucional se cay\u00f3. O m\u00e1s bien, la desech\u00f3 la Suprema Corte de Justicia de la Naci\u00f3n con los votos de [&hellip;]\" \/>\n<meta property=\"og:url\" content=\"https:\/\/lospoliticosveracruz.com\/?p=105850\" \/>\n<meta property=\"og:site_name\" content=\"Los pol\u00edticos Veracruz\" \/>\n<meta property=\"article:publisher\" content=\"https:\/\/www.facebook.com\/people\/Notimemes-de-los-Polticos\/61565672886568\/\" \/>\n<meta property=\"article:published_time\" content=\"2023-05-09T23:41:26+00:00\" \/>\n<meta property=\"article:modified_time\" content=\"2023-05-09T23:41:32+00:00\" \/>\n<meta property=\"og:image\" content=\"https:\/\/lospoliticosveracruz.com.mx\/wp-content\/uploads\/2021\/10\/WhatsApp-Image-2021-10-02-at-15.20.25-212x300.jpeg\" \/>\n<meta name=\"author\" content=\"Lo viste en Los Pol\u00edticos\" \/>\n<meta name=\"twitter:card\" content=\"summary_large_image\" \/>\n<meta name=\"twitter:creator\" content=\"@LosPoliticosVer\" \/>\n<meta name=\"twitter:site\" content=\"@LosPoliticosVer\" \/>\n<meta name=\"twitter:label1\" content=\"Escrito por\" \/>\n\t<meta name=\"twitter:data1\" content=\"Lo viste en Los Pol\u00edticos\" \/>\n\t<meta name=\"twitter:label2\" content=\"Tiempo de lectura\" \/>\n\t<meta name=\"twitter:data2\" content=\"6 minutos\" \/>\n<script type=\"application\/ld+json\" class=\"yoast-schema-graph\">{\"@context\":\"https:\\\/\\\/schema.org\",\"@graph\":[{\"@type\":\"Article\",\"@id\":\"https:\\\/\\\/lospoliticosveracruz.com\\\/?p=105850#article\",\"isPartOf\":{\"@id\":\"https:\\\/\\\/lospoliticosveracruz.com\\\/?p=105850\"},\"author\":{\"name\":\"Lo viste en Los Pol\u00edticos\",\"@id\":\"https:\\\/\\\/lospoliticosveracruz.com\\\/#\\\/schema\\\/person\\\/b8702bb0e538456e6efd07080bf2a4a2\"},\"headline\":\"LA MAYOR\u00cdA PARLAMENTARIA no puede estar por encima de la Constituci\u00f3n\",\"datePublished\":\"2023-05-09T23:41:26+00:00\",\"dateModified\":\"2023-05-09T23:41:32+00:00\",\"mainEntityOfPage\":{\"@id\":\"https:\\\/\\\/lospoliticosveracruz.com\\\/?p=105850\"},\"wordCount\":1181,\"publisher\":{\"@id\":\"https:\\\/\\\/lospoliticosveracruz.com\\\/#organization\"},\"image\":{\"@id\":\"https:\\\/\\\/lospoliticosveracruz.com\\\/?p=105850#primaryimage\"},\"thumbnailUrl\":\"https:\\\/\\\/lospoliticosveracruz.com.mx\\\/wp-content\\\/uploads\\\/2021\\\/10\\\/WhatsApp-Image-2021-10-02-at-15.20.25-212x300.jpeg\",\"keywords\":[\"Andr\u00e9s Manuel L\u00f3pez Obrador\",\"Plan B\",\"Suprema Corte de Justicia de la Naci\u00f3n\"],\"articleSection\":[\"De Opini\u00f3n\"],\"inLanguage\":\"es\"},{\"@type\":\"WebPage\",\"@id\":\"https:\\\/\\\/lospoliticosveracruz.com\\\/?p=105850\",\"url\":\"https:\\\/\\\/lospoliticosveracruz.com\\\/?p=105850\",\"name\":\"LA MAYOR\u00cdA PARLAMENTARIA no puede estar por encima de la Constituci\u00f3n - Los pol\u00edticos Veracruz\",\"isPartOf\":{\"@id\":\"https:\\\/\\\/lospoliticosveracruz.com\\\/#website\"},\"primaryImageOfPage\":{\"@id\":\"https:\\\/\\\/lospoliticosveracruz.com\\\/?p=105850#primaryimage\"},\"image\":{\"@id\":\"https:\\\/\\\/lospoliticosveracruz.com\\\/?p=105850#primaryimage\"},\"thumbnailUrl\":\"https:\\\/\\\/lospoliticosveracruz.com.mx\\\/wp-content\\\/uploads\\\/2021\\\/10\\\/WhatsApp-Image-2021-10-02-at-15.20.25-212x300.jpeg\",\"datePublished\":\"2023-05-09T23:41:26+00:00\",\"dateModified\":\"2023-05-09T23:41:32+00:00\",\"breadcrumb\":{\"@id\":\"https:\\\/\\\/lospoliticosveracruz.com\\\/?p=105850#breadcrumb\"},\"inLanguage\":\"es\",\"potentialAction\":[{\"@type\":\"ReadAction\",\"target\":[\"https:\\\/\\\/lospoliticosveracruz.com\\\/?p=105850\"]}]},{\"@type\":\"ImageObject\",\"inLanguage\":\"es\",\"@id\":\"https:\\\/\\\/lospoliticosveracruz.com\\\/?p=105850#primaryimage\",\"url\":\"https:\\\/\\\/lospoliticosveracruz.com.mx\\\/wp-content\\\/uploads\\\/2021\\\/10\\\/WhatsApp-Image-2021-10-02-at-15.20.25-212x300.jpeg\",\"contentUrl\":\"https:\\\/\\\/lospoliticosveracruz.com.mx\\\/wp-content\\\/uploads\\\/2021\\\/10\\\/WhatsApp-Image-2021-10-02-at-15.20.25-212x300.jpeg\"},{\"@type\":\"BreadcrumbList\",\"@id\":\"https:\\\/\\\/lospoliticosveracruz.com\\\/?p=105850#breadcrumb\",\"itemListElement\":[{\"@type\":\"ListItem\",\"position\":1,\"name\":\"Portada\",\"item\":\"https:\\\/\\\/lospoliticosveracruz.com\\\/\"},{\"@type\":\"ListItem\",\"position\":2,\"name\":\"LA MAYOR\u00cdA PARLAMENTARIA no puede estar por encima de la Constituci\u00f3n\"}]},{\"@type\":\"WebSite\",\"@id\":\"https:\\\/\\\/lospoliticosveracruz.com\\\/#website\",\"url\":\"https:\\\/\\\/lospoliticosveracruz.com\\\/\",\"name\":\"Los pol\u00edticos Veracruz\",\"description\":\"\",\"publisher\":{\"@id\":\"https:\\\/\\\/lospoliticosveracruz.com\\\/#organization\"},\"potentialAction\":[{\"@type\":\"SearchAction\",\"target\":{\"@type\":\"EntryPoint\",\"urlTemplate\":\"https:\\\/\\\/lospoliticosveracruz.com\\\/?s={search_term_string}\"},\"query-input\":{\"@type\":\"PropertyValueSpecification\",\"valueRequired\":true,\"valueName\":\"search_term_string\"}}],\"inLanguage\":\"es\"},{\"@type\":\"Organization\",\"@id\":\"https:\\\/\\\/lospoliticosveracruz.com\\\/#organization\",\"name\":\"Los pol\u00edticos Veracruz\",\"url\":\"https:\\\/\\\/lospoliticosveracruz.com\\\/\",\"logo\":{\"@type\":\"ImageObject\",\"inLanguage\":\"es\",\"@id\":\"https:\\\/\\\/lospoliticosveracruz.com\\\/#\\\/schema\\\/logo\\\/image\\\/\",\"url\":\"https:\\\/\\\/lospoliticosveracruz.com\\\/wp-content\\\/uploads\\\/2025\\\/12\\\/Logo-Nuevo-LOS-POLITICOS-1.jpg\",\"contentUrl\":\"https:\\\/\\\/lospoliticosveracruz.com\\\/wp-content\\\/uploads\\\/2025\\\/12\\\/Logo-Nuevo-LOS-POLITICOS-1.jpg\",\"width\":260,\"height\":70,\"caption\":\"Los pol\u00edticos Veracruz\"},\"image\":{\"@id\":\"https:\\\/\\\/lospoliticosveracruz.com\\\/#\\\/schema\\\/logo\\\/image\\\/\"},\"sameAs\":[\"https:\\\/\\\/www.facebook.com\\\/people\\\/Notimemes-de-los-Polticos\\\/61565672886568\\\/\",\"https:\\\/\\\/x.com\\\/LosPoliticosVer\"]},{\"@type\":\"Person\",\"@id\":\"https:\\\/\\\/lospoliticosveracruz.com\\\/#\\\/schema\\\/person\\\/b8702bb0e538456e6efd07080bf2a4a2\",\"name\":\"Lo viste en Los Pol\u00edticos\",\"image\":{\"@type\":\"ImageObject\",\"inLanguage\":\"es\",\"@id\":\"https:\\\/\\\/secure.gravatar.com\\\/avatar\\\/3a8de04a2656d44082be478bd6c086daa447c4651605818287b9532d3d0bd435?s=96&d=mm&r=g\",\"url\":\"https:\\\/\\\/secure.gravatar.com\\\/avatar\\\/3a8de04a2656d44082be478bd6c086daa447c4651605818287b9532d3d0bd435?s=96&d=mm&r=g\",\"contentUrl\":\"https:\\\/\\\/secure.gravatar.com\\\/avatar\\\/3a8de04a2656d44082be478bd6c086daa447c4651605818287b9532d3d0bd435?s=96&d=mm&r=g\",\"caption\":\"Lo viste en Los Pol\u00edticos\"},\"url\":\"https:\\\/\\\/lospoliticosveracruz.com\\\/?author=2\"}]}<\/script>\n<!-- \/ Yoast SEO plugin. -->","yoast_head_json":{"title":"LA MAYOR\u00cdA PARLAMENTARIA no puede estar por encima de la Constituci\u00f3n - Los pol\u00edticos Veracruz","robots":{"index":"index","follow":"follow","max-snippet":"max-snippet:-1","max-image-preview":"max-image-preview:large","max-video-preview":"max-video-preview:-1"},"canonical":"https:\/\/lospoliticosveracruz.com\/?p=105850","og_locale":"es_ES","og_type":"article","og_title":"LA MAYOR\u00cdA PARLAMENTARIA no puede estar por encima de la Constituci\u00f3n - Los pol\u00edticos Veracruz","og_description":"Emilio C\u00e1rdenas Escobosa \u00a0De Inter\u00e9s P\u00fablico La primera parte del Plan B en materia electoral que aprobaron alegremente los legisladores de Morena seguros de que su mayor\u00eda estaba por encima de cualquier disposici\u00f3n legal y constitucional se cay\u00f3. O m\u00e1s bien, la desech\u00f3 la Suprema Corte de Justicia de la Naci\u00f3n con los votos de [&hellip;]","og_url":"https:\/\/lospoliticosveracruz.com\/?p=105850","og_site_name":"Los pol\u00edticos Veracruz","article_publisher":"https:\/\/www.facebook.com\/people\/Notimemes-de-los-Polticos\/61565672886568\/","article_published_time":"2023-05-09T23:41:26+00:00","article_modified_time":"2023-05-09T23:41:32+00:00","og_image":[{"url":"https:\/\/lospoliticosveracruz.com.mx\/wp-content\/uploads\/2021\/10\/WhatsApp-Image-2021-10-02-at-15.20.25-212x300.jpeg","type":"","width":"","height":""}],"author":"Lo viste en Los Pol\u00edticos","twitter_card":"summary_large_image","twitter_creator":"@LosPoliticosVer","twitter_site":"@LosPoliticosVer","twitter_misc":{"Escrito por":"Lo viste en Los Pol\u00edticos","Tiempo de lectura":"6 minutos"},"schema":{"@context":"https:\/\/schema.org","@graph":[{"@type":"Article","@id":"https:\/\/lospoliticosveracruz.com\/?p=105850#article","isPartOf":{"@id":"https:\/\/lospoliticosveracruz.com\/?p=105850"},"author":{"name":"Lo viste en Los Pol\u00edticos","@id":"https:\/\/lospoliticosveracruz.com\/#\/schema\/person\/b8702bb0e538456e6efd07080bf2a4a2"},"headline":"LA MAYOR\u00cdA PARLAMENTARIA no puede estar por encima de la Constituci\u00f3n","datePublished":"2023-05-09T23:41:26+00:00","dateModified":"2023-05-09T23:41:32+00:00","mainEntityOfPage":{"@id":"https:\/\/lospoliticosveracruz.com\/?p=105850"},"wordCount":1181,"publisher":{"@id":"https:\/\/lospoliticosveracruz.com\/#organization"},"image":{"@id":"https:\/\/lospoliticosveracruz.com\/?p=105850#primaryimage"},"thumbnailUrl":"https:\/\/lospoliticosveracruz.com.mx\/wp-content\/uploads\/2021\/10\/WhatsApp-Image-2021-10-02-at-15.20.25-212x300.jpeg","keywords":["Andr\u00e9s Manuel L\u00f3pez Obrador","Plan B","Suprema Corte de Justicia de la Naci\u00f3n"],"articleSection":["De Opini\u00f3n"],"inLanguage":"es"},{"@type":"WebPage","@id":"https:\/\/lospoliticosveracruz.com\/?p=105850","url":"https:\/\/lospoliticosveracruz.com\/?p=105850","name":"LA MAYOR\u00cdA PARLAMENTARIA no puede estar por encima de la Constituci\u00f3n - Los pol\u00edticos Veracruz","isPartOf":{"@id":"https:\/\/lospoliticosveracruz.com\/#website"},"primaryImageOfPage":{"@id":"https:\/\/lospoliticosveracruz.com\/?p=105850#primaryimage"},"image":{"@id":"https:\/\/lospoliticosveracruz.com\/?p=105850#primaryimage"},"thumbnailUrl":"https:\/\/lospoliticosveracruz.com.mx\/wp-content\/uploads\/2021\/10\/WhatsApp-Image-2021-10-02-at-15.20.25-212x300.jpeg","datePublished":"2023-05-09T23:41:26+00:00","dateModified":"2023-05-09T23:41:32+00:00","breadcrumb":{"@id":"https:\/\/lospoliticosveracruz.com\/?p=105850#breadcrumb"},"inLanguage":"es","potentialAction":[{"@type":"ReadAction","target":["https:\/\/lospoliticosveracruz.com\/?p=105850"]}]},{"@type":"ImageObject","inLanguage":"es","@id":"https:\/\/lospoliticosveracruz.com\/?p=105850#primaryimage","url":"https:\/\/lospoliticosveracruz.com.mx\/wp-content\/uploads\/2021\/10\/WhatsApp-Image-2021-10-02-at-15.20.25-212x300.jpeg","contentUrl":"https:\/\/lospoliticosveracruz.com.mx\/wp-content\/uploads\/2021\/10\/WhatsApp-Image-2021-10-02-at-15.20.25-212x300.jpeg"},{"@type":"BreadcrumbList","@id":"https:\/\/lospoliticosveracruz.com\/?p=105850#breadcrumb","itemListElement":[{"@type":"ListItem","position":1,"name":"Portada","item":"https:\/\/lospoliticosveracruz.com\/"},{"@type":"ListItem","position":2,"name":"LA MAYOR\u00cdA PARLAMENTARIA no puede estar por encima de la Constituci\u00f3n"}]},{"@type":"WebSite","@id":"https:\/\/lospoliticosveracruz.com\/#website","url":"https:\/\/lospoliticosveracruz.com\/","name":"Los pol\u00edticos Veracruz","description":"","publisher":{"@id":"https:\/\/lospoliticosveracruz.com\/#organization"},"potentialAction":[{"@type":"SearchAction","target":{"@type":"EntryPoint","urlTemplate":"https:\/\/lospoliticosveracruz.com\/?s={search_term_string}"},"query-input":{"@type":"PropertyValueSpecification","valueRequired":true,"valueName":"search_term_string"}}],"inLanguage":"es"},{"@type":"Organization","@id":"https:\/\/lospoliticosveracruz.com\/#organization","name":"Los pol\u00edticos Veracruz","url":"https:\/\/lospoliticosveracruz.com\/","logo":{"@type":"ImageObject","inLanguage":"es","@id":"https:\/\/lospoliticosveracruz.com\/#\/schema\/logo\/image\/","url":"https:\/\/lospoliticosveracruz.com\/wp-content\/uploads\/2025\/12\/Logo-Nuevo-LOS-POLITICOS-1.jpg","contentUrl":"https:\/\/lospoliticosveracruz.com\/wp-content\/uploads\/2025\/12\/Logo-Nuevo-LOS-POLITICOS-1.jpg","width":260,"height":70,"caption":"Los pol\u00edticos Veracruz"},"image":{"@id":"https:\/\/lospoliticosveracruz.com\/#\/schema\/logo\/image\/"},"sameAs":["https:\/\/www.facebook.com\/people\/Notimemes-de-los-Polticos\/61565672886568\/","https:\/\/x.com\/LosPoliticosVer"]},{"@type":"Person","@id":"https:\/\/lospoliticosveracruz.com\/#\/schema\/person\/b8702bb0e538456e6efd07080bf2a4a2","name":"Lo viste en Los Pol\u00edticos","image":{"@type":"ImageObject","inLanguage":"es","@id":"https:\/\/secure.gravatar.com\/avatar\/3a8de04a2656d44082be478bd6c086daa447c4651605818287b9532d3d0bd435?s=96&d=mm&r=g","url":"https:\/\/secure.gravatar.com\/avatar\/3a8de04a2656d44082be478bd6c086daa447c4651605818287b9532d3d0bd435?s=96&d=mm&r=g","contentUrl":"https:\/\/secure.gravatar.com\/avatar\/3a8de04a2656d44082be478bd6c086daa447c4651605818287b9532d3d0bd435?s=96&d=mm&r=g","caption":"Lo viste en Los Pol\u00edticos"},"url":"https:\/\/lospoliticosveracruz.com\/?author=2"}]}},"_links":{"self":[{"href":"https:\/\/lospoliticosveracruz.com\/index.php?rest_route=\/wp\/v2\/posts\/105850","targetHints":{"allow":["GET"]}}],"collection":[{"href":"https:\/\/lospoliticosveracruz.com\/index.php?rest_route=\/wp\/v2\/posts"}],"about":[{"href":"https:\/\/lospoliticosveracruz.com\/index.php?rest_route=\/wp\/v2\/types\/post"}],"author":[{"embeddable":true,"href":"https:\/\/lospoliticosveracruz.com\/index.php?rest_route=\/wp\/v2\/users\/2"}],"replies":[{"embeddable":true,"href":"https:\/\/lospoliticosveracruz.com\/index.php?rest_route=%2Fwp%2Fv2%2Fcomments&post=105850"}],"version-history":[{"count":1,"href":"https:\/\/lospoliticosveracruz.com\/index.php?rest_route=\/wp\/v2\/posts\/105850\/revisions"}],"predecessor-version":[{"id":105851,"href":"https:\/\/lospoliticosveracruz.com\/index.php?rest_route=\/wp\/v2\/posts\/105850\/revisions\/105851"}],"wp:attachment":[{"href":"https:\/\/lospoliticosveracruz.com\/index.php?rest_route=%2Fwp%2Fv2%2Fmedia&parent=105850"}],"wp:term":[{"taxonomy":"category","embeddable":true,"href":"https:\/\/lospoliticosveracruz.com\/index.php?rest_route=%2Fwp%2Fv2%2Fcategories&post=105850"},{"taxonomy":"post_tag","embeddable":true,"href":"https:\/\/lospoliticosveracruz.com\/index.php?rest_route=%2Fwp%2Fv2%2Ftags&post=105850"}],"curies":[{"name":"wp","href":"https:\/\/api.w.org\/{rel}","templated":true}]}}