{"id":105855,"date":"2023-05-10T01:52:00","date_gmt":"2023-05-10T06:52:00","guid":{"rendered":"https:\/\/lospoliticosveracruz.com.mx\/?p=105855"},"modified":"2023-05-09T19:55:36","modified_gmt":"2023-05-10T00:55:36","slug":"madres","status":"publish","type":"post","link":"https:\/\/lospoliticosveracruz.com\/?p=105855","title":{"rendered":"MADRES"},"content":{"rendered":"\n<p><br><strong>Guadalupe H. Mar<br><\/strong><em>Mira Pol\u00edtica<\/em><\/p>\n\n\n\n<p>HASTA ENCONTRARLOS \u2026 Este mi\u00e9rcoles a partir de las 10 horas, donde se encuentra el Tranv\u00eda del Recuerdo en la ciudad de Veracruz, se reunir\u00e1n madres y familiares de desaparecidos convocados por el Colectivo Solecito, para realizar una marcha por sus desaparecidos, la cual culminar\u00e1 en el Faro Venustiano Carranza de este puerto.<\/p>\n\n\n<div class=\"wp-block-image\">\n<figure class=\"alignleft size-full is-resized\"><a href=\"https:\/\/lospoliticosveracruz.com.mx\/wp-content\/uploads\/2023\/02\/Vinissimo.jpg\"><img loading=\"lazy\" decoding=\"async\" src=\"https:\/\/lospoliticosveracruz.com.mx\/wp-content\/uploads\/2023\/02\/Vinissimo.jpg\" alt=\"\" class=\"wp-image-102752\" width=\"175\" height=\"178\"\/><\/a><\/figure>\n<\/div>\n\n\n<p><br>En el D\u00eda de las Madres, las se\u00f1oras de Solecito, demandar\u00e1n por en\u00e9sima ocasi\u00f3n la aparici\u00f3n de sus familiares desaparecidos.<br>\u201cEste 10 de mayo las madres del colectivo Solecito no celebramos nada. Ese d\u00eda es para exigir que el gobierno deje la simulaci\u00f3n y haga la identificaci\u00f3n de tantos restos de seres humanos que tienen en resguardo. Basta de indolencia e irresponsabilidad\u201d, se lee en los promocionales de esta organizaci\u00f3n ciudadana convocando a sumarse a la marcha de este mi\u00e9rcoles.<br>\u201cHijo, escucha, tu madre est\u00e1 en la lucha\u201d, es una de las consignas de las integrantes de este colectivo.<br>La consigna de las madres y familiares de personas desaparecidas se testimonia con el hashtag #HastaEncontrarlos<br><strong>AMOR DE MADRE \u2026<\/strong> Hace unos d\u00edas lleg\u00f3 a la ciudad de Xalapa, la \u201cCaravana de la Sentencia Mariana Lima Buend\u00eda\u201d, encabezada por la se\u00f1ora Irinea Buend\u00eda, quien recorre el pa\u00eds llamando la atenci\u00f3n de la ciudadan\u00eda en torno al caso de su hija, quien fue asesinada el 28 de junio del 2010 por el esposo de esta.<br>La se\u00f1ora realiza esta singular caravana para dar a conocer el emblem\u00e1tico documento que emiti\u00f3 la Suprema Corte de Justicia de la Naci\u00f3n (SCJN) en 2015, por el feminicidio de Mariana Lima en el Estado de M\u00e9xico, ordenando a la Fiscal\u00eda de esa entidad abrir la investigaci\u00f3n, ante su resoluci\u00f3n de no ejercicio de la acci\u00f3n penal, argumentando que no encontraba elementos para proceder en contra del asesino de Mariana Lima Buend\u00eda.<br>El Observatorio Ciudadano Nacional del Feminicidio (OCNF), difunde en su website que Mariana Lima Buend\u00eda fue v\u00edctima de feminicidio por parte de su esposo Julio C\u00e9sar Hern\u00e1ndez Ballinas, comandante de la Polic\u00eda Judicial del municipio de Chimalhuac\u00e1n, Estado de M\u00e9xico, el 28 de junio de 2010.<br><strong>POR SI LO BUSCAN<\/strong> \u2026 El pr\u00f3ximo s\u00e1bado 20 de mayo, el gobernador de todos los veracruzanos, el ingeniero mec\u00e1nico electricista Cuitl\u00e1huac Garc\u00eda Jim\u00e9nez, estar\u00e1 en la ciudad de M\u00e9xico, participando en la concentraci\u00f3n pac\u00edfica que los militantes del Partido Movimiento de Regeneraci\u00f3n Nacional, mejor conocido como Morena, realizar\u00e1n en la Ciudad de M\u00e9xico, en la sede de la Suprema Corte de Justicia de la Naci\u00f3n, para protestar en contra de la invalidez del Plan B de la reforma Electoral del presidente Andr\u00e9s Manuel L\u00f3pez Obrador.<br>La confirmaci\u00f3n de su asistencia a esta protesta, el mandatario estatal la public\u00f3 en su cuenta de Twitter @CuitlahuacGJ: \u201cPor la Defensa de la Soberan\u00eda del Pueblo y Contra la Corrupci\u00f3n que Invade a la SCJN, me sumo a la concentraci\u00f3n pac\u00edfica frente a la sede de la @SCJN este s\u00e1bado 20\/mayo a las 12:00 horas. Convocamos al pueblo de M\u00e9xico a defender la democracia y su soberan\u00eda (art. 39)\u201d.<br><strong>TAMBI\u00c9N AH\u00cd ESTAR\u00c1<\/strong> \u2026 Comentan los salseros veracruzanos que a unos d\u00edas de que se lleve a cabo el ya famoso SalsaFest en el municipio de Boca del R\u00edo, ya se agotaron las localidades \u201cZona Vip Lado Playa\u201d y \u201cZona Vip Lado Casas\u201d, con base en lo que aparece en la p\u00e1gina de internet a trav\u00e9s de la cual se obtienen los boletos.<br>Este magno evento salsero, del cual est\u00e1 muy orgulloso el gobierno del estado de Veracruz, se efectuar\u00e1 en la primera semana de junio.<br><strong>\u00bfY SUS CORCHOLATAS?\u2026<\/strong> Jorge Eduardo Sisniega Fern\u00e1ndez, director Administrativo de los Servicios de Salud de Veracruz (Sesver), famoso por ser el funcionario del gobierno estatal que no se aplica en el tema de la adquisici\u00f3n de medicamentos oncol\u00f3gicos, invierte su tiempo y el dinero de los veracruzanos en sus aspiraciones para ser candidato a diputado por el partido Morena.<br>El funcionario organiza sus giras como la del pasado primero de mayo en su natal Poza Rica y Coatzintla.<br>D\u00edas antes estuvo en Boca del R\u00edo en un evento oficial en el que hizo que lo subieran al pres\u00eddium.<br>La pregunta es si este funcionario de Sesver puede dedicarse a su aspiraci\u00f3n o bien su trabajo es mejor como abanderado de Morena a una diputaci\u00f3n.<br>D\u00cdGALO SIN MIEDO \u2026 Al correo electr\u00f3nico guadalupehmar@yahoo.com<\/p>\n","protected":false},"excerpt":{"rendered":"<p>Guadalupe H. MarMira Pol\u00edtica HASTA ENCONTRARLOS \u2026 Este mi\u00e9rcoles a partir de las 10 horas, donde se encuentra el Tranv\u00eda del Recuerdo en la ciudad de Veracruz, se reunir\u00e1n madres y familiares de desaparecidos convocados por el Colectivo Solecito, para realizar una marcha por sus desaparecidos, la cual culminar\u00e1 en el Faro Venustiano Carranza de [&hellip;]<\/p>\n","protected":false},"author":2,"featured_media":0,"comment_status":"closed","ping_status":"closed","sticky":false,"template":"","format":"standard","meta":{"tdm_status":"","tdm_grid_status":"","footnotes":""},"categories":[70],"tags":[38129,7930,580,8247,1257,1606,23485,1026,998],"class_list":{"0":"post-105855","1":"post","2":"type-post","3":"status-publish","4":"format-standard","6":"category-de-opinion","7":"tag-caravana-de-la-sentencia-mariana-lima-buendia","8":"tag-colectivo-solecito","9":"tag-desaparecidos","10":"tag-dia-de-las-madres","11":"tag-feminicidio","12":"tag-guadalupe-h-mar","13":"tag-jorge-eduardo-sisniega-fernandez","14":"tag-morena","15":"tag-sesver"},"yoast_head":"<!-- This site is optimized with the Yoast SEO plugin v27.4 - https:\/\/yoast.com\/product\/yoast-seo-wordpress\/ -->\n<title>MADRES - Los pol\u00edticos Veracruz<\/title>\n<meta name=\"robots\" content=\"index, follow, max-snippet:-1, max-image-preview:large, max-video-preview:-1\" \/>\n<link rel=\"canonical\" href=\"https:\/\/lospoliticosveracruz.com\/?p=105855\" \/>\n<meta property=\"og:locale\" content=\"es_ES\" \/>\n<meta property=\"og:type\" content=\"article\" \/>\n<meta property=\"og:title\" content=\"MADRES - Los pol\u00edticos Veracruz\" \/>\n<meta property=\"og:description\" content=\"Guadalupe H. MarMira Pol\u00edtica HASTA ENCONTRARLOS \u2026 Este mi\u00e9rcoles a partir de las 10 horas, donde se encuentra el Tranv\u00eda del Recuerdo en la ciudad de Veracruz, se reunir\u00e1n madres y familiares de desaparecidos convocados por el Colectivo Solecito, para realizar una marcha por sus desaparecidos, la cual culminar\u00e1 en el Faro Venustiano Carranza de [&hellip;]\" \/>\n<meta property=\"og:url\" content=\"https:\/\/lospoliticosveracruz.com\/?p=105855\" \/>\n<meta property=\"og:site_name\" content=\"Los pol\u00edticos Veracruz\" \/>\n<meta property=\"article:publisher\" content=\"https:\/\/www.facebook.com\/people\/Notimemes-de-los-Polticos\/61565672886568\/\" \/>\n<meta property=\"article:published_time\" content=\"2023-05-10T06:52:00+00:00\" \/>\n<meta property=\"og:image\" content=\"https:\/\/lospoliticosveracruz.com.mx\/wp-content\/uploads\/2023\/02\/Vinissimo.jpg\" \/>\n<meta name=\"author\" content=\"Lo viste en Los Pol\u00edticos\" \/>\n<meta name=\"twitter:card\" content=\"summary_large_image\" \/>\n<meta name=\"twitter:creator\" content=\"@LosPoliticosVer\" \/>\n<meta name=\"twitter:site\" content=\"@LosPoliticosVer\" \/>\n<meta name=\"twitter:label1\" content=\"Escrito por\" \/>\n\t<meta name=\"twitter:data1\" content=\"Lo viste en Los Pol\u00edticos\" \/>\n\t<meta name=\"twitter:label2\" content=\"Tiempo de lectura\" \/>\n\t<meta name=\"twitter:data2\" content=\"4 minutos\" \/>\n<script type=\"application\/ld+json\" class=\"yoast-schema-graph\">{\"@context\":\"https:\\\/\\\/schema.org\",\"@graph\":[{\"@type\":\"Article\",\"@id\":\"https:\\\/\\\/lospoliticosveracruz.com\\\/?p=105855#article\",\"isPartOf\":{\"@id\":\"https:\\\/\\\/lospoliticosveracruz.com\\\/?p=105855\"},\"author\":{\"name\":\"Lo viste en Los Pol\u00edticos\",\"@id\":\"https:\\\/\\\/lospoliticosveracruz.com\\\/#\\\/schema\\\/person\\\/b8702bb0e538456e6efd07080bf2a4a2\"},\"headline\":\"MADRES\",\"datePublished\":\"2023-05-10T06:52:00+00:00\",\"mainEntityOfPage\":{\"@id\":\"https:\\\/\\\/lospoliticosveracruz.com\\\/?p=105855\"},\"wordCount\":787,\"publisher\":{\"@id\":\"https:\\\/\\\/lospoliticosveracruz.com\\\/#organization\"},\"image\":{\"@id\":\"https:\\\/\\\/lospoliticosveracruz.com\\\/?p=105855#primaryimage\"},\"thumbnailUrl\":\"https:\\\/\\\/lospoliticosveracruz.com.mx\\\/wp-content\\\/uploads\\\/2023\\\/02\\\/Vinissimo.jpg\",\"keywords\":[\"Caravana de la Sentencia Mariana Lima Buend\u00eda\",\"Colectivo Solecito\",\"desaparecidos\",\"D\u00eda de las Madres\",\"feminicidio\",\"Guadalupe H. Mar\",\"Jorge Eduardo Sisniega Fern\u00e1ndez\",\"Morena\",\"Sesver\"],\"articleSection\":[\"De Opini\u00f3n\"],\"inLanguage\":\"es\"},{\"@type\":\"WebPage\",\"@id\":\"https:\\\/\\\/lospoliticosveracruz.com\\\/?p=105855\",\"url\":\"https:\\\/\\\/lospoliticosveracruz.com\\\/?p=105855\",\"name\":\"MADRES - Los pol\u00edticos Veracruz\",\"isPartOf\":{\"@id\":\"https:\\\/\\\/lospoliticosveracruz.com\\\/#website\"},\"primaryImageOfPage\":{\"@id\":\"https:\\\/\\\/lospoliticosveracruz.com\\\/?p=105855#primaryimage\"},\"image\":{\"@id\":\"https:\\\/\\\/lospoliticosveracruz.com\\\/?p=105855#primaryimage\"},\"thumbnailUrl\":\"https:\\\/\\\/lospoliticosveracruz.com.mx\\\/wp-content\\\/uploads\\\/2023\\\/02\\\/Vinissimo.jpg\",\"datePublished\":\"2023-05-10T06:52:00+00:00\",\"breadcrumb\":{\"@id\":\"https:\\\/\\\/lospoliticosveracruz.com\\\/?p=105855#breadcrumb\"},\"inLanguage\":\"es\",\"potentialAction\":[{\"@type\":\"ReadAction\",\"target\":[\"https:\\\/\\\/lospoliticosveracruz.com\\\/?p=105855\"]}]},{\"@type\":\"ImageObject\",\"inLanguage\":\"es\",\"@id\":\"https:\\\/\\\/lospoliticosveracruz.com\\\/?p=105855#primaryimage\",\"url\":\"https:\\\/\\\/lospoliticosveracruz.com.mx\\\/wp-content\\\/uploads\\\/2023\\\/02\\\/Vinissimo.jpg\",\"contentUrl\":\"https:\\\/\\\/lospoliticosveracruz.com.mx\\\/wp-content\\\/uploads\\\/2023\\\/02\\\/Vinissimo.jpg\"},{\"@type\":\"BreadcrumbList\",\"@id\":\"https:\\\/\\\/lospoliticosveracruz.com\\\/?p=105855#breadcrumb\",\"itemListElement\":[{\"@type\":\"ListItem\",\"position\":1,\"name\":\"Portada\",\"item\":\"https:\\\/\\\/lospoliticosveracruz.com\\\/\"},{\"@type\":\"ListItem\",\"position\":2,\"name\":\"MADRES\"}]},{\"@type\":\"WebSite\",\"@id\":\"https:\\\/\\\/lospoliticosveracruz.com\\\/#website\",\"url\":\"https:\\\/\\\/lospoliticosveracruz.com\\\/\",\"name\":\"Los pol\u00edticos Veracruz\",\"description\":\"\",\"publisher\":{\"@id\":\"https:\\\/\\\/lospoliticosveracruz.com\\\/#organization\"},\"potentialAction\":[{\"@type\":\"SearchAction\",\"target\":{\"@type\":\"EntryPoint\",\"urlTemplate\":\"https:\\\/\\\/lospoliticosveracruz.com\\\/?s={search_term_string}\"},\"query-input\":{\"@type\":\"PropertyValueSpecification\",\"valueRequired\":true,\"valueName\":\"search_term_string\"}}],\"inLanguage\":\"es\"},{\"@type\":\"Organization\",\"@id\":\"https:\\\/\\\/lospoliticosveracruz.com\\\/#organization\",\"name\":\"Los pol\u00edticos Veracruz\",\"url\":\"https:\\\/\\\/lospoliticosveracruz.com\\\/\",\"logo\":{\"@type\":\"ImageObject\",\"inLanguage\":\"es\",\"@id\":\"https:\\\/\\\/lospoliticosveracruz.com\\\/#\\\/schema\\\/logo\\\/image\\\/\",\"url\":\"https:\\\/\\\/lospoliticosveracruz.com\\\/wp-content\\\/uploads\\\/2025\\\/12\\\/Logo-Nuevo-LOS-POLITICOS-1.jpg\",\"contentUrl\":\"https:\\\/\\\/lospoliticosveracruz.com\\\/wp-content\\\/uploads\\\/2025\\\/12\\\/Logo-Nuevo-LOS-POLITICOS-1.jpg\",\"width\":260,\"height\":70,\"caption\":\"Los pol\u00edticos Veracruz\"},\"image\":{\"@id\":\"https:\\\/\\\/lospoliticosveracruz.com\\\/#\\\/schema\\\/logo\\\/image\\\/\"},\"sameAs\":[\"https:\\\/\\\/www.facebook.com\\\/people\\\/Notimemes-de-los-Polticos\\\/61565672886568\\\/\",\"https:\\\/\\\/x.com\\\/LosPoliticosVer\"]},{\"@type\":\"Person\",\"@id\":\"https:\\\/\\\/lospoliticosveracruz.com\\\/#\\\/schema\\\/person\\\/b8702bb0e538456e6efd07080bf2a4a2\",\"name\":\"Lo viste en Los Pol\u00edticos\",\"image\":{\"@type\":\"ImageObject\",\"inLanguage\":\"es\",\"@id\":\"https:\\\/\\\/secure.gravatar.com\\\/avatar\\\/3a8de04a2656d44082be478bd6c086daa447c4651605818287b9532d3d0bd435?s=96&d=mm&r=g\",\"url\":\"https:\\\/\\\/secure.gravatar.com\\\/avatar\\\/3a8de04a2656d44082be478bd6c086daa447c4651605818287b9532d3d0bd435?s=96&d=mm&r=g\",\"contentUrl\":\"https:\\\/\\\/secure.gravatar.com\\\/avatar\\\/3a8de04a2656d44082be478bd6c086daa447c4651605818287b9532d3d0bd435?s=96&d=mm&r=g\",\"caption\":\"Lo viste en Los Pol\u00edticos\"},\"url\":\"https:\\\/\\\/lospoliticosveracruz.com\\\/?author=2\"}]}<\/script>\n<!-- \/ Yoast SEO plugin. -->","yoast_head_json":{"title":"MADRES - Los pol\u00edticos Veracruz","robots":{"index":"index","follow":"follow","max-snippet":"max-snippet:-1","max-image-preview":"max-image-preview:large","max-video-preview":"max-video-preview:-1"},"canonical":"https:\/\/lospoliticosveracruz.com\/?p=105855","og_locale":"es_ES","og_type":"article","og_title":"MADRES - Los pol\u00edticos Veracruz","og_description":"Guadalupe H. MarMira Pol\u00edtica HASTA ENCONTRARLOS \u2026 Este mi\u00e9rcoles a partir de las 10 horas, donde se encuentra el Tranv\u00eda del Recuerdo en la ciudad de Veracruz, se reunir\u00e1n madres y familiares de desaparecidos convocados por el Colectivo Solecito, para realizar una marcha por sus desaparecidos, la cual culminar\u00e1 en el Faro Venustiano Carranza de [&hellip;]","og_url":"https:\/\/lospoliticosveracruz.com\/?p=105855","og_site_name":"Los pol\u00edticos Veracruz","article_publisher":"https:\/\/www.facebook.com\/people\/Notimemes-de-los-Polticos\/61565672886568\/","article_published_time":"2023-05-10T06:52:00+00:00","og_image":[{"url":"https:\/\/lospoliticosveracruz.com.mx\/wp-content\/uploads\/2023\/02\/Vinissimo.jpg","type":"","width":"","height":""}],"author":"Lo viste en Los Pol\u00edticos","twitter_card":"summary_large_image","twitter_creator":"@LosPoliticosVer","twitter_site":"@LosPoliticosVer","twitter_misc":{"Escrito por":"Lo viste en Los Pol\u00edticos","Tiempo de lectura":"4 minutos"},"schema":{"@context":"https:\/\/schema.org","@graph":[{"@type":"Article","@id":"https:\/\/lospoliticosveracruz.com\/?p=105855#article","isPartOf":{"@id":"https:\/\/lospoliticosveracruz.com\/?p=105855"},"author":{"name":"Lo viste en Los Pol\u00edticos","@id":"https:\/\/lospoliticosveracruz.com\/#\/schema\/person\/b8702bb0e538456e6efd07080bf2a4a2"},"headline":"MADRES","datePublished":"2023-05-10T06:52:00+00:00","mainEntityOfPage":{"@id":"https:\/\/lospoliticosveracruz.com\/?p=105855"},"wordCount":787,"publisher":{"@id":"https:\/\/lospoliticosveracruz.com\/#organization"},"image":{"@id":"https:\/\/lospoliticosveracruz.com\/?p=105855#primaryimage"},"thumbnailUrl":"https:\/\/lospoliticosveracruz.com.mx\/wp-content\/uploads\/2023\/02\/Vinissimo.jpg","keywords":["Caravana de la Sentencia Mariana Lima Buend\u00eda","Colectivo Solecito","desaparecidos","D\u00eda de las Madres","feminicidio","Guadalupe H. Mar","Jorge Eduardo Sisniega Fern\u00e1ndez","Morena","Sesver"],"articleSection":["De Opini\u00f3n"],"inLanguage":"es"},{"@type":"WebPage","@id":"https:\/\/lospoliticosveracruz.com\/?p=105855","url":"https:\/\/lospoliticosveracruz.com\/?p=105855","name":"MADRES - Los pol\u00edticos Veracruz","isPartOf":{"@id":"https:\/\/lospoliticosveracruz.com\/#website"},"primaryImageOfPage":{"@id":"https:\/\/lospoliticosveracruz.com\/?p=105855#primaryimage"},"image":{"@id":"https:\/\/lospoliticosveracruz.com\/?p=105855#primaryimage"},"thumbnailUrl":"https:\/\/lospoliticosveracruz.com.mx\/wp-content\/uploads\/2023\/02\/Vinissimo.jpg","datePublished":"2023-05-10T06:52:00+00:00","breadcrumb":{"@id":"https:\/\/lospoliticosveracruz.com\/?p=105855#breadcrumb"},"inLanguage":"es","potentialAction":[{"@type":"ReadAction","target":["https:\/\/lospoliticosveracruz.com\/?p=105855"]}]},{"@type":"ImageObject","inLanguage":"es","@id":"https:\/\/lospoliticosveracruz.com\/?p=105855#primaryimage","url":"https:\/\/lospoliticosveracruz.com.mx\/wp-content\/uploads\/2023\/02\/Vinissimo.jpg","contentUrl":"https:\/\/lospoliticosveracruz.com.mx\/wp-content\/uploads\/2023\/02\/Vinissimo.jpg"},{"@type":"BreadcrumbList","@id":"https:\/\/lospoliticosveracruz.com\/?p=105855#breadcrumb","itemListElement":[{"@type":"ListItem","position":1,"name":"Portada","item":"https:\/\/lospoliticosveracruz.com\/"},{"@type":"ListItem","position":2,"name":"MADRES"}]},{"@type":"WebSite","@id":"https:\/\/lospoliticosveracruz.com\/#website","url":"https:\/\/lospoliticosveracruz.com\/","name":"Los pol\u00edticos Veracruz","description":"","publisher":{"@id":"https:\/\/lospoliticosveracruz.com\/#organization"},"potentialAction":[{"@type":"SearchAction","target":{"@type":"EntryPoint","urlTemplate":"https:\/\/lospoliticosveracruz.com\/?s={search_term_string}"},"query-input":{"@type":"PropertyValueSpecification","valueRequired":true,"valueName":"search_term_string"}}],"inLanguage":"es"},{"@type":"Organization","@id":"https:\/\/lospoliticosveracruz.com\/#organization","name":"Los pol\u00edticos Veracruz","url":"https:\/\/lospoliticosveracruz.com\/","logo":{"@type":"ImageObject","inLanguage":"es","@id":"https:\/\/lospoliticosveracruz.com\/#\/schema\/logo\/image\/","url":"https:\/\/lospoliticosveracruz.com\/wp-content\/uploads\/2025\/12\/Logo-Nuevo-LOS-POLITICOS-1.jpg","contentUrl":"https:\/\/lospoliticosveracruz.com\/wp-content\/uploads\/2025\/12\/Logo-Nuevo-LOS-POLITICOS-1.jpg","width":260,"height":70,"caption":"Los pol\u00edticos Veracruz"},"image":{"@id":"https:\/\/lospoliticosveracruz.com\/#\/schema\/logo\/image\/"},"sameAs":["https:\/\/www.facebook.com\/people\/Notimemes-de-los-Polticos\/61565672886568\/","https:\/\/x.com\/LosPoliticosVer"]},{"@type":"Person","@id":"https:\/\/lospoliticosveracruz.com\/#\/schema\/person\/b8702bb0e538456e6efd07080bf2a4a2","name":"Lo viste en Los Pol\u00edticos","image":{"@type":"ImageObject","inLanguage":"es","@id":"https:\/\/secure.gravatar.com\/avatar\/3a8de04a2656d44082be478bd6c086daa447c4651605818287b9532d3d0bd435?s=96&d=mm&r=g","url":"https:\/\/secure.gravatar.com\/avatar\/3a8de04a2656d44082be478bd6c086daa447c4651605818287b9532d3d0bd435?s=96&d=mm&r=g","contentUrl":"https:\/\/secure.gravatar.com\/avatar\/3a8de04a2656d44082be478bd6c086daa447c4651605818287b9532d3d0bd435?s=96&d=mm&r=g","caption":"Lo viste en Los Pol\u00edticos"},"url":"https:\/\/lospoliticosveracruz.com\/?author=2"}]}},"_links":{"self":[{"href":"https:\/\/lospoliticosveracruz.com\/index.php?rest_route=\/wp\/v2\/posts\/105855","targetHints":{"allow":["GET"]}}],"collection":[{"href":"https:\/\/lospoliticosveracruz.com\/index.php?rest_route=\/wp\/v2\/posts"}],"about":[{"href":"https:\/\/lospoliticosveracruz.com\/index.php?rest_route=\/wp\/v2\/types\/post"}],"author":[{"embeddable":true,"href":"https:\/\/lospoliticosveracruz.com\/index.php?rest_route=\/wp\/v2\/users\/2"}],"replies":[{"embeddable":true,"href":"https:\/\/lospoliticosveracruz.com\/index.php?rest_route=%2Fwp%2Fv2%2Fcomments&post=105855"}],"version-history":[{"count":1,"href":"https:\/\/lospoliticosveracruz.com\/index.php?rest_route=\/wp\/v2\/posts\/105855\/revisions"}],"predecessor-version":[{"id":105856,"href":"https:\/\/lospoliticosveracruz.com\/index.php?rest_route=\/wp\/v2\/posts\/105855\/revisions\/105856"}],"wp:attachment":[{"href":"https:\/\/lospoliticosveracruz.com\/index.php?rest_route=%2Fwp%2Fv2%2Fmedia&parent=105855"}],"wp:term":[{"taxonomy":"category","embeddable":true,"href":"https:\/\/lospoliticosveracruz.com\/index.php?rest_route=%2Fwp%2Fv2%2Fcategories&post=105855"},{"taxonomy":"post_tag","embeddable":true,"href":"https:\/\/lospoliticosveracruz.com\/index.php?rest_route=%2Fwp%2Fv2%2Ftags&post=105855"}],"curies":[{"name":"wp","href":"https:\/\/api.w.org\/{rel}","templated":true}]}}